{"id":1671,"date":"2020-03-19T10:04:37","date_gmt":"2020-03-19T10:04:37","guid":{"rendered":"https:\/\/bizalmikor.hu\/blog\/?p=1671"},"modified":"2020-03-19T10:15:40","modified_gmt":"2020-03-19T10:15:40","slug":"a-turizmus-es-vendeglatas-agazataban-most-csak-a-mabol-indulhatunk-ki","status":"publish","type":"post","link":"https:\/\/bizalmikor.hu\/blog\/2020\/03\/19\/a-turizmus-es-vendeglatas-agazataban-most-csak-a-mabol-indulhatunk-ki\/","title":{"rendered":"A turizmus \u00e9s vend\u00e9gl\u00e1t\u00e1s \u00e1gazat\u00e1ban most csak a m\u00e1b\u00f3l indulhatunk ki."},"content":{"rendered":"\n<p><strong>A borzalmasan neh\u00e9z helyzet, amikor nem tudjuk mire sz\u00e1m\u00edthatunk, \u00e9s csak a m\u00e1b\u00f3l indulhatunk ki a d\u00f6nt\u00e9seinkn\u00e9l. A k\u00f6lcs\u00f6n\u00f6ss\u00e9g, a k\u00f6vetkezetess\u00e9g \u00e9s a k\u00f6zvetlens\u00e9g elv\u00e9re \u00e9p\u00edtve, valamint a munkav\u00e1llal\u00f3kat partnerk\u00e9nt tekintve rem\u00e9lhet\u0151leg sikerrel lehet \u00e1tv\u00e9szelni a koronav\u00edrus okozta neh\u00e9zs\u00e9geket. A legfontosabb, hogy a hit\u00fcnket ne vesz\u00edts\u00fck el.<\/strong><\/p>\n\n\n\n<ul><li>Mi t\u00f6rt\u00e9nik most a turizmusban?<\/li><li> Mik az elker\u00fclhetetlen int\u00e9zked\u00e9sek?<\/li><li> Mi az, ami visszavonhatatlanul megv\u00e1ltozik?<\/li><li> Mikorra \u00e1ll helyre az ipar\u00e1g?<\/li><\/ul>\n\n\n\n<p>Semsei Rudolfot, a <a href=\"https:\/\/vakvarju.com\/\">Vakvarj\u00fa<\/a> \u00c9tteremcsal\u00e1d tulajdonos\u00e1t k\u00e9rdezt\u00fck a tapasztalatair\u00f3l \u00e9s megl\u00e1t\u00e1sair\u00f3l.<\/p>\n\n\n\n<p><strong>G.P: A mai napon az aktu\u00e1lis korm\u00e1nyrendeletnek megfelel\u0151en bez\u00e1rtak az \u00fczletek 15 \u00f3rakor. Hogy \u00e9led meg a helyzetet?<\/strong><\/p>\n\n\n\n<p><strong>Semsei Rudolf: <\/strong>A 2008-as gazdas\u00e1gi v\u00e1ls\u00e1ghoz k\u00e9pest ez most egy teljesen m\u00e1s dolog. Meteorit becsap\u00f3d\u00e1shoz tudn\u00e1m hasonl\u00edtani, amihez a turizmus \u00e9s vend\u00e9gl\u00e1t\u00e1s \u00e1gazata \u00e1llt a legk\u00f6zelebb, \u00e9s \u00e9rtelemszer\u0171en mi \u00e9rezz\u00fck a hat\u00e1sait legel\u0151sz\u00f6r.<\/p>\n\n\n\n<p><strong>G.P: Hogyan \u00e9p\u00fcl fel n\u00e1latok a c\u00e9gcsoport? Mes\u00e9lsz kicsit az \u00e9rintetts\u00e9geidr\u0151l?<\/strong><\/p>\n\n\n\n<p><strong>S.R:<\/strong> Mi rendezv\u00e9ny\u00fczemeltet\u00e9ssel foglalkozunk, ez az egyik l\u00e1bunk a Budapest Party Service Kft. Emellett pedig 11 vend\u00e9gl\u00e1t\u00f3ipari egys\u00e9get \u00fczemeltet\u00fcnk Budapesten. A tavalyi \u00e1rbev\u00e9tel\u00fcnk megk\u00f6zel\u00edtette a 6 milli\u00e1rd Forintot, \u00e9s 400-420 alkalmazottunk volt m\u00e9g itt az \u201eArmageddon\u201d el\u0151tt.<\/p>\n\n\n\n<p><strong>G.P: Hogy lehet egy ilyen szitu\u00e1ci\u00f3ban vezet\u0151k\u00e9nt \u00e9p \u00e9sszel d\u00f6nt\u00e9seket hozni?<\/strong><\/p>\n\n\n\n<p><strong>S.R: <\/strong>A janu\u00e1r v\u00e9gi rendezv\u00e9nytagozati gy\u0171l\u00e9s ut\u00e1n \u00fagy \u00e1lltunk fel, hogy szenz\u00e1ci\u00f3s \u00e9v el\u0151tt \u00e1llunk. Vuhanban ugye janu\u00e1r v\u00e9g\u00e9n t\u00f6rt\u00e9nt meg a lez\u00e1r\u00e1s, akkor pedig lehetett \u00e9rezni, hogy ez tal\u00e1n nem lesz annyira k\u00f6nny\u0171.<\/p>\n\n\n\n<p>Febru\u00e1r v\u00e9g\u00e9n, m\u00e1rcius elej\u00e9n 10 nap leforg\u00e1sa alatt k\u00f6zel 300 milli\u00f3 forint \u00e9rt\u00e9k\u0171 rendezv\u00e9nyt mondtak le n\u00e1lunk. Akadt egy-k\u00e9t partner, aki m\u00e9g pr\u00f3b\u00e1lkozott, de mire elj\u00f6tt m\u00falt heti 100 f\u0151 feletti rendezv\u00e9nyek tilt\u00e1s\u00e1ra vonatkoz\u00f3 bejelent\u00e9s, addigra gyakorlatilag mindent visszamondtak. Sz\u00f3val a rendezv\u00e9nypiacon egyik pillanatr\u00f3l a m\u00e1sikra lenull\u00e1z\u00f3dtunk.<\/p>\n\n\n\n<p>Ugyan\u00edgy j\u00e1rt a sz\u00e1llodaipar, \u00e9s szint\u00e9n ezt l\u00e1ttuk az \u00e9ttermekn\u00e9l. Els\u0151 k\u00f6rben a k\u00fclf\u00f6ldi vend\u00e9gekb\u0151l elmarad\u00e1sa miatt keletkezett egy k\u00f6zel 20%-os bev\u00e9tel kies\u00e9s. A mi \u00e9ttermeinkbe p\u00e9ld\u00e1ul sokan j\u00e1rnak \u00c1zsi\u00e1b\u00f3l, k\u00fcl\u00f6n\u00f6sen Kore\u00e1b\u00f3l, az \u0151 kimarad\u00e1suk is okozott m\u00e1r egy komolyabb vesztes\u00e9get.<\/p>\n\n\n\n<p>A m\u00falt h\u00e9t k\u00f6zep\u00e9n, nagyj\u00e1b\u00f3l kedd-szerda magass\u00e1g\u00e1ban azt\u00e1n a magyar vend\u00e9gek is lemondt\u00e1k a foglal\u00e1sokat. Csak a budai \u00fczlet\u00fcnkbe 200 lemond\u00e1s \u00e9rkezett be. Egysz\u00f3val ott \u00e1lltunk egy elk\u00e9peszt\u0151 szitu\u00e1ci\u00f3ban,&nbsp; hogy egyszer csak megsz\u0171nt a forgalmunk.<\/p>\n\n\n\n<p><strong>G.P:<\/strong> <strong>Mik voltak ez els\u0151 int\u00e9zked\u00e9sek, amiket bevezettetek? Milyen szempontjaid voltak a d\u00f6nt\u00e9sek meghozatal\u00e1ban?<\/strong><\/p>\n\n\n\n<p><strong>S.R:<\/strong> Ez a helyzet tele van nagy k\u00e9rd\u00e9sekkel, a legnagyobb probl\u00e9m\u00e1t pedig a bizonytalans\u00e1g okozza. Elt\u00e9r\u0151 v\u00e9lem\u00e9nyeket olvashatunk a koronav\u00edrus lefoly\u00e1s\u00e1r\u00f3l, gyakorlatilag a legmagasabb szinten sem tudj\u00e1k, hogy ez meddig fog eltartani. Teh\u00e1t az a legborzalmasabb, hogy nem tudod, mire k\u00e9sz\u00fclhetsz. \u00cdgy elk\u00e9peszt\u0151en neh\u00e9z strat\u00e9gi\u00e1t alkotni.<\/p>\n\n\n\n<p>A legels\u0151 teend\u0151k k\u00f6z\u00f6tt egyszer\u0171en mindent \u00fajra \u00e9rtelmezt\u00fcnk. Vagyis azt mondtuk, hogy a szok\u00e1sokat megpr\u00f3b\u00e1ljuk \u00fajra \u00e9p\u00edteni. Nem a j\u00f6v\u0151beni profit\u00e9rt dolgozunk most, hanem a vesztes\u00e9gek minimaliz\u00e1l\u00e1s\u00e1\u00e9rt. Csak a m\u00e1b\u00f3l indulhatok ki. Azt kell n\u00e9znem, hogy mekkora \u00e1llom\u00e1nyom van ma? H\u00e1ny foglal\u00e1som van a mai napra?<\/p>\n\n\n\n<p><strong>G.P: Mire sz\u00e1m\u00edtasz akkor, amikor v\u00e9gre t\u00fallehet\u00fcnk a koronav\u00edrus j\u00e1rv\u00e1nyon?<\/strong><\/p>\n\n\n\n<p><strong>S.R:<\/strong> Ny\u00e1r v\u00e9g\u00e9re rendez\u0151dhet a helyzet az \u00e9ttermek eset\u00e9ben. Ugyanakkor az emberek egy jelent\u0151s r\u00e9sz\u00e9nek nem felt\u00e9tlen\u00fcl lesz szabadon elk\u00f6lthet\u0151 p\u00e9nze \u00e9tterembe j\u00e1rni, \u00e9s prognosztiz\u00e1lhat\u00f3 egy gy\u00e1szos hangulat.<\/p>\n\n\n\n<p>Az v\u00e1rhat\u00f3 ink\u00e1bb, hogy a biztons\u00e1gra j\u00e1tszanak majd az emberek. Ennek megfelel\u0151en azt v\u00e1rom, hogy a rendezv\u00e9nyek ter\u00fclete k\u00e9s\u0151bb fog elindulni. Szeptember, okt\u00f3ber k\u00f6rny\u00e9k\u00e9n a tavalyi forgalom 50-60%-\u00e1t el\u00e9rhetj\u00fck pozit\u00edv esetben.<\/p>\n\n\n\n<p>Persze j\u00f3l hangzik annak a gondolata, hogy a bez\u00e1rts\u00e1g ut\u00e1n az emberek majd szabads\u00e1gra \u00e9s sz\u00f3rakoz\u00e1sra v\u00e1gyna. A logika megvan benne, de ebb\u0151l nem szabad kiindulni. Kiz\u00e1r\u00f3lag a m\u00e1b\u00f3l indulhatok ki, ennek megfelel\u0151en kell l\u00e9pnem, \u00e9s \u00edgy d\u00f6nt\u00f6m el, mit teszek a c\u00e9gben.<\/p>\n\n\n\n<figure class=\"wp-block-image is-resized\"><img loading=\"lazy\" decoding=\"async\" src=\"https:\/\/bizalmikor.hu\/blog\/wp-content\/uploads\/2020\/03\/img1.jpg\" alt=\"\" class=\"wp-image-1685\" width=\"1028\" height=\"684\" srcset=\"https:\/\/bizalmikor.hu\/blog\/wp-content\/uploads\/2020\/03\/img1.jpg 850w, https:\/\/bizalmikor.hu\/blog\/wp-content\/uploads\/2020\/03\/img1-300x200.jpg 300w, https:\/\/bizalmikor.hu\/blog\/wp-content\/uploads\/2020\/03\/img1-768x511.jpg 768w\" sizes=\"(max-width: 1028px) 100vw, 1028px\" \/><figcaption> &#8220;A legels\u0151 teend\u0151k k\u00f6z\u00f6tt egyszer\u0171en mindent \u00fajra \u00e9rtelmezt\u00fcnk. Vagyis azt mondtuk, hogy a szok\u00e1sokat megpr\u00f3b\u00e1ljuk \u00fajra \u00e9p\u00edteni.&#8221; <\/figcaption><\/figure>\n\n\n\n<p><strong>G.P: Konkr\u00e9t dolgokat tudsz eml\u00edteni, amelyek bevezet\u00e9sre ker\u00fcltek n\u00e1latok?<\/strong><\/p>\n\n\n\n<p><strong>S.R: <\/strong>H\u00e1rom alapvet\u0151 pill\u00e9rt hat\u00e1roztunk meg, amelyre a most meghozott d\u00f6nt\u00e9seinket alapozzuk. Az els\u0151 a k\u00f6lcs\u00f6n\u00f6ss\u00e9g. K\u00f6z\u00f6s tehervisel\u00e9s van sz\u00fcks\u00e9g ugyanis a munkav\u00e1llal\u00f3kkal annak \u00e9rdek\u00e9ben, hogy \u0151ket meg tudjam tartani, illetve munk\u00e1t tudjak biztos\u00edtani a j\u00f6v\u0151ben.<\/p>\n\n\n\n<p>Sz\u00fcks\u00e9g van teh\u00e1t a k\u00f6lcs\u00f6n\u00f6ss\u00e9gre, de egy 30%-os le\u00e9p\u00edt\u00e9s elker\u00fclhetetlennek t\u0171nik. Ez egy borzalmasan nagy erk\u00f6lcsi dilemma. Ugyanakkor ez kell ahhoz, hogy a dolgoz\u00f3ink k\u00e9s\u0151bb vissza tudjanak j\u00f6nni, csakis \u00edgy maradhat \u00e9letben a c\u00e9g.<\/p>\n\n\n\n<p>A m\u00e1sik pill\u00e9r\u00fcnk a k\u00f6vetkezetess\u00e9g. Ahogy hangs\u00falyoztam, a m\u00e1b\u00f3l kell kiindulnunk. Amit ma l\u00e1tunk, tapasztalunk, az alapj\u00e1n kell d\u00f6nten\u00fcnk, \u00e9s nincs m\u00e1s. Ez borzalmas neh\u00e9z, de most nem lehet a j\u00f6v\u0151re alapozni.<\/p>\n\n\n\n<p>Emellett pedig a k\u00f6zvetlens\u00e9gre van sz\u00fcks\u00e9g. Besz\u00e9ln\u00fcnk kell min\u00e9l t\u00f6bb emberrel, n\u00e9zz\u00fck meg hogy tudunk seg\u00edteni. Fontos, hogy pr\u00f3b\u00e1ljuk seg\u00edteni az embereket, \u00e9s kezelj\u00fck \u0151ket emberk\u00e9nt.<\/p>\n\n\n\n<p><strong>G.P: Kerestek-e olyan alternat\u00edv megold\u00e1sokat, mint p\u00e9ld\u00e1ul az \u00e9telkisz\u00e1ll\u00edt\u00e1s?<\/strong><\/p>\n\n\n\n<p><strong>S.R:<\/strong> Az, hogy a m\u00e1b\u00f3l indulok ki, nem jelenti azt, hogy nem akarok k\u00fczdeni. Folyamatosan dolgozunk a megold\u00e1son. Ugyanakkor az \u00e1gazatot tekintve k\u00f6zel 400 ezer ember meg\u00e9lhet\u00e9s\u00e9r\u0151l van sz\u00f3, teh\u00e1t sz\u00fcks\u00e9g lesz \u00e1llami seg\u00edts\u00e9gre. Minden apr\u00f3 dolognak \u00f6r\u00fcl\u00fcnk, \u00e9s m\u00e1r az is sokat jelenthet, ha cs\u00f6kkentik vagy elengedik a vend\u00e9gl\u00e1t\u00e1sban \u00e9s turizmusban \u00e9rintettek j\u00e1rul\u00e9kait.<\/p>\n\n\n\n<p>Nem feledkez\u00fcnk meg a dolgoz\u00f3inkr\u00f3l, \u00e9s igyeksz\u00fcnk olyan megold\u00e1st tal\u00e1lni, hogy a megtartott munkat\u00e1rsaknak a fizet\u00e9s\u00fck 30-40%-\u00e1nak megfelel\u0151 megtart\u00e1si d\u00edjat biztos\u00edtani tudjuk.<\/p>\n\n\n\n<p>Keress\u00fck az \u00faj lehet\u0151s\u00e9geket, a h\u00e1zhozsz\u00e1ll\u00edt\u00e1s pedig addig j\u00e1rhat\u00f3 \u00fat lehet, am\u00edg nem lesz kij\u00e1r\u00e1si tilalom. Ezt meg kell pr\u00f3b\u00e1lnunk, mert \u00edgy cs\u00f6kkenteni lehet a vesztes\u00e9geket. Persze a kisz\u00e1ll\u00edt\u00e1ssal kapcsolatban meg kell keresni annak a m\u00f3dj\u00e1t, hogy ne vesz\u00e9lyeztess\u00fck a t\u00f6bbi embert, ne mi fert\u0151zz\u00fcnk.<\/p>\n\n\n\n<p><strong>K\u00fczdeni, k\u00fczdeni \u00e9s k\u00fczdeni kell.<\/strong> A dolgoz\u00f3kban is ott van az egy\u00fcttm\u0171k\u00f6d\u00e9s, csak c\u00e9gvezet\u0151k\u00e9nt \u0151szint\u00e9n kell vel\u00fck kommunik\u00e1lni.<\/p>\n\n\n\n<p>Egyszer\u0171en mindent \u00fajra kell \u00e9rtelmezn\u00fcnk, teh\u00e1t most \u00e9ppen rendbe rakjuk a port\u00e1nkat. Foglalkoztassuk a dolgoz\u00f3kat, tal\u00e1ljunk feladatot nekik, mert k\u00e9s\u0151bb \u00edgy er\u0151sebben t\u00e9rhet\u00fcnk vissza. A hit\u00fcnket pedig ne vesz\u00edts\u00fck el, ez fontos.<\/p>\n\n\n\n<p><strong>G.P: Szem\u00e9ly szerint Te mit teszel, hogy ne vesz\u00edtsd el a hited?<\/strong><\/p>\n\n\n\n<p><strong>S.R:<\/strong> \u0150szint\u00e9n mondom, hogy nem tudom a pontos v\u00e1laszt. Egyszer\u0171en ott van v\u00e9gig el\u0151tted a c\u00e9l, a feladat, amit meg kell l\u00e9pned. K\u00f6zben fontos embernek maradni, mert emberi sorsokr\u00f3l besz\u00e9l\u00fcnk.<\/p>\n\n\n\n<p>Nem szabad sz\u00e1molni, tervezni. Az\u00e9rt tessz\u00fck a dolgunkat most, hogy a c\u00e9g \u00e9letben maradjon. Amit \u00e9rezni akarok, vel\u00fck egy\u00fctt megint \u00e9rt\u00e9ket tudok teremteni. \u00c9rt\u00fck kell tennem a dolgom, ez mozgat most, ez foglalkoztat.<\/p>\n\n\n\n<hr class=\"wp-block-separator\"\/>\n\n\n\n<h1 class=\"has-text-align-center wp-block-heading\">Szeretn\u00e9l megismerkedni klubtagjainkkal? K\u00e9rj egy megh\u00edv\u00f3t!<\/h1>\n\n\n\n<div class=\"wp-block-button aligncenter\"><a class=\"wp-block-button__link has-background\" href=\"https:\/\/bizalmikor.hu\/kapcsolat\/\" style=\"background-color:#14496b\" target=\"_blank\" rel=\"noreferrer noopener\"><strong>\u00c9rdekel a Bizalmi K\u00f6r klubtags\u00e1g<\/strong><\/a><\/div>\n\n\n\n<hr class=\"wp-block-separator\"\/>\n\n\n\n<p><\/p>\n","protected":false},"excerpt":{"rendered":"<p>A borzalmasan neh\u00e9z helyzet, amikor nem tudjuk mire sz\u00e1m\u00edthatunk, \u00e9s csak a m\u00e1b\u00f3l indulhatunk ki a d\u00f6nt\u00e9seinkn\u00e9l. A k\u00f6lcs\u00f6n\u00f6ss\u00e9g, a k\u00f6vetkezetess\u00e9g \u00e9s a k\u00f6zvetlens\u00e9g elv\u00e9re \u00e9p\u00edtve, valamint a munkav\u00e1llal\u00f3kat partnerk\u00e9nt tekintve rem\u00e9lhet\u0151leg sikerrel lehet \u00e1tv\u00e9szelni a koronav\u00edrus okozta neh\u00e9zs\u00e9geket. A legfontosabb, hogy a hit\u00fcnket ne vesz\u00edts\u00fck el.<\/p>\n","protected":false},"author":3,"featured_media":1676,"comment_status":"closed","ping_status":"open","sticky":false,"template":"","format":"standard","meta":{"footnotes":""},"categories":[25,16],"tags":[],"yoast_head":"<!-- This site is optimized with the Yoast SEO plugin v15.4 - https:\/\/yoast.com\/wordpress\/plugins\/seo\/ -->\n<title>A turizmus \u00e9s vend\u00e9gl\u00e1t\u00e1s \u00e1gazat\u00e1ban most csak a m\u00e1b\u00f3l indulhatunk ki.<\/title>\n<meta name=\"robots\" content=\"index, follow, max-snippet:-1, max-image-preview:large, max-video-preview:-1\" \/>\n<link rel=\"canonical\" href=\"https:\/\/bizalmikor.hu\/blog\/2020\/03\/19\/a-turizmus-es-vendeglatas-agazataban-most-csak-a-mabol-indulhatunk-ki\/\" \/>\n<meta property=\"og:locale\" content=\"hu_HU\" \/>\n<meta property=\"og:type\" content=\"article\" \/>\n<meta property=\"og:title\" content=\"A turizmus \u00e9s vend\u00e9gl\u00e1t\u00e1s \u00e1gazat\u00e1ban most csak a m\u00e1b\u00f3l indulhatunk ki.\" \/>\n<meta property=\"og:description\" content=\"A borzalmasan neh\u00e9z helyzet, amikor nem tudjuk mire sz\u00e1m\u00edthatunk, \u00e9s csak a m\u00e1b\u00f3l indulhatunk ki a d\u00f6nt\u00e9seinkn\u00e9l. A k\u00f6lcs\u00f6n\u00f6ss\u00e9g, a k\u00f6vetkezetess\u00e9g \u00e9s a k\u00f6zvetlens\u00e9g elv\u00e9re \u00e9p\u00edtve, valamint a munkav\u00e1llal\u00f3kat partnerk\u00e9nt tekintve rem\u00e9lhet\u0151leg sikerrel lehet \u00e1tv\u00e9szelni a koronav\u00edrus okozta neh\u00e9zs\u00e9geket. A legfontosabb, hogy a hit\u00fcnket ne vesz\u00edts\u00fck el.\" \/>\n<meta property=\"og:url\" content=\"https:\/\/bizalmikor.hu\/blog\/2020\/03\/19\/a-turizmus-es-vendeglatas-agazataban-most-csak-a-mabol-indulhatunk-ki\/\" \/>\n<meta property=\"og:site_name\" content=\"Bizalmi K\u00f6r blog\" \/>\n<meta property=\"article:publisher\" content=\"https:\/\/www.facebook.com\/bizalmikor\" \/>\n<meta property=\"article:published_time\" content=\"2020-03-19T10:04:37+00:00\" \/>\n<meta property=\"article:modified_time\" content=\"2020-03-19T10:15:40+00:00\" \/>\n<meta property=\"og:image\" content=\"https:\/\/bizalmikor.hu\/blog\/wp-content\/uploads\/2020\/03\/kitchen-731351_1920.jpg\" \/>\n\t<meta property=\"og:image:width\" content=\"1920\" \/>\n\t<meta property=\"og:image:height\" content=\"1280\" \/>\n<meta name=\"twitter:card\" content=\"summary_large_image\" \/>\n<meta name=\"twitter:label1\" content=\"Szerz\u0151:\">\n\t<meta name=\"twitter:data1\" content=\"Gangel P\u00e9ter\">\n\t<meta name=\"twitter:label2\" content=\"Becs\u00fclt olvas\u00e1si id\u0151\">\n\t<meta name=\"twitter:data2\" content=\"6 perc\">\n<script type=\"application\/ld+json\" class=\"yoast-schema-graph\">{\"@context\":\"https:\/\/schema.org\",\"@graph\":[{\"@type\":\"Organization\",\"@id\":\"https:\/\/bizalmikor.hu\/blog\/#organization\",\"name\":\"Bizalmi K\\u00f6r Kft.\",\"url\":\"https:\/\/bizalmikor.hu\/blog\/\",\"sameAs\":[\"https:\/\/www.facebook.com\/bizalmikor\",\"https:\/\/www.instagram.com\/bizalmikor\/\",\"https:\/\/www.linkedin.com\/company\/19165894\",\"https:\/\/www.youtube.com\/channel\/UC7fAD3QCIWeSexU5t6F3YOw?view_as=subscriber\"],\"logo\":{\"@type\":\"ImageObject\",\"@id\":\"https:\/\/bizalmikor.hu\/blog\/#logo\",\"inLanguage\":\"hu\",\"url\":\"https:\/\/bizalmikor.hu\/blog\/wp-content\/uploads\/2019\/02\/Group-2.png\",\"width\":4033,\"height\":1192,\"caption\":\"Bizalmi K\\u00f6r Kft.\"},\"image\":{\"@id\":\"https:\/\/bizalmikor.hu\/blog\/#logo\"}},{\"@type\":\"WebSite\",\"@id\":\"https:\/\/bizalmikor.hu\/blog\/#website\",\"url\":\"https:\/\/bizalmikor.hu\/blog\/\",\"name\":\"Bizalmi K\\u00f6r blog\",\"description\":\"Egynek minden neh\\u00e9z, soknak semmi sem lehetetlen.\",\"publisher\":{\"@id\":\"https:\/\/bizalmikor.hu\/blog\/#organization\"},\"potentialAction\":[{\"@type\":\"SearchAction\",\"target\":\"https:\/\/bizalmikor.hu\/blog\/?s={search_term_string}\",\"query-input\":\"required name=search_term_string\"}],\"inLanguage\":\"hu\"},{\"@type\":\"ImageObject\",\"@id\":\"https:\/\/bizalmikor.hu\/blog\/2020\/03\/19\/a-turizmus-es-vendeglatas-agazataban-most-csak-a-mabol-indulhatunk-ki\/#primaryimage\",\"inLanguage\":\"hu\",\"url\":\"https:\/\/bizalmikor.hu\/blog\/wp-content\/uploads\/2020\/03\/kitchen-731351_1920.jpg\",\"width\":1920,\"height\":1280},{\"@type\":\"WebPage\",\"@id\":\"https:\/\/bizalmikor.hu\/blog\/2020\/03\/19\/a-turizmus-es-vendeglatas-agazataban-most-csak-a-mabol-indulhatunk-ki\/#webpage\",\"url\":\"https:\/\/bizalmikor.hu\/blog\/2020\/03\/19\/a-turizmus-es-vendeglatas-agazataban-most-csak-a-mabol-indulhatunk-ki\/\",\"name\":\"A turizmus \\u00e9s vend\\u00e9gl\\u00e1t\\u00e1s \\u00e1gazat\\u00e1ban most csak a m\\u00e1b\\u00f3l indulhatunk ki.\",\"isPartOf\":{\"@id\":\"https:\/\/bizalmikor.hu\/blog\/#website\"},\"primaryImageOfPage\":{\"@id\":\"https:\/\/bizalmikor.hu\/blog\/2020\/03\/19\/a-turizmus-es-vendeglatas-agazataban-most-csak-a-mabol-indulhatunk-ki\/#primaryimage\"},\"datePublished\":\"2020-03-19T10:04:37+00:00\",\"dateModified\":\"2020-03-19T10:15:40+00:00\",\"inLanguage\":\"hu\",\"potentialAction\":[{\"@type\":\"ReadAction\",\"target\":[\"https:\/\/bizalmikor.hu\/blog\/2020\/03\/19\/a-turizmus-es-vendeglatas-agazataban-most-csak-a-mabol-indulhatunk-ki\/\"]}]},{\"@type\":\"Article\",\"@id\":\"https:\/\/bizalmikor.hu\/blog\/2020\/03\/19\/a-turizmus-es-vendeglatas-agazataban-most-csak-a-mabol-indulhatunk-ki\/#article\",\"isPartOf\":{\"@id\":\"https:\/\/bizalmikor.hu\/blog\/2020\/03\/19\/a-turizmus-es-vendeglatas-agazataban-most-csak-a-mabol-indulhatunk-ki\/#webpage\"},\"author\":{\"@id\":\"https:\/\/bizalmikor.hu\/blog\/#\/schema\/person\/a89936ed381c3afa4cd7a27040dbfb07\"},\"headline\":\"A turizmus \\u00e9s vend\\u00e9gl\\u00e1t\\u00e1s \\u00e1gazat\\u00e1ban most csak a m\\u00e1b\\u00f3l indulhatunk ki.\",\"datePublished\":\"2020-03-19T10:04:37+00:00\",\"dateModified\":\"2020-03-19T10:15:40+00:00\",\"mainEntityOfPage\":{\"@id\":\"https:\/\/bizalmikor.hu\/blog\/2020\/03\/19\/a-turizmus-es-vendeglatas-agazataban-most-csak-a-mabol-indulhatunk-ki\/#webpage\"},\"publisher\":{\"@id\":\"https:\/\/bizalmikor.hu\/blog\/#organization\"},\"image\":{\"@id\":\"https:\/\/bizalmikor.hu\/blog\/2020\/03\/19\/a-turizmus-es-vendeglatas-agazataban-most-csak-a-mabol-indulhatunk-ki\/#primaryimage\"},\"articleSection\":\"COVID-19 \\u00fczleti tapasztalatok,V\\u00e1llalkoz\\u00e1s\",\"inLanguage\":\"hu\"},{\"@type\":\"Person\",\"@id\":\"https:\/\/bizalmikor.hu\/blog\/#\/schema\/person\/a89936ed381c3afa4cd7a27040dbfb07\",\"name\":\"Gangel P\\u00e9ter\",\"image\":{\"@type\":\"ImageObject\",\"@id\":\"https:\/\/bizalmikor.hu\/blog\/#personlogo\",\"inLanguage\":\"hu\",\"url\":\"https:\/\/secure.gravatar.com\/avatar\/ee1c6e901d6b9c50c9a2204252c914b4?s=96&d=mm&r=g\",\"caption\":\"Gangel P\\u00e9ter\"}}]}<\/script>\n<!-- \/ Yoast SEO plugin. -->","_links":{"self":[{"href":"https:\/\/bizalmikor.hu\/blog\/wp-json\/wp\/v2\/posts\/1671"}],"collection":[{"href":"https:\/\/bizalmikor.hu\/blog\/wp-json\/wp\/v2\/posts"}],"about":[{"href":"https:\/\/bizalmikor.hu\/blog\/wp-json\/wp\/v2\/types\/post"}],"author":[{"embeddable":true,"href":"https:\/\/bizalmikor.hu\/blog\/wp-json\/wp\/v2\/users\/3"}],"replies":[{"embeddable":true,"href":"https:\/\/bizalmikor.hu\/blog\/wp-json\/wp\/v2\/comments?post=1671"}],"version-history":[{"count":12,"href":"https:\/\/bizalmikor.hu\/blog\/wp-json\/wp\/v2\/posts\/1671\/revisions"}],"predecessor-version":[{"id":1717,"href":"https:\/\/bizalmikor.hu\/blog\/wp-json\/wp\/v2\/posts\/1671\/revisions\/1717"}],"wp:featuredmedia":[{"embeddable":true,"href":"https:\/\/bizalmikor.hu\/blog\/wp-json\/wp\/v2\/media\/1676"}],"wp:attachment":[{"href":"https:\/\/bizalmikor.hu\/blog\/wp-json\/wp\/v2\/media?parent=1671"}],"wp:term":[{"taxonomy":"category","embeddable":true,"href":"https:\/\/bizalmikor.hu\/blog\/wp-json\/wp\/v2\/categories?post=1671"},{"taxonomy":"post_tag","embeddable":true,"href":"https:\/\/bizalmikor.hu\/blog\/wp-json\/wp\/v2\/tags?post=1671"}],"curies":[{"name":"wp","href":"https:\/\/api.w.org\/{rel}","templated":true}]}}