{"id":1719,"date":"2020-03-19T11:21:34","date_gmt":"2020-03-19T11:21:34","guid":{"rendered":"https:\/\/bizalmikor.hu\/blog\/?p=1719"},"modified":"2020-03-19T11:46:40","modified_gmt":"2020-03-19T11:46:40","slug":"a-rosszbol-kihozni-a-legjobbat","status":"publish","type":"post","link":"https:\/\/bizalmikor.hu\/blog\/2020\/03\/19\/a-rosszbol-kihozni-a-legjobbat\/","title":{"rendered":"A rosszb\u00f3l kihozni a legjobbat"},"content":{"rendered":"\n<p><strong>Turizmussal, vend\u00e9gl\u00e1t\u00e1ssal \u00e9s \u00e9lm\u00e9nyszolg\u00e1ltat\u00e1ssal foglalkozva bizony addig lehet munkav\u00e1llal\u00f3kat foglalkoztatni, am\u00edg van bev\u00e9tel. C\u00e9gvezet\u0151k\u00e9nt a most k\u00e9rd\u00e9s\u00e9vel kell foglalkozni, \u00e9s olyan d\u00f6nt\u00e9seket kell meghozni, amivel munkahelyeket lehet megmenteni. Ki kell hozni a rosszb\u00f3l a legjobbat, a szabad kapacit\u00e1st pedig fejleszt\u00e9sekre vagy felk\u00e9sz\u00fcl\u00e9sre lehet ford\u00edtani.<\/strong><\/p>\n\n\n\n<ul><li>Mi t\u00f6rt\u00e9nik most a turizmusban?<\/li><li> Mik az elker\u00fclhetetlen int\u00e9zked\u00e9sek?<\/li><li> Mi az, ami visszavonhatatlanul megv\u00e1ltozik?<\/li><li>Mikorra \u00e1ll helyre az ipar\u00e1g?<\/li><\/ul>\n\n\n\n<p>Koltai Bal\u00e1zs, a <a href=\"https:\/\/paniqszoba.hu\/\">P\u00e1nIQ Szoba<\/a> \u00e9s a <a href=\"https:\/\/szelfimuzeum.hu\/\">Szelfi M\u00fazeum<\/a>ok tulajdonosa j\u00e1rt n\u00e1lunk, \u00e9s mes\u00e9lt a koronav\u00edrus k\u00f6vetkezt\u00e9ben \u0151ket \u00e9rint\u0151 kih\u00edv\u00e1sokr\u00f3l.<\/p>\n\n\n\n<p><strong>Gangel P\u00e9ter:<\/strong> <strong>Mi a helyzet n\u00e1latok? Mekkora a csapat, \u00e9s milyen int\u00e9zked\u00e9seket vezettetek be?<\/strong><\/p>\n\n\n\n<p><strong>Koltai Bal\u00e1zs: <\/strong>N\u00e1lunk nagyj\u00e1b\u00f3l 40-50 f\u0151s a csapat, ebbe beletartoznak az alv\u00e1llalkoz\u00f3k is. A Szelfi M\u00fazeumok holnapt\u00f3l nem nyitnak ki, teh\u00e1t egy r\u00e9szr\u0151l le kellett \u00e1llnunk. Term\u00e9szetesen mi is addig tudunk munkav\u00e1llal\u00f3kat foglalkoztatni, am\u00edg van bev\u00e9tel\u00fcnk. Eddig senkit nem k\u00fcldt\u00fcnk el, mert hab\u00e1r negyed akkora forgalommal \u00e9s vesztes\u00e9gesen, de m\u00e9g \u00fczemel\u00fcnk. <\/p>\n\n\n\n<p>Sz\u00f3val id\u00e1ig nem k\u00fcldt\u00fcnk el senkit, ez azonban val\u00f3sz\u00edn\u0171leg meg fog v\u00e1ltozni. Az\u00e9rt lesz minderre sz\u00fcks\u00e9g, hogy ne vesszenek el ezek a munkahelyek. N\u00e1lunk is sz\u00fcks\u00e9g lesz teh\u00e1t szomor\u00fa int\u00e9zked\u00e9sekre, t\u00f6bbek k\u00f6z\u00f6tt fizet\u00e9scs\u00f6kkent\u00e9sre.<\/p>\n\n\n\n<p><strong>G.P: Mikor \u00e9rezt\u00e9tek meg el\u0151sz\u00f6r a koronav\u00edrus k\u00f6vetkezm\u00e9nyeit?<\/strong><\/p>\n\n\n\n<p><strong>K.B:<\/strong> A mi vend\u00e9geink k\u00f6zel 70% -a turistak\u00e9nt \u00e9rkezik. Nagyj\u00e1b\u00f3l 2-3 hete \u00e9rezz\u00fck m\u00e1r a hat\u00e1st, ugyanakkor eg\u00e9szen m\u00falt h\u00e9tv\u00e9g\u00e9ig is 100 feletti vend\u00e9gsz\u00e1m volt n\u00e1lunk napi szinten. Term\u00e9szetesen folyamatosan fert\u0151tlen\u00edtett\u00fcnk, a koll\u00e9g\u00e1k pedig maszkot viseletek. A mai nap viszont csak p\u00e1r ember j\u00f6tt m\u00e1r be.\u00a0<\/p>\n\n\n\n<p><strong>G.P:<\/strong> <strong>Ha kicsit el\u0151re tekinten\u00fcnk, neked mik a gondolataid? Meddig fog tartani ez a mostani \u00e1llapot, mit j\u00f3solsz az elk\u00f6vetkezend\u0151 h\u00f3napokra?<\/strong><\/p>\n\n\n\n<p><strong>K.B: <\/strong>Els\u0151sorban a most k\u00e9rd\u00e9s\u00e9vel kell foglalkoznunk, vagyis azt kell n\u00e9zn\u00fcnk, hogy most mi van. B\u00e1rmikor j\u00f6het egy \u00fajabb int\u00e9zked\u00e9s vagy rendelet. Nek\u00fcnk ezt kell figyelni, r\u00f6vidt\u00e1von pedig erre nem is igaz\u00e1n lehet felk\u00e9sz\u00fclni. Term\u00e9szetesen gondolkodom rajta, hogy mi lesz 3-5 h\u00f3nap m\u00falva, amikor majd k\u00e9pletesen sz\u00f3lva \u00fajra csicseregnek a madarak. V\u00e1rhat\u00f3an az emberek egy r\u00e9sze el fog indulni, a m\u00e1sik r\u00e9sze viszont f\u00e9lni fog, \u00e9s nem felt\u00e9tlen\u00fcl mer majd \u00fatnak indulni.<\/p>\n\n\n\n<p>Emellett pedig lesz majd sajnos egy olyan r\u00e9teg is, akinek nem lesz p\u00e9nze. Ez\u00e9rt nem k\u00e9sz\u00fcl\u00f6k arra, hogy robban\u00e1sszer\u0171en beindul majd a turizmus. Annak \u00f6r\u00fcl\u00f6k, hogyha a j\u00f6v\u0151 tavaszi turista szezon m\u00e1r j\u00f3nak lesz tekinthet\u0151, az \u0151szi szezont pedig ki tudjuk hozni pozit\u00edv eredm\u00e9nnyel. K\u00f6zben pr\u00f3b\u00e1lom a munkat\u00e1rsakat \u00e1tcsoportos\u00edtani, amennyire lehet. Most kicsit tudunk fejleszteni, sz\u00e9p\u00edteni a dolgokon, erre jut kapacit\u00e1s.<\/p>\n\n\n\n<p><strong>G.P: Vannak-e \u00faj folyamatok, amit most meg tudtok tervezni? Gondolunk itt c\u00e9gszervez\u00e9sre, hat\u00e9konys\u00e1g n\u00f6vel\u00e9sre.<\/strong><\/p>\n\n\n\n<p><strong>K.B:<\/strong> Most tervezgetj\u00fck az \u00faj d\u00edszleteket a Szelfi M\u00fazeumba. Ezt k\u00e9sz\u00edtj\u00fck el\u0151, aj\u00e1nlatokat k\u00e9r\u00fcnk be. Ez a helyzet sz\u00e1munkra egyfajta felk\u00e9sz\u00fcl\u00e9ssel \u00e9r fel, illetve azoknak is j\u00f3l fog j\u00f6nni, akikt\u0151l rendel\u00fcnk. \u00c9rdekes, hogy n\u00e9h\u00e1ny h\u00f3napja k\u00f6ny\u00f6r\u00f6gtem nem egy burkol\u00f3nak, vagy fest\u0151nek, hogy ak\u00e1r dr\u00e1g\u00e1bban is, de j\u00f6jjenek hozz\u00e1nk kivitelezni. Most \u0151k h\u00edvnak engem, hogy j\u00f6nn\u00e9nek sz\u00edvesen.<\/p>\n\n\n\n<figure class=\"wp-block-image\"><img loading=\"lazy\" decoding=\"async\" width=\"1024\" height=\"683\" src=\"https:\/\/bizalmikor.hu\/blog\/wp-content\/uploads\/2020\/03\/05-1024x683-1024x683.jpg\" alt=\"\" class=\"wp-image-1723\" srcset=\"https:\/\/bizalmikor.hu\/blog\/wp-content\/uploads\/2020\/03\/05-1024x683.jpg 1024w, https:\/\/bizalmikor.hu\/blog\/wp-content\/uploads\/2020\/03\/05-1024x683-300x200.jpg 300w, https:\/\/bizalmikor.hu\/blog\/wp-content\/uploads\/2020\/03\/05-1024x683-768x512.jpg 768w\" sizes=\"(max-width: 1024px) 100vw, 1024px\" \/><figcaption> &#8220;Els\u0151sorban a most k\u00e9rd\u00e9s\u00e9vel kell foglalkoznunk, vagyis azt kell n\u00e9zn\u00fcnk, hogy most mi van.&#8221; <\/figcaption><\/figure>\n\n\n\n<p><strong>G.P: Mi az, amit c\u00e9gvezet\u0151k\u00e9nt ment\u00e1lisan teszel ak\u00e1r magad\u00e9rt, ak\u00e1r a csapat\u00e9rt?<\/strong><\/p>\n\n\n\n<p><strong>K.B: <\/strong>Viszonylag hamar elengedtem a stresszt. Pozit\u00edv ember vagyok. Tulajdonosk\u00e9nt sok mindent meg\u00e9ltem m\u00e1r, volt n\u00e1lunk t\u00f6bbek k\u00f6z\u00f6tt t\u0171zeset, \u00e1rv\u00edz, feljelentget\u00e9sek. \u00dagy gondolom, hogy ezt a v\u00edrust is t\u00fal fogjuk \u00e9lni. Sajnos be kellett l\u00e1tnom, hogy nem fog megold\u00f3dni minden a j\u00f6v\u0151 h\u00e9ten. H\u00f3napokra, vagy \u00e9vekre is k\u00e9sz\u00fclni kell. Sajn\u00e1lom a munkav\u00e1llal\u00f3kat, a gazdas\u00e1got, a betegeket. Nem tudunk most t\u00f6bbet tenni ann\u00e1l, minthogy csin\u00e1ljuk a dolgunkat a legjobb bel\u00e1t\u00e1sunk szerint.<\/p>\n\n\n\n<p>Egy\u00e9bk\u00e9nt m\u00e1r megkerestek m\u00e1s szabadul\u00f3szob\u00e1kt\u00f3l is \u00fczemeltet\u0151k. T\u00e1rgyal\u00e1sban vagyunk, megl\u00e1tjuk tudunk-e seg\u00edteni egym\u00e1snak. Igyekszem a rosszb\u00f3l kihozni a legjobbat. Hogyha \u00e1tv\u00e9tellel vagy f\u00fazi\u00f3val megmaradhatnak a munkahelyek, akkor m\u00e1r tett\u00fcnk valami j\u00f3t.<br><br><\/p>\n\n\n\n<hr class=\"wp-block-separator\"\/>\n\n\n\n<h1 class=\"has-text-align-center wp-block-heading\">Szeretn\u00e9l megismerkedni klubtagjainkkal? K\u00e9rj egy megh\u00edv\u00f3t!<\/h1>\n\n\n\n<div class=\"wp-block-button aligncenter\"><a class=\"wp-block-button__link has-background\" href=\"https:\/\/bizalmikor.hu\/kapcsolat\/\" style=\"background-color:#14496b\" target=\"_blank\" rel=\"noreferrer noopener\"><strong>\u00c9rdekel a Bizalmi K\u00f6r klubtags\u00e1g<\/strong><\/a><\/div>\n\n\n\n<hr class=\"wp-block-separator\"\/>\n","protected":false},"excerpt":{"rendered":"<p>Turizmussal, vend\u00e9gl\u00e1t\u00e1ssal \u00e9s \u00e9lm\u00e9nyszolg\u00e1ltat\u00e1ssal foglalkozva bizony addig lehet munkav\u00e1llal\u00f3kat foglalkoztatni, am\u00edg van bev\u00e9tel. C\u00e9gvezet\u0151k\u00e9nt a most k\u00e9rd\u00e9s\u00e9vel kell foglalkozni, \u00e9s olyan d\u00f6nt\u00e9seket kell meghozni, amivel munkahelyeket lehet megmenteni. <\/p>\n","protected":false},"author":3,"featured_media":1730,"comment_status":"closed","ping_status":"open","sticky":false,"template":"","format":"standard","meta":{"footnotes":""},"categories":[25,16],"tags":[],"yoast_head":"<!-- This site is optimized with the Yoast SEO plugin v15.4 - https:\/\/yoast.com\/wordpress\/plugins\/seo\/ -->\n<title>A rosszb\u00f3l kihozni a legjobbat<\/title>\n<meta name=\"robots\" content=\"index, follow, max-snippet:-1, max-image-preview:large, max-video-preview:-1\" \/>\n<link rel=\"canonical\" href=\"https:\/\/bizalmikor.hu\/blog\/2020\/03\/19\/a-rosszbol-kihozni-a-legjobbat\/\" \/>\n<meta property=\"og:locale\" content=\"hu_HU\" \/>\n<meta property=\"og:type\" content=\"article\" \/>\n<meta property=\"og:title\" content=\"A rosszb\u00f3l kihozni a legjobbat\" \/>\n<meta property=\"og:description\" content=\"Turizmussal, vend\u00e9gl\u00e1t\u00e1ssal \u00e9s \u00e9lm\u00e9nyszolg\u00e1ltat\u00e1ssal foglalkozva bizony addig lehet munkav\u00e1llal\u00f3kat foglalkoztatni, am\u00edg van bev\u00e9tel. C\u00e9gvezet\u0151k\u00e9nt a most k\u00e9rd\u00e9s\u00e9vel kell foglalkozni, \u00e9s olyan d\u00f6nt\u00e9seket kell meghozni, amivel munkahelyeket lehet megmenteni.\" \/>\n<meta property=\"og:url\" content=\"https:\/\/bizalmikor.hu\/blog\/2020\/03\/19\/a-rosszbol-kihozni-a-legjobbat\/\" \/>\n<meta property=\"og:site_name\" content=\"Bizalmi K\u00f6r blog\" \/>\n<meta property=\"article:publisher\" content=\"https:\/\/www.facebook.com\/bizalmikor\" \/>\n<meta property=\"article:published_time\" content=\"2020-03-19T11:21:34+00:00\" \/>\n<meta property=\"article:modified_time\" content=\"2020-03-19T11:46:40+00:00\" \/>\n<meta property=\"og:image\" content=\"https:\/\/bizalmikor.hu\/blog\/wp-content\/uploads\/2020\/03\/15-1.jpg\" \/>\n\t<meta property=\"og:image:width\" content=\"957\" \/>\n\t<meta property=\"og:image:height\" content=\"805\" \/>\n<meta name=\"twitter:card\" content=\"summary_large_image\" \/>\n<meta name=\"twitter:label1\" content=\"Szerz\u0151:\">\n\t<meta name=\"twitter:data1\" content=\"Gangel P\u00e9ter\">\n\t<meta name=\"twitter:label2\" content=\"Becs\u00fclt olvas\u00e1si id\u0151\">\n\t<meta name=\"twitter:data2\" content=\"4 perc\">\n<script type=\"application\/ld+json\" class=\"yoast-schema-graph\">{\"@context\":\"https:\/\/schema.org\",\"@graph\":[{\"@type\":\"Organization\",\"@id\":\"https:\/\/bizalmikor.hu\/blog\/#organization\",\"name\":\"Bizalmi K\\u00f6r Kft.\",\"url\":\"https:\/\/bizalmikor.hu\/blog\/\",\"sameAs\":[\"https:\/\/www.facebook.com\/bizalmikor\",\"https:\/\/www.instagram.com\/bizalmikor\/\",\"https:\/\/www.linkedin.com\/company\/19165894\",\"https:\/\/www.youtube.com\/channel\/UC7fAD3QCIWeSexU5t6F3YOw?view_as=subscriber\"],\"logo\":{\"@type\":\"ImageObject\",\"@id\":\"https:\/\/bizalmikor.hu\/blog\/#logo\",\"inLanguage\":\"hu\",\"url\":\"https:\/\/bizalmikor.hu\/blog\/wp-content\/uploads\/2019\/02\/Group-2.png\",\"width\":4033,\"height\":1192,\"caption\":\"Bizalmi K\\u00f6r Kft.\"},\"image\":{\"@id\":\"https:\/\/bizalmikor.hu\/blog\/#logo\"}},{\"@type\":\"WebSite\",\"@id\":\"https:\/\/bizalmikor.hu\/blog\/#website\",\"url\":\"https:\/\/bizalmikor.hu\/blog\/\",\"name\":\"Bizalmi K\\u00f6r blog\",\"description\":\"Egynek minden neh\\u00e9z, soknak semmi sem lehetetlen.\",\"publisher\":{\"@id\":\"https:\/\/bizalmikor.hu\/blog\/#organization\"},\"potentialAction\":[{\"@type\":\"SearchAction\",\"target\":\"https:\/\/bizalmikor.hu\/blog\/?s={search_term_string}\",\"query-input\":\"required name=search_term_string\"}],\"inLanguage\":\"hu\"},{\"@type\":\"ImageObject\",\"@id\":\"https:\/\/bizalmikor.hu\/blog\/2020\/03\/19\/a-rosszbol-kihozni-a-legjobbat\/#primaryimage\",\"inLanguage\":\"hu\",\"url\":\"https:\/\/bizalmikor.hu\/blog\/wp-content\/uploads\/2020\/03\/15-1.jpg\",\"width\":957,\"height\":805},{\"@type\":\"WebPage\",\"@id\":\"https:\/\/bizalmikor.hu\/blog\/2020\/03\/19\/a-rosszbol-kihozni-a-legjobbat\/#webpage\",\"url\":\"https:\/\/bizalmikor.hu\/blog\/2020\/03\/19\/a-rosszbol-kihozni-a-legjobbat\/\",\"name\":\"A rosszb\\u00f3l kihozni a legjobbat\",\"isPartOf\":{\"@id\":\"https:\/\/bizalmikor.hu\/blog\/#website\"},\"primaryImageOfPage\":{\"@id\":\"https:\/\/bizalmikor.hu\/blog\/2020\/03\/19\/a-rosszbol-kihozni-a-legjobbat\/#primaryimage\"},\"datePublished\":\"2020-03-19T11:21:34+00:00\",\"dateModified\":\"2020-03-19T11:46:40+00:00\",\"inLanguage\":\"hu\",\"potentialAction\":[{\"@type\":\"ReadAction\",\"target\":[\"https:\/\/bizalmikor.hu\/blog\/2020\/03\/19\/a-rosszbol-kihozni-a-legjobbat\/\"]}]},{\"@type\":\"Article\",\"@id\":\"https:\/\/bizalmikor.hu\/blog\/2020\/03\/19\/a-rosszbol-kihozni-a-legjobbat\/#article\",\"isPartOf\":{\"@id\":\"https:\/\/bizalmikor.hu\/blog\/2020\/03\/19\/a-rosszbol-kihozni-a-legjobbat\/#webpage\"},\"author\":{\"@id\":\"https:\/\/bizalmikor.hu\/blog\/#\/schema\/person\/a89936ed381c3afa4cd7a27040dbfb07\"},\"headline\":\"A rosszb\\u00f3l kihozni a legjobbat\",\"datePublished\":\"2020-03-19T11:21:34+00:00\",\"dateModified\":\"2020-03-19T11:46:40+00:00\",\"mainEntityOfPage\":{\"@id\":\"https:\/\/bizalmikor.hu\/blog\/2020\/03\/19\/a-rosszbol-kihozni-a-legjobbat\/#webpage\"},\"publisher\":{\"@id\":\"https:\/\/bizalmikor.hu\/blog\/#organization\"},\"image\":{\"@id\":\"https:\/\/bizalmikor.hu\/blog\/2020\/03\/19\/a-rosszbol-kihozni-a-legjobbat\/#primaryimage\"},\"articleSection\":\"COVID-19 \\u00fczleti tapasztalatok,V\\u00e1llalkoz\\u00e1s\",\"inLanguage\":\"hu\"},{\"@type\":\"Person\",\"@id\":\"https:\/\/bizalmikor.hu\/blog\/#\/schema\/person\/a89936ed381c3afa4cd7a27040dbfb07\",\"name\":\"Gangel P\\u00e9ter\",\"image\":{\"@type\":\"ImageObject\",\"@id\":\"https:\/\/bizalmikor.hu\/blog\/#personlogo\",\"inLanguage\":\"hu\",\"url\":\"https:\/\/secure.gravatar.com\/avatar\/ee1c6e901d6b9c50c9a2204252c914b4?s=96&d=mm&r=g\",\"caption\":\"Gangel P\\u00e9ter\"}}]}<\/script>\n<!-- \/ Yoast SEO plugin. -->","_links":{"self":[{"href":"https:\/\/bizalmikor.hu\/blog\/wp-json\/wp\/v2\/posts\/1719"}],"collection":[{"href":"https:\/\/bizalmikor.hu\/blog\/wp-json\/wp\/v2\/posts"}],"about":[{"href":"https:\/\/bizalmikor.hu\/blog\/wp-json\/wp\/v2\/types\/post"}],"author":[{"embeddable":true,"href":"https:\/\/bizalmikor.hu\/blog\/wp-json\/wp\/v2\/users\/3"}],"replies":[{"embeddable":true,"href":"https:\/\/bizalmikor.hu\/blog\/wp-json\/wp\/v2\/comments?post=1719"}],"version-history":[{"count":6,"href":"https:\/\/bizalmikor.hu\/blog\/wp-json\/wp\/v2\/posts\/1719\/revisions"}],"predecessor-version":[{"id":1729,"href":"https:\/\/bizalmikor.hu\/blog\/wp-json\/wp\/v2\/posts\/1719\/revisions\/1729"}],"wp:featuredmedia":[{"embeddable":true,"href":"https:\/\/bizalmikor.hu\/blog\/wp-json\/wp\/v2\/media\/1730"}],"wp:attachment":[{"href":"https:\/\/bizalmikor.hu\/blog\/wp-json\/wp\/v2\/media?parent=1719"}],"wp:term":[{"taxonomy":"category","embeddable":true,"href":"https:\/\/bizalmikor.hu\/blog\/wp-json\/wp\/v2\/categories?post=1719"},{"taxonomy":"post_tag","embeddable":true,"href":"https:\/\/bizalmikor.hu\/blog\/wp-json\/wp\/v2\/tags?post=1719"}],"curies":[{"name":"wp","href":"https:\/\/api.w.org\/{rel}","templated":true}]}}