{"id":1731,"date":"2020-03-19T12:22:37","date_gmt":"2020-03-19T12:22:37","guid":{"rendered":"https:\/\/bizalmikor.hu\/blog\/?p=1731"},"modified":"2020-03-19T12:25:07","modified_gmt":"2020-03-19T12:25:07","slug":"egy-baratsagos-vendegszemleletnek-be-kell-kovetkeznie-a-turizmus-es-vendeglatas-teruleten","status":"publish","type":"post","link":"https:\/\/bizalmikor.hu\/blog\/2020\/03\/19\/egy-baratsagos-vendegszemleletnek-be-kell-kovetkeznie-a-turizmus-es-vendeglatas-teruleten\/","title":{"rendered":"Egy bar\u00e1ts\u00e1gos vend\u00e9gszeml\u00e9letnek  be kell k\u00f6vetkeznie a turizmus \u00e9s vend\u00e9gl\u00e1t\u00e1s ter\u00fclet\u00e9n"},"content":{"rendered":"\n<p><strong>A koronav\u00edrus k\u00f6vetkezt\u00e9ben m\u00e1sfajta gondolkod\u00e1sra lesz sz\u00fcks\u00e9g\u00fcnk, mert ami eddig jellemz\u0151 volt, az a gondolkod\u00e1sm\u00f3d nem fog tov\u00e1bb menni. Be kell k\u00f6vetkeznie egy bar\u00e1ts\u00e1gos vend\u00e9gszeml\u00e9letnek, mik\u00f6zben az al\u00e1zat, a szolg\u00e1ltat\u00f3i magatart\u00e1s, az innov\u00e1ci\u00f3 \u00e9s az egy\u00fcttm\u0171k\u00f6d\u00e9s szerepe is fel\u00e9rt\u00e9kel\u0151dik.<\/strong><\/p>\n\n\n\n<ul><li>Melyek az els\u0151 int\u00e9zked\u00e9sek?<\/li><li>Mire lehet sz\u00e1m\u00edtani?<\/li><li>Mi k\u00f6vetkezik most?<\/li><\/ul>\n\n\n\n<p>Csobota-Kis \u00c1rp\u00e1ddal besz\u00e9lgett\u00fcnk a sz\u00e1llodaipar \u00e9s a vend\u00e9gl\u00e1t\u00e1s aktu\u00e1lis helyzet\u00e9r\u0151l \u00e9s kil\u00e1t\u00e1sair\u00f3l.<\/p>\n\n\n\n<p><strong>Gangel P\u00e9ter: Te most milyen c\u00e9get vezetsz, mennyi embered van, mik most a r\u00f6vidt\u00e1v\u00fa hat\u00e1sok, amikkel szembes\u00fclt\u00e9l?<\/strong><\/p>\n\n\n\n<p> <strong>Csobota-Kis \u00c1rp\u00e1d: <\/strong>38 \u00e9ve sz\u00e1llod\u00e1zom, soha nem is csin\u00e1ltam m\u00e1st. K\u00fclf\u00f6ld\u00f6n 14 \u00e9v, belf\u00f6ld\u00f6n a marad\u00e9k id\u0151szak. Voltam rendezv\u00e9nyszervez\u0151, k\u00fcldtem vend\u00e9geket sz\u00e1llod\u00e1kba, \u00e9s voltam a fogad\u00f3i oldalon is.<\/p>\n\n\n\n<p>Jelen pillanatban is sz\u00e1llod\u00e1zom, k\u00e9t \u00e9ve van egy sz\u00e1lloda\u00fczemeltet\u0151 \u00e9s telep\u00fcl\u00e9sfejleszt\u0151 c\u00e9g\u00fcnk. A sz\u00e1llod\u00e1k \u00fczemeltet\u00e9se, illetve sz\u00e1llod\u00e1knak szolg\u00e1ltat\u00e1s csomagok ny\u00fajt\u00e1sa az \u00e9n ter\u00fcletem.<\/p>\n\n\n\n<p>Jelen pillanatban 10 helysz\u00ednen vagyunk ott. Ebben vannak sz\u00e1llod\u00e1k, kereskedelmi sz\u00e1ll\u00e1shelyek, egy \u00e9tterem, illetve Cserkesz\u0151l\u0151 telep\u00fcl\u00e9s. \u00dagyhogy benn\u00fcnket is s\u00falyosan \u00e9rint a koronav\u00edrus v\u00e1ls\u00e1g id\u0151szaka.<\/p>\n\n\n\n<p><strong>G.P: Mik az els\u0151 int\u00e9zked\u00e9sek, amiket hoztatok?<\/strong><\/p>\n\n\n\n<p><strong>Cs-K.\u00c1: <\/strong>A legt\u00f6bb helyen a bez\u00e1r\u00e1s, vagy pedig alkalmazkodunk a korm\u00e1ny \u00e1ltal meghozott rendelkez\u00e9sekhez. Az \u00e9ttermeink 15 \u00f3ra ut\u00e1n k\u00fcls\u0151s vend\u00e9geket nem fogadnak. 10 egys\u00e9gnek szolg\u00e1ltatunk, ez\u00e9rt k\u00fcl\u00f6nb\u00f6z\u0151 dolgokat tapasztalunk, \u00e9s k\u00fcl\u00f6nb\u00f6z\u0151 \u00e1llapotban vannak ezek a sz\u00e1llod\u00e1ink, kereskedelmi sz\u00e1ll\u00e1shelyeink \u00e9s telep\u00fcl\u00e9s\u00fcnk.<\/p>\n\n\n\n<p>Kiz\u00e1r\u00f3lag vid\u00e9ki egys\u00e9geink vannak. Egy\u00e9bk\u00e9nt hihetetlen k\u00fcl\u00f6nbs\u00e9g a f\u0151v\u00e1rosi \u00e9s vid\u00e9ki \u00e9rzet k\u00f6z\u00f6tt jelenleg. Budapesten nincsnek aut\u00f3k, f\u00e9lnek az emberek. Vid\u00e9ken szinte nem \u00e9reznek semmit az emberek. A f\u0151v\u00e1rosban rosszabb az \u00e9rzete az embernek.<\/p>\n\n\n\n<p><strong>G.P:<\/strong> <strong>Mekkora csendet j\u00f3solsz most?<\/strong><\/p>\n\n\n\n<p> <strong>Cs-K.\u00c1: <\/strong> Hatalmasat. A 2008-as v\u00e1ls\u00e1gn\u00e1l szerintem nagyobb lesz. Annak a lefoly\u00e1sa nagyj\u00e1b\u00f3l 2012-13-ig tartott. Onn\u00e9t kezd\u0151d\u00f6tt a felemelked\u00e9s. Most senki nem tudja megmondani, hogy ez meddig fog tartani.<br><\/p>\n\n\n\n<p>Ahogy \u00e9n \u00e9rz\u00e9kelem, a magyar korm\u00e1ny pr\u00f3b\u00e1lja az aktu\u00e1lis int\u00e9zked\u00e9sekkel a hossz\u00fat\u00e1v\u00fa lefoly\u00e1st el\u00e9rni, a robban\u00e1sszer\u0171 lefoly\u00e1st pedig elker\u00fclni. A hossz\u00fa t\u00e1v\u00fa lefoly\u00e1snak viszont a gazdas\u00e1gi hat\u00e1sa is elny\u00falik majd.<br><\/p>\n\n\n\n<p>A k\u00fclf\u00f6ldi utaztat\u00e1s \u00e9s a beutaztat\u00e1s tekintet\u00e9ben pozit\u00edv esetben \u0151szt\u0151l lehet n\u00f6veked\u00e9sre sz\u00e1m\u00edtani, belf\u00f6ld\u00f6n viszont m\u00e1r ny\u00e1r elej\u00e9n vagy k\u00f6zep\u00e9n elindulhatnak az utaz\u00e1sok. Egyr\u00e9szt z\u00e1rva vannak a hat\u00e1rok, az emberek f\u00e9lnek. Szabads\u00e1gv\u00e1gya lesz az embereknek, a k\u00fclf\u00f6ldi utaz\u00e1s helyett ink\u00e1bb a belf\u00f6ldi utak v\u00e1rhat\u00f3k.<\/p>\n\n\n\n<figure class=\"wp-block-image is-resized\"><img loading=\"lazy\" decoding=\"async\" src=\"https:\/\/bizalmikor.hu\/blog\/wp-content\/uploads\/2020\/03\/unnamed.jpg\" alt=\"\" class=\"wp-image-1734\" width=\"774\" height=\"774\" srcset=\"https:\/\/bizalmikor.hu\/blog\/wp-content\/uploads\/2020\/03\/unnamed.jpg 512w, https:\/\/bizalmikor.hu\/blog\/wp-content\/uploads\/2020\/03\/unnamed-150x150.jpg 150w, https:\/\/bizalmikor.hu\/blog\/wp-content\/uploads\/2020\/03\/unnamed-300x300.jpg 300w, https:\/\/bizalmikor.hu\/blog\/wp-content\/uploads\/2020\/03\/unnamed-500x500.jpg 500w\" sizes=\"(max-width: 774px) 100vw, 774px\" \/><figcaption> &#8220;Vid\u00e9ken szinte nem \u00e9reznek semmit az emberek. A f\u0151v\u00e1rosban rosszabb az \u00e9rzete az embernek. &#8220;<\/figcaption><\/figure>\n\n\n\n<p><strong>G.P: Besz\u00e9lj\u00fcnk kicsit a j\u00f6v\u0151r\u0151l? Mi k\u00f6vetkezhet most?<\/strong><\/p>\n\n\n\n<p> <strong>Cs-K.\u00c1: <\/strong>Kicsit visszavonulunk most, \u00fagymond edz\u0151t\u00e1rborban vonulunk. Fontos gondolat, hogy ami eddig volt, az a fajta gondolkod\u00e1sm\u00f3d nem fog tov\u00e1bb menni. Az elm\u00falt p\u00e1r \u00e9vben \u00f6ml\u00f6ttek a turist\u00e1k, \u00e9s azt hitt\u00fck, hogy mi tal\u00e1ltuk fel a spanyolviaszt a turizmusban.<\/p>\n\n\n\n<p>Ha nem v\u00e1ltoztatunk a hozz\u00e1\u00e1ll\u00e1son \u00e9s a gondolkod\u00e1son, nem fog menni a dolog. Al\u00e1zat, szolg\u00e1ltat\u00f3i magatart\u00e1s \u00e9s innov\u00e1ci\u00f3 kell. Egyszer\u0171en m\u00e1shogy kell gondolkodnunk. Az biztos, hogy egy bar\u00e1ts\u00e1gos vend\u00e9gszeml\u00e9letnek be kell k\u00f6vetkeznie az \u00e1gazatban. Emellett pedig multifunkci\u00f3s dolgoz\u00f3kra is sz\u00fcks\u00e9g lesz, hogy hat\u00e9konyabbak legy\u00fcnk.<\/p>\n\n\n\n<p><strong>G.P: Van-e b\u00e1rmilyen \u00fczeneted a gazdas\u00e1g t\u00f6bbi r\u00e9sztvev\u0151j\u00e9nek?<\/strong><\/p>\n\n\n\n<p> <strong>Cs-K.\u00c1:<\/strong> Mindenk\u00e9ppen m\u00e1shogy kell gondolkodni. Az egy\u00fcttm\u0171k\u00f6d\u00e9s fogalomk\u00e9nt l\u00e9tezik, ugyanakkor a gyakorlatban nem igaz\u00e1n m\u0171k\u00f6d\u00f6tt eddig. Mostant\u00f3l viszont kelleni fog, le kell vetni a nagyk\u00e9p\u0171s\u00e9get, a t\u00e9nyleges t\u00fckr\u00f6t kell el\u0151venni, \u00e9s befel\u00e9 kell n\u00e9zni. Mindezek mellett pozit\u00edvan hinni kell, hogy igenis el fog j\u00f6nni a jobb id\u0151szak. Ett\u0151l f\u00fcggetlen\u00fcl mindenk\u00e9ppen v\u00e1ltoztatnunk kell.<br><\/p>\n\n\n\n<hr class=\"wp-block-separator\"\/>\n\n\n\n<h1 class=\"has-text-align-center wp-block-heading\">Szeretn\u00e9l megismerkedni klubtagjainkkal? K\u00e9rj egy megh\u00edv\u00f3t!<\/h1>\n\n\n\n<div class=\"wp-block-button aligncenter\"><a class=\"wp-block-button__link has-background\" href=\"https:\/\/bizalmikor.hu\/kapcsolat\/\" style=\"background-color:#14496b\" target=\"_blank\" rel=\"noreferrer noopener\"><strong>\u00c9rdekel a Bizalmi K\u00f6r klubtags\u00e1g<\/strong><\/a><\/div>\n\n\n\n<hr class=\"wp-block-separator\"\/>\n","protected":false},"excerpt":{"rendered":"<p>A koronav\u00edrus k\u00f6vetkezt\u00e9ben m\u00e1sfajta gondolkod\u00e1sra lesz sz\u00fcks\u00e9g\u00fcnk, mert ami eddig jellemz\u0151 volt, az a gondolkod\u00e1sm\u00f3d nem fog tov\u00e1bb menni. Be kell k\u00f6vetkeznie egy bar\u00e1ts\u00e1gos vend\u00e9gszeml\u00e9letnek, mik\u00f6zben az al\u00e1zat, a szolg\u00e1ltat\u00f3i magatart\u00e1s, az innov\u00e1ci\u00f3 \u00e9s az egy\u00fcttm\u0171k\u00f6d\u00e9s szerepe is fel\u00e9rt\u00e9kel\u0151dik.<\/p>\n","protected":false},"author":3,"featured_media":1733,"comment_status":"closed","ping_status":"open","sticky":false,"template":"","format":"standard","meta":{"footnotes":""},"categories":[25,16],"tags":[],"yoast_head":"<!-- This site is optimized with the Yoast SEO plugin v15.4 - https:\/\/yoast.com\/wordpress\/plugins\/seo\/ -->\n<title>Egy bar\u00e1ts\u00e1gos vend\u00e9gszeml\u00e9letnek be kell k\u00f6vetkeznie a turizmus \u00e9s vend\u00e9gl\u00e1t\u00e1s ter\u00fclet\u00e9n<\/title>\n<meta name=\"robots\" content=\"index, follow, max-snippet:-1, max-image-preview:large, max-video-preview:-1\" \/>\n<link rel=\"canonical\" href=\"https:\/\/bizalmikor.hu\/blog\/2020\/03\/19\/egy-baratsagos-vendegszemleletnek-be-kell-kovetkeznie-a-turizmus-es-vendeglatas-teruleten\/\" \/>\n<meta property=\"og:locale\" content=\"hu_HU\" \/>\n<meta property=\"og:type\" content=\"article\" \/>\n<meta property=\"og:title\" content=\"Egy bar\u00e1ts\u00e1gos vend\u00e9gszeml\u00e9letnek be kell k\u00f6vetkeznie a turizmus \u00e9s vend\u00e9gl\u00e1t\u00e1s ter\u00fclet\u00e9n\" \/>\n<meta property=\"og:description\" content=\"A koronav\u00edrus k\u00f6vetkezt\u00e9ben m\u00e1sfajta gondolkod\u00e1sra lesz sz\u00fcks\u00e9g\u00fcnk, mert ami eddig jellemz\u0151 volt, az a gondolkod\u00e1sm\u00f3d nem fog tov\u00e1bb menni. Be kell k\u00f6vetkeznie egy bar\u00e1ts\u00e1gos vend\u00e9gszeml\u00e9letnek, mik\u00f6zben az al\u00e1zat, a szolg\u00e1ltat\u00f3i magatart\u00e1s, az innov\u00e1ci\u00f3 \u00e9s az egy\u00fcttm\u0171k\u00f6d\u00e9s szerepe is fel\u00e9rt\u00e9kel\u0151dik.\" \/>\n<meta property=\"og:url\" content=\"https:\/\/bizalmikor.hu\/blog\/2020\/03\/19\/egy-baratsagos-vendegszemleletnek-be-kell-kovetkeznie-a-turizmus-es-vendeglatas-teruleten\/\" \/>\n<meta property=\"og:site_name\" content=\"Bizalmi K\u00f6r blog\" \/>\n<meta property=\"article:publisher\" content=\"https:\/\/www.facebook.com\/bizalmikor\" \/>\n<meta property=\"article:published_time\" content=\"2020-03-19T12:22:37+00:00\" \/>\n<meta property=\"article:modified_time\" content=\"2020-03-19T12:25:07+00:00\" \/>\n<meta property=\"og:image\" content=\"https:\/\/bizalmikor.hu\/blog\/wp-content\/uploads\/2020\/03\/people-2593251_1920.jpg\" \/>\n\t<meta property=\"og:image:width\" content=\"1920\" \/>\n\t<meta property=\"og:image:height\" content=\"1280\" \/>\n<meta name=\"twitter:card\" content=\"summary_large_image\" \/>\n<meta name=\"twitter:label1\" content=\"Szerz\u0151:\">\n\t<meta name=\"twitter:data1\" content=\"Gangel P\u00e9ter\">\n\t<meta name=\"twitter:label2\" content=\"Becs\u00fclt olvas\u00e1si id\u0151\">\n\t<meta name=\"twitter:data2\" content=\"3 perc\">\n<script type=\"application\/ld+json\" class=\"yoast-schema-graph\">{\"@context\":\"https:\/\/schema.org\",\"@graph\":[{\"@type\":\"Organization\",\"@id\":\"https:\/\/bizalmikor.hu\/blog\/#organization\",\"name\":\"Bizalmi K\\u00f6r Kft.\",\"url\":\"https:\/\/bizalmikor.hu\/blog\/\",\"sameAs\":[\"https:\/\/www.facebook.com\/bizalmikor\",\"https:\/\/www.instagram.com\/bizalmikor\/\",\"https:\/\/www.linkedin.com\/company\/19165894\",\"https:\/\/www.youtube.com\/channel\/UC7fAD3QCIWeSexU5t6F3YOw?view_as=subscriber\"],\"logo\":{\"@type\":\"ImageObject\",\"@id\":\"https:\/\/bizalmikor.hu\/blog\/#logo\",\"inLanguage\":\"hu\",\"url\":\"https:\/\/bizalmikor.hu\/blog\/wp-content\/uploads\/2019\/02\/Group-2.png\",\"width\":4033,\"height\":1192,\"caption\":\"Bizalmi K\\u00f6r Kft.\"},\"image\":{\"@id\":\"https:\/\/bizalmikor.hu\/blog\/#logo\"}},{\"@type\":\"WebSite\",\"@id\":\"https:\/\/bizalmikor.hu\/blog\/#website\",\"url\":\"https:\/\/bizalmikor.hu\/blog\/\",\"name\":\"Bizalmi K\\u00f6r blog\",\"description\":\"Egynek minden neh\\u00e9z, soknak semmi sem lehetetlen.\",\"publisher\":{\"@id\":\"https:\/\/bizalmikor.hu\/blog\/#organization\"},\"potentialAction\":[{\"@type\":\"SearchAction\",\"target\":\"https:\/\/bizalmikor.hu\/blog\/?s={search_term_string}\",\"query-input\":\"required name=search_term_string\"}],\"inLanguage\":\"hu\"},{\"@type\":\"ImageObject\",\"@id\":\"https:\/\/bizalmikor.hu\/blog\/2020\/03\/19\/egy-baratsagos-vendegszemleletnek-be-kell-kovetkeznie-a-turizmus-es-vendeglatas-teruleten\/#primaryimage\",\"inLanguage\":\"hu\",\"url\":\"https:\/\/bizalmikor.hu\/blog\/wp-content\/uploads\/2020\/03\/people-2593251_1920.jpg\",\"width\":1920,\"height\":1280},{\"@type\":\"WebPage\",\"@id\":\"https:\/\/bizalmikor.hu\/blog\/2020\/03\/19\/egy-baratsagos-vendegszemleletnek-be-kell-kovetkeznie-a-turizmus-es-vendeglatas-teruleten\/#webpage\",\"url\":\"https:\/\/bizalmikor.hu\/blog\/2020\/03\/19\/egy-baratsagos-vendegszemleletnek-be-kell-kovetkeznie-a-turizmus-es-vendeglatas-teruleten\/\",\"name\":\"Egy bar\\u00e1ts\\u00e1gos vend\\u00e9gszeml\\u00e9letnek be kell k\\u00f6vetkeznie a turizmus \\u00e9s vend\\u00e9gl\\u00e1t\\u00e1s ter\\u00fclet\\u00e9n\",\"isPartOf\":{\"@id\":\"https:\/\/bizalmikor.hu\/blog\/#website\"},\"primaryImageOfPage\":{\"@id\":\"https:\/\/bizalmikor.hu\/blog\/2020\/03\/19\/egy-baratsagos-vendegszemleletnek-be-kell-kovetkeznie-a-turizmus-es-vendeglatas-teruleten\/#primaryimage\"},\"datePublished\":\"2020-03-19T12:22:37+00:00\",\"dateModified\":\"2020-03-19T12:25:07+00:00\",\"inLanguage\":\"hu\",\"potentialAction\":[{\"@type\":\"ReadAction\",\"target\":[\"https:\/\/bizalmikor.hu\/blog\/2020\/03\/19\/egy-baratsagos-vendegszemleletnek-be-kell-kovetkeznie-a-turizmus-es-vendeglatas-teruleten\/\"]}]},{\"@type\":\"Article\",\"@id\":\"https:\/\/bizalmikor.hu\/blog\/2020\/03\/19\/egy-baratsagos-vendegszemleletnek-be-kell-kovetkeznie-a-turizmus-es-vendeglatas-teruleten\/#article\",\"isPartOf\":{\"@id\":\"https:\/\/bizalmikor.hu\/blog\/2020\/03\/19\/egy-baratsagos-vendegszemleletnek-be-kell-kovetkeznie-a-turizmus-es-vendeglatas-teruleten\/#webpage\"},\"author\":{\"@id\":\"https:\/\/bizalmikor.hu\/blog\/#\/schema\/person\/a89936ed381c3afa4cd7a27040dbfb07\"},\"headline\":\"Egy bar\\u00e1ts\\u00e1gos vend\\u00e9gszeml\\u00e9letnek be kell k\\u00f6vetkeznie a turizmus \\u00e9s vend\\u00e9gl\\u00e1t\\u00e1s ter\\u00fclet\\u00e9n\",\"datePublished\":\"2020-03-19T12:22:37+00:00\",\"dateModified\":\"2020-03-19T12:25:07+00:00\",\"mainEntityOfPage\":{\"@id\":\"https:\/\/bizalmikor.hu\/blog\/2020\/03\/19\/egy-baratsagos-vendegszemleletnek-be-kell-kovetkeznie-a-turizmus-es-vendeglatas-teruleten\/#webpage\"},\"publisher\":{\"@id\":\"https:\/\/bizalmikor.hu\/blog\/#organization\"},\"image\":{\"@id\":\"https:\/\/bizalmikor.hu\/blog\/2020\/03\/19\/egy-baratsagos-vendegszemleletnek-be-kell-kovetkeznie-a-turizmus-es-vendeglatas-teruleten\/#primaryimage\"},\"articleSection\":\"COVID-19 \\u00fczleti tapasztalatok,V\\u00e1llalkoz\\u00e1s\",\"inLanguage\":\"hu\"},{\"@type\":\"Person\",\"@id\":\"https:\/\/bizalmikor.hu\/blog\/#\/schema\/person\/a89936ed381c3afa4cd7a27040dbfb07\",\"name\":\"Gangel P\\u00e9ter\",\"image\":{\"@type\":\"ImageObject\",\"@id\":\"https:\/\/bizalmikor.hu\/blog\/#personlogo\",\"inLanguage\":\"hu\",\"url\":\"https:\/\/secure.gravatar.com\/avatar\/ee1c6e901d6b9c50c9a2204252c914b4?s=96&d=mm&r=g\",\"caption\":\"Gangel P\\u00e9ter\"}}]}<\/script>\n<!-- \/ Yoast SEO plugin. -->","_links":{"self":[{"href":"https:\/\/bizalmikor.hu\/blog\/wp-json\/wp\/v2\/posts\/1731"}],"collection":[{"href":"https:\/\/bizalmikor.hu\/blog\/wp-json\/wp\/v2\/posts"}],"about":[{"href":"https:\/\/bizalmikor.hu\/blog\/wp-json\/wp\/v2\/types\/post"}],"author":[{"embeddable":true,"href":"https:\/\/bizalmikor.hu\/blog\/wp-json\/wp\/v2\/users\/3"}],"replies":[{"embeddable":true,"href":"https:\/\/bizalmikor.hu\/blog\/wp-json\/wp\/v2\/comments?post=1731"}],"version-history":[{"count":5,"href":"https:\/\/bizalmikor.hu\/blog\/wp-json\/wp\/v2\/posts\/1731\/revisions"}],"predecessor-version":[{"id":1738,"href":"https:\/\/bizalmikor.hu\/blog\/wp-json\/wp\/v2\/posts\/1731\/revisions\/1738"}],"wp:featuredmedia":[{"embeddable":true,"href":"https:\/\/bizalmikor.hu\/blog\/wp-json\/wp\/v2\/media\/1733"}],"wp:attachment":[{"href":"https:\/\/bizalmikor.hu\/blog\/wp-json\/wp\/v2\/media?parent=1731"}],"wp:term":[{"taxonomy":"category","embeddable":true,"href":"https:\/\/bizalmikor.hu\/blog\/wp-json\/wp\/v2\/categories?post=1731"},{"taxonomy":"post_tag","embeddable":true,"href":"https:\/\/bizalmikor.hu\/blog\/wp-json\/wp\/v2\/tags?post=1731"}],"curies":[{"name":"wp","href":"https:\/\/api.w.org\/{rel}","templated":true}]}}