{"id":1739,"date":"2020-03-19T12:57:14","date_gmt":"2020-03-19T12:57:14","guid":{"rendered":"https:\/\/bizalmikor.hu\/blog\/?p=1739"},"modified":"2020-03-20T11:48:14","modified_gmt":"2020-03-20T11:48:14","slug":"most-a-problemak-helyett-a-megoldasokat-kell-meglatnunk","status":"publish","type":"post","link":"https:\/\/bizalmikor.hu\/blog\/2020\/03\/19\/most-a-problemak-helyett-a-megoldasokat-kell-meglatnunk\/","title":{"rendered":"Most a probl\u00e9m\u00e1k helyett a megold\u00e1sokat kell megl\u00e1tnunk"},"content":{"rendered":"\n<p><strong>Most meg kell \u0151rizni a saj\u00e1t lelki nyugalmunkat, mert most a probl\u00e9m\u00e1k helyett a megold\u00e1sokat kell l\u00e1tnunk. Most s\u0171r\u00edteni kell a partnerek fel\u00e9 a kommunik\u00e1ci\u00f3t, nem szabad elszigetel\u0151dni a piacon, a termel\u00e9st pedig nyomni kell.<\/strong><\/p>\n\n\n\n<ul><li>Egy nagyv\u00e1llalat int\u00e9ztked\u00e9sei v\u00e1ls\u00e1g idej\u00e9n.<\/li><li>Irodai munka hat\u00e9konys\u00e1ga.<\/li><li>Mi a helyzet az \u00e9p\u00edt\u0151ipar eg\u00e9sz\u00e9ben?<\/li><\/ul>\n\n\n\n<p>Markovich B\u00e9l\u00e1val, a <a href=\"https:\/\/www.mapei.com\/hu\/hu\/kezdolap\">MAPEI<\/a> \u00fcgyvezet\u0151 igazgat\u00f3j\u00e1val folytattunk roppant tartalmas besz\u00e9lget\u00e9st a koronav\u00edrus \u00e9p\u00edt\u0151iparra gyakorolt hat\u00e1sair\u00f3l, a jelenlegi helyzet kezel\u00e9s\u00e9r\u0151l, illetve az ilyenkor tan\u00fas\u00edtand\u00f3 vezet\u0151i magatart\u00e1sr\u00f3l.<\/p>\n\n\n\n<p><strong>Gangel P\u00e9ter: Mes\u00e9lsz kicsit arr\u00f3l, hogy milyen volumenben, mekkora nagys\u00e1grendben dolgozik a MAPEI Kft.?<\/strong><\/p>\n\n\n\n<p><strong>Markovich B\u00e9la: <\/strong>Jelenleg az egyik legbonyolultabb helyzet a mi\u00e9nk. Nemzetk\u00f6zi c\u00e9g vagyunk, a k\u00f6zpontunk pedig Mil\u00e1n\u00f3ban tal\u00e1lhat\u00f3. \u00c9p\u00edt\u0151ipari, vegyianyagok gy\u00e1rt\u00e1s\u00e1val foglalkozunk. 202 munkat\u00e1rsunk van, k\u00f6zt\u00fck irodai dolgoz\u00f3k, a gy\u00e1rt\u00e1sban tev\u00e9kenyked\u0151k, rakt\u00e1ri munkat\u00e1rsak, \u00e9rt\u00e9kes\u00edt\u0151k. Tavaly k\u00f6zel 20 milli\u00e1rd forint bev\u00e9telt siker\u00fclt termeln\u00fcnk, id\u00e9n 22 milli\u00e1rdos forgalmat tervezt\u00fcnk.<\/p>\n\n\n\n<p><strong>G.P: Milyen int\u00e9zked\u00e9seket vezettetek be c\u00e9gen bel\u00fcl?<\/strong><\/p>\n\n\n\n<p><strong>M.B:<\/strong> Fontos tudni, hogy n\u00e1lunk is a munkat\u00e1rsak \u00e9s partnerek eg\u00e9szs\u00e9g\u00e9nek a meg\u00f3v\u00e1sa az els\u0151sz\u00e1m\u00fa priorit\u00e1s. A m\u00e1sodik f\u0151 szempont pedig a termel\u00e9s magas olyan szinten tart\u00e1sa, amilyen magasan csak lehet.<\/p>\n\n\n\n<p>Azok a munkat\u00e1rsak, akik home office-ban is tudnak termelni, azok otthon vannak. Ez egy\u00e9bk\u00e9nt a c\u00e9g egy komoly sz\u00e1zal\u00e9ka, k\u00f6zt\u00fck a marketingen, \u00e9rt\u00e9kes\u00edt\u00e9sben, vagy p\u00e9ld\u00e1ul a sz\u00e1ml\u00e1z\u00e1s ter\u00fclet\u00e9n dolgoz\u00f3k.<\/p>\n\n\n\n<p>A rakt\u00e1r \u00e9s a gy\u00e1rt\u00e1s viszont bent van, \u00edgy n\u00e1luk foganas\u00edtottunk sok biztons\u00e1gi int\u00e9zked\u00e9st. Bevezett\u00fck a k\u00e9t m\u00e9teres t\u00e1vols\u00e1gtart\u00e1st. A gy\u00e1rt\u00e1s, a logisztika, vagy a rakt\u00e1r ter\u00fclet\u00e9n k\u00f6telez\u0151 a sz\u00e1jmaszk visel\u00e9se, valamint a gumikeszty\u0171. Ezekkel az eszk\u00f6z\u00f6kkel egy\u00e9bk\u00e9nt ell\u00e1tjuk a munkat\u00e1rsakat, tov\u00e1bb\u00e1 C vitamint is biztos\u00edtunk a sz\u00e1mukra. Fontos ugyanis, hogy a termel\u00e9st mindaddig fenn tudjuk tartani \u00e9s el tudjuk l\u00e1tni az \u00e9p\u00edt\u00e9si piacot a sz\u00fcks\u00e9ges term\u00e9kekkel, am\u00edg a rendelkez\u00e9sek megengedik ezt.<br><\/p>\n\n\n\n<p> <strong>G.P:<\/strong> <strong>Olaszorsz\u00e1gban megy tov\u00e1bb a termel\u00e9s?<\/strong><\/p>\n\n\n\n<p> <strong>M.B:<\/strong> A termel\u00e9st nem \u00e1ll\u00edtott\u00e1k le. Illetve szabadon d\u00f6nthetett minden c\u00e9gvezet\u0151, hogy folytatja-e a termel\u00e9st. N\u00e1lunk c\u00e9gcsoporton bel\u00fcl szigor\u00fa int\u00e9zked\u00e9sek mellett megy a munka, a sof\u0151r\u00f6k eset\u00e9ben p\u00e9ld\u00e1ul k\u00f6telez\u0151 a l\u00e1zm\u00e9r\u00e9s. Olaszorsz\u00e1gban m\u0171k\u00f6dik az \u00e9p\u00edt\u0151ipar, teh\u00e1t a megfelel\u0151 v\u00e9dekez\u00e9s mellett a szakemberek mennek \u00e9s csin\u00e1lj\u00e1k a dolgukat, term\u00e9szetesen a fizikai kontaktust ker\u00fclve.<br><\/p>\n\n\n\n<p> <strong>G.P:<\/strong> <strong>Hogyan jutnak el most az anyagok Olaszorsz\u00e1gb\u00f3l Magyarorsz\u00e1gra?<\/strong><\/p>\n\n\n\n<p> <strong>M.B:<\/strong> Ez jelenleg nem egyszer\u0171 feladat. A szlov\u00e9n hat\u00e1r le van z\u00e1rva, az osztr\u00e1k oldalon pedig a sof\u0151rt tesztelik, \u00e9s k\u00e9t napig \u00e1llnak az aut\u00f3k. A magyar oldalra \u00e9rkezve pedig \u00f6nk\u00e9ntes karant\u00e9nba kell vonulniuk 14 napra.<br><\/p>\n\n\n\n<p>Sz\u00f3val iszony\u00faan neh\u00e9z most a sz\u00e1ll\u00edt\u00e1s Olaszorsz\u00e1gb\u00f3l. Felk\u00e9sz\u00fclt\u00fcnk persze anyaggal, de a k\u00e9szlet\u00fcnk nem fog \u00f6r\u00f6kk\u00e9 kitartani. B\u00e1rmi \u00e1ron meg kell oldanunk, hogy \u00e9rkezzen be anyag hozz\u00e1nk. Egyszer\u0171en musz\u00e1j, hogy az olasz sz\u00e1ll\u00edtm\u00e1nyok bej\u00f6jjenek. 10 emberem a megold\u00e1son dolgozik most.<\/p>\n\n\n\n<p> <strong>G.P:<\/strong> <strong>Mi a helyzet az irodai munka hat\u00e9konys\u00e1g\u00e1val?<\/strong><\/p>\n\n\n\n<p> <strong>M.B: <\/strong>Mindenki otthonr\u00f3l dolgozik, ehhez a technikai oldalt biztos\u00edtjuk. Csak a munka helysz\u00edne \u00e9s a kommunik\u00e1ci\u00f3 m\u00f3dja v\u00e1ltozott, a termel\u00e9s nem, teh\u00e1t a munkat\u00e1rsaknak termelni\u00fck kell. N\u00e1lunk ez a t\u00f6rv\u00e9ny, a termel\u00e9st nyomni kell.<\/p>\n\n\n\n<p>Egyszer\u0171en k\u00f6teless\u00e9gem most, hogy az \u00e9p\u00edt\u0151ipari piacot seg\u00edtsem. Seg\u00edteni kell a m\u00e1siknak, b\u00e1rmilyen felmer\u00fcl\u0151 probl\u00e9ma megold\u00e1s\u00e1ban. Egyed\u00fcl az menthet meg minket, ha termel\u00fcnk.<\/p>\n\n\n\n<p>Vezet\u0151k\u00e9nt kiemelten fontos most, hogy \u0151rizz\u00fck meg a nyugalmunkat. Nek\u00fcnk ez a felel\u0151ss\u00e9g\u00fcnk, mi nem p\u00e1nikolhatunk. Keresni a megold\u00e1sokat, nek\u00fcnk kell er\u0151t mutatnunk. Mindig rengeteg megold\u00e1s \u00e1ll rendelkez\u00e9sre, most is keresni kell \u0151ket.<\/p>\n\n\n\n<p> <strong>G.P:<\/strong> <strong>Fel voltatok k\u00e9sz\u00fclve erre a mostani helyzetre?<\/strong><\/p>\n\n\n\n<p> <strong>M.B:<\/strong> Nem voltunk felk\u00e9sz\u00fclve, n\u00e9h\u00e1ny munkat\u00e1rsunk dolgozott csak home office-ban eddig. Reag\u00e1lnunk kellett, m\u00e9ghozz\u00e1 gyorsan. Volt, akinek nyomtat\u00f3t vett\u00fcnk otthonra. Ez tipikusan az a helyzet, amikor ne gondold t\u00fal a dolgokat, egyszer\u0171en csin\u00e1ld. Szerencs\u00e9re otthon fantasztikusan dolgoznak a munkat\u00e1rsak, \u00e9s termelnek.<\/p>\n\n\n\n<figure class=\"wp-block-image is-resized\"><img loading=\"lazy\" decoding=\"async\" src=\"https:\/\/bizalmikor.hu\/blog\/wp-content\/uploads\/2020\/03\/unnamed-1.jpg\" alt=\"\" class=\"wp-image-1743\" width=\"935\" height=\"572\" srcset=\"https:\/\/bizalmikor.hu\/blog\/wp-content\/uploads\/2020\/03\/unnamed-1.jpg 512w, https:\/\/bizalmikor.hu\/blog\/wp-content\/uploads\/2020\/03\/unnamed-1-300x183.jpg 300w\" sizes=\"(max-width: 935px) 100vw, 935px\" \/><figcaption> <strong>&#8220;Vezet\u0151k\u00e9nt kiemelten fontos most, hogy \u0151rizz\u00fck meg a nyugalmunkat.&#8221;<\/strong><\/figcaption><\/figure>\n\n\n\n<p> <strong>G.P:<\/strong> <strong>Hogy m\u0171k\u00f6dik a kommunik\u00e1ci\u00f3 c\u00e9gen bel\u00fcl?<\/strong><\/p>\n\n\n\n<p> <strong>M.B:<\/strong> Igyekezt\u00fcnk \u00fagy kialak\u00edtani a kommunik\u00e1ci\u00f3t, hogy minden \u00fagy m\u0171k\u00f6dj\u00f6n, ahogy m\u00e1skor is m\u0171k\u00f6dne. Csak a helysz\u00edn v\u00e1ltozott meg. A Microsoft Teams kifog\u00e1stalanul m\u0171k\u00f6dik egy\u00e9bk\u00e9nt n\u00e1lunk. <\/p>\n\n\n\n<p>Fontos, hogy most a partnerek fel\u00e9 is s\u0171r\u00edteni kell a kommunik\u00e1ci\u00f3t. Mindent meg lehet oldani online, p\u00e9ld\u00e1ul az oktat\u00e1st is.<\/p>\n\n\n\n<p> <strong>G.P:<\/strong> <strong>Van-e b\u00e1rmilyen tan\u00e1csod a turizmusban \u00e9s vend\u00e9gl\u00e1t\u00e1sban tev\u00e9kenyked\u0151knek?<\/strong><\/p>\n\n\n\n<p> <strong>M.B:<\/strong> J\u00f3 \u00f6tletnek tartom, hogy az \u00e9ttermek azonnal reag\u00e1ltak, \u00e9s elkezdt\u00e9k a kisz\u00e1ll\u00edt\u00e1st. A sz\u00e1llod\u00e1k eset\u00e9ben m\u00e9g nem gondolkoztam, megmondom \u0151szint\u00e9n. Val\u00f3sz\u00edn\u0171leg nem az lesz a megold\u00e1s eredm\u00e9nye mint eddig. De ha ak\u00e1r egy kisebb dolgot is siker\u00fcl megval\u00f3s\u00edtani, akkor k\u00f6nnyebb lehet majd tov\u00e1bbl\u00e9pni.<\/p>\n\n\n\n<p>Az biztos, hogy az elszigetel\u0151d\u00e9s a hal\u00e1llal \u00e9r fel. Be\u00e1gyazotts\u00e1g kell a piacon, meg kell tal\u00e1lni azt a megold\u00e1st, amivel nem szigetel\u0151d\u00fcnk el.<\/p>\n\n\n\n<p> <strong>G.P:<\/strong> <strong>Mit l\u00e1tsz az \u00e9p\u00edt\u0151ipar eg\u00e9sz\u00e9t tekintve? Milyen folyamatokra sz\u00e1m\u00edtasz?<\/strong><\/p>\n\n\n\n<p> <strong>M.B:<\/strong> Lassulni fog az \u00e9p\u00edt\u0151ipar, a j\u00f6v\u0151beni beruh\u00e1z\u00e1sokr\u00f3l foly\u00f3 a t\u00e1rgyal\u00e1sok is lassulni fognak. Most a v\u00e9dekez\u00e9s \u00e9s a t\u00e1vols\u00e1gtart\u00e1s a fontos.<\/p>\n\n\n\n<p>Lassulni fognak a tervez\u00e9sek, a kivitelez\u00e9sek, emellett pedig term\u00e9k hi\u00e1ny is el\u0151fordulhat. \u00c9rdemes m\u00e1r most t\u00e1rgyalni a megrendel\u0151kkel a kivitelez\u00e9s \u00e1t\u00fctemez\u00e9sr\u0151l. Fontos most egym\u00e1st seg\u00edteni abban, hogy ezt a neh\u00e9z id\u0151szakot min\u00e9l t\u00f6bben \u00e1tv\u00e9szelj\u00fck.<\/p>\n\n\n\n<p> <strong>G.P:<\/strong> <strong>C\u00e9gvezet\u0151i szempontb\u00f3l mit tehet\u00fcnk az\u00e9rt, hogy j\u00f3l legy\u00fcnk?<\/strong><\/p>\n\n\n\n<p> <strong>M.B:<\/strong> Ne hallgassunk olyan h\u00edreket, amik lerombolj\u00e1k a kedv\u00fcnket. Nem mindegy ugyanis, hogy egy h\u00edrt valaki hogy t\u00e1lal. Meg kell \u0151rizni a saj\u00e1t lelki nyugalmunkat. Egyszer\u0171en semmi nem \u00e9ri meg, hogy a kedv\u00fcnket elrontsa. Rosszkedvvel csak a probl\u00e9m\u00e1kat l\u00e1tjuk. Nek\u00fcnk pedig most a megold\u00e1sokat kell l\u00e1tnunk.<\/p>\n\n\n\n<p>Ha az seg\u00edt, akkor reggel hallgassunk lelkes\u00edt\u0151 zen\u00e9t. Ne pizsam\u00e1ban \u00fclj\u00fcnk otthon, hanem rendesen fel\u00f6lt\u00f6zve, mintha munk\u00e1ba menn\u00e9nk.<\/p>\n\n\n\n<p>Tov\u00e1bb\u00e1 meg kell n\u00e9zni, hogy \u00e1ll a c\u00e9g p\u00e9nz\u00fcgyileg. T\u00e1rgyalni a besz\u00e1ll\u00edt\u00f3kkal. Legyen arra p\u00e9nzem, hogy a munkat\u00e1rsakat meg tudjam tartani. Amikor elm\u00falik ez a helyzet, akkor ugyanis kellenek majd az emberek.<\/p>\n\n\n\n<p> <strong>G.P:<\/strong> <strong>Mit gondolsz, milyen hat\u00e1sai lehetnek a koronav\u00edrusnak hossz\u00fa t\u00e1von?<\/strong><\/p>\n\n\n\n<p> <strong>M.B:<\/strong> A kommunik\u00e1ci\u00f3 meg fog v\u00e1ltozni. Sokkal t\u00f6bbet haszn\u00e1ljuk majd az online kommunik\u00e1ci\u00f3t. Egy\u00fattal azt is v\u00e1rom, hogy jobb lesz a kapcsolat a munkat\u00e1rsak k\u00f6z\u00f6tt.<\/p>\n\n\n\n<p>Val\u00f3sz\u00edn\u0171leg megfontoltabb\u00e1 v\u00e1lnak majd a vezet\u0151k, \u00e9s c\u00e9gek jobbak fognak figyelni a tartal\u00e9k k\u00e9pz\u00e9s\u00e9re. Prognosztiz\u00e1lhat\u00f3, hogy rugalmasabb szerz\u0151d\u00e9seket k\u00f6tnek majd. V\u00e1ltozhat tov\u00e1bb\u00e1 az \u00e9letm\u00f3dunk, a m\u0171k\u00f6d\u00e9s\u00fcnk.<\/p>\n\n\n\n<p>Olyan \u00faj \u00fczleti modellek j\u00f6nnek l\u00e9tre, amiket mostan\u00e1ig el sem tudtunk k\u00e9pzelni. Ki kell szakadni a rutinb\u00f3l, \u00e9s \u00fajra kell gondolni a helyzetet.<\/p>\n\n\n\n<p> <strong>G.P:<\/strong> <strong>Mi lenne az egyetlen \u00fczeneted a neh\u00e9z helyzetben c\u00e9geknek?<\/strong><\/p>\n\n\n\n<p> <strong>M.B:<\/strong> Tudjunk gondolkodni azon, hogy mit kell most csin\u00e1lnunk. Higgadtnak kell maradni, azt kell n\u00e9zni, hogy ebb\u0151l mit tudunk most kihozni. A termel\u00e9s maradjon meg, ahol csak lehet.&nbsp; Tov\u00e1bb\u00e1 most van itt az id\u0151, hogy k\u00e9pezz\u00fck az embereket. Tegy\u00fck \u0151ket er\u0151sebb\u00e9 a posztjukban, \u00e9s emberileg is.<\/p>\n\n\n\n<p>Emellett pedig maradjunk eg\u00e9szs\u00e9gesek. Sportoljunk \u00e9s legy\u00fcnk a szabad leveg\u0151n, am\u00edg m\u00e9g lehet. Annyi rosszb\u00f3l fel\u00e1lltunk m\u00e1r, ebb\u0151l is fel fogunk.<\/p>\n\n\n\n<p><strong>B\u00e9la egy\u00e9bk\u00e9nt felaj\u00e1nlotta, hogy egy \u00e1ltala ismert sz\u00e1jmaszk gy\u00e1rt\u00e1s\u00e1val foglalkoz\u00f3 c\u00e9g el\u00e9rhet\u0151s\u00e9g\u00e9t sz\u00edvesen megosztja b\u00e1rkivel. Az al\u00e1bbi el\u00e9rhet\u0151s\u00e9gen tudj\u00e1tok felvenni vele a kapcsolatot: markovich@mapei.hu<\/strong><br><\/p>\n\n\n\n<hr class=\"wp-block-separator\"\/>\n\n\n\n<h1 class=\"has-text-align-center wp-block-heading\">Szeretn\u00e9l megismerkedni klubtagjainkkal? K\u00e9rj egy megh\u00edv\u00f3t!<\/h1>\n\n\n\n<div class=\"wp-block-button aligncenter\"><a class=\"wp-block-button__link has-background\" href=\"https:\/\/bizalmikor.hu\/kapcsolat\/\" style=\"background-color:#14496b\" target=\"_blank\" rel=\"noreferrer noopener\"><strong>\u00c9rdekel a Bizalmi K\u00f6r klubtags\u00e1g<\/strong><\/a><\/div>\n\n\n\n<hr class=\"wp-block-separator\"\/>\n","protected":false},"excerpt":{"rendered":"<p>Most meg kell \u0151rizni a saj\u00e1t lelki nyugalmunkat, mert most a probl\u00e9m\u00e1k helyett a megold\u00e1sokat kell l\u00e1tnunk. Most s\u0171r\u00edteni kell a partnerek fel\u00e9 a kommunik\u00e1ci\u00f3t, nem szabad elszigetel\u0151dni a piacon, a termel\u00e9st pedig nyomni kell.<\/p>\n","protected":false},"author":3,"featured_media":1741,"comment_status":"closed","ping_status":"open","sticky":false,"template":"","format":"standard","meta":{"footnotes":""},"categories":[25,16],"tags":[],"yoast_head":"<!-- This site is optimized with the Yoast SEO plugin v15.4 - https:\/\/yoast.com\/wordpress\/plugins\/seo\/ -->\n<title>Most a probl\u00e9m\u00e1k helyett a megold\u00e1sokat kell megl\u00e1tnunk<\/title>\n<meta name=\"robots\" content=\"index, follow, max-snippet:-1, max-image-preview:large, max-video-preview:-1\" \/>\n<link rel=\"canonical\" href=\"https:\/\/bizalmikor.hu\/blog\/2020\/03\/19\/most-a-problemak-helyett-a-megoldasokat-kell-meglatnunk\/\" \/>\n<meta property=\"og:locale\" content=\"hu_HU\" \/>\n<meta property=\"og:type\" content=\"article\" \/>\n<meta property=\"og:title\" content=\"Most a probl\u00e9m\u00e1k helyett a megold\u00e1sokat kell megl\u00e1tnunk\" \/>\n<meta property=\"og:description\" content=\"Most meg kell \u0151rizni a saj\u00e1t lelki nyugalmunkat, mert most a probl\u00e9m\u00e1k helyett a megold\u00e1sokat kell l\u00e1tnunk. Most s\u0171r\u00edteni kell a partnerek fel\u00e9 a kommunik\u00e1ci\u00f3t, nem szabad elszigetel\u0151dni a piacon, a termel\u00e9st pedig nyomni kell.\" \/>\n<meta property=\"og:url\" content=\"https:\/\/bizalmikor.hu\/blog\/2020\/03\/19\/most-a-problemak-helyett-a-megoldasokat-kell-meglatnunk\/\" \/>\n<meta property=\"og:site_name\" content=\"Bizalmi K\u00f6r blog\" \/>\n<meta property=\"article:publisher\" content=\"https:\/\/www.facebook.com\/bizalmikor\" \/>\n<meta property=\"article:published_time\" content=\"2020-03-19T12:57:14+00:00\" \/>\n<meta property=\"article:modified_time\" content=\"2020-03-20T11:48:14+00:00\" \/>\n<meta property=\"og:image\" content=\"https:\/\/bizalmikor.hu\/blog\/wp-content\/uploads\/2020\/03\/worker-1895691_1920.jpg\" \/>\n\t<meta property=\"og:image:width\" content=\"1920\" \/>\n\t<meta property=\"og:image:height\" content=\"1080\" \/>\n<meta name=\"twitter:card\" content=\"summary_large_image\" \/>\n<meta name=\"twitter:label1\" content=\"Szerz\u0151:\">\n\t<meta name=\"twitter:data1\" content=\"Gangel P\u00e9ter\">\n\t<meta name=\"twitter:label2\" content=\"Becs\u00fclt olvas\u00e1si id\u0151\">\n\t<meta name=\"twitter:data2\" content=\"6 perc\">\n<script type=\"application\/ld+json\" class=\"yoast-schema-graph\">{\"@context\":\"https:\/\/schema.org\",\"@graph\":[{\"@type\":\"Organization\",\"@id\":\"https:\/\/bizalmikor.hu\/blog\/#organization\",\"name\":\"Bizalmi K\\u00f6r Kft.\",\"url\":\"https:\/\/bizalmikor.hu\/blog\/\",\"sameAs\":[\"https:\/\/www.facebook.com\/bizalmikor\",\"https:\/\/www.instagram.com\/bizalmikor\/\",\"https:\/\/www.linkedin.com\/company\/19165894\",\"https:\/\/www.youtube.com\/channel\/UC7fAD3QCIWeSexU5t6F3YOw?view_as=subscriber\"],\"logo\":{\"@type\":\"ImageObject\",\"@id\":\"https:\/\/bizalmikor.hu\/blog\/#logo\",\"inLanguage\":\"hu\",\"url\":\"https:\/\/bizalmikor.hu\/blog\/wp-content\/uploads\/2019\/02\/Group-2.png\",\"width\":4033,\"height\":1192,\"caption\":\"Bizalmi K\\u00f6r Kft.\"},\"image\":{\"@id\":\"https:\/\/bizalmikor.hu\/blog\/#logo\"}},{\"@type\":\"WebSite\",\"@id\":\"https:\/\/bizalmikor.hu\/blog\/#website\",\"url\":\"https:\/\/bizalmikor.hu\/blog\/\",\"name\":\"Bizalmi K\\u00f6r blog\",\"description\":\"Egynek minden neh\\u00e9z, soknak semmi sem lehetetlen.\",\"publisher\":{\"@id\":\"https:\/\/bizalmikor.hu\/blog\/#organization\"},\"potentialAction\":[{\"@type\":\"SearchAction\",\"target\":\"https:\/\/bizalmikor.hu\/blog\/?s={search_term_string}\",\"query-input\":\"required name=search_term_string\"}],\"inLanguage\":\"hu\"},{\"@type\":\"ImageObject\",\"@id\":\"https:\/\/bizalmikor.hu\/blog\/2020\/03\/19\/most-a-problemak-helyett-a-megoldasokat-kell-meglatnunk\/#primaryimage\",\"inLanguage\":\"hu\",\"url\":\"https:\/\/bizalmikor.hu\/blog\/wp-content\/uploads\/2020\/03\/worker-1895691_1920.jpg\",\"width\":1920,\"height\":1080},{\"@type\":\"WebPage\",\"@id\":\"https:\/\/bizalmikor.hu\/blog\/2020\/03\/19\/most-a-problemak-helyett-a-megoldasokat-kell-meglatnunk\/#webpage\",\"url\":\"https:\/\/bizalmikor.hu\/blog\/2020\/03\/19\/most-a-problemak-helyett-a-megoldasokat-kell-meglatnunk\/\",\"name\":\"Most a probl\\u00e9m\\u00e1k helyett a megold\\u00e1sokat kell megl\\u00e1tnunk\",\"isPartOf\":{\"@id\":\"https:\/\/bizalmikor.hu\/blog\/#website\"},\"primaryImageOfPage\":{\"@id\":\"https:\/\/bizalmikor.hu\/blog\/2020\/03\/19\/most-a-problemak-helyett-a-megoldasokat-kell-meglatnunk\/#primaryimage\"},\"datePublished\":\"2020-03-19T12:57:14+00:00\",\"dateModified\":\"2020-03-20T11:48:14+00:00\",\"inLanguage\":\"hu\",\"potentialAction\":[{\"@type\":\"ReadAction\",\"target\":[\"https:\/\/bizalmikor.hu\/blog\/2020\/03\/19\/most-a-problemak-helyett-a-megoldasokat-kell-meglatnunk\/\"]}]},{\"@type\":\"Article\",\"@id\":\"https:\/\/bizalmikor.hu\/blog\/2020\/03\/19\/most-a-problemak-helyett-a-megoldasokat-kell-meglatnunk\/#article\",\"isPartOf\":{\"@id\":\"https:\/\/bizalmikor.hu\/blog\/2020\/03\/19\/most-a-problemak-helyett-a-megoldasokat-kell-meglatnunk\/#webpage\"},\"author\":{\"@id\":\"https:\/\/bizalmikor.hu\/blog\/#\/schema\/person\/a89936ed381c3afa4cd7a27040dbfb07\"},\"headline\":\"Most a probl\\u00e9m\\u00e1k helyett a megold\\u00e1sokat kell megl\\u00e1tnunk\",\"datePublished\":\"2020-03-19T12:57:14+00:00\",\"dateModified\":\"2020-03-20T11:48:14+00:00\",\"mainEntityOfPage\":{\"@id\":\"https:\/\/bizalmikor.hu\/blog\/2020\/03\/19\/most-a-problemak-helyett-a-megoldasokat-kell-meglatnunk\/#webpage\"},\"commentCount\":1,\"publisher\":{\"@id\":\"https:\/\/bizalmikor.hu\/blog\/#organization\"},\"image\":{\"@id\":\"https:\/\/bizalmikor.hu\/blog\/2020\/03\/19\/most-a-problemak-helyett-a-megoldasokat-kell-meglatnunk\/#primaryimage\"},\"articleSection\":\"COVID-19 \\u00fczleti tapasztalatok,V\\u00e1llalkoz\\u00e1s\",\"inLanguage\":\"hu\"},{\"@type\":\"Person\",\"@id\":\"https:\/\/bizalmikor.hu\/blog\/#\/schema\/person\/a89936ed381c3afa4cd7a27040dbfb07\",\"name\":\"Gangel P\\u00e9ter\",\"image\":{\"@type\":\"ImageObject\",\"@id\":\"https:\/\/bizalmikor.hu\/blog\/#personlogo\",\"inLanguage\":\"hu\",\"url\":\"https:\/\/secure.gravatar.com\/avatar\/ee1c6e901d6b9c50c9a2204252c914b4?s=96&d=mm&r=g\",\"caption\":\"Gangel P\\u00e9ter\"}}]}<\/script>\n<!-- \/ Yoast SEO plugin. -->","_links":{"self":[{"href":"https:\/\/bizalmikor.hu\/blog\/wp-json\/wp\/v2\/posts\/1739"}],"collection":[{"href":"https:\/\/bizalmikor.hu\/blog\/wp-json\/wp\/v2\/posts"}],"about":[{"href":"https:\/\/bizalmikor.hu\/blog\/wp-json\/wp\/v2\/types\/post"}],"author":[{"embeddable":true,"href":"https:\/\/bizalmikor.hu\/blog\/wp-json\/wp\/v2\/users\/3"}],"replies":[{"embeddable":true,"href":"https:\/\/bizalmikor.hu\/blog\/wp-json\/wp\/v2\/comments?post=1739"}],"version-history":[{"count":8,"href":"https:\/\/bizalmikor.hu\/blog\/wp-json\/wp\/v2\/posts\/1739\/revisions"}],"predecessor-version":[{"id":1753,"href":"https:\/\/bizalmikor.hu\/blog\/wp-json\/wp\/v2\/posts\/1739\/revisions\/1753"}],"wp:featuredmedia":[{"embeddable":true,"href":"https:\/\/bizalmikor.hu\/blog\/wp-json\/wp\/v2\/media\/1741"}],"wp:attachment":[{"href":"https:\/\/bizalmikor.hu\/blog\/wp-json\/wp\/v2\/media?parent=1739"}],"wp:term":[{"taxonomy":"category","embeddable":true,"href":"https:\/\/bizalmikor.hu\/blog\/wp-json\/wp\/v2\/categories?post=1739"},{"taxonomy":"post_tag","embeddable":true,"href":"https:\/\/bizalmikor.hu\/blog\/wp-json\/wp\/v2\/tags?post=1739"}],"curies":[{"name":"wp","href":"https:\/\/api.w.org\/{rel}","templated":true}]}}