{"id":1755,"date":"2020-03-23T11:54:48","date_gmt":"2020-03-23T11:54:48","guid":{"rendered":"https:\/\/bizalmikor.hu\/blog\/?p=1755"},"modified":"2020-05-11T12:42:46","modified_gmt":"2020-05-11T12:42:46","slug":"a-koronavirus-valsag-utan-kulcsfontossagu-lesz-a-hatekonyabb-mukodes","status":"publish","type":"post","link":"https:\/\/bizalmikor.hu\/blog\/2020\/03\/23\/a-koronavirus-valsag-utan-kulcsfontossagu-lesz-a-hatekonyabb-mukodes\/","title":{"rendered":"A koronav\u00edrus v\u00e1ls\u00e1g ut\u00e1n  kulcsfontoss\u00e1g\u00fa lesz a hat\u00e9konyabb m\u0171k\u00f6d\u00e9s"},"content":{"rendered":"\n<p><strong>Term\u00e9szetesen kiemelt jelent\u0151s\u00e9ge van a tudatos p\u00e9nz\u00fcgyi tervez\u00e9snek \u00e9s a v\u00e9szforgat\u00f3k\u00f6nyvek fel\u00e1ll\u00edt\u00e1s\u00e1nak, mik\u00f6zben a saj\u00e1t marketing\u00fcnk meger\u0151s\u00edt\u00e9se jelentheti k\u00e9s\u0151bb a kulcsot a kil\u00e1bal\u00e1shoz. Az irodai k\u00f6rnyezet, illetve munkater\u00fclet hat\u00e9konyabb kihaszn\u00e1l\u00e1s\u00e1ra a j\u00f6v\u0151ben komolyan megn\u00f6vekedhet az ig\u00e9ny.<\/strong><\/p>\n\n\n\n<ul><li> <strong>Mit tesztek a hat\u00e9konyabb j\u00f6v\u0151\u00e9rt?<\/strong> <\/li><li> <strong>Hogy \u00e9p\u00fcl fel a strukt\u00fara?<\/strong><\/li><li><strong>Mi seg\u00edti a munk\u00e1t?<\/strong><\/li><\/ul>\n\n\n\n<p>B\u00e1nyai Norbert, az <a href=\"http:\/\/www.f-actinteriors.com\/\">F-Act Interiors <\/a>\u00fcgyvezet\u0151je volt a vend\u00e9g\u00fcnk a r\u00f6gt\u00f6nz\u00f6tt st\u00fadi\u00f3nkban: <\/p>\n\n\n\n<p><strong>Gangel P\u00e9ter:<\/strong> <strong>N\u00e1latok hogy \u00e9p\u00fcl fel a strukt\u00fara? Mekkora a csapat, illetve hogy dolgoztatok?<\/strong><\/p>\n\n\n\n<p>B\u00e1nyai Norbert: 3 \u00e9ve gener\u00e1ltervez\u0151k\u00e9nt dolgozunk, erre specializ\u00e1l\u00f3dtunk \u00fagymond. Nemcsak bels\u0151 \u00e9p\u00edt\u00e9szeti vonatkoz\u00e1ssal foglalkozunk, hanem b\u0151v\u00edtett\u00fck a piacunkat, \u00edgy meg is ugrott a l\u00e9tsz\u00e1m 5 f\u0151 ut\u00e1n eg\u00e9szen 12-re. Egy\u00e9bk\u00e9nt folyamatban van a 13.munkat\u00e1rs \u00e9rkez\u00e9se, csak most ezt&nbsp; technikailag nem egyszer\u0171 megoldani.<\/p>\n\n\n\n<p>N\u00e9h\u00e1ny hete m\u00e9g el\u00e9gg\u00e9 szkeptikus voltam a j\u00e1rv\u00e1nnyal kapcsolatban, a home office \u00f6tlet\u00e9re pedig azt mondtuk, hogy kiz\u00e1rt. Sokba ker\u00fclt az irodai k\u00f6rnyezet kialak\u00edt\u00e1sa, abszol\u00fat t\u00e1mogatja a kreat\u00edv \u00e9s hat\u00e9kony munkav\u00e9gz\u00e9st. Azt\u00e1n a m\u00falt p\u00e9nteken, egyik pillanatr\u00f3l a m\u00e1sikra ott \u00e1lltunk, hogy nincs mese, most meg kell oldani a home office k\u00e9rd\u00e9st. Most \u00e9n j\u00e1rok be az irod\u00e1ba egyed\u00fcl, vas\u00e1rnap is bent voltam. Egyed\u00fcl int\u00e9zem amit kell, a t\u00f6bbiek pedig otthonr\u00f3l \u00e1llnak helyt.<\/p>\n\n\n\n<p>Volt m\u00e1r egy projektmenedzser szoftver\u00fcnk, a Monday.com. Kifejezetten felhaszn\u00e1l\u00f3bar\u00e1t platform, ak\u00e1r egy online Excel. M\u00e1sf\u00e9l \u00e9ve bevezett\u00fck m\u00e1r, csak mivel nem volt musz\u00e1j, ez\u00e9rt eddig nem ment\u00fcnk bele m\u00e9lyebben. Egy nap alatt \u00f6sszeraktuk a strukt\u00far\u00e1t,&nbsp; az egy\u00e9bk\u00e9nt felhaszn\u00e1l\u00f3bar\u00e1t fel\u00fcleten, \u00e9s h\u00e9tf\u0151t\u0151l zavartalanul ment a tervez\u00e9s. Mivel a tervez\u00e9shez nagy teljes\u00edtm\u00e9ny\u0171 PC kell, ez\u00e9rt a tervez\u00e9shez sz\u00fcks\u00e9ges eszk\u00f6z\u00f6ket hazavitt\u00fck, \u00e9s mindenkinek megcsin\u00e1ltuk a helyettes\u00edt\u00e9st.<\/p>\n\n\n\n<p><strong>G.P: J\u00f3l hallottam, hogy hozz\u00e1tok m\u00e9g a h\u00e9ten bej\u00f6tt m\u00e9g k\u00e9t \u00faj megrendel\u00e9s?<\/strong><\/p>\n\n\n\n<p><strong>B.N:<\/strong> N\u00e1lunk hosszabbak a folyamatok, teh\u00e1t a megl\u00e9v\u0151 projektek mennek tov\u00e1bb. Egyeztett\u00fcnk az \u00fcgyfelekkel, az \u00e1raj\u00e1nlatokkal kapcsolatos folyamatokkal is siker\u00fclt haladni. A tervez\u00e9s a j\u00f6v\u0151be val\u00f3 befektet\u00e9snek min\u0151s\u00fcl, \u00e9s mi \u00fagy l\u00e1tjuk, hogy sokan maradtak pozit\u00edvak az \u00fcgyf\u00e9lk\u00f6r\u00fcnkb\u0151l.<\/p>\n\n\n\n<p>Plusz lehet\u0151s\u00e9g, hogy mi tev\u00e9kenys\u00e9gi alap\u00fa munkak\u00f6rnyezet tervez\u00e9ssel is foglalkozunk, vagyis a hat\u00e9konys\u00e1got tudjuk n\u00f6velni. P\u00e9ld\u00e1ul h\u00e1rom elfoglalt szintr\u0151l ak\u00e1r egy szintre tudunk k\u00f6lt\u00f6ztetni egy irod\u00e1t, rengeteg helyet \u00e9s k\u00f6lts\u00e9get megtakar\u00edtva \u00edgy a megb\u00edz\u00f3nak. Ez a j\u00f6v\u0151ben egy \u00fajabb h\u00faz\u00f3 \u00e1gazatunk lehet, mert a munkater\u00fclet hat\u00e9konyabb kihaszn\u00e1l\u00e1s\u00e1ra megn\u00f6vekedhet az ig\u00e9ny.<\/p>\n\n\n\n<p> <strong>G.P: Ti a c\u00e9gen bel\u00fcl mit tesztek a hat\u00e9konyabb j\u00f6v\u0151\u00e9rt?<\/strong><\/p>\n\n\n\n<p> <strong>B.N:<\/strong> A kommunik\u00e1ci\u00f3 most el\u00e9g sokat javult, ak\u00e1r csapaton bel\u00fcl, ak\u00e1r a partnereinkkel. A vide\u00f3s meetingek, valamint a folyamatos besz\u00e1mol\u00f3k komoly fejl\u0151d\u00e9si potenci\u00e1lt jelenthetnek. Emellett pedig egy j\u00f6v\u0151beni visszaes\u00e9sn\u00e9l a saj\u00e1t marketing\u00fcnk meger\u0151s\u00edt\u00e9se kulcsfontoss\u00e1g\u00fa lesz annak \u00e9rdek\u00e9ben, hogy hossz\u00fa t\u00e1von megvess\u00fck a l\u00e1bunkat.<\/p>\n\n\n\n<figure class=\"wp-block-image size-large is-resized\"><img loading=\"lazy\" decoding=\"async\" src=\"https:\/\/bizalmikor.hu\/blog\/wp-content\/uploads\/2020\/03\/banyai_norbert.png\" alt=\"\" class=\"wp-image-1757\" width=\"897\" height=\"897\" srcset=\"https:\/\/bizalmikor.hu\/blog\/wp-content\/uploads\/2020\/03\/banyai_norbert.png 472w, https:\/\/bizalmikor.hu\/blog\/wp-content\/uploads\/2020\/03\/banyai_norbert-300x300.png 300w, https:\/\/bizalmikor.hu\/blog\/wp-content\/uploads\/2020\/03\/banyai_norbert-150x150.png 150w\" sizes=\"(max-width: 897px) 100vw, 897px\" \/><figcaption>  &#8220;&#8230;a j\u00f6v\u0151ben egy \u00fajabb h\u00faz\u00f3 \u00e1gazatunk lehet, mert a munkater\u00fclet hat\u00e9konyabb kihaszn\u00e1l\u00e1s\u00e1ra megn\u00f6vekedhet az ig\u00e9ny&#8230;&#8221;<\/figcaption><\/figure>\n\n\n\n<p><strong>G.P: K\u00e9sz\u00fclsz-e visszaes\u00e9sre a be\u00e9rkez\u0151 megb\u00edz\u00e1sok kapcs\u00e1n?<\/strong><\/p>\n\n\n\n<p> <strong>B.N:<\/strong> K\u00e9szen \u00e1ll a forgat\u00f3k\u00f6nyv\u00fcnk a k\u00f6vetkez\u0151 f\u00e9l\u00e9vre, a lehets\u00e9ges visszaes\u00e9s m\u00e9rt\u00e9k\u00e9nek megfelel\u0151en k\u00fcl\u00f6n bontva. El\u0151re \u00f6ssze\u00edrtuk teh\u00e1t azokat a sz\u00fcks\u00e9ges int\u00e9zked\u00e9seket, amelyek a m\u0171k\u00f6d\u00e9s fenntart\u00e1s\u00e1hoz n\u00e9lk\u00fcl\u00f6zhetetlenek. \u00c1tvizsg\u00e1ljuk a t\u00e9nyleges kiad\u00e1sokat \u00e9s k\u00f6lts\u00e9geket. Fontos a tudatos p\u00e9nz\u00fcgyi tervez\u00e9s, illetve annak a l\u00e9tsz\u00e1mnak az ismerete, amivel fenn tudjuk tartani a m\u0171k\u00f6d\u00e9st.<\/p>\n\n\n\n<p> <strong>G.P:<\/strong> <strong>Ti sz\u00e1llod\u00e1knak is terveztek. Van-e \u00fczeneted a turizmusban, illetve az \u00e9p\u00edt\u0151iparban \u00e9rintett c\u00e9gvezet\u0151k sz\u00e1m\u00e1ra?<\/strong><\/p>\n\n\n\n<p><strong>B.N:<\/strong> Tal\u00e1n most lesz itt az ideje elv\u00e9gezni azokat a munk\u00e1kat, amik a hossz\u00fa t\u00e1von seg\u00edtik majd a hat\u00e9konyabb m\u0171k\u00f6d\u00e9st. Azokra a minim\u00e1lis beruh\u00e1z\u00e1st ig\u00e9nyl\u0151 teend\u0151kre gondolok, mint a vizesblokkok fel\u00faj\u00edt\u00e1sa, vagy egy folyos\u00f3fest\u00e9s. Ezekre kor\u00e1bban nem volt id\u0151 \u00e9s kapacit\u00e1s. Irodah\u00e1zakn\u00e1l is fel lehet m\u00e9rni a k\u00e9szletet, hogy mindez a k\u00e9s\u0151bbi b\u00e9rbead\u00e1st seg\u00edtse.<\/p>\n\n\n\n<hr class=\"wp-block-separator\"\/>\n\n\n\n<h1 class=\"has-text-align-center wp-block-heading\">Szeretn\u00e9l megismerkedni klubtagjainkkal? K\u00e9rj egy megh\u00edv\u00f3t!<\/h1>\n\n\n\n<div class=\"wp-block-button aligncenter\"><a class=\"wp-block-button__link has-background\" href=\"https:\/\/bizalmikor.hu\/kapcsolat\/\" style=\"background-color:#14496b\" target=\"_blank\" rel=\"noreferrer noopener\"><strong>\u00c9rdekel a Bizalmi K\u00f6r klubtags\u00e1g<\/strong><\/a><\/div>\n\n\n\n<hr class=\"wp-block-separator\"\/>\n","protected":false},"excerpt":{"rendered":"<p>Term\u00e9szetesen kiemelt jelent\u0151s\u00e9ge van a tudatos p\u00e9nz\u00fcgyi tervez\u00e9snek \u00e9s a v\u00e9szforgat\u00f3k\u00f6nyvek fel\u00e1ll\u00edt\u00e1s\u00e1nak, mik\u00f6zben a saj\u00e1t marketing\u00fcnk meger\u0151s\u00edt\u00e9se jelentheti k\u00e9s\u0151bb a kulcsot a kil\u00e1bal\u00e1shoz. Az irodai k\u00f6rnyezet, illetve munkater\u00fclet hat\u00e9konyabb kihaszn\u00e1l\u00e1s\u00e1ra a j\u00f6v\u0151ben komolyan megn\u00f6vekedhet az ig\u00e9ny.<\/p>\n","protected":false},"author":3,"featured_media":1761,"comment_status":"closed","ping_status":"open","sticky":false,"template":"","format":"standard","meta":{"footnotes":""},"categories":[25,16],"tags":[],"yoast_head":"<!-- This site is optimized with the Yoast SEO plugin v15.4 - https:\/\/yoast.com\/wordpress\/plugins\/seo\/ -->\n<title>A koronav\u00edrus v\u00e1ls\u00e1g ut\u00e1n kulcsfontoss\u00e1g\u00fa lesz a hat\u00e9konyabb m\u0171k\u00f6d\u00e9s<\/title>\n<meta name=\"description\" content=\"Term\u00e9szetesen kiemelt jelent\u0151s\u00e9ge van a tudatos p\u00e9nz\u00fcgyi tervez\u00e9snek \u00e9s a v\u00e9szforgat\u00f3k\u00f6nyvek fel\u00e1ll\u00edt\u00e1s\u00e1nak, mik\u00f6zben a saj\u00e1t marketing\u00fcnk meger\u0151s\u00edt\u00e9se jelentheti k\u00e9s\u0151bb a kulcsot a kil\u00e1bal\u00e1shoz.\" \/>\n<meta name=\"robots\" content=\"index, follow, max-snippet:-1, max-image-preview:large, max-video-preview:-1\" \/>\n<link rel=\"canonical\" href=\"https:\/\/bizalmikor.hu\/blog\/2020\/03\/23\/a-koronavirus-valsag-utan-kulcsfontossagu-lesz-a-hatekonyabb-mukodes\/\" \/>\n<meta property=\"og:locale\" content=\"hu_HU\" \/>\n<meta property=\"og:type\" content=\"article\" \/>\n<meta property=\"og:title\" content=\"A koronav\u00edrus v\u00e1ls\u00e1g ut\u00e1n kulcsfontoss\u00e1g\u00fa lesz a hat\u00e9konyabb m\u0171k\u00f6d\u00e9s\" \/>\n<meta property=\"og:description\" content=\"Term\u00e9szetesen kiemelt jelent\u0151s\u00e9ge van a tudatos p\u00e9nz\u00fcgyi tervez\u00e9snek \u00e9s a v\u00e9szforgat\u00f3k\u00f6nyvek fel\u00e1ll\u00edt\u00e1s\u00e1nak, mik\u00f6zben a saj\u00e1t marketing\u00fcnk meger\u0151s\u00edt\u00e9se jelentheti k\u00e9s\u0151bb a kulcsot a kil\u00e1bal\u00e1shoz.\" \/>\n<meta property=\"og:url\" content=\"https:\/\/bizalmikor.hu\/blog\/2020\/03\/23\/a-koronavirus-valsag-utan-kulcsfontossagu-lesz-a-hatekonyabb-mukodes\/\" \/>\n<meta property=\"og:site_name\" content=\"Bizalmi K\u00f6r blog\" \/>\n<meta property=\"article:publisher\" content=\"https:\/\/www.facebook.com\/bizalmikor\" \/>\n<meta property=\"article:published_time\" content=\"2020-03-23T11:54:48+00:00\" \/>\n<meta property=\"article:modified_time\" content=\"2020-05-11T12:42:46+00:00\" \/>\n<meta property=\"og:image\" content=\"https:\/\/bizalmikor.hu\/blog\/wp-content\/uploads\/2020\/03\/businessman-3105873_1920.jpg\" \/>\n\t<meta property=\"og:image:width\" content=\"1920\" \/>\n\t<meta property=\"og:image:height\" content=\"1202\" \/>\n<meta name=\"twitter:card\" content=\"summary_large_image\" \/>\n<meta name=\"twitter:label1\" content=\"Szerz\u0151:\">\n\t<meta name=\"twitter:data1\" content=\"Gangel P\u00e9ter\">\n\t<meta name=\"twitter:label2\" content=\"Becs\u00fclt olvas\u00e1si id\u0151\">\n\t<meta name=\"twitter:data2\" content=\"4 perc\">\n<script type=\"application\/ld+json\" class=\"yoast-schema-graph\">{\"@context\":\"https:\/\/schema.org\",\"@graph\":[{\"@type\":\"Organization\",\"@id\":\"https:\/\/bizalmikor.hu\/blog\/#organization\",\"name\":\"Bizalmi K\\u00f6r Kft.\",\"url\":\"https:\/\/bizalmikor.hu\/blog\/\",\"sameAs\":[\"https:\/\/www.facebook.com\/bizalmikor\",\"https:\/\/www.instagram.com\/bizalmikor\/\",\"https:\/\/www.linkedin.com\/company\/19165894\",\"https:\/\/www.youtube.com\/channel\/UC7fAD3QCIWeSexU5t6F3YOw?view_as=subscriber\"],\"logo\":{\"@type\":\"ImageObject\",\"@id\":\"https:\/\/bizalmikor.hu\/blog\/#logo\",\"inLanguage\":\"hu\",\"url\":\"https:\/\/bizalmikor.hu\/blog\/wp-content\/uploads\/2019\/02\/Group-2.png\",\"width\":4033,\"height\":1192,\"caption\":\"Bizalmi K\\u00f6r Kft.\"},\"image\":{\"@id\":\"https:\/\/bizalmikor.hu\/blog\/#logo\"}},{\"@type\":\"WebSite\",\"@id\":\"https:\/\/bizalmikor.hu\/blog\/#website\",\"url\":\"https:\/\/bizalmikor.hu\/blog\/\",\"name\":\"Bizalmi K\\u00f6r blog\",\"description\":\"Egynek minden neh\\u00e9z, soknak semmi sem lehetetlen.\",\"publisher\":{\"@id\":\"https:\/\/bizalmikor.hu\/blog\/#organization\"},\"potentialAction\":[{\"@type\":\"SearchAction\",\"target\":\"https:\/\/bizalmikor.hu\/blog\/?s={search_term_string}\",\"query-input\":\"required name=search_term_string\"}],\"inLanguage\":\"hu\"},{\"@type\":\"ImageObject\",\"@id\":\"https:\/\/bizalmikor.hu\/blog\/2020\/03\/23\/a-koronavirus-valsag-utan-kulcsfontossagu-lesz-a-hatekonyabb-mukodes\/#primaryimage\",\"inLanguage\":\"hu\",\"url\":\"https:\/\/bizalmikor.hu\/blog\/wp-content\/uploads\/2020\/03\/businessman-3105873_1920.jpg\",\"width\":1920,\"height\":1202},{\"@type\":\"WebPage\",\"@id\":\"https:\/\/bizalmikor.hu\/blog\/2020\/03\/23\/a-koronavirus-valsag-utan-kulcsfontossagu-lesz-a-hatekonyabb-mukodes\/#webpage\",\"url\":\"https:\/\/bizalmikor.hu\/blog\/2020\/03\/23\/a-koronavirus-valsag-utan-kulcsfontossagu-lesz-a-hatekonyabb-mukodes\/\",\"name\":\"A koronav\\u00edrus v\\u00e1ls\\u00e1g ut\\u00e1n kulcsfontoss\\u00e1g\\u00fa lesz a hat\\u00e9konyabb m\\u0171k\\u00f6d\\u00e9s\",\"isPartOf\":{\"@id\":\"https:\/\/bizalmikor.hu\/blog\/#website\"},\"primaryImageOfPage\":{\"@id\":\"https:\/\/bizalmikor.hu\/blog\/2020\/03\/23\/a-koronavirus-valsag-utan-kulcsfontossagu-lesz-a-hatekonyabb-mukodes\/#primaryimage\"},\"datePublished\":\"2020-03-23T11:54:48+00:00\",\"dateModified\":\"2020-05-11T12:42:46+00:00\",\"description\":\"Term\\u00e9szetesen kiemelt jelent\\u0151s\\u00e9ge van a tudatos p\\u00e9nz\\u00fcgyi tervez\\u00e9snek \\u00e9s a v\\u00e9szforgat\\u00f3k\\u00f6nyvek fel\\u00e1ll\\u00edt\\u00e1s\\u00e1nak, mik\\u00f6zben a saj\\u00e1t marketing\\u00fcnk meger\\u0151s\\u00edt\\u00e9se jelentheti k\\u00e9s\\u0151bb a kulcsot a kil\\u00e1bal\\u00e1shoz.\",\"inLanguage\":\"hu\",\"potentialAction\":[{\"@type\":\"ReadAction\",\"target\":[\"https:\/\/bizalmikor.hu\/blog\/2020\/03\/23\/a-koronavirus-valsag-utan-kulcsfontossagu-lesz-a-hatekonyabb-mukodes\/\"]}]},{\"@type\":\"Article\",\"@id\":\"https:\/\/bizalmikor.hu\/blog\/2020\/03\/23\/a-koronavirus-valsag-utan-kulcsfontossagu-lesz-a-hatekonyabb-mukodes\/#article\",\"isPartOf\":{\"@id\":\"https:\/\/bizalmikor.hu\/blog\/2020\/03\/23\/a-koronavirus-valsag-utan-kulcsfontossagu-lesz-a-hatekonyabb-mukodes\/#webpage\"},\"author\":{\"@id\":\"https:\/\/bizalmikor.hu\/blog\/#\/schema\/person\/a89936ed381c3afa4cd7a27040dbfb07\"},\"headline\":\"A koronav\\u00edrus v\\u00e1ls\\u00e1g ut\\u00e1n kulcsfontoss\\u00e1g\\u00fa lesz a hat\\u00e9konyabb m\\u0171k\\u00f6d\\u00e9s\",\"datePublished\":\"2020-03-23T11:54:48+00:00\",\"dateModified\":\"2020-05-11T12:42:46+00:00\",\"mainEntityOfPage\":{\"@id\":\"https:\/\/bizalmikor.hu\/blog\/2020\/03\/23\/a-koronavirus-valsag-utan-kulcsfontossagu-lesz-a-hatekonyabb-mukodes\/#webpage\"},\"publisher\":{\"@id\":\"https:\/\/bizalmikor.hu\/blog\/#organization\"},\"image\":{\"@id\":\"https:\/\/bizalmikor.hu\/blog\/2020\/03\/23\/a-koronavirus-valsag-utan-kulcsfontossagu-lesz-a-hatekonyabb-mukodes\/#primaryimage\"},\"articleSection\":\"COVID-19 \\u00fczleti tapasztalatok,V\\u00e1llalkoz\\u00e1s\",\"inLanguage\":\"hu\"},{\"@type\":\"Person\",\"@id\":\"https:\/\/bizalmikor.hu\/blog\/#\/schema\/person\/a89936ed381c3afa4cd7a27040dbfb07\",\"name\":\"Gangel P\\u00e9ter\",\"image\":{\"@type\":\"ImageObject\",\"@id\":\"https:\/\/bizalmikor.hu\/blog\/#personlogo\",\"inLanguage\":\"hu\",\"url\":\"https:\/\/secure.gravatar.com\/avatar\/ee1c6e901d6b9c50c9a2204252c914b4?s=96&d=mm&r=g\",\"caption\":\"Gangel P\\u00e9ter\"}}]}<\/script>\n<!-- \/ Yoast SEO plugin. -->","_links":{"self":[{"href":"https:\/\/bizalmikor.hu\/blog\/wp-json\/wp\/v2\/posts\/1755"}],"collection":[{"href":"https:\/\/bizalmikor.hu\/blog\/wp-json\/wp\/v2\/posts"}],"about":[{"href":"https:\/\/bizalmikor.hu\/blog\/wp-json\/wp\/v2\/types\/post"}],"author":[{"embeddable":true,"href":"https:\/\/bizalmikor.hu\/blog\/wp-json\/wp\/v2\/users\/3"}],"replies":[{"embeddable":true,"href":"https:\/\/bizalmikor.hu\/blog\/wp-json\/wp\/v2\/comments?post=1755"}],"version-history":[{"count":9,"href":"https:\/\/bizalmikor.hu\/blog\/wp-json\/wp\/v2\/posts\/1755\/revisions"}],"predecessor-version":[{"id":1799,"href":"https:\/\/bizalmikor.hu\/blog\/wp-json\/wp\/v2\/posts\/1755\/revisions\/1799"}],"wp:featuredmedia":[{"embeddable":true,"href":"https:\/\/bizalmikor.hu\/blog\/wp-json\/wp\/v2\/media\/1761"}],"wp:attachment":[{"href":"https:\/\/bizalmikor.hu\/blog\/wp-json\/wp\/v2\/media?parent=1755"}],"wp:term":[{"taxonomy":"category","embeddable":true,"href":"https:\/\/bizalmikor.hu\/blog\/wp-json\/wp\/v2\/categories?post=1755"},{"taxonomy":"post_tag","embeddable":true,"href":"https:\/\/bizalmikor.hu\/blog\/wp-json\/wp\/v2\/tags?post=1755"}],"curies":[{"name":"wp","href":"https:\/\/api.w.org\/{rel}","templated":true}]}}