{"id":1766,"date":"2020-03-24T11:43:36","date_gmt":"2020-03-24T11:43:36","guid":{"rendered":"https:\/\/bizalmikor.hu\/blog\/?p=1766"},"modified":"2020-03-31T09:28:20","modified_gmt":"2020-03-31T09:28:20","slug":"jelenleg-a-gyors-reagalas-a-tuleles-kulcsa","status":"publish","type":"post","link":"https:\/\/bizalmikor.hu\/blog\/2020\/03\/24\/jelenleg-a-gyors-reagalas-a-tuleles-kulcsa\/","title":{"rendered":"Jelenleg a gyors reag\u00e1l\u00e1s a t\u00fal\u00e9l\u00e9s kulcsa"},"content":{"rendered":"\t\t<div data-elementor-type=\"wp-post\" data-elementor-id=\"1766\" class=\"elementor elementor-1766\" data-elementor-settings=\"[]\">\n\t\t\t\t\t\t<div class=\"elementor-inner\">\n\t\t\t\t\t\t\t<div class=\"elementor-section-wrap\">\n\t\t\t\t\t\t\t<section class=\"elementor-section elementor-top-section elementor-element elementor-element-859b710 elementor-section-boxed elementor-section-height-default elementor-section-height-default\" data-id=\"859b710\" data-element_type=\"section\">\n\t\t\t\t\t\t<div class=\"elementor-container elementor-column-gap-default\">\n\t\t\t\t\t\t\t<div class=\"elementor-row\">\n\t\t\t\t\t<div class=\"elementor-column elementor-col-100 elementor-top-column elementor-element elementor-element-16018dc9\" data-id=\"16018dc9\" data-element_type=\"column\">\n\t\t\t<div class=\"elementor-column-wrap elementor-element-populated\">\n\t\t\t\t\t\t\t<div class=\"elementor-widget-wrap\">\n\t\t\t\t\t\t<div class=\"elementor-element elementor-element-2b01880c elementor-widget elementor-widget-text-editor\" data-id=\"2b01880c\" data-element_type=\"widget\" data-widget_type=\"text-editor.default\">\n\t\t\t\t<div class=\"elementor-widget-container\">\n\t\t\t\t\t<div class=\"elementor-text-editor elementor-clearfix\"><!-- wp:paragraph -->\n<p><strong>C\u00e9lszer\u0171 felk\u00e9sz\u00fclni a legrosszabb eshet\u0151s\u00e9gre, hogy el tudjuk ker\u00fclni a p\u00e1nikor \u00e9s a kapkod\u00e1st. Kiemelten fontos lehet le\u00edrni \u00e9s a munkat\u00e1rsakkal megosztani a folyamatok, feladatok \u00e9s helyettes\u00edt\u00e9si l\u00e1nc dokument\u00e1ci\u00f3j\u00e1t. Panaszkod\u00e1s helyett kreat\u00edv gondolkod\u00e1sra \u00e9s gyors reag\u00e1l\u00e1sra van sz\u00fcks\u00e9g, mert ezen m\u00falhat a c\u00e9g\u00fcnk \u00e9letben marad\u00e1sa.<\/strong><\/p>\n<!-- \/wp:paragraph -->\n\n<!-- wp:list -->\n<ul><li> <strong>Mi v\u00e1r r\u00e1nk a k\u00f6vetkez\u0151 id\u0151szakban?<\/strong> <\/li><li> <strong>Els\u0151 teend\u0151, ha valaki kev\u00e9sb\u00e9 k\u00e9sz\u00fclt fel<\/strong>. <\/li><li> <strong>Mit tehetnek a gy\u00e1rt\u00e1ssal foglalkoz\u00f3<\/strong>k<strong>?<\/strong><\/li><li> <strong>Hogyan lehet kezelni a nyom\u00e1st?<\/strong> <\/li><\/ul>\n<!-- \/wp:list -->\n\n<!-- wp:paragraph -->\n<p>Ez\u00fattal Egerszegi Kriszti\u00e1nt, a MiniCRM \u00fcgyvezet\u0151j\u00e9t k\u00e9rdezte Gangel P\u00e9ter:<\/p>\n<!-- \/wp:paragraph -->\n\n<!-- wp:paragraph -->\n<p><strong>Mit l\u00e1tsz, hogyan \u00e9rinti a c\u00e9geket a koronav\u00edrus helyzet k\u00f6vetkezt\u00e9ben kialakult gazdas\u00e1gi kih\u00edv\u00e1s?<\/strong><\/p>\n<!-- \/wp:paragraph -->\n\n<!-- wp:paragraph -->\n<p>Nyugodtan nevezhetj\u00fck v\u00e1ls\u00e1gnak, \u00e9s \u00fagy l\u00e1tom, hogy kifejezetten m\u00e9ly dolog lesz. M\u00e1rcius 1-\u00e9n k\u00e9sz\u00edtett\u00fcnk egy felm\u00e9r\u00e9st az \u00fcgyfeleink k\u00f6r\u00e9ben, akkor mind\u00f6ssze a 10% gondolta komoly vesz\u00e9lyforr\u00e1snak a koronav\u00edrust.<\/p>\n<!-- \/wp:paragraph -->\n\n<!-- wp:paragraph -->\n<p> M\u00e1rcius 19-\u00e9n ind\u00edtottunk egy hasonl\u00f3 felm\u00e9r\u00e9st, akkor m\u00e1r 91% gondolta komoly dolognak, \u00e9s reag\u00e1l\u00e1st s\u00fcrget\u0151 szitu\u00e1ci\u00f3nak a koronav\u00edrus k\u00f6vetkezt\u00e9ben kialakult gazdas\u00e1gi helyzetet. 9% teh\u00e1t m\u00e9g mindig k\u00e9tkedik. Nekik azt \u00fczenem, hogy k\u00e9sz\u00fcljenek.<\/p>\n<!-- \/wp:paragraph -->\n\n<!-- wp:paragraph -->\n<p>1500 c\u00e9g vett r\u00e9szt egy\u00e9bk\u00e9nt ezekben a felm\u00e9r\u00e9sekben, a KKV piac r\u00e9sztvev\u0151i k\u00f6r\u00e9ben teh\u00e1t reprezentat\u00edvnak nevezhet\u0151 a kutat\u00e1sunk.<\/p>\n<!-- \/wp:paragraph -->\n\n<!-- wp:paragraph -->\n<p><strong>Te mit l\u00e1tsz, mi v\u00e1r r\u00e1nk a k\u00f6vetkez\u0151 id\u0151szakban?<\/strong><\/p>\n<!-- \/wp:paragraph -->\n\n<!-- wp:paragraph -->\n<p>Egy biztos, hogy ilyen helyzettel senki nem tal\u00e1lkozott m\u00e9g, amit komolyan kell venni. Azt gondolom, hogy \u00e9rdemes a legrosszabbra k\u00e9sz\u00fclni, mert akkor nem \u00e9rhet meglepet\u00e9s vagy p\u00e1nik.<\/p>\n<!-- \/wp:paragraph -->\n\n<!-- wp:paragraph -->\n<p>V\u00e9lem\u00e9nyem szerint most m\u00e9g id\u0151ben vagyunk, \u00e9s tudunk reag\u00e1lni. Szerintem \u00e1prilis elej\u00e9re v\u00e1rhat\u00f3 a helyzet cs\u00facspontja, \u00fagyhogy addig \u00e9rdemes felk\u00e9sz\u00fclni a legrosszabbra.<\/p>\n<!-- \/wp:paragraph -->\n\n<!-- wp:paragraph -->\n<p><strong>Te mit l\u00e1tsz, mi v\u00e1r r\u00e1nk a k\u00f6vetkez\u0151 id\u0151szakban?<\/strong><\/p>\n<!-- \/wp:paragraph -->\n\n<!-- wp:paragraph -->\n<p>Egy biztos, hogy ilyen helyzettel senki nem tal\u00e1lkozott m\u00e9g, amit komolyan kell venni. Azt gondolom, hogy \u00e9rdemes a legrosszabbra k\u00e9sz\u00fclni, mert akkor nem \u00e9rhet meglepet\u00e9s vagy p\u00e1nik.<\/p>\n<!-- \/wp:paragraph -->\n\n<!-- wp:paragraph -->\n<p>V\u00e9lem\u00e9nyem szerint most m\u00e9g id\u0151ben vagyunk, \u00e9s tudunk reag\u00e1lni. Szerintem \u00e1prilis elej\u00e9re v\u00e1rhat\u00f3 a helyzet cs\u00facspontja, \u00fagyhogy addig \u00e9rdemes felk\u00e9sz\u00fclni a legrosszabbra.<\/p>\n<!-- \/wp:paragraph -->\n\n<!-- wp:paragraph -->\n<p>A MiniCRM egy 0-24-ben m\u0171k\u00f6d\u0151 szoftver, 55-en vagyunk a c\u00e9gben, h\u00e1rom orsz\u00e1gban, 1200 n\u00e9gyzetm\u00e9ter irod\u00e1val. Els\u0151 l\u00e9p\u00e9sk\u00e9nt d\u00f6nt\u00e9st hoztunk r\u00f3la, hogy m\u00e1rcius 13-\u00e1n este 5 \u00f3r\u00e1t\u00f3l a teljes c\u00e9g home office m\u0171k\u00f6d\u00e9sre \u00e1llt \u00e1t. A teljes \u00e1t\u00e1ll\u00e1sr\u00f3l k\u00e9sz\u00edtett vide\u00f3<a href=\"https:\/\/www.youtube.com\/watch?v=m6qcdhSLv2M&amp;fbclid=IwAR2RKRi1jssuCpdW7ct8cdvGWX-PsxNYv4w7YuD32wQ08sckFN8b-0nx9Fc&amp;app=desktop\"> ide kattintva<\/a> \u00e9rhet\u0151 el.<\/p>\n<!-- \/wp:paragraph -->\n\n<!-- wp:paragraph -->\n<p>Felm\u00e9rt\u00fck, hogy ehhez mire van sz\u00fcks\u00e9g. L\u00e9trehoztunk erre egy k\u00fcl\u00f6n felel\u0151s szem\u00e9lyt is, aki az eg\u00e9sz helyzet kezel\u00e9s\u00e9\u00e9rt felel. Fontos, hogy egy\u00e9rtelm\u0171en kell kommunik\u00e1lni. Ha nincs egy le\u00edrt int\u00e9zked\u00e9si terv, az p\u00e1nikhoz \u00e9s v\u00e1ratlan reakci\u00f3khoz vezethet.<\/p>\n<!-- \/wp:paragraph -->\n\n<!-- wp:paragraph -->\n<p>Csin\u00e1ltunk egy felk\u00e9sz\u00fcl\u00e9si dokumentumot, t\u00f6m\u00f6ren \u00e9s l\u00e9nyegre t\u00f6r\u0151en fogalmazva. Ezt mindenkivel megosztottuk. A legfontosabb ugyanis, hogy a c\u00e9g ne \u00e1lljon meg, hanem folytassuk tov\u00e1bb a m\u0171k\u00f6d\u00e9st. Megn\u00e9zt\u00fck mi a teend\u0151 akkor, ha egy eg\u00e9sz csapat kiesik. A folyamatokat dokument\u00e1ltuk, ez\u00e9rt mindenki \u00e1t tudja venni a m\u00e1sik team feladat\u00e1t.<\/p>\n<!-- \/wp:paragraph -->\n\n<!-- wp:image {\"id\":1780,\"width\":969,\"height\":1086,\"sizeSlug\":\"large\"} -->\n<figure class=\"wp-block-image size-large is-resized\"><img loading=\"lazy\" decoding=\"async\" src=\"https:\/\/bizalmikor.hu\/blog\/wp-content\/uploads\/2020\/03\/EK-profilkep-1.jpg\" alt=\"\" class=\"wp-image-1780\" width=\"969\" height=\"1086\" srcset=\"https:\/\/bizalmikor.hu\/blog\/wp-content\/uploads\/2020\/03\/EK-profilkep-1.jpg 340w, https:\/\/bizalmikor.hu\/blog\/wp-content\/uploads\/2020\/03\/EK-profilkep-1-268x300.jpg 268w\" sizes=\"(max-width: 969px) 100vw, 969px\" \/><figcaption>&#8221; V\u00e9lem\u00e9nyem szerint most m\u00e9g id\u0151ben vagyunk, \u00e9s tudunk reag\u00e1lni. &#8220;<\/figcaption><\/figure>\n<!-- \/wp:image -->\n\n<!-- wp:paragraph -->\n<p><strong>Mit javasolsz els\u0151 teend\u0151nek, ha valaki kev\u00e9sb\u00e9 k\u00e9sz\u00fclt fel az \u00e1t\u00e1ll\u00e1sra?<\/strong><\/p>\n<!-- \/wp:paragraph -->\n\n<!-- wp:paragraph -->\n<p>Fontos el\u0151sz\u00f6r megnyugodni, majd hideg fejjel \u00e1tgondolni a helyzetet. Ut\u00e1na le kell \u00edrni a felk\u00e9sz\u00fcl\u00e9s, valamint az \u00e1t\u00e1ll\u00e1s t\u00e9nyleges l\u00e9p\u00e9seit. \u00d6ssze kell szedni, \u00e9s \u00edr\u00e1sban kell r\u00f6gz\u00edteni a folyamatokat, \u00e9s a feladatok le\u00edr\u00e1s\u00e1t l\u00e9p\u00e9sr\u0151l l\u00e9p\u00e9sre. Szint\u00e9n fontos azonos\u00edtani a kulcs szerepl\u0151ket, majd fel\u00e1ll\u00edtani egy helyettes\u00edt\u00e9si l\u00e1ncot.<\/p>\n<!-- \/wp:paragraph -->\n\n<!-- wp:paragraph -->\n<p><strong>Ti hogyan gondoskodtatok r\u00f3la, hogy a munkav\u00e9gz\u00e9s min\u0151s\u00e9ge ne essen vissza?<\/strong><\/p>\n<!-- \/wp:paragraph -->\n\n<!-- wp:paragraph -->\n<p>J\u00f3l vizsg\u00e1zott a rendszer, azt mondhatom. M\u00e1rcius 13-\u00e1n, p\u00e9nteken m\u00e1r nem volt senki az irod\u00e1ban, h\u00e9tf\u0151n pedig zavartalanul m\u0171k\u00f6d\u00f6tt minden. Ez csakis annak k\u00f6sz\u00f6nhet\u0151, hogy el\u0151zetesen felk\u00e9sz\u00fclt\u00fcnk a technikai teend\u0151k mellett minden olyan aspektusa, ami a zavartalan munkav\u00e9gz\u00e9shez n\u00e9lk\u00fcl\u00f6zhetetlen.<\/p>\n<!-- \/wp:paragraph -->\n\n<!-- wp:paragraph -->\n<p>Sok hasznos tapasztalatot gy\u0171jt\u00f6tt\u00fcnk, amit sz\u00edvesen megosztok b\u00e1rkivel. K\u00e9sz\u00edtett\u00fcnk egy <a href=\"https:\/\/www.minicrm.hu\/mentoov\/\">ingyenesen el\u00e9rhet\u0151 ment\u0151\u00f6vet<\/a> is, ami rengeteg \u00e9rt\u00e9kes dokument\u00e1ci\u00f3t tartalmaz a jelenlegi helyzet kezel\u00e9s\u00e9r\u0151l. Emellett pedig szint\u00e9n ingyenes online konzult\u00e1ci\u00f3k keretei k\u00f6z\u00f6tt is igyeksz\u00fcnk seg\u00edts\u00e9get ny\u00fajtani.<\/p>\n<!-- \/wp:paragraph -->\n\n<!-- wp:paragraph -->\n<p>Fontos lehet m\u00e9g tervet k\u00e9sz\u00edteni arra az esetre, ha az \u00faj, valamint a megl\u00e9v\u0151 \u00fcgyfelekt\u0151l \u00e9rkez\u0151 bev\u00e9telek teljesen elapadnak. A legrosszabb eshet\u0151s\u00e9gre val\u00f3 felk\u00e9sz\u00fcl\u00e9ssel \u00e9s gyors reag\u00e1l\u00e1ssal ak\u00e1r meger\u0151s\u00f6dve is ki lehet j\u00f6nni ebb\u0151l a szitu\u00e1ci\u00f3b\u00f3l.<\/p>\n<!-- \/wp:paragraph -->\n\n<!-- wp:paragraph -->\n<p><strong>Vannak-e m\u00e1r int\u00e9zked\u00e9sek\/tervek n\u00e1latok a gazdas\u00e1g \u00fajra indul\u00e1s\u00e1nak id\u0151szak\u00e1ra?<\/strong><\/p>\n<!-- \/wp:paragraph -->\n\n<!-- wp:paragraph -->\n<p>\u0150szint\u00e9n sz\u00f3lva nincs meg a tervem arra vonatkoz\u00f3an, hogy mit fogunk csin\u00e1lni 3 vagy 6 h\u00f3nap m\u00falva. Arra koncentr\u00e1lunk, hogy most mit tudunk csin\u00e1lni. \u00c9letment\u0151 dolog, hogy ott van a rendszer a h\u00e1tunk m\u00f6g\u00f6tt, vagyis minden koll\u00e9g\u00e1m tud dolgozni.<\/p>\n<!-- \/wp:paragraph -->\n\n<!-- wp:paragraph -->\n<p>Szerintem egyetlen dolgot kell most j\u00f3l csin\u00e1lni, a gyors reag\u00e1l\u00e1st. Aki gyorsan reag\u00e1l, az t\u00fal\u00e9l, ut\u00e1na pedig majd meg tud er\u0151s\u00f6dni, ha j\u00f3l csin\u00e1lja a folyamatokat.<\/p>\n<!-- \/wp:paragraph -->\n\n<!-- wp:paragraph -->\n<p> Egy\u00e9bk\u00e9nt pedig kreat\u00edvnak kell lenni. Panaszkod\u00e1s \u00e9s kifog\u00e1skeres\u00e9s helyett sokkal ink\u00e1bb a m\u0171k\u00f6d\u00e9s \u00e1tgondol\u00e1s\u00e1ra \u00e9rdemes t\u00f6rekedni, ez pedig mindenkinek a saj\u00e1t felel\u0151ss\u00e9ge. Sosem  hittem p\u00e9ld\u00e1ul az online webinarokban, vagy a home office hat\u00e9konys\u00e1g\u00e1ban, most viszont nekem is alkalmazkodnom \u00e9s v\u00e1ltoznom kellett. Ahogy a mond\u00e1s tartja, \u201ecash is the king\u201d. Ha most van k\u00e9szp\u00e9nz\u00fcnk, akkor tudunk reag\u00e1lni \u00e9s v\u00e1ltoztatni. A tartal\u00e9k id\u0151t enged a reag\u00e1l\u00e1shoz \u00e9s a v\u00e1ltoztat\u00e1shoz.<\/p>\n<!-- \/wp:paragraph -->\n\n<!-- wp:paragraph -->\n<p><strong>Mit tehetnek a gy\u00e1rt\u00e1ssal foglalkoz\u00f3 c\u00e9gek a jelenlegi helyzetben?<\/strong><\/p>\n<!-- \/wp:paragraph -->\n\n<!-- wp:paragraph -->\n<p>Minden c\u00e9gben vannak t\u00e1vmunk\u00e1ban is m\u0171k\u00f6dtethet\u0151 r\u00e9szlegek. Ezeket fel kell m\u00e9rni, \u00e9s le kell \u00edrni. A teljes l\u00e9tsz\u00e1mot fel lehet osztani A\/B csapatra. Egyik h\u00e9ten az A csapat, a m\u00e1sikon pedig a B csapat megy be dolgozni \u00e9s termelni. Ezzel cs\u00f6kken az es\u00e9lye annak, hogy a teljes csapat kiessen a munk\u00e1b\u00f3l.<\/p>\n<!-- \/wp:paragraph -->\n\n<!-- wp:paragraph -->\n<p><strong>Hogyan lehet eredm\u00e9nyesen kezelni a c\u00e9gvezet\u0151kre jelenleg nehez\u00fcl\u0151 nyom\u00e1st? Ti p\u00e9ld\u00e1ul mit alkalmaztok erre?<\/strong><\/p>\n<!-- \/wp:paragraph -->\n\n<!-- wp:paragraph -->\n<p>Szem\u00e9ly szerint \u00e9n jobban m\u0171k\u00f6d\u00f6m v\u00e1ls\u00e1ghelyzetben, mint a norm\u00e1l b\u00e9keid\u0151kben. Nem \u00f6sszeomlok, hanem el\u0151re gondolkodva tervezz\u00fck meg, mit mikor fogunk megcsin\u00e1lni.<\/p>\n<!-- \/wp:paragraph -->\n\n<!-- wp:paragraph -->\n<p>Home office-ban fontos napi rutin lehet a meetingek tart\u00e1sa, vide\u00f3 h\u00edv\u00e1ssal. Emberek vagyunk, t\u00e1rsas l\u00e9nyek. A koll\u00e9g\u00e1kat meg kell nyugtatni, hogy sz\u00e1m\u00edtunk r\u00e1juk. A k\u00f6z\u00f6ss\u00e9gi online \u00f6sszetartoz\u00e1s \u00e9rz\u00e9s\u00e9t pedig c\u00e9lszer\u0171 er\u0151s\u00edteni. N\u00e1lunk p\u00e9ld\u00e1ul online j\u00f3ga m\u0171k\u00f6dik a nap v\u00e9g\u00e9n. Fontos minden olyan teend\u0151, amelyek feldobj\u00e1k a hangulatot. <strong>A helyes k\u00e9rd\u00e9s most: mit csin\u00e1lhatok m\u00e9g? Most van id\u0151 az elmarad\u00e1sok \u00e9s fejleszt\u00e9sek p\u00f3tl\u00e1s\u00e1ra, a felk\u00e9sz\u00fcl\u00e9sre. Ha most k\u00e9sz\u00fcl\u00fcnk, akkor van es\u00e9ly\u00fcnk.<\/strong><\/p>\n<!-- \/wp:paragraph -->\n\n<!-- wp:separator -->\n<hr class=\"wp-block-separator\"\/>\n<!-- \/wp:separator -->\n\n<!-- wp:block {\"ref\":1682} \/-->\n\n<!-- wp:block {\"ref\":1683} \/-->\n\n<!-- wp:separator -->\n<hr class=\"wp-block-separator\"\/>\n<!-- \/wp:separator --><\/div>\n\t\t\t\t<\/div>\n\t\t\t\t<\/div>\n\t\t\t\t\t\t<\/div>\n\t\t\t\t\t<\/div>\n\t\t<\/div>\n\t\t\t\t\t\t\t\t<\/div>\n\t\t\t\t\t<\/div>\n\t\t<\/section>\n\t\t\t\t\t\t<\/div>\n\t\t\t\t\t\t<\/div>\n\t\t\t\t\t<\/div>\n\t\t","protected":false},"excerpt":{"rendered":"<p>C\u00e9lszer\u0171 felk\u00e9sz\u00fclni a legrosszabb eshet\u0151s\u00e9ge, hogy el tudjuk ker\u00fclni a p\u00e1nikor \u00e9s a kapkod\u00e1st. Kiemelten fontos lehet le\u00edrni \u00e9s a munkat\u00e1rsakkal megosztani a folyamatok, feladatok \u00e9s helyettes\u00edt\u00e9si l\u00e1nc dokument\u00e1ci\u00f3j\u00e1t. Panaszkod\u00e1s helyett kreat\u00edv gondolkod\u00e1sra \u00e9s gyors reag\u00e1l\u00e1sra van sz\u00fcks\u00e9g, mert ezen m\u00falhat a c\u00e9g\u00fcnk \u00e9letben marad\u00e1sa.<\/p>\n","protected":false},"author":3,"featured_media":1790,"comment_status":"closed","ping_status":"open","sticky":false,"template":"","format":"standard","meta":{"footnotes":""},"categories":[25,16],"tags":[],"yoast_head":"<!-- This site is optimized with the Yoast SEO plugin v15.4 - https:\/\/yoast.com\/wordpress\/plugins\/seo\/ -->\n<title>Jelenleg a gyors reag\u00e1l\u00e1s a t\u00fal\u00e9l\u00e9s kulcsa<\/title>\n<meta name=\"robots\" content=\"index, follow, max-snippet:-1, max-image-preview:large, max-video-preview:-1\" \/>\n<link rel=\"canonical\" href=\"https:\/\/bizalmikor.hu\/blog\/2020\/03\/24\/jelenleg-a-gyors-reagalas-a-tuleles-kulcsa\/\" \/>\n<meta property=\"og:locale\" content=\"hu_HU\" \/>\n<meta property=\"og:type\" content=\"article\" \/>\n<meta property=\"og:title\" content=\"Jelenleg a gyors reag\u00e1l\u00e1s a t\u00fal\u00e9l\u00e9s kulcsa\" \/>\n<meta property=\"og:description\" content=\"C\u00e9lszer\u0171 felk\u00e9sz\u00fclni a legrosszabb eshet\u0151s\u00e9ge, hogy el tudjuk ker\u00fclni a p\u00e1nikor \u00e9s a kapkod\u00e1st. Kiemelten fontos lehet le\u00edrni \u00e9s a munkat\u00e1rsakkal megosztani a folyamatok, feladatok \u00e9s helyettes\u00edt\u00e9si l\u00e1nc dokument\u00e1ci\u00f3j\u00e1t. Panaszkod\u00e1s helyett kreat\u00edv gondolkod\u00e1sra \u00e9s gyors reag\u00e1l\u00e1sra van sz\u00fcks\u00e9g, mert ezen m\u00falhat a c\u00e9g\u00fcnk \u00e9letben marad\u00e1sa.\" \/>\n<meta property=\"og:url\" content=\"https:\/\/bizalmikor.hu\/blog\/2020\/03\/24\/jelenleg-a-gyors-reagalas-a-tuleles-kulcsa\/\" \/>\n<meta property=\"og:site_name\" content=\"Bizalmi K\u00f6r blog\" \/>\n<meta property=\"article:publisher\" content=\"https:\/\/www.facebook.com\/bizalmikor\" \/>\n<meta property=\"article:published_time\" content=\"2020-03-24T11:43:36+00:00\" \/>\n<meta property=\"article:modified_time\" content=\"2020-03-31T09:28:20+00:00\" \/>\n<meta property=\"og:image\" content=\"https:\/\/bizalmikor.hu\/blog\/wp-content\/uploads\/2020\/03\/write-593333_1920.jpg\" \/>\n\t<meta property=\"og:image:width\" content=\"1920\" \/>\n\t<meta property=\"og:image:height\" content=\"1135\" \/>\n<meta name=\"twitter:card\" content=\"summary_large_image\" \/>\n<meta name=\"twitter:label1\" content=\"Szerz\u0151:\">\n\t<meta name=\"twitter:data1\" content=\"Gangel P\u00e9ter\">\n\t<meta name=\"twitter:label2\" content=\"Becs\u00fclt olvas\u00e1si id\u0151\">\n\t<meta name=\"twitter:data2\" content=\"6 perc\">\n<script type=\"application\/ld+json\" class=\"yoast-schema-graph\">{\"@context\":\"https:\/\/schema.org\",\"@graph\":[{\"@type\":\"Organization\",\"@id\":\"https:\/\/bizalmikor.hu\/blog\/#organization\",\"name\":\"Bizalmi K\\u00f6r Kft.\",\"url\":\"https:\/\/bizalmikor.hu\/blog\/\",\"sameAs\":[\"https:\/\/www.facebook.com\/bizalmikor\",\"https:\/\/www.instagram.com\/bizalmikor\/\",\"https:\/\/www.linkedin.com\/company\/19165894\",\"https:\/\/www.youtube.com\/channel\/UC7fAD3QCIWeSexU5t6F3YOw?view_as=subscriber\"],\"logo\":{\"@type\":\"ImageObject\",\"@id\":\"https:\/\/bizalmikor.hu\/blog\/#logo\",\"inLanguage\":\"hu\",\"url\":\"https:\/\/bizalmikor.hu\/blog\/wp-content\/uploads\/2019\/02\/Group-2.png\",\"width\":4033,\"height\":1192,\"caption\":\"Bizalmi K\\u00f6r Kft.\"},\"image\":{\"@id\":\"https:\/\/bizalmikor.hu\/blog\/#logo\"}},{\"@type\":\"WebSite\",\"@id\":\"https:\/\/bizalmikor.hu\/blog\/#website\",\"url\":\"https:\/\/bizalmikor.hu\/blog\/\",\"name\":\"Bizalmi K\\u00f6r blog\",\"description\":\"Egynek minden neh\\u00e9z, soknak semmi sem lehetetlen.\",\"publisher\":{\"@id\":\"https:\/\/bizalmikor.hu\/blog\/#organization\"},\"potentialAction\":[{\"@type\":\"SearchAction\",\"target\":\"https:\/\/bizalmikor.hu\/blog\/?s={search_term_string}\",\"query-input\":\"required name=search_term_string\"}],\"inLanguage\":\"hu\"},{\"@type\":\"ImageObject\",\"@id\":\"https:\/\/bizalmikor.hu\/blog\/2020\/03\/24\/jelenleg-a-gyors-reagalas-a-tuleles-kulcsa\/#primaryimage\",\"inLanguage\":\"hu\",\"url\":\"https:\/\/bizalmikor.hu\/blog\/wp-content\/uploads\/2020\/03\/write-593333_1920.jpg\",\"width\":1920,\"height\":1135},{\"@type\":\"WebPage\",\"@id\":\"https:\/\/bizalmikor.hu\/blog\/2020\/03\/24\/jelenleg-a-gyors-reagalas-a-tuleles-kulcsa\/#webpage\",\"url\":\"https:\/\/bizalmikor.hu\/blog\/2020\/03\/24\/jelenleg-a-gyors-reagalas-a-tuleles-kulcsa\/\",\"name\":\"Jelenleg a gyors reag\\u00e1l\\u00e1s a t\\u00fal\\u00e9l\\u00e9s kulcsa\",\"isPartOf\":{\"@id\":\"https:\/\/bizalmikor.hu\/blog\/#website\"},\"primaryImageOfPage\":{\"@id\":\"https:\/\/bizalmikor.hu\/blog\/2020\/03\/24\/jelenleg-a-gyors-reagalas-a-tuleles-kulcsa\/#primaryimage\"},\"datePublished\":\"2020-03-24T11:43:36+00:00\",\"dateModified\":\"2020-03-31T09:28:20+00:00\",\"inLanguage\":\"hu\",\"potentialAction\":[{\"@type\":\"ReadAction\",\"target\":[\"https:\/\/bizalmikor.hu\/blog\/2020\/03\/24\/jelenleg-a-gyors-reagalas-a-tuleles-kulcsa\/\"]}]},{\"@type\":\"Article\",\"@id\":\"https:\/\/bizalmikor.hu\/blog\/2020\/03\/24\/jelenleg-a-gyors-reagalas-a-tuleles-kulcsa\/#article\",\"isPartOf\":{\"@id\":\"https:\/\/bizalmikor.hu\/blog\/2020\/03\/24\/jelenleg-a-gyors-reagalas-a-tuleles-kulcsa\/#webpage\"},\"author\":{\"@id\":\"https:\/\/bizalmikor.hu\/blog\/#\/schema\/person\/a89936ed381c3afa4cd7a27040dbfb07\"},\"headline\":\"Jelenleg a gyors reag\\u00e1l\\u00e1s a t\\u00fal\\u00e9l\\u00e9s kulcsa\",\"datePublished\":\"2020-03-24T11:43:36+00:00\",\"dateModified\":\"2020-03-31T09:28:20+00:00\",\"mainEntityOfPage\":{\"@id\":\"https:\/\/bizalmikor.hu\/blog\/2020\/03\/24\/jelenleg-a-gyors-reagalas-a-tuleles-kulcsa\/#webpage\"},\"commentCount\":2,\"publisher\":{\"@id\":\"https:\/\/bizalmikor.hu\/blog\/#organization\"},\"image\":{\"@id\":\"https:\/\/bizalmikor.hu\/blog\/2020\/03\/24\/jelenleg-a-gyors-reagalas-a-tuleles-kulcsa\/#primaryimage\"},\"articleSection\":\"COVID-19 \\u00fczleti tapasztalatok,V\\u00e1llalkoz\\u00e1s\",\"inLanguage\":\"hu\"},{\"@type\":\"Person\",\"@id\":\"https:\/\/bizalmikor.hu\/blog\/#\/schema\/person\/a89936ed381c3afa4cd7a27040dbfb07\",\"name\":\"Gangel P\\u00e9ter\",\"image\":{\"@type\":\"ImageObject\",\"@id\":\"https:\/\/bizalmikor.hu\/blog\/#personlogo\",\"inLanguage\":\"hu\",\"url\":\"https:\/\/secure.gravatar.com\/avatar\/ee1c6e901d6b9c50c9a2204252c914b4?s=96&d=mm&r=g\",\"caption\":\"Gangel P\\u00e9ter\"}}]}<\/script>\n<!-- \/ Yoast SEO plugin. -->","_links":{"self":[{"href":"https:\/\/bizalmikor.hu\/blog\/wp-json\/wp\/v2\/posts\/1766"}],"collection":[{"href":"https:\/\/bizalmikor.hu\/blog\/wp-json\/wp\/v2\/posts"}],"about":[{"href":"https:\/\/bizalmikor.hu\/blog\/wp-json\/wp\/v2\/types\/post"}],"author":[{"embeddable":true,"href":"https:\/\/bizalmikor.hu\/blog\/wp-json\/wp\/v2\/users\/3"}],"replies":[{"embeddable":true,"href":"https:\/\/bizalmikor.hu\/blog\/wp-json\/wp\/v2\/comments?post=1766"}],"version-history":[{"count":29,"href":"https:\/\/bizalmikor.hu\/blog\/wp-json\/wp\/v2\/posts\/1766\/revisions"}],"predecessor-version":[{"id":1924,"href":"https:\/\/bizalmikor.hu\/blog\/wp-json\/wp\/v2\/posts\/1766\/revisions\/1924"}],"wp:featuredmedia":[{"embeddable":true,"href":"https:\/\/bizalmikor.hu\/blog\/wp-json\/wp\/v2\/media\/1790"}],"wp:attachment":[{"href":"https:\/\/bizalmikor.hu\/blog\/wp-json\/wp\/v2\/media?parent=1766"}],"wp:term":[{"taxonomy":"category","embeddable":true,"href":"https:\/\/bizalmikor.hu\/blog\/wp-json\/wp\/v2\/categories?post=1766"},{"taxonomy":"post_tag","embeddable":true,"href":"https:\/\/bizalmikor.hu\/blog\/wp-json\/wp\/v2\/tags?post=1766"}],"curies":[{"name":"wp","href":"https:\/\/api.w.org\/{rel}","templated":true}]}}