{"id":1803,"date":"2020-03-25T10:08:50","date_gmt":"2020-03-25T10:08:50","guid":{"rendered":"https:\/\/bizalmikor.hu\/blog\/?p=1803"},"modified":"2020-05-11T12:41:09","modified_gmt":"2020-05-11T12:41:09","slug":"amikor-az-egyutt-fontosabb-mint-a-profit","status":"publish","type":"post","link":"https:\/\/bizalmikor.hu\/blog\/2020\/03\/25\/amikor-az-egyutt-fontosabb-mint-a-profit\/","title":{"rendered":"Amikor az egy\u00fctt fontosabb, mint a profit"},"content":{"rendered":"\n<p><strong>Legyen b\u00e1rmennyire is neh\u00e9z a helyzet a koronav\u00edrus k\u00f6vetkezt\u00e9ben, vezet\u0151k\u00e9nt felel\u0151ss\u00e9ggel tartozunk a munkat\u00e1rsak\u00e9rt, \u00e9s meg kell \u0151ket v\u00e9den\u00fcnk. A szellemi munkaer\u0151 ugyanis komoly \u00e9rt\u00e9kkel b\u00edr, ez\u00e9rt meg kell \u00f3vni. Mindezek mellett \u00f6sszefog\u00e1sra van sz\u00fcks\u00e9g, vagyis az egy\u00fctt most fontosabb a profitn\u00e1l.<\/strong><\/p>\n\n\n\n<ul><li>Mi lesz most a boltokkal?<\/li><li>Hogy megy a webshop?<\/li><li>Milyen int\u00e9zked\u00e9sek t\u00f6rt\u00e9ntek?<\/li><li>Mi most a legfontosabb?<\/li><\/ul>\n\n\n\n<p>Csonka &#8211; Jagasics Hedviggel, a <a href=\"https:\/\/www.sugarbird.com\/collections\/2019\">Sugarbird<\/a> tulajdonos\u00e1val besz\u00e9lgetett Gangel P\u00e1ter, az \u0151ket aktu\u00e1lisan \u00e9rint\u0151 kih\u00edv\u00e1sokr\u00f3l:<\/p>\n\n\n\n<p><strong>Mes\u00e9lsz nek\u00fcnk kicsit arr\u00f3l, hogy Ti most mekkora csapattal dolgoztok?<\/strong><\/p>\n\n\n\n<p>2007-ben alap\u00edtottam a c\u00e9get, az\u00f3ta vagyunk a piacon. 50 alkalmazott dolgozik n\u00e1lunk, emellett szint\u00e9n m\u0171k\u00f6dik 50 m\u00e1rka\u00fczlet\u00fcnk, \u00e9s franchise partnerekkel is dolgozunk egy\u00fctt itthon \u00e9s az online \u00fczlet kapcs\u00e1n nemzetk\u00f6zi viszonylatban is. Mi tervezz\u00fck a ruh\u00e1kat, azt\u00e1n legy\u00e1rtjuk \u0151ket, majd pedig a kereskedelmi \u00e9s marketing oldalt is mi val\u00f3s\u00edtjuk meg.&nbsp;<\/p>\n\n\n\n<p><strong>Ha j\u00f3l tudom, akkor az offline \u00fczletek pl\u00e1z\u00e1kban tal\u00e1lhat\u00f3k meg.<\/strong><\/p>\n\n\n\n<p>\u00cdgy van, az \u00fczleteink 80%-a pl\u00e1z\u00e1kban tal\u00e1lhat\u00f3. Hozz\u00e1teszem, hogy a c\u00e9gben dolgoz\u00f3 50 munkat\u00e1rs mellett a varrodai dolgoz\u00f3k munk\u00e1val val\u00f3 ell\u00e1t\u00e1sa is a mi felel\u0151ss\u00e9g\u00fcnk.<\/p>\n\n\n\n<p>Teh\u00e1t 50-n\u00e9l is t\u00f6bb kiszolg\u00e1ltatott koll\u00e9g\u00e1m van, \u0151k azok, akiket meg kell v\u00e9denem. Ez egy roppant neh\u00e9z szitu\u00e1ci\u00f3. A legt\u00f6bb c\u00e9gvezet\u0151 pr\u00f3b\u00e1l most j\u00f3l elj\u00e1rni, persze az teljesen m\u00e1s k\u00e9rd\u00e9s, hogy kib\u0151l mit hoz ki a p\u00e1nik vagy a k\u00e9ts\u00e9gbees\u00e9s.<\/p>\n\n\n\n<p>Az els\u0151 gondolatom egy\u00e9bk\u00e9nt az volt, hogy anyatigrisk\u00e9nt kell v\u00e9denem a csapatom. Arra keresem teh\u00e1t a megold\u00e1st, hogy mik\u00e9nt tudom \u0151ket megv\u00e9deni, vagyis a biztons\u00e1g\u00e9rzet elveszt\u00e9se ne t\u00f6rt\u00e9njen meg az eset\u00fckben.<\/p>\n\n\n\n<p><strong>Az online webshop milyen eredm\u00e9nyess\u00e9ggel m\u0171k\u00f6dik most?<\/strong><\/p>\n\n\n\n<p>Sajnos az online forgalmunk is drasztikusan lecs\u00f6kkent. Az embereknek most nem a ruhav\u00e1s\u00e1rl\u00e1s az els\u0151dleges gondolata, emiatt \u00e9rthet\u0151 a visszaes\u00e9s. Egyszer\u0171en ez az a pillanat, amikor nekem vezet\u0151k\u00e9nt <strong>vezetnem kell a csapatom<\/strong>, vagyis k\u00e9pletesen sz\u00f3lva nekem kell utolj\u00e1ra kisz\u00e1llnom ebb\u0151l a haj\u00f3b\u00f3l.<\/p>\n\n\n\n<p>Az\u00e9rt is \u00e9rzek magamban extra motiv\u00e1ci\u00f3t, mert koll\u00e9g\u00e1im szakmai tud\u00e1sa egy \u00e9rt\u00e9k, amit meg kell menteni. A szellemi munkaer\u0151 komoly \u00e9rt\u00e9kkel b\u00edr, ez\u00e9rt kell gondoskodnom r\u00f3la, hogy biztons\u00e1gban \u00e9rezze mag\u00e1t.<\/p>\n\n\n\n<figure class=\"wp-block-image size-large is-resized\"><img loading=\"lazy\" decoding=\"async\" src=\"https:\/\/bizalmikor.hu\/blog\/wp-content\/uploads\/2020\/03\/IMG_0687-1.jpg\" alt=\"\" class=\"wp-image-1810\" width=\"957\" height=\"459\" srcset=\"https:\/\/bizalmikor.hu\/blog\/wp-content\/uploads\/2020\/03\/IMG_0687-1.jpg 532w, https:\/\/bizalmikor.hu\/blog\/wp-content\/uploads\/2020\/03\/IMG_0687-1-300x144.jpg 300w\" sizes=\"(max-width: 957px) 100vw, 957px\" \/><figcaption><strong>&#8220;&#8230; 50-n\u00e9l is t\u00f6bb kiszolg\u00e1ltatott koll\u00e9g\u00e1m van, \u0151k azok, akiket meg kell v\u00e9denem&#8230;&#8221;<\/strong><\/figcaption><\/figure>\n\n\n\n<p><strong>Biztosan n\u00e1latok is vannak konkr\u00e9t int\u00e9zked\u00e9sek. Mes\u00e9lsz ezekr\u0151l kicsit?<\/strong><\/p>\n\n\n\n<p>Term\u00e9szetesen a fert\u0151tlen\u00edt\u00e9s megt\u00f6rt\u00e9nt, de a helyben v\u00e9gzett fizikai munka n\u00e1lunk gyorsan befejez\u0151d\u00f6tt, \u00e9s hazamentek a munkat\u00e1rsak. A sales \u00e9s a HR home office-ban is tud dolgozni, de a tervez\u00e9s \u00e9s a kreat\u00edv munka most nem m\u0171k\u00f6dik. Teh\u00e1t jelenleg nem tudunk szabni, vagy varrni sem. Jobb h\u00edj\u00e1n pr\u00f3b\u00e1lunk kicsit felt\u00f6lt\u0151dni, erre felhaszn\u00e1lni a felszabadul\u00f3 id\u0151t.<\/p>\n\n\n\n<p><strong>Milyen gazdas\u00e1gi int\u00e9zked\u00e9seket tettetek a helyzet kezel\u00e9s\u00e9re?<\/strong><\/p>\n\n\n\n<p>Egyeztett\u00fcnk a k\u00f6nyvel\u0151kkel a rendelkez\u00e9sre \u00e1ll\u00f3 opci\u00f3kr\u00f3l, igyekezt\u00fcnk az \u00f6sszes munkav\u00e1llal\u00f3nak a lehet\u0151 legjobb opci\u00f3t megtal\u00e1lni. Ennek megfelel\u0151en mindenkit egys\u00e9gesen minim\u00e1lb\u00e9rre m\u00f3dos\u00edtottunk.&nbsp;<\/p>\n\n\n\n<p>\u00cdgy tudtunk gondoskodni r\u00f3la, hogy min\u00e9l tov\u00e1bb t\u00fal\u00e9lhess\u00fck az \u00e1tmenetei id\u0151szakot, m\u00e9ghozz\u00e1 egy\u00fctt. Minden munkat\u00e1rssal egyenk\u00e9nt le\u00fclt\u00fcnk, \u00e9s megk\u00e9rdezt\u00fck mire van sz\u00fcks\u00e9ge pontosan. Ezt a partnerekkel is igyeksz\u00fcnk megtenni, term\u00e9szetesen a megegyez\u00e9sre t\u00f6reksz\u00fcnk. Minden eddigi partner\u00fcnkkel m\u00e9lt\u00e1nyos tov\u00e1bbi egy\u00fcttm\u0171k\u00f6d\u00e9st igyeksz\u00fcnk fenntartani.<\/p>\n\n\n\n<p>J\u00f3 azt l\u00e1tni egy\u00e9bk\u00e9nt, hogy ipar\u00e1gt\u00f3l f\u00fcggetlen\u00fcl az egy\u00fcttm\u0171k\u00f6d\u00e9sre t\u00f6rekednek a c\u00e9gek. Jelenleg az egy\u00fctt fontosabb, mint a profit. Egyszer\u0171en nincs \u00e9rtelme m\u00e1s al\u00f3l elv\u00e1gni a talajt. Mindannyiunknak \u00e9rdeke, hogy fennmaradjunk. Ez\u00e9rt \u00f6sszefog\u00e1s kell, \u00e9s szerencs\u00e9re kifejezetten nagy \u00f6sszefog\u00e1st is tapasztalok.<\/p>\n\n\n\n<blockquote class=\"wp-block-quote is-layout-flow wp-block-quote-is-layout-flow\"><p>\u00c9vtizedek \u00f3ta dolgozom a versenyszf\u00e9r\u00e1ban, sok neh\u00e9z helyzettel n\u00e9zt\u00fcnk m\u00e1r szembe, de mindannyian tudjuk, l\u00e1tjuk, \u00e9rezz\u00fck: ami most t\u00f6rt\u00e9nik a vil\u00e1gban, val\u00f3sz\u00edn\u0171leg legt\u00f6bb\u00fcnk sz\u00e1m\u00e1ra minden eddigin\u00e9l nehezebb. R\u00e1ad\u00e1sul bizonytalan ideig.Ugyanakkor mint alap\u00edt\u00f3-tulajdonos \u00e9s \u00fcgyvezet\u0151, szeretn\u00e9m felh\u00edvni a figyelmet egy kiemelten fontos szempontra, amelyet nek\u00fcnk, c\u00e9gtulajdonosoknak \u00e9s vezet\u0151knek szem el\u0151tt kell tartanunk. Igen, mindannyiunk sz\u00e1m\u00e1ra ez egy kiemelten neh\u00e9z \u00e9s bizonytalan id\u0151szak &#8211; \u00e9s d\u00f6nt\u00e9seket kell hoznunk. Tudom, hogy nem k\u00f6nny\u0171, de fontos lenne meg\u00e1llnunk egy pillanatra, venni egy nagy leveg\u0151t \u00e9s \u00e1tgondolni, hogy tudunk most a legm\u00e9lt\u00e1nyosabbak lenni, hiszen nek\u00fcnk most kiemelten felel\u0151sen kell viselkedn\u00fcnk. Nem ism\u00e9tlem el azt, amit szak\u00e9rt\u0151k \u00e9s a n\u00e1lam ehhez sokkal jobban \u00e9rt\u0151k m\u00e1r elmondtak a higi\u00e9ni\u00e1r\u00f3l, az otthoni munk\u00e1r\u00f3l, de amellett, hogy az \u0151 aj\u00e1nl\u00e1saikat szigor\u00faan betartjuk, azaz mindent megtesz\u00fcnk az\u00e9rt, hogy vigy\u00e1zunk magunkra \u00e9s egym\u00e1sra, nagyon fontos, hogy MUNKAV\u00c1LLAL\u00d3INKAT, KOLL\u00c9G\u00c1INKAT K\u00c9RLEK NE TASZ\u00cdTSUK A SEMMIBE, ne lehetetlen\u00edts\u00fck el az \u00e9let\u00fcket teljesen azzal, hogy elk\u00fcldj\u00fck \u0151ket a kil\u00e1t\u00e1stalans\u00e1gba! K\u00e9rlek titeket, hogy ne az azonnali elbocs\u00e1t\u00e1sokat v\u00e1lassz\u00e1tok, hanem besz\u00e9lgessetek el munkav\u00e1llal\u00f3itokkal, m\u00e9rj\u00e9tek fel mi az a minimum, amelyre sz\u00fcks\u00e9g\u00fck van alapvet\u0151 l\u00e9tfenntart\u00e1sukhoz, \u00e9s igyekezzetek ezt c\u00e9getek kereteib\u0151l r\u00e1juk ford\u00edtani annyi ideig, ameddig csak lehets\u00e9ges! Fontos a c\u00e9getek j\u00f6v\u0151je, de \u00e1lljatok meg egy pillanatra ebben a bizonyos \u201emostban\u201d \u00e9s SEG\u00cdTSETEK AZOKNAK, AKIK EDDIG TITEKET \u00c9S C\u00c9GEITEKET SEG\u00cdTETT\u00c9K, dolgoznak veletek egy\u00fctt \u00e9vek \u00f3ta, mert most erre nagyon nagy sz\u00fcks\u00e9g van! B\u00edzom benne, kedves versenyszf\u00e9r\u00e1ban dolgoz\u00f3 tulajdonos\/vezet\u0151 t\u00e1rsaim, hogy ti is erre, r\u00e1juk ford\u00edtj\u00e1tok \u201elehet\u0151s\u00e9geitek\u201d nagy r\u00e9sz\u00e9t, hogy \u00e1tv\u00e9szelhess\u00e9tek ezt az id\u0151szakot MINDANNYIAN, EGY\u00dcTTM\u0170K\u00d6DVE! <\/p><p>K\u00f6sz\u00f6n\u00f6m!<\/p><cite> Csonka &#8211; Jagasics Hedvig facebook bejegyz\u00e9se<\/cite><\/blockquote>\n\n\n\n<p><strong>Mi az, amit a jelen helyzetben m\u00e9g tudtok csin\u00e1lni?<\/strong><\/p>\n\n\n\n<p>Csak a j\u00f6v\u0151re tudunk koncentr\u00e1lni, emellett pedig <strong>sz\u00fcks\u00e9g van r\u00e1, hogy lenyugodjunk<\/strong>. A kreativit\u00e1st ugyanakkor nem lehet visszafogni. Most lesz id\u0151 alaposan kidolgozni egy-egy ruh\u00e1t, ez\u00e9rt el fogunk kezdeni tervezni.<\/p>\n\n\n\n<p><strong>Te szem\u00e9ly szerint hogy b\u00edrod a nyom\u00e1st? Mit teszel a lelki egyens\u00falyod fenntart\u00e1s\u00e1\u00e9rt?<\/strong><\/p>\n\n\n\n<p>Meglep\u0151en j\u00f3l b\u00edrom, j\u00f3l j\u00f6n most a nagy teherb\u00edr\u00e1som. Egy\u00e9bk\u00e9nt f\u0151z\u00e9ssel vezetem le a stresszt, illetve futok, sportolok, \u00e9s pr\u00f3b\u00e1lok \u00e9szn\u00e9l lenni. <\/p>\n\n\n\n<hr class=\"wp-block-separator\"\/>\n\n\n\n<h1 class=\"has-text-align-center wp-block-heading\">Szeretn\u00e9l megismerkedni klubtagjainkkal? K\u00e9rj egy megh\u00edv\u00f3t!<\/h1>\n\n\n\n<div class=\"wp-block-button aligncenter\"><a class=\"wp-block-button__link has-background\" href=\"https:\/\/bizalmikor.hu\/kapcsolat\/\" style=\"background-color:#14496b\" target=\"_blank\" rel=\"noreferrer noopener\"><strong>\u00c9rdekel a Bizalmi K\u00f6r klubtags\u00e1g<\/strong><\/a><\/div>\n\n\n\n<hr class=\"wp-block-separator\"\/>\n","protected":false},"excerpt":{"rendered":"<p>Legyen b\u00e1rmennyire is neh\u00e9z a helyzet a koronav\u00edrus k\u00f6vetkezt\u00e9ben, vezet\u0151k\u00e9nt felel\u0151ss\u00e9ggel tartozunk a munkat\u00e1rsak\u00e9rt, \u00e9s meg kell \u0151ket v\u00e9den\u00fcnk. A szellemi munkaer\u0151 ugyanis komoly \u00e9rt\u00e9kkel b\u00edr, ez\u00e9rt meg kell \u00f3vni. Mindezek mellett \u00f6sszefog\u00e1sra van sz\u00fcks\u00e9g, vagyis az egy\u00fctt most fontosabb a profitn\u00e1l.<\/p>\n","protected":false},"author":3,"featured_media":1806,"comment_status":"closed","ping_status":"open","sticky":false,"template":"","format":"standard","meta":{"footnotes":""},"categories":[25,16],"tags":[],"yoast_head":"<!-- This site is optimized with the Yoast SEO plugin v15.4 - https:\/\/yoast.com\/wordpress\/plugins\/seo\/ -->\n<title>Amikor az egy\u00fctt fontosabb, mint a profit<\/title>\n<meta name=\"description\" content=\"A szellemi munkaer\u0151 ugyanis komoly \u00e9rt\u00e9kkel b\u00edr, ez\u00e9rt meg kell \u00f3vni. Ezek mellett \u00f6sszefog\u00e1sra van sz\u00fcks\u00e9g, vagyis az egy\u00fctt most fontosabb a profitn\u00e1l.\" \/>\n<meta name=\"robots\" content=\"index, follow, max-snippet:-1, max-image-preview:large, max-video-preview:-1\" \/>\n<link rel=\"canonical\" href=\"https:\/\/bizalmikor.hu\/blog\/2020\/03\/25\/amikor-az-egyutt-fontosabb-mint-a-profit\/\" \/>\n<meta property=\"og:locale\" content=\"hu_HU\" \/>\n<meta property=\"og:type\" content=\"article\" \/>\n<meta property=\"og:title\" content=\"Amikor az egy\u00fctt fontosabb, mint a profit\" \/>\n<meta property=\"og:description\" content=\"A szellemi munkaer\u0151 ugyanis komoly \u00e9rt\u00e9kkel b\u00edr, ez\u00e9rt meg kell \u00f3vni. Ezek mellett \u00f6sszefog\u00e1sra van sz\u00fcks\u00e9g, vagyis az egy\u00fctt most fontosabb a profitn\u00e1l.\" \/>\n<meta property=\"og:url\" content=\"https:\/\/bizalmikor.hu\/blog\/2020\/03\/25\/amikor-az-egyutt-fontosabb-mint-a-profit\/\" \/>\n<meta property=\"og:site_name\" content=\"Bizalmi K\u00f6r blog\" \/>\n<meta property=\"article:publisher\" content=\"https:\/\/www.facebook.com\/bizalmikor\" \/>\n<meta property=\"article:published_time\" content=\"2020-03-25T10:08:50+00:00\" \/>\n<meta property=\"article:modified_time\" content=\"2020-05-11T12:41:09+00:00\" \/>\n<meta property=\"og:image\" content=\"https:\/\/bizalmikor.hu\/blog\/wp-content\/uploads\/2020\/03\/20190402_sb_webkampany_HIGH_15-e1586181909511.jpg\" \/>\n\t<meta property=\"og:image:width\" content=\"600\" \/>\n\t<meta property=\"og:image:height\" content=\"400\" \/>\n<meta name=\"twitter:card\" content=\"summary_large_image\" \/>\n<meta name=\"twitter:label1\" content=\"Szerz\u0151:\">\n\t<meta name=\"twitter:data1\" content=\"Gangel P\u00e9ter\">\n\t<meta name=\"twitter:label2\" content=\"Becs\u00fclt olvas\u00e1si id\u0151\">\n\t<meta name=\"twitter:data2\" content=\"5 perc\">\n<script type=\"application\/ld+json\" class=\"yoast-schema-graph\">{\"@context\":\"https:\/\/schema.org\",\"@graph\":[{\"@type\":\"Organization\",\"@id\":\"https:\/\/bizalmikor.hu\/blog\/#organization\",\"name\":\"Bizalmi K\\u00f6r Kft.\",\"url\":\"https:\/\/bizalmikor.hu\/blog\/\",\"sameAs\":[\"https:\/\/www.facebook.com\/bizalmikor\",\"https:\/\/www.instagram.com\/bizalmikor\/\",\"https:\/\/www.linkedin.com\/company\/19165894\",\"https:\/\/www.youtube.com\/channel\/UC7fAD3QCIWeSexU5t6F3YOw?view_as=subscriber\"],\"logo\":{\"@type\":\"ImageObject\",\"@id\":\"https:\/\/bizalmikor.hu\/blog\/#logo\",\"inLanguage\":\"hu\",\"url\":\"https:\/\/bizalmikor.hu\/blog\/wp-content\/uploads\/2019\/02\/Group-2.png\",\"width\":4033,\"height\":1192,\"caption\":\"Bizalmi K\\u00f6r Kft.\"},\"image\":{\"@id\":\"https:\/\/bizalmikor.hu\/blog\/#logo\"}},{\"@type\":\"WebSite\",\"@id\":\"https:\/\/bizalmikor.hu\/blog\/#website\",\"url\":\"https:\/\/bizalmikor.hu\/blog\/\",\"name\":\"Bizalmi K\\u00f6r blog\",\"description\":\"Egynek minden neh\\u00e9z, soknak semmi sem lehetetlen.\",\"publisher\":{\"@id\":\"https:\/\/bizalmikor.hu\/blog\/#organization\"},\"potentialAction\":[{\"@type\":\"SearchAction\",\"target\":\"https:\/\/bizalmikor.hu\/blog\/?s={search_term_string}\",\"query-input\":\"required name=search_term_string\"}],\"inLanguage\":\"hu\"},{\"@type\":\"ImageObject\",\"@id\":\"https:\/\/bizalmikor.hu\/blog\/2020\/03\/25\/amikor-az-egyutt-fontosabb-mint-a-profit\/#primaryimage\",\"inLanguage\":\"hu\",\"url\":\"https:\/\/bizalmikor.hu\/blog\/wp-content\/uploads\/2020\/03\/20190402_sb_webkampany_HIGH_15-e1586181909511.jpg\",\"width\":600,\"height\":400},{\"@type\":\"WebPage\",\"@id\":\"https:\/\/bizalmikor.hu\/blog\/2020\/03\/25\/amikor-az-egyutt-fontosabb-mint-a-profit\/#webpage\",\"url\":\"https:\/\/bizalmikor.hu\/blog\/2020\/03\/25\/amikor-az-egyutt-fontosabb-mint-a-profit\/\",\"name\":\"Amikor az egy\\u00fctt fontosabb, mint a profit\",\"isPartOf\":{\"@id\":\"https:\/\/bizalmikor.hu\/blog\/#website\"},\"primaryImageOfPage\":{\"@id\":\"https:\/\/bizalmikor.hu\/blog\/2020\/03\/25\/amikor-az-egyutt-fontosabb-mint-a-profit\/#primaryimage\"},\"datePublished\":\"2020-03-25T10:08:50+00:00\",\"dateModified\":\"2020-05-11T12:41:09+00:00\",\"description\":\"A szellemi munkaer\\u0151 ugyanis komoly \\u00e9rt\\u00e9kkel b\\u00edr, ez\\u00e9rt meg kell \\u00f3vni. Ezek mellett \\u00f6sszefog\\u00e1sra van sz\\u00fcks\\u00e9g, vagyis az egy\\u00fctt most fontosabb a profitn\\u00e1l.\",\"inLanguage\":\"hu\",\"potentialAction\":[{\"@type\":\"ReadAction\",\"target\":[\"https:\/\/bizalmikor.hu\/blog\/2020\/03\/25\/amikor-az-egyutt-fontosabb-mint-a-profit\/\"]}]},{\"@type\":\"Article\",\"@id\":\"https:\/\/bizalmikor.hu\/blog\/2020\/03\/25\/amikor-az-egyutt-fontosabb-mint-a-profit\/#article\",\"isPartOf\":{\"@id\":\"https:\/\/bizalmikor.hu\/blog\/2020\/03\/25\/amikor-az-egyutt-fontosabb-mint-a-profit\/#webpage\"},\"author\":{\"@id\":\"https:\/\/bizalmikor.hu\/blog\/#\/schema\/person\/a89936ed381c3afa4cd7a27040dbfb07\"},\"headline\":\"Amikor az egy\\u00fctt fontosabb, mint a profit\",\"datePublished\":\"2020-03-25T10:08:50+00:00\",\"dateModified\":\"2020-05-11T12:41:09+00:00\",\"mainEntityOfPage\":{\"@id\":\"https:\/\/bizalmikor.hu\/blog\/2020\/03\/25\/amikor-az-egyutt-fontosabb-mint-a-profit\/#webpage\"},\"publisher\":{\"@id\":\"https:\/\/bizalmikor.hu\/blog\/#organization\"},\"image\":{\"@id\":\"https:\/\/bizalmikor.hu\/blog\/2020\/03\/25\/amikor-az-egyutt-fontosabb-mint-a-profit\/#primaryimage\"},\"articleSection\":\"COVID-19 \\u00fczleti tapasztalatok,V\\u00e1llalkoz\\u00e1s\",\"inLanguage\":\"hu\"},{\"@type\":\"Person\",\"@id\":\"https:\/\/bizalmikor.hu\/blog\/#\/schema\/person\/a89936ed381c3afa4cd7a27040dbfb07\",\"name\":\"Gangel P\\u00e9ter\",\"image\":{\"@type\":\"ImageObject\",\"@id\":\"https:\/\/bizalmikor.hu\/blog\/#personlogo\",\"inLanguage\":\"hu\",\"url\":\"https:\/\/secure.gravatar.com\/avatar\/ee1c6e901d6b9c50c9a2204252c914b4?s=96&d=mm&r=g\",\"caption\":\"Gangel P\\u00e9ter\"}}]}<\/script>\n<!-- \/ Yoast SEO plugin. -->","_links":{"self":[{"href":"https:\/\/bizalmikor.hu\/blog\/wp-json\/wp\/v2\/posts\/1803"}],"collection":[{"href":"https:\/\/bizalmikor.hu\/blog\/wp-json\/wp\/v2\/posts"}],"about":[{"href":"https:\/\/bizalmikor.hu\/blog\/wp-json\/wp\/v2\/types\/post"}],"author":[{"embeddable":true,"href":"https:\/\/bizalmikor.hu\/blog\/wp-json\/wp\/v2\/users\/3"}],"replies":[{"embeddable":true,"href":"https:\/\/bizalmikor.hu\/blog\/wp-json\/wp\/v2\/comments?post=1803"}],"version-history":[{"count":12,"href":"https:\/\/bizalmikor.hu\/blog\/wp-json\/wp\/v2\/posts\/1803\/revisions"}],"predecessor-version":[{"id":2610,"href":"https:\/\/bizalmikor.hu\/blog\/wp-json\/wp\/v2\/posts\/1803\/revisions\/2610"}],"wp:featuredmedia":[{"embeddable":true,"href":"https:\/\/bizalmikor.hu\/blog\/wp-json\/wp\/v2\/media\/1806"}],"wp:attachment":[{"href":"https:\/\/bizalmikor.hu\/blog\/wp-json\/wp\/v2\/media?parent=1803"}],"wp:term":[{"taxonomy":"category","embeddable":true,"href":"https:\/\/bizalmikor.hu\/blog\/wp-json\/wp\/v2\/categories?post=1803"},{"taxonomy":"post_tag","embeddable":true,"href":"https:\/\/bizalmikor.hu\/blog\/wp-json\/wp\/v2\/tags?post=1803"}],"curies":[{"name":"wp","href":"https:\/\/api.w.org\/{rel}","templated":true}]}}