{"id":1818,"date":"2020-03-25T10:52:54","date_gmt":"2020-03-25T10:52:54","guid":{"rendered":"https:\/\/bizalmikor.hu\/blog\/?p=1818"},"modified":"2020-03-25T10:54:02","modified_gmt":"2020-03-25T10:54:02","slug":"erdemes-kompromisszumos-megoldasra-torekedni-a-jogi-kerdesek-tisztazasakor","status":"publish","type":"post","link":"https:\/\/bizalmikor.hu\/blog\/2020\/03\/25\/erdemes-kompromisszumos-megoldasra-torekedni-a-jogi-kerdesek-tisztazasakor\/","title":{"rendered":"\u00c9rdemes kompromisszumos megold\u00e1sra t\u00f6rekedni a jogi k\u00e9rd\u00e9sek tiszt\u00e1z\u00e1sakor"},"content":{"rendered":"\n<p><strong> Mindenkinek az az \u00e9rdeke, hogy az eg\u00e9sz gazdas\u00e1gi helyzetre egy l\u00e1ncolatk\u00e9nt tekints\u00fck most. Kommunik\u00e1ljunk a partnerekkel, \u00e9s ha lehet, r\u00f6gz\u00edts\u00fcnk minden meg\u00e1llapod\u00e1st \u00edr\u00e1sban. \u00c9rdemes teh\u00e1t t\u00e1rgyalni a b\u00e9rbead\u00f3kkal, egy\u00fattal t\u00f6rekedni a kompromisszumos megold\u00e1sok kialak\u00edt\u00e1s\u00e1ra. <\/strong><\/p>\n\n\n\n<ul><li> <strong>Ingatlan b\u00e9rleti szerz\u0151d\u00e9sek<\/strong>.<\/li><li><strong>Helyes kommunik\u00e1ci\u00f3.<\/strong><\/li><li> <strong>Mit jelent a korm\u00e1ny rendelete a hitelek befagyaszt\u00e1s\u00e1r\u00f3l?<\/strong> <\/li><li><strong>Mire kell m\u00e9g figyelni?<\/strong><\/li><\/ul>\n\n\n\n<p>Dr. Hagya Szabolcssal ( <a rel=\"noreferrer noopener\" aria-label=\" (\u00faj f\u00fcl\u00f6n nyitja meg)\" href=\"https:\/\/nolliroda.com\/\" target=\"_blank\">Noll \u00dcgyv\u00e9di Iroda<\/a> ) besz\u00e9lgetett Gangel P\u00e9ter a koronav\u00edrus miatti aktu\u00e1lis jogi k\u00e9rd\u00e9sek kapcs\u00e1n:<\/p>\n\n\n\n<p><strong>Titeket, illetve az \u00fcgyv\u00e9d szakm\u00e9t hogyan \u00e9rinti a kialakult helyzet?<\/strong><\/p>\n\n\n\n<p>Vegyesen \u00e9rinti szerintem az \u00fcgyv\u00e9di szakm\u00e1t. Nagyon sok munkajogi \u00e9s ingatlan jogi k\u00e9rd\u00e9s \u00e9rkezik most t\u00f6bb platformon is, ez\u00e9rt a k\u00fcls\u0151 szeml\u00e9l\u0151 azt gondolhatja, hogy az \u00fcgyv\u00e9di irod\u00e1kn\u00e1l az \u00fcgyfelek ott kopogtatnak az ajt\u00f3ban mindenkin\u00e9l. Ez sajnos nem \u00edgy van. \u00dagy l\u00e1tom, hogy sok koll\u00e9g\u00e1t \u00e9rt v\u00e1ratlanul \u00e9s sokan nem voltak felk\u00e9sz\u00fclve. P\u00e9ld\u00e1ul sok \u00fcgyv\u00e9di iroda ingatlan ad\u00e1sv\u00e9telekre volt r\u00e1\u00e1llva, \u0151k ezt a v\u00e1ls\u00e1got jelent\u0151sen meg\u00e9rzik.<\/p>\n\n\n\n<p>Ami pedig minket illet, sok \u00fcgyfel\u00fcnknek van akkut \u00e9s gyors reag\u00e1l\u00e1st k\u00edv\u00e1n\u00f3 \u00fcgye, ezeket igyeksz\u00fcnk min\u00e9l el\u0151bb \u00e9s prec\u00edzen megoldani. Jellemz\u0151en ezek most munkajogi \u00e9s ingatlannal kapcsolatos \u00fcgyek. Mondok egy p\u00e9ld\u00e1t. Lehet hallani, hogy az online \u00e9rt\u00e9kes\u00edt\u00e9s \u00e9s \u00fcgyf\u00e9lszerz\u00e9s mennyire fontosak most. Ez \u00edgy is van, viszont a c\u00e9gek egy jelent\u0151s r\u00e9sz\u00e9nek nincs rendben az adatv\u00e9delme, ez\u00e9rt email list\u00e1t sem tud \u00e9p\u00edteni. Az adatv\u00e9delem egy kezdetleges kialak\u00edt\u00e1s\u00e1ra \u00e9rdemes teh\u00e1t gondolni c\u00e9gvezet\u0151k\u00e9nt.<\/p>\n\n\n\n<p><strong>Ingatlan b\u00e9rleti szerz\u0151d\u00e9sek eset\u00e9ben mi min\u0151s\u00fcl vis maior helyzetnek?<\/strong><\/p>\n\n\n\n<p>A vis maior most egy gyakran haszn\u00e1lt fogalom, egzaktan nem rendelkezik r\u00f3la a magyar jogrendszer, a b\u00edr\u00f3i gyakorlat alak\u00edtotta ki. K\u00f6z\u00e9rthet\u0151en fogalmazva minden olyan helyzet vis maior, amit el\u0151re nem lehetett l\u00e1tni, emellett a technika \u00e9s a tudom\u00e1ny mai \u00e1ll\u00e1s\u00e1val nem lehet kiker\u00fclni a k\u00f6vetkezm\u00e9nyeit. Maga a koronav\u00edrus, illetve annak a glob\u00e1lis m\u00e9ret\u0171 terjed\u00e9se \u00f6nmag\u00e1ban vis maior helyzet. Amennyiben adottak r\u00e1 a felt\u00e9telek \u00e9s a k\u00f6rnyezet, akkor lehet vis maior helyzetre hivatkozni, viszont \u00f3va inten\u00e9k att\u00f3l minden c\u00e9gvezet\u0151t, hogy mostant\u00f3l minden k\u00e9sedelemn\u00e9l tegye fel a kez\u00e9t. Ez ugyanis elt\u00e1vol\u00edtja a feleket a megegyez\u00e9st\u0151l.<\/p>\n\n\n\n<p>Fontos elk\u00fcl\u00f6n\u00edteni, hogy egy szerz\u0151d\u00e9s teljes\u00edt\u00e9se ellehetetlen\u00fcl, vagy pedig cs\u00fasz\u00e1s k\u00f6vetkezik be a b\u00e9rleti d\u00edjak teljes\u00edt\u00e9s\u00e9ben. A k\u00e9t k\u00fcl\u00f6n helyzet ugyanis elt\u00e9r\u0151 elj\u00e1r\u00e1st tesz indokoltt\u00e1. P\u00e9ld\u00e1ul ha bek\u00f6vetkezik a kij\u00e1r\u00e1si tilalom, akkor ez az eset a b\u00e9rleti viszonyra vonatkoz\u00f3 vis maior helyzet lesz, \u00e9s lehetetlen\u00fcl a szerz\u0151d\u00e9s. A t\u00f6rv\u00e9ny \u00e9rtelm\u00e9ben megsz\u0171nik ilyenkor a szerz\u0151d\u00e9s, a feleknek pedig el kell sz\u00e1molnia egym\u00e1ssal.<\/p>\n\n\n\n<p>Amennyiben k\u00e9sedelem keletkezik, olyankor a szerz\u0151d\u00e9sszeg\u00e9s\u00e9rt, vagyis a cs\u00fasz\u00e1s\u00e9rt nem lehet felel\u0151ss\u00e9 tenni a szerz\u0151d\u00e9sszeg\u0151 felet. Vagyis nem sz\u00e1molhat\u00f3 fel k\u00e9sedelmi kamat, ugyanakkor a teljes\u00edt\u00e9si k\u00f6telezetts\u00e9g nem sz\u0171nik meg, csak k\u00e9s\u0151bbre tol\u00f3dik. Egy-egy eset kapcs\u00e1n c\u00e9lszer\u0171 az alkalmazott \u00fcgyv\u00e9ddel, illetve jogi tan\u00e1csad\u00f3val konzult\u00e1lni.<\/p>\n\n\n\n<p><strong>Milyen kommunik\u00e1ci\u00f3s form\u00e1kat javasolsz?<\/strong><\/p>\n\n\n\n<p>Minden \u00fcgyemben a megegyez\u00e9st keresem, a jelenlegi helyzetben pedig \u00e1ltal\u00e1nosan tapasztalhat\u00f3, hogy rugalmasak \u00e9s empatikusak a felek. Mindenkinek az az \u00e9rdeke, hogy az eg\u00e9sz gazdas\u00e1gi helyzetre egy l\u00e1ncolatk\u00e9nt tekints\u00fck most. Amint tudjuk, hogy cs\u00faszni fogunk a fizet\u00e9ssel, jelezz\u00fck a partner fel\u00e9, lehet\u0151s\u00e9g szerint \u00edr\u00e1sban. Mindent er\u0151s\u00edts\u00fcnk meg \u00edr\u00e1sban, legyen le\u00edrva. Ha egy telefonos besz\u00e9lget\u00e9sben sz\u00fcletik meg\u00e1llapod\u00e1s, azt is er\u0151s\u00edts\u00fck meg emailen, faxon vagy lev\u00e9lben.<\/p>\n\n\n\n<figure class=\"wp-block-image size-large\"><img loading=\"lazy\" decoding=\"async\" width=\"1024\" height=\"727\" src=\"https:\/\/bizalmikor.hu\/blog\/wp-content\/uploads\/2020\/03\/hagya-szabolcs-1024x727.jpg\" alt=\"\" class=\"wp-image-1819\" srcset=\"https:\/\/bizalmikor.hu\/blog\/wp-content\/uploads\/2020\/03\/hagya-szabolcs-1024x727.jpg 1024w, https:\/\/bizalmikor.hu\/blog\/wp-content\/uploads\/2020\/03\/hagya-szabolcs-300x213.jpg 300w, https:\/\/bizalmikor.hu\/blog\/wp-content\/uploads\/2020\/03\/hagya-szabolcs-768x545.jpg 768w, https:\/\/bizalmikor.hu\/blog\/wp-content\/uploads\/2020\/03\/hagya-szabolcs.jpg 1253w\" sizes=\"(max-width: 1024px) 100vw, 1024px\" \/><figcaption><strong>&#8220;&#8230; a c\u00e9gek egy jelent\u0151s r\u00e9sz\u00e9nek nincs rendben az adatv\u00e9delme, ez\u00e9rt email list\u00e1t sem tud \u00e9p\u00edteni&#8230;&#8221;  <\/strong><\/figcaption><\/figure>\n\n\n\n<p><strong>Mi a helyzet, amikor egy szerz\u0151d\u00e9s az\u00e9rt nem tud teljes\u00fclni, mert mondjuk nem \u00e9rkezett meg az alapanyag?<\/strong><\/p>\n\n\n\n<p>Ez p\u00e9ld\u00e1ul egy\u00e9rtelm\u0171en vis maior helyzet. Ez olyan k\u00f6r\u00fclm\u00e9ny, amivel nem kellett el\u0151re sz\u00e1molnom, nem tudom saj\u00e1t er\u0151b\u0151l elh\u00e1r\u00edtani. Fontos azonban a szerz\u0151d\u00e9sk\u00f6t\u00e9s id\u0151pontja. Mert a szerz\u0151d\u00e9sk\u00f6t\u00e9s id\u0151pontj\u00e1ban nem kellett, hogy a vis maior helyzettel sz\u00e1moljunk.<\/p>\n\n\n\n<p><strong>Mit jelent a korm\u00e1ny rendelete a hitelek befagyaszt\u00e1s\u00e1r\u00f3l?<\/strong><\/p>\n\n\n\n<p>Az ad\u00f3s a hitelfizet\u00e9si k\u00f6telezetts\u00e9g\u00e9nek december 31-ig nem kell, hogy eleget tegyen. Vagyis nem kell fizetni t\u0151k\u00e9t vagy kamatot. A fizet\u00e9si k\u00f6telezetts\u00e9g azonban nem megsz\u0171nik, hanem a futamid\u0151 hosszabbodik. Egy\u00e9bk\u00e9nt, ha valaki szeretn\u00e9 \u00e9s tudja is fizetni a t\u00f6rleszt\u0151r\u00e9szleteket tov\u00e1bbra is, az megteheti.<\/p>\n\n\n\n<p><strong>A l\u00edzingszerz\u0151d\u00e9seket \u00e9rinti-e a morat\u00f3rium?<\/strong><\/p>\n\n\n\n<p>Erre vonatkoz\u00f3an nem l\u00e1ttam m\u00e9g korm\u00e1ny bejelent\u00e9st. B\u00edzom benne, hogy gondolni fognak erre is. Nem merem ezt egy\u00e9rtelm\u0171en kijelenteni, de a v\u00e9lem\u00e9nyem szerint gondolni fognak r\u00e1 a jogalkot\u00f3k.<\/p>\n\n\n\n<p><strong>Mit tudunk a munkajogi v\u00e1ltoz\u00e1sokr\u00f3l, munkaid\u0151 beoszt\u00e1ssal kapcsolatban?<\/strong><\/p>\n\n\n\n<p>Ami biztos, hogy a korm\u00e1ny igyekszik seg\u00edteni a munk\u00e1ltat\u00f3kat annak \u00e9rdek\u00e9ben, hogy a munkav\u00e1llal\u00f3kat siker\u00fclj\u00f6n megtartani. A munkaid\u0151 beoszt\u00e1s \u00e9s a munkajogi szab\u00e1lyok rugalmass\u00e1ga az, ami ennek hat\u00e1s\u00e1ra megn\u0151tt. Tov\u00e1bb\u00e1 a j\u00e1rul\u00e9kbefizet\u00e9si k\u00f6telezetts\u00e9gek kapcs\u00e1n jelent\u0151s enyh\u00edt\u00e9seket kapnak a munk\u00e1ltat\u00f3k a k\u00fcl\u00f6n\u00f6sen \u00e9rintett szektorokb\u00f3l. Vannak teh\u00e1t olyan el\u0151remutat\u00f3 int\u00e9zked\u00e9sek, amelyek val\u00f3di seg\u00edts\u00e9get jelentenek majd a munk\u00e1ltat\u00f3knak.<\/p>\n\n\n\n<p><strong>Annak a c\u00e9gnek, aki saj\u00e1t d\u00f6nt\u00e9se alapj\u00e1n home office-ba k\u00e9nyszer\u00fclt, a b\u00e9relt iroda kapcs\u00e1n \u00e9rdemes-e t\u00e1rgyalni a b\u00e9rbead\u00f3val?<\/strong><\/p>\n\n\n\n<p>Mindenf\u00e9lek\u00e9ppen \u00e9rdemes t\u00e1rgyalni a b\u00e9rbead\u00f3val. Senkinek sem egyszer\u0171 most, b\u00e9rl\u0151k\u00e9nt, illetve b\u00e9rbead\u00f3k\u00e9nt sem \u00e9rdek a bev\u00e9telt\u0151l val\u00f3 eles\u00e9s. K\u00f6z\u00f6s \u00e9rdek, hogy a b\u00e9rleti jogviszony hossz\u00fat\u00e1von fennmaradjon. Egy kompromisszumos megold\u00e1s keres\u00e9se a javasolt. Ide\u00e1lis esetben egy szerz\u0151d\u00e9sm\u00f3dos\u00edt\u00e1sra lenne sz\u00fcks\u00e9g, ha erre nincs m\u00f3d, akkor a semmin\u00e9l az emailes levelez\u00e9s is jobb.<\/p>\n\n\n\n<p><strong>Mi az, amire m\u00e9g oda kell figyelnie egy c\u00e9gvezet\u0151nek?<\/strong><\/p>\n\n\n\n<p>El\u0151sz\u00f6r az emberi oldal\u00e1t emeln\u00e9m ki. Fontos az emp\u00e1tia. Csak akkor tudunk ebb\u0151l a helyzetb\u0151l kij\u00f6nni, ha mind a ketten enged\u00fcnk. A jogi k\u00e9rd\u00e9sekre pedig ah\u00e1ny ter\u00fclet, tal\u00e1n annyif\u00e9le v\u00e1lasz lehets\u00e9ges. P\u00e9ld\u00e1ul egy b\u00e9rleti szerz\u0151d\u00e9s eset\u00e9ben a hossz, az \u00e1raz\u00e1s, a fizet\u00e9si \u00fctemez\u00e9s, adott esetben annak a deviz\u00e1ja. Nem mindegy most, hogy mikori r\u00f6gz\u00edt\u00e9ssel vessz\u00fck alapul az \u00e1rfolyamot. Online m\u0171k\u00f6d\u0151 v\u00e1llalkoz\u00e1sok eset\u00e9ben az adatv\u00e9delmet megfontol\u00e1sra aj\u00e1nlom. A franchise rendszerek tulajdonosain\u00e1l pr\u00f3b\u00e1ljunk a partnerekkel k\u00f6z\u00f6s megold\u00e1st kidolgozni.<\/p>\n\n\n\n<p><strong>Mi t\u00f6rt\u00e9nik a b\u00e9rleti szerz\u0151d\u00e9sekkel akkor, ha t\u00e9nyleg lakhely elhagy\u00e1si tilalom l\u00e9p \u00e9letbe?<\/strong><\/p>\n\n\n\n<p>A b\u00e9rleti szerz\u0151d\u00e9sek eset\u00e9ben az \u00fajra t\u00e1rgyal\u00e1s elengedhetetlen, emellett az esetek legnagyobb r\u00e9sz\u00e9ben a vis maior helyzet fenn fog \u00e1llni \u00e9s hivatkoz\u00e1si alapot teremt majd. Azt azonban ne felejts\u00fck el, hogy a kij\u00e1r\u00e1si tilalom idej\u00e9n munk\u00e1ba j\u00e1rni \u00e9s \u00e9lelmiszerboltba el lehet menni a legr\u00f6videbb \u00faton. Munkajogi szempontb\u00f3l a munk\u00e1ltat\u00f3 legfontosabb k\u00f6telezetts\u00e9ge a foglalkoztat\u00e1si k\u00f6telezetts\u00e9g. Vis maior helyzet eset\u00e9n ugye gyakorlatilag ellehetetlen\u00fcl ez a foglalkoztat\u00e1si k\u00f6telezetts\u00e9g, ebben az esetben sajnos a munkav\u00e1llal\u00f3nak munkab\u00e9r nem j\u00e1r.<\/p>\n\n\n\n<p>Ha elrendelik a home office-t, akkor a sz\u00fcks\u00e9ges felt\u00e9telek biztos\u00edt\u00e1sa mellett j\u00e1r a munkab\u00e9r. Ha a munk\u00e1ltat\u00f3 nem a munkab\u00e9rt, de egy\u00e9bk\u00e9nt a lehet\u0151s\u00e9ge volna r\u00e1, akkor a munkav\u00e1llal\u00f3nak alapb\u00e9r j\u00e1r \u00e9s a szerz\u0151d\u00e9s\u00e9ben szerepl\u0151 b\u00e9rp\u00f3tl\u00e9kok. Ha a munkav\u00e1llal\u00f3nak karant\u00e9nba kell vonulnia, akkor betegszabads\u00e1gra \u00e9s t\u00e1pp\u00e9nzre ker\u00fcl. \u00c9rdemes ezt egyeztetni a k\u00f6nyvel\u0151vel is. Kommunik\u00e1ljunk \u00e9s besz\u00e9lj\u00fcnk, mert k\u00f6z\u00f6s er\u0151vel k\u00f6nnyebb lesz \u00e1tlend\u00fclni.<\/p>\n\n\n\n<p><strong>K\u00f6sz\u00f6nj\u00fck sz\u00e9pen Szabolcsnak, hogy elj\u00f6tt hozz\u00e1nk \u00e9s megosztotta vel\u00fcnk ezeket a fontos tudnival\u00f3kat. Amennyiben tov\u00e1bbi k\u00e9rd\u00e9seitek lenn\u00e9nek, akkor az al\u00e1bbi el\u00e9rhet\u0151s\u00e9gen tudj\u00e1tok ezeket feltenni:<\/strong>  <a href=\"https:\/\/bizalmikor95049.activehosted.com\/app\/contacts\/143\">hagya.szabolcs@gmail.com<\/a> <\/p>\n\n\n\n<hr class=\"wp-block-separator\"\/>\n\n\n\n<h1 class=\"has-text-align-center wp-block-heading\">Szeretn\u00e9l megismerkedni klubtagjainkkal? K\u00e9rj egy megh\u00edv\u00f3t!<\/h1>\n\n\n\n<div class=\"wp-block-button aligncenter\"><a class=\"wp-block-button__link has-background\" href=\"https:\/\/bizalmikor.hu\/kapcsolat\/\" style=\"background-color:#14496b\" target=\"_blank\" rel=\"noreferrer noopener\"><strong>\u00c9rdekel a Bizalmi K\u00f6r klubtags\u00e1g<\/strong><\/a><\/div>\n\n\n\n<hr class=\"wp-block-separator\"\/>\n","protected":false},"excerpt":{"rendered":"<p>Mindenkinek az az \u00e9rdeke, hogy az eg\u00e9sz gazdas\u00e1gi helyzetre egy l\u00e1ncolatk\u00e9nt tekints\u00fck most. Kommunik\u00e1ljunk a partnerekkel, \u00e9s ha lehet, r\u00f6gz\u00edts\u00fcnk minden meg\u00e1llapod\u00e1st \u00edr\u00e1sban. \u00c9rdemes teh\u00e1t t\u00e1rgyalni a b\u00e9rbead\u00f3kkal, egy\u00fattal t\u00f6rekedni a kompromisszumos megold\u00e1sok kialak\u00edt\u00e1s\u00e1ra. <\/p>\n","protected":false},"author":3,"featured_media":1821,"comment_status":"closed","ping_status":"open","sticky":false,"template":"","format":"standard","meta":{"footnotes":""},"categories":[25,16],"tags":[],"yoast_head":"<!-- This site is optimized with the Yoast SEO plugin v15.4 - https:\/\/yoast.com\/wordpress\/plugins\/seo\/ -->\n<title>\u00c9rdemes kompromisszumos megold\u00e1sra t\u00f6rekedni a jogi k\u00e9rd\u00e9sek tiszt\u00e1z\u00e1sakor<\/title>\n<meta name=\"robots\" content=\"index, follow, max-snippet:-1, max-image-preview:large, max-video-preview:-1\" \/>\n<link rel=\"canonical\" href=\"https:\/\/bizalmikor.hu\/blog\/2020\/03\/25\/erdemes-kompromisszumos-megoldasra-torekedni-a-jogi-kerdesek-tisztazasakor\/\" \/>\n<meta property=\"og:locale\" content=\"hu_HU\" \/>\n<meta property=\"og:type\" content=\"article\" \/>\n<meta property=\"og:title\" content=\"\u00c9rdemes kompromisszumos megold\u00e1sra t\u00f6rekedni a jogi k\u00e9rd\u00e9sek tiszt\u00e1z\u00e1sakor\" \/>\n<meta property=\"og:description\" content=\"Mindenkinek az az \u00e9rdeke, hogy az eg\u00e9sz gazdas\u00e1gi helyzetre egy l\u00e1ncolatk\u00e9nt tekints\u00fck most. Kommunik\u00e1ljunk a partnerekkel, \u00e9s ha lehet, r\u00f6gz\u00edts\u00fcnk minden meg\u00e1llapod\u00e1st \u00edr\u00e1sban. \u00c9rdemes teh\u00e1t t\u00e1rgyalni a b\u00e9rbead\u00f3kkal, egy\u00fattal t\u00f6rekedni a kompromisszumos megold\u00e1sok kialak\u00edt\u00e1s\u00e1ra.\" \/>\n<meta property=\"og:url\" content=\"https:\/\/bizalmikor.hu\/blog\/2020\/03\/25\/erdemes-kompromisszumos-megoldasra-torekedni-a-jogi-kerdesek-tisztazasakor\/\" \/>\n<meta property=\"og:site_name\" content=\"Bizalmi K\u00f6r blog\" \/>\n<meta property=\"article:publisher\" content=\"https:\/\/www.facebook.com\/bizalmikor\" \/>\n<meta property=\"article:published_time\" content=\"2020-03-25T10:52:54+00:00\" \/>\n<meta property=\"article:modified_time\" content=\"2020-03-25T10:54:02+00:00\" \/>\n<meta property=\"og:image\" content=\"https:\/\/bizalmikor.hu\/blog\/wp-content\/uploads\/2020\/03\/the-legal-4926021_1920.jpg\" \/>\n\t<meta property=\"og:image:width\" content=\"1920\" \/>\n\t<meta property=\"og:image:height\" content=\"1280\" \/>\n<meta name=\"twitter:card\" content=\"summary_large_image\" \/>\n<meta name=\"twitter:label1\" content=\"Szerz\u0151:\">\n\t<meta name=\"twitter:data1\" content=\"Gangel P\u00e9ter\">\n\t<meta name=\"twitter:label2\" content=\"Becs\u00fclt olvas\u00e1si id\u0151\">\n\t<meta name=\"twitter:data2\" content=\"6 perc\">\n<script type=\"application\/ld+json\" class=\"yoast-schema-graph\">{\"@context\":\"https:\/\/schema.org\",\"@graph\":[{\"@type\":\"Organization\",\"@id\":\"https:\/\/bizalmikor.hu\/blog\/#organization\",\"name\":\"Bizalmi K\\u00f6r Kft.\",\"url\":\"https:\/\/bizalmikor.hu\/blog\/\",\"sameAs\":[\"https:\/\/www.facebook.com\/bizalmikor\",\"https:\/\/www.instagram.com\/bizalmikor\/\",\"https:\/\/www.linkedin.com\/company\/19165894\",\"https:\/\/www.youtube.com\/channel\/UC7fAD3QCIWeSexU5t6F3YOw?view_as=subscriber\"],\"logo\":{\"@type\":\"ImageObject\",\"@id\":\"https:\/\/bizalmikor.hu\/blog\/#logo\",\"inLanguage\":\"hu\",\"url\":\"https:\/\/bizalmikor.hu\/blog\/wp-content\/uploads\/2019\/02\/Group-2.png\",\"width\":4033,\"height\":1192,\"caption\":\"Bizalmi K\\u00f6r Kft.\"},\"image\":{\"@id\":\"https:\/\/bizalmikor.hu\/blog\/#logo\"}},{\"@type\":\"WebSite\",\"@id\":\"https:\/\/bizalmikor.hu\/blog\/#website\",\"url\":\"https:\/\/bizalmikor.hu\/blog\/\",\"name\":\"Bizalmi K\\u00f6r blog\",\"description\":\"Egynek minden neh\\u00e9z, soknak semmi sem lehetetlen.\",\"publisher\":{\"@id\":\"https:\/\/bizalmikor.hu\/blog\/#organization\"},\"potentialAction\":[{\"@type\":\"SearchAction\",\"target\":\"https:\/\/bizalmikor.hu\/blog\/?s={search_term_string}\",\"query-input\":\"required name=search_term_string\"}],\"inLanguage\":\"hu\"},{\"@type\":\"ImageObject\",\"@id\":\"https:\/\/bizalmikor.hu\/blog\/2020\/03\/25\/erdemes-kompromisszumos-megoldasra-torekedni-a-jogi-kerdesek-tisztazasakor\/#primaryimage\",\"inLanguage\":\"hu\",\"url\":\"https:\/\/bizalmikor.hu\/blog\/wp-content\/uploads\/2020\/03\/the-legal-4926021_1920.jpg\",\"width\":1920,\"height\":1280},{\"@type\":\"WebPage\",\"@id\":\"https:\/\/bizalmikor.hu\/blog\/2020\/03\/25\/erdemes-kompromisszumos-megoldasra-torekedni-a-jogi-kerdesek-tisztazasakor\/#webpage\",\"url\":\"https:\/\/bizalmikor.hu\/blog\/2020\/03\/25\/erdemes-kompromisszumos-megoldasra-torekedni-a-jogi-kerdesek-tisztazasakor\/\",\"name\":\"\\u00c9rdemes kompromisszumos megold\\u00e1sra t\\u00f6rekedni a jogi k\\u00e9rd\\u00e9sek tiszt\\u00e1z\\u00e1sakor\",\"isPartOf\":{\"@id\":\"https:\/\/bizalmikor.hu\/blog\/#website\"},\"primaryImageOfPage\":{\"@id\":\"https:\/\/bizalmikor.hu\/blog\/2020\/03\/25\/erdemes-kompromisszumos-megoldasra-torekedni-a-jogi-kerdesek-tisztazasakor\/#primaryimage\"},\"datePublished\":\"2020-03-25T10:52:54+00:00\",\"dateModified\":\"2020-03-25T10:54:02+00:00\",\"inLanguage\":\"hu\",\"potentialAction\":[{\"@type\":\"ReadAction\",\"target\":[\"https:\/\/bizalmikor.hu\/blog\/2020\/03\/25\/erdemes-kompromisszumos-megoldasra-torekedni-a-jogi-kerdesek-tisztazasakor\/\"]}]},{\"@type\":\"Article\",\"@id\":\"https:\/\/bizalmikor.hu\/blog\/2020\/03\/25\/erdemes-kompromisszumos-megoldasra-torekedni-a-jogi-kerdesek-tisztazasakor\/#article\",\"isPartOf\":{\"@id\":\"https:\/\/bizalmikor.hu\/blog\/2020\/03\/25\/erdemes-kompromisszumos-megoldasra-torekedni-a-jogi-kerdesek-tisztazasakor\/#webpage\"},\"author\":{\"@id\":\"https:\/\/bizalmikor.hu\/blog\/#\/schema\/person\/a89936ed381c3afa4cd7a27040dbfb07\"},\"headline\":\"\\u00c9rdemes kompromisszumos megold\\u00e1sra t\\u00f6rekedni a jogi k\\u00e9rd\\u00e9sek tiszt\\u00e1z\\u00e1sakor\",\"datePublished\":\"2020-03-25T10:52:54+00:00\",\"dateModified\":\"2020-03-25T10:54:02+00:00\",\"mainEntityOfPage\":{\"@id\":\"https:\/\/bizalmikor.hu\/blog\/2020\/03\/25\/erdemes-kompromisszumos-megoldasra-torekedni-a-jogi-kerdesek-tisztazasakor\/#webpage\"},\"publisher\":{\"@id\":\"https:\/\/bizalmikor.hu\/blog\/#organization\"},\"image\":{\"@id\":\"https:\/\/bizalmikor.hu\/blog\/2020\/03\/25\/erdemes-kompromisszumos-megoldasra-torekedni-a-jogi-kerdesek-tisztazasakor\/#primaryimage\"},\"articleSection\":\"COVID-19 \\u00fczleti tapasztalatok,V\\u00e1llalkoz\\u00e1s\",\"inLanguage\":\"hu\"},{\"@type\":\"Person\",\"@id\":\"https:\/\/bizalmikor.hu\/blog\/#\/schema\/person\/a89936ed381c3afa4cd7a27040dbfb07\",\"name\":\"Gangel P\\u00e9ter\",\"image\":{\"@type\":\"ImageObject\",\"@id\":\"https:\/\/bizalmikor.hu\/blog\/#personlogo\",\"inLanguage\":\"hu\",\"url\":\"https:\/\/secure.gravatar.com\/avatar\/ee1c6e901d6b9c50c9a2204252c914b4?s=96&d=mm&r=g\",\"caption\":\"Gangel P\\u00e9ter\"}}]}<\/script>\n<!-- \/ Yoast SEO plugin. -->","_links":{"self":[{"href":"https:\/\/bizalmikor.hu\/blog\/wp-json\/wp\/v2\/posts\/1818"}],"collection":[{"href":"https:\/\/bizalmikor.hu\/blog\/wp-json\/wp\/v2\/posts"}],"about":[{"href":"https:\/\/bizalmikor.hu\/blog\/wp-json\/wp\/v2\/types\/post"}],"author":[{"embeddable":true,"href":"https:\/\/bizalmikor.hu\/blog\/wp-json\/wp\/v2\/users\/3"}],"replies":[{"embeddable":true,"href":"https:\/\/bizalmikor.hu\/blog\/wp-json\/wp\/v2\/comments?post=1818"}],"version-history":[{"count":3,"href":"https:\/\/bizalmikor.hu\/blog\/wp-json\/wp\/v2\/posts\/1818\/revisions"}],"predecessor-version":[{"id":1823,"href":"https:\/\/bizalmikor.hu\/blog\/wp-json\/wp\/v2\/posts\/1818\/revisions\/1823"}],"wp:featuredmedia":[{"embeddable":true,"href":"https:\/\/bizalmikor.hu\/blog\/wp-json\/wp\/v2\/media\/1821"}],"wp:attachment":[{"href":"https:\/\/bizalmikor.hu\/blog\/wp-json\/wp\/v2\/media?parent=1818"}],"wp:term":[{"taxonomy":"category","embeddable":true,"href":"https:\/\/bizalmikor.hu\/blog\/wp-json\/wp\/v2\/categories?post=1818"},{"taxonomy":"post_tag","embeddable":true,"href":"https:\/\/bizalmikor.hu\/blog\/wp-json\/wp\/v2\/tags?post=1818"}],"curies":[{"name":"wp","href":"https:\/\/api.w.org\/{rel}","templated":true}]}}