{"id":1827,"date":"2020-03-26T10:40:47","date_gmt":"2020-03-26T10:40:47","guid":{"rendered":"https:\/\/bizalmikor.hu\/blog\/?p=1827"},"modified":"2020-03-26T10:40:47","modified_gmt":"2020-03-26T10:40:47","slug":"az-ugyfeleink-iranyaba-tanusitott-proaktiv-hozzaallas-most-meg-inkabb-felertekelodik","status":"publish","type":"post","link":"https:\/\/bizalmikor.hu\/blog\/2020\/03\/26\/az-ugyfeleink-iranyaba-tanusitott-proaktiv-hozzaallas-most-meg-inkabb-felertekelodik\/","title":{"rendered":"Az \u00fcgyfeleink ir\u00e1ny\u00e1ba tan\u00fas\u00edtott proakt\u00edv hozz\u00e1\u00e1ll\u00e1s most m\u00e9g ink\u00e1bb fel\u00e9rt\u00e9kel\u0151dik"},"content":{"rendered":"\n<p><strong>Komoly terhel\u00e9st kapnak most az online \u00e9s telefonos \u00fcgyf\u00e9lszolg\u00e1latok, ez\u00e9rt elengedhetetlen a munkat\u00e1rsak folyamatos t\u00e1mogat\u00e1sa. A proakt\u00edv \u00e9s t\u00e1mogat\u00f3 attit\u0171d mellett fontos r\u00e1k\u00e9rdezni a megl\u00e9v\u0151 partnerekn\u00e9l, hogy jelenleg mi okozza a m\u0171k\u00f6d\u00e9s\u00fckben a legnagyobb kih\u00edv\u00e1st.<\/strong><\/p>\n\n\n\n<ul><li><strong>Hogy \u00e1llnak az \u00fcgyf\u00e9lszolg\u00e1latok?<\/strong><\/li><li><strong>Felk\u00e9sz\u00fcl\u00e9s az \u00fcgyfelek fel\u00e9 t\u00f6rt\u00e9n\u0151 kommunik\u00e1ci\u00f3ra<\/strong>.<\/li><li><strong>Mit \u00e9rdemes megk\u00e9rdezni az \u00fcgyfelekt\u0151l?<\/strong><\/li><\/ul>\n\n\n\n<p>Berka L\u00e1szl\u00f3t, a <a href=\"https:\/\/legendasszolgaltatas.hu\/\" target=\"_blank\" rel=\"noreferrer noopener\" aria-label=\"Legend\u00e1s Szolg\u00e1ltat\u00e1s (\u00faj f\u00fcl\u00f6n nyitja meg)\">Legend\u00e1s Szolg\u00e1ltat\u00e1s<\/a> \u00fcgyvezet\u0151j\u00e9t k\u00e9rdezte Gangel P\u00e9ter az \u00fcgyf\u00e9lszolg\u00e1lattal, a partnerek hat\u00e9kony kezel\u00e9s\u00e9vel \u00e9s t\u00e1mogat\u00e1s\u00e1val kapcsolatos tudnival\u00f3kr\u00f3l:<\/p>\n\n\n\n<p><strong>Te szem\u00e9ly szerint hogy \u00e9led meg a kialakult helyzetet?<\/strong><\/p>\n\n\n\n<p>Mi n\u00e9gy \u00e9ve folyamatosan home office-ban dolgozunk. A hozz\u00e1nk csatlakoz\u00f3 munkat\u00e1rsak egy r\u00f6vid betanul\u00f3 id\u0151szakban tart\u00f3zkodnak csak az irod\u00e1ban, de onnant\u00f3l kezdve \u00f6n\u00e1ll\u00f3an v\u00e9gzik a munk\u00e1jukat. Sz\u00e1munkra ebb\u0151l a szempontb\u00f3l az \u00faj k\u00f6rnyezet sok v\u00e1ltoz\u00e1st nem eredm\u00e9nyezett.<\/p>\n\n\n\n<p><strong>Mit l\u00e1tsz az \u00fcgyf\u00e9lszolg\u00e1lat ter\u00fclet\u00e9n, ahol minden bizonnyal megn\u0151 most a bej\u00f6v\u0151 k\u00e9rd\u00e9sek sz\u00e1ma?<\/strong><\/p>\n\n\n\n<p>Ez \u00edgy van, az online \u00e9s telefonos \u00fcgyf\u00e9lszolg\u00e1latok komoly terhet kapnak most. Az els\u0151 \u00e9s legfontosabb a munkat\u00e1rsak t\u00f6k\u00e9letes felk\u00e9sz\u00edt\u00e9se \u00e9s maxim\u00e1lis t\u00e1mogat\u00e1sa. Eszk\u00f6z\u00f6k, folyamatok \u00e9s inform\u00e1ci\u00f3 szempontj\u00e1b\u00f3l is.<\/p>\n\n\n\n<p>Meg kell oldani a tud\u00e1s \u00e9s tapasztalat \u00e1tad\u00e1s\u00e1t. Teh\u00e1t az inform\u00e1ci\u00f3 megoszt\u00e1s\u00e1nak eg\u00e9szen \u00faj megold\u00e1sait kell keresni most. Kulcsk\u00e9rd\u00e9s teh\u00e1t, hogy az \u00fcgyf\u00e9lszolg\u00e1lati tud\u00e1s hogyan tud megoszlani a munkat\u00e1rsak k\u00f6z\u00f6tt. Az online rendszerek ebben \u00f3ri\u00e1si seg\u00edts\u00e9get tudnak adni.<\/p>\n\n\n\n<p><strong>Hogyan k\u00e9sz\u00edtheti fel egy c\u00e9g a munkat\u00e1rsait az \u00fcgyfelek fel\u00e9 t\u00f6rt\u00e9n\u0151 kommunik\u00e1ci\u00f3ra?<\/strong><\/p>\n\n\n\n<p>Bennem egy sz\u00f3 fogalmaz\u00f3dott meg a h\u00e9ten, ez pedig a proaktivit\u00e1s. A proakt\u00edv hozz\u00e1\u00e1ll\u00e1s elk\u00e9peszt\u0151en fel\u00e9rt\u00e9kel\u0151dik most a c\u00e9gek \u00e9let\u00e9ben. \u00c9rdemes felkeresni a megl\u00e9v\u0151 partnereket, \u00e9s \u00e9rdekl\u0151dni n\u00e1luk, hogy miben tudunk a seg\u00edts\u00e9g\u00fckre lenni.&nbsp;<\/p>\n\n\n\n<p>Kiemelten fontos azt kifel\u00e9 kommunik\u00e1lni, hogy itt vagyunk, t\u00e1mogatunk, \u00e9s igyeksz\u00fcnk min\u00e9l hat\u00e9konyabb seg\u00edts\u00e9get ny\u00fajtani. A proakt\u00edv \u00e9s t\u00e1mogat\u00f3 attit\u0171d elk\u00e9peszt\u0151en fontos lehet.<\/p>\n\n\n\n<p>Ami az \u00faj \u00fcgyfelek szerz\u00e9s\u00e9t illeti, n\u00e1lunk ez m\u00e1r \u00e9vek \u00f3ta megoldott online konzult\u00e1ci\u00f3n kereszt\u00fcl. Most minden bizonnyal el kell majd engedni sz\u00e1mos eddig alkalmazott rutint \u00e9s szok\u00e1st, \u00e9s nyitottnak kell lenni az online platformok fel\u00e9.<\/p>\n\n\n\n<p><strong>Mit tan\u00e1csolsz arra a helyzetre, ha egy v\u00e1llalkoz\u00e1sn\u00e1l most t\u00f6bb lemond\u00e1s \u00e9rkezik a home office-ban dolgoz\u00f3 \u00fcgyf\u00e9lszolg\u00e1latra?<\/strong><\/p>\n\n\n\n<p>Mindenk\u00e9ppen fontos, hogy a c\u00e9g t\u00e1mogassa a munkat\u00e1rsait. Mi is naponta meetingel\u00fcnk csapat szinten. Emellett pedig rendszeresek a 121 megbesz\u00e9l\u00e9sek. Fontos, hogy a koll\u00e9g\u00e1k \u00e9rezz\u00e9k a sz\u00fcks\u00e9ges t\u00e1mogat\u00e1st. Ami a form\u00e1tumot illeti, mi az online vide\u00f3s szoftvereket aj\u00e1nljuk, mert ezzel is jav\u00edthat\u00f3 a szem\u00e9lyess\u00e9g. L\u00e1ssuk egym\u00e1st, egy\u00fctt besz\u00e9lgess\u00fcnk.<\/p>\n\n\n\n<figure class=\"wp-block-image size-large\"><img loading=\"lazy\" decoding=\"async\" width=\"955\" height=\"633\" src=\"https:\/\/bizalmikor.hu\/blog\/wp-content\/uploads\/2020\/03\/Berka-L\u00e1szl\u00f3.jpg\" alt=\"\" class=\"wp-image-1835\" srcset=\"https:\/\/bizalmikor.hu\/blog\/wp-content\/uploads\/2020\/03\/Berka-L\u00e1szl\u00f3.jpg 955w, https:\/\/bizalmikor.hu\/blog\/wp-content\/uploads\/2020\/03\/Berka-L\u00e1szl\u00f3-300x199.jpg 300w, https:\/\/bizalmikor.hu\/blog\/wp-content\/uploads\/2020\/03\/Berka-L\u00e1szl\u00f3-768x509.jpg 768w\" sizes=\"(max-width: 955px) 100vw, 955px\" \/><figcaption><strong>&#8220;Kiemelten fontos azt kifel\u00e9 kommunik\u00e1lni, hogy itt vagyunk, t\u00e1mogatunk, \u00e9s igyeksz\u00fcnk min\u00e9l hat\u00e9konyabb seg\u00edts\u00e9get ny\u00fajtani.&#8221; <\/strong><\/figcaption><\/figure>\n\n\n\n<p><strong>Te milyen k\u00e9rd\u00e9seket javasoln\u00e1l, amelyeket az \u00fcgyf\u00e9lszolg\u00e1lat fel tud tenni a megl\u00e9v\u0151 partnereknek?<\/strong><\/p>\n\n\n\n<p>Egyr\u00e9szt fontos l\u00e1tni, hogy az \u00fcgyfelek \u00e9let\u00e9ben jelenleg mi okozza a legnagyobb kih\u00edv\u00e1st? Illetve azt is fontos tudni, hogy mik\u00e9nt fognak reag\u00e1lni a helyzetre, miket fognak megv\u00e1ltoztatni, miket terveznek? Ha megvannak ezek a k\u00e9rd\u00e9sek \u00e9s v\u00e1laszok, akkor c\u00e9lszer\u0171 \u00f6ssze\u00e1ll\u00edtani bel\u0151l\u00fck egy ingyenes anyagot, amit meg lehet osztani az \u00fcgyfelekkel is. Ez szint\u00e9n proakt\u00edv hozz\u00e1\u00e1ll\u00e1st jelent, \u00e9s az \u00fcgyf\u00e9lszolg\u00e1latra h\u00e1rul\u00f3 terhel\u00e9st is cs\u00f6kkentheti.<\/p>\n\n\n\n<p><strong>Van-e b\u00e1rmilyen egy\u00e9b szempont m\u00e9g \u00fcgyf\u00e9lszolg\u00e1latokkal kapcsolatban, amely mindenk\u00e9ppen eml\u00edt\u00e9sre szorul m\u00e9g?<\/strong><\/p>\n\n\n\n<p>Azt \u00e9rdemes \u00e1tgondolni, hogy milyen id\u0151t\u00e1vban van sz\u00fcks\u00e9g az \u00fcgyf\u00e9lszolg\u00e1lat fokozott ig\u00e9nybev\u00e9tel\u00e9re. Ha fokozott a terhel\u00e9s, akkor c\u00e9lszer\u0171 a feladatok prioriz\u00e1l\u00e1s\u00e1t t\u00e1mogat\u00f3 rendszert kialak\u00edtani.<\/p>\n\n\n\n<p>Az er\u0151forr\u00e1sokat \u00e9rdemes az igaz\u00e1n fontos ter\u00fcletekre ir\u00e1ny\u00edtani most. Szoftver szinten \u00e9rdemes tov\u00e1bb\u00e1 megn\u00e9zni, hogy a munkat\u00e1rsak \u00e1ltal haszn\u00e1lt fel\u00fcletek t\u00e9nyleg seg\u00edtik-e az \u00e9let\u00fcket. Emellett pedig a munkat\u00e1rsak maxim\u00e1lis t\u00e1mogat\u00e1sa szint\u00e9n elengedhetetlen.<\/p>\n\n\n\n<p><strong>Az \u00fcgyf\u00e9lszolg\u00e1lat szerepe most m\u00e9g ink\u00e1bb fel\u00e9rt\u00e9kel\u0151dik. Elk\u00e9peszt\u0151en \u00e9rt\u00e9kes inform\u00e1ci\u00f3 \u00e9rkezik ugyanis hozz\u00e1juk. A c\u00e9g fennmarad\u00e1s\u00e1ban pedig roppant fontos, hogy ezt az inform\u00e1ci\u00f3t feldolgozza a c\u00e9g, \u00e9s reag\u00e1ljon r\u00e1.<\/strong><\/p>\n\n\n\n<hr class=\"wp-block-separator\"\/>\n\n\n\n<h1 class=\"has-text-align-center wp-block-heading\">Szeretn\u00e9l megismerkedni klubtagjainkkal? K\u00e9rj egy megh\u00edv\u00f3t!<\/h1>\n\n\n\n<div class=\"wp-block-button aligncenter\"><a class=\"wp-block-button__link has-background\" href=\"https:\/\/bizalmikor.hu\/kapcsolat\/\" style=\"background-color:#14496b\" target=\"_blank\" rel=\"noreferrer noopener\"><strong>\u00c9rdekel a Bizalmi K\u00f6r klubtags\u00e1g<\/strong><\/a><\/div>\n\n\n\n<hr class=\"wp-block-separator\"\/>\n","protected":false},"excerpt":{"rendered":"<p>Komoly terhel\u00e9st kapnak most az online \u00e9s telefonos \u00fcgyf\u00e9lszolg\u00e1latok, ez\u00e9rt elengedhetetlen a munkat\u00e1rsak folyamatos t\u00e1mogat\u00e1sa. A proakt\u00edv \u00e9s t\u00e1mogat\u00f3 attit\u0171d mellett fontos r\u00e1k\u00e9rdezni a megl\u00e9v\u0151 partnerekn\u00e9l, hogy jelenleg mi okozza a m\u0171k\u00f6d\u00e9s\u00fckben a legnagyobb kih\u00edv\u00e1st. Hogy \u00e1llnak az \u00fcgyf\u00e9lszolg\u00e1latok? Felk\u00e9sz\u00fcl\u00e9s az \u00fcgyfelek fel\u00e9 t\u00f6rt\u00e9n\u0151 kommunik\u00e1ci\u00f3ra. Mit \u00e9rdemes megk\u00e9rdezni az \u00fcgyfelekt\u0151l? Berka L\u00e1szl\u00f3t, a Legend\u00e1s Szolg\u00e1ltat\u00e1s [&hellip;]<\/p>\n","protected":false},"author":3,"featured_media":1837,"comment_status":"closed","ping_status":"open","sticky":false,"template":"","format":"standard","meta":{"footnotes":""},"categories":[25,16],"tags":[],"yoast_head":"<!-- This site is optimized with the Yoast SEO plugin v15.4 - https:\/\/yoast.com\/wordpress\/plugins\/seo\/ -->\n<title>Az \u00fcgyfeleink ir\u00e1ny\u00e1ba tan\u00fas\u00edtott proakt\u00edv hozz\u00e1\u00e1ll\u00e1s most m\u00e9g ink\u00e1bb fel\u00e9rt\u00e9kel\u0151dik<\/title>\n<meta name=\"robots\" content=\"index, follow, max-snippet:-1, max-image-preview:large, max-video-preview:-1\" \/>\n<link rel=\"canonical\" href=\"https:\/\/bizalmikor.hu\/blog\/2020\/03\/26\/az-ugyfeleink-iranyaba-tanusitott-proaktiv-hozzaallas-most-meg-inkabb-felertekelodik\/\" \/>\n<meta property=\"og:locale\" content=\"hu_HU\" \/>\n<meta property=\"og:type\" content=\"article\" \/>\n<meta property=\"og:title\" content=\"Az \u00fcgyfeleink ir\u00e1ny\u00e1ba tan\u00fas\u00edtott proakt\u00edv hozz\u00e1\u00e1ll\u00e1s most m\u00e9g ink\u00e1bb fel\u00e9rt\u00e9kel\u0151dik\" \/>\n<meta property=\"og:description\" content=\"Komoly terhel\u00e9st kapnak most az online \u00e9s telefonos \u00fcgyf\u00e9lszolg\u00e1latok, ez\u00e9rt elengedhetetlen a munkat\u00e1rsak folyamatos t\u00e1mogat\u00e1sa. A proakt\u00edv \u00e9s t\u00e1mogat\u00f3 attit\u0171d mellett fontos r\u00e1k\u00e9rdezni a megl\u00e9v\u0151 partnerekn\u00e9l, hogy jelenleg mi okozza a m\u0171k\u00f6d\u00e9s\u00fckben a legnagyobb kih\u00edv\u00e1st. Hogy \u00e1llnak az \u00fcgyf\u00e9lszolg\u00e1latok? Felk\u00e9sz\u00fcl\u00e9s az \u00fcgyfelek fel\u00e9 t\u00f6rt\u00e9n\u0151 kommunik\u00e1ci\u00f3ra. Mit \u00e9rdemes megk\u00e9rdezni az \u00fcgyfelekt\u0151l? Berka L\u00e1szl\u00f3t, a Legend\u00e1s Szolg\u00e1ltat\u00e1s [&hellip;]\" \/>\n<meta property=\"og:url\" content=\"https:\/\/bizalmikor.hu\/blog\/2020\/03\/26\/az-ugyfeleink-iranyaba-tanusitott-proaktiv-hozzaallas-most-meg-inkabb-felertekelodik\/\" \/>\n<meta property=\"og:site_name\" content=\"Bizalmi K\u00f6r blog\" \/>\n<meta property=\"article:publisher\" content=\"https:\/\/www.facebook.com\/bizalmikor\" \/>\n<meta property=\"article:published_time\" content=\"2020-03-26T10:40:47+00:00\" \/>\n<meta property=\"og:image\" content=\"https:\/\/bizalmikor.hu\/blog\/wp-content\/uploads\/2020\/03\/paper-3213924_1920.jpg\" \/>\n\t<meta property=\"og:image:width\" content=\"1920\" \/>\n\t<meta property=\"og:image:height\" content=\"1210\" \/>\n<meta name=\"twitter:card\" content=\"summary_large_image\" \/>\n<meta name=\"twitter:label1\" content=\"Szerz\u0151:\">\n\t<meta name=\"twitter:data1\" content=\"Gangel P\u00e9ter\">\n\t<meta name=\"twitter:label2\" content=\"Becs\u00fclt olvas\u00e1si id\u0151\">\n\t<meta name=\"twitter:data2\" content=\"3 perc\">\n<script type=\"application\/ld+json\" class=\"yoast-schema-graph\">{\"@context\":\"https:\/\/schema.org\",\"@graph\":[{\"@type\":\"Organization\",\"@id\":\"https:\/\/bizalmikor.hu\/blog\/#organization\",\"name\":\"Bizalmi K\\u00f6r Kft.\",\"url\":\"https:\/\/bizalmikor.hu\/blog\/\",\"sameAs\":[\"https:\/\/www.facebook.com\/bizalmikor\",\"https:\/\/www.instagram.com\/bizalmikor\/\",\"https:\/\/www.linkedin.com\/company\/19165894\",\"https:\/\/www.youtube.com\/channel\/UC7fAD3QCIWeSexU5t6F3YOw?view_as=subscriber\"],\"logo\":{\"@type\":\"ImageObject\",\"@id\":\"https:\/\/bizalmikor.hu\/blog\/#logo\",\"inLanguage\":\"hu\",\"url\":\"https:\/\/bizalmikor.hu\/blog\/wp-content\/uploads\/2019\/02\/Group-2.png\",\"width\":4033,\"height\":1192,\"caption\":\"Bizalmi K\\u00f6r Kft.\"},\"image\":{\"@id\":\"https:\/\/bizalmikor.hu\/blog\/#logo\"}},{\"@type\":\"WebSite\",\"@id\":\"https:\/\/bizalmikor.hu\/blog\/#website\",\"url\":\"https:\/\/bizalmikor.hu\/blog\/\",\"name\":\"Bizalmi K\\u00f6r blog\",\"description\":\"Egynek minden neh\\u00e9z, soknak semmi sem lehetetlen.\",\"publisher\":{\"@id\":\"https:\/\/bizalmikor.hu\/blog\/#organization\"},\"potentialAction\":[{\"@type\":\"SearchAction\",\"target\":\"https:\/\/bizalmikor.hu\/blog\/?s={search_term_string}\",\"query-input\":\"required name=search_term_string\"}],\"inLanguage\":\"hu\"},{\"@type\":\"ImageObject\",\"@id\":\"https:\/\/bizalmikor.hu\/blog\/2020\/03\/26\/az-ugyfeleink-iranyaba-tanusitott-proaktiv-hozzaallas-most-meg-inkabb-felertekelodik\/#primaryimage\",\"inLanguage\":\"hu\",\"url\":\"https:\/\/bizalmikor.hu\/blog\/wp-content\/uploads\/2020\/03\/paper-3213924_1920.jpg\",\"width\":1920,\"height\":1210},{\"@type\":\"WebPage\",\"@id\":\"https:\/\/bizalmikor.hu\/blog\/2020\/03\/26\/az-ugyfeleink-iranyaba-tanusitott-proaktiv-hozzaallas-most-meg-inkabb-felertekelodik\/#webpage\",\"url\":\"https:\/\/bizalmikor.hu\/blog\/2020\/03\/26\/az-ugyfeleink-iranyaba-tanusitott-proaktiv-hozzaallas-most-meg-inkabb-felertekelodik\/\",\"name\":\"Az \\u00fcgyfeleink ir\\u00e1ny\\u00e1ba tan\\u00fas\\u00edtott proakt\\u00edv hozz\\u00e1\\u00e1ll\\u00e1s most m\\u00e9g ink\\u00e1bb fel\\u00e9rt\\u00e9kel\\u0151dik\",\"isPartOf\":{\"@id\":\"https:\/\/bizalmikor.hu\/blog\/#website\"},\"primaryImageOfPage\":{\"@id\":\"https:\/\/bizalmikor.hu\/blog\/2020\/03\/26\/az-ugyfeleink-iranyaba-tanusitott-proaktiv-hozzaallas-most-meg-inkabb-felertekelodik\/#primaryimage\"},\"datePublished\":\"2020-03-26T10:40:47+00:00\",\"dateModified\":\"2020-03-26T10:40:47+00:00\",\"inLanguage\":\"hu\",\"potentialAction\":[{\"@type\":\"ReadAction\",\"target\":[\"https:\/\/bizalmikor.hu\/blog\/2020\/03\/26\/az-ugyfeleink-iranyaba-tanusitott-proaktiv-hozzaallas-most-meg-inkabb-felertekelodik\/\"]}]},{\"@type\":\"Article\",\"@id\":\"https:\/\/bizalmikor.hu\/blog\/2020\/03\/26\/az-ugyfeleink-iranyaba-tanusitott-proaktiv-hozzaallas-most-meg-inkabb-felertekelodik\/#article\",\"isPartOf\":{\"@id\":\"https:\/\/bizalmikor.hu\/blog\/2020\/03\/26\/az-ugyfeleink-iranyaba-tanusitott-proaktiv-hozzaallas-most-meg-inkabb-felertekelodik\/#webpage\"},\"author\":{\"@id\":\"https:\/\/bizalmikor.hu\/blog\/#\/schema\/person\/a89936ed381c3afa4cd7a27040dbfb07\"},\"headline\":\"Az \\u00fcgyfeleink ir\\u00e1ny\\u00e1ba tan\\u00fas\\u00edtott proakt\\u00edv hozz\\u00e1\\u00e1ll\\u00e1s most m\\u00e9g ink\\u00e1bb fel\\u00e9rt\\u00e9kel\\u0151dik\",\"datePublished\":\"2020-03-26T10:40:47+00:00\",\"dateModified\":\"2020-03-26T10:40:47+00:00\",\"mainEntityOfPage\":{\"@id\":\"https:\/\/bizalmikor.hu\/blog\/2020\/03\/26\/az-ugyfeleink-iranyaba-tanusitott-proaktiv-hozzaallas-most-meg-inkabb-felertekelodik\/#webpage\"},\"commentCount\":1,\"publisher\":{\"@id\":\"https:\/\/bizalmikor.hu\/blog\/#organization\"},\"image\":{\"@id\":\"https:\/\/bizalmikor.hu\/blog\/2020\/03\/26\/az-ugyfeleink-iranyaba-tanusitott-proaktiv-hozzaallas-most-meg-inkabb-felertekelodik\/#primaryimage\"},\"articleSection\":\"COVID-19 \\u00fczleti tapasztalatok,V\\u00e1llalkoz\\u00e1s\",\"inLanguage\":\"hu\"},{\"@type\":\"Person\",\"@id\":\"https:\/\/bizalmikor.hu\/blog\/#\/schema\/person\/a89936ed381c3afa4cd7a27040dbfb07\",\"name\":\"Gangel P\\u00e9ter\",\"image\":{\"@type\":\"ImageObject\",\"@id\":\"https:\/\/bizalmikor.hu\/blog\/#personlogo\",\"inLanguage\":\"hu\",\"url\":\"https:\/\/secure.gravatar.com\/avatar\/ee1c6e901d6b9c50c9a2204252c914b4?s=96&d=mm&r=g\",\"caption\":\"Gangel P\\u00e9ter\"}}]}<\/script>\n<!-- \/ Yoast SEO plugin. -->","_links":{"self":[{"href":"https:\/\/bizalmikor.hu\/blog\/wp-json\/wp\/v2\/posts\/1827"}],"collection":[{"href":"https:\/\/bizalmikor.hu\/blog\/wp-json\/wp\/v2\/posts"}],"about":[{"href":"https:\/\/bizalmikor.hu\/blog\/wp-json\/wp\/v2\/types\/post"}],"author":[{"embeddable":true,"href":"https:\/\/bizalmikor.hu\/blog\/wp-json\/wp\/v2\/users\/3"}],"replies":[{"embeddable":true,"href":"https:\/\/bizalmikor.hu\/blog\/wp-json\/wp\/v2\/comments?post=1827"}],"version-history":[{"count":6,"href":"https:\/\/bizalmikor.hu\/blog\/wp-json\/wp\/v2\/posts\/1827\/revisions"}],"predecessor-version":[{"id":1838,"href":"https:\/\/bizalmikor.hu\/blog\/wp-json\/wp\/v2\/posts\/1827\/revisions\/1838"}],"wp:featuredmedia":[{"embeddable":true,"href":"https:\/\/bizalmikor.hu\/blog\/wp-json\/wp\/v2\/media\/1837"}],"wp:attachment":[{"href":"https:\/\/bizalmikor.hu\/blog\/wp-json\/wp\/v2\/media?parent=1827"}],"wp:term":[{"taxonomy":"category","embeddable":true,"href":"https:\/\/bizalmikor.hu\/blog\/wp-json\/wp\/v2\/categories?post=1827"},{"taxonomy":"post_tag","embeddable":true,"href":"https:\/\/bizalmikor.hu\/blog\/wp-json\/wp\/v2\/tags?post=1827"}],"curies":[{"name":"wp","href":"https:\/\/api.w.org\/{rel}","templated":true}]}}