{"id":1845,"date":"2020-03-27T09:41:43","date_gmt":"2020-03-27T09:41:43","guid":{"rendered":"https:\/\/bizalmikor.hu\/blog\/?p=1845"},"modified":"2020-03-27T09:44:32","modified_gmt":"2020-03-27T09:44:32","slug":"ahol-eddig-hiany-volt-a-munkaerobol-ott-most-konnyen-tulkinalat-jelentkezhet","status":"publish","type":"post","link":"https:\/\/bizalmikor.hu\/blog\/2020\/03\/27\/ahol-eddig-hiany-volt-a-munkaerobol-ott-most-konnyen-tulkinalat-jelentkezhet\/","title":{"rendered":"Ahol eddig hi\u00e1ny volt a munkaer\u0151b\u0151l,  ott most k\u00f6nnyen t\u00falk\u00edn\u00e1lat jelentkezhet"},"content":{"rendered":"\n<p><strong>Sajnos neh\u00e9z kisz\u00e1molni, hogy a koronav\u00edrus miatt milyen hossz\u00fas\u00e1g\u00fa t\u00fal\u00e9l\u00e9si id\u0151szakra kell felk\u00e9sz\u00fclni. Ebben a helyzetben csak az a c\u00e9g maradhat \u00e9letben, ahol k\u00e9pesek d\u00f6nt\u00e9seket hozni, \u00e9s t\u00f6rekednek a rugalmass\u00e1gra. Sok minden fog megv\u00e1ltozni, ahol eddig hi\u00e1ny volt munkaer\u0151b\u0151l, ott most t\u00falk\u00edn\u00e1lat jelentkezhet.<\/strong><\/p>\n\n\n\n<ul><li><strong>Hogyan reag\u00e1lnak most a gy\u00e1rak?<\/strong><\/li><li><strong>Hogyan v\u00e1ltozik a munkaer\u0151piac?<\/strong><\/li><li><strong>Milyen \u00faj lehet\u0151s\u00e9gek vannak?<\/strong><\/li><\/ul>\n\n\n\n<p>Stasztny Viktorral, a <a href=\"http:\/\/mentonjobs.hu\/\">M.E.N.T.O.N Jobs<\/a> tulajdonos\u00e1val besz\u00e9lgetett Gangel P\u00e9ter, a munkaer\u0151piac jelenlegi neh\u00e9zs\u00e9geir\u0151l, illetve v\u00e1rhat\u00f3 alakul\u00e1s\u00e1r\u00f3l:<\/p>\n\n\n\n<p><strong>A Ti c\u00e9geteket hogyan \u00e9rinti a koronav\u00edrus k\u00f6vetkezt\u00e9ben kialakult helyzet?<\/strong><\/p>\n\n\n\n<p>Nagyon s\u00falyosan \u00e9rint minket is. A turizmus \u00e9s vend\u00e9gl\u00e1t\u00e1s \u00e1gazata ut\u00e1n mi vagyunk a k\u00f6vetkez\u0151k a frontvonalban. Az elm\u00falt hetekben 10%-ra esett vissza a forgalmunk.<\/p>\n\n\n\n<p><strong>Milyen konkr\u00e9t int\u00e9zked\u00e9seket vezettetek be a szitu\u00e1ci\u00f3 kezel\u00e9s\u00e9re?<\/strong><\/p>\n\n\n\n<p>Musz\u00e1j volt l\u00e9pn\u00fcnk, ez\u00e9rt felm\u00e9rt\u00fck a b\u00fcdzs\u00e9t, illetve a m\u0171k\u00f6d\u00e9si k\u00f6lts\u00e9geinket. Amivel sajnos nem tudunk kalkul\u00e1lni, hogy mikor \u00e1ll vissza majd a gazdas\u00e1g teljesen. Teh\u00e1t nem lehet kisz\u00e1molni, hogy milyen hossz\u00fas\u00e1g\u00fa t\u00fal\u00e9l\u00e9si id\u0151szakra kell felk\u00e9sz\u00fcln\u00fcnk.<\/p>\n\n\n\n<p>Merthogy a 2008-as v\u00e1ls\u00e1gn\u00e1l \u00f6sszetettebb a helyzet. Ugyanis most egy eg\u00e9szs\u00e9g\u00fcgyi probl\u00e9m\u00e1val n\u00e9z\u00fcnk szembe, ami viszi mag\u00e1val a gazdas\u00e1gi vonatkoz\u00e1sokat is. Vagyis komoly probl\u00e9m\u00e1t \u00e9s dilemm\u00e1t jelent a k\u00e9rd\u00e9s, hogy egy\u00e1ltal\u00e1n engedj\u00fck-e termelni a dolgoz\u00f3kat.<\/p>\n\n\n\n<p><strong>Ti ugye sok gy\u00e1rt\u00f3hoz k\u00f6zvet\u00edtetek. Mit l\u00e1tsz, hogyan reag\u00e1lnak?<\/strong><\/p>\n\n\n\n<p>Hogy egy konkr\u00e9t p\u00e9ld\u00e1t vegy\u00fcnk, az Audi eset\u00e9ben a dolgoz\u00f3k szabads\u00e1gra mennek. Kv\u00e1zi egy szabads\u00e1got fizetnek teh\u00e1t, \u00edgy a munkaer\u0151t nem kell elk\u00fcldeni.<\/p>\n\n\n\n<p>A turizmus teljesen meg\u00e1llt, \u00e9s ez teljesen \u00faj helyzetet fog teremteni. Nyugaton sok magyar dolgozott kint, ez\u00e9rt komoly mennyis\u00e9g\u0171 munkaer\u0151 \u00e1ramlott be hozz\u00e1nk keletr\u0151l. A kett\u0151 most tal\u00e1lkozik majd az orsz\u00e1gban, ami t\u00falk\u00edn\u00e1latot okoz a piacon. Ahol most hi\u00e1ny volt munkaer\u0151b\u0151l, ott most k\u00f6nnyen t\u00falk\u00edn\u00e1lat jelentkezhet.<\/p>\n\n\n\n<p><strong>Van-e olyan, aki a jelen helyzetben fogad munkaer\u0151t?<\/strong><\/p>\n\n\n\n<p>A boltokban \u00fcresek a polcok, ez\u00e9rt nekik m\u00e9g t\u00f6bb munkaer\u0151re van sz\u00fcks\u00e9g\u00fck. De vehetj\u00fck p\u00e9ldak\u00e9nt a lisztk\u00e9sz\u00edt\u00e9st is, ahol musz\u00e1j p\u00f6rgetni a rendszert. Ennek megfelel\u0151en mi sem t\u00e9tlenkedt\u00fcnk, \u00e9s t\u00f6bb sz\u00e1z megkeres\u00e9st folytattunk ezekben az \u00e1gazatokban seg\u00edt\u0151 sz\u00e1nd\u00e9kkal.<\/p>\n\n\n\n<p><strong>Hogy l\u00e1tod a j\u00f6v\u0151t? Lesznek-e struktur\u00e1lis v\u00e1ltoz\u00e1sok a munkaer\u0151piacon?<\/strong><\/p>\n\n\n\n<p>Biztosan lesznek olyan szerepl\u0151k, akik nem tudj\u00e1k \u00e1tv\u00e9szelni ezt a helyzetet. V\u00e1rhat\u00f3 m\u00e9g \u00e9rintkez\u00e9s kik\u00fcsz\u00f6b\u00f6l\u00e9s\u00e9nek az ig\u00e9nye, ez\u00e9rt az online rendszerek nagyobb teret nyerhetnek. Mindezek mellett az online al\u00e1\u00edr\u00e1s, vagy a t\u00e1volr\u00f3l k\u00f6thet\u0151 rugalmas szerz\u0151d\u00e9sek ir\u00e1nti kereslet is megn\u00f6vekedhet.<\/p>\n\n\n\n<p><strong>Mi az, amit most tan\u00e1csoln\u00e1l c\u00e9gvezet\u0151knek?<\/strong><\/p>\n\n\n\n<p>Szerintem most a legnehezebb a d\u00f6nt\u00e9sek meghozatala a munkaer\u0151 j\u00f6v\u0151j\u00e9vel kapcsolatban. Komoly felel\u0151ss\u00e9ggel j\u00e1r ugyanis d\u00f6nt\u00e9st hozni r\u00f3la, hogy mikor, mennyire legy\u00fcnk szoci\u00e1lisak.\u00a0Gondoljunk csak bele, d\u00f6nt\u00e9st kell hozni k\u00e9t ember k\u00f6z\u00f6tt, ki menjen \u00e9s ki maradjon. Az a c\u00e9g maradhat ugyanakkor \u00e9letben, aki d\u00f6nt\u00e9seket fog hozni, \u00e9s k\u00e9pes meg\u0151rizni a rugalmass\u00e1g\u00e1t.<\/p>\n\n\n\n<p><strong>N\u00e1latok milyen \u00faj utak \u00e9s lehet\u0151s\u00e9gek vannak?<\/strong><\/p>\n\n\n\n<p>Mivel az alap \u00fcgyf\u00e9lk\u00f6r\u00fcnk j\u00f3 r\u00e9sze nem ig\u00e9nyel munkaer\u0151t, ennek megfelel\u0151en igyeksz\u00fcnk azoknak seg\u00edteni, akik hajtanak \u00e9s p\u00f6r\u00f6gnek, de nincs most kapacit\u00e1suk interj\u00fazni \u00e9s toborozni. Emellett pedig k\u00e9rt\u00fcnk list\u00e1t sz\u00e1llod\u00e1k eset\u00e9ben a dolgoz\u00f3kr\u00f3l, \u00e9s az \u00f6sszes munkav\u00e1llal\u00f3t felkerest\u00fck. Felm\u00e9rt\u00fck ki mit v\u00e1llalna el, egy j\u00f3 r\u00e9sz\u00e9nek pedig van alternat\u00edva a munk\u00e1hoz jut\u00e1sra.<\/p>\n\n\n\n<p><strong>Te hogy b\u00edrod a nyom\u00e1st, a jelen helyzetet?<\/strong><\/p>\n\n\n\n<p>Szerencs\u00e9re a mag\u00e1n\u00e9letemben j\u00f3 t\u00e1mogat\u00e1st kapok, ez sokat seg\u00edt. Tov\u00e1bb\u00e1 ilyenkor j\u00f6n a tulajdonost\u00e1rs, mik\u00f6zben a koll\u00e9g\u00e1im r\u00e9sz\u00e9r\u0151l hihetetlen lojalit\u00e1st \u00e9s odaad\u00e1st tapasztalok. Ez \u00e9ltet most, vel\u00fck besz\u00e9lni, ugyanis most csod\u00e1kat tesznek. Most ismerem meg, hogy hol van a teljes\u00edt\u0151k\u00e9pess\u00e9g\u00fck hat\u00e1ra.<\/p>\n\n\n\n<p><strong>Van-e benned m\u00e9g b\u00e1rmilyen gondolat?<\/strong><\/p>\n\n\n\n<blockquote class=\"wp-block-quote is-style-large is-layout-flow wp-block-quote-is-layout-flow\"><p>Egy fontos gondolatom maradt m\u00e9g. Az elm\u00falt \u00e9vekben a piacon t\u00fal sok lehet\u0151s\u00e9g volt, emiatt sajnos akadt az \u00e1ll\u00e1skeres\u0151knek egy r\u00e9tege, aki nem \u00e9rt\u00e9kelte a lehet\u0151s\u00e9geket el\u00e9gg\u00e9. Rem\u00e9lem, hogy \u0151k most kicsit \u00e1t\u00e9rt\u00e9kelik a hozz\u00e1\u00e1ll\u00e1sukat az \u00e1ll\u00e1skeres\u00e9shez. Sok minden v\u00e1ltozik most, ez\u00e9rt lesz fontos gyors d\u00f6nt\u00e9seket hozni, k\u00f6zben pedig meg\u0151rizni a rugalmass\u00e1gunkat.<br><\/p><\/blockquote>\n\n\n\n<hr class=\"wp-block-separator\"\/>\n\n\n\n<h1 class=\"has-text-align-center wp-block-heading\">Szeretn\u00e9l megismerkedni klubtagjainkkal? K\u00e9rj egy megh\u00edv\u00f3t!<\/h1>\n\n\n\n<div class=\"wp-block-button aligncenter\"><a class=\"wp-block-button__link has-background\" href=\"https:\/\/bizalmikor.hu\/kapcsolat\/\" style=\"background-color:#14496b\" target=\"_blank\" rel=\"noreferrer noopener\"><strong>\u00c9rdekel a Bizalmi K\u00f6r klubtags\u00e1g<\/strong><\/a><\/div>\n\n\n\n<hr class=\"wp-block-separator\"\/>\n","protected":false},"excerpt":{"rendered":"<p>Sajnos neh\u00e9z kisz\u00e1molni, hogy a koronav\u00edrus miatt milyen hossz\u00fas\u00e1g\u00fa t\u00fal\u00e9l\u00e9si id\u0151szakra kell felk\u00e9sz\u00fclni. Ebben a helyzetben csak az a c\u00e9g maradhat \u00e9letben, ahol k\u00e9pesek d\u00f6nt\u00e9seket hozni, \u00e9s t\u00f6rekednek a rugalmass\u00e1gra. Sok minden fog megv\u00e1ltozni, ahol eddig hi\u00e1ny volt munkaer\u0151b\u0151l, ott most t\u00falk\u00edn\u00e1lat jelentkezhet.<\/p>\n","protected":false},"author":3,"featured_media":1853,"comment_status":"closed","ping_status":"open","sticky":false,"template":"","format":"standard","meta":{"footnotes":""},"categories":[25,16],"tags":[],"yoast_head":"<!-- This site is optimized with the Yoast SEO plugin v15.4 - https:\/\/yoast.com\/wordpress\/plugins\/seo\/ -->\n<title>Ahol eddig hi\u00e1ny volt a munkaer\u0151b\u0151l, ott most k\u00f6nnyen t\u00falk\u00edn\u00e1lat jelentkezhet<\/title>\n<meta name=\"robots\" content=\"index, follow, max-snippet:-1, max-image-preview:large, max-video-preview:-1\" \/>\n<link rel=\"canonical\" href=\"https:\/\/bizalmikor.hu\/blog\/2020\/03\/27\/ahol-eddig-hiany-volt-a-munkaerobol-ott-most-konnyen-tulkinalat-jelentkezhet\/\" \/>\n<meta property=\"og:locale\" content=\"hu_HU\" \/>\n<meta property=\"og:type\" content=\"article\" \/>\n<meta property=\"og:title\" content=\"Ahol eddig hi\u00e1ny volt a munkaer\u0151b\u0151l, ott most k\u00f6nnyen t\u00falk\u00edn\u00e1lat jelentkezhet\" \/>\n<meta property=\"og:description\" content=\"Sajnos neh\u00e9z kisz\u00e1molni, hogy a koronav\u00edrus miatt milyen hossz\u00fas\u00e1g\u00fa t\u00fal\u00e9l\u00e9si id\u0151szakra kell felk\u00e9sz\u00fclni. Ebben a helyzetben csak az a c\u00e9g maradhat \u00e9letben, ahol k\u00e9pesek d\u00f6nt\u00e9seket hozni, \u00e9s t\u00f6rekednek a rugalmass\u00e1gra. Sok minden fog megv\u00e1ltozni, ahol eddig hi\u00e1ny volt munkaer\u0151b\u0151l, ott most t\u00falk\u00edn\u00e1lat jelentkezhet.\" \/>\n<meta property=\"og:url\" content=\"https:\/\/bizalmikor.hu\/blog\/2020\/03\/27\/ahol-eddig-hiany-volt-a-munkaerobol-ott-most-konnyen-tulkinalat-jelentkezhet\/\" \/>\n<meta property=\"og:site_name\" content=\"Bizalmi K\u00f6r blog\" \/>\n<meta property=\"article:publisher\" content=\"https:\/\/www.facebook.com\/bizalmikor\" \/>\n<meta property=\"article:published_time\" content=\"2020-03-27T09:41:43+00:00\" \/>\n<meta property=\"article:modified_time\" content=\"2020-03-27T09:44:32+00:00\" \/>\n<meta property=\"og:image\" content=\"https:\/\/bizalmikor.hu\/blog\/wp-content\/uploads\/2020\/03\/forklift-835340_1920.jpg\" \/>\n\t<meta property=\"og:image:width\" content=\"1920\" \/>\n\t<meta property=\"og:image:height\" content=\"1280\" \/>\n<meta name=\"twitter:card\" content=\"summary_large_image\" \/>\n<meta name=\"twitter:label1\" content=\"Szerz\u0151:\">\n\t<meta name=\"twitter:data1\" content=\"Gangel P\u00e9ter\">\n\t<meta name=\"twitter:label2\" content=\"Becs\u00fclt olvas\u00e1si id\u0151\">\n\t<meta name=\"twitter:data2\" content=\"4 perc\">\n<script type=\"application\/ld+json\" class=\"yoast-schema-graph\">{\"@context\":\"https:\/\/schema.org\",\"@graph\":[{\"@type\":\"Organization\",\"@id\":\"https:\/\/bizalmikor.hu\/blog\/#organization\",\"name\":\"Bizalmi K\\u00f6r Kft.\",\"url\":\"https:\/\/bizalmikor.hu\/blog\/\",\"sameAs\":[\"https:\/\/www.facebook.com\/bizalmikor\",\"https:\/\/www.instagram.com\/bizalmikor\/\",\"https:\/\/www.linkedin.com\/company\/19165894\",\"https:\/\/www.youtube.com\/channel\/UC7fAD3QCIWeSexU5t6F3YOw?view_as=subscriber\"],\"logo\":{\"@type\":\"ImageObject\",\"@id\":\"https:\/\/bizalmikor.hu\/blog\/#logo\",\"inLanguage\":\"hu\",\"url\":\"https:\/\/bizalmikor.hu\/blog\/wp-content\/uploads\/2019\/02\/Group-2.png\",\"width\":4033,\"height\":1192,\"caption\":\"Bizalmi K\\u00f6r Kft.\"},\"image\":{\"@id\":\"https:\/\/bizalmikor.hu\/blog\/#logo\"}},{\"@type\":\"WebSite\",\"@id\":\"https:\/\/bizalmikor.hu\/blog\/#website\",\"url\":\"https:\/\/bizalmikor.hu\/blog\/\",\"name\":\"Bizalmi K\\u00f6r blog\",\"description\":\"Egynek minden neh\\u00e9z, soknak semmi sem lehetetlen.\",\"publisher\":{\"@id\":\"https:\/\/bizalmikor.hu\/blog\/#organization\"},\"potentialAction\":[{\"@type\":\"SearchAction\",\"target\":\"https:\/\/bizalmikor.hu\/blog\/?s={search_term_string}\",\"query-input\":\"required name=search_term_string\"}],\"inLanguage\":\"hu\"},{\"@type\":\"ImageObject\",\"@id\":\"https:\/\/bizalmikor.hu\/blog\/2020\/03\/27\/ahol-eddig-hiany-volt-a-munkaerobol-ott-most-konnyen-tulkinalat-jelentkezhet\/#primaryimage\",\"inLanguage\":\"hu\",\"url\":\"https:\/\/bizalmikor.hu\/blog\/wp-content\/uploads\/2020\/03\/forklift-835340_1920.jpg\",\"width\":1920,\"height\":1280},{\"@type\":\"WebPage\",\"@id\":\"https:\/\/bizalmikor.hu\/blog\/2020\/03\/27\/ahol-eddig-hiany-volt-a-munkaerobol-ott-most-konnyen-tulkinalat-jelentkezhet\/#webpage\",\"url\":\"https:\/\/bizalmikor.hu\/blog\/2020\/03\/27\/ahol-eddig-hiany-volt-a-munkaerobol-ott-most-konnyen-tulkinalat-jelentkezhet\/\",\"name\":\"Ahol eddig hi\\u00e1ny volt a munkaer\\u0151b\\u0151l, ott most k\\u00f6nnyen t\\u00falk\\u00edn\\u00e1lat jelentkezhet\",\"isPartOf\":{\"@id\":\"https:\/\/bizalmikor.hu\/blog\/#website\"},\"primaryImageOfPage\":{\"@id\":\"https:\/\/bizalmikor.hu\/blog\/2020\/03\/27\/ahol-eddig-hiany-volt-a-munkaerobol-ott-most-konnyen-tulkinalat-jelentkezhet\/#primaryimage\"},\"datePublished\":\"2020-03-27T09:41:43+00:00\",\"dateModified\":\"2020-03-27T09:44:32+00:00\",\"inLanguage\":\"hu\",\"potentialAction\":[{\"@type\":\"ReadAction\",\"target\":[\"https:\/\/bizalmikor.hu\/blog\/2020\/03\/27\/ahol-eddig-hiany-volt-a-munkaerobol-ott-most-konnyen-tulkinalat-jelentkezhet\/\"]}]},{\"@type\":\"Article\",\"@id\":\"https:\/\/bizalmikor.hu\/blog\/2020\/03\/27\/ahol-eddig-hiany-volt-a-munkaerobol-ott-most-konnyen-tulkinalat-jelentkezhet\/#article\",\"isPartOf\":{\"@id\":\"https:\/\/bizalmikor.hu\/blog\/2020\/03\/27\/ahol-eddig-hiany-volt-a-munkaerobol-ott-most-konnyen-tulkinalat-jelentkezhet\/#webpage\"},\"author\":{\"@id\":\"https:\/\/bizalmikor.hu\/blog\/#\/schema\/person\/a89936ed381c3afa4cd7a27040dbfb07\"},\"headline\":\"Ahol eddig hi\\u00e1ny volt a munkaer\\u0151b\\u0151l, ott most k\\u00f6nnyen t\\u00falk\\u00edn\\u00e1lat jelentkezhet\",\"datePublished\":\"2020-03-27T09:41:43+00:00\",\"dateModified\":\"2020-03-27T09:44:32+00:00\",\"mainEntityOfPage\":{\"@id\":\"https:\/\/bizalmikor.hu\/blog\/2020\/03\/27\/ahol-eddig-hiany-volt-a-munkaerobol-ott-most-konnyen-tulkinalat-jelentkezhet\/#webpage\"},\"publisher\":{\"@id\":\"https:\/\/bizalmikor.hu\/blog\/#organization\"},\"image\":{\"@id\":\"https:\/\/bizalmikor.hu\/blog\/2020\/03\/27\/ahol-eddig-hiany-volt-a-munkaerobol-ott-most-konnyen-tulkinalat-jelentkezhet\/#primaryimage\"},\"articleSection\":\"COVID-19 \\u00fczleti tapasztalatok,V\\u00e1llalkoz\\u00e1s\",\"inLanguage\":\"hu\"},{\"@type\":\"Person\",\"@id\":\"https:\/\/bizalmikor.hu\/blog\/#\/schema\/person\/a89936ed381c3afa4cd7a27040dbfb07\",\"name\":\"Gangel P\\u00e9ter\",\"image\":{\"@type\":\"ImageObject\",\"@id\":\"https:\/\/bizalmikor.hu\/blog\/#personlogo\",\"inLanguage\":\"hu\",\"url\":\"https:\/\/secure.gravatar.com\/avatar\/ee1c6e901d6b9c50c9a2204252c914b4?s=96&d=mm&r=g\",\"caption\":\"Gangel P\\u00e9ter\"}}]}<\/script>\n<!-- \/ Yoast SEO plugin. -->","_links":{"self":[{"href":"https:\/\/bizalmikor.hu\/blog\/wp-json\/wp\/v2\/posts\/1845"}],"collection":[{"href":"https:\/\/bizalmikor.hu\/blog\/wp-json\/wp\/v2\/posts"}],"about":[{"href":"https:\/\/bizalmikor.hu\/blog\/wp-json\/wp\/v2\/types\/post"}],"author":[{"embeddable":true,"href":"https:\/\/bizalmikor.hu\/blog\/wp-json\/wp\/v2\/users\/3"}],"replies":[{"embeddable":true,"href":"https:\/\/bizalmikor.hu\/blog\/wp-json\/wp\/v2\/comments?post=1845"}],"version-history":[{"count":9,"href":"https:\/\/bizalmikor.hu\/blog\/wp-json\/wp\/v2\/posts\/1845\/revisions"}],"predecessor-version":[{"id":1856,"href":"https:\/\/bizalmikor.hu\/blog\/wp-json\/wp\/v2\/posts\/1845\/revisions\/1856"}],"wp:featuredmedia":[{"embeddable":true,"href":"https:\/\/bizalmikor.hu\/blog\/wp-json\/wp\/v2\/media\/1853"}],"wp:attachment":[{"href":"https:\/\/bizalmikor.hu\/blog\/wp-json\/wp\/v2\/media?parent=1845"}],"wp:term":[{"taxonomy":"category","embeddable":true,"href":"https:\/\/bizalmikor.hu\/blog\/wp-json\/wp\/v2\/categories?post=1845"},{"taxonomy":"post_tag","embeddable":true,"href":"https:\/\/bizalmikor.hu\/blog\/wp-json\/wp\/v2\/tags?post=1845"}],"curies":[{"name":"wp","href":"https:\/\/api.w.org\/{rel}","templated":true}]}}