{"id":1857,"date":"2020-03-27T11:17:19","date_gmt":"2020-03-27T11:17:19","guid":{"rendered":"https:\/\/bizalmikor.hu\/blog\/?p=1857"},"modified":"2020-03-27T11:17:19","modified_gmt":"2020-03-27T11:17:19","slug":"amikor-kis-lassitas-segitsegevel-lehet-a-legkisebb-aldozattal-tulelni-a-helyzetet","status":"publish","type":"post","link":"https:\/\/bizalmikor.hu\/blog\/2020\/03\/27\/amikor-kis-lassitas-segitsegevel-lehet-a-legkisebb-aldozattal-tulelni-a-helyzetet\/","title":{"rendered":"Amikor kis lass\u00edt\u00e1s seg\u00edts\u00e9g\u00e9vel lehet  a legkisebb \u00e1ldozattal t\u00fal\u00e9lni a helyzetet"},"content":{"rendered":"\n<p><strong>A koronav\u00edrus j\u00e1rv\u00e1ny k\u00f6vetkezt\u00e9ben kialakult gazdas\u00e1gi helyzetben ideje \u00fajragonlni az \u00fczleti terv\u00fcnket, \u00e9s konkr\u00e9t l\u00e9p\u00e9seket tenni a t\u00fal\u00f3r\u00e1k n\u00e9lk\u00fcl is hat\u00e9kony m\u0171k\u00f6d\u00e9s megval\u00f3s\u00edt\u00e1s\u00e1ra. Bel\u00fclr\u0151l kell ind\u00edtanunk a v\u00e1ltoz\u00e1sokat, emellett pedig id\u0151nk\u00e9nt a laz\u00edt\u00e1s fontoss\u00e1g\u00e1r\u00f3l sem szabad megfeledkezni.<\/strong><\/p>\n\n\n\n<ul><li><strong>Mit t\u00f6rt\u00e9nik most a piacon?<\/strong><\/li><li><strong>Mit lehet tenni, hogy a lassul\u00e1s v\u00e9ge ne a le\u00e1ll\u00e1s legyen?<\/strong><\/li><li><strong>Mit lehet tenni a szolg\u00e1ltat\u00f3iparban?<\/strong><\/li><li><strong>C\u00e9gvezet\u0151k, hogyan tudnak egym\u00e1snak seg\u00edteni?<\/strong><\/li><\/ul>\n\n\n\n<p>Krn\u00e1cs P\u00e9terrel, az <a href=\"http:\/\/epiteszem.hu\/\">\u00c9SK Innov\u00e1ci\u00f3s Kft.<\/a> \u00fcgyvezet\u0151j\u00e9vel besz\u00e9lgetett Gangel P\u00e9ter:<\/p>\n\n\n\n<p><strong>N\u00e1latok mi a helyzet, Ti mit \u00e9rz\u00e9keltek most?<\/strong><\/p>\n\n\n\n<p>El\u0151sz\u00f6r is iszonyatos p\u00f6rg\u00e9s volt a h\u00e9ten. Sok olyan feladatot elv\u00e9gezt\u00fcnk, amit az elm\u00falt h\u00f3napokban kellett volna. \u00d6szt\u00f6n\u00f6s m\u00f3don fel volt k\u00e9sz\u00edtve a c\u00e9g\u00fcnk egy t\u00e1vmunk\u00e1ra, a home office-ra. Tervez\u00e9sekn\u00e9l a munkaid\u0151 20%-\u00e1t egy\u00e9bk\u00e9nt is home office-ban lehetett m\u00e1r t\u00f6lteni n\u00e1lunk.<\/p>\n\n\n\n<p>A kivitelez\u00e9sekn\u00e9l sokkal ink\u00e1bb a gazdas\u00e1gi k\u00f6rnyezet v\u00e1ltoz\u00e1s\u00e1b\u00f3l fakad\u00f3 probl\u00e9m\u00e1kkal szembes\u00fcl\u00fcnk. Az \u00e9p\u00edt\u0151ipari k\u00e9szlethi\u00e1nyok, az \u00e1rfolyamok v\u00e1ltoz\u00e1sa, valamint az \u00e1rak n\u00f6veked\u00e9se okoz neh\u00e9zs\u00e9geket. Nem lehet betont kapni, a fizet\u00e9si hat\u00e1rid\u0151k lesz\u0171k\u00fcltek.<\/p>\n\n\n\n<p>Menedzseln\u00fcnk kell ezeket a helyzeteket, a megval\u00f3s\u00edt\u00e1st, valamint a jogi k\u00e9rd\u00e9seket is. Mi sz\u00e1m\u00edt vis maiornak, \u00e9s mi nem min\u0151s\u00fcl annak. Nek\u00fcnk most mindent el kell k\u00f6vetn\u00fcnk a hat\u00e1rid\u0151k teljes\u00edt\u00e9s\u00e9\u00e9rt. Ez napr\u00f3l napra k\u00f6vetel meg int\u00e9zked\u00e9seket.<\/p>\n\n\n\n<p><strong>Ez azt is jelenti, hogy egy c\u00e9gvezet\u0151nek ma folyamatosan k\u00e9szenl\u00e9tben kell lenni?<\/strong><\/p>\n\n\n\n<p>Abszol\u00fat. Szem\u00e9lyes tapasztalat, hogy els\u0151 alkalommal dolgozom \u00e9n is home office-ban, \u00e9s sokkal hat\u00e9konyabb lett a munkav\u00e9gz\u00e9sem. Most nincs utaz\u00e1s \u00e9s fejben \u00e1t\u00e1ll\u00e1s k\u00e9t meeting k\u00f6z\u00f6tt, ezt meg kell oldani. Koordin\u00e1lni kell tov\u00e1bb\u00e1 azt a helyzetet, hogy most a csal\u00e1d is otthon van.<\/p>\n\n\n\n<p>Az \u00c9SK Innov\u00e1ci\u00f3s Kft. mellett az egy\u00e9b \u00e9rdekelts\u00e9geimet is menedzselnem kell. K\u00fclf\u00f6ldi befektet\u0151kkel komoly export-import indult be olyan hi\u00e1nyterm\u00e9kek forgalmaz\u00e1s\u00e1val, ami plusz leterhelts\u00e9get jelent.<\/p>\n\n\n\n<p><strong>Mit lehet tenni annak \u00e9rdek\u00e9ben, hogy egy esetleges lassul\u00e1st k\u00f6vet\u0151en mik\u00e9nt ne \u00e1lljon meg a c\u00e9g\u00fcnk?<\/strong><\/p>\n\n\n\n<p>Iszonyatosan t\u00fal voltunk p\u00f6r\u00f6gve, \u00e9s a teljes\u00edt\u0151k\u00e9pess\u00e9g\u00fcnk hat\u00e1r\u00e1t s\u00farol\u00f3 hat\u00e1rid\u0151kkel dolgoztunk a koronav\u00edrus el\u0151tt. Nincs m\u00e9g itt az ideje a k\u00f6vetkeztet\u00e9sek levon\u00e1s\u00e1nak. Ilyenkor a megold\u00e1sok kellenek, ut\u00e1na majd levonjuk a konzekvenci\u00e1kat, \u00e9s \u00fajabb int\u00e9zked\u00e9seket hozunk.<\/p>\n\n\n\n<p>Gyan\u00edtom, hogyha nem is egyb\u0151l, de v\u00e1ltozni fog a vil\u00e1g. Rem\u00e9lem, hogy egy kicsit lassulni tudok majd. Olyan szint\u0171 volt a leterhelts\u00e9gem, hogy a telefon haszn\u00e1latot is limit\u00e1ltam. Ki fogom tolni a hat\u00e1rid\u0151ket, racion\u00e1lisan fogom elv\u00e1llalni \u0151ket. V\u00e9lem\u00e9nyem szerint kulcsfontoss\u00e1g\u00fa lesz a t\u00fal\u00f3r\u00e1k n\u00e9lk\u00fcl is hat\u00e9kony m\u0171k\u00f6d\u00e9s megval\u00f3s\u00edt\u00e1sa. T\u00f6bb id\u0151t kell ford\u00edtani a csal\u00e1dra.<\/p>\n\n\n\n<p><strong>Sz\u00e1m\u00edtasz-e komolyabb innov\u00e1ci\u00f3kra, v\u00e1ltoz\u00e1sokra?<\/strong><\/p>\n\n\n\n<p>Szerintem magunkban kell elkezdeni a vil\u00e1g alak\u00edt\u00e1s\u00e1t, vagyis ha mi v\u00e1ltozunk, abb\u00f3l tudunk v\u00e1ltoztat\u00e1sokat is eszk\u00f6z\u00f6lni. K\u00e9pletesen sz\u00f3lva egy v\u00e1g\u00e1ny, egy v\u00e1lt\u00f3 lesz majd v\u00e9lem\u00e9nyem szerint arr\u00e9bb \u00e1ll\u00edtva. Nem hiszem, hogy ett\u0151l majd mindenki \u00e9szhez fog t\u00e9rni. De lesznek kis szigetek, amelyek v\u00e1ltoz\u00e1sokat ind\u00edthatnak el.<\/p>\n\n\n\n<figure class=\"wp-block-image size-large\"><img loading=\"lazy\" decoding=\"async\" width=\"1024\" height=\"683\" src=\"https:\/\/bizalmikor.hu\/blog\/wp-content\/uploads\/2020\/03\/IMG_6775ok-1024x683-1.jpg\" alt=\"\" class=\"wp-image-1863\" srcset=\"https:\/\/bizalmikor.hu\/blog\/wp-content\/uploads\/2020\/03\/IMG_6775ok-1024x683-1.jpg 1024w, https:\/\/bizalmikor.hu\/blog\/wp-content\/uploads\/2020\/03\/IMG_6775ok-1024x683-1-300x200.jpg 300w, https:\/\/bizalmikor.hu\/blog\/wp-content\/uploads\/2020\/03\/IMG_6775ok-1024x683-1-768x512.jpg 768w\" sizes=\"(max-width: 1024px) 100vw, 1024px\" \/><figcaption><strong>&#8221; Nincs m\u00e9g itt az ideje a k\u00f6vetkeztet\u00e9sek levon\u00e1s\u00e1nak. Ilyenkor a megold\u00e1sok kellenek, ut\u00e1na majd levonjuk a konzekvenci\u00e1kat, \u00e9s \u00fajabb int\u00e9zked\u00e9seket hozunk.&#8221;<\/strong><\/figcaption><\/figure>\n\n\n\n<p><strong>Szerinted mi kell ahhoz, hogy a szolg\u00e1ltat\u00f3iparban ne \u00e1lljanak le teljesen c\u00e9gek?<\/strong><\/p>\n\n\n\n<p>Nem mindegy, hogy milyen \u00e1ldozatok ment\u00e9n int\u00e9zked\u00fcnk. \u00dajra kell gondolni az \u00fczleti tervet. M\u00e1s hat\u00e1rid\u0151ket kell szabni a folyamatoknak. \u00dajra kell gondolni a bev\u00e9telek \u00e9s kiad\u00e1sok alakul\u00e1s\u00e1t. Ahol erre lehet\u0151s\u00e9g van, ott \u00fajra kell t\u00e1rgyalni a v\u00e1llal\u00e1si hat\u00e1rid\u0151ket, adott esetben szerz\u0151d\u00e9s kieg\u00e9sz\u00edt\u00e9sekkel kell \u00e9lni, vagy le kell \u00fclni a munkat\u00e1rsakkal, \u00e9s \u00e1t kell besz\u00e9lni az egy\u00fcttm\u0171k\u00f6d\u00e9s felt\u00e9teleit. Ma azt mondom, hogy egy kis lass\u00edt\u00e1s seg\u00edts\u00e9g\u00e9vel lehet a legkisebb \u00e1ldozattal t\u00fal\u00e9lni a helyzetet.<\/p>\n\n\n\n<p><strong>Mit l\u00e1tsz, a c\u00e9gvezet\u0151k hogy tudnak most egym\u00e1snak seg\u00edteni?<\/strong><\/p>\n\n\n\n<p>Az egyik gondolatom ehhez az online t\u00e9r, mert ott remek\u00fcl lehet kapcsolatokat tartani. Megl\u00e9v\u0151 mastermind csoportokn\u00e1l sokat seg\u00edtenek az online lehet\u0151s\u00e9gek. Nem is annyira a konkr\u00e9t tan\u00e1csok ter\u00e9n, hanem az \u00e9rz\u00e9sek \u00e9s tapasztalatok megoszt\u00e1s\u00e1n kereszt\u00fcl.<\/p>\n\n\n\n<p>Sz\u00e9ls\u0151s\u00e9ges \u00fczleti helyzetek vannak, az eg\u00e9szen elkeser\u00edt\u0151t\u0151l azokig a p\u00e9ld\u00e1kig, akiket most m\u00e9g nem \u00e9rintenek \u00e9rz\u00e9kenyen az esem\u00e9nyek. J\u00f3 volt tal\u00e1lkozni, \u00e9s azt besz\u00e9lt\u00fck meg, hogy s\u0171r\u00edteni fogjuk az alkalmakat.<\/p>\n\n\n\n<p>A m\u00e1sik gondolatom Hofi G\u00e9za Laz\u00edtani c\u00edm\u0171 sz\u00e1m\u00e1ra vonatkozik, ami sokszor jutott eszembe az ut\u00f3bbi id\u0151ben. V\u00e9lem\u00e9nyem szerint most egy kis laz\u00edt\u00e1sra van sz\u00fcks\u00e9g\u00fcnk. B\u00edzom benne, hogy minden rendben lesz, \u00e9s optimist\u00e1n tekintek a j\u00f6v\u0151be.<br><\/p>\n\n\n\n<hr class=\"wp-block-separator\"\/>\n\n\n\n<h1 class=\"has-text-align-center wp-block-heading\">Szeretn\u00e9l megismerkedni klubtagjainkkal? K\u00e9rj egy megh\u00edv\u00f3t!<\/h1>\n\n\n\n<div class=\"wp-block-button aligncenter\"><a class=\"wp-block-button__link has-background\" href=\"https:\/\/bizalmikor.hu\/kapcsolat\/\" style=\"background-color:#14496b\" target=\"_blank\" rel=\"noreferrer noopener\"><strong>\u00c9rdekel a Bizalmi K\u00f6r klubtags\u00e1g<\/strong><\/a><\/div>\n\n\n\n<hr class=\"wp-block-separator\"\/>\n","protected":false},"excerpt":{"rendered":"<p>A koronav\u00edrus j\u00e1rv\u00e1ny k\u00f6vetkezt\u00e9ben kialakult gazdas\u00e1gi helyzetben ideje \u00fajragonlni az \u00fczleti terv\u00fcnket, \u00e9s konkr\u00e9t l\u00e9p\u00e9seket tenni a t\u00fal\u00f3r\u00e1k n\u00e9lk\u00fcl is hat\u00e9kony m\u0171k\u00f6d\u00e9s megval\u00f3s\u00edt\u00e1s\u00e1ra. Bel\u00fclr\u0151l kell ind\u00edtanunk a v\u00e1ltoz\u00e1sokat, emellett pedig id\u0151nk\u00e9nt a laz\u00edt\u00e1s fontoss\u00e1g\u00e1r\u00f3l sem szabad megfeledkezni.<\/p>\n","protected":false},"author":3,"featured_media":1862,"comment_status":"closed","ping_status":"open","sticky":false,"template":"","format":"standard","meta":{"footnotes":""},"categories":[25,16],"tags":[],"yoast_head":"<!-- This site is optimized with the Yoast SEO plugin v15.4 - https:\/\/yoast.com\/wordpress\/plugins\/seo\/ -->\n<title>Amikor kis lass\u00edt\u00e1s seg\u00edts\u00e9g\u00e9vel lehet a legkisebb \u00e1ldozattal t\u00fal\u00e9lni a helyzetet<\/title>\n<meta name=\"robots\" content=\"index, follow, max-snippet:-1, max-image-preview:large, max-video-preview:-1\" \/>\n<link rel=\"canonical\" href=\"https:\/\/bizalmikor.hu\/blog\/2020\/03\/27\/amikor-kis-lassitas-segitsegevel-lehet-a-legkisebb-aldozattal-tulelni-a-helyzetet\/\" \/>\n<meta property=\"og:locale\" content=\"hu_HU\" \/>\n<meta property=\"og:type\" content=\"article\" \/>\n<meta property=\"og:title\" content=\"Amikor kis lass\u00edt\u00e1s seg\u00edts\u00e9g\u00e9vel lehet a legkisebb \u00e1ldozattal t\u00fal\u00e9lni a helyzetet\" \/>\n<meta property=\"og:description\" content=\"A koronav\u00edrus j\u00e1rv\u00e1ny k\u00f6vetkezt\u00e9ben kialakult gazdas\u00e1gi helyzetben ideje \u00fajragonlni az \u00fczleti terv\u00fcnket, \u00e9s konkr\u00e9t l\u00e9p\u00e9seket tenni a t\u00fal\u00f3r\u00e1k n\u00e9lk\u00fcl is hat\u00e9kony m\u0171k\u00f6d\u00e9s megval\u00f3s\u00edt\u00e1s\u00e1ra. Bel\u00fclr\u0151l kell ind\u00edtanunk a v\u00e1ltoz\u00e1sokat, emellett pedig id\u0151nk\u00e9nt a laz\u00edt\u00e1s fontoss\u00e1g\u00e1r\u00f3l sem szabad megfeledkezni.\" \/>\n<meta property=\"og:url\" content=\"https:\/\/bizalmikor.hu\/blog\/2020\/03\/27\/amikor-kis-lassitas-segitsegevel-lehet-a-legkisebb-aldozattal-tulelni-a-helyzetet\/\" \/>\n<meta property=\"og:site_name\" content=\"Bizalmi K\u00f6r blog\" \/>\n<meta property=\"article:publisher\" content=\"https:\/\/www.facebook.com\/bizalmikor\" \/>\n<meta property=\"article:published_time\" content=\"2020-03-27T11:17:19+00:00\" \/>\n<meta property=\"og:image\" content=\"https:\/\/bizalmikor.hu\/blog\/wp-content\/uploads\/2020\/03\/architecture-1857175_1920.jpg\" \/>\n\t<meta property=\"og:image:width\" content=\"1920\" \/>\n\t<meta property=\"og:image:height\" content=\"1280\" \/>\n<meta name=\"twitter:card\" content=\"summary_large_image\" \/>\n<meta name=\"twitter:label1\" content=\"Szerz\u0151:\">\n\t<meta name=\"twitter:data1\" content=\"Gangel P\u00e9ter\">\n\t<meta name=\"twitter:label2\" content=\"Becs\u00fclt olvas\u00e1si id\u0151\">\n\t<meta name=\"twitter:data2\" content=\"4 perc\">\n<script type=\"application\/ld+json\" class=\"yoast-schema-graph\">{\"@context\":\"https:\/\/schema.org\",\"@graph\":[{\"@type\":\"Organization\",\"@id\":\"https:\/\/bizalmikor.hu\/blog\/#organization\",\"name\":\"Bizalmi K\\u00f6r Kft.\",\"url\":\"https:\/\/bizalmikor.hu\/blog\/\",\"sameAs\":[\"https:\/\/www.facebook.com\/bizalmikor\",\"https:\/\/www.instagram.com\/bizalmikor\/\",\"https:\/\/www.linkedin.com\/company\/19165894\",\"https:\/\/www.youtube.com\/channel\/UC7fAD3QCIWeSexU5t6F3YOw?view_as=subscriber\"],\"logo\":{\"@type\":\"ImageObject\",\"@id\":\"https:\/\/bizalmikor.hu\/blog\/#logo\",\"inLanguage\":\"hu\",\"url\":\"https:\/\/bizalmikor.hu\/blog\/wp-content\/uploads\/2019\/02\/Group-2.png\",\"width\":4033,\"height\":1192,\"caption\":\"Bizalmi K\\u00f6r Kft.\"},\"image\":{\"@id\":\"https:\/\/bizalmikor.hu\/blog\/#logo\"}},{\"@type\":\"WebSite\",\"@id\":\"https:\/\/bizalmikor.hu\/blog\/#website\",\"url\":\"https:\/\/bizalmikor.hu\/blog\/\",\"name\":\"Bizalmi K\\u00f6r blog\",\"description\":\"Egynek minden neh\\u00e9z, soknak semmi sem lehetetlen.\",\"publisher\":{\"@id\":\"https:\/\/bizalmikor.hu\/blog\/#organization\"},\"potentialAction\":[{\"@type\":\"SearchAction\",\"target\":\"https:\/\/bizalmikor.hu\/blog\/?s={search_term_string}\",\"query-input\":\"required name=search_term_string\"}],\"inLanguage\":\"hu\"},{\"@type\":\"ImageObject\",\"@id\":\"https:\/\/bizalmikor.hu\/blog\/2020\/03\/27\/amikor-kis-lassitas-segitsegevel-lehet-a-legkisebb-aldozattal-tulelni-a-helyzetet\/#primaryimage\",\"inLanguage\":\"hu\",\"url\":\"https:\/\/bizalmikor.hu\/blog\/wp-content\/uploads\/2020\/03\/architecture-1857175_1920.jpg\",\"width\":1920,\"height\":1280},{\"@type\":\"WebPage\",\"@id\":\"https:\/\/bizalmikor.hu\/blog\/2020\/03\/27\/amikor-kis-lassitas-segitsegevel-lehet-a-legkisebb-aldozattal-tulelni-a-helyzetet\/#webpage\",\"url\":\"https:\/\/bizalmikor.hu\/blog\/2020\/03\/27\/amikor-kis-lassitas-segitsegevel-lehet-a-legkisebb-aldozattal-tulelni-a-helyzetet\/\",\"name\":\"Amikor kis lass\\u00edt\\u00e1s seg\\u00edts\\u00e9g\\u00e9vel lehet a legkisebb \\u00e1ldozattal t\\u00fal\\u00e9lni a helyzetet\",\"isPartOf\":{\"@id\":\"https:\/\/bizalmikor.hu\/blog\/#website\"},\"primaryImageOfPage\":{\"@id\":\"https:\/\/bizalmikor.hu\/blog\/2020\/03\/27\/amikor-kis-lassitas-segitsegevel-lehet-a-legkisebb-aldozattal-tulelni-a-helyzetet\/#primaryimage\"},\"datePublished\":\"2020-03-27T11:17:19+00:00\",\"dateModified\":\"2020-03-27T11:17:19+00:00\",\"inLanguage\":\"hu\",\"potentialAction\":[{\"@type\":\"ReadAction\",\"target\":[\"https:\/\/bizalmikor.hu\/blog\/2020\/03\/27\/amikor-kis-lassitas-segitsegevel-lehet-a-legkisebb-aldozattal-tulelni-a-helyzetet\/\"]}]},{\"@type\":\"Article\",\"@id\":\"https:\/\/bizalmikor.hu\/blog\/2020\/03\/27\/amikor-kis-lassitas-segitsegevel-lehet-a-legkisebb-aldozattal-tulelni-a-helyzetet\/#article\",\"isPartOf\":{\"@id\":\"https:\/\/bizalmikor.hu\/blog\/2020\/03\/27\/amikor-kis-lassitas-segitsegevel-lehet-a-legkisebb-aldozattal-tulelni-a-helyzetet\/#webpage\"},\"author\":{\"@id\":\"https:\/\/bizalmikor.hu\/blog\/#\/schema\/person\/a89936ed381c3afa4cd7a27040dbfb07\"},\"headline\":\"Amikor kis lass\\u00edt\\u00e1s seg\\u00edts\\u00e9g\\u00e9vel lehet a legkisebb \\u00e1ldozattal t\\u00fal\\u00e9lni a helyzetet\",\"datePublished\":\"2020-03-27T11:17:19+00:00\",\"dateModified\":\"2020-03-27T11:17:19+00:00\",\"mainEntityOfPage\":{\"@id\":\"https:\/\/bizalmikor.hu\/blog\/2020\/03\/27\/amikor-kis-lassitas-segitsegevel-lehet-a-legkisebb-aldozattal-tulelni-a-helyzetet\/#webpage\"},\"publisher\":{\"@id\":\"https:\/\/bizalmikor.hu\/blog\/#organization\"},\"image\":{\"@id\":\"https:\/\/bizalmikor.hu\/blog\/2020\/03\/27\/amikor-kis-lassitas-segitsegevel-lehet-a-legkisebb-aldozattal-tulelni-a-helyzetet\/#primaryimage\"},\"articleSection\":\"COVID-19 \\u00fczleti tapasztalatok,V\\u00e1llalkoz\\u00e1s\",\"inLanguage\":\"hu\"},{\"@type\":\"Person\",\"@id\":\"https:\/\/bizalmikor.hu\/blog\/#\/schema\/person\/a89936ed381c3afa4cd7a27040dbfb07\",\"name\":\"Gangel P\\u00e9ter\",\"image\":{\"@type\":\"ImageObject\",\"@id\":\"https:\/\/bizalmikor.hu\/blog\/#personlogo\",\"inLanguage\":\"hu\",\"url\":\"https:\/\/secure.gravatar.com\/avatar\/ee1c6e901d6b9c50c9a2204252c914b4?s=96&d=mm&r=g\",\"caption\":\"Gangel P\\u00e9ter\"}}]}<\/script>\n<!-- \/ Yoast SEO plugin. -->","_links":{"self":[{"href":"https:\/\/bizalmikor.hu\/blog\/wp-json\/wp\/v2\/posts\/1857"}],"collection":[{"href":"https:\/\/bizalmikor.hu\/blog\/wp-json\/wp\/v2\/posts"}],"about":[{"href":"https:\/\/bizalmikor.hu\/blog\/wp-json\/wp\/v2\/types\/post"}],"author":[{"embeddable":true,"href":"https:\/\/bizalmikor.hu\/blog\/wp-json\/wp\/v2\/users\/3"}],"replies":[{"embeddable":true,"href":"https:\/\/bizalmikor.hu\/blog\/wp-json\/wp\/v2\/comments?post=1857"}],"version-history":[{"count":13,"href":"https:\/\/bizalmikor.hu\/blog\/wp-json\/wp\/v2\/posts\/1857\/revisions"}],"predecessor-version":[{"id":1872,"href":"https:\/\/bizalmikor.hu\/blog\/wp-json\/wp\/v2\/posts\/1857\/revisions\/1872"}],"wp:featuredmedia":[{"embeddable":true,"href":"https:\/\/bizalmikor.hu\/blog\/wp-json\/wp\/v2\/media\/1862"}],"wp:attachment":[{"href":"https:\/\/bizalmikor.hu\/blog\/wp-json\/wp\/v2\/media?parent=1857"}],"wp:term":[{"taxonomy":"category","embeddable":true,"href":"https:\/\/bizalmikor.hu\/blog\/wp-json\/wp\/v2\/categories?post=1857"},{"taxonomy":"post_tag","embeddable":true,"href":"https:\/\/bizalmikor.hu\/blog\/wp-json\/wp\/v2\/tags?post=1857"}],"curies":[{"name":"wp","href":"https:\/\/api.w.org\/{rel}","templated":true}]}}