{"id":1873,"date":"2020-03-27T11:31:58","date_gmt":"2020-03-27T11:31:58","guid":{"rendered":"https:\/\/bizalmikor.hu\/blog\/?p=1873"},"modified":"2020-03-27T11:31:59","modified_gmt":"2020-03-27T11:31:59","slug":"7-dolog-ami-segithet-hogy-a-vallalkozasod-tulelje-a-koronavirust","status":"publish","type":"post","link":"https:\/\/bizalmikor.hu\/blog\/2020\/03\/27\/7-dolog-ami-segithet-hogy-a-vallalkozasod-tulelje-a-koronavirust\/","title":{"rendered":"7 dolog, ami seg\u00edthet, hogy a v\u00e1llalkoz\u00e1sod t\u00fal\u00e9lje a koronav\u00edrust"},"content":{"rendered":"\n<p><strong>Megtanultunk profin kezet mosni \u00e9s az \u00f6k\u00f6lpacsi is bevezet\u00e9sre ker\u00fclt. Az eg\u00e9szs\u00e9g a legfontosabb. Ez teljesen term\u00e9szetes. Azonban itt az ideje besz\u00e9lni arr\u00f3l, hogy a koronav\u00edrus kapcs\u00e1n hozott int\u00e9zked\u00e9sek a magyar KKV szektor nagy r\u00e9sz\u00e9t \u00f3ri\u00e1si vesz\u00e9lybe sodort\u00e1k. Hogy mi\u00e9rt \u00f3ri\u00e1si probl\u00e9ma ez? Mert ebben a szektorban dolgozik a munkav\u00e1llal\u00f3k 74%-a. N\u00e9zz\u00fck, mi is kell ahhoz, hogy a lehet\u0151 legt\u00f6bb v\u00e1llalkoz\u00e1s t\u00fal\u00e9lje a kr\u00edzist.\u00a0<\/strong><\/p>\n\n\n\n<p>Akik 2009-ben m\u00e1r v\u00e1llalkoz\u00f3k voltak a v\u00e1ls\u00e1g idej\u00e9n egyet\u00e9rtenek abban, hogy a mostani le\u00e1ll\u00e1s sokkal drasztikusabb, mint az akkori. Nem tudtunk r\u00e1 id\u0151ben k\u00e9sz\u00fclni, \u00e9s szinte egyik napr\u00f3l a m\u00e1sikra t\u00f6rt\u00e9nt.&nbsp;<br><\/p>\n\n\n\n<p>A mozdulatlans\u00e1g, az elszigetel\u0151d\u00e9s hal\u00e1los, hiszen minden v\u00e1llalkoz\u00e1s m\u00e1s embereknek, m\u00e1s v\u00e1llalkoz\u00e1soknak teremt \u00e9rt\u00e9ket. \u00c9ppen ez\u00e9rt sejthet\u0151, hogy Magyarorsz\u00e1gon t\u00f6bb v\u00e1llalkoz\u00e1s fog meghalni a koronav\u00edrus k\u00f6vetkezt\u00e9ben, mint amennyi ember.&nbsp;<br><\/p>\n\n\n\n<p>A 2009 es tapasztalataim, \u00e9s a vezet\u0151i klubomban t\u00f6rt\u00e9n\u0151 folyamatos egyeztet\u00e9sek alapj\u00e1n \u00f6ssze\u00e1ll\u00edtottam 7 pontot, ami seg\u00edthet t\u00fal\u00e9lni.&nbsp;<br><\/p>\n\n\n\n<p><strong>1. Zsugorodj gyorsan <\/strong>&#8211; Akkor se \u00e9ld fel a tartal\u00e9kaidat, ha vannak. Keresd meg a m\u00f3dj\u00e1t, hogyan tudsz gyorsan \u00e9s hat\u00e9konyan k\u00f6lts\u00e9get cs\u00f6kkenteni, hiszen ilyenkor minden nap sz\u00e1m\u00edt. Amikor minden \u00fajraindul, kulcs k\u00e9rd\u00e9s lesz, hogy van-e mib\u0151l \u00fajraindulnod. \u00c1llapodj meg a munkav\u00e1llal\u00f3iddal, a szerz\u0151d\u00e9ses partnereiddel, hiszen mindenkinek az az \u00e9rdeke, hogy tudj\u00e1tok folytatni, ha \u00fajraindul minden.&nbsp;<br><\/p>\n\n\n\n<p><strong>2. Maradj mozg\u00e1sban &#8211;<\/strong> Minden tev\u00e9kenys\u00e9get, amivel csak \u00e9rt\u00e9ket tudsz teremteni, folytatnod kell, hogy ne \u00e1llj meg teljesen. Szolg\u00e1ltass, kereskedj, gy\u00e1rts &#8211; tiszteletben tartva a jogszab\u00e1lyokat, de nem t\u00falmenve azokon.&nbsp;<br><\/p>\n\n\n\n<p><strong>3. \u00daj\u00edts &#8211; <\/strong>A koronav\u00edrus cunamival nem tudsz szembemenni. Gondold v\u00e9gig, melyek azok a tev\u00e9kenys\u00e9geid, amik on-line v\u00e9gezhet\u0151k, \u00e9s tedd \u00e1t \u0151ket az on-line t\u00e9rbe. Azt\u00e1n n\u00e9zd meg, hogy a c\u00e9ged eredeti k\u00fcldet\u00e9s\u00e9t milyen \u00faj eszk\u00f6z\u00f6kkel tudod a megv\u00e1ltozott k\u00f6rnyezetben teljes\u00edteni, \u00e9s \u00e9p\u00edts \u00faj megold\u00e1sokat. Ezek k\u00e9s\u0151bb ak\u00e1r meg is maradhatnak. Tanulj a c\u00e9geddel \u00faj dolgokat, pl.: Home Office &#8211; ami hossz\u00fat\u00e1von sikeress\u00e9 tesz.&nbsp;<br><\/p>\n\n\n\n<p><strong>4. Jav\u00edts a c\u00e9ged m\u0171k\u00f6d\u00e9s\u00e9n &#8211;<\/strong> Itt az id\u0151, hogy egy kicsit a c\u00e9geden dolgozz. Alak\u00edts ki \u00faj szolg\u00e1ltat\u00e1sokat, jav\u00edts a folyamatokon, tedd hat\u00e9konyabb\u00e1 a m\u0171k\u00f6d\u00e9st. Biztos van egy list\u00e1d azokr\u00f3l a dolgokr\u00f3l, amiket m\u00e1r r\u00e9g el kellett volna v\u00e9gezni. Most van r\u00e1 id\u0151. Ezzel el\u00e9rheted, hogy a v\u00e1llalkoz\u00e1sod er\u0151sebben j\u00f6jj\u00f6n ki a kr\u00edzisb\u0151l, mint amilyen el\u0151tte volt.&nbsp;<br><\/p>\n\n\n\n<p><strong>5. N\u00f6veld a ki\u00e1raml\u00e1st &#8211; <\/strong>Kommunik\u00e1lj intenz\u00edven, haszn\u00e1ld az \u00e9rt\u00e9kes\u00edt\u0151idet \u00fcgyf\u00e9lkapcsolatok \u00e1pol\u00e1s\u00e1ra. Maradj k\u00f6zel, \u00e9s figyeld a partnereid ig\u00e9nyeit. Minden egyes c\u00e9g azon fog dolgozni, hogy tov\u00e1bb tudjon menni.&nbsp;<br><\/p>\n\n\n\n<p><strong>6. Szerezz tapasztalatokat &#8211; <\/strong>Besz\u00e9lj sokat m\u00e1s c\u00e9gek vezet\u0151ivel. K\u00e9rdezd meg t\u0151l\u00fck, mik voltak a r\u00f6vid t\u00e1v\u00fa probl\u00e9m\u00e1ik, \u00e9s milyen int\u00e9zked\u00e9seket hoztak? <strong>&nbsp;<\/strong>Besz\u00e9lj\u00e9tek \u00e1t, mit l\u00e1tnak hosszabb t\u00e1von, tov\u00e1bb\u00e1, hogy miben l\u00e1tnak lehet\u0151s\u00e9get, pozit\u00edv v\u00e1ltoz\u00e1st.&nbsp;<br><\/p>\n\n\n\n<p><strong>7. Tartsd magad j\u00f3 \u00e1llapotban &#8211; <\/strong>Vezet\u0151k\u00e9nt minden nap tedd fel magadnak a k\u00e9rd\u00e9st, mit kell ahhoz tenn\u00fcnk, hogy sikerrel t\u00fal legy\u00fcnk a v\u00e1ls\u00e1gon? Azokat a szok\u00e1saidat, amik magabiztoss\u00e1got adnak tartsd meg, \u00e9s vidd tov\u00e1bb. L\u00e1ss\u00e1k rajtad a munkat\u00e1rsaid, hogy tudod, mi a megold\u00e1s, \u00e9s meg is teszed a megfelel\u0151 l\u00e9p\u00e9seket.&nbsp;<br><\/p>\n\n\n\n<p><strong>+1 Social proof &#8211; <\/strong>Amikor minden \u00fajraindul a megsz\u0171nt v\u00e1llalkoz\u00e1sok hely\u00e9re a c\u00e9gek \u00faj partnereket fognak keresni. Ezt on-line vagy szem\u00e9lyes kapcsolatokon kereszt\u00fcl teszik majd, \u00edgy k\u00e9sz\u00fclj fel, hogy a v\u00e1llalkoz\u00e1sod j\u00f3l n\u00e9zzen ki az on-line t\u00e9rben, legyen rengeteg social proofod.&nbsp;<br><\/p>\n\n\n\n<p><strong>Vannak v\u00e1llalkoz\u00e1sok akiket el\u0151ny\u00f6sen \u00e9rint a kialakult helyzet. \u0150k azok, akik eleve az on-line t\u00e9rben teremtettek \u00e9rt\u00e9ket. A t\u00f6bbieknek alkalmazkodni kell, m\u00e9ghozz\u00e1 gyorsan. Hiszek abban, hogy ha az elszigetelts\u00e9g ellen\u00e9re is kommunik\u00e1lunk, megosztjuk egym\u00e1ssal a leg\u00fajabb tapasztalatainkat \u00e9s megold\u00e1sainkat, akkor egy\u00fcttes er\u0151vel nem csak gyorsabban lesz\u00fcnk t\u00fal a kr\u00edzisen, de t\u00f6bb v\u00e1llalkoz\u00e1s is \u00e9li majd t\u00fal. \u00c9s, hogy mi\u00e9rt fontos ez? Mert mi m\u0171k\u00f6dtetj\u00fck a gazdas\u00e1got.\u00a0<br><\/strong><\/p>\n\n\n\n<hr class=\"wp-block-separator\"\/>\n\n\n\n<h1 class=\"has-text-align-center wp-block-heading\">Szeretn\u00e9l megismerkedni klubtagjainkkal? K\u00e9rj egy megh\u00edv\u00f3t!<\/h1>\n\n\n\n<div class=\"wp-block-button aligncenter\"><a class=\"wp-block-button__link has-background\" href=\"https:\/\/bizalmikor.hu\/kapcsolat\/\" style=\"background-color:#14496b\" target=\"_blank\" rel=\"noreferrer noopener\"><strong>\u00c9rdekel a Bizalmi K\u00f6r klubtags\u00e1g<\/strong><\/a><\/div>\n\n\n\n<hr class=\"wp-block-separator\"\/>\n","protected":false},"excerpt":{"rendered":"<p>Megtanultunk profin kezet mosni \u00e9s az \u00f6k\u00f6lpacsi is bevezet\u00e9sre ker\u00fclt. Az eg\u00e9szs\u00e9g a legfontosabb. Ez teljesen term\u00e9szetes. Azonban itt az ideje besz\u00e9lni arr\u00f3l, hogy a koronav\u00edrus kapcs\u00e1n hozott int\u00e9zked\u00e9sek a magyar KKV szektor nagy r\u00e9sz\u00e9t \u00f3ri\u00e1si vesz\u00e9lybe sodort\u00e1k. Hogy mi\u00e9rt \u00f3ri\u00e1si probl\u00e9ma ez? Mert ebben a szektorban dolgozik a munkav\u00e1llal\u00f3k 74%-a. N\u00e9zz\u00fck, mi is kell ahhoz, hogy a lehet\u0151 legt\u00f6bb v\u00e1llalkoz\u00e1s t\u00fal\u00e9lje a kr\u00edzist. <\/p>\n","protected":false},"author":3,"featured_media":1878,"comment_status":"closed","ping_status":"open","sticky":false,"template":"","format":"standard","meta":{"footnotes":""},"categories":[25,16],"tags":[],"yoast_head":"<!-- This site is optimized with the Yoast SEO plugin v15.4 - https:\/\/yoast.com\/wordpress\/plugins\/seo\/ -->\n<title>7 dolog, ami seg\u00edthet, hogy a v\u00e1llalkoz\u00e1sod t\u00fal\u00e9lje a koronav\u00edrust<\/title>\n<meta name=\"robots\" content=\"index, follow, max-snippet:-1, max-image-preview:large, max-video-preview:-1\" \/>\n<link rel=\"canonical\" href=\"https:\/\/bizalmikor.hu\/blog\/2020\/03\/27\/7-dolog-ami-segithet-hogy-a-vallalkozasod-tulelje-a-koronavirust\/\" \/>\n<meta property=\"og:locale\" content=\"hu_HU\" \/>\n<meta property=\"og:type\" content=\"article\" \/>\n<meta property=\"og:title\" content=\"7 dolog, ami seg\u00edthet, hogy a v\u00e1llalkoz\u00e1sod t\u00fal\u00e9lje a koronav\u00edrust\" \/>\n<meta property=\"og:description\" content=\"Megtanultunk profin kezet mosni \u00e9s az \u00f6k\u00f6lpacsi is bevezet\u00e9sre ker\u00fclt. Az eg\u00e9szs\u00e9g a legfontosabb. Ez teljesen term\u00e9szetes. Azonban itt az ideje besz\u00e9lni arr\u00f3l, hogy a koronav\u00edrus kapcs\u00e1n hozott int\u00e9zked\u00e9sek a magyar KKV szektor nagy r\u00e9sz\u00e9t \u00f3ri\u00e1si vesz\u00e9lybe sodort\u00e1k. Hogy mi\u00e9rt \u00f3ri\u00e1si probl\u00e9ma ez? Mert ebben a szektorban dolgozik a munkav\u00e1llal\u00f3k 74%-a. N\u00e9zz\u00fck, mi is kell ahhoz, hogy a lehet\u0151 legt\u00f6bb v\u00e1llalkoz\u00e1s t\u00fal\u00e9lje a kr\u00edzist.\" \/>\n<meta property=\"og:url\" content=\"https:\/\/bizalmikor.hu\/blog\/2020\/03\/27\/7-dolog-ami-segithet-hogy-a-vallalkozasod-tulelje-a-koronavirust\/\" \/>\n<meta property=\"og:site_name\" content=\"Bizalmi K\u00f6r blog\" \/>\n<meta property=\"article:publisher\" content=\"https:\/\/www.facebook.com\/bizalmikor\" \/>\n<meta property=\"article:published_time\" content=\"2020-03-27T11:31:58+00:00\" \/>\n<meta property=\"article:modified_time\" content=\"2020-03-27T11:31:59+00:00\" \/>\n<meta property=\"og:image\" content=\"https:\/\/bizalmikor.hu\/blog\/wp-content\/uploads\/2020\/03\/cliff-2699812_1920.jpg\" \/>\n\t<meta property=\"og:image:width\" content=\"1920\" \/>\n\t<meta property=\"og:image:height\" content=\"995\" \/>\n<meta name=\"twitter:card\" content=\"summary_large_image\" \/>\n<meta name=\"twitter:label1\" content=\"Szerz\u0151:\">\n\t<meta name=\"twitter:data1\" content=\"Gangel P\u00e9ter\">\n\t<meta name=\"twitter:label2\" content=\"Becs\u00fclt olvas\u00e1si id\u0151\">\n\t<meta name=\"twitter:data2\" content=\"3 perc\">\n<script type=\"application\/ld+json\" class=\"yoast-schema-graph\">{\"@context\":\"https:\/\/schema.org\",\"@graph\":[{\"@type\":\"Organization\",\"@id\":\"https:\/\/bizalmikor.hu\/blog\/#organization\",\"name\":\"Bizalmi K\\u00f6r Kft.\",\"url\":\"https:\/\/bizalmikor.hu\/blog\/\",\"sameAs\":[\"https:\/\/www.facebook.com\/bizalmikor\",\"https:\/\/www.instagram.com\/bizalmikor\/\",\"https:\/\/www.linkedin.com\/company\/19165894\",\"https:\/\/www.youtube.com\/channel\/UC7fAD3QCIWeSexU5t6F3YOw?view_as=subscriber\"],\"logo\":{\"@type\":\"ImageObject\",\"@id\":\"https:\/\/bizalmikor.hu\/blog\/#logo\",\"inLanguage\":\"hu\",\"url\":\"https:\/\/bizalmikor.hu\/blog\/wp-content\/uploads\/2019\/02\/Group-2.png\",\"width\":4033,\"height\":1192,\"caption\":\"Bizalmi K\\u00f6r Kft.\"},\"image\":{\"@id\":\"https:\/\/bizalmikor.hu\/blog\/#logo\"}},{\"@type\":\"WebSite\",\"@id\":\"https:\/\/bizalmikor.hu\/blog\/#website\",\"url\":\"https:\/\/bizalmikor.hu\/blog\/\",\"name\":\"Bizalmi K\\u00f6r blog\",\"description\":\"Egynek minden neh\\u00e9z, soknak semmi sem lehetetlen.\",\"publisher\":{\"@id\":\"https:\/\/bizalmikor.hu\/blog\/#organization\"},\"potentialAction\":[{\"@type\":\"SearchAction\",\"target\":\"https:\/\/bizalmikor.hu\/blog\/?s={search_term_string}\",\"query-input\":\"required name=search_term_string\"}],\"inLanguage\":\"hu\"},{\"@type\":\"ImageObject\",\"@id\":\"https:\/\/bizalmikor.hu\/blog\/2020\/03\/27\/7-dolog-ami-segithet-hogy-a-vallalkozasod-tulelje-a-koronavirust\/#primaryimage\",\"inLanguage\":\"hu\",\"url\":\"https:\/\/bizalmikor.hu\/blog\/wp-content\/uploads\/2020\/03\/cliff-2699812_1920.jpg\",\"width\":1920,\"height\":995},{\"@type\":\"WebPage\",\"@id\":\"https:\/\/bizalmikor.hu\/blog\/2020\/03\/27\/7-dolog-ami-segithet-hogy-a-vallalkozasod-tulelje-a-koronavirust\/#webpage\",\"url\":\"https:\/\/bizalmikor.hu\/blog\/2020\/03\/27\/7-dolog-ami-segithet-hogy-a-vallalkozasod-tulelje-a-koronavirust\/\",\"name\":\"7 dolog, ami seg\\u00edthet, hogy a v\\u00e1llalkoz\\u00e1sod t\\u00fal\\u00e9lje a koronav\\u00edrust\",\"isPartOf\":{\"@id\":\"https:\/\/bizalmikor.hu\/blog\/#website\"},\"primaryImageOfPage\":{\"@id\":\"https:\/\/bizalmikor.hu\/blog\/2020\/03\/27\/7-dolog-ami-segithet-hogy-a-vallalkozasod-tulelje-a-koronavirust\/#primaryimage\"},\"datePublished\":\"2020-03-27T11:31:58+00:00\",\"dateModified\":\"2020-03-27T11:31:59+00:00\",\"inLanguage\":\"hu\",\"potentialAction\":[{\"@type\":\"ReadAction\",\"target\":[\"https:\/\/bizalmikor.hu\/blog\/2020\/03\/27\/7-dolog-ami-segithet-hogy-a-vallalkozasod-tulelje-a-koronavirust\/\"]}]},{\"@type\":\"Article\",\"@id\":\"https:\/\/bizalmikor.hu\/blog\/2020\/03\/27\/7-dolog-ami-segithet-hogy-a-vallalkozasod-tulelje-a-koronavirust\/#article\",\"isPartOf\":{\"@id\":\"https:\/\/bizalmikor.hu\/blog\/2020\/03\/27\/7-dolog-ami-segithet-hogy-a-vallalkozasod-tulelje-a-koronavirust\/#webpage\"},\"author\":{\"@id\":\"https:\/\/bizalmikor.hu\/blog\/#\/schema\/person\/a89936ed381c3afa4cd7a27040dbfb07\"},\"headline\":\"7 dolog, ami seg\\u00edthet, hogy a v\\u00e1llalkoz\\u00e1sod t\\u00fal\\u00e9lje a koronav\\u00edrust\",\"datePublished\":\"2020-03-27T11:31:58+00:00\",\"dateModified\":\"2020-03-27T11:31:59+00:00\",\"mainEntityOfPage\":{\"@id\":\"https:\/\/bizalmikor.hu\/blog\/2020\/03\/27\/7-dolog-ami-segithet-hogy-a-vallalkozasod-tulelje-a-koronavirust\/#webpage\"},\"publisher\":{\"@id\":\"https:\/\/bizalmikor.hu\/blog\/#organization\"},\"image\":{\"@id\":\"https:\/\/bizalmikor.hu\/blog\/2020\/03\/27\/7-dolog-ami-segithet-hogy-a-vallalkozasod-tulelje-a-koronavirust\/#primaryimage\"},\"articleSection\":\"COVID-19 \\u00fczleti tapasztalatok,V\\u00e1llalkoz\\u00e1s\",\"inLanguage\":\"hu\"},{\"@type\":\"Person\",\"@id\":\"https:\/\/bizalmikor.hu\/blog\/#\/schema\/person\/a89936ed381c3afa4cd7a27040dbfb07\",\"name\":\"Gangel P\\u00e9ter\",\"image\":{\"@type\":\"ImageObject\",\"@id\":\"https:\/\/bizalmikor.hu\/blog\/#personlogo\",\"inLanguage\":\"hu\",\"url\":\"https:\/\/secure.gravatar.com\/avatar\/ee1c6e901d6b9c50c9a2204252c914b4?s=96&d=mm&r=g\",\"caption\":\"Gangel P\\u00e9ter\"}}]}<\/script>\n<!-- \/ Yoast SEO plugin. -->","_links":{"self":[{"href":"https:\/\/bizalmikor.hu\/blog\/wp-json\/wp\/v2\/posts\/1873"}],"collection":[{"href":"https:\/\/bizalmikor.hu\/blog\/wp-json\/wp\/v2\/posts"}],"about":[{"href":"https:\/\/bizalmikor.hu\/blog\/wp-json\/wp\/v2\/types\/post"}],"author":[{"embeddable":true,"href":"https:\/\/bizalmikor.hu\/blog\/wp-json\/wp\/v2\/users\/3"}],"replies":[{"embeddable":true,"href":"https:\/\/bizalmikor.hu\/blog\/wp-json\/wp\/v2\/comments?post=1873"}],"version-history":[{"count":5,"href":"https:\/\/bizalmikor.hu\/blog\/wp-json\/wp\/v2\/posts\/1873\/revisions"}],"predecessor-version":[{"id":1880,"href":"https:\/\/bizalmikor.hu\/blog\/wp-json\/wp\/v2\/posts\/1873\/revisions\/1880"}],"wp:featuredmedia":[{"embeddable":true,"href":"https:\/\/bizalmikor.hu\/blog\/wp-json\/wp\/v2\/media\/1878"}],"wp:attachment":[{"href":"https:\/\/bizalmikor.hu\/blog\/wp-json\/wp\/v2\/media?parent=1873"}],"wp:term":[{"taxonomy":"category","embeddable":true,"href":"https:\/\/bizalmikor.hu\/blog\/wp-json\/wp\/v2\/categories?post=1873"},{"taxonomy":"post_tag","embeddable":true,"href":"https:\/\/bizalmikor.hu\/blog\/wp-json\/wp\/v2\/tags?post=1873"}],"curies":[{"name":"wp","href":"https:\/\/api.w.org\/{rel}","templated":true}]}}