{"id":1881,"date":"2020-03-30T10:43:26","date_gmt":"2020-03-30T10:43:26","guid":{"rendered":"https:\/\/bizalmikor.hu\/blog\/?p=1881"},"modified":"2020-03-30T11:54:06","modified_gmt":"2020-03-30T11:54:06","slug":"most-gyorsan-kell-megfelelo-minosegu-es-volumenu-donteseket-hoznunk","status":"publish","type":"post","link":"https:\/\/bizalmikor.hu\/blog\/2020\/03\/30\/most-gyorsan-kell-megfelelo-minosegu-es-volumenu-donteseket-hoznunk\/","title":{"rendered":"Most gyorsan kell  megfelel\u0151 min\u0151s\u00e9g\u0171 \u00e9s volumen\u0171 d\u00f6nt\u00e9seket hoznunk"},"content":{"rendered":"\n<p><strong>C\u00e9gvezet\u0151k\u00e9nt gyorsan kell megfelel\u0151 min\u0151s\u00e9g\u0171 \u00e9s volumen\u0171 d\u00f6nt\u00e9seket hoznunk, mert a jelenlegi helyzetben is a v\u00e1ltoz\u00e1sra legink\u00e1bb fog\u00e9kony maradhat talpon. Kih\u00edv\u00e1sokkal teli j\u00f6v\u0151 v\u00e1r r\u00e1nk k\u00f6z\u00e9pt\u00e1von is, k\u00fcl\u00f6n\u00f6sen a vend\u00e9gl\u00e1t\u00e1sban. Kicsit most minden vezet\u0151nek a j\u00f6v\u0151be kell l\u00e1tni, \u00e9s meg kell tenn\u00fcnk azokat az int\u00e9zked\u00e9seket, amelyekkel megmenthetj\u00fck a c\u00e9get.<\/strong><\/p>\n\n\n\n<ul><li>Hogy hatott eddig a kialakult helyzet?<\/li><li>Mik voltak az els\u0151 int\u00e9zked\u00e9sek?<\/li><li>Milyen \u00faj lehet\u0151s\u00e9gek vannak?<\/li><li>Hogyan v\u00e1ltozott bel\u00fclr\u0151l a c\u00e9g?<\/li><\/ul>\n\n\n\n<p>Matusz Bal\u00e1zst, a <a href=\"https:\/\/vir.matusz-vad.hu\/webaruhaz\/hu\/\">Matusz Vad Zrt.<\/a> tulajdonos\u00e1t k\u00e9rdezte Gangel P\u00e9ter a koronav\u00edrus v\u00e1ls\u00e1g n\u00e1luk jelentkez\u0151 hat\u00e1sair\u00f3l, illetve az \u00e1ltaluk eszk\u00f6z\u00f6lt int\u00e9zked\u00e9sekr\u0151l.<\/p>\n\n\n\n<p><strong>Mi\na helyzet n\u00e1latok, mennyire \u00e9rintett \u00e9rz\u00e9kenyen benneteket a kialakult helyzet?<\/strong><\/p>\n\n\n\n<p>Neh\u00e9z szitu\u00e1ci\u00f3ban vagyunk, minket k\u00fcl\u00f6n\u00f6sk\u00e9ppen \u00e9rintett ez a v\u00e1ls\u00e1g. A vend\u00e9gl\u00e1t\u00e1s ell\u00e1t\u00e1s\u00e1ra szakosodott v\u00e1llalkoz\u00e1s vagyunk, hatezern\u00e9l is \u00e9ttermet l\u00e1tunk el Magyarorsz\u00e1gon, tov\u00e1bbi k\u00e9tezret pedig Szlov\u00e1ki\u00e1ban \u00e9s Ausztri\u00e1ban.<\/p>\n\n\n\n<p>Kifejezetten a TOP\ngasztron\u00f3mi\u00e1ra specializ\u00e1l\u00f3dtunk, teh\u00e1t a mi piacunk egy pillanat alatt\nelolvadt a 15 \u00f3ra ut\u00e1ni nyitva tart\u00e1s tilt\u00e1s\u00e1val. B\u00edztunk benne, hogy a\npartnerek gyorsan \u00e1tnyergelnek a kisz\u00e1ll\u00edt\u00e1sra. Ezt nagyr\u00e9szt meg is tett\u00e9k, de\na fogyaszt\u00f3k \u00e9rdekl\u0151d\u00e9se nem n\u0151tt a v\u00e1rt m\u00e9rt\u00e9kben a szolg\u00e1ltat\u00e1s ir\u00e1nt.<\/p>\n\n\n\n<p>Most ott tartunk, hogy 20 milli\u00e1rdos stabil c\u00e9gb\u0151l 6 milli\u00e1rdos c\u00e9gg\u00e9 zsugorodtunk nem eg\u00e9szen m\u00e1sf\u00e9l h\u00e9t alatt. Arra akarom mindenkinek a figyelm\u00e9t felh\u00edvni, hogy c\u00e9gvezet\u0151k\u00e9nt nagyon \u00e9szn\u00e9l kell lenni.<\/p>\n\n\n\n<p>Az el\u0151z\u0151 v\u00e1ls\u00e1g is megtan\u00edtott minket arra, hogy oda kell figyeln\u00fcnk a k\u00f6r\u00fcl\u00f6tt\u00fcnk l\u00e9v\u0151 t\u00f6rt\u00e9n\u00e9sekre. Hamar kell megfelel\u0151 min\u0151s\u00e9g\u0171 \u00e9s volumen\u0171 d\u00f6nt\u00e9seket hozni annak \u00e9rdek\u00e9ben, hogy a saj\u00e1t vagyonunkat, illetve a c\u00e9g\u00fcnk vagyon\u00e1t ne vesz\u00e9lyeztess\u00fck. A mi eset\u00fcnkben is abszol\u00fat meg\u00e1llja a hely\u00e9t a Darwini-elm\u00e9let, miszerint a v\u00e1ltoz\u00e1sra legink\u00e1bb fog\u00e9kony maradhat talpon.<\/p>\n\n\n\n<p><strong>Mik\nvoltak az els\u0151 int\u00e9zked\u00e9sek, amelyeket most bevezett\u00e9l?<\/strong><\/p>\n\n\n\n<p>Els\u0151k\u00e9nt a k\u00e1rok enyh\u00edt\u00e9s\u00e9re f\u00f3kusz\u00e1ltunk. Az \u00f6sszk\u00f6lts\u00e9g\u00fcnk 53%-a b\u00e9rk\u00f6lts\u00e9g. 270 alkalmazottunk volt, ez 1.5 milli\u00e1rd forintn\u00e1l t\u00f6bb b\u00e9rk\u00f6lts\u00e9get gener\u00e1lt nek\u00fcnk \u00e9ves szinten. H\u00e1rom t\u00edpusba soroltuk a munkav\u00e1llal\u00f3kat, \u00e9s az egyik csoportt\u00f3l azonnal meg kellett v\u00e1lnunk. <\/p>\n\n\n\n<p>Nagyon lass\u00fa folyamat lesz \u00fajra fel\u00e9p\u00edteni a volumeneket \u00e9s a c\u00e9g r\u00e9gi f\u00e9ny\u00e9t, ez\u00e9rt egyszer\u0171en nem tudtunk mindenkit megtartani. Teh\u00e1t a c\u00e9g 15%-\u00e1t az els\u0151 pillanatban le kellett \u00e9p\u00edtenem. Az \u00fagymond \u201enem l\u00e9tfontoss\u00e1g\u00fa\u201d, nem legr\u00e9gebbi, nem legtapasztaltabb munkat\u00e1rsaknak kital\u00e1ltunk egy n\u00e9gy \u00f3r\u00e1s munkaszerz\u0151d\u00e9st, amelybe 120 ezer forintos brutt\u00f3 b\u00e9rt kapnak, \u00e9s nem kell dolgozniuk.<\/p>\n\n\n\n<p>Ezzel a k\u00e9t l\u00e9p\u00e9ssel siker\u00fclt olyan szintre hozni a m\u0171k\u00f6d\u00e9st, amivel a k\u00f6lts\u00e9gek \u00e9s a bev\u00e9telek egyens\u00falyba ker\u00fcltek. A k\u00f6vetkez\u0151 l\u00e9p\u00e9s az \u00e9p\u00edtkez\u00e9s. A mai nappal megnyitottuk a lakoss\u00e1gi web\u00e1ruh\u00e1zunkat, amihez sz\u00fcks\u00e9g volt egy h\u00e9t felk\u00e9sz\u00fcl\u00e9sre. Emellett \u00fajabb \u00e9rt\u00e9kes\u00edt\u00e9si csatorn\u00e1kat pr\u00f3b\u00e1lunk nyitni, hogy a t\u00f6bb mint 2 milli\u00e1rd forintos \u00e1ruk\u00e9szlet\u00fcnk se nyomjon minket.<\/p>\n\n\n\n<p><strong>Sz\u00e1moltok-e\nv\u00e1ls\u00e1g ut\u00e1n hirtelen megjelen\u0151 keresletre az \u00e9ttermekn\u00e9l?<\/strong><\/p>\n\n\n\n<p>\u00dagy gondolom, hogy ennek\nt\u00f6bb akad\u00e1lya is van. Egyr\u00e9szt nem ismerj\u00fck a v\u00e1ls\u00e1g hossz\u00e1t, egyes becsl\u00e9sek\nszerint pedig mind\u00f6ssze a vend\u00e9gl\u0151k 30%-a tud talpon maradni. V\u00e9lem\u00e9nyem\nszerint sokan gazdas\u00e1gilag nem fogj\u00e1k t\u00fal\u00e9lni ezt a szitu\u00e1ci\u00f3t.<\/p>\n\n\n\n<p>K\u00edn\u00e1ban jelenleg csak a termel\u00e9s indult \u00fajra, ett\u0151l f\u00fcggetlen\u00fcl a mozik, \u00e9ttermek \u00e9s vend\u00e9gl\u00e1t\u00f3helyek z\u00e1rva tartanak. Egy\u00fattal hallani az \u00fajb\u00f3li megbeteged\u00e9sekr\u0151l is Sanghaj k\u00f6zel\u00e9ben. Nem tudhatjuk, meddig fog tartani a jelenlegi \u00e1llapot.<\/p>\n\n\n\n<p>Az eddigi tapasztalatok alapj\u00e1n biztos vagyok benne, hogy a vend\u00e9gl\u00e1t\u00e1s lesz az utols\u00f3 szektor, amit a laz\u00edt\u00e1sokn\u00e1l engedni fognak. Teh\u00e1t a szigor\u00edt\u00e1sokb\u00f3l ki kell jutnunk majd a laz\u00edt\u00e1sokig, majd pedig addig is el kell \u00e9rn\u00fcnk, am\u00edg a laz\u00edt\u00e1sok a vend\u00e9gl\u00e1t\u00e1sban is megjelennek.<\/p>\n\n\n\n<p>Ut\u00e1na megn\u00e9zhetj\u00fck majd, hogy a vend\u00e9gl\u00e1t\u00f3sok k\u00f6z\u00fcl h\u00e1nyan \u00e9lt\u00e9k t\u00fal a v\u00e1ls\u00e1got. Azt\u00e1n k\u00e9rd\u00e9s lesz m\u00e9g, hogy a fogyaszt\u00f3i bizalom mikor \u00e1ll helyre. V\u00e9g\u00fcl az lesz m\u00e9g k\u00e9rd\u00e9ses, hogy az idegenforgalom mikor tud elindulni. Azt gondolom, hogy kih\u00edv\u00e1sokkal teli j\u00f6v\u0151 v\u00e1r r\u00e1nk k\u00f6z\u00e9pt\u00e1von is. Komolyan fel kell k\u00f6tni a nadr\u00e1got.<\/p>\n\n\n\n<p><strong>A\nh\u00e1zhozsz\u00e1ll\u00edt\u00e1son k\u00edv\u00fcl vannak-e az eredm\u00e9nyesebb m\u0171k\u00f6d\u00e9st t\u00e1mogat\u00f3 egy\u00e9b\nint\u00e9zked\u00e9sek n\u00e1latok?<\/strong><\/p>\n\n\n\n<p>A TOP gasztron\u00f3mia \u00e9s a\nnorm\u00e1l \u00e9ttermek mellett megkerest\u00fck a h\u00fasboltokat, valamint a f\u00fcggetlen retail\nboltokat. Vel\u00fck kezdt\u00fcnk el dolgozni, az egy\u00fcttm\u0171k\u00f6d\u00e9s pedig sikeresnek\nbizonyul. Szeretn\u00e9nk a nagyobb retail ter\u00fcleteken is helyet szor\u00edtani\nmagunknak.<\/p>\n\n\n\n<p>A koronav\u00edrus megjelen\u00e9sekor\ntapasztalt nagy v\u00e1s\u00e1rl\u00e1si l\u00e1z lecsengett, ugyanakkor az \u00e9lelmiszer \u00e1ruh\u00e1zak\nkisz\u00e1ll\u00edt\u00e1ssal kapcsolatos szolg\u00e1ltat\u00e1s\u00e1ra folyamatos kereslet mutatkozik. Arra\nsz\u00e1m\u00edtok, hogy ez a tendencia a v\u00e1ls\u00e1got k\u00f6vet\u0151en is fennmaradhat.<\/p>\n\n\n\n<figure class=\"wp-block-image size-large\"><img loading=\"lazy\" decoding=\"async\" width=\"1024\" height=\"417\" src=\"https:\/\/bizalmikor.hu\/blog\/wp-content\/uploads\/2020\/03\/DSC_0516-e1476907642286-1024x417.jpg\" alt=\"\" class=\"wp-image-1884\" srcset=\"https:\/\/bizalmikor.hu\/blog\/wp-content\/uploads\/2020\/03\/DSC_0516-e1476907642286-1024x417.jpg 1024w, https:\/\/bizalmikor.hu\/blog\/wp-content\/uploads\/2020\/03\/DSC_0516-e1476907642286-300x122.jpg 300w, https:\/\/bizalmikor.hu\/blog\/wp-content\/uploads\/2020\/03\/DSC_0516-e1476907642286-768x313.jpg 768w, https:\/\/bizalmikor.hu\/blog\/wp-content\/uploads\/2020\/03\/DSC_0516-e1476907642286-1536x626.jpg 1536w, https:\/\/bizalmikor.hu\/blog\/wp-content\/uploads\/2020\/03\/DSC_0516-e1476907642286-2048x834.jpg 2048w\" sizes=\"(max-width: 1024px) 100vw, 1024px\" \/><figcaption><strong> &#8220;Hamar kell megfelel\u0151 min\u0151s\u00e9g\u0171 \u00e9s volumen\u0171 d\u00f6nt\u00e9seket hozni annak \u00e9rdek\u00e9ben, hogy a saj\u00e1t vagyonunkat, illetve a c\u00e9g\u00fcnk vagyon\u00e1t ne vesz\u00e9lyeztess\u00fck.&#8221;<\/strong><\/figcaption><\/figure>\n\n\n\n<p><strong>T\u00f6rt\u00e9ntek-e\nn\u00e1latok olyan v\u00e1ltoz\u00e1sok, amelyek a c\u00e9g bels\u0151 hat\u00e9konys\u00e1g\u00e1t hivatottak\nt\u00e1mogatni?<\/strong><\/p>\n\n\n\n<p>\u00c9vek \u00f3ta dolgozunk a hat\u00e9konys\u00e1g n\u00f6vel\u00e9s\u00e9n. Kor\u00e1bban meghat\u00e1roztuk azokat a ter\u00fcleteket, ahol lean elemz\u00e9sekkel t\u00f6reksz\u00fcnk a hat\u00e9konys\u00e1g tov\u00e1bbi jav\u00edt\u00e1s\u00e1ra. Ezek a folyamatok term\u00e9szetesen folytat\u00f3dnak n\u00e1lunk, ha nagyobb f\u00f3kusz a k\u00f6r\u00fclm\u00e9nyek miatt most nem is jut ezekre a teend\u0151kre.<\/p>\n\n\n\n<p>Azt l\u00e1tom egy\u00e9bk\u00e9nt, hogy a rendszerfejleszt\u00e9s kulcsfontoss\u00e1g\u00fa ebben a k\u00e9rd\u00e9sben. Bevezett\u00fcnk p\u00e9ld\u00e1ul egy szoftvert a kamionok koordin\u00e1l\u00e1s\u00e1ra, \u00e9s \u00f3ri\u00e1si el\u0151rel\u00e9p\u00e9snek bizonyult. De ide sorolhatjuk a web\u00e1ruh\u00e1z fejleszt\u00e9s\u00e9t is, aminek k\u00f6sz\u00f6nhet\u0151en sokkal hat\u00e9konyabban tudunk megrendel\u00e9s \u00e1llom\u00e1nyt szervezni.<\/p>\n\n\n\n<p><strong>Szem\u00e9ly\nszerint Te mit alkalmazol a jelenleg r\u00e1d nehezed\u0151 nyom\u00e1s kezel\u00e9s\u00e9re?<\/strong><\/p>\n\n\n\n<p>K\u00e9t f\u0151 szakaszra tudn\u00e1m felosztani az elm\u00falt m\u00e1sf\u00e9l hetet. Az els\u0151 peri\u00f3dus az eszement t\u0171zolt\u00e1sr\u00f3l sz\u00f3lt, folyamatos fels\u0151vezet\u0151i megbesz\u00e9l\u00e9sekkel, strat\u00e9giai d\u00f6nt\u00e9sekkel. Mostanra mindenki megnyugodott, megny\u00edltak az utak, l\u00e1tjuk merre kell menn\u00fcnk.<\/p>\n\n\n\n<p>L\u00e1tjuk, hogy j\u00f3 \u00faton j\u00e1runk \u00e9s vil\u00e1gosak azok a feladatok, amelyekkel meg tudjuk menteni a c\u00e9get. Mostanra nekem is lett napi n\u00e9h\u00e1ny \u00f3r\u00e1m, amikor el tudok szakadni a sz\u00e1m\u00edt\u00f3g\u00e9p el\u0151l. Roppant m\u00f3d szeretek f\u0151zni, emellett pedig egy nagyobb kutyas\u00e9t\u00e1ltat\u00e1st szoktam beiktatni. <\/p>\n\n\n\n<p>Szerencs\u00e9re a kuty\u00e1mmal\nolyan s\u00e9t\u00e1t tudunk tenni itt Gy\u0151r sz\u00e9l\u00e9n, hogy t\u00f6bb kilom\u00e9teren kereszt\u00fcl\nsenkivel nem tal\u00e1lkozunk. Sz\u00f3val a f\u0151z\u00e9s mellett egy kis fizikai aktivit\u00e1s,\nezen k\u00edv\u00fcl a h\u00edrek nyomon k\u00f6vet\u00e9s\u00e9re jut m\u00e9g id\u0151m.<\/p>\n\n\n\n<p><strong>Ha\nm\u00e1r a h\u00edrekr\u0151l besz\u00e9l\u00fcnk, mire f\u00f3kusz\u00e1lsz legink\u00e1bb a h\u00edrekkel kapcsolatban?<\/strong><\/p>\n\n\n\n<p>Azt m\u00e1r l\u00e1tjuk, hogy melyik h\u00edrcsatorna milyen sz\u00ednvonalon kommunik\u00e1l, eszerint fogyasztom \u00e9n is a h\u00edreket. Kicsit minden vezet\u0151nek a j\u00f6v\u0151be kell l\u00e1tni, \u00e9s meg kell fejten\u00fcnk, hogy mire sz\u00e1m\u00edtsunk.<\/p>\n\n\n\n<p>Egy\u00e9bk\u00e9nt el\u00e9gedett\nvagyok azzal, ahogy a korm\u00e1nyunk vezeti ezt a szitu\u00e1ci\u00f3t, j\u00f3l egyens\u00falyozva a\ngazdas\u00e1g \u00e9letben tart\u00e1sa, illetve a megbeteged\u00e9sek minimaliz\u00e1l\u00e1sa k\u00f6z\u00f6tt. Pr\u00f3b\u00e1lom\nteh\u00e1t figyelni az esem\u00e9nyeket \u00e9s mindent elolvasok a hazai \u00e9s a nemzetk\u00f6zi\nsajt\u00f3ban is.<\/p>\n\n\n\n<p><strong>A\nlecseng\u00e9s kapcs\u00e1n mit l\u00e1tsz, hogy fogunk \u00fajra oda\u00e1llni a startvonalra?<\/strong><\/p>\n\n\n\n<p>\u00dagy gondolom, hogy a helyzet eszkal\u00e1l\u00f3d\u00e1s\u00e1val elker\u00fclhetetlen lesz majd a kij\u00e1r\u00e1si tilalom bevezet\u00e9se. Szerintem a korm\u00e1nynak maximum k\u00e9t h\u00f3napos mozg\u00e1stere van a gazdas\u00e1g le\u00e1ll\u00edt\u00e1s\u00e1ra. B\u00edzom benne, hogy enn\u00e9l tov\u00e1bb nem fog tov\u00e1bb majd tartani ez a rendk\u00edv\u00fcli \u00e1llapot. Abban is b\u00edzom, hogy a szabad mozg\u00e1s \u00fajb\u00f3li megnyit\u00e1s\u00e1t k\u00f6vet\u0151en a v\u00edrus nem fog visszat\u00e9rni. Rem\u00e9lem, hogy a komolyabb szakasz ut\u00e1n csakis felfel\u00e9 visz majd az \u00fatunk.<\/p>\n\n\n\n<hr class=\"wp-block-separator\"\/>\n\n\n\n<h1 class=\"has-text-align-center wp-block-heading\">Szeretn\u00e9l megismerkedni klubtagjainkkal? K\u00e9rj egy megh\u00edv\u00f3t!<\/h1>\n\n\n\n<div class=\"wp-block-button aligncenter\"><a class=\"wp-block-button__link has-background\" href=\"https:\/\/bizalmikor.hu\/kapcsolat\/\" style=\"background-color:#14496b\" target=\"_blank\" rel=\"noreferrer noopener\"><strong>\u00c9rdekel a Bizalmi K\u00f6r klubtags\u00e1g<\/strong><\/a><\/div>\n\n\n\n<hr class=\"wp-block-separator\"\/>\n","protected":false},"excerpt":{"rendered":"<p>C\u00e9gvezet\u0151k\u00e9nt gyorsan kell megfelel\u0151 min\u0151s\u00e9g\u0171 \u00e9s volumen\u0171 d\u00f6nt\u00e9seket hoznunk, mert a jelenlegi helyzetben is a v\u00e1ltoz\u00e1sra legink\u00e1bb fog\u00e9kony maradhat talpon. Kih\u00edv\u00e1sokkal teli j\u00f6v\u0151 v\u00e1r r\u00e1nk k\u00f6z\u00e9pt\u00e1von is, k\u00fcl\u00f6n\u00f6sen a vend\u00e9gl\u00e1t\u00e1sban. Kicsit most minden vezet\u0151nek a j\u00f6v\u0151be kell l\u00e1tni, \u00e9s meg kell tenn\u00fcnk azokat az int\u00e9zked\u00e9seket, amelyekkel megmenthetj\u00fck a c\u00e9get.<\/p>\n","protected":false},"author":3,"featured_media":1891,"comment_status":"closed","ping_status":"open","sticky":false,"template":"","format":"standard","meta":{"footnotes":""},"categories":[25,16],"tags":[],"yoast_head":"<!-- This site is optimized with the Yoast SEO plugin v15.4 - https:\/\/yoast.com\/wordpress\/plugins\/seo\/ -->\n<title>Most gyorsan kell megfelel\u0151 min\u0151s\u00e9g\u0171 \u00e9s volumen\u0171 d\u00f6nt\u00e9seket hoznunk<\/title>\n<meta name=\"robots\" content=\"index, follow, max-snippet:-1, max-image-preview:large, max-video-preview:-1\" \/>\n<link rel=\"canonical\" href=\"https:\/\/bizalmikor.hu\/blog\/2020\/03\/30\/most-gyorsan-kell-megfelelo-minosegu-es-volumenu-donteseket-hoznunk\/\" \/>\n<meta property=\"og:locale\" content=\"hu_HU\" \/>\n<meta property=\"og:type\" content=\"article\" \/>\n<meta property=\"og:title\" content=\"Most gyorsan kell megfelel\u0151 min\u0151s\u00e9g\u0171 \u00e9s volumen\u0171 d\u00f6nt\u00e9seket hoznunk\" \/>\n<meta property=\"og:description\" content=\"C\u00e9gvezet\u0151k\u00e9nt gyorsan kell megfelel\u0151 min\u0151s\u00e9g\u0171 \u00e9s volumen\u0171 d\u00f6nt\u00e9seket hoznunk, mert a jelenlegi helyzetben is a v\u00e1ltoz\u00e1sra legink\u00e1bb fog\u00e9kony maradhat talpon. Kih\u00edv\u00e1sokkal teli j\u00f6v\u0151 v\u00e1r r\u00e1nk k\u00f6z\u00e9pt\u00e1von is, k\u00fcl\u00f6n\u00f6sen a vend\u00e9gl\u00e1t\u00e1sban. Kicsit most minden vezet\u0151nek a j\u00f6v\u0151be kell l\u00e1tni, \u00e9s meg kell tenn\u00fcnk azokat az int\u00e9zked\u00e9seket, amelyekkel megmenthetj\u00fck a c\u00e9get.\" \/>\n<meta property=\"og:url\" content=\"https:\/\/bizalmikor.hu\/blog\/2020\/03\/30\/most-gyorsan-kell-megfelelo-minosegu-es-volumenu-donteseket-hoznunk\/\" \/>\n<meta property=\"og:site_name\" content=\"Bizalmi K\u00f6r blog\" \/>\n<meta property=\"article:publisher\" content=\"https:\/\/www.facebook.com\/bizalmikor\" \/>\n<meta property=\"article:published_time\" content=\"2020-03-30T10:43:26+00:00\" \/>\n<meta property=\"article:modified_time\" content=\"2020-03-30T11:54:06+00:00\" \/>\n<meta property=\"og:image\" content=\"https:\/\/bizalmikor.hu\/blog\/wp-content\/uploads\/2020\/03\/kitchen-515388_1920.jpg\" \/>\n\t<meta property=\"og:image:width\" content=\"1920\" \/>\n\t<meta property=\"og:image:height\" content=\"1279\" \/>\n<meta name=\"twitter:card\" content=\"summary_large_image\" \/>\n<meta name=\"twitter:label1\" content=\"Szerz\u0151:\">\n\t<meta name=\"twitter:data1\" content=\"Gangel P\u00e9ter\">\n\t<meta name=\"twitter:label2\" content=\"Becs\u00fclt olvas\u00e1si id\u0151\">\n\t<meta name=\"twitter:data2\" content=\"6 perc\">\n<script type=\"application\/ld+json\" class=\"yoast-schema-graph\">{\"@context\":\"https:\/\/schema.org\",\"@graph\":[{\"@type\":\"Organization\",\"@id\":\"https:\/\/bizalmikor.hu\/blog\/#organization\",\"name\":\"Bizalmi K\\u00f6r Kft.\",\"url\":\"https:\/\/bizalmikor.hu\/blog\/\",\"sameAs\":[\"https:\/\/www.facebook.com\/bizalmikor\",\"https:\/\/www.instagram.com\/bizalmikor\/\",\"https:\/\/www.linkedin.com\/company\/19165894\",\"https:\/\/www.youtube.com\/channel\/UC7fAD3QCIWeSexU5t6F3YOw?view_as=subscriber\"],\"logo\":{\"@type\":\"ImageObject\",\"@id\":\"https:\/\/bizalmikor.hu\/blog\/#logo\",\"inLanguage\":\"hu\",\"url\":\"https:\/\/bizalmikor.hu\/blog\/wp-content\/uploads\/2019\/02\/Group-2.png\",\"width\":4033,\"height\":1192,\"caption\":\"Bizalmi K\\u00f6r Kft.\"},\"image\":{\"@id\":\"https:\/\/bizalmikor.hu\/blog\/#logo\"}},{\"@type\":\"WebSite\",\"@id\":\"https:\/\/bizalmikor.hu\/blog\/#website\",\"url\":\"https:\/\/bizalmikor.hu\/blog\/\",\"name\":\"Bizalmi K\\u00f6r blog\",\"description\":\"Egynek minden neh\\u00e9z, soknak semmi sem lehetetlen.\",\"publisher\":{\"@id\":\"https:\/\/bizalmikor.hu\/blog\/#organization\"},\"potentialAction\":[{\"@type\":\"SearchAction\",\"target\":\"https:\/\/bizalmikor.hu\/blog\/?s={search_term_string}\",\"query-input\":\"required name=search_term_string\"}],\"inLanguage\":\"hu\"},{\"@type\":\"ImageObject\",\"@id\":\"https:\/\/bizalmikor.hu\/blog\/2020\/03\/30\/most-gyorsan-kell-megfelelo-minosegu-es-volumenu-donteseket-hoznunk\/#primaryimage\",\"inLanguage\":\"hu\",\"url\":\"https:\/\/bizalmikor.hu\/blog\/wp-content\/uploads\/2020\/03\/kitchen-515388_1920.jpg\",\"width\":1920,\"height\":1279},{\"@type\":\"WebPage\",\"@id\":\"https:\/\/bizalmikor.hu\/blog\/2020\/03\/30\/most-gyorsan-kell-megfelelo-minosegu-es-volumenu-donteseket-hoznunk\/#webpage\",\"url\":\"https:\/\/bizalmikor.hu\/blog\/2020\/03\/30\/most-gyorsan-kell-megfelelo-minosegu-es-volumenu-donteseket-hoznunk\/\",\"name\":\"Most gyorsan kell megfelel\\u0151 min\\u0151s\\u00e9g\\u0171 \\u00e9s volumen\\u0171 d\\u00f6nt\\u00e9seket hoznunk\",\"isPartOf\":{\"@id\":\"https:\/\/bizalmikor.hu\/blog\/#website\"},\"primaryImageOfPage\":{\"@id\":\"https:\/\/bizalmikor.hu\/blog\/2020\/03\/30\/most-gyorsan-kell-megfelelo-minosegu-es-volumenu-donteseket-hoznunk\/#primaryimage\"},\"datePublished\":\"2020-03-30T10:43:26+00:00\",\"dateModified\":\"2020-03-30T11:54:06+00:00\",\"inLanguage\":\"hu\",\"potentialAction\":[{\"@type\":\"ReadAction\",\"target\":[\"https:\/\/bizalmikor.hu\/blog\/2020\/03\/30\/most-gyorsan-kell-megfelelo-minosegu-es-volumenu-donteseket-hoznunk\/\"]}]},{\"@type\":\"Article\",\"@id\":\"https:\/\/bizalmikor.hu\/blog\/2020\/03\/30\/most-gyorsan-kell-megfelelo-minosegu-es-volumenu-donteseket-hoznunk\/#article\",\"isPartOf\":{\"@id\":\"https:\/\/bizalmikor.hu\/blog\/2020\/03\/30\/most-gyorsan-kell-megfelelo-minosegu-es-volumenu-donteseket-hoznunk\/#webpage\"},\"author\":{\"@id\":\"https:\/\/bizalmikor.hu\/blog\/#\/schema\/person\/a89936ed381c3afa4cd7a27040dbfb07\"},\"headline\":\"Most gyorsan kell megfelel\\u0151 min\\u0151s\\u00e9g\\u0171 \\u00e9s volumen\\u0171 d\\u00f6nt\\u00e9seket hoznunk\",\"datePublished\":\"2020-03-30T10:43:26+00:00\",\"dateModified\":\"2020-03-30T11:54:06+00:00\",\"mainEntityOfPage\":{\"@id\":\"https:\/\/bizalmikor.hu\/blog\/2020\/03\/30\/most-gyorsan-kell-megfelelo-minosegu-es-volumenu-donteseket-hoznunk\/#webpage\"},\"publisher\":{\"@id\":\"https:\/\/bizalmikor.hu\/blog\/#organization\"},\"image\":{\"@id\":\"https:\/\/bizalmikor.hu\/blog\/2020\/03\/30\/most-gyorsan-kell-megfelelo-minosegu-es-volumenu-donteseket-hoznunk\/#primaryimage\"},\"articleSection\":\"COVID-19 \\u00fczleti tapasztalatok,V\\u00e1llalkoz\\u00e1s\",\"inLanguage\":\"hu\"},{\"@type\":\"Person\",\"@id\":\"https:\/\/bizalmikor.hu\/blog\/#\/schema\/person\/a89936ed381c3afa4cd7a27040dbfb07\",\"name\":\"Gangel P\\u00e9ter\",\"image\":{\"@type\":\"ImageObject\",\"@id\":\"https:\/\/bizalmikor.hu\/blog\/#personlogo\",\"inLanguage\":\"hu\",\"url\":\"https:\/\/secure.gravatar.com\/avatar\/ee1c6e901d6b9c50c9a2204252c914b4?s=96&d=mm&r=g\",\"caption\":\"Gangel P\\u00e9ter\"}}]}<\/script>\n<!-- \/ Yoast SEO plugin. -->","_links":{"self":[{"href":"https:\/\/bizalmikor.hu\/blog\/wp-json\/wp\/v2\/posts\/1881"}],"collection":[{"href":"https:\/\/bizalmikor.hu\/blog\/wp-json\/wp\/v2\/posts"}],"about":[{"href":"https:\/\/bizalmikor.hu\/blog\/wp-json\/wp\/v2\/types\/post"}],"author":[{"embeddable":true,"href":"https:\/\/bizalmikor.hu\/blog\/wp-json\/wp\/v2\/users\/3"}],"replies":[{"embeddable":true,"href":"https:\/\/bizalmikor.hu\/blog\/wp-json\/wp\/v2\/comments?post=1881"}],"version-history":[{"count":8,"href":"https:\/\/bizalmikor.hu\/blog\/wp-json\/wp\/v2\/posts\/1881\/revisions"}],"predecessor-version":[{"id":1892,"href":"https:\/\/bizalmikor.hu\/blog\/wp-json\/wp\/v2\/posts\/1881\/revisions\/1892"}],"wp:featuredmedia":[{"embeddable":true,"href":"https:\/\/bizalmikor.hu\/blog\/wp-json\/wp\/v2\/media\/1891"}],"wp:attachment":[{"href":"https:\/\/bizalmikor.hu\/blog\/wp-json\/wp\/v2\/media?parent=1881"}],"wp:term":[{"taxonomy":"category","embeddable":true,"href":"https:\/\/bizalmikor.hu\/blog\/wp-json\/wp\/v2\/categories?post=1881"},{"taxonomy":"post_tag","embeddable":true,"href":"https:\/\/bizalmikor.hu\/blog\/wp-json\/wp\/v2\/tags?post=1881"}],"curies":[{"name":"wp","href":"https:\/\/api.w.org\/{rel}","templated":true}]}}