{"id":1917,"date":"2020-03-31T09:58:24","date_gmt":"2020-03-31T09:58:24","guid":{"rendered":"https:\/\/bizalmikor.hu\/blog\/?p=1917"},"modified":"2020-04-01T08:41:55","modified_gmt":"2020-04-01T08:41:55","slug":"az-uj-helyzethez-uj-megoldasokra-van-szukseg","status":"publish","type":"post","link":"https:\/\/bizalmikor.hu\/blog\/2020\/03\/31\/az-uj-helyzethez-uj-megoldasokra-van-szukseg\/","title":{"rendered":"Az \u00faj helyzetben, \u00faj megold\u00e1sokra van sz\u00fcks\u00e9g"},"content":{"rendered":"\n<p><strong>Az elm\u00falt hetekben sok c\u00e9gnek jelentett \u00faj kih\u00edv\u00e1st a home office bevezet\u00e9se. Nagy v\u00e1ltoz\u00e1sokat hoz egy ilyen \u00e1talakul\u00e1s, ugyanakkor sok lehet\u0151s\u00e9get is rejt, melyek seg\u00edtenek meger\u0151s\u00f6dni m\u00e9g az ilyen kr\u00edzishelyzetekben is. Ilyen lehet\u0151s\u00e9get jelentenek az olyan szoftveres megold\u00e1sok is, melyek seg\u00edtik \u00e9s hat\u00e9konyabb\u00e1 teszik a csapatok mindennapi munk\u00e1j\u00e1t. Kafka Gy\u00f6rggyel a <a href=\"https:\/\/trans-europe.hu\/\">Trans Europe Zrt.<\/a> tulajdonos\u00e1val besz\u00e9lgetett Gangel P\u00e9ter:<\/strong><\/p>\n\n\n\n<p><strong>Hogy n\u00e9znek ki n\u00e1latok a mindennapok?&nbsp;<\/strong><\/p>\n\n\n\n<p>Ez a koronav\u00edrussal kapcsolatos helyzet meghozta azt, hogy most j\u00f3val t\u00f6bbet lehet dolgozni mint eddig, kinek otthonr\u00f3l, kinek meg bent az irod\u00e1ban. Izgalmas \u00e9s kih\u00edv\u00e1sokkal teli. Mi tizen\u00f6ten dolgozunk egy\u00fctt h\u00e1rom-n\u00e9gy k\u00fcls\u0151 munkat\u00e1rssal, \u00edgy egy viszonylag kicsi \u00e9s rugalmas c\u00e9g vagyunk. A t\u00f6bbs\u00e9g otthonr\u00f3l dolgozik \u00e9s csak p\u00e1ran tartj\u00e1k a frontot az irod\u00e1ban. Az idei tervezett bev\u00e9tel\u00fcnk k\u00e9t \u00e9s f\u00e9l milli\u00e1rd Forint. Egyel\u0151re \u00fagy n\u00e9z ki nem esik vissza a t\u00f6rt\u00e9ntek ellen\u00e9re sem. Most azt l\u00e1tjuk, hogy az elm\u00falt hetekben a szoftverek ir\u00e1nt n\u0151 az ig\u00e9ny \u00e9sv\u00edgy mi is t\u00f6bbet tudunk \u00e9rt\u00e9kes\u00edteni, aminek \u00f6r\u00fcl\u00fcnk.<br><\/p>\n\n\n\n<p><strong>Ti milyen int\u00e9zked\u00e9seket hoztatok?<\/strong><br><\/p>\n\n\n\n<p>Ugye mi szoftver nagykeresked\u0151 c\u00e9gk\u00e9nt, k\u00f6nnyen \u00e9s gyorsan \u00e1t tudtunk \u00e1llni, a nagyr\u00e9szt home office munk\u00e1ra. T\u00e9nyleg csak az dolgozik bent a c\u00e9gben akinek sz\u00fcks\u00e9ges. Flottul \u00e1t\u00e1lltunk. Azt kell mondjam, m\u00e9g f\u00f3kusz\u00e1ltabb, m\u00e9g koncentr\u00e1ltabb a munkav\u00e9gz\u00e9s, mint itt bent az irod\u00e1ban volt.<br><\/p>\n\n\n\n<p><strong>T\u00e9rj\u00fcnk is r\u00e1 a konkr\u00e9t t\u00e9m\u00e1ra, amit \u00edg\u00e9rt\u00fcnk, m\u00e9gpedig hogy milyen szoftverekkel lehet t\u00e1mogatni az otthoni munkav\u00e9gz\u00e9st. \u00d6ssze\u00e1ll\u00edtottatok egy list\u00e1t ezekr\u0151l a szoftverekr\u0151l. Mit tartalmaz? Mit \u00e9rdemes tudni r\u00f3luk?<\/strong><br><\/p>\n\n\n\n<p>Igen. Egy biztos: most egy \u00faj vil\u00e1g kezd\u0151dik. Ami eddig volt ez ut\u00e1n m\u00e1r nem \u00fagy lesz. A c\u00e9gek megtanulj\u00e1k hogy digit\u00e1lisan t\u00e1vmunk\u00e1ban hogyan tudnak egy\u00fcttm\u0171k\u00f6dni a koll\u00e9g\u00e1k. Ha ezt a borzaszt\u00f3 nagy neh\u00e9zs\u00e9get \u00e1tv\u00e9szelj\u00fck, er\u0151sebben j\u00f6het\u00fcnk ki a v\u00e9g\u00e9n, \u00faj fajta munka m\u00f3dszerekkel strat\u00e9gi\u00e1kkal \u00e9s lehet\u0151s\u00e9gekkel.<br><\/p>\n\n\n\n<p>\u00daj fajta munkam\u00f3dszerek lesznek. Ez most egy nagyon j\u00f3 id\u0151szak arra, hogy letesztelj\u00fck, tapasztaljuk, csiszolgassuk a folyamatinkat, hogy azut\u00e1n j\u00f3l m\u0171k\u00f6dj\u00f6n. Most olyan mintha mindenki startup lenne.<br><\/p>\n\n\n\n<figure class=\"wp-block-image size-large\"><img decoding=\"async\" src=\"https:\/\/bizalmikor.hu\/blog\/wp-content\/uploads\/2020\/03\/19477715_10213068371681260_1754215979688563981_o.jpg\" alt=\"\" class=\"wp-image-1926\"\/><figcaption><strong> &#8220;&#8230;most egy \u00faj vil\u00e1g kezd\u0151dik, ami eddig volt ez ut\u00e1n m\u00e1r nem \u00fagy lesz&#8230;&#8221; <\/strong><\/figcaption><\/figure>\n\n\n\n<p><a href=\"https:\/\/szoftver.hu\/\">Szoftver.hu<\/a>-t mindenk\u00e9pp aj\u00e1nlom. T\u00f6bb mint sz\u00e1z szoftver r\u00e9szletes le\u00edr\u00e1s\u00e1t tartalmazza, ami ismeret anyagot ad \u00e1t seg\u00edt eligazodni. Ezekb\u0151l szemezgett\u00fcnk:<\/p>\n\n\n\n<p><\/p>\n\n\n\n<p><strong><a href=\"https:\/\/szoftver.hu\/szoftver\/teamviewer\/teamviewer-2\">Teamviewer \u00e9s Anydesk<\/a><\/strong>: Ezek t\u00e1voli asztal kezel\u0151 szoftverek. El\u0151fizet\u00e9s t\u00edpus\u00e1t\u00f3l f\u00fcgg\u0151en sz\u00e1m\u00edt\u00f3g\u00e9pek tucatjai ir\u00e1ny\u00edthat\u00f3ak vel\u00fck, \u00fagy mintha ott lenn\u00e9nk a helysz\u00ednen.\u00a0\u00a0Ak\u00e1r mobilr\u00f3l vagy tabletr\u0151l is el\u00e9rhetj\u00fck \u00e9s teljes funkcionalit\u00e1ssal vez\u00e9relhetj\u00fck az irodai vagy otthoni sz\u00e1m\u00edt\u00f3g\u00e9peinket.<\/p>\n\n\n\n<p><\/p>\n\n\n\n<p><strong><a href=\"https:\/\/szoftver.hu\/szoftver\/teamviewer\/pilot\">TeamViewer Pilot<\/a><\/strong>: T\u00e1vseg\u00edts\u00e9g szoftver OFFLINE fel\u00fcletek kezel\u00e9s\u00e9re. A mobiltelefon kamer\u00e1j\u00e1ra \u00e9s kijelz\u0151j\u00e9re van sz\u00fcks\u00e9g a haszn\u00e1lat\u00e1hoz, az ott k\u00f6zvet\u00edtett k\u00e9pet l\u00e1tja a t\u00e1voli seg\u00edts\u00e9gny\u00fajt\u00f3 \u00e9s tud seg\u00edts\u00e9get adni (rajzolni a k\u00e9perny\u0151re, \u00edrni, vide\u00f3t csatolni, besz\u00e9lni.)&nbsp;<\/p>\n\n\n\n<p><strong><a href=\"https:\/\/www.blizz.com\/en\/\">Blizz (by teamviewer)<\/a><\/strong>: A TeamViewer infrastrukt\u00far\u00e1j\u00e1t haszn\u00e1l\u00f3 webkonferencia szoftver. Alacsony \u00e1r, kiv\u00e1l\u00f3 min\u0151s\u00e9g (jobb, mint a zoom). Ak\u00e1r 300 felhaszn\u00e1l\u00f3ig m\u0171k\u00f6d\u0151k\u00e9pes.&nbsp;<\/p>\n\n\n\n<p><strong><a href=\"https:\/\/szoftver.hu\/szoftver\/teamviewer\/tensor\">TeamViewer Tensor \u00e9s Anydesk Enterprise<\/a><\/strong>: Nagyc\u00e9ges k\u00f6rnyezetre haszn\u00e1lhat\u00f3 t\u00e1vir\u00e1ny\u00edt\u00f3 szoftverek, ak\u00e1r t\u00f6bb sz\u00e1z g\u00e9p egyidej\u0171 kezel\u00e9s\u00e9re alkalmasak.&nbsp;<\/p>\n\n\n\n<p><strong><a href=\"https:\/\/szoftver.hu\/szoftver\/adobe\/creative-cloud-teams\">Adobe Creative Cloud for Teams<\/a><\/strong>: Az ide felt\u00f6lt\u00f6tt elemek chat form\u00e1ban v\u00e9lem\u00e9nyezhet\u0151ek, hozz\u00e1sz\u00f3l\u00e1sokkal, bejegyz\u00e9sekkel b\u0151v\u00edthet\u0151ek (Task kezel\u00e9s). Ak\u00e1r f\u00e9lk\u00e9sz munk\u00e1t, protot\u00edpusokat is meg lehet osztani ezen a fel\u00fcleten, \u00edgy seg\u00edtve a kapcsolattart\u00e1st.\u00a0<\/p>\n\n\n\n<p><strong><a href=\"https:\/\/szoftver.hu\/szoftver\/adobe\/creative-cloud-teams\">Adobe Document Cloud<\/a><\/strong>: A Creative Cloud PDF dokumentumokra. Feladatkezel\u00e9s, megjegyz\u00e9s kezel\u00e9s is van benne, k\u00fcl\u00f6nb\u00f6z\u0151 jogosults\u00e1gokat is be lehet \u00e1ll\u00edtani a haszn\u00e1latakor. Haszn\u00e1lhat\u00f3 index f\u00e1jlok t\u00e1rol\u00e1s\u00e1ra, \u00edgy a keres\u00e9s (az Acrobat asztali szoftverrel) &#8211; is lehets\u00e9ges, de a kollabor\u00e1ci\u00f3 az els\u0151dleges feladata a Cloud dokumentumoknak.&nbsp;<\/p>\n\n\n\n<p><strong><a href=\"https:\/\/szoftver.hu\/szoftver\/adobe\/sign\">Adobe Sign<\/a><\/strong>: Az Adobe elektronikus al\u00e1\u00edr\u00f3 szolg\u00e1ltat\u00e1sa, amivel a t\u00e1vol l\u00e9v\u0151 al\u00e1\u00edr\u00e1sra jogosult szem\u00e9ly \u00fagy \u00edrhat al\u00e1 PDF dokumentumokat, hogy az jogilag \u00e9rv\u00e9nyes lehet. (EIDAS szab\u00e1lyoz\u00e1s)&nbsp;<\/p>\n\n\n\n<p>Az elektronikus al\u00e1\u00edr\u00e1s \u00fatja k\u00f6vethet\u0151, lehets\u00e9ges t\u00f6bb al\u00e1\u00edr\u00f3 megjel\u00f6l\u00e9se is, \u00edgy a d\u00f6nt\u00e9s el\u0151k\u00e9sz\u00edt\u00e9st\u0151l kezdve nyomon lehet k\u00f6vetni a dokumentum al\u00e1\u00edr\u00e1sait.&nbsp;<\/p>\n\n\n\n<p><strong><a href=\"https:\/\/szoftver.hu\/szoftver\/adobe\/creative-cloud-teams\">Adobe Kollabor\u00e1ci\u00f3<\/a><\/strong>: Ezek k\u00f6nyvt\u00e1r alap\u00fa munkamegoszt\u00e1st ny\u00fajtanak ak\u00e1r a vil\u00e1g t\u00e1voli helyein \u00e9l\u0151 kreat\u00edvoknak is. Ugyanazon a projekten ak\u00e1r t\u00f6bb ember is dolgozhat (fot\u00f3s, grafikus, t\u00f6rdel\u0151, web designer,&#8230;) a k\u00fcl\u00f6nb\u00f6z\u0151 szoftverek seg\u00edts\u00e9g\u00e9vel. Az egyes r\u00e9szleteken eszk\u00f6z\u00f6lt v\u00e1ltoz\u00e1sok val\u00f3s id\u0151ben megt\u00f6rt\u00e9nnek a f\u0151 projekten is.\u00a0<\/p>\n\n\n\n<p><strong><a href=\"https:\/\/szoftver.hu\/szoftver\/corel\/draw-graphics-suite-0\">Corel kollabor\u00e1ci\u00f3<\/a><\/strong>: A Corel 2020 \u00fajdons\u00e1ga, az Adobe Creative Cloudhoz hasonl\u00f3 kollabor\u00e1ci\u00f3s \u00fajdons\u00e1gokkal.&nbsp;<\/p>\n\n\n\n<p><strong><a href=\"https:\/\/szoftver.hu\/szoftver\/corel\/mindmanager-1\">Mindjet<\/a><\/strong>: Ez egy mindmapping (projekt tervez\u00e9shez, \u00f6tletel\u00e9shez) haszn\u00e1lhat\u00f3 eszk\u00f6z, fejlett kollabor\u00e1ci\u00f3s eszk\u00f6zt\u00e1rral.&nbsp;<\/p>\n\n\n\n<p><strong><a href=\"https:\/\/szoftver.hu\/szoftver\/jetbrains\/space\">JetBrains Space<\/a><\/strong>: Nem egy egyszer\u0171 SLACK alternat\u00edva, hanem minden egyes JetBrains eszk\u00f6zbe integr\u00e1lhat\u00f3 fejleszt\u0151i chat \u00e9s kollabor\u00e1ci\u00f3s eszk\u00f6z, GIT t\u00e1mogat\u00e1ssal, forr\u00e1sk\u00f3d megoszt\u00e1ssal.&nbsp;<\/p>\n\n\n\n<p><strong><a href=\"https:\/\/szoftver.hu\/extensis\">Extensis TeamSync<\/a><\/strong>: Az extensis fontkezel\u0151 szoftver\u00e9nek csapat (projekt) alap\u00fa megoszt\u00e1s\u00e1ra szolg\u00e1l\u00f3 eszk\u00f6ze.&nbsp;<\/p>\n\n\n\n<p><strong>K\u00f6zpontilag menedzselhet\u0151 v\u00e9delmi szoftverek<\/strong>: V\u00e9delem v\u00edrusok, ransomware szoftverek, hackert\u00e1mad\u00e1sok \u00e9s tr\u00f3jaiak ellen. <a href=\"https:\/\/szoftver.hu\/bitdefender\">Bitdefender<\/a>, <a href=\"https:\/\/szoftver.hu\/mcafee\">Mcafee<\/a>, <a href=\"https:\/\/szoftver.hu\/eset\">Eset<\/a>. A rendszergazda ak\u00e1r a t\u00e1voli sz\u00e1m\u00edt\u00f3g\u00e9pen is aktiv\u00e1lhatja \u00e9s aktiv\u00e1lhatja a szoftvert, hat\u00e1ssal tud lenni a t\u00e1voli sz\u00e1m\u00edt\u00f3g\u00e9pen zajl\u00f3 folyamatokra, \u00edgy m\u00e9g cs\u00edr\u00e1j\u00e1ban le\u00e1ll\u00edthatja a k\u00e1ros esem\u00e9nyeket.&nbsp;<\/p>\n\n\n\n<p><strong>K\u00f6sz\u00f6nj\u00fck az \u00f6sszefoglal\u00f3t! M\u00e9g egy k\u00e9rd\u00e9s a v\u00e9g\u00e9re: mit tan\u00e1csolsz most a vezet\u0151knek?<br><\/strong><\/p>\n\n\n\n<p>Fontos, hogy meg\u0151rizze mindenki a lelki nyugalm\u00e1t \u00e9s pozit\u00edv szeml\u00e9let\u00e9t. Mindannyian f\u00e9l\u00fcnk ett\u0151l az eg\u00e9szt\u0151l mert ismeretlen sz\u00e1munkra, de fontos, hogy azimmunrendszer\u00fcnket is er\u0151s\u00edts\u00fck. Ami seg\u00edt, a mozg\u00e1s, j\u00f3 \u00e9tkez\u00e9s, sport, napf\u00e9ny, j\u00f3 alv\u00e1s, pozit\u00edv gondolkod\u00e1s. Mindezek rendszeres v\u00e9gz\u00e9s\u00e9vel, fokoz\u00e1s\u00e1val, minden nap egyre jobb lesz. Ennek az id\u0151szaknak is v\u00e9ge lesz egyszer.<\/p>\n\n\n\n<hr class=\"wp-block-separator\"\/>\n\n\n\n<h1 class=\"has-text-align-center wp-block-heading\">Szeretn\u00e9l megismerkedni klubtagjainkkal? K\u00e9rj egy megh\u00edv\u00f3t!<\/h1>\n\n\n\n<div class=\"wp-block-button aligncenter\"><a class=\"wp-block-button__link has-background\" href=\"https:\/\/bizalmikor.hu\/kapcsolat\/\" style=\"background-color:#14496b\" target=\"_blank\" rel=\"noreferrer noopener\"><strong>\u00c9rdekel a Bizalmi K\u00f6r klubtags\u00e1g<\/strong><\/a><\/div>\n\n\n\n<hr class=\"wp-block-separator\"\/>\n","protected":false},"excerpt":{"rendered":"<p>Az elm\u00falt hetekben sok c\u00e9gnek jelentett \u00faj kih\u00edv\u00e1st a home office bevezet\u00e9se. Nagy v\u00e1ltoz\u00e1sokat hoz egy ilyen \u00e1talakul\u00e1s, ugyanakkor sok lehet\u0151s\u00e9get is rejt, melyek seg\u00edtenek meger\u0151s\u00f6dni m\u00e9g az ilyen kr\u00edzishelyzetekben is. Ilyen lehet\u0151s\u00e9get jelentenek az olyan szoftveres megold\u00e1sok is, melyek seg\u00edtik \u00e9s hat\u00e9konyabb\u00e1 teszik a csapatok mindennapi munk\u00e1j\u00e1t. Kafka Gy\u00f6rggyel a Trans-Europe Zrt. tulajdonos\u00e1val besz\u00e9lgett\u00fcnk<\/p>\n","protected":false},"author":3,"featured_media":1938,"comment_status":"closed","ping_status":"open","sticky":false,"template":"","format":"standard","meta":{"footnotes":""},"categories":[25,16],"tags":[],"yoast_head":"<!-- This site is optimized with the Yoast SEO plugin v15.4 - https:\/\/yoast.com\/wordpress\/plugins\/seo\/ -->\n<title>Az \u00faj helyzetben, \u00faj megold\u00e1sokra van sz\u00fcks\u00e9g<\/title>\n<meta name=\"robots\" content=\"index, follow, max-snippet:-1, max-image-preview:large, max-video-preview:-1\" \/>\n<link rel=\"canonical\" href=\"https:\/\/bizalmikor.hu\/blog\/2020\/03\/31\/az-uj-helyzethez-uj-megoldasokra-van-szukseg\/\" \/>\n<meta property=\"og:locale\" content=\"hu_HU\" \/>\n<meta property=\"og:type\" content=\"article\" \/>\n<meta property=\"og:title\" content=\"Az \u00faj helyzetben, \u00faj megold\u00e1sokra van sz\u00fcks\u00e9g\" \/>\n<meta property=\"og:description\" content=\"Az elm\u00falt hetekben sok c\u00e9gnek jelentett \u00faj kih\u00edv\u00e1st a home office bevezet\u00e9se. Nagy v\u00e1ltoz\u00e1sokat hoz egy ilyen \u00e1talakul\u00e1s, ugyanakkor sok lehet\u0151s\u00e9get is rejt, melyek seg\u00edtenek meger\u0151s\u00f6dni m\u00e9g az ilyen kr\u00edzishelyzetekben is. Ilyen lehet\u0151s\u00e9get jelentenek az olyan szoftveres megold\u00e1sok is, melyek seg\u00edtik \u00e9s hat\u00e9konyabb\u00e1 teszik a csapatok mindennapi munk\u00e1j\u00e1t. Kafka Gy\u00f6rggyel a Trans-Europe Zrt. tulajdonos\u00e1val besz\u00e9lgett\u00fcnk\" \/>\n<meta property=\"og:url\" content=\"https:\/\/bizalmikor.hu\/blog\/2020\/03\/31\/az-uj-helyzethez-uj-megoldasokra-van-szukseg\/\" \/>\n<meta property=\"og:site_name\" content=\"Bizalmi K\u00f6r blog\" \/>\n<meta property=\"article:publisher\" content=\"https:\/\/www.facebook.com\/bizalmikor\" \/>\n<meta property=\"article:published_time\" content=\"2020-03-31T09:58:24+00:00\" \/>\n<meta property=\"article:modified_time\" content=\"2020-04-01T08:41:55+00:00\" \/>\n<meta property=\"og:image\" content=\"https:\/\/bizalmikor.hu\/blog\/wp-content\/uploads\/2020\/03\/19477715_10213068371681260_1754215979688563981_o2.jpg\" \/>\n\t<meta property=\"og:image:width\" content=\"960\" \/>\n\t<meta property=\"og:image:height\" content=\"541\" \/>\n<meta name=\"twitter:card\" content=\"summary_large_image\" \/>\n<meta name=\"twitter:label1\" content=\"Szerz\u0151:\">\n\t<meta name=\"twitter:data1\" content=\"Gangel P\u00e9ter\">\n\t<meta name=\"twitter:label2\" content=\"Becs\u00fclt olvas\u00e1si id\u0151\">\n\t<meta name=\"twitter:data2\" content=\"5 perc\">\n<script type=\"application\/ld+json\" class=\"yoast-schema-graph\">{\"@context\":\"https:\/\/schema.org\",\"@graph\":[{\"@type\":\"Organization\",\"@id\":\"https:\/\/bizalmikor.hu\/blog\/#organization\",\"name\":\"Bizalmi K\\u00f6r Kft.\",\"url\":\"https:\/\/bizalmikor.hu\/blog\/\",\"sameAs\":[\"https:\/\/www.facebook.com\/bizalmikor\",\"https:\/\/www.instagram.com\/bizalmikor\/\",\"https:\/\/www.linkedin.com\/company\/19165894\",\"https:\/\/www.youtube.com\/channel\/UC7fAD3QCIWeSexU5t6F3YOw?view_as=subscriber\"],\"logo\":{\"@type\":\"ImageObject\",\"@id\":\"https:\/\/bizalmikor.hu\/blog\/#logo\",\"inLanguage\":\"hu\",\"url\":\"https:\/\/bizalmikor.hu\/blog\/wp-content\/uploads\/2019\/02\/Group-2.png\",\"width\":4033,\"height\":1192,\"caption\":\"Bizalmi K\\u00f6r Kft.\"},\"image\":{\"@id\":\"https:\/\/bizalmikor.hu\/blog\/#logo\"}},{\"@type\":\"WebSite\",\"@id\":\"https:\/\/bizalmikor.hu\/blog\/#website\",\"url\":\"https:\/\/bizalmikor.hu\/blog\/\",\"name\":\"Bizalmi K\\u00f6r blog\",\"description\":\"Egynek minden neh\\u00e9z, soknak semmi sem lehetetlen.\",\"publisher\":{\"@id\":\"https:\/\/bizalmikor.hu\/blog\/#organization\"},\"potentialAction\":[{\"@type\":\"SearchAction\",\"target\":\"https:\/\/bizalmikor.hu\/blog\/?s={search_term_string}\",\"query-input\":\"required name=search_term_string\"}],\"inLanguage\":\"hu\"},{\"@type\":\"ImageObject\",\"@id\":\"https:\/\/bizalmikor.hu\/blog\/2020\/03\/31\/az-uj-helyzethez-uj-megoldasokra-van-szukseg\/#primaryimage\",\"inLanguage\":\"hu\",\"url\":\"https:\/\/bizalmikor.hu\/blog\/wp-content\/uploads\/2020\/03\/19477715_10213068371681260_1754215979688563981_o2.jpg\",\"width\":960,\"height\":541},{\"@type\":\"WebPage\",\"@id\":\"https:\/\/bizalmikor.hu\/blog\/2020\/03\/31\/az-uj-helyzethez-uj-megoldasokra-van-szukseg\/#webpage\",\"url\":\"https:\/\/bizalmikor.hu\/blog\/2020\/03\/31\/az-uj-helyzethez-uj-megoldasokra-van-szukseg\/\",\"name\":\"Az \\u00faj helyzetben, \\u00faj megold\\u00e1sokra van sz\\u00fcks\\u00e9g\",\"isPartOf\":{\"@id\":\"https:\/\/bizalmikor.hu\/blog\/#website\"},\"primaryImageOfPage\":{\"@id\":\"https:\/\/bizalmikor.hu\/blog\/2020\/03\/31\/az-uj-helyzethez-uj-megoldasokra-van-szukseg\/#primaryimage\"},\"datePublished\":\"2020-03-31T09:58:24+00:00\",\"dateModified\":\"2020-04-01T08:41:55+00:00\",\"inLanguage\":\"hu\",\"potentialAction\":[{\"@type\":\"ReadAction\",\"target\":[\"https:\/\/bizalmikor.hu\/blog\/2020\/03\/31\/az-uj-helyzethez-uj-megoldasokra-van-szukseg\/\"]}]},{\"@type\":\"Article\",\"@id\":\"https:\/\/bizalmikor.hu\/blog\/2020\/03\/31\/az-uj-helyzethez-uj-megoldasokra-van-szukseg\/#article\",\"isPartOf\":{\"@id\":\"https:\/\/bizalmikor.hu\/blog\/2020\/03\/31\/az-uj-helyzethez-uj-megoldasokra-van-szukseg\/#webpage\"},\"author\":{\"@id\":\"https:\/\/bizalmikor.hu\/blog\/#\/schema\/person\/a89936ed381c3afa4cd7a27040dbfb07\"},\"headline\":\"Az \\u00faj helyzetben, \\u00faj megold\\u00e1sokra van sz\\u00fcks\\u00e9g\",\"datePublished\":\"2020-03-31T09:58:24+00:00\",\"dateModified\":\"2020-04-01T08:41:55+00:00\",\"mainEntityOfPage\":{\"@id\":\"https:\/\/bizalmikor.hu\/blog\/2020\/03\/31\/az-uj-helyzethez-uj-megoldasokra-van-szukseg\/#webpage\"},\"publisher\":{\"@id\":\"https:\/\/bizalmikor.hu\/blog\/#organization\"},\"image\":{\"@id\":\"https:\/\/bizalmikor.hu\/blog\/2020\/03\/31\/az-uj-helyzethez-uj-megoldasokra-van-szukseg\/#primaryimage\"},\"articleSection\":\"COVID-19 \\u00fczleti tapasztalatok,V\\u00e1llalkoz\\u00e1s\",\"inLanguage\":\"hu\"},{\"@type\":\"Person\",\"@id\":\"https:\/\/bizalmikor.hu\/blog\/#\/schema\/person\/a89936ed381c3afa4cd7a27040dbfb07\",\"name\":\"Gangel P\\u00e9ter\",\"image\":{\"@type\":\"ImageObject\",\"@id\":\"https:\/\/bizalmikor.hu\/blog\/#personlogo\",\"inLanguage\":\"hu\",\"url\":\"https:\/\/secure.gravatar.com\/avatar\/ee1c6e901d6b9c50c9a2204252c914b4?s=96&d=mm&r=g\",\"caption\":\"Gangel P\\u00e9ter\"}}]}<\/script>\n<!-- \/ Yoast SEO plugin. -->","_links":{"self":[{"href":"https:\/\/bizalmikor.hu\/blog\/wp-json\/wp\/v2\/posts\/1917"}],"collection":[{"href":"https:\/\/bizalmikor.hu\/blog\/wp-json\/wp\/v2\/posts"}],"about":[{"href":"https:\/\/bizalmikor.hu\/blog\/wp-json\/wp\/v2\/types\/post"}],"author":[{"embeddable":true,"href":"https:\/\/bizalmikor.hu\/blog\/wp-json\/wp\/v2\/users\/3"}],"replies":[{"embeddable":true,"href":"https:\/\/bizalmikor.hu\/blog\/wp-json\/wp\/v2\/comments?post=1917"}],"version-history":[{"count":20,"href":"https:\/\/bizalmikor.hu\/blog\/wp-json\/wp\/v2\/posts\/1917\/revisions"}],"predecessor-version":[{"id":1949,"href":"https:\/\/bizalmikor.hu\/blog\/wp-json\/wp\/v2\/posts\/1917\/revisions\/1949"}],"wp:featuredmedia":[{"embeddable":true,"href":"https:\/\/bizalmikor.hu\/blog\/wp-json\/wp\/v2\/media\/1938"}],"wp:attachment":[{"href":"https:\/\/bizalmikor.hu\/blog\/wp-json\/wp\/v2\/media?parent=1917"}],"wp:term":[{"taxonomy":"category","embeddable":true,"href":"https:\/\/bizalmikor.hu\/blog\/wp-json\/wp\/v2\/categories?post=1917"},{"taxonomy":"post_tag","embeddable":true,"href":"https:\/\/bizalmikor.hu\/blog\/wp-json\/wp\/v2\/tags?post=1917"}],"curies":[{"name":"wp","href":"https:\/\/api.w.org\/{rel}","templated":true}]}}