{"id":1950,"date":"2020-04-01T16:03:42","date_gmt":"2020-04-01T16:03:42","guid":{"rendered":"https:\/\/bizalmikor.hu\/blog\/?p=1950"},"modified":"2020-04-01T16:03:42","modified_gmt":"2020-04-01T16:03:42","slug":"igenis-probaljunk-meg-tanulni-a-nehezsegekbol","status":"publish","type":"post","link":"https:\/\/bizalmikor.hu\/blog\/2020\/04\/01\/igenis-probaljunk-meg-tanulni-a-nehezsegekbol\/","title":{"rendered":"Igenis pr\u00f3b\u00e1ljunk meg tanulni a neh\u00e9zs\u00e9gekb\u0151l"},"content":{"rendered":"\n<p><strong>Jelenleg kulcsk\u00e9rd\u00e9s, hogy cs\u00f6kkent \u00e9rdekl\u0151d\u00e9s mellett mik\u00e9nt tudjuk \u00e9letben tartani a c\u00e9get \u00e9s a lend\u00fclet\u00fcnket. A v\u00e1ls\u00e1g akkor kezd\u0151dik, amikor elhissz\u00fck, hogy van. \u00c9rdemes lehet\u0151s\u00e9gk\u00e9nt tekinteni a neh\u00e9zs\u00e9gekre, illetve tanulni bel\u0151l\u00fck. Ha a munkat\u00e1rsakkal kar\u00f6ltve t\u00f6bbsz\u00f6r\u00f6s er\u0151fesz\u00edt\u00e9seket tesz\u00fcnk, akkor a mostani peri\u00f3dust is \u00e1t fogjuk v\u00e9szelni.<\/strong><\/p>\n\n\n\n<p>Vezse Roland, a <a href=\"https:\/\/spatrend.hu\/\">Spa Trend <\/a>tulajdonosa \u00e9s \u00fcgyvezet\u0151je osztott meg vel\u00fcnk elk\u00e9peszt\u0151en inspir\u00e1l\u00f3 gondolatokat v\u00e1ls\u00e1gkezel\u00e9ssel, valamint a neh\u00e9zs\u00e9gekkel val\u00f3 szemben\u00e9z\u00e9ssel kapcsolatban:<\/p>\n\n\n\n<p><strong>Mes\u00e9lj kicsit k\u00e9rlek, hogyan \u00e9rintett Titeket a jelenlegi helyzet. Illetve mutasd be kicsit a c\u00e9get, a term\u00e9keket \u00e9s a csapatot azoknak, akik esetleg m\u00e9g nem ismernek.<\/strong><\/p>\n\n\n\n<p>2003 \u00f3ta m\u0171k\u00f6dik a c\u00e9g\u00fcnk, sz\u00e9pen lassan l\u00e9pkedett felfel\u00e9 l\u00e9tr\u00e1n. Id\u00e9n m\u00e1r nagyj\u00e1b\u00f3l 50-en vagyunk a csapatban, \u00e9s legal\u00e1bb 300 embernek adunk k\u00f6zvetlen\u00fcl vagy k\u00f6zvetetten fizet\u00e9st. A forgalmunk pedig 2 milli\u00e1rd forint k\u00f6rny\u00e9k\u00e9n van \u00e9ves viszonylatban, pont id\u00e9n tervezt\u00fcnk egy nagyobb ugr\u00e1st.<\/p>\n\n\n\n<p>Ez\u00e9rt is voltak igencsak meglep\u0151k a janu\u00e1r v\u00e9g\u00e9n \u00e9rkez\u0151 h\u00edrek. Akkor tudatosult benn\u00fcnk, hogy a koronav\u00edrus igencsak befoly\u00e1ssal lesz az el\u0151tt\u00fcnk \u00e1ll\u00f3 id\u0151szakra. Az elm\u00falt hetekben sok\u00e1ig nem mertem kimondani a \u201ev\u00e1ls\u00e1gkezel\u00e9s\u201d sz\u00f3t, de tulajdonk\u00e9ppen most err\u0151l van sz\u00f3. Vagyis az a k\u00e9rd\u00e9s, hogy cs\u00f6kkent \u00e9rdekl\u0151d\u00e9s mellett mik\u00e9nt tudjuk \u00e9letben tartani a c\u00e9get \u00e9s a lend\u00fclet\u00fcnket.<\/p>\n\n\n\n<p><strong>Mikor kezdted azt \u00e9rezni, hogy a koronav\u00edrus gazdas\u00e1gi hat\u00e1sai hozz\u00e1nk is be fognak gy\u0171r\u0171zni?<\/strong><\/p>\n\n\n\n<p>A tavalyi \u00e9vben mi nyert\u00fck legjobb massz\u00e1zs medence forgalmaz\u00f3nak j\u00e1r\u00f3 d\u00edjat, ezzel nyert\u00fcnk egy incentive utat. Nagyj\u00e1b\u00f3l 500 c\u00e9g k\u00e9pvisel\u0151ivel t\u00f6lt\u00f6tt\u00fck volna az id\u0151t Kambodzs\u00e1ban \u00e9s Vietn\u00e1mban. Febru\u00e1r elej\u00e9n viszont t\u00f6r\u00f6lt\u00e9k az esem\u00e9nyt. Ez volt az els\u0151 jel.<\/p>\n\n\n\n<p>Amennyiben egy nagy amerikai c\u00e9g is komolyan veszi ezt a kih\u00edv\u00e1st, \u00e9s a t\u00f6bb milli\u00f3 doll\u00e1ros vesztes\u00e9g ellen\u00e9re is ink\u00e1bb lemond err\u0151l az incentive \u00fatr\u00f3l, akkor ez komoly dolognak sz\u00e1m\u00edt. Ennek tudat\u00e1ban nek\u00fcnk is volt id\u0151nk felk\u00e9sz\u00fclni az elm\u00falt k\u00e9t h\u00f3napban mindarra, ami most v\u00e1rhat r\u00e1nk.<\/p>\n\n\n\n<p><strong>Hogyan k\u00e9sz\u00fcltetek, milyen int\u00e9zked\u00e9seket hoztatok?<\/strong><\/p>\n\n\n\n<p>Hetekkel ezel\u0151tt az offline \u00e9rt\u00e9kes\u00edt\u00e9s id\u0151szakos v\u00e9g\u00e9t l\u00e1ttuk, egyszer\u0171en \u00fagy \u00e9rezt\u00fck, hogy egy \u00faj vil\u00e1g k\u00f6vetkezik. Tervezt\u00fck m\u00e1r az er\u0151s\u00edt\u00e9st online platformokon, de ennyire gyors bek\u00f6vetkez\u00e9sre nem sz\u00e1m\u00edtottunk. \u00c9vek \u00f3ta tervben volt a h\u00e1romdimenzi\u00f3s, virtu\u00e1lis s\u00e9ta megval\u00f3s\u00edt\u00e1sa a bemutat\u00f3term\u00fcnkben. Az elm\u00falt k\u00e9t h\u00e9tben sokat dolgoztunk ezen, \u00e9s k\u00e9sz\u00edtett\u00fcnk egy eg\u00e9szen r\u00e9szletes <strong><a href=\"https:\/\/spatrend.hu\/spatrend-3d-bejaras\/?fbclid=IwAR3NRu5tCoU8YZPAaiKfu6t71lJ76n5iScnIrph9LH5FgVKJhzdbAG8-XFI\">h\u00e1romdimenzi\u00f3s s\u00e9t\u00e1t<\/a>.<\/strong><\/p>\n\n\n\n<p>Vagyis az \u00fcgyfelek online be tudj\u00e1k j\u00e1rni a bemutat\u00f3termet, val\u00f3j\u00e1ban \u00e9l\u0151 emberekkel tal\u00e1lkoznak a virtu\u00e1lis vil\u00e1gban. Vide\u00f3ra vett\u00fck \u00e9s felt\u00f6lt\u00f6tt\u00fck a term\u00e9kekkel kapcsolatos tudnival\u00f3kat. Szem\u00e9ly szerint \u00e9n is teszek egy 25-30 perces s\u00e9t\u00e1t a bemutat\u00f3teremben, minden egyes term\u00e9ket k\u00fcl\u00f6n eml\u00edtve.&nbsp;<\/p>\n\n\n\n<p>Nagyj\u00e1b\u00f3l 200 vide\u00f3 \u00e9rhet\u0151 el a fel\u00fcleten, \u00e9s ha valaki ezeket megn\u00e9zi, akkor virtu\u00e1lisan egy teljes \u00f3r\u00e1t elt\u00f6lthet n\u00e1lunk. Siker\u00fclt teremteni egy eg\u00e9szen \u00faj vil\u00e1got, ami m\u00e9g nek\u00fcnk is hihetetlen kicsit az \u00e9leth\u0171s\u00e9ge miatt. Ha esetleg be is kell z\u00e1rnunk bizonyos id\u0151re, ezzel az eszk\u00f6zzel tudjuk majd tartani a kapcsolatot az \u00fcgyfeleinkkel.<\/p>\n\n\n\n<p><strong>A virtu\u00e1lis t\u00far\u00e1n k\u00edv\u00fcl k\u00e9sz\u00fcltetek-e b\u00e1rmi m\u00e1ssal erre az id\u0151szakra?<\/strong><\/p>\n\n\n\n<p>Igaz\u00e1b\u00f3l szembe kellett n\u00e9zn\u00fcnk azzal, hogy \u00faj id\u0151szak k\u00f6vetkezik. Ebben az egyel\u0151re ismeretlen peri\u00f3dusban nek\u00fcnk tov\u00e1bbra is ki kell szolg\u00e1lnunk az \u00fcgyfeleinket, illetve el kell tartanunk azt a rengeteg embert, aki hozz\u00e1nk k\u00f6t\u0151dik an\u00e9lk\u00fcl, hogy megszak\u00edtan\u00e1nk az ell\u00e1t\u00e1si l\u00e1ncot.<\/p>\n\n\n\n<p>A wellness term\u00e9kek forgalmaz\u00e1sa mellett szerv\u00edzel\u00e9ssel is foglalkozunk. K\u00fclt\u00e9ri massz\u00e1zs medenc\u00e9kr\u0151l, kerti b\u00fatorokr\u00f3l \u00e9s grills\u00fct\u0151kr\u0151l, szaun\u00e1kr\u00f3l van sz\u00f3 egy\u00e9bk\u00e9nt. A forgalmunk pedig nemhogy cs\u00f6kkent volna, ink\u00e1bb n\u00f6veked\u00e9st tapasztaltunk.\u00a0<\/p>\n\n\n\n<p>Az emberek be vannak z\u00e1rva az otthonukba, ilyenkor gyakrabban haszn\u00e1lj\u00e1k a jacuzzit is. Akiknek pedig m\u00e9g nincs, azok szeretn\u00e9k kihaszn\u00e1lni a k\u00e9nyszerb\u0151l otthon t\u00f6lt\u00f6tt id\u0151t. Ennek megfelel\u0151en az azonnali sz\u00e1ll\u00edt\u00e1sra mutatkozott ig\u00e9ny n\u00e1lunk. A kereslet\u00fcnk megvan teh\u00e1t, ugyanakkor ezt neh\u00e9z k\u00edn\u00e1lattal p\u00f3tolni, mert a gy\u00e1rak vil\u00e1gszerte tapasztalhat\u00f3 le\u00e1ll\u00e1sa miatt roppant neh\u00e9z a beszerz\u00e9s. Persze ez egy \u00e9des teher.<\/p>\n\n\n\n<p>Emellett k\u00f6teless\u00e9g\u00fcnknek \u00e9rezt\u00fck felvenni a kapcsolatot minden olyan \u00fcgyfel\u00fcnkkel, aki kor\u00e1bban v\u00e1s\u00e1rolt t\u0151l\u00fcnk, \u00e9s \u00e9rdekl\u0151dni a hogyl\u00e9t\u00fck fel\u0151l. Az ell\u00e1t\u00e1si l\u00e1nc neh\u00e9zs\u00e9gei miatt fel kellett k\u00e9sz\u00fcln\u00fcnk r\u00e1, hogy el\u0151re ismerj\u00fck az ig\u00e9nyeket. A megkeres\u00e9s\u00fcnk keretei k\u00f6z\u00f6tt ezeket is igyekezt\u00fcnk felm\u00e9rni.<\/p>\n\n\n\n<figure class=\"wp-block-image size-large\"><img loading=\"lazy\" decoding=\"async\" width=\"1024\" height=\"576\" src=\"https:\/\/bizalmikor.hu\/blog\/wp-content\/uploads\/2020\/04\/maxresdefault-1024x576.jpg\" alt=\"\" class=\"wp-image-1957\" srcset=\"https:\/\/bizalmikor.hu\/blog\/wp-content\/uploads\/2020\/04\/maxresdefault-1024x576.jpg 1024w, https:\/\/bizalmikor.hu\/blog\/wp-content\/uploads\/2020\/04\/maxresdefault-300x169.jpg 300w, https:\/\/bizalmikor.hu\/blog\/wp-content\/uploads\/2020\/04\/maxresdefault-768x432.jpg 768w, https:\/\/bizalmikor.hu\/blog\/wp-content\/uploads\/2020\/04\/maxresdefault.jpg 1280w\" sizes=\"(max-width: 1024px) 100vw, 1024px\" \/><figcaption> &#8220;Igaz\u00e1b\u00f3l szembe kellett n\u00e9zn\u00fcnk azzal, hogy \u00faj id\u0151szak k\u00f6vetkezik.&#8221; <\/figcaption><\/figure>\n\n\n\n<p><strong>T\u00f6rt\u00e9nt-e egy\u00e9b int\u00e9zked\u00e9s n\u00e1latok a felk\u00e9sz\u00fcl\u00e9s jegy\u00e9ben?<\/strong><\/p>\n\n\n\n<p>El\u0151re beszerezt\u00fcnk minden olyan eszk\u00f6zt, ami a tiszt\u00e1n tart\u00e1shoz sz\u00fcks\u00e9ges. Egy h\u00f3nappal ezel\u0151tt kialak\u00edtottuk m\u00e9r a home office lehet\u0151s\u00e9g\u00e9t is, mert a k\u00fclf\u00f6ldi p\u00e9ld\u00e1kb\u00f3l kiindulva l\u00e1ttuk az aktualit\u00e1s\u00e1t.<\/p>\n\n\n\n<p>Az engem ismer\u0151k tudj\u00e1k, hogy nem vagyok egy felad\u00f3s t\u00edpus. A neh\u00e9zs\u00e9gekn\u00e9l mindig azt n\u00e9zem, hogy mit tudunk bel\u0151l\u00fck tanulni, \u00e9s hogy tudunk bel\u0151l\u00fck kedvez\u0151 helyzetet gener\u00e1lni. Pont ma fogunk h\u00edrlevelet k\u00fcldeni a partnereinknek azzal a gondolattal, hogy a v\u00e1ls\u00e1g akkor kezd\u0151dik, ha elhissz\u00fck, hogy van.<\/p>\n\n\n\n<p>A mostani id\u0151szakban tegy\u00fcnk mindent t\u00edzszeres er\u0151fesz\u00edt\u00e9ssel, \u00e9s kommunik\u00e1ljunk a partnereink fel\u00e9. Itt vagyunk, dolgozunk \u00e9s seg\u00edtj\u00fck \u0151ket. Mi is sz\u00edvesen osztjuk meg a tud\u00e1sunkat \u00e9s a kapcsolatainkat azokkal, akiknek ez hasznos lehet. Ebben a helyzetben musz\u00e1j seg\u00edteni egym\u00e1snak.<\/p>\n\n\n\n<p><strong>Egyet\u00e9rtesz-e a gondolattal, hogy a c\u00e9gek k\u00f6z\u00f6tti \u201eell\u00e1t\u00e1si l\u00e1nc\u201d most nem szakadhat meg?<\/strong><\/p>\n\n\n\n<p>Hogyha az elad\u00e1sok megakadn\u00e1nak, \u00e9s egy-egy c\u00e9g nem tudna teljes\u00edteni, akkor ez a folyamat tov\u00e1bb gy\u0171r\u0171zik \u00e9s le\u00e1llna a gazdas\u00e1g. Fontos, hogy aki minket ell\u00e1t, az akt\u00edv maradjon \u00e9s higgyen a min\u00e9l gyorsabb kil\u00e1bal\u00e1sban.\u00a0 Ha minket lend\u00fcletben tart egy partner, akkor mi is lend\u00fcletben tudjuk tartani a partnereinket. Sokkal akt\u00edvabb jelenl\u00e9tet \u00e9s munkav\u00e9gz\u00e9st javaslok mindenkinek, mint ami a norm\u00e1l k\u00f6r\u00fclm\u00e9nyek k\u00f6z\u00f6tt megszokott.<\/p>\n\n\n\n<p><strong>Ti m\u00e1r meg\u00e9ltetek egy nehezebb peri\u00f3dust a 2008-as v\u00e1ls\u00e1g idej\u00e9n is. Mes\u00e9lsz kicsit az akkori kil\u00e1bal\u00e1s kulcs\u00e1r\u00f3l?<\/strong><\/p>\n\n\n\n<p>2008-ban mi \u00e9pp egy lend\u00fcletes, n\u00f6vekv\u0151 f\u00e1zisban voltunk eg\u00e9szen szeptemberig. Tudatosan tervezt\u00fck az elad\u00e1sokat, \u00e9s ahhoz tervezt\u00fck a beszerz\u00e9seket is. Mikor szeptemberben meg\u00e1llt a kereskedelem, akkor ott \u00e1lltunk t\u00f6bb sz\u00e1zmilli\u00f3 forintos el\u0151re kifizetett rakt\u00e1rk\u00e9szlettel, a kereslet pedig megsz\u0171nt. Teh\u00e1t a 2008-as \u00e9v szeptember\u00e9t\u0151l, eg\u00e9szen 2009 m\u00e1rcius\u00e1ig nagyj\u00e1b\u00f3l nulla volt a kereslet a term\u00e9keink ir\u00e1nt. Mindenk\u00e9ppen folytatni akartuk, emellett pedig a tehets\u00e9ges \u00e9s \u00e9rt\u00e9kes munkat\u00e1rsainkat is meg akartuk tartani. A koll\u00e9g\u00e1imban pedig megtal\u00e1ltam azokat a t\u00e1rsakat, akik szint\u00e9n hajland\u00f3k beletenni az ilyenkor n\u00e9lk\u00fcl\u00f6zhetetlen t\u00f6bblet energi\u00e1t.<\/p>\n\n\n\n<p>2009-ben mindent egy lapra felt\u00e9ve hitelt vett\u00fcnk fel annak \u00e9rdek\u00e9ben, hogy marketing tev\u00e9kenys\u00e9get tudjunk folytatni. M\u00e1rciusban egyszer csak megindult a kereskedelem, \u00e9s az egy\u00e9bk\u00e9nt tapasztalt havi \u00e9rt\u00e9kes\u00edt\u00e9seink sokszoros\u00e1t produk\u00e1ltuk. Egy-k\u00e9t h\u00f3nap alatt eladtuk a teljes rakt\u00e1rk\u00e9szlet\u00fcnket, \u00e9s ez visszabillentett minket a normalit\u00e1sba. Megtanultuk \u00e9rt\u00e9kelni az \u00fcgyf\u00e9lk\u00f6r\u00fcnket. Minden hozz\u00e1nk bet\u00e9r\u0151 ember fontos. Szint\u00e9n fontos az \u00fcgyfeleknek ny\u00fajtott v\u00e1s\u00e1rl\u00f3i \u00e9lm\u00e9ny, a v\u00e1laszad\u00e1s minden be\u00e9rkez\u0151 reklam\u00e1ci\u00f3ra. Kiemelten fontosak az \u00e9rt\u00e9kel\u00e9sek, hogy tudjuk, miben kell m\u00e9g fejl\u0151dn\u00fcnk.<\/p>\n\n\n\n<p><strong>Szem\u00e9ly szerint mit alkalmazol a pozit\u00edv attit\u0171d\u00f6d, az egyens\u00falyod fenntart\u00e1s\u00e1\u00e9rt? Mit javasoln\u00e1l m\u00e1s c\u00e9gvezet\u0151knek?<\/strong><\/p>\n\n\n\n<p>Magamr\u00f3l mindig azt tartottam, hogy nincs lehetetlen, emellett pedig nagy \u00fajrakezd\u0151 vagyok. Hogyha minden er\u0151fesz\u00edt\u00e9st beleteszek, \u00e9s m\u00e9gis elvesz\u00edten\u00e9k mindent, akkor is mern\u00e9m az eg\u00e9szet el\u00f6lr\u0151l kezdeni.<\/p>\n\n\n\n<p>Nem trag\u00e9dia, hogyha az ember bukik az \u00fczleten, mert tanul bel\u0151le, \u00e9s v\u00e1laszt egy m\u00e1sik utat. A szembej\u00f6v\u0151 probl\u00e9m\u00e1kat mindig elemzem, azt\u00e1n pr\u00f3b\u00e1lom megtal\u00e1lni a benn\u00fck rejl\u0151 lehet\u0151s\u00e9geket. R\u00e1ad\u00e1sul a nehezebb helyzetekben lehet a legjobban \u00f6sszeverbuv\u00e1lni a csapatot, \u00e9s inspir\u00e1lni a koll\u00e9g\u00e1kat az alkot\u00e1s \u00e9s az er\u0151fesz\u00edt\u00e9sek fontoss\u00e1g\u00e1ra.<\/p>\n\n\n\n<p><strong>Amit pedig csin\u00e1lunk, arra igenis sz\u00fcks\u00e9g van. Ez\u00e9rt nem fogunk megtorpanni, hanem igenis \u00faj utakat fogunk tal\u00e1lni az \u00e9rt\u00e9kes\u00edt\u00e9sre.<\/strong><br><\/p>\n\n\n\n<hr class=\"wp-block-separator\"\/>\n\n\n\n<h1 class=\"has-text-align-center wp-block-heading\">Szeretn\u00e9l megismerkedni klubtagjainkkal? K\u00e9rj egy megh\u00edv\u00f3t!<\/h1>\n\n\n\n<div class=\"wp-block-button aligncenter\"><a class=\"wp-block-button__link has-background\" href=\"https:\/\/bizalmikor.hu\/kapcsolat\/\" style=\"background-color:#14496b\" target=\"_blank\" rel=\"noreferrer noopener\"><strong>\u00c9rdekel a Bizalmi K\u00f6r klubtags\u00e1g<\/strong><\/a><\/div>\n\n\n\n<hr class=\"wp-block-separator\"\/>\n","protected":false},"excerpt":{"rendered":"<p>Jelenleg kulcsk\u00e9rd\u00e9s, hogy cs\u00f6kkent \u00e9rdekl\u0151d\u00e9s mellett mik\u00e9nt tudjuk \u00e9letben tartani a c\u00e9get \u00e9s a lend\u00fclet\u00fcnket. A v\u00e1ls\u00e1g akkor kezd\u0151dik, amikor elhissz\u00fck, hogy van. \u00c9rdemes lehet\u0151s\u00e9gk\u00e9nt tekinteni a neh\u00e9zs\u00e9gekre, illetve tanulni bel\u0151l\u00fck. Ha a munkat\u00e1rsakkal kar\u00f6ltve t\u00f6bbsz\u00f6r\u00f6s er\u0151fesz\u00edt\u00e9seket tesz\u00fcnk, akkor a mostani peri\u00f3dust is \u00e1t fogjuk v\u00e9szelni. Vezse Roland, a Spa Trend tulajdonosa \u00e9s \u00fcgyvezet\u0151je osztott meg vel\u00fcnk elk\u00e9peszt\u0151en inspir\u00e1l\u00f3 gondolatokat v\u00e1ls\u00e1gkezel\u00e9ssel, valamint a neh\u00e9zs\u00e9gekkel val\u00f3 szemben\u00e9z\u00e9ssel kapcsolatban<\/p>\n","protected":false},"author":3,"featured_media":0,"comment_status":"closed","ping_status":"open","sticky":false,"template":"","format":"standard","meta":{"footnotes":""},"categories":[25,16],"tags":[],"yoast_head":"<!-- This site is optimized with the Yoast SEO plugin v15.4 - https:\/\/yoast.com\/wordpress\/plugins\/seo\/ -->\n<title>Igenis pr\u00f3b\u00e1ljunk meg tanulni a neh\u00e9zs\u00e9gekb\u0151l<\/title>\n<meta name=\"robots\" content=\"index, follow, max-snippet:-1, max-image-preview:large, max-video-preview:-1\" \/>\n<link rel=\"canonical\" href=\"https:\/\/bizalmikor.hu\/blog\/2020\/04\/01\/igenis-probaljunk-meg-tanulni-a-nehezsegekbol\/\" \/>\n<meta property=\"og:locale\" content=\"hu_HU\" \/>\n<meta property=\"og:type\" content=\"article\" \/>\n<meta property=\"og:title\" content=\"Igenis pr\u00f3b\u00e1ljunk meg tanulni a neh\u00e9zs\u00e9gekb\u0151l\" \/>\n<meta property=\"og:description\" content=\"Jelenleg kulcsk\u00e9rd\u00e9s, hogy cs\u00f6kkent \u00e9rdekl\u0151d\u00e9s mellett mik\u00e9nt tudjuk \u00e9letben tartani a c\u00e9get \u00e9s a lend\u00fclet\u00fcnket. A v\u00e1ls\u00e1g akkor kezd\u0151dik, amikor elhissz\u00fck, hogy van. \u00c9rdemes lehet\u0151s\u00e9gk\u00e9nt tekinteni a neh\u00e9zs\u00e9gekre, illetve tanulni bel\u0151l\u00fck. Ha a munkat\u00e1rsakkal kar\u00f6ltve t\u00f6bbsz\u00f6r\u00f6s er\u0151fesz\u00edt\u00e9seket tesz\u00fcnk, akkor a mostani peri\u00f3dust is \u00e1t fogjuk v\u00e9szelni. Vezse Roland, a Spa Trend tulajdonosa \u00e9s \u00fcgyvezet\u0151je osztott meg vel\u00fcnk elk\u00e9peszt\u0151en inspir\u00e1l\u00f3 gondolatokat v\u00e1ls\u00e1gkezel\u00e9ssel, valamint a neh\u00e9zs\u00e9gekkel val\u00f3 szemben\u00e9z\u00e9ssel kapcsolatban\" \/>\n<meta property=\"og:url\" content=\"https:\/\/bizalmikor.hu\/blog\/2020\/04\/01\/igenis-probaljunk-meg-tanulni-a-nehezsegekbol\/\" \/>\n<meta property=\"og:site_name\" content=\"Bizalmi K\u00f6r blog\" \/>\n<meta property=\"article:publisher\" content=\"https:\/\/www.facebook.com\/bizalmikor\" \/>\n<meta property=\"article:published_time\" content=\"2020-04-01T16:03:42+00:00\" \/>\n<meta property=\"og:image\" content=\"https:\/\/bizalmikor.hu\/blog\/wp-content\/uploads\/2020\/04\/maxresdefault-1024x576.jpg\" \/>\n<meta name=\"twitter:card\" content=\"summary_large_image\" \/>\n<meta name=\"twitter:label1\" content=\"Szerz\u0151:\">\n\t<meta name=\"twitter:data1\" content=\"Gangel P\u00e9ter\">\n\t<meta name=\"twitter:label2\" content=\"Becs\u00fclt olvas\u00e1si id\u0151\">\n\t<meta name=\"twitter:data2\" content=\"7 perc\">\n<script type=\"application\/ld+json\" class=\"yoast-schema-graph\">{\"@context\":\"https:\/\/schema.org\",\"@graph\":[{\"@type\":\"Organization\",\"@id\":\"https:\/\/bizalmikor.hu\/blog\/#organization\",\"name\":\"Bizalmi K\\u00f6r Kft.\",\"url\":\"https:\/\/bizalmikor.hu\/blog\/\",\"sameAs\":[\"https:\/\/www.facebook.com\/bizalmikor\",\"https:\/\/www.instagram.com\/bizalmikor\/\",\"https:\/\/www.linkedin.com\/company\/19165894\",\"https:\/\/www.youtube.com\/channel\/UC7fAD3QCIWeSexU5t6F3YOw?view_as=subscriber\"],\"logo\":{\"@type\":\"ImageObject\",\"@id\":\"https:\/\/bizalmikor.hu\/blog\/#logo\",\"inLanguage\":\"hu\",\"url\":\"https:\/\/bizalmikor.hu\/blog\/wp-content\/uploads\/2019\/02\/Group-2.png\",\"width\":4033,\"height\":1192,\"caption\":\"Bizalmi K\\u00f6r Kft.\"},\"image\":{\"@id\":\"https:\/\/bizalmikor.hu\/blog\/#logo\"}},{\"@type\":\"WebSite\",\"@id\":\"https:\/\/bizalmikor.hu\/blog\/#website\",\"url\":\"https:\/\/bizalmikor.hu\/blog\/\",\"name\":\"Bizalmi K\\u00f6r blog\",\"description\":\"Egynek minden neh\\u00e9z, soknak semmi sem lehetetlen.\",\"publisher\":{\"@id\":\"https:\/\/bizalmikor.hu\/blog\/#organization\"},\"potentialAction\":[{\"@type\":\"SearchAction\",\"target\":\"https:\/\/bizalmikor.hu\/blog\/?s={search_term_string}\",\"query-input\":\"required name=search_term_string\"}],\"inLanguage\":\"hu\"},{\"@type\":\"ImageObject\",\"@id\":\"https:\/\/bizalmikor.hu\/blog\/2020\/04\/01\/igenis-probaljunk-meg-tanulni-a-nehezsegekbol\/#primaryimage\",\"inLanguage\":\"hu\",\"url\":\"https:\/\/bizalmikor.hu\/blog\/wp-content\/uploads\/2020\/04\/maxresdefault.jpg\",\"width\":1280,\"height\":720},{\"@type\":\"WebPage\",\"@id\":\"https:\/\/bizalmikor.hu\/blog\/2020\/04\/01\/igenis-probaljunk-meg-tanulni-a-nehezsegekbol\/#webpage\",\"url\":\"https:\/\/bizalmikor.hu\/blog\/2020\/04\/01\/igenis-probaljunk-meg-tanulni-a-nehezsegekbol\/\",\"name\":\"Igenis pr\\u00f3b\\u00e1ljunk meg tanulni a neh\\u00e9zs\\u00e9gekb\\u0151l\",\"isPartOf\":{\"@id\":\"https:\/\/bizalmikor.hu\/blog\/#website\"},\"primaryImageOfPage\":{\"@id\":\"https:\/\/bizalmikor.hu\/blog\/2020\/04\/01\/igenis-probaljunk-meg-tanulni-a-nehezsegekbol\/#primaryimage\"},\"datePublished\":\"2020-04-01T16:03:42+00:00\",\"dateModified\":\"2020-04-01T16:03:42+00:00\",\"inLanguage\":\"hu\",\"potentialAction\":[{\"@type\":\"ReadAction\",\"target\":[\"https:\/\/bizalmikor.hu\/blog\/2020\/04\/01\/igenis-probaljunk-meg-tanulni-a-nehezsegekbol\/\"]}]},{\"@type\":\"Article\",\"@id\":\"https:\/\/bizalmikor.hu\/blog\/2020\/04\/01\/igenis-probaljunk-meg-tanulni-a-nehezsegekbol\/#article\",\"isPartOf\":{\"@id\":\"https:\/\/bizalmikor.hu\/blog\/2020\/04\/01\/igenis-probaljunk-meg-tanulni-a-nehezsegekbol\/#webpage\"},\"author\":{\"@id\":\"https:\/\/bizalmikor.hu\/blog\/#\/schema\/person\/a89936ed381c3afa4cd7a27040dbfb07\"},\"headline\":\"Igenis pr\\u00f3b\\u00e1ljunk meg tanulni a neh\\u00e9zs\\u00e9gekb\\u0151l\",\"datePublished\":\"2020-04-01T16:03:42+00:00\",\"dateModified\":\"2020-04-01T16:03:42+00:00\",\"mainEntityOfPage\":{\"@id\":\"https:\/\/bizalmikor.hu\/blog\/2020\/04\/01\/igenis-probaljunk-meg-tanulni-a-nehezsegekbol\/#webpage\"},\"commentCount\":1,\"publisher\":{\"@id\":\"https:\/\/bizalmikor.hu\/blog\/#organization\"},\"image\":{\"@id\":\"https:\/\/bizalmikor.hu\/blog\/2020\/04\/01\/igenis-probaljunk-meg-tanulni-a-nehezsegekbol\/#primaryimage\"},\"articleSection\":\"COVID-19 \\u00fczleti tapasztalatok,V\\u00e1llalkoz\\u00e1s\",\"inLanguage\":\"hu\"},{\"@type\":\"Person\",\"@id\":\"https:\/\/bizalmikor.hu\/blog\/#\/schema\/person\/a89936ed381c3afa4cd7a27040dbfb07\",\"name\":\"Gangel P\\u00e9ter\",\"image\":{\"@type\":\"ImageObject\",\"@id\":\"https:\/\/bizalmikor.hu\/blog\/#personlogo\",\"inLanguage\":\"hu\",\"url\":\"https:\/\/secure.gravatar.com\/avatar\/ee1c6e901d6b9c50c9a2204252c914b4?s=96&d=mm&r=g\",\"caption\":\"Gangel P\\u00e9ter\"}}]}<\/script>\n<!-- \/ Yoast SEO plugin. -->","_links":{"self":[{"href":"https:\/\/bizalmikor.hu\/blog\/wp-json\/wp\/v2\/posts\/1950"}],"collection":[{"href":"https:\/\/bizalmikor.hu\/blog\/wp-json\/wp\/v2\/posts"}],"about":[{"href":"https:\/\/bizalmikor.hu\/blog\/wp-json\/wp\/v2\/types\/post"}],"author":[{"embeddable":true,"href":"https:\/\/bizalmikor.hu\/blog\/wp-json\/wp\/v2\/users\/3"}],"replies":[{"embeddable":true,"href":"https:\/\/bizalmikor.hu\/blog\/wp-json\/wp\/v2\/comments?post=1950"}],"version-history":[{"count":9,"href":"https:\/\/bizalmikor.hu\/blog\/wp-json\/wp\/v2\/posts\/1950\/revisions"}],"predecessor-version":[{"id":1962,"href":"https:\/\/bizalmikor.hu\/blog\/wp-json\/wp\/v2\/posts\/1950\/revisions\/1962"}],"wp:attachment":[{"href":"https:\/\/bizalmikor.hu\/blog\/wp-json\/wp\/v2\/media?parent=1950"}],"wp:term":[{"taxonomy":"category","embeddable":true,"href":"https:\/\/bizalmikor.hu\/blog\/wp-json\/wp\/v2\/categories?post=1950"},{"taxonomy":"post_tag","embeddable":true,"href":"https:\/\/bizalmikor.hu\/blog\/wp-json\/wp\/v2\/tags?post=1950"}],"curies":[{"name":"wp","href":"https:\/\/api.w.org\/{rel}","templated":true}]}}