{"id":1979,"date":"2020-04-06T10:12:17","date_gmt":"2020-04-06T10:12:17","guid":{"rendered":"https:\/\/bizalmikor.hu\/blog\/?p=1979"},"modified":"2020-04-06T10:13:36","modified_gmt":"2020-04-06T10:13:36","slug":"ferfikent-a-szellemi-integritas-megorzese-kulcskerdes-most","status":"publish","type":"post","link":"https:\/\/bizalmikor.hu\/blog\/2020\/04\/06\/ferfikent-a-szellemi-integritas-megorzese-kulcskerdes-most\/","title":{"rendered":"F\u00e9rfik\u00e9nt a szellemi integrit\u00e1s meg\u0151rz\u00e9se kulcsk\u00e9rd\u00e9s most"},"content":{"rendered":"\n<p><strong>F\u00e9rfik\u00e9nt c\u00e9lul kell kit\u0171zni a csal\u00e1don bel\u00fcli b\u00e9ke fenntart\u00e1s\u00e1t, mert a f\u00e9rfiak feladata stabilit\u00e1st vinni a csal\u00e1dba. Az energia beoszt\u00e1sa, a szellemi integrit\u00e1s meg\u0151rz\u00e9se, a test t\u00e1pl\u00e1l\u00e1sa \u00e9s az \u00e9rzelmek elhalaszt\u00e1sa kulcsk\u00e9rd\u00e9s a jelenlegi bizonytalan helyzetben. Most arra kell koncentr\u00e1lnunk, hogy a koronav\u00edrus v\u00e1ls\u00e1g v\u00e9gezt\u00e9vel mind fel tudjunk sorakozni \u00fajra a startvonalhoz, \u00e9s akkor legy\u00fcnk majd a legjobb form\u00e1nkban.<\/strong><\/p>\n\n\n\n<p>Bed\u0151 Imr\u00e9vel, a <a href=\"https:\/\/www.ferfiakklubja.hu\/fooldal\">F\u00e9rfiak Klubja<\/a> vezet\u0151j\u00e9vel besz\u00e9lgett\u00fcnk a f\u00e9rfiak szerep\u00e9r\u0151l \u00e9s feladatair\u00f3l a koronav\u00edrus v\u00e1ls\u00e1g megold\u00e1s\u00e1val kapcsolatban:<\/p>\n\n\n\n<p><strong>C\u00e9gvezet\u0151k\u00e9nt \u00e9s d\u00f6nt\u00e9shoz\u00f3k\u00e9nt rengeteg f\u00e9rfit \u00e1ll\u00edt kih\u00edv\u00e1sok el\u00e9 a mostani helyzet. Mit gondolsz err\u0151l?<\/strong><\/p>\n\n\n\n<p>C\u00e9gvezet\u0151k\u00e9nt \u00e9s munkav\u00e1llal\u00f3k\u00e9nt egyar\u00e1nt nagy kih\u00edv\u00e1sok el\u0151tt \u00e1llunk jelenleg. C\u00e9gvezet\u0151k\u00e9nt az\u00e9rt, mert nem tudjuk melyik ujjunkat harapjuk meg, mennyi tartal\u00e9kunk van, meddig tudunk mindenkit vinni a v\u00e1llunkon. Egyens\u00falyt kell tal\u00e1lni az erk\u00f6lcsi \u00e9s gazdas\u00e1gi megfontol\u00e1sok k\u00f6z\u00f6tt, ami egy\u00e1ltal\u00e1n nem k\u00f6nny\u0171.<\/p>\n\n\n\n<p>Munkav\u00e1llal\u00f3k\u00e9nt pedig az a bizonytalans\u00e1g okoz neh\u00e9zs\u00e9geket, amit bel\u00e1thatatlan ideig kell elt\u0171rni. Persze ez nemcsak a f\u00e9rfiakra igaz, ugyanis a magyar kult\u00fara mindig is a kem\u00e9ny n\u0151k \u00e9s f\u00e9rfiak kult\u00far\u00e1ja volt.<\/p>\n\n\n\n<p>A jelenlegi helyzetet pszich\u00e9sen neh\u00e9z elviselni, mert a bizonytalans\u00e1got kell t\u0171rni. Nem tudjuk mi fog t\u00f6rt\u00e9nni, mire kell felk\u00e9sz\u00fclni, \u00e9s meddig. Arra kell koncentr\u00e1lnunk, hogy a koronav\u00edrus v\u00e1ls\u00e1g v\u00e9gezt\u00e9vel mind fel tudjunk sorakozni \u00fajra a startvonalhoz. Akkor kell majd a lehet\u0151 legjobb \u00e1llapotban lenni.<\/p>\n\n\n\n<p>A f\u00e9rfiak feladata stabilit\u00e1st hozni a csal\u00e1dba. Ez\u00e9rt nem tehetj\u00fck meg, hogy az esetleges f\u00e9lelm\u00fcnket kimutatjuk. F\u00e9rfik\u00e9nt meg kell tanulni az \u00e9rzelmek elhalaszt\u00e1s\u00e1t, ehhez pedig a jelen helyzetben er\u0151teljes koncentr\u00e1ci\u00f3ra van sz\u00fcks\u00e9g.<\/p>\n\n\n\n<p>Miut\u00e1n kijutottunk a v\u00e1ls\u00e1gos helyzetb\u0151l, akkor id\u0151t \u00e9s energi\u00e1t kell majd ford\u00edtani a feldolgoz\u00e1sra. A most tan\u00fas\u00edtott er\u0151s tart\u00e1s ugyanis sokat kivesz bel\u0151l\u00fcnk \u00e9rzelmileg. A hossz\u00fa t\u00e1vra t\u00f6rt\u00e9n\u0151 felk\u00e9sz\u00fcl\u00e9s az energia beoszt\u00e1s\u00e1t, a szellemi integrit\u00e1s megtart\u00e1s\u00e1t, valamint a test t\u00e1pl\u00e1l\u00e1s\u00e1t jelenti mozg\u00e1ssal \u00e9s vitaminokkal.<\/p>\n\n\n\n<p><strong>Az eml\u00edtett startvonal kapcs\u00e1n egy defini\u00e1lt pillanatot, vagy sokkal ink\u00e1bb egy elh\u00faz\u00f3d\u00f3 folyamatot j\u00f3solsz?<\/strong><\/p>\n\n\n\n<p>Semmit nem tudunk jelen pillanatban, ugyanakkor sokkal ink\u00e1bb a fokozatos indul\u00e1st l\u00e1tom. \u00dajj\u00e1 kell \u00e9p\u00edteni a piacainkat \u00e9s meg kell l\u00e1tnunk, hogy egy\u00e1ltal\u00e1n kik maradtak. A szellemi integrit\u00e1sunkat mindenk\u00e9pp meg kell tartanunk, hogy a megfelel\u0151 id\u0151pontban oda tudjunk \u00e1llni a startvonalhoz.<\/p>\n\n\n\n<p>Ugyanakkor nem \u00e9rt k\u00f6r\u00fcln\u00e9zni, \u00e9s re\u00e1lisan felm\u00e9rni a vesz\u00e9lyeket. A nyugati vil\u00e1gban eg\u00e9sz egyszer\u0171en nagyon neh\u00e9z \u00e9hen halni. A rosszabb k\u00f6r\u00fclm\u00e9nyek \u00e9s a sz\u0171kebb \u00e9letvitel vesz\u00e9lye fenn\u00e1ll, ugyanakkor az \u00e9hhal\u00e1l gyakorlatilag kiz\u00e1rhat\u00f3.<\/p>\n\n\n\n<figure class=\"wp-block-image size-large is-resized\"><img loading=\"lazy\" decoding=\"async\" src=\"https:\/\/bizalmikor.hu\/blog\/wp-content\/uploads\/2020\/04\/bedoimre2-1024x576-1.jpg\" alt=\"\" class=\"wp-image-1986\" width=\"965\" height=\"543\" srcset=\"https:\/\/bizalmikor.hu\/blog\/wp-content\/uploads\/2020\/04\/bedoimre2-1024x576-1.jpg 1024w, https:\/\/bizalmikor.hu\/blog\/wp-content\/uploads\/2020\/04\/bedoimre2-1024x576-1-300x169.jpg 300w, https:\/\/bizalmikor.hu\/blog\/wp-content\/uploads\/2020\/04\/bedoimre2-1024x576-1-768x432.jpg 768w\" sizes=\"(max-width: 965px) 100vw, 965px\" \/><figcaption> <strong>&#8220;A jelenlegi helyzetet pszich\u00e9sen neh\u00e9z elviselni, mert a bizonytalans\u00e1got kell t\u0171rni. &#8220;<\/strong> <\/figcaption><\/figure>\n\n\n\n<p><strong>Mit gondolsz, merje-e a f\u00e9rfi gyeng\u00e9nek mutatni mag\u00e1t a n\u0151 el\u0151tt?<\/strong><\/p>\n\n\n\n<p>Persze j\u00f3l hangzik az \u00e9rzelmek kimutat\u00e1sa, ugyanakkor a f\u00e9rfi dolga a biztons\u00e1g sz\u00e1ll\u00edt\u00e1sa, valamint a biztons\u00e1g\u00e9rzet n\u00f6vel\u00e9se a csal\u00e1don bel\u00fcl. Ez\u00e9rt a medd\u0151 bizonytalans\u00e1got \u00e1lland\u00f3an bevinni a csal\u00e1dba nem tan\u00e1csos. Kell egy er\u0151s szem\u00e9ly, aki a csal\u00e1dtagok sz\u00e1m\u00e1ra viszony\u00edt\u00e1si pontk\u00e9nt szolg\u00e1l.<\/p>\n\n\n\n<p>A f\u00e9rfit\u00e1rsas\u00e1gok, mastermind csoportok pedig pontosan ez\u00e9rt hasznosak, mert ott fordulhat a f\u00e9rfi seg\u00edts\u00e9g\u00e9rt, ott ki lehet \u00f6nteni az \u00e9rzelmeket, egym\u00e1snak er\u0151t lehet adni. A bizonytalans\u00e1g \u00e9s a hossz\u00fa t\u00e1v miatt hihetetlen fesz\u00fclts\u00e9g van jelen a csal\u00e1dtagok k\u00f6z\u00f6tt. F\u00e9rfik\u00e9nt c\u00e9lul kell kit\u0171zni a csal\u00e1don bel\u00fcli b\u00e9ke fenntart\u00e1s\u00e1t. A b\u00e9ke fenntart\u00e1sa ad ugyanis lehet\u0151s\u00e9get arra, hogy b\u00e1rki \u00f6nmag\u00e1t\u00f3l is megold\u00e1sokat tal\u00e1ljon.<\/p>\n\n\n\n<p><strong>Az a fajta stabilit\u00e1s, ami tal\u00e1n ma a f\u00e9rfiak feladata, k\u00e9pes lehet-e arra, hogy az eg\u00e9sz orsz\u00e1got tov\u00e1bb vigye? Nek\u00fcnk f\u00e9rfiaknak kell megteremten\u00fcnk ezt a stabilit\u00e1st?<\/strong><\/p>\n\n\n\n<p>Azt l\u00e1tom sajnos, hogy a n\u0151k stabilit\u00e1sa eddig is er\u0151sebb volt a f\u00e9rfiak\u00e9n\u00e1l. Ilyen \u00e9rtelemben t\u00e9nyleg a f\u00e9rfiak stabilit\u00e1s\u00e1n m\u00falhat a helyzet megold\u00e1sa.&nbsp;<\/p>\n\n\n\n<p>F\u00e9rfik\u00e9nt nek\u00fcnk egy nagy \u00e1talakul\u00e1si k\u00e9nyszert jelent most, hogy bele kell \u00e1llnunk a komolyabb feladatokba. A gazdas\u00e1got \u00e9s az orsz\u00e1got ez a helyt\u00e1ll\u00e1s \u00e9s metamorf\u00f3zis fogja el\u0151re vinni, amit most meg kell \u00e9lni. A j\u00f6v\u0151 otthon \u00e9p\u00fcl. Sz\u00f3val igen, a kil\u00e1bal\u00e1s a f\u00e9rfiak stabilit\u00e1s\u00e1n m\u00falik, ugyanakkor ehhez igencsak \u00f6ssze kell szedni\u00fck magukat.<\/p>\n\n\n\n<hr class=\"wp-block-separator\"\/>\n\n\n\n<h1 class=\"has-text-align-center wp-block-heading\">Szeretn\u00e9l megismerkedni klubtagjainkkal? K\u00e9rj egy megh\u00edv\u00f3t!<\/h1>\n\n\n\n<div class=\"wp-block-button aligncenter\"><a class=\"wp-block-button__link has-background\" href=\"https:\/\/bizalmikor.hu\/kapcsolat\/\" style=\"background-color:#14496b\" target=\"_blank\" rel=\"noreferrer noopener\"><strong>\u00c9rdekel a Bizalmi K\u00f6r klubtags\u00e1g<\/strong><\/a><\/div>\n\n\n\n<h1 class=\"has-text-align-center wp-block-heading\">Szeretn\u00e9l megismerkedni klubtagjainkkal? K\u00e9rj egy megh\u00edv\u00f3t!<\/h1>\n","protected":false},"excerpt":{"rendered":"<p>F\u00e9rfik\u00e9nt c\u00e9lul kell kit\u0171zni a csal\u00e1don bel\u00fcli b\u00e9ke fenntart\u00e1s\u00e1t, mert a f\u00e9rfiak feladata stabilit\u00e1st vinni a csal\u00e1dba. Az energia beoszt\u00e1sa, a szellemi integrit\u00e1s meg\u0151rz\u00e9se, a test t\u00e1pl\u00e1l\u00e1sa \u00e9s az \u00e9rzelmek elhalaszt\u00e1sa kulcsk\u00e9rd\u00e9s a jelenlegi bizonytalan helyzetben. Most arra kell koncentr\u00e1lnunk, hogy a koronav\u00edrus v\u00e1ls\u00e1g v\u00e9gezt\u00e9vel mind fel tudjunk sorakozni \u00fajra a startvonalhoz, \u00e9s akkor legy\u00fcnk majd a legjobb form\u00e1nkban. Bed\u0151 Imr\u00e9vel, a F\u00e9rfiak Klubja vezet\u0151j\u00e9vel besz\u00e9lgett\u00fcnk.<\/p>\n","protected":false},"author":3,"featured_media":1985,"comment_status":"closed","ping_status":"open","sticky":false,"template":"","format":"standard","meta":{"footnotes":""},"categories":[25,16],"tags":[],"yoast_head":"<!-- This site is optimized with the Yoast SEO plugin v15.4 - https:\/\/yoast.com\/wordpress\/plugins\/seo\/ -->\n<title>F\u00e9rfik\u00e9nt a szellemi integrit\u00e1s meg\u0151rz\u00e9se kulcsk\u00e9rd\u00e9s most<\/title>\n<meta name=\"robots\" content=\"index, follow, max-snippet:-1, max-image-preview:large, max-video-preview:-1\" \/>\n<link rel=\"canonical\" href=\"https:\/\/bizalmikor.hu\/blog\/2020\/04\/06\/ferfikent-a-szellemi-integritas-megorzese-kulcskerdes-most\/\" \/>\n<meta property=\"og:locale\" content=\"hu_HU\" \/>\n<meta property=\"og:type\" content=\"article\" \/>\n<meta property=\"og:title\" content=\"F\u00e9rfik\u00e9nt a szellemi integrit\u00e1s meg\u0151rz\u00e9se kulcsk\u00e9rd\u00e9s most\" \/>\n<meta property=\"og:description\" content=\"F\u00e9rfik\u00e9nt c\u00e9lul kell kit\u0171zni a csal\u00e1don bel\u00fcli b\u00e9ke fenntart\u00e1s\u00e1t, mert a f\u00e9rfiak feladata stabilit\u00e1st vinni a csal\u00e1dba. Az energia beoszt\u00e1sa, a szellemi integrit\u00e1s meg\u0151rz\u00e9se, a test t\u00e1pl\u00e1l\u00e1sa \u00e9s az \u00e9rzelmek elhalaszt\u00e1sa kulcsk\u00e9rd\u00e9s a jelenlegi bizonytalan helyzetben. Most arra kell koncentr\u00e1lnunk, hogy a koronav\u00edrus v\u00e1ls\u00e1g v\u00e9gezt\u00e9vel mind fel tudjunk sorakozni \u00fajra a startvonalhoz, \u00e9s akkor legy\u00fcnk majd a legjobb form\u00e1nkban. Bed\u0151 Imr\u00e9vel, a F\u00e9rfiak Klubja vezet\u0151j\u00e9vel besz\u00e9lgett\u00fcnk.\" \/>\n<meta property=\"og:url\" content=\"https:\/\/bizalmikor.hu\/blog\/2020\/04\/06\/ferfikent-a-szellemi-integritas-megorzese-kulcskerdes-most\/\" \/>\n<meta property=\"og:site_name\" content=\"Bizalmi K\u00f6r blog\" \/>\n<meta property=\"article:publisher\" content=\"https:\/\/www.facebook.com\/bizalmikor\" \/>\n<meta property=\"article:published_time\" content=\"2020-04-06T10:12:17+00:00\" \/>\n<meta property=\"article:modified_time\" content=\"2020-04-06T10:13:36+00:00\" \/>\n<meta property=\"og:image\" content=\"https:\/\/bizalmikor.hu\/blog\/wp-content\/uploads\/2020\/04\/unnamed-1.jpg\" \/>\n\t<meta property=\"og:image:width\" content=\"512\" \/>\n\t<meta property=\"og:image:height\" content=\"341\" \/>\n<meta name=\"twitter:card\" content=\"summary_large_image\" \/>\n<meta name=\"twitter:label1\" content=\"Szerz\u0151:\">\n\t<meta name=\"twitter:data1\" content=\"Gangel P\u00e9ter\">\n\t<meta name=\"twitter:label2\" content=\"Becs\u00fclt olvas\u00e1si id\u0151\">\n\t<meta name=\"twitter:data2\" content=\"4 perc\">\n<script type=\"application\/ld+json\" class=\"yoast-schema-graph\">{\"@context\":\"https:\/\/schema.org\",\"@graph\":[{\"@type\":\"Organization\",\"@id\":\"https:\/\/bizalmikor.hu\/blog\/#organization\",\"name\":\"Bizalmi K\\u00f6r Kft.\",\"url\":\"https:\/\/bizalmikor.hu\/blog\/\",\"sameAs\":[\"https:\/\/www.facebook.com\/bizalmikor\",\"https:\/\/www.instagram.com\/bizalmikor\/\",\"https:\/\/www.linkedin.com\/company\/19165894\",\"https:\/\/www.youtube.com\/channel\/UC7fAD3QCIWeSexU5t6F3YOw?view_as=subscriber\"],\"logo\":{\"@type\":\"ImageObject\",\"@id\":\"https:\/\/bizalmikor.hu\/blog\/#logo\",\"inLanguage\":\"hu\",\"url\":\"https:\/\/bizalmikor.hu\/blog\/wp-content\/uploads\/2019\/02\/Group-2.png\",\"width\":4033,\"height\":1192,\"caption\":\"Bizalmi K\\u00f6r Kft.\"},\"image\":{\"@id\":\"https:\/\/bizalmikor.hu\/blog\/#logo\"}},{\"@type\":\"WebSite\",\"@id\":\"https:\/\/bizalmikor.hu\/blog\/#website\",\"url\":\"https:\/\/bizalmikor.hu\/blog\/\",\"name\":\"Bizalmi K\\u00f6r blog\",\"description\":\"Egynek minden neh\\u00e9z, soknak semmi sem lehetetlen.\",\"publisher\":{\"@id\":\"https:\/\/bizalmikor.hu\/blog\/#organization\"},\"potentialAction\":[{\"@type\":\"SearchAction\",\"target\":\"https:\/\/bizalmikor.hu\/blog\/?s={search_term_string}\",\"query-input\":\"required name=search_term_string\"}],\"inLanguage\":\"hu\"},{\"@type\":\"ImageObject\",\"@id\":\"https:\/\/bizalmikor.hu\/blog\/2020\/04\/06\/ferfikent-a-szellemi-integritas-megorzese-kulcskerdes-most\/#primaryimage\",\"inLanguage\":\"hu\",\"url\":\"https:\/\/bizalmikor.hu\/blog\/wp-content\/uploads\/2020\/04\/unnamed-1.jpg\",\"width\":512,\"height\":341},{\"@type\":\"WebPage\",\"@id\":\"https:\/\/bizalmikor.hu\/blog\/2020\/04\/06\/ferfikent-a-szellemi-integritas-megorzese-kulcskerdes-most\/#webpage\",\"url\":\"https:\/\/bizalmikor.hu\/blog\/2020\/04\/06\/ferfikent-a-szellemi-integritas-megorzese-kulcskerdes-most\/\",\"name\":\"F\\u00e9rfik\\u00e9nt a szellemi integrit\\u00e1s meg\\u0151rz\\u00e9se kulcsk\\u00e9rd\\u00e9s most\",\"isPartOf\":{\"@id\":\"https:\/\/bizalmikor.hu\/blog\/#website\"},\"primaryImageOfPage\":{\"@id\":\"https:\/\/bizalmikor.hu\/blog\/2020\/04\/06\/ferfikent-a-szellemi-integritas-megorzese-kulcskerdes-most\/#primaryimage\"},\"datePublished\":\"2020-04-06T10:12:17+00:00\",\"dateModified\":\"2020-04-06T10:13:36+00:00\",\"inLanguage\":\"hu\",\"potentialAction\":[{\"@type\":\"ReadAction\",\"target\":[\"https:\/\/bizalmikor.hu\/blog\/2020\/04\/06\/ferfikent-a-szellemi-integritas-megorzese-kulcskerdes-most\/\"]}]},{\"@type\":\"Article\",\"@id\":\"https:\/\/bizalmikor.hu\/blog\/2020\/04\/06\/ferfikent-a-szellemi-integritas-megorzese-kulcskerdes-most\/#article\",\"isPartOf\":{\"@id\":\"https:\/\/bizalmikor.hu\/blog\/2020\/04\/06\/ferfikent-a-szellemi-integritas-megorzese-kulcskerdes-most\/#webpage\"},\"author\":{\"@id\":\"https:\/\/bizalmikor.hu\/blog\/#\/schema\/person\/a89936ed381c3afa4cd7a27040dbfb07\"},\"headline\":\"F\\u00e9rfik\\u00e9nt a szellemi integrit\\u00e1s meg\\u0151rz\\u00e9se kulcsk\\u00e9rd\\u00e9s most\",\"datePublished\":\"2020-04-06T10:12:17+00:00\",\"dateModified\":\"2020-04-06T10:13:36+00:00\",\"mainEntityOfPage\":{\"@id\":\"https:\/\/bizalmikor.hu\/blog\/2020\/04\/06\/ferfikent-a-szellemi-integritas-megorzese-kulcskerdes-most\/#webpage\"},\"publisher\":{\"@id\":\"https:\/\/bizalmikor.hu\/blog\/#organization\"},\"image\":{\"@id\":\"https:\/\/bizalmikor.hu\/blog\/2020\/04\/06\/ferfikent-a-szellemi-integritas-megorzese-kulcskerdes-most\/#primaryimage\"},\"articleSection\":\"COVID-19 \\u00fczleti tapasztalatok,V\\u00e1llalkoz\\u00e1s\",\"inLanguage\":\"hu\"},{\"@type\":\"Person\",\"@id\":\"https:\/\/bizalmikor.hu\/blog\/#\/schema\/person\/a89936ed381c3afa4cd7a27040dbfb07\",\"name\":\"Gangel P\\u00e9ter\",\"image\":{\"@type\":\"ImageObject\",\"@id\":\"https:\/\/bizalmikor.hu\/blog\/#personlogo\",\"inLanguage\":\"hu\",\"url\":\"https:\/\/secure.gravatar.com\/avatar\/ee1c6e901d6b9c50c9a2204252c914b4?s=96&d=mm&r=g\",\"caption\":\"Gangel P\\u00e9ter\"}}]}<\/script>\n<!-- \/ Yoast SEO plugin. -->","_links":{"self":[{"href":"https:\/\/bizalmikor.hu\/blog\/wp-json\/wp\/v2\/posts\/1979"}],"collection":[{"href":"https:\/\/bizalmikor.hu\/blog\/wp-json\/wp\/v2\/posts"}],"about":[{"href":"https:\/\/bizalmikor.hu\/blog\/wp-json\/wp\/v2\/types\/post"}],"author":[{"embeddable":true,"href":"https:\/\/bizalmikor.hu\/blog\/wp-json\/wp\/v2\/users\/3"}],"replies":[{"embeddable":true,"href":"https:\/\/bizalmikor.hu\/blog\/wp-json\/wp\/v2\/comments?post=1979"}],"version-history":[{"count":9,"href":"https:\/\/bizalmikor.hu\/blog\/wp-json\/wp\/v2\/posts\/1979\/revisions"}],"predecessor-version":[{"id":1999,"href":"https:\/\/bizalmikor.hu\/blog\/wp-json\/wp\/v2\/posts\/1979\/revisions\/1999"}],"wp:featuredmedia":[{"embeddable":true,"href":"https:\/\/bizalmikor.hu\/blog\/wp-json\/wp\/v2\/media\/1985"}],"wp:attachment":[{"href":"https:\/\/bizalmikor.hu\/blog\/wp-json\/wp\/v2\/media?parent=1979"}],"wp:term":[{"taxonomy":"category","embeddable":true,"href":"https:\/\/bizalmikor.hu\/blog\/wp-json\/wp\/v2\/categories?post=1979"},{"taxonomy":"post_tag","embeddable":true,"href":"https:\/\/bizalmikor.hu\/blog\/wp-json\/wp\/v2\/tags?post=1979"}],"curies":[{"name":"wp","href":"https:\/\/api.w.org\/{rel}","templated":true}]}}