{"id":1991,"date":"2020-04-06T10:00:45","date_gmt":"2020-04-06T10:00:45","guid":{"rendered":"https:\/\/bizalmikor.hu\/blog\/?p=1991"},"modified":"2020-04-06T10:21:05","modified_gmt":"2020-04-06T10:21:05","slug":"az-offline-kereskedelem-nem-fog-lepest-tartani-az-online-ertekesitessel","status":"publish","type":"post","link":"https:\/\/bizalmikor.hu\/blog\/2020\/04\/06\/az-offline-kereskedelem-nem-fog-lepest-tartani-az-online-ertekesitessel\/","title":{"rendered":"Az offline kereskedelem  nem fog l\u00e9p\u00e9st tartani az online \u00e9rt\u00e9kes\u00edt\u00e9ssel"},"content":{"rendered":"\n<p><strong>Az automatiz\u00e1ci\u00f3, illetve a mesters\u00e9ges intelligencia alkalmaz\u00e1sa egyre ink\u00e1bb cs\u00f6kkentheti az \u00e9l\u0151munka sz\u00fcks\u00e9gess\u00e9g\u00e9t a kereskedelemben. Kiemelt szerepet kaphatnak p\u00e9ld\u00e1ul az automata rendszerek, valamint az \u00f6nkiszolg\u00e1l\u00f3 p\u00e9nzt\u00e1rg\u00e9pek.<\/strong><\/p>\n\n\n\n<p>A j\u00f6v\u0151ben eg\u00e9szen m\u00e1s hangs\u00falyt fog kapni az eg\u00e9szs\u00e9g\u00fcnk, ennek k\u00f6vetkezt\u00e9ben pedig egyre hangs\u00falyosabb lesz az online \u00e9rt\u00e9kes\u00edt\u00e9s. A hagyom\u00e1nyos kereskedelem a mesters\u00e9ges intelligencia miatt is egyre kev\u00e9sb\u00e9 lesz versenyk\u00e9pes az ecommerce ter\u00fclet\u00e9vel.<\/p>\n\n\n\n<p>Bessenyei Istv\u00e1nnal, a <a href=\"https:\/\/laurel.hu\/\">Laurel Kft.<\/a> \u00fcgyvezet\u0151 igazgat\u00f3j\u00e1val besz\u00e9lgett\u00fcnk a koronav\u00edrus v\u00e1ls\u00e1g online \u00e9s offline kereskedelemre gyakorolt hat\u00e1sair\u00f3l:<\/p>\n\n\n\n<p><strong>Hogyan \u00e9rintett benneteket a kialakult helyzet, illetve milyen int\u00e9zked\u00e9seket vezettetek be a felk\u00e9sz\u00fcl\u00e9s jegy\u00e9ben?<\/strong><\/p>\n\n\n\n<p>Az eg\u00e9sz vil\u00e1ghoz hasonl\u00f3an minket is v\u00e1ratlanul \u00e9rintett a koronav\u00edrus v\u00e1ls\u00e1g. Az \u00faj helyzet \u00faj kih\u00edv\u00e1sok el\u00e9 \u00e1ll\u00edtja az embert, ez\u00e9rt a higgadt \u00e9s \u00e1tgondolt d\u00f6nt\u00e9shozatal kulcsfontoss\u00e1g\u00fa. Ilyenkor alkalmazkodni kell, tov\u00e1bb\u00e1 igazodni a kialakult szitu\u00e1ci\u00f3hoz. Abban hiszek, hogyha p\u00e1nik helyett az alkalmazkod\u00e1sra t\u00f6reksz\u00fcnk, akkor t\u00fallend\u00fclhet\u00fcnk a mostani neh\u00e9zs\u00e9geken is.<\/p>\n\n\n\n<p><strong>Ti hogy l\u00e1tj\u00e1tok a kereskedelem helyzet\u00e9t, mik a tapasztalataitok a szektorban?<\/strong><\/p>\n\n\n\n<p>A kereskedelemnek azon \u00e1gaira most nagyobb felel\u0151ss\u00e9g h\u00e1rul, amelyek az emberek napi meg\u00e9lhet\u00e9s\u00e9t biztos\u00edtj\u00e1k. A gazdas\u00e1g nem \u00e1llhat meg, \u00e9s bizony vannak olyan szerepl\u0151k, akikre mindenk\u00e9ppen sz\u00fcks\u00e9g van a jelenlegi helyzetben.<\/p>\n\n\n\n<p>Az \u00e9lelmiszer, a termel\u00e9s, valamint az alapvet\u0151 szolg\u00e1ltat\u00e1sok n\u00e9lk\u00fcl\u00f6zhetetlenek. Azt l\u00e1tjuk, hogy ezeken a ter\u00fcleteken kem\u00e9ny helyt\u00e1ll\u00e1sra van sz\u00fcks\u00e9g. Szolg\u00e1ltat\u00f3k\u00e9nt pedig a mi felel\u0151ss\u00e9g\u00fcnk, hogy a kereskedelem zavartalan m\u0171k\u00f6d\u00e9s\u00e9t biztos\u00edtani tudjuk. A csapatunk tagjai k\u00f6z\u00fcl mennek \u00e9s teszik a dolgukat azok a szem\u00e9lyek, akiknek a munk\u00e1ja nagy seg\u00edts\u00e9g a kereskedelemben.<\/p>\n\n\n\n<p>A szellemi munk\u00e1t v\u00e9gz\u0151 koll\u00e9g\u00e1k r\u00e9sz\u00e9re lehet\u0151v\u00e9 tett\u00fck a home officet, erre egy\u00e9bk\u00e9nt pillanatok alatt \u00e1lltunk \u00e1t, mivel IT c\u00e9gk\u00e9nt ez nyilv\u00e1n nem okozott k\u00fcl\u00f6n\u00f6sebb gondot. A hazai telephelyeink k\u00f6z\u00f6tt \u00e9vek \u00f3ta m\u0171k\u00f6dnek m\u00e1r a vide\u00f3konferenci\u00e1k \u00e9s online t\u00e1rgyal\u00e1sok, illetve nemzetk\u00f6zi viszonylatban is megvannak a sz\u00fcks\u00e9ges tapasztalataink.<\/p>\n\n\n\n<p>Felel\u0151ss\u00e9g\u00fcnk \u00e9s dolgunk van teh\u00e1t ebben a helyzetben, amit igyeksz\u00fcnk marad\u00e9ktalanul elv\u00e9gezni.<\/p>\n\n\n\n<p><strong>Hogyan l\u00e1tod a kereskedelem helyzet\u00e9t jelenleg?&nbsp;<\/strong><\/p>\n\n\n\n<p>Mi azt l\u00e1ttuk, hogy a maga m\u00f3dj\u00e1n a kereskedelem is igyekezett min\u00e9l jobban felk\u00e9sz\u00fclni, a dolgoz\u00f3k v\u00e9delm\u00e9ben is rengeteg \u00f3vint\u00e9zked\u00e9st tettek. \u00dagy gondolom, hogy a rendszerekben \u00e9s operat\u00edv m\u0171k\u00f6d\u00e9sekben jelenleg minimaliz\u00e1lni kell az emberi kontaktok mennyis\u00e9g\u00e9t.<\/p>\n\n\n\n<p>N\u00e1lunk ez\u00e9rt kiemelt szerepet kapnak p\u00e9ld\u00e1ul az automata rendszerek \u00e9s \u00f6nkiszolg\u00e1l\u00f3 p\u00e9nzt\u00e1rg\u00e9pek. Fontos kiemelni a mi rendszer\u00fcnkkel kapcsolatban, hogy vil\u00e1gviszonylatban is meg\u00e1llja a hely\u00e9t, ugyanakkor a magyar keresked\u0151k sz\u00e1m\u00e1ra is megfizethet\u0151 \u00e1ron szerezhet\u0151 be. Ez komoly seg\u00edts\u00e9get jelenthet a l\u00e9tsz\u00e1mhi\u00e1ny kezel\u00e9s\u00e9ben, valamint a m\u0171k\u00f6d\u00e9si k\u00f6lts\u00e9gek alacsony szinten tart\u00e1s\u00e1ban.<\/p>\n\n\n\n<p>A kereskedelemben az automatiz\u00e1ci\u00f3, valamint a mesters\u00e9ges intelligencia alkalmaz\u00e1sa cs\u00f6kkentheti az \u00e9l\u0151munka sz\u00fcks\u00e9gess\u00e9g\u00e9t. Ez\u00e1ltal pedig l\u00e9p\u00e9seket tehet\u00fcnk a fokozottabb biztons\u00e1g \u00e9rdek\u00e9ben is.<\/p>\n\n\n\n<p>A forint gyeng\u00fcl\u00e9se \u00e1remelked\u00e9st hozhat mag\u00e1val sz\u00e1mos \u00e1rucikk kapcs\u00e1n, emiatt sokat kell cser\u00e9lgetni az \u00e1r c\u00edmk\u00e9ket. Az elektromos polc c\u00edmk\u00e9k alkalmaz\u00e1sa viszont biztons\u00e1gosabb\u00e1 teheti ezeknek a feladatoknak az elv\u00e9gz\u00e9s\u00e9t. Tov\u00e1bb\u00e1 kidolgoztunk olyan automata rendel\u00e9slead\u00f3 rendszereket is, amelyekkel a k\u00e9szlethi\u00e1ny kialakul\u00e1s\u00e1t minimaliz\u00e1lni lehet.<\/p>\n\n\n\n<p>Folyamatosan azon dolgozunk teh\u00e1t, hogy n\u00f6velni tudjuk a kereskedelem hat\u00e9konys\u00e1g\u00e1t, a jelen helyzetben eg\u00e9szs\u00e9g\u00fcgyi kock\u00e1zatot jelent\u0151 \u00e9l\u0151munka sz\u00fcks\u00e9gess\u00e9g\u00e9t pedig cs\u00f6kkents\u00fck.<\/p>\n\n\n\n<figure class=\"wp-block-image size-large\"><img loading=\"lazy\" decoding=\"async\" width=\"1024\" height=\"683\" src=\"https:\/\/bizalmikor.hu\/blog\/wp-content\/uploads\/2020\/04\/PR_Laurel_Bessenyei_Is_opt3-1024x683.jpeg\" alt=\"\" class=\"wp-image-1993\" srcset=\"https:\/\/bizalmikor.hu\/blog\/wp-content\/uploads\/2020\/04\/PR_Laurel_Bessenyei_Is_opt3-1024x683.jpeg 1024w, https:\/\/bizalmikor.hu\/blog\/wp-content\/uploads\/2020\/04\/PR_Laurel_Bessenyei_Is_opt3-300x200.jpeg 300w, https:\/\/bizalmikor.hu\/blog\/wp-content\/uploads\/2020\/04\/PR_Laurel_Bessenyei_Is_opt3-768x512.jpeg 768w, https:\/\/bizalmikor.hu\/blog\/wp-content\/uploads\/2020\/04\/PR_Laurel_Bessenyei_Is_opt3-1536x1025.jpeg 1536w, https:\/\/bizalmikor.hu\/blog\/wp-content\/uploads\/2020\/04\/PR_Laurel_Bessenyei_Is_opt3-2048x1366.jpeg 2048w\" sizes=\"(max-width: 1024px) 100vw, 1024px\" \/><figcaption><strong>&#8221; A kereskedelemnek azon \u00e1gaira most nagyobb felel\u0151ss\u00e9g h\u00e1rul, amelyek az emberek napi meg\u00e9lhet\u00e9s\u00e9t biztos\u00edtj\u00e1k. &#8220;<\/strong><\/figcaption><\/figure>\n\n\n\n<p><strong>Elk\u00e9pzelhet\u0151-e az elad\u00f3k n\u00e9lk\u00fcli boltok megjelen\u00e9se a j\u00f6v\u0151ben?<\/strong><\/p>\n\n\n\n<p>Abszol\u00fat, ugyanakkor ennek is meglesznek a fokozatai. Ahol az emberek ig\u00e9nylik az \u00e9lm\u00e9nyt, ott mindenk\u00e9ppen meg kell adni ezt nekik. Ahol viszont a min\u00e9l gyorsabb halad\u00e1s a c\u00e9l, ott az automatiz\u00e1l\u00e1s jelenti a j\u00f6v\u0151t.&nbsp; Ha kicsiben is, de erre \u00e9kes p\u00e9ld\u00e1t szolg\u00e1ltatnak az \u00e9lelmiszer automat\u00e1k. A technikai felt\u00e9telek egyre ink\u00e1bb adottak ehhez, b\u00e1tor \u00e9s innovat\u00edv szeml\u00e9lettel rendelkez\u0151 keresked\u0151k \u00e9s boltosok kellenek a bevezet\u00e9shez.<\/p>\n\n\n\n<p><strong>Szerinted az online kereskedelem teljesen kiszor\u00edthatja az offline v\u00e1s\u00e1rl\u00e1st, vagy a j\u00e1rv\u00e1ny ut\u00e1n visszat\u00e9r\u00fcnk a boltokba?<\/strong><\/p>\n\n\n\n<p>A keresked\u0151k r\u00e9sz\u00e9r\u0151l most megn\u00f6vekedett ig\u00e9ny tapasztalhat\u00f3 az online webshopok \u00e9s megold\u00e1sok ir\u00e1nt. Abban pedig abszol\u00fat hiszek, hogy a koronav\u00edrus traum\u00e1val \u00e9r fel az emberis\u00e9gnek, a hat\u00e1s\u00e1ra pedig sok minden v\u00e1ltozik majd. Kicsit jobban megtanuljuk \u00e9rt\u00e9kelni a dolgokat, az eg\u00e9szs\u00e9g\u00fcnk pedig eg\u00e9szen m\u00e1s hangs\u00falyt fog kapni. A higi\u00e9nia pedig m\u00e9g fontosabb lesz ak\u00e1r a kereskedelem szempontj\u00e1b\u00f3l is. Egy\u00fattal azt is gondolom, hogy egyre hangs\u00falyosabb lesz az online \u00e9rt\u00e9kes\u00edt\u00e9s.<\/p>\n\n\n\n<p>Az emberek most egyfajta k\u00e9nyszerhelyzetben esnek \u00e1t az online v\u00e1s\u00e1rl\u00e1s t\u0171zkereszts\u00e9g\u00e9n, ez\u00e9rt&nbsp; a j\u00f6v\u0151ben kev\u00e9sb\u00e9 fognak tartani t\u0151le. A hagyom\u00e1nyos kereskedelem a mesters\u00e9ges intelligencia miatt is egyre kev\u00e9sb\u00e9 lesz versenyk\u00e9pes az ecommerce ter\u00fclet\u00e9vel. Amennyiben egy keresked\u0151 kell\u0151 kreativit\u00e1ssal rendelkezik, akkor az \u00fajonnan form\u00e1l\u00f3d\u00f3 vil\u00e1gban is megtal\u00e1lhatja a lehet\u0151s\u00e9geket.<\/p>\n\n\n\n<p><strong>Mennyire sz\u00e1m\u00edtasz az okos otthonok, illetve a hozz\u00e1 hasonl\u00f3 automatiz\u00e1lt folyamatok elterjed\u00e9s\u00e9re?<\/strong><\/p>\n\n\n\n<p>Mivel az automatiz\u00e1ci\u00f3 \u00e9s a mesters\u00e9ges intelligencia rengeteg el\u0151nyt jelent, ez\u00e9rt nehezen tudn\u00e1nk elker\u00fclni a t\u00e9rnyer\u00e9s\u00fcket. Ugyanakkor ebben sem \u00e1rt m\u00e9rt\u00e9ket tartani, mert emberk\u00e9nt sz\u00fcks\u00e9g\u00fcnk van a fizikai aktivit\u00e1sra. Hogyha az automatiz\u00e1ci\u00f3 egy monoton, \u00e9s kev\u00e9s hozz\u00e1adott \u00e9rt\u00e9kkel b\u00edr\u00f3 munk\u00e1t v\u00e1lt ki, az hasznos dolog. Emberi felel\u0151ss\u00e9g\u00fcnk, hogy a g\u00e9pek \u00e1ltal kiv\u00e1ltott tev\u00e9kenys\u00e9gekben megtal\u00e1ljuk a sz\u00fcks\u00e9ges harm\u00f3ni\u00e1t.<\/p>\n\n\n\n<p><strong>Z\u00e1r\u00e1sk\u00e9nt az lenne m\u00e9g a k\u00e9rd\u00e9s\u00fcnk, hogy mik\u00e9nt telnek most a napjaid, mi a rutinod?<\/strong><\/p>\n\n\n\n<p>C\u00e9gvezet\u0151k\u00e9nt, f\u00e9rjk\u00e9nt \u00e9s csal\u00e1dapak\u00e9nt el\u00e9g nagy a felel\u0151ss\u00e9gi k\u00f6r\u00f6m. Ez\u00e9rt kem\u00e9nyen kell dolgoznom, hogy a lehet\u0151 legjobban \u00e9lj\u00fck meg egy\u00fctt a mostani helyzetet. Home office-ban dolgozunk, \u00e9s bizony sokkal t\u00f6bbet a megszokottn\u00e1l. Emellett napi szinten figyel\u00fcnk az eg\u00e9szs\u00e9g\u00fcgyi s\u00e9t\u00e1kra, illetve n\u00e9mi sportol\u00e1sra is rendszeresen sort ker\u00edt\u00fcnk.<\/p>\n\n\n\n<p>Fittnek kell maradnunk, ez\u00e9rt a mozg\u00e1s mellett vitaminokkal is igyekszem er\u0151s\u00edteni az immunrendszerem. Igyekszem csak a j\u00f3 h\u00edrekre f\u00f3kusz\u00e1lni, \u00e9s b\u00edzom a magasan kvalifik\u00e1lt kutat\u00f3k munk\u00e1j\u00e1ban. Optimista vagyok, szerintem \u00f6sszefog\u00e1ssal \u00e9s egy\u00fcttm\u0171k\u00f6d\u00e9ssel sikeresen t\u00fallehet\u00fcnk ezen a helyzeten.<\/p>\n\n\n\n<p><strong>Amikor pedig v\u00e9ge lesz ennek az \u00e1tmeneti peri\u00f3dusnak, akkor v\u00e1rok egy nagy felvir\u00e1gz\u00e1st, amikor nagyobb \u00e9letkedvvel teszi mindenki a dolg\u00e1t.<\/strong><\/p>\n\n\n\n<hr class=\"wp-block-separator\"\/>\n\n\n\n<h1 class=\"has-text-align-center wp-block-heading\">Szeretn\u00e9l megismerkedni klubtagjainkkal? K\u00e9rj egy megh\u00edv\u00f3t!<\/h1>\n\n\n\n<div class=\"wp-block-button aligncenter\"><a class=\"wp-block-button__link has-background\" href=\"https:\/\/bizalmikor.hu\/kapcsolat\/\" style=\"background-color:#14496b\" target=\"_blank\" rel=\"noreferrer noopener\"><strong>\u00c9rdekel a Bizalmi K\u00f6r klubtags\u00e1g<\/strong><\/a><\/div>\n\n\n\n<hr class=\"wp-block-separator\"\/>\n","protected":false},"excerpt":{"rendered":"<p>Az automatiz\u00e1ci\u00f3, illetve a mesters\u00e9ges intelligencia alkalmaz\u00e1sa egyre ink\u00e1bb cs\u00f6kkentheti az \u00e9l\u0151munka sz\u00fcks\u00e9gess\u00e9g\u00e9t a kereskedelemben. Kiemelt szerepet kaphatnak p\u00e9ld\u00e1ul az automata rendszerek, valamint az \u00f6nkiszolg\u00e1l\u00f3 p\u00e9nzt\u00e1rg\u00e9pek. Bessenyei Istv\u00e1nnal, a Laurel Kft. \u00fcgyvezet\u0151 igazgat\u00f3j\u00e1val besz\u00e9lgett\u00fcnk. <\/p>\n","protected":false},"author":3,"featured_media":1993,"comment_status":"closed","ping_status":"open","sticky":false,"template":"","format":"standard","meta":{"footnotes":""},"categories":[25,16],"tags":[],"yoast_head":"<!-- This site is optimized with the Yoast SEO plugin v15.4 - https:\/\/yoast.com\/wordpress\/plugins\/seo\/ -->\n<title>Az offline kereskedelem nem fog l\u00e9p\u00e9st tartani az online \u00e9rt\u00e9kes\u00edt\u00e9ssel<\/title>\n<meta name=\"robots\" content=\"index, follow, max-snippet:-1, max-image-preview:large, max-video-preview:-1\" \/>\n<link rel=\"canonical\" href=\"https:\/\/bizalmikor.hu\/blog\/2020\/04\/06\/az-offline-kereskedelem-nem-fog-lepest-tartani-az-online-ertekesitessel\/\" \/>\n<meta property=\"og:locale\" content=\"hu_HU\" \/>\n<meta property=\"og:type\" content=\"article\" \/>\n<meta property=\"og:title\" content=\"Az offline kereskedelem nem fog l\u00e9p\u00e9st tartani az online \u00e9rt\u00e9kes\u00edt\u00e9ssel\" \/>\n<meta property=\"og:description\" content=\"Az automatiz\u00e1ci\u00f3, illetve a mesters\u00e9ges intelligencia alkalmaz\u00e1sa egyre ink\u00e1bb cs\u00f6kkentheti az \u00e9l\u0151munka sz\u00fcks\u00e9gess\u00e9g\u00e9t a kereskedelemben. Kiemelt szerepet kaphatnak p\u00e9ld\u00e1ul az automata rendszerek, valamint az \u00f6nkiszolg\u00e1l\u00f3 p\u00e9nzt\u00e1rg\u00e9pek. Bessenyei Istv\u00e1nnal, a Laurel Kft. \u00fcgyvezet\u0151 igazgat\u00f3j\u00e1val besz\u00e9lgett\u00fcnk.\" \/>\n<meta property=\"og:url\" content=\"https:\/\/bizalmikor.hu\/blog\/2020\/04\/06\/az-offline-kereskedelem-nem-fog-lepest-tartani-az-online-ertekesitessel\/\" \/>\n<meta property=\"og:site_name\" content=\"Bizalmi K\u00f6r blog\" \/>\n<meta property=\"article:publisher\" content=\"https:\/\/www.facebook.com\/bizalmikor\" \/>\n<meta property=\"article:published_time\" content=\"2020-04-06T10:00:45+00:00\" \/>\n<meta property=\"article:modified_time\" content=\"2020-04-06T10:21:05+00:00\" \/>\n<meta property=\"og:image\" content=\"https:\/\/bizalmikor.hu\/blog\/wp-content\/uploads\/2020\/04\/PR_Laurel_Bessenyei_Is_opt3.jpeg\" \/>\n\t<meta property=\"og:image:width\" content=\"2343\" \/>\n\t<meta property=\"og:image:height\" content=\"1563\" \/>\n<meta name=\"twitter:card\" content=\"summary_large_image\" \/>\n<meta name=\"twitter:label1\" content=\"Szerz\u0151:\">\n\t<meta name=\"twitter:data1\" content=\"Gangel P\u00e9ter\">\n\t<meta name=\"twitter:label2\" content=\"Becs\u00fclt olvas\u00e1si id\u0151\">\n\t<meta name=\"twitter:data2\" content=\"5 perc\">\n<script type=\"application\/ld+json\" class=\"yoast-schema-graph\">{\"@context\":\"https:\/\/schema.org\",\"@graph\":[{\"@type\":\"Organization\",\"@id\":\"https:\/\/bizalmikor.hu\/blog\/#organization\",\"name\":\"Bizalmi K\\u00f6r Kft.\",\"url\":\"https:\/\/bizalmikor.hu\/blog\/\",\"sameAs\":[\"https:\/\/www.facebook.com\/bizalmikor\",\"https:\/\/www.instagram.com\/bizalmikor\/\",\"https:\/\/www.linkedin.com\/company\/19165894\",\"https:\/\/www.youtube.com\/channel\/UC7fAD3QCIWeSexU5t6F3YOw?view_as=subscriber\"],\"logo\":{\"@type\":\"ImageObject\",\"@id\":\"https:\/\/bizalmikor.hu\/blog\/#logo\",\"inLanguage\":\"hu\",\"url\":\"https:\/\/bizalmikor.hu\/blog\/wp-content\/uploads\/2019\/02\/Group-2.png\",\"width\":4033,\"height\":1192,\"caption\":\"Bizalmi K\\u00f6r Kft.\"},\"image\":{\"@id\":\"https:\/\/bizalmikor.hu\/blog\/#logo\"}},{\"@type\":\"WebSite\",\"@id\":\"https:\/\/bizalmikor.hu\/blog\/#website\",\"url\":\"https:\/\/bizalmikor.hu\/blog\/\",\"name\":\"Bizalmi K\\u00f6r blog\",\"description\":\"Egynek minden neh\\u00e9z, soknak semmi sem lehetetlen.\",\"publisher\":{\"@id\":\"https:\/\/bizalmikor.hu\/blog\/#organization\"},\"potentialAction\":[{\"@type\":\"SearchAction\",\"target\":\"https:\/\/bizalmikor.hu\/blog\/?s={search_term_string}\",\"query-input\":\"required name=search_term_string\"}],\"inLanguage\":\"hu\"},{\"@type\":\"ImageObject\",\"@id\":\"https:\/\/bizalmikor.hu\/blog\/2020\/04\/06\/az-offline-kereskedelem-nem-fog-lepest-tartani-az-online-ertekesitessel\/#primaryimage\",\"inLanguage\":\"hu\",\"url\":\"https:\/\/bizalmikor.hu\/blog\/wp-content\/uploads\/2020\/04\/PR_Laurel_Bessenyei_Is_opt3.jpeg\",\"width\":2343,\"height\":1563},{\"@type\":\"WebPage\",\"@id\":\"https:\/\/bizalmikor.hu\/blog\/2020\/04\/06\/az-offline-kereskedelem-nem-fog-lepest-tartani-az-online-ertekesitessel\/#webpage\",\"url\":\"https:\/\/bizalmikor.hu\/blog\/2020\/04\/06\/az-offline-kereskedelem-nem-fog-lepest-tartani-az-online-ertekesitessel\/\",\"name\":\"Az offline kereskedelem nem fog l\\u00e9p\\u00e9st tartani az online \\u00e9rt\\u00e9kes\\u00edt\\u00e9ssel\",\"isPartOf\":{\"@id\":\"https:\/\/bizalmikor.hu\/blog\/#website\"},\"primaryImageOfPage\":{\"@id\":\"https:\/\/bizalmikor.hu\/blog\/2020\/04\/06\/az-offline-kereskedelem-nem-fog-lepest-tartani-az-online-ertekesitessel\/#primaryimage\"},\"datePublished\":\"2020-04-06T10:00:45+00:00\",\"dateModified\":\"2020-04-06T10:21:05+00:00\",\"inLanguage\":\"hu\",\"potentialAction\":[{\"@type\":\"ReadAction\",\"target\":[\"https:\/\/bizalmikor.hu\/blog\/2020\/04\/06\/az-offline-kereskedelem-nem-fog-lepest-tartani-az-online-ertekesitessel\/\"]}]},{\"@type\":\"Article\",\"@id\":\"https:\/\/bizalmikor.hu\/blog\/2020\/04\/06\/az-offline-kereskedelem-nem-fog-lepest-tartani-az-online-ertekesitessel\/#article\",\"isPartOf\":{\"@id\":\"https:\/\/bizalmikor.hu\/blog\/2020\/04\/06\/az-offline-kereskedelem-nem-fog-lepest-tartani-az-online-ertekesitessel\/#webpage\"},\"author\":{\"@id\":\"https:\/\/bizalmikor.hu\/blog\/#\/schema\/person\/a89936ed381c3afa4cd7a27040dbfb07\"},\"headline\":\"Az offline kereskedelem nem fog l\\u00e9p\\u00e9st tartani az online \\u00e9rt\\u00e9kes\\u00edt\\u00e9ssel\",\"datePublished\":\"2020-04-06T10:00:45+00:00\",\"dateModified\":\"2020-04-06T10:21:05+00:00\",\"mainEntityOfPage\":{\"@id\":\"https:\/\/bizalmikor.hu\/blog\/2020\/04\/06\/az-offline-kereskedelem-nem-fog-lepest-tartani-az-online-ertekesitessel\/#webpage\"},\"publisher\":{\"@id\":\"https:\/\/bizalmikor.hu\/blog\/#organization\"},\"image\":{\"@id\":\"https:\/\/bizalmikor.hu\/blog\/2020\/04\/06\/az-offline-kereskedelem-nem-fog-lepest-tartani-az-online-ertekesitessel\/#primaryimage\"},\"articleSection\":\"COVID-19 \\u00fczleti tapasztalatok,V\\u00e1llalkoz\\u00e1s\",\"inLanguage\":\"hu\"},{\"@type\":\"Person\",\"@id\":\"https:\/\/bizalmikor.hu\/blog\/#\/schema\/person\/a89936ed381c3afa4cd7a27040dbfb07\",\"name\":\"Gangel P\\u00e9ter\",\"image\":{\"@type\":\"ImageObject\",\"@id\":\"https:\/\/bizalmikor.hu\/blog\/#personlogo\",\"inLanguage\":\"hu\",\"url\":\"https:\/\/secure.gravatar.com\/avatar\/ee1c6e901d6b9c50c9a2204252c914b4?s=96&d=mm&r=g\",\"caption\":\"Gangel P\\u00e9ter\"}}]}<\/script>\n<!-- \/ Yoast SEO plugin. -->","_links":{"self":[{"href":"https:\/\/bizalmikor.hu\/blog\/wp-json\/wp\/v2\/posts\/1991"}],"collection":[{"href":"https:\/\/bizalmikor.hu\/blog\/wp-json\/wp\/v2\/posts"}],"about":[{"href":"https:\/\/bizalmikor.hu\/blog\/wp-json\/wp\/v2\/types\/post"}],"author":[{"embeddable":true,"href":"https:\/\/bizalmikor.hu\/blog\/wp-json\/wp\/v2\/users\/3"}],"replies":[{"embeddable":true,"href":"https:\/\/bizalmikor.hu\/blog\/wp-json\/wp\/v2\/comments?post=1991"}],"version-history":[{"count":6,"href":"https:\/\/bizalmikor.hu\/blog\/wp-json\/wp\/v2\/posts\/1991\/revisions"}],"predecessor-version":[{"id":2000,"href":"https:\/\/bizalmikor.hu\/blog\/wp-json\/wp\/v2\/posts\/1991\/revisions\/2000"}],"wp:featuredmedia":[{"embeddable":true,"href":"https:\/\/bizalmikor.hu\/blog\/wp-json\/wp\/v2\/media\/1993"}],"wp:attachment":[{"href":"https:\/\/bizalmikor.hu\/blog\/wp-json\/wp\/v2\/media?parent=1991"}],"wp:term":[{"taxonomy":"category","embeddable":true,"href":"https:\/\/bizalmikor.hu\/blog\/wp-json\/wp\/v2\/categories?post=1991"},{"taxonomy":"post_tag","embeddable":true,"href":"https:\/\/bizalmikor.hu\/blog\/wp-json\/wp\/v2\/tags?post=1991"}],"curies":[{"name":"wp","href":"https:\/\/api.w.org\/{rel}","templated":true}]}}