{"id":2121,"date":"2020-04-08T09:41:08","date_gmt":"2020-04-08T09:41:08","guid":{"rendered":"https:\/\/bizalmikor.hu\/blog\/?p=2121"},"modified":"2020-04-08T10:21:32","modified_gmt":"2020-04-08T10:21:32","slug":"minden-okunk-megvan-az-optimizmusra-a-koronavirus-valsag-arnyekaban-is","status":"publish","type":"post","link":"https:\/\/bizalmikor.hu\/blog\/2020\/04\/08\/minden-okunk-megvan-az-optimizmusra-a-koronavirus-valsag-arnyekaban-is\/","title":{"rendered":"Minden okunk megvan az optimizmusra a koronav\u00edrus v\u00e1ls\u00e1g \u00e1rny\u00e9k\u00e1ban is"},"content":{"rendered":"\n<p><strong>A 2008-as helyzettel ellent\u00e9tben a koronav\u00edrus v\u00e1ls\u00e1g most egy j\u00f3l struktur\u00e1lt magyar gazdas\u00e1got \u00e9rint, ez\u00e9rt a kil\u00e1bal\u00e1s is gyorsabb lehet. A minisztereln\u00f6ks\u00e9g munk\u00e1j\u00e1t t\u00e1mogat\u00f3 kutat\u00f3csoportok mindent megtesznek a gazdas\u00e1g \u00e9l\u00e9nk\u00edt\u00e9s\u00e9\u00e9rt, nek\u00fcnk c\u00e9gvezet\u0151knek pedig optimist\u00e1n kell tekinten\u00fcnk a j\u00f6v\u0151be.<\/strong> <strong>Bizalomra, optimizmusra \u00e9s a hat\u00e9konys\u00e1gunk n\u00f6vel\u00e9s\u00e9re lehet sz\u00fcks\u00e9g teh\u00e1t a k\u00f6vetkez\u0151 id\u0151szakban, hogy a lehet\u0151 legjobban tudjunk kij\u00f6nni az \u00e1tmeneti id\u0151szakb\u00f3l.<\/strong><\/p>\n\n\n\n<p>Ez\u00fattal Gazsi Attila, a <a href=\"https:\/\/melodiak.hu\/\">Mel\u00f3 Di\u00e1k<\/a> \u00e9szak-dun\u00e1nt\u00fali vezet\u0151je, illetve a <a href=\"http:\/\/www.vosz.hu\/\">VOSZ <\/a>eln\u00f6khelyettese v\u00e1laszolt a k\u00e9rd\u00e9seinkre. F\u0151k\u00e9nt az \u00e1llami d\u00f6nt\u00e9shoz\u00f3 szervek gazdas\u00e1g\u00e9l\u00e9nk\u00edt\u0151 programj\u00e1nak az el\u0151k\u00e9sz\u00edt\u00e9s\u00e9r\u0151l, illetve annak tervezet\u00e9r\u0151l \u00e9rdekl\u0151dt\u00fcnk Attil\u00e1n\u00e1l:<\/p>\n\n\n\n<p><strong>Mes\u00e9lsz nek\u00fcnk egy kicsit a VOSZ m\u0171k\u00f6d\u00e9s\u00e9r\u0151l \u00e9s c\u00e9ljair\u00f3l?<\/strong><\/p>\n\n\n\n<p>A VOSZ \u00f6sszess\u00e9g\u00e9ben h\u00e1rom f\u00e9le ter\u00fcleten seg\u00edti a munkaad\u00f3kat. Egyr\u00e9szt a kis- \u00e9s k\u00f6z\u00e9pv\u00e1llalkoz\u00f3k \u00e9rdekv\u00e9delmi feladat\u00e1t l\u00e1tja el, mert nekik sokszor nincs meg a kell\u0151 f\u00f3rumuk az \u00e9rdekeik k\u00e9pvisel\u00e9s\u00e9hez. Pedig a GDP-hez minimum 50-55%-ot adnak hozz\u00e1, a munkav\u00e1llal\u00f3k 70-72%-\u00e1t pedig \u0151k foglalkoztatj\u00e1k. Az \u0151 hangjukra teh\u00e1t mindenk\u00e9pp oda kell figyelni.<\/p>\n\n\n\n<p>A VOSZ-nak t\u00f6bb ezer tagja van, a t\u00e1rsult szervezetekkel pedig 35-40 ezer tagot sz\u00e1ml\u00e1lunk. Teh\u00e1t van egy olyan csoport, akinek \u00e9rdemes odafigyelni a hangj\u00e1ra. Emellett napi szinten tartjuk a kapcsolatot a gazdas\u00e1g ir\u00e1ny\u00edt\u00e1s\u00e1t v\u00e9gz\u0151 \u00e1llamtitk\u00e1rokkal \u00e9s oszt\u00e1lyvezet\u0151kkel. A kultur\u00e1lis mozgalmunk a Prima Primissima d\u00edj, amit minden megyesz\u00e9khelyen megtartunk.<\/p>\n\n\n\n<p>A harmadik fontos tev\u00e9kenys\u00e9g\u00fcnk pedig a Sz\u00e9chenyi K\u00e1rtya Program, ami a legnagyobb \u00e9s legsikeresebb v\u00e1llalkoz\u00e1si finansz\u00edroz\u00e1si program Magyarorsz\u00e1gon. \u00c9ves szinten 25-30 ezer v\u00e1llalkoz\u00e1st \u00e9rint ez a kezdem\u00e9nyez\u00e9s, emellett pedig nagyj\u00e1b\u00f3l 4 ezer milli\u00e1rd forintnyi forr\u00e1st helyez ki a v\u00e1llalkoz\u00e1sok r\u00e9sz\u00e9re.<\/p>\n\n\n\n<p><strong>Te benne vagy abban a munkacsoportban, amelyik a gazdas\u00e1g\u00e9l\u00e9nk\u00edt\u0151 csomag el\u0151k\u00e9sz\u00edt\u00e9s\u00e9t v\u00e9gzi. Lehet azt tudni, hogy mik a legfontosabb szempontok a program \u00f6ssze\u00e1ll\u00edt\u00e1s\u00e1n\u00e1l?<\/strong><\/p>\n\n\n\n<p>T\u00f6bb munkacsoport foglalkozik a gazdas\u00e1g\u00e9l\u00e9nk\u00edt\u00e9ssel. A mostani v\u00e1ls\u00e1g meglehet\u0151sen elt\u00e9r a 2008-as szitu\u00e1ci\u00f3t\u00f3l, amelyet bizalmi v\u00e1ls\u00e1gk\u00e9nt lehetett \u00e9rtelmezni. Most sokkal ink\u00e1bb egy eg\u00e9szs\u00e9g\u00fcgyi v\u00e1ls\u00e1ggal n\u00e9z\u00fcnk szembe, aminek az elvonul\u00e1s\u00e1t k\u00f6vet\u0151en a kapitalizmus \u00fajra er\u0151re fog kapni.<\/p>\n\n\n\n<p>T\u00f6bb miniszt\u00e9rium \u00e9s kutat\u00f3 csoport foglalkozik p\u00e1rhuzamosan a v\u00e1ls\u00e1gb\u00f3l val\u00f3 kil\u00e1bal\u00e1st seg\u00edt\u0151 megold\u00e1sokon. Ezek egy id\u0151 ut\u00e1n szintetiz\u00e1l\u00f3dnak, \u00e9s egy helyre futnak be. Egyar\u00e1nt foglalkozik ezzel a k\u00e9rd\u00e9sk\u00f6rrel a Magyar Nemzeti Bank, a kamar\u00e1k, az MKIK, az \u00e9rdekk\u00e9pviseleti szervek, valamint a minisztereln\u00f6ks\u00e9g is.<\/p>\n\n\n\n<p>Minden er\u0151fesz\u00edt\u00e9s abba az ir\u00e1nyba mutat, hogy min\u00e9l el\u0151bb visszavezess\u00fck a munkav\u00e1llal\u00f3kat a munka vil\u00e1g\u00e1ba, illetve min\u00e9l el\u0151bb termelni tudjanak a nagyv\u00e1llalatok, illetve a KKV szektor.<\/p>\n\n\n\n<p>A k\u00f6vetkez\u0151 m\u00e1sf\u00e9l \u00e9v azzal fog eltelni, hogy a gazdas\u00e1got rendbe tegy\u00fck. Vagyis ebben a peri\u00f3dusban folyamatosan \u00e9s v\u00e1ltoz\u00f3 intenzit\u00e1ssal kell egyes \u00e1gazatokat elind\u00edtani. T\u00f6bb ezer javaslat \u00e9rkezett, amelyekb\u0151l nem lesz k\u00f6nny\u0171 \u00f6sszerakni azt a csomagot, amivel elindulhat a sikeres kil\u00e1bal\u00e1s.<\/p>\n\n\n\n<p><strong>Mi\u00e9rt pont a j\u00f6v\u0151 h\u00e9t ennek a hat\u00e1rideje? Err\u0151l lehet tudni valamit?<\/strong><\/p>\n\n\n\n<p>Mindenk\u00e9ppen sz\u00e1molni kell egy \u00e1tfut\u00e1si id\u0151vel is. Az els\u0151 \u00e9s legfontosabb teend\u0151 az eg\u00e9szs\u00e9g\u00fcgyben kialakult helyzet stabilit\u00e1s\u00e1nak megteremt\u00e9se volt a minisztereln\u00f6ks\u00e9g r\u00e9sz\u00e9r\u0151l.<\/p>\n\n\n\n<p>Az\u00f3ta lehet azt l\u00e1tni, hogy a szakemberek sikerrel tudj\u00e1k csillap\u00edtani a megbeteged\u00e9s hull\u00e1mot. A sz\u00e1mok helyett legink\u00e1bb a tendenci\u00e1kra kell egy\u00e9bk\u00e9nt helyezni a hangs\u00falyt. N\u00e1lunk szerencs\u00e9re kezelhet\u0151 a megbeteged\u00e9sek mennyis\u00e9ge. Elj\u00f6tt teh\u00e1t az id\u0151, hogy a f\u00f3kusz a gazdas\u00e1gi szerepl\u0151k probl\u00e9m\u00e1inak az enyh\u00edt\u00e9s\u00e9re ker\u00fclj\u00f6n.<\/p>\n\n\n\n<p><strong>Lehet-e b\u00e1rmit tudni most a gazdas\u00e1g\u00e9l\u00e9nk\u00edt\u00e9s tervezett form\u00e1ir\u00f3l?<\/strong><\/p>\n\n\n\n<p>Azt gondolom, hogy egy h\u00e9t m\u00falva sokkal okosabbak lesz\u00fcnk, most m\u00e9g \u00e9n magam sem ismerem azokat a szektorokat, akik m\u00e1sodikk\u00e9nt kapnak seg\u00edts\u00e9get. Hasonl\u00f3 megold\u00e1sokat kell elk\u00e9pzelni, mint ami az els\u0151 k\u00f6rben is megval\u00f3sult a turizmus vagy a szem\u00e9lysz\u00e1ll\u00edt\u00e1s ter\u00fclet\u00e9n.<\/p>\n\n\n\n<p>Ad\u00f3kedvezm\u00e9nyekre lehet sz\u00e1m\u00edtani, illetve sok olyan javaslat van, ami a k\u00f6telezetts\u00e9gek id\u0151beli eltol\u00e1s\u00e1ra vonatkozik. Persze ezekkel \u00f3vatosan \u00e9rdemes b\u00e1nni, mert a nem kifizet\u00e9sek valakinek a bed\u0151l\u00e9s\u00e9t eredm\u00e9nyezhetik.<\/p>\n\n\n\n<figure class=\"wp-block-image size-large is-resized\"><img loading=\"lazy\" decoding=\"async\" src=\"https:\/\/bizalmikor.hu\/blog\/wp-content\/uploads\/2020\/04\/gazsi-attila-portre-1.jpg\" alt=\"\" class=\"wp-image-2127\" width=\"964\" height=\"542\" srcset=\"https:\/\/bizalmikor.hu\/blog\/wp-content\/uploads\/2020\/04\/gazsi-attila-portre-1.jpg 800w, https:\/\/bizalmikor.hu\/blog\/wp-content\/uploads\/2020\/04\/gazsi-attila-portre-1-300x169.jpg 300w, https:\/\/bizalmikor.hu\/blog\/wp-content\/uploads\/2020\/04\/gazsi-attila-portre-1-768x432.jpg 768w\" sizes=\"(max-width: 964px) 100vw, 964px\" \/><figcaption>&#8220;Elj\u00f6tt teh\u00e1t az id\u0151, hogy a f\u00f3kusz a gazdas\u00e1gi szerepl\u0151k probl\u00e9m\u00e1inak az enyh\u00edt\u00e9s\u00e9re ker\u00fclj\u00f6n.&#8221;<\/figcaption><\/figure>\n\n\n\n<p><strong>Neked sok c\u00e9g m\u0171k\u00f6d\u00e9s\u00e9re van r\u00e1l\u00e1t\u00e1sod. Mit l\u00e1tsz most a legnagyobb kock\u00e1zatnak egy v\u00e1llalkoz\u00e1s m\u0171k\u00f6d\u00e9se, illetve t\u00fal\u00e9l\u00e9se szempontj\u00e1b\u00f3l?<\/strong><\/p>\n\n\n\n<p>A bizalom most is az egyik legfontosabb t\u00e9nyez\u0151, ak\u00e1r a sz\u00e1ll\u00edt\u00f3kkal, \u00fcgyfelekkel, illetve a munkat\u00e1rsakkal kapcsolatban is. A bizalom tov\u00e1bb\u00e1 k\u00e9z a k\u00e9zben j\u00e1r az optimizmussal, \u00e9s ez kifejezetten fontos lesz. Egyszer\u0171en el kell hinn\u00fcnk, hogy ennek a v\u00e1ls\u00e1gnak egyszer v\u00e9ge lesz.<\/p>\n\n\n\n<p>Azokra az apr\u00f3 f\u00e9nysugarakra kell koncentr\u00e1lni, amelyekb\u0151l l\u00e1tni lehet, hogy igenis el tud indulni a c\u00e9g\u00fcnk felfel\u00e9. Ezzel a szeml\u00e9lettel n\u00e9zve a munkav\u00e1llal\u00f3k finansz\u00edroz\u00e1sa is eg\u00e9szen m\u00e1s sz\u00ednezetet kaphat. Kiemelten fontos tov\u00e1bb\u00e1, hogy hiteles inform\u00e1ci\u00f3kb\u00f3l tudjunk t\u00e1j\u00e9koz\u00f3dni.<\/p>\n\n\n\n<p>Akad egy\u00e9bk\u00e9nt m\u00e9g egy jelent\u0151s elt\u00e9r\u00e9s a 2008-as v\u00e1ls\u00e1ghoz k\u00e9pest. Most er\u0151sebb a gazdas\u00e1gunk, az \u00e1llamad\u00f3ss\u00e1g pedig magyar k\u00e9zben van. Nem a gazdas\u00e1g strukt\u00far\u00e1ja okozza a probl\u00e9m\u00e1t, ez\u00e9rt v\u00e1rhat\u00f3an a helyre\u00e1ll\u00edt\u00e1s is gyorsabb lehet. Emellett pedig a bankok gener\u00e1lta bizalmi v\u00e1ls\u00e1gr\u00f3l sincs sz\u00f3 a mostani helyzetben.<\/p>\n\n\n\n<p><strong>Van-e m\u00e9g a v\u00e1llalkoz\u00f3kat h\u00fasba v\u00e1g\u00f3an \u00e9rint\u0151 gondolatod, amit sz\u00edvesen megosztan\u00e1l?<\/strong><\/p>\n\n\n\n<p>Optimista ember vagyok, ez\u00e9rt azt gondolom, hogy most a j\u00f3 h\u00edreket kell terjeszteni, a rosszakat pedig megtartani magunknak. Szerencs\u00e9s helyzet, hogy a k\u00ednai v\u00e1ls\u00e1gkezel\u00e9sb\u0151l mi is sokat tanulhatunk. Egy\u00e9bk\u00e9nt vil\u00e1gszinten is l\u00e1thatunk kiemelten j\u00f3 strat\u00e9gi\u00e1kat, ezekb\u0151l kell tanulnunk.<\/p>\n\n\n\n<p>M\u00e1sr\u00e9szt azt gondolom, hogy a mostani helyzetb\u0151l tanulva megn\u00f6velhetj\u00fck a hat\u00e9konys\u00e1gunkat. A v\u00e1ls\u00e1g hat\u00e1s\u00e1ra p\u00e9ld\u00e1ul kialakulhat a home office kult\u00far\u00e1ja, el\u0151t\u00e9rbe ker\u00fclhetnek a digit\u00e1lis megold\u00e1sok, ebb\u0151l pedig rengeteget profit\u00e1lhatunk.<br><\/p>\n\n\n\n<hr class=\"wp-block-separator\"\/>\n\n\n\n<h1 class=\"has-text-align-center wp-block-heading\">Szeretn\u00e9l megismerkedni klubtagjainkkal? K\u00e9rj egy megh\u00edv\u00f3t!<\/h1>\n\n\n\n<div class=\"wp-block-button aligncenter\"><a class=\"wp-block-button__link has-background\" href=\"https:\/\/bizalmikor.hu\/kapcsolat\/\" style=\"background-color:#14496b\" target=\"_blank\" rel=\"noreferrer noopener\"><strong>\u00c9rdekel a Bizalmi K\u00f6r klubtags\u00e1g<\/strong><\/a><\/div>\n\n\n\n<hr class=\"wp-block-separator\"\/>\n","protected":false},"excerpt":{"rendered":"<p>A 2008-as helyzettel ellent\u00e9tben a koronav\u00edrus v\u00e1ls\u00e1g most egy j\u00f3l struktur\u00e1lt magyar gazdas\u00e1got \u00e9rint, ez\u00e9rt a kil\u00e1bal\u00e1s is gyorsabb lehet. A minisztereln\u00f6ks\u00e9g munk\u00e1j\u00e1t t\u00e1mogat\u00f3 kutat\u00f3csoportok mindent megtesznek a gazdas\u00e1g \u00e9l\u00e9nk\u00edt\u00e9s\u00e9\u00e9rt, nek\u00fcnk c\u00e9gvezet\u0151knek pedig optimist\u00e1n kell tekinten\u00fcnk a j\u00f6v\u0151be. Ez\u00fattal Gazsi Attila, a Mel\u00f3 Di\u00e1k vezet\u0151je, illetve a VOSZ eln\u00f6khelyettese v\u00e1laszolt a k\u00e9rd\u00e9seinkre.<\/p>\n","protected":false},"author":3,"featured_media":2124,"comment_status":"closed","ping_status":"open","sticky":false,"template":"","format":"standard","meta":{"footnotes":""},"categories":[25,16],"tags":[],"yoast_head":"<!-- This site is optimized with the Yoast SEO plugin v15.4 - https:\/\/yoast.com\/wordpress\/plugins\/seo\/ -->\n<title>Minden okunk megvan az optimizmusra a koronav\u00edrus v\u00e1ls\u00e1g \u00e1rny\u00e9k\u00e1ban is<\/title>\n<meta name=\"robots\" content=\"index, follow, max-snippet:-1, max-image-preview:large, max-video-preview:-1\" \/>\n<link rel=\"canonical\" href=\"https:\/\/bizalmikor.hu\/blog\/2020\/04\/08\/minden-okunk-megvan-az-optimizmusra-a-koronavirus-valsag-arnyekaban-is\/\" \/>\n<meta property=\"og:locale\" content=\"hu_HU\" \/>\n<meta property=\"og:type\" content=\"article\" \/>\n<meta property=\"og:title\" content=\"Minden okunk megvan az optimizmusra a koronav\u00edrus v\u00e1ls\u00e1g \u00e1rny\u00e9k\u00e1ban is\" \/>\n<meta property=\"og:description\" content=\"A 2008-as helyzettel ellent\u00e9tben a koronav\u00edrus v\u00e1ls\u00e1g most egy j\u00f3l struktur\u00e1lt magyar gazdas\u00e1got \u00e9rint, ez\u00e9rt a kil\u00e1bal\u00e1s is gyorsabb lehet. A minisztereln\u00f6ks\u00e9g munk\u00e1j\u00e1t t\u00e1mogat\u00f3 kutat\u00f3csoportok mindent megtesznek a gazdas\u00e1g \u00e9l\u00e9nk\u00edt\u00e9s\u00e9\u00e9rt, nek\u00fcnk c\u00e9gvezet\u0151knek pedig optimist\u00e1n kell tekinten\u00fcnk a j\u00f6v\u0151be. Ez\u00fattal Gazsi Attila, a Mel\u00f3 Di\u00e1k vezet\u0151je, illetve a VOSZ eln\u00f6khelyettese v\u00e1laszolt a k\u00e9rd\u00e9seinkre.\" \/>\n<meta property=\"og:url\" content=\"https:\/\/bizalmikor.hu\/blog\/2020\/04\/08\/minden-okunk-megvan-az-optimizmusra-a-koronavirus-valsag-arnyekaban-is\/\" \/>\n<meta property=\"og:site_name\" content=\"Bizalmi K\u00f6r blog\" \/>\n<meta property=\"article:publisher\" content=\"https:\/\/www.facebook.com\/bizalmikor\" \/>\n<meta property=\"article:published_time\" content=\"2020-04-08T09:41:08+00:00\" \/>\n<meta property=\"article:modified_time\" content=\"2020-04-08T10:21:32+00:00\" \/>\n<meta property=\"og:image\" content=\"https:\/\/bizalmikor.hu\/blog\/wp-content\/uploads\/2020\/04\/da7_6853-v-kk_1.jpg\" \/>\n\t<meta property=\"og:image:width\" content=\"900\" \/>\n\t<meta property=\"og:image:height\" content=\"600\" \/>\n<meta name=\"twitter:card\" content=\"summary_large_image\" \/>\n<meta name=\"twitter:label1\" content=\"Szerz\u0151:\">\n\t<meta name=\"twitter:data1\" content=\"Gangel P\u00e9ter\">\n\t<meta name=\"twitter:label2\" content=\"Becs\u00fclt olvas\u00e1si id\u0151\">\n\t<meta name=\"twitter:data2\" content=\"5 perc\">\n<script type=\"application\/ld+json\" class=\"yoast-schema-graph\">{\"@context\":\"https:\/\/schema.org\",\"@graph\":[{\"@type\":\"Organization\",\"@id\":\"https:\/\/bizalmikor.hu\/blog\/#organization\",\"name\":\"Bizalmi K\\u00f6r Kft.\",\"url\":\"https:\/\/bizalmikor.hu\/blog\/\",\"sameAs\":[\"https:\/\/www.facebook.com\/bizalmikor\",\"https:\/\/www.instagram.com\/bizalmikor\/\",\"https:\/\/www.linkedin.com\/company\/19165894\",\"https:\/\/www.youtube.com\/channel\/UC7fAD3QCIWeSexU5t6F3YOw?view_as=subscriber\"],\"logo\":{\"@type\":\"ImageObject\",\"@id\":\"https:\/\/bizalmikor.hu\/blog\/#logo\",\"inLanguage\":\"hu\",\"url\":\"https:\/\/bizalmikor.hu\/blog\/wp-content\/uploads\/2019\/02\/Group-2.png\",\"width\":4033,\"height\":1192,\"caption\":\"Bizalmi K\\u00f6r Kft.\"},\"image\":{\"@id\":\"https:\/\/bizalmikor.hu\/blog\/#logo\"}},{\"@type\":\"WebSite\",\"@id\":\"https:\/\/bizalmikor.hu\/blog\/#website\",\"url\":\"https:\/\/bizalmikor.hu\/blog\/\",\"name\":\"Bizalmi K\\u00f6r blog\",\"description\":\"Egynek minden neh\\u00e9z, soknak semmi sem lehetetlen.\",\"publisher\":{\"@id\":\"https:\/\/bizalmikor.hu\/blog\/#organization\"},\"potentialAction\":[{\"@type\":\"SearchAction\",\"target\":\"https:\/\/bizalmikor.hu\/blog\/?s={search_term_string}\",\"query-input\":\"required name=search_term_string\"}],\"inLanguage\":\"hu\"},{\"@type\":\"ImageObject\",\"@id\":\"https:\/\/bizalmikor.hu\/blog\/2020\/04\/08\/minden-okunk-megvan-az-optimizmusra-a-koronavirus-valsag-arnyekaban-is\/#primaryimage\",\"inLanguage\":\"hu\",\"url\":\"https:\/\/bizalmikor.hu\/blog\/wp-content\/uploads\/2020\/04\/da7_6853-v-kk_1.jpg\",\"width\":900,\"height\":600},{\"@type\":\"WebPage\",\"@id\":\"https:\/\/bizalmikor.hu\/blog\/2020\/04\/08\/minden-okunk-megvan-az-optimizmusra-a-koronavirus-valsag-arnyekaban-is\/#webpage\",\"url\":\"https:\/\/bizalmikor.hu\/blog\/2020\/04\/08\/minden-okunk-megvan-az-optimizmusra-a-koronavirus-valsag-arnyekaban-is\/\",\"name\":\"Minden okunk megvan az optimizmusra a koronav\\u00edrus v\\u00e1ls\\u00e1g \\u00e1rny\\u00e9k\\u00e1ban is\",\"isPartOf\":{\"@id\":\"https:\/\/bizalmikor.hu\/blog\/#website\"},\"primaryImageOfPage\":{\"@id\":\"https:\/\/bizalmikor.hu\/blog\/2020\/04\/08\/minden-okunk-megvan-az-optimizmusra-a-koronavirus-valsag-arnyekaban-is\/#primaryimage\"},\"datePublished\":\"2020-04-08T09:41:08+00:00\",\"dateModified\":\"2020-04-08T10:21:32+00:00\",\"inLanguage\":\"hu\",\"potentialAction\":[{\"@type\":\"ReadAction\",\"target\":[\"https:\/\/bizalmikor.hu\/blog\/2020\/04\/08\/minden-okunk-megvan-az-optimizmusra-a-koronavirus-valsag-arnyekaban-is\/\"]}]},{\"@type\":\"Article\",\"@id\":\"https:\/\/bizalmikor.hu\/blog\/2020\/04\/08\/minden-okunk-megvan-az-optimizmusra-a-koronavirus-valsag-arnyekaban-is\/#article\",\"isPartOf\":{\"@id\":\"https:\/\/bizalmikor.hu\/blog\/2020\/04\/08\/minden-okunk-megvan-az-optimizmusra-a-koronavirus-valsag-arnyekaban-is\/#webpage\"},\"author\":{\"@id\":\"https:\/\/bizalmikor.hu\/blog\/#\/schema\/person\/a89936ed381c3afa4cd7a27040dbfb07\"},\"headline\":\"Minden okunk megvan az optimizmusra a koronav\\u00edrus v\\u00e1ls\\u00e1g \\u00e1rny\\u00e9k\\u00e1ban is\",\"datePublished\":\"2020-04-08T09:41:08+00:00\",\"dateModified\":\"2020-04-08T10:21:32+00:00\",\"mainEntityOfPage\":{\"@id\":\"https:\/\/bizalmikor.hu\/blog\/2020\/04\/08\/minden-okunk-megvan-az-optimizmusra-a-koronavirus-valsag-arnyekaban-is\/#webpage\"},\"publisher\":{\"@id\":\"https:\/\/bizalmikor.hu\/blog\/#organization\"},\"image\":{\"@id\":\"https:\/\/bizalmikor.hu\/blog\/2020\/04\/08\/minden-okunk-megvan-az-optimizmusra-a-koronavirus-valsag-arnyekaban-is\/#primaryimage\"},\"articleSection\":\"COVID-19 \\u00fczleti tapasztalatok,V\\u00e1llalkoz\\u00e1s\",\"inLanguage\":\"hu\"},{\"@type\":\"Person\",\"@id\":\"https:\/\/bizalmikor.hu\/blog\/#\/schema\/person\/a89936ed381c3afa4cd7a27040dbfb07\",\"name\":\"Gangel P\\u00e9ter\",\"image\":{\"@type\":\"ImageObject\",\"@id\":\"https:\/\/bizalmikor.hu\/blog\/#personlogo\",\"inLanguage\":\"hu\",\"url\":\"https:\/\/secure.gravatar.com\/avatar\/ee1c6e901d6b9c50c9a2204252c914b4?s=96&d=mm&r=g\",\"caption\":\"Gangel P\\u00e9ter\"}}]}<\/script>\n<!-- \/ Yoast SEO plugin. -->","_links":{"self":[{"href":"https:\/\/bizalmikor.hu\/blog\/wp-json\/wp\/v2\/posts\/2121"}],"collection":[{"href":"https:\/\/bizalmikor.hu\/blog\/wp-json\/wp\/v2\/posts"}],"about":[{"href":"https:\/\/bizalmikor.hu\/blog\/wp-json\/wp\/v2\/types\/post"}],"author":[{"embeddable":true,"href":"https:\/\/bizalmikor.hu\/blog\/wp-json\/wp\/v2\/users\/3"}],"replies":[{"embeddable":true,"href":"https:\/\/bizalmikor.hu\/blog\/wp-json\/wp\/v2\/comments?post=2121"}],"version-history":[{"count":6,"href":"https:\/\/bizalmikor.hu\/blog\/wp-json\/wp\/v2\/posts\/2121\/revisions"}],"predecessor-version":[{"id":2131,"href":"https:\/\/bizalmikor.hu\/blog\/wp-json\/wp\/v2\/posts\/2121\/revisions\/2131"}],"wp:featuredmedia":[{"embeddable":true,"href":"https:\/\/bizalmikor.hu\/blog\/wp-json\/wp\/v2\/media\/2124"}],"wp:attachment":[{"href":"https:\/\/bizalmikor.hu\/blog\/wp-json\/wp\/v2\/media?parent=2121"}],"wp:term":[{"taxonomy":"category","embeddable":true,"href":"https:\/\/bizalmikor.hu\/blog\/wp-json\/wp\/v2\/categories?post=2121"},{"taxonomy":"post_tag","embeddable":true,"href":"https:\/\/bizalmikor.hu\/blog\/wp-json\/wp\/v2\/tags?post=2121"}],"curies":[{"name":"wp","href":"https:\/\/api.w.org\/{rel}","templated":true}]}}