{"id":2132,"date":"2020-04-09T09:08:50","date_gmt":"2020-04-09T09:08:50","guid":{"rendered":"https:\/\/bizalmikor.hu\/blog\/?p=2132"},"modified":"2020-05-11T12:22:37","modified_gmt":"2020-05-11T12:22:37","slug":"valsagban-jobban-felertekelodik-a-bizalom-a-szerzodeskoteseknel-is","status":"publish","type":"post","link":"https:\/\/bizalmikor.hu\/blog\/2020\/04\/09\/valsagban-jobban-felertekelodik-a-bizalom-a-szerzodeskoteseknel-is\/","title":{"rendered":"V\u00e1ls\u00e1gban jobban fel\u00e9rt\u00e9kel\u0151dik a bizalom a szerz\u0151d\u00e9sk\u00f6t\u00e9sekn\u00e9l is"},"content":{"rendered":"\n<p><\/p>\n\n\n\n<p><strong>A koronav\u00edrus v\u00e1ls\u00e1g id\u0151szak\u00e1ban sokkal ink\u00e1bb fel\u00e9rt\u00e9kel\u0151dik a bizalom jelent\u0151s\u00e9ge, \u00e9s kulcsk\u00e9rd\u00e9ss\u00e9 v\u00e1lik, hogy mik\u00e9nt lehet objekt\u00edv alapon elnyerni egy potenci\u00e1lis \u00fczleti partner bizalm\u00e1t. \u00c9rdemes nyitottnak lenni a digit\u00e1lis megold\u00e1sok ir\u00e1nt, mert seg\u00edtenek \u00e1thidalni a most fenn\u00e1ll\u00f3 neh\u00e9zs\u00e9geket. Nem mell\u00e9kesen olyan jogi biztons\u00e1got ny\u00fajtani a sz\u00e1munkra, hogy szem\u00e9lyes tal\u00e1lkoz\u00f3 n\u00e9lk\u00fcl is meg tudunk gy\u0151z\u0151dni a szerz\u0151d\u00e9sk\u00f6t\u00e9shez sz\u00fcks\u00e9ges dokumentumok megb\u00edzhat\u00f3s\u00e1g\u00e1r\u00f3l.<\/strong><\/p>\n\n\n\n<p>Dr. Romh\u00e1ny Gergely, a <a href=\"https:\/\/www.trustchain.com\/hu\/\">Trust Chain<\/a> alap\u00edt\u00f3ja besz\u00e9lgetett Gangel P\u00e9terrel, arr\u00f3l a szolg\u00e1ltat\u00e1sr\u00f3l, amellyel digit\u00e1lis form\u00e1ban is megoldhat\u00f3k a bizalmon alapul\u00f3, hiteles\u00edtett szerz\u0151d\u00e9sk\u00f6t\u00e9sek:<\/p>\n\n\n\n<p><strong>Mes\u00e9lsz magatokr\u00f3l egy kicsit?<\/strong><\/p>\n\n\n\n<p>Dr. Romh\u00e1ny Gergely vagyok, informatikai szakk\u00f6zgazd\u00e1sz, jog\u00e1sz h\u00e1tter\u0171 \u00fczletfejleszt\u00e9si strat\u00e9ga \u00e9s v\u00e1llalkoz\u00f3. A c\u00e9g\u00fcnk a <a href=\"https:\/\/www.trustchain.com\/hu\/\">TrustChain Systems Kft<\/a>. egy jogi innov\u00e1ci\u00f3s c\u00e9g. Mi azzal foglalkozunk, hogy olyan megold\u00e1st dolgozzunk ki a partnereink sz\u00e1m\u00e1ra, amivel az adminisztr\u00e1ci\u00f3s terheket \u00e9s energiapazarl\u00e1st cs\u00f6kkenteni tudj\u00e1k.&nbsp;<\/p>\n\n\n\n<p>Ez f\u0151k\u00e9nt a jogi folyamatokat, szerz\u0151d\u00e9sk\u00f6t\u00e9seket, al\u00e1\u00edr\u00e1si proced\u00far\u00e1kat \u00e9rinti legink\u00e1bb. Azt tapasztaltuk, hogy azok a klasszikus jogi, p\u00e9nz\u00fcgyi \u00e9s \u00fczleti folyamatok, amelyek r\u00e9gen egym\u00e1st k\u00f6vett\u00e9k, most egy id\u0151be cs\u00fasztak \u00f6ssze. Sokan emiatt ut\u00f3lag dokument\u00e1lj\u00e1k csak a folyamatokat, ami kock\u00e1zatokat rejt mag\u00e1ban.<\/p>\n\n\n\n<blockquote class=\"wp-block-quote is-layout-flow wp-block-quote-is-layout-flow\"><p>A mostani id\u0151szakban a szolg\u00e1ltat\u00e1sunknak egy teljesen m\u00e1s aspektusa lesz \u00e9rv\u00e9nyben, ugyanis a v\u00e1ls\u00e1g id\u0151szakban jobban fel\u00e9rt\u00e9kel\u0151dik a bizalom. Ahogy szokt\u00e1k mondani, a bizalmat ki\u00e9rdemelni \u00e9s elnyerni kell.<\/p><\/blockquote>\n\n\n\n<p>Mi azt kezdt\u00fck el kutatni, hogy mik\u00e9nt lehet objekt\u00edv alapon megszerezni egy bizalmat, illetve mik azok a sarokpontjai az \u00fczleti m\u0171k\u00f6d\u00e9s\u00fcnknek, amelyek egy\u00e9bk\u00e9nt bizalmat tehetnek egy \u00fcgylet m\u00f6g\u00e9.<\/p>\n\n\n\n<p><strong>Mit gondolsz arr\u00f3l, miszerint a 2008-as bizalmi v\u00e1ls\u00e1ggal szemben most sokkal ink\u00e1bb eg\u00e9szs\u00e9g\u00fcgyi v\u00e1ls\u00e1ggal n\u00e9z\u00fcnk szembe?<\/strong><\/p>\n\n\n\n<p>Teljes m\u00e9rt\u00e9kben egyet\u00e9rtek vele. A tapasztalataink szerint most az okoz neh\u00e9zs\u00e9get, hogy a megl\u00e9v\u0151 bizalmon alapul\u00f3 \u00fcgyleteket tudjuk folytatni egy digit\u00e1lisabb form\u00e1ban. Az \u00fagynevezett busniess continuity plan fenntart\u00e1sa teh\u00e1t a kulcsk\u00e9rd\u00e9s. Azt l\u00e1tjuk, hogy az eddig k\u00e9nyelmi okokb\u00f3l halogatott digit\u00e1lis \u00e1talakul\u00e1st most hirtelen mindenkinek meg kellett l\u00e9pnie.<\/p>\n\n\n\n<p><strong>Melyik ter\u00fcletek \u00e9s c\u00e9gek \u00e9rintettek most ebben a k\u00e9rd\u00e9sk\u00f6rben?<\/strong><\/p>\n\n\n\n<p>Sok megkeres\u00e9s \u00e9rkezik hozz\u00e1nk munkaszerz\u0151d\u00e9s t\u00e1volr\u00f3l t\u00f6rt\u00e9n\u0151 al\u00e1\u00edr\u00e1sa, illetve megsz\u00fcntet\u00e9se kapcs\u00e1n. F\u0151k\u00e9nt az id\u00e9nymunk\u00e1val kapcsolatos projektekn\u00e9l jelent ez megoldand\u00f3 feladatot, ahol ak\u00e1r sz\u00e1zn\u00e1l is t\u00f6bb szerz\u0151d\u00e9sr\u0151l van sz\u00f3.<\/p>\n\n\n\n<p>Szint\u00e9n eml\u00edthet\u0151 a sz\u00e1ll\u00edtm\u00e1nyoz\u00e1si \u00e9s kereskedelmi szerz\u0151d\u00e9sek eset\u00e9n a teljes\u00edt\u00e9si igazol\u00e1sok al\u00e1\u00edr\u00e1sa egy \u00e1ru \u00e1tad\u00e1sa vagy \u00e1tv\u00e9tele eset\u00e9n. Emellett \u00e9rintettek lehetnek m\u00e9g a k\u00f6nyvel\u0151k a k\u00f6telez\u0151 lead\u00e1sok miatt, de az \u00fcgyv\u00e9di irod\u00e1kat is eml\u00edthetn\u00e9nk.<\/p>\n\n\n\n<p><strong>Menj\u00fcnk bele kicsit a konkr\u00e9tumokba. Hogy n\u00e9z ki a ti megold\u00e1sotok?<\/strong><\/p>\n\n\n\n<p>Annak idej\u00e9n azt a h\u00e1rom vagy n\u00e9gy sarokpontot \u00e9p\u00edtett\u00fck fel, amelyeket \u00e9rdemes legal\u00e1bb k\u00f6zvetett m\u00f3don hiteles\u00edteni, illetve amelyek kapcs\u00e1n biztos\u00edtani lehet a bizalmat. H\u00e1rom \u2013 n\u00e9gy szem\u00e9lyazonos\u00edt\u00e1si pill\u00e9rre helyezt\u00fck teh\u00e1t a hangs\u00falyt, amelyek kapcs\u00e1n k\u00fcls\u0151 szeml\u00e9l\u0151k adnak hiteless\u00e9get a folyamat l\u00e9trej\u00f6tt\u00e9nek. Erre m\u00e1r lehet \u00e9p\u00edteni egy szerz\u0151d\u00e9sk\u00f6t\u00e9si biztons\u00e1got is.<\/p>\n\n\n\n<p>Amikor 2016-ban a szolg\u00e1ltat\u00e1st elkezdt\u00fck kutatni, tervezni, fejleszteni, egy f\u0151 c\u00e9lunk volt. Olyan megold\u00e1st akartunk \u00f6sszerakni, amely glob\u00e1lisan tud egy olyan jogi biztons\u00e1got ny\u00fajtani a szerz\u0151d\u00e9sk\u00f6t\u0151 felek k\u00f6z\u00f6tt, hogy szem\u00e9lyes tal\u00e1lkoz\u00f3 n\u00e9lk\u00fcl is meg tudjanak gy\u0151z\u0151dni a szerz\u0151d\u00e9sk\u00f6t\u00e9shez sz\u00fcks\u00e9ges dokumentumok megb\u00edzhat\u00f3s\u00e1g\u00e1r\u00f3l.<\/p>\n\n\n\n<p>Ez\u00e9rt n\u00e1lunk val\u00f3s idej\u0171 c\u00e9ginform\u00e1ci\u00f3 van bek\u00f6tve c\u00e9ganazonos\u00edt\u00e1ssal, t\u00e1voli azonos\u00edt\u00e1son kereszt\u00fcl tudunk min\u0151s\u00edtett elektronikus al\u00e1\u00edr\u00e1st biztos\u00edtani a felhaszn\u00e1l\u00f3ink sz\u00e1m\u00e1ra, ilyen m\u00f3don pedig meg tudunk bizonyosodni az al\u00e1\u00edr\u00f3k szem\u00e9ly\u00e9r\u0151l. Szerz\u0151d\u00e9st k\u00f6tni csakis ezen azonos\u00edt\u00e1si pontokat k\u00f6vet\u0151en engedj\u00fck a feleket.<\/p>\n\n\n\n<blockquote class=\"wp-block-quote is-layout-flow wp-block-quote-is-layout-flow\"><p>Egy olyan megold\u00e1st szerett\u00fcnk volna l\u00e9trehozni, amelyet az \u00e9rintettek k\u00f6nnyen meg\u00e9rtenek, a technol\u00f3gi\u00e1val nem nekik kell foglalkozni, mik\u00f6zben a jogszab\u00e1lyok adta biztons\u00e1g van m\u00f6g\u00f6tt\u00fcnk.<\/p><\/blockquote>\n\n\n\n<p><strong>Hogyan m\u0171k\u00f6dik a Trust Chain a gyakorlatban? Mik\u00e9nt kell ezt elk\u00e9pzelni?<\/strong><\/p>\n\n\n\n<p>A <a href=\"https:\/\/app.trustchain.com\/auth\/login\">bejelentkez\u00e9st<\/a> k\u00f6vet\u0151en b\u00e1rmilyen al\u00e1\u00edr\u00e1sra v\u00e1r\u00f3 dokumentumot fel tudunk t\u00f6lteni. Amennyiben nem csak egyed\u00fcl szeretn\u00e9nk al\u00e1\u00edrni, akkor az \u00e9rintett partnert meg tudjuk h\u00edvni a rendszerbe. Vagyis megt\u00f6rt\u00e9nik az \u0151 azonos\u00edt\u00e1sa is.<\/p>\n\n\n\n<p>Hogyha a partnernek b\u00e1rmilyen m\u00e1s szolg\u00e1ltat\u00f3t\u00f3l rendelkez\u00e9sre \u00e1ll min\u0151s\u00edtett elektronikus al\u00e1\u00edr\u00e1s, akkor az \u00e1ltalunk kapott dokumentumot abban felt\u00f6ltheti \u00e9s al\u00e1\u00edrhatja.<\/p>\n\n\n\n<p><strong>\u00c9rkezett hozz\u00e1nk egy k\u00e9rd\u00e9s, miszerint 5 milli\u00f3 forint feletti szerz\u0151d\u00e9sek al\u00e1\u00edrhat\u00f3k-e digit\u00e1lisan?<\/strong><\/p>\n\n\n\n<p>Alapvet\u0151en b\u00e1rmilyen \u00f6sszeg\u0171 szerz\u0151d\u00e9s al\u00e1\u00edrhat\u00f3 min\u0151s\u00edtett elektronikus al\u00e1\u00edr\u00e1ssal online. Ami ennek korl\u00e1tot szabhat, hogy az \u00e9rintett felek milyen szint\u0171 felel\u0151ss\u00e9gbiztos\u00edt\u00e1st v\u00e1rnak el ehhez a szerz\u0151d\u00e9shez a bizalmi szolg\u00e1ltat\u00f3t\u00f3l a h\u00e1tt\u00e9rben.<\/p>\n\n\n\n<p>Fontos lesz\u00f6gezni, hogy a min\u0151s\u00edtett elektronikus al\u00e1\u00edr\u00e1s a k\u00e9zzel t\u00f6rt\u00e9n\u0151 al\u00e1\u00edr\u00e1ssal megegyez\u0151 joghat\u00e1s\u00fa. Mindenk\u00e9ppen a min\u0151s\u00edtett elektronikus elj\u00e1r\u00e1s m\u00f6g\u00e9 kell tenni a bizalmi szolg\u00e1ltat\u00f3k r\u00e9sz\u00e9r\u0151l biztos\u00edtott felt\u00f6rhetetlens\u00e9gre, az id\u0151b\u00e9lyeg biztons\u00e1g\u00e1ra, a dokumentum s\u00e9rtetlens\u00e9g\u00e9re, valamint a szem\u00e9ly azonos\u00edt\u00e1s\u00e1ra vonatkoz\u00f3 felel\u0151ss\u00e9gbiztos\u00edt\u00e1s \u00e9rt\u00e9khat\u00e1rait.<\/p>\n\n\n\n<p><strong>J\u00f3l \u00e9rtj\u00fck-e, hogy az online teljes\u00edt\u00e9si igazol\u00e1sok, szerz\u0151d\u00e9sek azonos \u00e9rt\u00e9k\u0171ek a pap\u00edron, k\u00e9zzel al\u00e1\u00edrt szerz\u0151d\u00e9sekkel? Lehet\u0151s\u00e9g-e ez arra n\u00e9zve, hogy a c\u00e9gek gazdas\u00e1gi m\u0171k\u00f6d\u00e9se a jelen k\u00f6r\u00fclm\u00e9nyek k\u00f6z\u00f6tt is tov\u00e1bb menjen?<\/strong><\/p>\n\n\n\n<p>Igen, ez pontosan \u00edgy van. Az online teljes\u00edt\u00e9si igazol\u00e1sok, szerz\u0151d\u00e9sek azonos \u00e9rt\u00e9k\u0171ek a pap\u00edron, k\u00e9zzel al\u00e1\u00edrt szerz\u0151d\u00e9sekkel. Persze indokolt esetekben nem \u00e1rt, ha m\u00e1sfajta dokumentumokkal is al\u00e1t\u00e1masztjuk a meg\u00e1llapod\u00e1st. P\u00e9ld\u00e1ul a kereskedelemben el\u0151ny\u00f6s lehet, hogyha az \u00e1tvett \u00e1rur\u00f3l van egy m\u00e1sfajta bizony\u00edt\u00e9k is.<\/p>\n\n\n\n<p><strong>\u00dczenn\u00e9l-e m\u00e9g b\u00e1rmit a c\u00e9gvezet\u0151knek?<\/strong><\/p>\n\n\n\n<p>Nem kell f\u00e9lni ett\u0151l a digit\u00e1lis transzform\u00e1ci\u00f3t\u00f3l, mert seg\u00edt\u00fcnk, amiben csak tudunk. Azt tudom m\u00e9g javasolni, hogy tekints\u00fck \u00e1t alaposan, hogy milyen ter\u00fcleten van sz\u00fcks\u00e9g\u00fcnk, pontosan milyen t\u00edpus\u00fa digitaliz\u00e1ci\u00f3ra.<br><\/p>\n\n\n\n<hr class=\"wp-block-separator\"\/>\n\n\n\n<h1 class=\"has-text-align-center wp-block-heading\">Szeretn\u00e9l megismerkedni klubtagjainkkal? K\u00e9rj egy megh\u00edv\u00f3t!<\/h1>\n\n\n\n<div class=\"wp-block-button aligncenter\"><a class=\"wp-block-button__link has-background\" href=\"https:\/\/bizalmikor.hu\/kapcsolat\/\" style=\"background-color:#14496b\" target=\"_blank\" rel=\"noreferrer noopener\"><strong>\u00c9rdekel a Bizalmi K\u00f6r klubtags\u00e1g<\/strong><\/a><\/div>\n\n\n\n<hr class=\"wp-block-separator\"\/>\n","protected":false},"excerpt":{"rendered":"<p>A koronav\u00edrus v\u00e1ls\u00e1g id\u0151szak\u00e1ban sokkal ink\u00e1bb fel\u00e9rt\u00e9kel\u0151dik a bizalom jelent\u0151s\u00e9ge, \u00e9s kulcsk\u00e9rd\u00e9ss\u00e9 v\u00e1lik, hogy mik\u00e9nt lehet objekt\u00edv alapon elnyerni egy potenci\u00e1lis \u00fczleti partner bizalm\u00e1t. \u00c9rdemes nyitottnak lenni a digit\u00e1lis megold\u00e1sok ir\u00e1nt, mert seg\u00edtenek \u00e1thidalni a most fenn\u00e1ll\u00f3 neh\u00e9zs\u00e9geket. Dr. Romh\u00e1ny Gergely, a Trust Chain alap\u00edt\u00f3ja mes\u00e9lt nek\u00fcnk err\u0151l.<\/p>\n","protected":false},"author":3,"featured_media":2134,"comment_status":"closed","ping_status":"open","sticky":false,"template":"","format":"standard","meta":{"footnotes":""},"categories":[25,16],"tags":[],"yoast_head":"<!-- This site is optimized with the Yoast SEO plugin v15.4 - https:\/\/yoast.com\/wordpress\/plugins\/seo\/ -->\n<title>\u00c9rdemes nyitottnak lenni a digit\u00e1lis megold\u00e1sok ir\u00e1nt.<\/title>\n<meta name=\"description\" content=\"\u00c9rdemes nyitottnak lenni a digit\u00e1lis megold\u00e1sok ir\u00e1nt, mert seg\u00edtenek \u00e1thidalni a most fenn\u00e1ll\u00f3 neh\u00e9zs\u00e9geket.\" \/>\n<meta name=\"robots\" content=\"index, follow, max-snippet:-1, max-image-preview:large, max-video-preview:-1\" \/>\n<link rel=\"canonical\" href=\"https:\/\/bizalmikor.hu\/blog\/2020\/04\/09\/valsagban-jobban-felertekelodik-a-bizalom-a-szerzodeskoteseknel-is\/\" \/>\n<meta property=\"og:locale\" content=\"hu_HU\" \/>\n<meta property=\"og:type\" content=\"article\" \/>\n<meta property=\"og:title\" content=\"\u00c9rdemes nyitottnak lenni a digit\u00e1lis megold\u00e1sok ir\u00e1nt.\" \/>\n<meta property=\"og:description\" content=\"\u00c9rdemes nyitottnak lenni a digit\u00e1lis megold\u00e1sok ir\u00e1nt, mert seg\u00edtenek \u00e1thidalni a most fenn\u00e1ll\u00f3 neh\u00e9zs\u00e9geket.\" \/>\n<meta property=\"og:url\" content=\"https:\/\/bizalmikor.hu\/blog\/2020\/04\/09\/valsagban-jobban-felertekelodik-a-bizalom-a-szerzodeskoteseknel-is\/\" \/>\n<meta property=\"og:site_name\" content=\"Bizalmi K\u00f6r blog\" \/>\n<meta property=\"article:publisher\" content=\"https:\/\/www.facebook.com\/bizalmikor\" \/>\n<meta property=\"article:published_time\" content=\"2020-04-09T09:08:50+00:00\" \/>\n<meta property=\"article:modified_time\" content=\"2020-05-11T12:22:37+00:00\" \/>\n<meta property=\"og:image\" content=\"https:\/\/bizalmikor.hu\/blog\/wp-content\/uploads\/2020\/04\/smart-2020-romhany-gergely-1200x628-1.png\" \/>\n\t<meta property=\"og:image:width\" content=\"1200\" \/>\n\t<meta property=\"og:image:height\" content=\"628\" \/>\n<meta name=\"twitter:card\" content=\"summary_large_image\" \/>\n<meta name=\"twitter:label1\" content=\"Szerz\u0151:\">\n\t<meta name=\"twitter:data1\" content=\"Gangel P\u00e9ter\">\n\t<meta name=\"twitter:label2\" content=\"Becs\u00fclt olvas\u00e1si id\u0151\">\n\t<meta name=\"twitter:data2\" content=\"5 perc\">\n<script type=\"application\/ld+json\" class=\"yoast-schema-graph\">{\"@context\":\"https:\/\/schema.org\",\"@graph\":[{\"@type\":\"Organization\",\"@id\":\"https:\/\/bizalmikor.hu\/blog\/#organization\",\"name\":\"Bizalmi K\\u00f6r Kft.\",\"url\":\"https:\/\/bizalmikor.hu\/blog\/\",\"sameAs\":[\"https:\/\/www.facebook.com\/bizalmikor\",\"https:\/\/www.instagram.com\/bizalmikor\/\",\"https:\/\/www.linkedin.com\/company\/19165894\",\"https:\/\/www.youtube.com\/channel\/UC7fAD3QCIWeSexU5t6F3YOw?view_as=subscriber\"],\"logo\":{\"@type\":\"ImageObject\",\"@id\":\"https:\/\/bizalmikor.hu\/blog\/#logo\",\"inLanguage\":\"hu\",\"url\":\"https:\/\/bizalmikor.hu\/blog\/wp-content\/uploads\/2019\/02\/Group-2.png\",\"width\":4033,\"height\":1192,\"caption\":\"Bizalmi K\\u00f6r Kft.\"},\"image\":{\"@id\":\"https:\/\/bizalmikor.hu\/blog\/#logo\"}},{\"@type\":\"WebSite\",\"@id\":\"https:\/\/bizalmikor.hu\/blog\/#website\",\"url\":\"https:\/\/bizalmikor.hu\/blog\/\",\"name\":\"Bizalmi K\\u00f6r blog\",\"description\":\"Egynek minden neh\\u00e9z, soknak semmi sem lehetetlen.\",\"publisher\":{\"@id\":\"https:\/\/bizalmikor.hu\/blog\/#organization\"},\"potentialAction\":[{\"@type\":\"SearchAction\",\"target\":\"https:\/\/bizalmikor.hu\/blog\/?s={search_term_string}\",\"query-input\":\"required name=search_term_string\"}],\"inLanguage\":\"hu\"},{\"@type\":\"ImageObject\",\"@id\":\"https:\/\/bizalmikor.hu\/blog\/2020\/04\/09\/valsagban-jobban-felertekelodik-a-bizalom-a-szerzodeskoteseknel-is\/#primaryimage\",\"inLanguage\":\"hu\",\"url\":\"https:\/\/bizalmikor.hu\/blog\/wp-content\/uploads\/2020\/04\/smart-2020-romhany-gergely-1200x628-1.png\",\"width\":1200,\"height\":628},{\"@type\":\"WebPage\",\"@id\":\"https:\/\/bizalmikor.hu\/blog\/2020\/04\/09\/valsagban-jobban-felertekelodik-a-bizalom-a-szerzodeskoteseknel-is\/#webpage\",\"url\":\"https:\/\/bizalmikor.hu\/blog\/2020\/04\/09\/valsagban-jobban-felertekelodik-a-bizalom-a-szerzodeskoteseknel-is\/\",\"name\":\"\\u00c9rdemes nyitottnak lenni a digit\\u00e1lis megold\\u00e1sok ir\\u00e1nt.\",\"isPartOf\":{\"@id\":\"https:\/\/bizalmikor.hu\/blog\/#website\"},\"primaryImageOfPage\":{\"@id\":\"https:\/\/bizalmikor.hu\/blog\/2020\/04\/09\/valsagban-jobban-felertekelodik-a-bizalom-a-szerzodeskoteseknel-is\/#primaryimage\"},\"datePublished\":\"2020-04-09T09:08:50+00:00\",\"dateModified\":\"2020-05-11T12:22:37+00:00\",\"description\":\"\\u00c9rdemes nyitottnak lenni a digit\\u00e1lis megold\\u00e1sok ir\\u00e1nt, mert seg\\u00edtenek \\u00e1thidalni a most fenn\\u00e1ll\\u00f3 neh\\u00e9zs\\u00e9geket.\",\"inLanguage\":\"hu\",\"potentialAction\":[{\"@type\":\"ReadAction\",\"target\":[\"https:\/\/bizalmikor.hu\/blog\/2020\/04\/09\/valsagban-jobban-felertekelodik-a-bizalom-a-szerzodeskoteseknel-is\/\"]}]},{\"@type\":\"Article\",\"@id\":\"https:\/\/bizalmikor.hu\/blog\/2020\/04\/09\/valsagban-jobban-felertekelodik-a-bizalom-a-szerzodeskoteseknel-is\/#article\",\"isPartOf\":{\"@id\":\"https:\/\/bizalmikor.hu\/blog\/2020\/04\/09\/valsagban-jobban-felertekelodik-a-bizalom-a-szerzodeskoteseknel-is\/#webpage\"},\"author\":{\"@id\":\"https:\/\/bizalmikor.hu\/blog\/#\/schema\/person\/a89936ed381c3afa4cd7a27040dbfb07\"},\"headline\":\"V\\u00e1ls\\u00e1gban jobban fel\\u00e9rt\\u00e9kel\\u0151dik a bizalom a szerz\\u0151d\\u00e9sk\\u00f6t\\u00e9sekn\\u00e9l is\",\"datePublished\":\"2020-04-09T09:08:50+00:00\",\"dateModified\":\"2020-05-11T12:22:37+00:00\",\"mainEntityOfPage\":{\"@id\":\"https:\/\/bizalmikor.hu\/blog\/2020\/04\/09\/valsagban-jobban-felertekelodik-a-bizalom-a-szerzodeskoteseknel-is\/#webpage\"},\"commentCount\":1,\"publisher\":{\"@id\":\"https:\/\/bizalmikor.hu\/blog\/#organization\"},\"image\":{\"@id\":\"https:\/\/bizalmikor.hu\/blog\/2020\/04\/09\/valsagban-jobban-felertekelodik-a-bizalom-a-szerzodeskoteseknel-is\/#primaryimage\"},\"articleSection\":\"COVID-19 \\u00fczleti tapasztalatok,V\\u00e1llalkoz\\u00e1s\",\"inLanguage\":\"hu\"},{\"@type\":\"Person\",\"@id\":\"https:\/\/bizalmikor.hu\/blog\/#\/schema\/person\/a89936ed381c3afa4cd7a27040dbfb07\",\"name\":\"Gangel P\\u00e9ter\",\"image\":{\"@type\":\"ImageObject\",\"@id\":\"https:\/\/bizalmikor.hu\/blog\/#personlogo\",\"inLanguage\":\"hu\",\"url\":\"https:\/\/secure.gravatar.com\/avatar\/ee1c6e901d6b9c50c9a2204252c914b4?s=96&d=mm&r=g\",\"caption\":\"Gangel P\\u00e9ter\"}}]}<\/script>\n<!-- \/ Yoast SEO plugin. -->","_links":{"self":[{"href":"https:\/\/bizalmikor.hu\/blog\/wp-json\/wp\/v2\/posts\/2132"}],"collection":[{"href":"https:\/\/bizalmikor.hu\/blog\/wp-json\/wp\/v2\/posts"}],"about":[{"href":"https:\/\/bizalmikor.hu\/blog\/wp-json\/wp\/v2\/types\/post"}],"author":[{"embeddable":true,"href":"https:\/\/bizalmikor.hu\/blog\/wp-json\/wp\/v2\/users\/3"}],"replies":[{"embeddable":true,"href":"https:\/\/bizalmikor.hu\/blog\/wp-json\/wp\/v2\/comments?post=2132"}],"version-history":[{"count":15,"href":"https:\/\/bizalmikor.hu\/blog\/wp-json\/wp\/v2\/posts\/2132\/revisions"}],"predecessor-version":[{"id":2608,"href":"https:\/\/bizalmikor.hu\/blog\/wp-json\/wp\/v2\/posts\/2132\/revisions\/2608"}],"wp:featuredmedia":[{"embeddable":true,"href":"https:\/\/bizalmikor.hu\/blog\/wp-json\/wp\/v2\/media\/2134"}],"wp:attachment":[{"href":"https:\/\/bizalmikor.hu\/blog\/wp-json\/wp\/v2\/media?parent=2132"}],"wp:term":[{"taxonomy":"category","embeddable":true,"href":"https:\/\/bizalmikor.hu\/blog\/wp-json\/wp\/v2\/categories?post=2132"},{"taxonomy":"post_tag","embeddable":true,"href":"https:\/\/bizalmikor.hu\/blog\/wp-json\/wp\/v2\/tags?post=2132"}],"curies":[{"name":"wp","href":"https:\/\/api.w.org\/{rel}","templated":true}]}}