{"id":2148,"date":"2020-04-09T10:03:26","date_gmt":"2020-04-09T10:03:26","guid":{"rendered":"https:\/\/bizalmikor.hu\/blog\/?p=2148"},"modified":"2020-04-14T11:40:03","modified_gmt":"2020-04-14T11:40:03","slug":"a-legfontosabb-gyakorlati-tanacsok-alkalmazasfejleszteshez","status":"publish","type":"post","link":"https:\/\/bizalmikor.hu\/blog\/2020\/04\/09\/a-legfontosabb-gyakorlati-tanacsok-alkalmazasfejleszteshez\/","title":{"rendered":"A legfontosabb gyakorlati tan\u00e1csok alkalmaz\u00e1sfejleszt\u00e9shez"},"content":{"rendered":"\n<p><strong>Amennyiben most k\u00e9sz\u00fcl\u00fcnk webes- vagy mobilalkalmaz\u00e1s fejleszt\u00e9s\u00e9re, akkor el\u0151zetesen legyen krist\u00e1lytiszta elk\u00e9pzel\u00e9s\u00fcnk a bev\u00e9telszerz\u00e9s m\u00f3dj\u00e1r\u00f3l. Azaz valid\u00e1ljuk az \u00f6tletet, a fejleszt\u00e9s sor\u00e1n pedig alkalmazzuk a lean szeml\u00e9letet. Els\u0151 k\u00f6rben a minimum viable product megteremt\u00e9se legyen a c\u00e9l, majd a piaci ig\u00e9nyekhez alkalmazkodva haladjunk el\u0151re a folyamatban.<\/strong><\/p>\n\n\n\n<p>T\u00f6bbek k\u00f6z\u00f6tt err\u0151l besz\u00e9lgetett Varga Csaba, az <a href=\"https:\/\/inflexstudio.com\/\">Inflex St\u00fadi\u00f3<\/a> vezet\u0151je Gangel P\u00e9terrel, a webes- \u00e9s mobilapplik\u00e1ci\u00f3 fejleszt\u00e9ssel kapcsolatban:<\/p>\n\n\n\n<p><strong>Hogy vagy, mik\u00e9nt telnek a napjaid mostans\u00e1g?<\/strong><\/p>\n\n\n\n<p>A h\u00e9tf\u0151k n\u00e1lunk mindig izgalmasan telnek, mivel a heti feladatok \u00f6sszegy\u0171jt\u00e9se mellett lez\u00e1rjuk a m\u00falt heti teend\u0151ket is. Mivel most a teljes csapat home office-ban van, ez\u00e9rt m\u00e9g t\u00f6bb koncentr\u00e1ci\u00f3ra van sz\u00fcks\u00e9g jelenleg. A folyamatos kommunik\u00e1ci\u00f3t m\u00e9g szokni kell egy\u00e9bk\u00e9nt, ak\u00e1r sz\u00f3ban, ak\u00e1r \u00edr\u00e1sban. Term\u00e9szetesen hoztunk erre megold\u00e1sokat, ugyanakkor fokozottabb figyelmet ig\u00e9nyel mindez a r\u00e9sz\u00fcnkr\u0151l is.<\/p>\n\n\n\n<p>Az \u00edr\u00e1sbeli kommunik\u00e1ci\u00f3 kapcs\u00e1n kialak\u00edtottunk egy megold\u00e1st, err\u0151l egy\u00e9bk\u00e9nt <a href=\"https:\/\/inflexstudio.com\/blog\/2020\/03\/tavmunka-szemelyesebben-avagy-a-virtualis-iroda-megteremtese\/\">sz\u00fcletett is egy cikkem<\/a>. A virtu\u00e1lis irod\u00e1nk l\u00e9nyeg\u00e9ben a Discord platformj\u00e1ra \u00e9p\u00edtett irodakomplexumnak felel meg, ahol \u00fagynevezett szob\u00e1kat hoztunk l\u00e9tre. Ha valaki besz\u00e9l, akkor a m\u00e1sik egyb\u0151l tud r\u00e1 reag\u00e1lni. Abszol\u00fat j\u00f3l funkcion\u00e1l, \u00e9s k\u00f6lcs\u00f6n\u00f6z egyfajta k\u00f6z\u00f6ss\u00e9gi er\u0151t a m\u0171k\u00f6d\u00e9s\u00fcnknek.<\/p>\n\n\n\n<p><strong>Tiszt\u00e1ba tudjuk egy kicsit tenni az alkalmaz\u00e1sfejleszt\u00e9ssel kapcsolatos fogalmakat? Neked p\u00e9ld\u00e1ul mi jut eszedbe az applik\u00e1ci\u00f3 sz\u00f3r\u00f3l?<\/strong><\/p>\n\n\n\n<p>Azt vettem \u00e9szre \u00e9n is, hogy a sz\u00f3 a legt\u00f6bb embern\u00e9l mobilapplik\u00e1ci\u00f3t jelent. Ugyanakkor a ma alkalmazott technol\u00f3gi\u00e1knak k\u00f6sz\u00f6nhet\u0151en egy applik\u00e1ci\u00f3 igaz lehet ak\u00e1r egy webes, vagy adminisztr\u00e1ci\u00f3s fel\u00fcletre is.<\/p>\n\n\n\n<p><strong>Most sokan gondolkodnak az alkalmaz\u00e1sfejleszt\u00e9sben. Mi az els\u0151 \u00e9s legl\u00e9nyegesebb pont, amit c\u00e9gvezet\u0151k\u00e9nt mindenk\u00e9ppen tiszt\u00e1zni kell el\u0151zetesen?<\/strong><\/p>\n\n\n\n<p>Szem\u00e9ly szerint \u00e9n is sok p\u00e9nzt vesztettem m\u00e1r az\u00e9rt, mert bizonyos l\u00e9p\u00e9seket kihagytam, \u00e9s mindenf\u00e9le piackutat\u00e1s \u00e9s el\u0151k\u00e9sz\u00fclet n\u00e9lk\u00fcl elkezdtem fejleszteni. Az ut\u00f3bbi n\u00e9h\u00e1ny \u00e9vben m\u00e1r k\u00f6r\u00fcltekint\u0151bben j\u00e1runk el.<\/p>\n\n\n\n<p>M\u00e1s-m\u00e1s hozz\u00e1\u00e1ll\u00e1st k\u00edv\u00e1nt egy profitszerz\u00e9ssel, illetve egy probl\u00e9mamegold\u00e1ssal \u00e9s t\u00e1rsadalmi felel\u0151ss\u00e9gv\u00e1llal\u00e1ssal kapcsolatos \u00f6tlet kivitelez\u00e9se. Egy \u00f6tlet kapcs\u00e1n mindig az els\u0151 \u00e9s legfontosabb k\u00e9rd\u00e9s, hogy honnan lesz p\u00e9nz\u00fcnk bel\u0151le? A legt\u00f6bb elk\u00e9pzel\u00e9s egy\u00e9bk\u00e9nt m\u00e1r enn\u00e9l a pontn\u00e1l elv\u00e9rzik.<\/p>\n\n\n\n<p>Ha megvan a p\u00e9nztermel\u00e9s v\u00e1rhat\u00f3 m\u00f3dja, akkor valid\u00e1l\u00e1sra lesz sz\u00fcks\u00e9g. Ennek a legegyszer\u0171bb m\u00f3dja egy Google k\u00e9rd\u0151\u00edv kik\u00fcld\u00e9se a potenci\u00e1lis c\u00e9lcsoportnak. Az okosan fel\u00e9p\u00edtett k\u00e9rd\u0151\u00edvvel nemcsak az \u00f6tletet tudjuk valid\u00e1lni, hanem egyb\u0151l \u00e9rt\u00e9kes felhaszn\u00e1l\u00f3i visszajelz\u00e9sekre lehet szert tenni.<\/p>\n\n\n\n<p>Fontos azzal is tiszt\u00e1ban lenni, hogy mik\u00e9nt fogjuk megval\u00f3s\u00edtani az alkalmaz\u00e1s fejleszt\u00e9s\u00e9t r\u00f6vid- \u00e9s hossz\u00fat\u00e1von. Amennyiben elegend\u0151 t\u0151ke \u00e1ll rendelkez\u00e9sre, \u00fagy k\u00f6nnyebb lehet a helyzet. Hogyha kock\u00e1zati t\u0151k\u00e9t szeretn\u00e9nk bevonni, akkor pedig m\u00e9g fontosabb lesz krist\u00e1lytiszt\u00e1n valid\u00e1lni az \u00f6tletet.<\/p>\n\n\n\n<p><strong>Mik\u00e9nt lehet a legnagyobb k\u00f6r\u00fcltekint\u00e9ssel v\u00e9gezni a valid\u00e1l\u00e1st abban az esetben, ha egy c\u00e9g a term\u00e9k\u00e9nek\/szolg\u00e1ltat\u00e1s\u00e1nak a megment\u00e9s\u00e9t v\u00e1rja az applik\u00e1ci\u00f3t\u00f3l?<\/strong><\/p>\n\n\n\n<p>Mindig azt javaslom, hogy a lehet\u0151 legrosszabbra kell sz\u00e1molni, emellett pedig minimum term\u00e9kkel kell elindulni. Null\u00e1r\u00f3l indulva teh\u00e1t a legkev\u00e9sb\u00e9 pozit\u00edv eshet\u0151s\u00e9gre kell k\u00e9sz\u00fclni, egy\u00fattal minim\u00e1lis \u00f6sszeget kell az appra ford\u00edtani.<\/p>\n\n\n\n<p>Kulcsfogalom lehet a \u201eminimum viable product\u201d \/MVP\/. Ez egy olyan term\u00e9k, amivel megvizsg\u00e1lhat\u00f3, hogy a f\u0151 funkci\u00f3 mennyire m\u0171k\u00f6dik a felhaszn\u00e1l\u00f3k eset\u00e9ben. \u00c9rdemes egy\u00e9bk\u00e9nt \u00f3vatosnak lenni, mert k\u00f6nny\u0171 \u201et\u00faltolni\u201d, vagyis ilyen-olyan funkci\u00f3kkal kieg\u00e9sz\u00edteni az MVP-t is. Le kell \u00edrni a projekt sor\u00e1n teljes\u00edtend\u0151 legfontosabb c\u00e9lt, \u00e9s az eg\u00e9sz csapatnak ezt az ir\u00e1nyt kell k\u00f6vetnie.<\/p>\n\n\n\n<p>M\u00e9g egy kulcsfogalom a protot\u00edpus, amibe kevesebb munka\u00f3r\u00e1t kell beletenni, \u00e9s a majdani term\u00e9k grafikus megjelen\u00edt\u00e9s\u00e9nek felel meg. Ennek seg\u00edts\u00e9g\u00e9vel is valid\u00e1lni lehet, hogy a felhaszn\u00e1l\u00f3k \u00e9rtik \u00e9s haszn\u00e1lj\u00e1k-e a kital\u00e1lt term\u00e9ket.<\/p>\n\n\n\n<p>Itt j\u00f6n k\u00e9pbe egy \u00fajabb k\u00e9rd\u00e9s, m\u00e9gpedig az, hogy az \u00f6tlet\u00fcnk probl\u00e9m\u00e1t old meg, vagy egy gener\u00e1lt probl\u00e9m\u00e1ra ad megold\u00e1st. Iszonyatosan kell figyeln\u00fcnk arra, hogy j\u00f3l m\u00e9rj\u00fck fel a piaci ig\u00e9nyeket, \u00e9s t\u00e9nyleg val\u00f3s probl\u00e9m\u00e1ra k\u00edn\u00e1ljunk megold\u00e1st.<\/p>\n\n\n\n<p><strong>Mi t\u00f6rt\u00e9nik akkor, amikor vil\u00e1goss\u00e1 v\u00e1lik, hogy a fejleszt\u00e9s t\u00f6bb h\u00f3napon \u00e1t tart\u00f3, hosszadalmas projekt lesz?<\/strong><\/p>\n\n\n\n<p>Amikor valid\u00e1ltuk az \u00f6tletet \u00e9s bizony\u00edt\u00e1st nyert, hogy sikeres tud lenni, akkor m\u00e9g rengeteg ir\u00e1nyba el lehet indulni. Amennyiben elegend\u0151 t\u0151ke \u00e1ll rendelkez\u00e9sre, akkor term\u00e9szetesen lehet sz\u00e9pen haladni el\u0151re.<\/p>\n\n\n\n<p>T\u0151ke hi\u00e1ny\u00e1ban, ugyanakkor a bizony\u00edtottan m\u0171k\u00f6d\u0151 MVP birtok\u00e1ban egy bizonyos szint ut\u00e1n k\u00fcls\u0151 seg\u00edts\u00e9gre lesz sz\u00fcks\u00e9g. Amikor egy \u00f6tlet kezd beindulni, akkor azt meg kell nyomni, mert ilyenkor k\u00f6nnyen meg tudnak minket el\u0151zni.<\/p>\n\n\n\n<p>Ha kicsit robbanunk, akkor azt csak kis k\u00f6rben lehet \u00e9rz\u00e9kelni, nagy robban\u00e1sn\u00e1l ugyanakkor nem lehet ellopni mag\u00e1t az \u00f6tletet. T\u0151ke hi\u00e1ny\u00e1ban teh\u00e1t \u00e9rdemes lehet kock\u00e1zati t\u0151k\u00e9t bevonni.<\/p>\n\n\n\n<p><strong>A fejleszt\u00e9si id\u0151intervallumok kapcs\u00e1n szerinted milyen etapokban gondolkodhatunk c\u00e9gvezet\u0151k\u00e9nt?<\/strong><\/p>\n\n\n\n<p>Szerintem egy eg\u00e9sz \u00e9ves fejleszt\u00e9st nem lehet megtervezni. M\u00e1r csak a lean szeml\u00e9let miatt sem tudhatjuk ugyanis egy \u00e9vre el\u0151re, hogy hol szeretn\u00e9nk majd akkor tartani. A lean szeml\u00e9let egy\u00e9bk\u00e9nt l\u00e9nyegesen hasznosabb, \u00e9s rengeteget lehet rajta kereszt\u00fcl sp\u00f3rolni.<\/p>\n\n\n\n<p>Kisebb etapokban \u00e9rdemes teh\u00e1t gondolkodni, majd ut\u00e1na ism\u00e9t valid\u00e1lni az ir\u00e1nyokat, sz\u00fcks\u00e9g eset\u00e9n pedig m\u00f3dos\u00edtani a megval\u00f3s\u00edtani k\u00edv\u00e1nt elk\u00e9pzel\u00e9seket.<\/p>\n\n\n\n<figure class=\"wp-block-image size-large is-resized\"><img loading=\"lazy\" decoding=\"async\" src=\"https:\/\/bizalmikor.hu\/blog\/wp-content\/uploads\/2020\/04\/en2.jpg\" alt=\"\" class=\"wp-image-2151\" width=\"917\" height=\"834\" srcset=\"https:\/\/bizalmikor.hu\/blog\/wp-content\/uploads\/2020\/04\/en2.jpg 639w, https:\/\/bizalmikor.hu\/blog\/wp-content\/uploads\/2020\/04\/en2-300x273.jpg 300w\" sizes=\"(max-width: 917px) 100vw, 917px\" \/><figcaption> &#8220;Ha kicsit robbanunk, akkor azt csak kis k\u00f6rben lehet \u00e9rz\u00e9kelni, nagy robban\u00e1sn\u00e1l ugyanakkor nem lehet ellopni mag\u00e1t az \u00f6tletet.&#8221; <\/figcaption><\/figure>\n\n\n\n<p><strong>A minimum viable product alkalmaz\u00e1sa nem rejti mag\u00e1ban azt a kock\u00e1zatot, hogy egy hib\u00e1s term\u00e9k ker\u00fcl ki a piacra?<\/strong><\/p>\n\n\n\n<p>Fontos tiszt\u00e1zni, az MVP nem azt jelenti, hogy a term\u00e9k hib\u00e1s. Az MVP egy j\u00f3l kitesztelt alkalmaz\u00e1s, amely csak n\u00e9h\u00e1ny funkci\u00f3t tartalmaz. Ezek ugyanakkor 100%-ig m\u0171k\u00f6dnek, \u00e9s ki vannak tesztelve. Hib\u00e1s term\u00e9ket m\u00e1r csak tiszteletb\u0151l sem tesz\u00fcnk ki a felhaszn\u00e1l\u00f3knak.<\/p>\n\n\n\n<p><strong>Fontos tudni r\u00f3latok, hogy t\u00f6bbek k\u00f6z\u00f6tt a Decathlon applik\u00e1ci\u00f3j\u00e1t is ti csin\u00e1lj\u00e1tok. Mes\u00e9lsz err\u0151l a projektr\u0151l egy kicsit?<\/strong><\/p>\n\n\n\n<p>A Decathlon eset\u00e9ben mi csin\u00e1ltuk az IOS \u00e9s Android alkalmaz\u00e1st, illetve a teljes felhaszn\u00e1l\u00f3i \u00e9lm\u00e9ny tervez\u00e9s\u00e9t is az appnak. Ez egy 3,5 h\u00f3napos projekt volt, \u00e9s kicsit t\u00f6bb mint egy \u00e9ve adtuk \u00e1t \u00e9les haszn\u00e1latra.<\/p>\n\n\n\n<p>A r\u00f6vid hat\u00e1rid\u0151 miatt p\u00f6rgetni kellett, ugyanakkor j\u00f3l l\u00e1tszik, hogy nem felt\u00e9tlen\u00fcl van sz\u00fcks\u00e9g egy teljes \u00e9vre a fejleszt\u00e9shez. Szerett\u00fck ebben a projektben, hogy volt belesz\u00f3l\u00e1sunk a felhaszn\u00e1l\u00f3i \u00e9lm\u00e9ny kialak\u00edt\u00e1s\u00e1ba. Kifejezetten izgalmas projekt volt.<\/p>\n\n\n\n<p>Mi egy\u00e9bk\u00e9nt web- \u00e9s mobilalkalmaz\u00e1sokkal foglalkozunk, jellemz\u0151en startupoknak seg\u00edt\u00fcnk megval\u00f3s\u00edtani az \u00f6tlet\u00fcket. Emellett pedig van egy B2B vonalunk is, amely az \u00fcgyfeleink sz\u00e1m\u00e1ra a c\u00e9gen bel\u00fcli hat\u00e9konys\u00e1g n\u00f6vel\u00e9s\u00e9t seg\u00edti.<\/p>\n\n\n\n<p><strong>Seg\u00edtesz kicsit rendet tenni a javasolt \u00e9s nem javasolt technol\u00f3gi\u00e1k t\u00e9mak\u00f6r\u00e9ben?<\/strong><\/p>\n\n\n\n<p>Webes ter\u00fcleten viszonylag j\u00f3 megold\u00e1sok \u00e1llnak rendelkez\u00e9sre. Mobil oldalon sokkal ink\u00e1bb tapasztalhat\u00f3 \u00fagymond egy kis izgalom a native \u00e9s a cross platformos fejleszt\u00e9s k\u00f6z\u00f6tt. A native fejleszt\u00e9s ugyeb\u00e1r azt takarja, amikor Androidra \u00e9s IOS-re is k\u00fcl\u00f6n lefejlesztj\u00fck ugyanazt az alkalmaz\u00e1st k\u00e9t k\u00fcl\u00f6nb\u00f6z\u0151 programnyelvben. Ez dupla id\u0151vel \u00e9s dupla annyi munk\u00e1val j\u00e1r egy\u00fctt.<\/p>\n\n\n\n<p>A cross platformos megold\u00e1s keretei k\u00f6z\u00f6tt egy helyen csin\u00e1ljuk meg az appot, amely azt\u00e1n mind a k\u00e9t helyen lefordul. Sz\u00f3val egy forr\u00e1sk\u00f3d van, az alkalmaz\u00e1s pedig IOS-re \u00e9s Androidra is l\u00e9trej\u00f6n. Egyszer\u0171bb, a telefon szenzorait nem ig\u00e9nyl\u0151 \u00f6tlet valid\u00e1l\u00e1s\u00e1hoz \u00e9s az MVP l\u00e9trehoz\u00e1s\u00e1hoz az ut\u00f3bbi megold\u00e1s sz\u00e1m\u00edt olcs\u00f3bb v\u00e1laszt\u00e1snak.&nbsp;<\/p>\n\n\n\n<p>Egy \u00f6tlet \u00e9rt\u00e9kel\u00e9sekor meg szoktuk vizsg\u00e1lni, hogy milyen elemeket tartalmaz, \u00e9s ennek alapj\u00e1n d\u00f6nt\u00fcnk az alkalmazott technol\u00f3gi\u00e1r\u00f3l.<\/p>\n\n\n\n<p><strong>Van-e b\u00e1rmilyen z\u00e1r\u00f3 gondolatod azoknak, akik most k\u00e9sz\u00fclnek neki\u00e1llni b\u00e1rmilyen webes vagy mobilapplik\u00e1ci\u00f3 fejleszt\u00e9s\u00e9nek?<\/strong><\/p>\n\n\n\n<p>A fejleszt\u0151 c\u00e9g v\u00e1laszt\u00e1sakor gy\u0151z\u0151dj\u00fcnk meg a t\u00e1rgyal\u00f3 partner referenci\u00e1ir\u00f3l, akikhez egy\u00e9bk\u00e9nt \u00e9rdemes kapcsolatokat is k\u00e9rni. Ez\u00e1ltal el lehet ker\u00fclni a horror sztorikat, egy\u00fattal elker\u00fclhetj\u00fck a komolyabb vesztes\u00e9geket is.<br><\/p>\n\n\n\n<hr class=\"wp-block-separator\"\/>\n\n\n\n<h1 class=\"has-text-align-center wp-block-heading\">Szeretn\u00e9l megismerkedni klubtagjainkkal? K\u00e9rj egy megh\u00edv\u00f3t!<\/h1>\n\n\n\n<div class=\"wp-block-button aligncenter\"><a class=\"wp-block-button__link has-background\" href=\"https:\/\/bizalmikor.hu\/kapcsolat\/\" style=\"background-color:#14496b\" target=\"_blank\" rel=\"noreferrer noopener\"><strong>\u00c9rdekel a Bizalmi K\u00f6r klubtags\u00e1g<\/strong><\/a><\/div>\n\n\n\n<hr class=\"wp-block-separator\"\/>\n","protected":false},"excerpt":{"rendered":"<p>Amennyiben most k\u00e9sz\u00fcl\u00fcnk webes- vagy mobilalkalmaz\u00e1s fejleszt\u00e9s\u00e9re, akkor el\u0151zetesen legyen krist\u00e1lytiszta elk\u00e9pzel\u00e9s\u00fcnk a bev\u00e9telszerz\u00e9s m\u00f3dj\u00e1r\u00f3l. Azaz valid\u00e1ljuk az \u00f6tletet, a fejleszt\u00e9s sor\u00e1n pedig alkalmazzuk a lean szeml\u00e9letet. Varga Csaba, az Inflex St\u00fadi\u00f3 vezet\u0151j\u00e9vel besz\u00e9lgett\u00fcnk.<\/p>\n","protected":false},"author":3,"featured_media":2149,"comment_status":"closed","ping_status":"open","sticky":false,"template":"","format":"standard","meta":{"footnotes":""},"categories":[25,16],"tags":[],"yoast_head":"<!-- This site is optimized with the Yoast SEO plugin v15.4 - https:\/\/yoast.com\/wordpress\/plugins\/seo\/ -->\n<title>A legfontosabb gyakorlati tan\u00e1csok alkalmaz\u00e1sfejleszt\u00e9shez<\/title>\n<meta name=\"robots\" content=\"index, follow, max-snippet:-1, max-image-preview:large, max-video-preview:-1\" \/>\n<link rel=\"canonical\" href=\"https:\/\/bizalmikor.hu\/blog\/2020\/04\/09\/a-legfontosabb-gyakorlati-tanacsok-alkalmazasfejleszteshez\/\" \/>\n<meta property=\"og:locale\" content=\"hu_HU\" \/>\n<meta property=\"og:type\" content=\"article\" \/>\n<meta property=\"og:title\" content=\"A legfontosabb gyakorlati tan\u00e1csok alkalmaz\u00e1sfejleszt\u00e9shez\" \/>\n<meta property=\"og:description\" content=\"Amennyiben most k\u00e9sz\u00fcl\u00fcnk webes- vagy mobilalkalmaz\u00e1s fejleszt\u00e9s\u00e9re, akkor el\u0151zetesen legyen krist\u00e1lytiszta elk\u00e9pzel\u00e9s\u00fcnk a bev\u00e9telszerz\u00e9s m\u00f3dj\u00e1r\u00f3l. Azaz valid\u00e1ljuk az \u00f6tletet, a fejleszt\u00e9s sor\u00e1n pedig alkalmazzuk a lean szeml\u00e9letet. Varga Csaba, az Inflex St\u00fadi\u00f3 vezet\u0151j\u00e9vel besz\u00e9lgett\u00fcnk.\" \/>\n<meta property=\"og:url\" content=\"https:\/\/bizalmikor.hu\/blog\/2020\/04\/09\/a-legfontosabb-gyakorlati-tanacsok-alkalmazasfejleszteshez\/\" \/>\n<meta property=\"og:site_name\" content=\"Bizalmi K\u00f6r blog\" \/>\n<meta property=\"article:publisher\" content=\"https:\/\/www.facebook.com\/bizalmikor\" \/>\n<meta property=\"article:published_time\" content=\"2020-04-09T10:03:26+00:00\" \/>\n<meta property=\"article:modified_time\" content=\"2020-04-14T11:40:03+00:00\" \/>\n<meta property=\"og:image\" content=\"https:\/\/bizalmikor.hu\/blog\/wp-content\/uploads\/2020\/04\/ux-787980_1920.jpg\" \/>\n\t<meta property=\"og:image:width\" content=\"1920\" \/>\n\t<meta property=\"og:image:height\" content=\"1275\" \/>\n<meta name=\"twitter:card\" content=\"summary_large_image\" \/>\n<meta name=\"twitter:label1\" content=\"Szerz\u0151:\">\n\t<meta name=\"twitter:data1\" content=\"Gangel P\u00e9ter\">\n\t<meta name=\"twitter:label2\" content=\"Becs\u00fclt olvas\u00e1si id\u0151\">\n\t<meta name=\"twitter:data2\" content=\"7 perc\">\n<script type=\"application\/ld+json\" class=\"yoast-schema-graph\">{\"@context\":\"https:\/\/schema.org\",\"@graph\":[{\"@type\":\"Organization\",\"@id\":\"https:\/\/bizalmikor.hu\/blog\/#organization\",\"name\":\"Bizalmi K\\u00f6r Kft.\",\"url\":\"https:\/\/bizalmikor.hu\/blog\/\",\"sameAs\":[\"https:\/\/www.facebook.com\/bizalmikor\",\"https:\/\/www.instagram.com\/bizalmikor\/\",\"https:\/\/www.linkedin.com\/company\/19165894\",\"https:\/\/www.youtube.com\/channel\/UC7fAD3QCIWeSexU5t6F3YOw?view_as=subscriber\"],\"logo\":{\"@type\":\"ImageObject\",\"@id\":\"https:\/\/bizalmikor.hu\/blog\/#logo\",\"inLanguage\":\"hu\",\"url\":\"https:\/\/bizalmikor.hu\/blog\/wp-content\/uploads\/2019\/02\/Group-2.png\",\"width\":4033,\"height\":1192,\"caption\":\"Bizalmi K\\u00f6r Kft.\"},\"image\":{\"@id\":\"https:\/\/bizalmikor.hu\/blog\/#logo\"}},{\"@type\":\"WebSite\",\"@id\":\"https:\/\/bizalmikor.hu\/blog\/#website\",\"url\":\"https:\/\/bizalmikor.hu\/blog\/\",\"name\":\"Bizalmi K\\u00f6r blog\",\"description\":\"Egynek minden neh\\u00e9z, soknak semmi sem lehetetlen.\",\"publisher\":{\"@id\":\"https:\/\/bizalmikor.hu\/blog\/#organization\"},\"potentialAction\":[{\"@type\":\"SearchAction\",\"target\":\"https:\/\/bizalmikor.hu\/blog\/?s={search_term_string}\",\"query-input\":\"required name=search_term_string\"}],\"inLanguage\":\"hu\"},{\"@type\":\"ImageObject\",\"@id\":\"https:\/\/bizalmikor.hu\/blog\/2020\/04\/09\/a-legfontosabb-gyakorlati-tanacsok-alkalmazasfejleszteshez\/#primaryimage\",\"inLanguage\":\"hu\",\"url\":\"https:\/\/bizalmikor.hu\/blog\/wp-content\/uploads\/2020\/04\/ux-787980_1920.jpg\",\"width\":1920,\"height\":1275},{\"@type\":\"WebPage\",\"@id\":\"https:\/\/bizalmikor.hu\/blog\/2020\/04\/09\/a-legfontosabb-gyakorlati-tanacsok-alkalmazasfejleszteshez\/#webpage\",\"url\":\"https:\/\/bizalmikor.hu\/blog\/2020\/04\/09\/a-legfontosabb-gyakorlati-tanacsok-alkalmazasfejleszteshez\/\",\"name\":\"A legfontosabb gyakorlati tan\\u00e1csok alkalmaz\\u00e1sfejleszt\\u00e9shez\",\"isPartOf\":{\"@id\":\"https:\/\/bizalmikor.hu\/blog\/#website\"},\"primaryImageOfPage\":{\"@id\":\"https:\/\/bizalmikor.hu\/blog\/2020\/04\/09\/a-legfontosabb-gyakorlati-tanacsok-alkalmazasfejleszteshez\/#primaryimage\"},\"datePublished\":\"2020-04-09T10:03:26+00:00\",\"dateModified\":\"2020-04-14T11:40:03+00:00\",\"inLanguage\":\"hu\",\"potentialAction\":[{\"@type\":\"ReadAction\",\"target\":[\"https:\/\/bizalmikor.hu\/blog\/2020\/04\/09\/a-legfontosabb-gyakorlati-tanacsok-alkalmazasfejleszteshez\/\"]}]},{\"@type\":\"Article\",\"@id\":\"https:\/\/bizalmikor.hu\/blog\/2020\/04\/09\/a-legfontosabb-gyakorlati-tanacsok-alkalmazasfejleszteshez\/#article\",\"isPartOf\":{\"@id\":\"https:\/\/bizalmikor.hu\/blog\/2020\/04\/09\/a-legfontosabb-gyakorlati-tanacsok-alkalmazasfejleszteshez\/#webpage\"},\"author\":{\"@id\":\"https:\/\/bizalmikor.hu\/blog\/#\/schema\/person\/a89936ed381c3afa4cd7a27040dbfb07\"},\"headline\":\"A legfontosabb gyakorlati tan\\u00e1csok alkalmaz\\u00e1sfejleszt\\u00e9shez\",\"datePublished\":\"2020-04-09T10:03:26+00:00\",\"dateModified\":\"2020-04-14T11:40:03+00:00\",\"mainEntityOfPage\":{\"@id\":\"https:\/\/bizalmikor.hu\/blog\/2020\/04\/09\/a-legfontosabb-gyakorlati-tanacsok-alkalmazasfejleszteshez\/#webpage\"},\"publisher\":{\"@id\":\"https:\/\/bizalmikor.hu\/blog\/#organization\"},\"image\":{\"@id\":\"https:\/\/bizalmikor.hu\/blog\/2020\/04\/09\/a-legfontosabb-gyakorlati-tanacsok-alkalmazasfejleszteshez\/#primaryimage\"},\"articleSection\":\"COVID-19 \\u00fczleti tapasztalatok,V\\u00e1llalkoz\\u00e1s\",\"inLanguage\":\"hu\"},{\"@type\":\"Person\",\"@id\":\"https:\/\/bizalmikor.hu\/blog\/#\/schema\/person\/a89936ed381c3afa4cd7a27040dbfb07\",\"name\":\"Gangel P\\u00e9ter\",\"image\":{\"@type\":\"ImageObject\",\"@id\":\"https:\/\/bizalmikor.hu\/blog\/#personlogo\",\"inLanguage\":\"hu\",\"url\":\"https:\/\/secure.gravatar.com\/avatar\/ee1c6e901d6b9c50c9a2204252c914b4?s=96&d=mm&r=g\",\"caption\":\"Gangel P\\u00e9ter\"}}]}<\/script>\n<!-- \/ Yoast SEO plugin. -->","_links":{"self":[{"href":"https:\/\/bizalmikor.hu\/blog\/wp-json\/wp\/v2\/posts\/2148"}],"collection":[{"href":"https:\/\/bizalmikor.hu\/blog\/wp-json\/wp\/v2\/posts"}],"about":[{"href":"https:\/\/bizalmikor.hu\/blog\/wp-json\/wp\/v2\/types\/post"}],"author":[{"embeddable":true,"href":"https:\/\/bizalmikor.hu\/blog\/wp-json\/wp\/v2\/users\/3"}],"replies":[{"embeddable":true,"href":"https:\/\/bizalmikor.hu\/blog\/wp-json\/wp\/v2\/comments?post=2148"}],"version-history":[{"count":5,"href":"https:\/\/bizalmikor.hu\/blog\/wp-json\/wp\/v2\/posts\/2148\/revisions"}],"predecessor-version":[{"id":2167,"href":"https:\/\/bizalmikor.hu\/blog\/wp-json\/wp\/v2\/posts\/2148\/revisions\/2167"}],"wp:featuredmedia":[{"embeddable":true,"href":"https:\/\/bizalmikor.hu\/blog\/wp-json\/wp\/v2\/media\/2149"}],"wp:attachment":[{"href":"https:\/\/bizalmikor.hu\/blog\/wp-json\/wp\/v2\/media?parent=2148"}],"wp:term":[{"taxonomy":"category","embeddable":true,"href":"https:\/\/bizalmikor.hu\/blog\/wp-json\/wp\/v2\/categories?post=2148"},{"taxonomy":"post_tag","embeddable":true,"href":"https:\/\/bizalmikor.hu\/blog\/wp-json\/wp\/v2\/tags?post=2148"}],"curies":[{"name":"wp","href":"https:\/\/api.w.org\/{rel}","templated":true}]}}