{"id":2242,"date":"2020-04-20T09:04:00","date_gmt":"2020-04-20T09:04:00","guid":{"rendered":"https:\/\/bizalmikor.hu\/blog\/?p=2242"},"modified":"2020-05-11T12:11:28","modified_gmt":"2020-05-11T12:11:28","slug":"mit-erdemes-tudni-a-gazdasagelenkito-program-kapcsan","status":"publish","type":"post","link":"https:\/\/bizalmikor.hu\/blog\/2020\/04\/20\/mit-erdemes-tudni-a-gazdasagelenkito-program-kapcsan\/","title":{"rendered":"Mit \u00e9rdemes tudni a gazdas\u00e1g\u00e9l\u00e9nk\u00edt\u0151 program kapcs\u00e1n?"},"content":{"rendered":"\n<p><strong>Milyen konkr\u00e9tumokat v\u00e1rhatunk a magyar korm\u00e1nyzat gazdas\u00e1g\u00e9l\u00e9nk\u00edt\u0151 programj\u00e1r\u00f3l? Mik lesznek a legfontosabb szempontok, illetve v\u00e1llalkoz\u00f3k\u00e9nt mennyire veszik ig\u00e9nybe az ig\u00e9nyeinket a forr\u00e1sok biztos\u00edt\u00e1s\u00e1n\u00e1l? Tov\u00e1bb\u00e1 milyen strat\u00e9gi\u00e1t javasol a t\u00fal\u00e9l\u00e9shez \u00e9s a kil\u00e1bal\u00e1shoz az a szem\u00e9ly, akinek 18 \u00e9ven \u00e1t volt szerencs\u00e9je Demj\u00e1n S\u00e1ndorral egy\u00fctt dolgozni?<\/strong><\/p>\n\n\n\n<p>Kris\u00e1n L\u00e1szl\u00f3val,<strong> <\/strong>a<strong> <a href=\"https:\/\/www.kavosz.hu\/\" target=\"_blank\" rel=\"noreferrer noopener\">KAVOSZ Zrt.<\/a><\/strong> vez\u00e9rigazgat\u00f3j\u00e1val<strong> <\/strong>besz\u00e9lgett\u00fcnk t\u00f6bbek k\u00f6z\u00f6tt a fentebb eml\u00edtett k\u00e9rd\u00e9sekr\u0151l, de sok egy\u00e9b fontos t\u00e9mak\u00f6rt is \u00e9rintett\u00fcnk.<\/p>\n\n\n\n<p><strong>Kezd\u00e9sk\u00e9nt \u00f6sszefoglaln\u00e1d n\u00e9h\u00e1ny mondatban a KAVOSZ Zrt. tev\u00e9kenys\u00e9g\u00e9t?<\/strong><\/p>\n\n\n\n<p>Az eg\u00e9sz program szellemi sz\u00fcl\u0151 atyja \u00e9s l\u00e9trehoz\u00f3ja is Demj\u00e1n S\u00e1ndor volt. A k\u00f6vetkez\u0151 \u00f6tlettel \u00e1llt el\u0151 k\u00f6zel 20 \u00e9ve: meg kellene n\u00e9zni, van-e olyan mikro- \u00e9s kisv\u00e1llalkoz\u00e1sokra adapt\u00e1lhat\u00f3 hitelez\u00e9si lehet\u0151s\u00e9g, amit esetleg meg lehet csin\u00e1lni.<\/p>\n\n\n\n<p>A bankok \u00e9s a kisebb v\u00e1llalkoz\u00e1sok k\u00f6z\u00f6tt volt egy olyan szemben\u00e1ll\u00e1s, ami egy\u00e9rtelm\u0171en indokolta a Sz\u00e9chenyi K\u00e1rtya Program l\u00e9trehoz\u00e1s\u00e1t. Eleinte csak 1 milli\u00f3 forint volt a hitel \u00f6sszege, mostanra pedig eljutottunk oda, hogy a j\u00e1rv\u00e1ny\u00fcgyi gazdas\u00e1gi helyzet miatt a 100 milli\u00f3 forintos nagys\u00e1grendet is kitolhatjuk.<\/p>\n\n\n\n<p>A Sz\u00e9chenyi K\u00e1rtya mindazon dolgokat pr\u00f3b\u00e1lta \u00f6sszehozni, amit egy\u00e9bk\u00e9nt a tipikus hitelek nem tudnak. Egyr\u00e9szt a v\u00e1llalkoz\u00f3nak megadja a bizalmi t\u0151k\u00e9t, emellett pedig egy speci\u00e1lis, kor\u00e1bban 70%-os, mostanra 80%-os \u00e1llami garancia programmal lecs\u00f6kkentett\u00fck a bankok rizik\u00f3j\u00e1t a v\u00e1llalkoz\u00e1sokkal szemben.<\/p>\n\n\n\n<p>A v\u00e1llalkoz\u00f3k probl\u00e9m\u00e1j\u00e1t pedig egy kamatt\u00e1mogat\u00e1ssal hidaltuk \u00e1t. A volument j\u00f3l \u00e9rz\u00e9kelteti, hogy a Magyarorsz\u00e1gon m\u0171k\u00f6d\u0151 v\u00e1llalkoz\u00e1sok legal\u00e1bb a fele ig\u00e9nyelte m\u00e1r a k\u00e1rty\u00e1t, a mostani besz\u00e9lget\u00e9s\u00fcnk ideje alatt pedig k\u00f6zel 50 milli\u00f3 forint fog kimenni a v\u00e1llalkoz\u00e1sokhoz.<\/p>\n\n\n\n<p><strong>A v\u00e1llalkoz\u00e1sok a jelenlegi helyzetben is fordulhatnak hozz\u00e1tok a likvidit\u00e1suk meg\u0151rz\u00e9se \u00e9rdek\u00e9ben?<\/strong><\/p>\n\n\n\n<p>Fordulnak is. A m\u00e1rcius 10-\u00e9n t\u00f6rt\u00e9nt minisztereln\u00f6ki bejelent\u00e9st k\u00f6vet\u0151en ugr\u00e1sszer\u0171 n\u00f6veked\u00e9s volt tapasztalhat\u00f3 a Sz\u00e9chenyi K\u00e1rty\u00e1ban. A v\u00e1llalkoz\u00e1sok l\u00e1that\u00f3an a likvidit\u00e1sra t\u00f6rekednek.<\/p>\n\n\n\n<p>Demj\u00e1n S\u00e1ndor mondta nekem m\u00e9g a 2008-as v\u00e1ls\u00e1g els\u0151 napj\u00e1n, hogy \u201etartsd meg a t\u0151k\u00e9d, legy\u00e9l likvid, akkor van es\u00e9lyed t\u00fal\u00e9lni az eg\u00e9sz dolgot.\u201d Persze ez nem siker\u00fclhet mindenkinek ilyen egy\u00e9rtelm\u0171en, hiszen egy gazdas\u00e1gi fellend\u00fcl\u00e9s idej\u00e9n kapta el der\u00e9kon a v\u00edrus az orsz\u00e1g \u00e9s az eg\u00e9sz vil\u00e1g gazdas\u00e1g\u00e1t.<\/p>\n\n\n\n<p><strong>Szerinted a t\u00e9nyleges \u00fajraindul\u00e1shoz mindennek egyszerre kellene \u00fajraindulni?<\/strong><\/p>\n\n\n\n<p>V\u00e9lem\u00e9nyem szerint nagyj\u00e1b\u00f3l \u00edgy is lesz. A karant\u00e9n \u00e9s a kij\u00e1r\u00e1si korl\u00e1toz\u00e1sok r\u00e9szleges vagy teljes felold\u00e1s\u00e1val beindulhat majd egyfajta lehet\u0151s\u00e9g az \u00fajraindul\u00e1sra. Ugyanakkor \u00f6nmag\u00e1ban ez m\u00e9g nem lesz elegend\u0151 ahhoz, hogy belobbantsa a teljes gazdas\u00e1got.<\/p>\n\n\n\n<p>Ahogyan egyszerre esett \u00f6ssze a gazdas\u00e1g eg\u00e9sze, \u00fagy egyszerre is kell talpra \u00e1llnia. Ennek a pontos idej\u00e9t azonban m\u00e9g senki sem ismeri.<\/p>\n\n\n\n<p><strong>\u00d6sszess\u00e9g\u00e9ben mik lehetnek a f\u0151 szempontok a gazdas\u00e1g \u00fajraind\u00edt\u00e1s\u00e1n\u00e1l? Mi az, aminek mindenk\u00e9ppen \u00fajra kell indulnia?<\/strong><\/p>\n\n\n\n<p>Erre neh\u00e9z v\u00e1laszolni, mert nincsenek gyakorlati \u201etemplatek\u201d, amelyeket egyszer\u0171en csak beilleszten\u00e9nk. 2008-ban l\u00e1that\u00f3an mindenki k\u00fcl\u00f6n iskol\u00e1n volt. Az Eur\u00f3pai Uni\u00f3 megszor\u00edt\u00e1sokkal v\u00e9dekezett, az Egyes\u00fclt \u00c1llamokban viszont gyakorlatilag p\u00e1ros k\u00e9zzel sz\u00f3rt\u00e1k a p\u00e9nzt az embereknek. Teljesen m\u00e1s kult\u00far\u00e1k, hagyom\u00e1nyok \u00e9s m\u00f3dszertanok l\u00e9teznek.<\/p>\n\n\n\n<p>Minden egyes szektornak m\u00e1s \u00e9s m\u00e1s megold\u00e1sra van sz\u00fcks\u00e9ge. Van, ahol az \u00e9l\u0151 munk\u00e1t kell megv\u00e9deni, m\u00e1s \u00e1gazatokn\u00e1l viszont a p\u00e9nz\u00fcgyi eszk\u00f6zt\u00e1r azon elemeit is haszn\u00e1lni kell az \u00fajraindul\u00e1sn\u00e1l, ami val\u00f3di eredm\u00e9nyekkel kecsegtet.<\/p>\n\n\n\n<p>A jegybankoknak is \u00f3ri\u00e1si felel\u0151ss\u00e9ge \u00e9s funkci\u00f3ja van, gyakorlatilag nagy\u00fczemben kell p\u00e9nzt nyomtatni. Ennek a sz\u00fcks\u00e9ges l\u00e9pt\u00e9ke orsz\u00e1gonk\u00e9nt v\u00e1ltozik. Ilyen szempontb\u00f3l Magyarorsz\u00e1g most el\u00e9gg\u00e9 konzervat\u00edv szinten van.<\/p>\n\n\n\n<p><strong>A gazdas\u00e1g\u00e9l\u00e9nk\u00edt\u0151 program alkalmas-e arra, hogy \u00fajra lend\u00fcletbe hozza a v\u00e1llalkoz\u00e1sok z\u00f6m\u00e9t? Vannak-e becsl\u00e9sek a v\u00e1rhat\u00f3an cs\u0151dbe men\u0151 c\u00e9gek sz\u00e1m\u00e1t illet\u0151en?<\/strong><\/p>\n\n\n\n<p>Ezt nem lehet el\u0151re megmondani. A domin\u00f3 elv hat\u00e1s\u00e1ra mostanra kev\u00e9s olyan ipar\u00e1g maradt, amelyet kisebb vagy nagyobb m\u00e9rt\u00e9kben nem \u00e9rint a kialakult helyzet. Az eg\u00e9szs\u00e9g\u00fcgyi kih\u00edv\u00e1s mellett meg kell k\u00fczdeni egy els\u0151dleges gazdas\u00e1gi hat\u00e1ssal.<\/p>\n\n\n\n<p>A m\u00e1sodik k\u00f6r m\u00e1r az els\u0151 k\u00f6r hat\u00e1smechanizmusa kapcs\u00e1n kialakul\u00f3 domin\u00f3 elv miatt esik el. Azt kell el\u00e9rni, hogy a harmadik k\u00f6rben m\u00e1r a lehets\u00e9ges kit\u00f6r\u00e9si pontokon lehessen gondolkodni.<\/p>\n\n\n\n<p>Az a p\u00e9nzmennyis\u00e9g egy\u00e9bk\u00e9nt egyetlen orsz\u00e1gn\u00e1l sincs k\u00e9zn\u00e9l, amellyel kiv\u00e9tel n\u00e9lk\u00fcl minden egyes \u00e1gazatot seg\u00edteni \u00e9s menteni lehet. Mindenk\u00e9ppen t\u00f6rekedni kell arra, hogy a lehet\u0151 legnagyobb hat\u00e1s\u00fa \u00e9s leggyorsabb elemeket siker\u00fclj\u00f6n v\u00e9ghezvinni.<\/p>\n\n\n\n<p>Jelz\u00e9s \u00e9rt\u00e9k\u0171, hogy a b\u00e9rt\u00e1mogat\u00e1s \u00f6n\u00e1ll\u00f3 elemk\u00e9nt megjelent az eszk\u00f6zt\u00e1rban. Tov\u00e1bb\u00e1 az is fontos, hogy a t\u00e1mogatott hitelek tekintet\u00e9ben komoly lehet\u0151s\u00e9gek lesznek, ezt \u00e1ll\u00edtani merem.<\/p>\n\n\n\n<p>Annyit elmondhatok, hogy a munkahely megtart\u00e1sra egy munkab\u00e9r el\u0151leg t\u00edpus\u00fa hitel lesz. Tov\u00e1bb\u00e1 az agr\u00e1rk\u00e1rtya, a foly\u00f3sz\u00e1mlahitel, a likvidit\u00e1si hitel \u00e9s a beruh\u00e1z\u00e1si hitelek is el lesznek ind\u00edtva, m\u00e9ghozz\u00e1 rettenet olcs\u00f3n.<\/p>\n\n\n\n<figure class=\"wp-block-image size-large\"><img loading=\"lazy\" decoding=\"async\" width=\"1024\" height=\"576\" src=\"https:\/\/bizalmikor.hu\/blog\/wp-content\/uploads\/2020\/04\/541149-1024x576.jpg\" alt=\"\" class=\"wp-image-2247\" srcset=\"https:\/\/bizalmikor.hu\/blog\/wp-content\/uploads\/2020\/04\/541149-1024x576.jpg 1024w, https:\/\/bizalmikor.hu\/blog\/wp-content\/uploads\/2020\/04\/541149-300x169.jpg 300w, https:\/\/bizalmikor.hu\/blog\/wp-content\/uploads\/2020\/04\/541149-768x432.jpg 768w, https:\/\/bizalmikor.hu\/blog\/wp-content\/uploads\/2020\/04\/541149-1536x864.jpg 1536w, https:\/\/bizalmikor.hu\/blog\/wp-content\/uploads\/2020\/04\/541149.jpg 1600w\" sizes=\"(max-width: 1024px) 100vw, 1024px\" \/><figcaption><strong>&#8220;Ahogyan egyszerre esett \u00f6ssze a gazdas\u00e1g eg\u00e9sze, \u00fagy egyszerre is kell talpra \u00e1llnia.&#8221;<\/strong><\/figcaption><\/figure>\n\n\n\n<p><strong>Felk\u00e9sz\u00fclt-e szerinted az int\u00e9zm\u00e9nyrendszer egy ekkora gazdas\u00e1g\u00e9l\u00e9nk\u00edt\u0151 program megval\u00f3s\u00edt\u00e1s\u00e1ra?<\/strong><\/p>\n\n\n\n<p>K\u00e9rd\u00e9ses, hogy mit \u00e9rt\u00fcnk int\u00e9zm\u00e9nyrendszer alatt. Ha a KAVOSZ rendszer\u00e9t vizsg\u00e1ljuk, ott egy komoly, k\u00e9tsz\u00e1z tag\u00fa szakmai ter\u00fcletr\u0151l besz\u00e9lhet\u00fcnk, ami a meg\u00edt\u00e9l\u00e9sem szerint k\u00e9szen \u00e1ll a feladatra. Az \u00e1llami int\u00e9zm\u00e9nyrendszer tekintet\u00e9ben sem \u00e9rzek probl\u00e9m\u00e1t.<\/p>\n\n\n\n<p><strong>K\u00e9sz\u00fcl-e a KAVOSZ \u00faj term\u00e9kkel erre a gazdas\u00e1gi helyzetre?<\/strong><\/p>\n\n\n\n<p>Mindig azt kell megn\u00e9zni, hogy a v\u00e1llalkoz\u00f3nak mire van sz\u00fcks\u00e9ge. Nek\u00fcnk nincs m\u00e1s dolgunk, mint \u00f6sszegy\u0171jteni, hogy egy v\u00e1llalkoz\u00f3 mit akar. Egy ilyen helyzetben els\u0151sorban a c\u00e9g\u00e9t szeretn\u00e9 menteni, egy\u00fattal a csapat\u00e1t is meg szeretn\u00e9 tartani. Teh\u00e1t a legfontosabb most a munkahely megtart\u00e1ssal kapcsolatos seg\u00edts\u00e9gny\u00fajt\u00e1s.<\/p>\n\n\n\n<p>Emellett arra t\u00f6reksz\u00fcnk, hogy egy v\u00e1llalkoz\u00f3 sz\u00e1m\u00e1ra szabadfelhaszn\u00e1l\u00e1s\u00fa hiteleket tudjunk adni. Mindenk\u00e9ppen figyeln\u00fcnk kell az \u00e9lelmiszeriparra, vagyis a mez\u0151gazdas\u00e1g \u00e9s az agr\u00e1rium megfelel\u0151 lehet\u0151s\u00e9gekkel t\u00f6rt\u00e9n\u0151 ell\u00e1t\u00e1sa is fontos lehet.<\/p>\n\n\n\n<p>Ennek szellem\u00e9ben az Agr\u00e1r Sz\u00e9chenyi K\u00e1rtya kapcs\u00e1n \u00e9rt\u00e9khat\u00e1rt n\u00f6vel\u00fcnk, az \u00e1r\u00e1t pedig m\u00e9g ink\u00e1bb lefel\u00e9 fogjuk vinni. Sz\u00fcks\u00e9g lesz ezen k\u00edv\u00fcl beruh\u00e1z\u00e1sokra \u00e9s beruh\u00e1z\u00e1si hitelre, ennek kapcs\u00e1n is szeretn\u00e9nk komoly aj\u00e1nlatot tenni a v\u00e1llalkoz\u00f3i k\u00f6z\u00f6ss\u00e9g fel\u00e9.<\/p>\n\n\n\n<p><strong>Van-e javaslat t\u00e1mogatott faktoring term\u00e9kekre vonatkoz\u00f3an, \u00fagy mint az NHP Hajr\u00e1 program?<\/strong><\/p>\n\n\n\n<p>Sosem akartunk az NHP-val konkur\u00e1lni. Az esetleges k\u00f6rbe tartoz\u00e1sok miatt azt gondolom, hogy a faktor\u00e1l\u00e1s ipar\u00e1ga komoly szerepet kaphat. Els\u0151 k\u00f6rben arra f\u00f3kusz\u00e1ltunk, hogy az alap probl\u00e9m\u00e1kat mik\u00e9nt lehet megoldani. A finomhangol\u00e1st pedig mindenk\u00e9ppen szeretn\u00e9nk ehhez hasoml\u00f3 \u00f6tletekkel \u00e9s javaslatokkal kib\u0151v\u00edteni.<\/p>\n\n\n\n<p><strong>Mi az \u00e1ll\u00e1spontod a #maradjotthon programmal kapcsolatban?<\/strong><\/p>\n\n\n\n<p>Nem gy\u0151z\u00f6m eleget hangs\u00falyozni, hogy ez egy k\u00f6z\u00f6s felel\u0151ss\u00e9g. Igen, otthon kell maradni. L\u00e1thattuk, hogy az els\u0151dleges nagy probl\u00e9m\u00e1t K\u00edn\u00e1ban is \u00edgy siker\u00fclt hat\u00e9konyan kezelni.<\/p>\n\n\n\n<p>Azt l\u00e1tom, hogy a magyar korm\u00e1nyzat hamarabb l\u00e9pett ebben az \u00fcgyben. Teh\u00e1t j\u00f3 kezd\u00e9snek lehet mindezt \u00e9rt\u00e9kelni, de nem szabad lefordulni err\u0151l az ir\u00e1nyr\u00f3l. Mindenk\u00e9ppen p\u00e9ld\u00e1t kell teh\u00e1t mutatni ebben a tekintetben is.<\/p>\n\n\n\n<p><strong>Te ugye sok\u00e1ig dolgozt\u00e1l egy\u00fctt Demj\u00e1n S\u00e1ndorral. \u0150 mit javasolna a jelen helyzetben megold\u00e1sk\u00e9nt?<\/strong><\/p>\n\n\n\n<p>Demj\u00e1n S\u00e1ndor hihetetlen ember volt, 18 \u00e9ven volt szerencs\u00e9m vele dolgozni, \u00e9s nagyon sokat kaptam t\u0151le. A 2008-as v\u00e1ls\u00e1got szorosan mellett csin\u00e1ltuk v\u00e9gig. Akkor ugye azt mondta, hogy pr\u00f3b\u00e1ld megtartani a t\u0151k\u00e9det, a likvidit\u00e1sodat, pr\u00f3b\u00e1lj a lehet\u0151 legt\u00f6bb cash birtok\u00e1ban maradni. Tov\u00e1bb\u00e1 amennyire lehet, pr\u00f3b\u00e1lj ember is maradni.<\/p>\n\n\n\n<p>Ezek a szavak a mai napig visszacsengenek bennem. Demj\u00e1n S\u00e1ndor eszmeis\u00e9ge szerint egy v\u00e1llalkoz\u00e1s pontosan \u00fagy m\u0171k\u00f6dik, mint egy csal\u00e1d. Amennyi bev\u00e9telem van, abb\u00f3l tudok k\u00f6lteni. Gondoskodnom kell az abb\u00f3l \u00e9l\u0151 emberekr\u0151l \u00e9s probl\u00e9m\u00e1kr\u00f3l. A legfontosabb \u00fczenete szerint pedig amikor tele a zsebed, akkor legyen tele a sz\u00edved is.<\/p>\n\n\n\n<p>Jelenleg egy ismeretlen helyzetr\u0151l van sz\u00f3. Ahogy n\u00e9zem, rettenet mennyis\u00e9g\u0171 feladat van el\u0151tt\u00fcnk, sz\u00f3val kitart\u00e1st k\u00edv\u00e1nok mindenkinek.<\/p>\n\n\n\n<hr class=\"wp-block-separator\"\/>\n\n\n\n<h1 class=\"has-text-align-center wp-block-heading\">Szeretn\u00e9l megismerkedni klubtagjainkkal? K\u00e9rj egy megh\u00edv\u00f3t!<\/h1>\n\n\n\n<div class=\"wp-block-button aligncenter\"><a class=\"wp-block-button__link has-background\" href=\"https:\/\/bizalmikor.hu\/kapcsolat\/\" style=\"background-color:#14496b\" target=\"_blank\" rel=\"noreferrer noopener\"><strong>\u00c9rdekel a Bizalmi K\u00f6r klubtags\u00e1g<\/strong><\/a><\/div>\n\n\n\n<hr class=\"wp-block-separator\"\/>\n","protected":false},"excerpt":{"rendered":"<p>Milyen konkr\u00e9tumokat v\u00e1rhatunk a magyar korm\u00e1nyzat gazdas\u00e1g\u00e9l\u00e9nk\u00edt\u0151 programj\u00e1r\u00f3l? Mik lesznek a legfontosabb szempontok, illetve v\u00e1llalkoz\u00f3k\u00e9nt mennyire veszik ig\u00e9nybe az ig\u00e9nyeinket a forr\u00e1sok biztos\u00edt\u00e1s\u00e1n\u00e1l? Kris\u00e1n L\u00e1szl\u00f3val, a KAVOSZ Zrt. vez\u00e9rigazgat\u00f3j\u00e1val besz\u00e9lgett\u00fcnk.<\/p>\n","protected":false},"author":3,"featured_media":2245,"comment_status":"closed","ping_status":"open","sticky":false,"template":"","format":"standard","meta":{"footnotes":""},"categories":[25,16],"tags":[],"yoast_head":"<!-- This site is optimized with the Yoast SEO plugin v15.4 - https:\/\/yoast.com\/wordpress\/plugins\/seo\/ -->\n<title>Mit \u00e9rdemes tudni a gazdas\u00e1g\u00e9l\u00e9nk\u00edt\u0151 program kapcs\u00e1n?<\/title>\n<meta name=\"description\" content=\"Mik lesznek a legfontosabb szempontok, illetve v\u00e1llalkoz\u00f3k\u00e9nt mennyire veszik ig\u00e9nybe az ig\u00e9nyeinket a gazdas\u00e1g\u00e9l\u00e9nk\u00edt\u0151 program forr\u00e1sainak biztos\u00edt\u00e1s\u00e1n\u00e1l?\" \/>\n<meta name=\"robots\" content=\"index, follow, max-snippet:-1, max-image-preview:large, max-video-preview:-1\" \/>\n<link rel=\"canonical\" href=\"https:\/\/bizalmikor.hu\/blog\/2020\/04\/20\/mit-erdemes-tudni-a-gazdasagelenkito-program-kapcsan\/\" \/>\n<meta property=\"og:locale\" content=\"hu_HU\" \/>\n<meta property=\"og:type\" content=\"article\" \/>\n<meta property=\"og:title\" content=\"Mit \u00e9rdemes tudni a gazdas\u00e1g\u00e9l\u00e9nk\u00edt\u0151 program kapcs\u00e1n?\" \/>\n<meta property=\"og:description\" content=\"Mik lesznek a legfontosabb szempontok, illetve v\u00e1llalkoz\u00f3k\u00e9nt mennyire veszik ig\u00e9nybe az ig\u00e9nyeinket a gazdas\u00e1g\u00e9l\u00e9nk\u00edt\u0151 program forr\u00e1sainak biztos\u00edt\u00e1s\u00e1n\u00e1l?\" \/>\n<meta property=\"og:url\" content=\"https:\/\/bizalmikor.hu\/blog\/2020\/04\/20\/mit-erdemes-tudni-a-gazdasagelenkito-program-kapcsan\/\" \/>\n<meta property=\"og:site_name\" content=\"Bizalmi K\u00f6r blog\" \/>\n<meta property=\"article:publisher\" content=\"https:\/\/www.facebook.com\/bizalmikor\" \/>\n<meta property=\"article:published_time\" content=\"2020-04-20T09:04:00+00:00\" \/>\n<meta property=\"article:modified_time\" content=\"2020-05-11T12:11:28+00:00\" \/>\n<meta property=\"og:image\" content=\"https:\/\/bizalmikor.hu\/blog\/wp-content\/uploads\/2020\/04\/Kris\u00e1n_L\u00e1szl\u00f3.jpg\" \/>\n\t<meta property=\"og:image:width\" content=\"1500\" \/>\n\t<meta property=\"og:image:height\" content=\"844\" \/>\n<meta name=\"twitter:card\" content=\"summary_large_image\" \/>\n<meta name=\"twitter:label1\" content=\"Szerz\u0151:\">\n\t<meta name=\"twitter:data1\" content=\"Gangel P\u00e9ter\">\n\t<meta name=\"twitter:label2\" content=\"Becs\u00fclt olvas\u00e1si id\u0151\">\n\t<meta name=\"twitter:data2\" content=\"7 perc\">\n<script type=\"application\/ld+json\" class=\"yoast-schema-graph\">{\"@context\":\"https:\/\/schema.org\",\"@graph\":[{\"@type\":\"Organization\",\"@id\":\"https:\/\/bizalmikor.hu\/blog\/#organization\",\"name\":\"Bizalmi K\\u00f6r Kft.\",\"url\":\"https:\/\/bizalmikor.hu\/blog\/\",\"sameAs\":[\"https:\/\/www.facebook.com\/bizalmikor\",\"https:\/\/www.instagram.com\/bizalmikor\/\",\"https:\/\/www.linkedin.com\/company\/19165894\",\"https:\/\/www.youtube.com\/channel\/UC7fAD3QCIWeSexU5t6F3YOw?view_as=subscriber\"],\"logo\":{\"@type\":\"ImageObject\",\"@id\":\"https:\/\/bizalmikor.hu\/blog\/#logo\",\"inLanguage\":\"hu\",\"url\":\"https:\/\/bizalmikor.hu\/blog\/wp-content\/uploads\/2019\/02\/Group-2.png\",\"width\":4033,\"height\":1192,\"caption\":\"Bizalmi K\\u00f6r Kft.\"},\"image\":{\"@id\":\"https:\/\/bizalmikor.hu\/blog\/#logo\"}},{\"@type\":\"WebSite\",\"@id\":\"https:\/\/bizalmikor.hu\/blog\/#website\",\"url\":\"https:\/\/bizalmikor.hu\/blog\/\",\"name\":\"Bizalmi K\\u00f6r blog\",\"description\":\"Egynek minden neh\\u00e9z, soknak semmi sem lehetetlen.\",\"publisher\":{\"@id\":\"https:\/\/bizalmikor.hu\/blog\/#organization\"},\"potentialAction\":[{\"@type\":\"SearchAction\",\"target\":\"https:\/\/bizalmikor.hu\/blog\/?s={search_term_string}\",\"query-input\":\"required name=search_term_string\"}],\"inLanguage\":\"hu\"},{\"@type\":\"ImageObject\",\"@id\":\"https:\/\/bizalmikor.hu\/blog\/2020\/04\/20\/mit-erdemes-tudni-a-gazdasagelenkito-program-kapcsan\/#primaryimage\",\"inLanguage\":\"hu\",\"url\":\"https:\/\/bizalmikor.hu\/blog\/wp-content\/uploads\/2020\/04\/Kris\\u00e1n_L\\u00e1szl\\u00f3.jpg\",\"width\":1500,\"height\":844},{\"@type\":\"WebPage\",\"@id\":\"https:\/\/bizalmikor.hu\/blog\/2020\/04\/20\/mit-erdemes-tudni-a-gazdasagelenkito-program-kapcsan\/#webpage\",\"url\":\"https:\/\/bizalmikor.hu\/blog\/2020\/04\/20\/mit-erdemes-tudni-a-gazdasagelenkito-program-kapcsan\/\",\"name\":\"Mit \\u00e9rdemes tudni a gazdas\\u00e1g\\u00e9l\\u00e9nk\\u00edt\\u0151 program kapcs\\u00e1n?\",\"isPartOf\":{\"@id\":\"https:\/\/bizalmikor.hu\/blog\/#website\"},\"primaryImageOfPage\":{\"@id\":\"https:\/\/bizalmikor.hu\/blog\/2020\/04\/20\/mit-erdemes-tudni-a-gazdasagelenkito-program-kapcsan\/#primaryimage\"},\"datePublished\":\"2020-04-20T09:04:00+00:00\",\"dateModified\":\"2020-05-11T12:11:28+00:00\",\"description\":\"Mik lesznek a legfontosabb szempontok, illetve v\\u00e1llalkoz\\u00f3k\\u00e9nt mennyire veszik ig\\u00e9nybe az ig\\u00e9nyeinket a gazdas\\u00e1g\\u00e9l\\u00e9nk\\u00edt\\u0151 program forr\\u00e1sainak biztos\\u00edt\\u00e1s\\u00e1n\\u00e1l?\",\"inLanguage\":\"hu\",\"potentialAction\":[{\"@type\":\"ReadAction\",\"target\":[\"https:\/\/bizalmikor.hu\/blog\/2020\/04\/20\/mit-erdemes-tudni-a-gazdasagelenkito-program-kapcsan\/\"]}]},{\"@type\":\"Article\",\"@id\":\"https:\/\/bizalmikor.hu\/blog\/2020\/04\/20\/mit-erdemes-tudni-a-gazdasagelenkito-program-kapcsan\/#article\",\"isPartOf\":{\"@id\":\"https:\/\/bizalmikor.hu\/blog\/2020\/04\/20\/mit-erdemes-tudni-a-gazdasagelenkito-program-kapcsan\/#webpage\"},\"author\":{\"@id\":\"https:\/\/bizalmikor.hu\/blog\/#\/schema\/person\/a89936ed381c3afa4cd7a27040dbfb07\"},\"headline\":\"Mit \\u00e9rdemes tudni a gazdas\\u00e1g\\u00e9l\\u00e9nk\\u00edt\\u0151 program kapcs\\u00e1n?\",\"datePublished\":\"2020-04-20T09:04:00+00:00\",\"dateModified\":\"2020-05-11T12:11:28+00:00\",\"mainEntityOfPage\":{\"@id\":\"https:\/\/bizalmikor.hu\/blog\/2020\/04\/20\/mit-erdemes-tudni-a-gazdasagelenkito-program-kapcsan\/#webpage\"},\"publisher\":{\"@id\":\"https:\/\/bizalmikor.hu\/blog\/#organization\"},\"image\":{\"@id\":\"https:\/\/bizalmikor.hu\/blog\/2020\/04\/20\/mit-erdemes-tudni-a-gazdasagelenkito-program-kapcsan\/#primaryimage\"},\"articleSection\":\"COVID-19 \\u00fczleti tapasztalatok,V\\u00e1llalkoz\\u00e1s\",\"inLanguage\":\"hu\"},{\"@type\":\"Person\",\"@id\":\"https:\/\/bizalmikor.hu\/blog\/#\/schema\/person\/a89936ed381c3afa4cd7a27040dbfb07\",\"name\":\"Gangel P\\u00e9ter\",\"image\":{\"@type\":\"ImageObject\",\"@id\":\"https:\/\/bizalmikor.hu\/blog\/#personlogo\",\"inLanguage\":\"hu\",\"url\":\"https:\/\/secure.gravatar.com\/avatar\/ee1c6e901d6b9c50c9a2204252c914b4?s=96&d=mm&r=g\",\"caption\":\"Gangel P\\u00e9ter\"}}]}<\/script>\n<!-- \/ Yoast SEO plugin. -->","_links":{"self":[{"href":"https:\/\/bizalmikor.hu\/blog\/wp-json\/wp\/v2\/posts\/2242"}],"collection":[{"href":"https:\/\/bizalmikor.hu\/blog\/wp-json\/wp\/v2\/posts"}],"about":[{"href":"https:\/\/bizalmikor.hu\/blog\/wp-json\/wp\/v2\/types\/post"}],"author":[{"embeddable":true,"href":"https:\/\/bizalmikor.hu\/blog\/wp-json\/wp\/v2\/users\/3"}],"replies":[{"embeddable":true,"href":"https:\/\/bizalmikor.hu\/blog\/wp-json\/wp\/v2\/comments?post=2242"}],"version-history":[{"count":6,"href":"https:\/\/bizalmikor.hu\/blog\/wp-json\/wp\/v2\/posts\/2242\/revisions"}],"predecessor-version":[{"id":2250,"href":"https:\/\/bizalmikor.hu\/blog\/wp-json\/wp\/v2\/posts\/2242\/revisions\/2250"}],"wp:featuredmedia":[{"embeddable":true,"href":"https:\/\/bizalmikor.hu\/blog\/wp-json\/wp\/v2\/media\/2245"}],"wp:attachment":[{"href":"https:\/\/bizalmikor.hu\/blog\/wp-json\/wp\/v2\/media?parent=2242"}],"wp:term":[{"taxonomy":"category","embeddable":true,"href":"https:\/\/bizalmikor.hu\/blog\/wp-json\/wp\/v2\/categories?post=2242"},{"taxonomy":"post_tag","embeddable":true,"href":"https:\/\/bizalmikor.hu\/blog\/wp-json\/wp\/v2\/tags?post=2242"}],"curies":[{"name":"wp","href":"https:\/\/api.w.org\/{rel}","templated":true}]}}