{"id":2404,"date":"2020-04-30T10:36:14","date_gmt":"2020-04-30T10:36:14","guid":{"rendered":"https:\/\/bizalmikor.hu\/blog\/?p=2404"},"modified":"2020-04-30T13:15:47","modified_gmt":"2020-04-30T13:15:47","slug":"igy-indul-ujra-a-gazdasag-es-az-elet","status":"publish","type":"post","link":"https:\/\/bizalmikor.hu\/blog\/2020\/04\/30\/igy-indul-ujra-a-gazdasag-es-az-elet\/","title":{"rendered":"\u00cdgy indul \u00fajra a gazdas\u00e1g \u00e9s az \u00e9let"},"content":{"rendered":"\n<p><strong>Laz\u00edt\u00f3 int\u00e9zked\u00e9seket jelent be a Magyar Korm\u00e1ny \u00e9s a szomsz\u00e9dos orsz\u00e1gok is megjelentett\u00e9k \u00fctemterveiket, fel kell h\u00e1t k\u00e9sz\u00edten\u00fcnk v\u00e1llalkoz\u00e1sunkat is az \u00fajraindul\u00e1sra.<\/strong><\/p>\n\n\n\n<p>Csehorsz\u00e1g m\u00e1r egy hete megkezdte a korl\u00e1toz\u00e1sok fokozatos felold\u00e1s\u00e1t, \u0151ket k\u00f6vette Sv\u00e1jc, Szlov\u00e1kia, Horv\u00e1torsz\u00e1g \u00e9s Ausztria is. Ezekr\u0151l a tervekr\u0151l biztosan \u00e9rtes\u00fclt\u00e9l&nbsp;<a rel=\"noopener noreferrer\" href=\"https:\/\/www.facebook.com\/bizalmikor\" target=\"_blank\"><strong>Facebook-oldalunkr\u00f3l<\/strong><\/a>.<\/p>\n\n\n\n<p>Hogy pontosan milyen int\u00e9zked\u00e9sek l\u00e9pnek \u00e9letbe, az hamarosan kider\u00fcl, de hogy milyen ritmusban \u00e9led \u00fajra a gazdas\u00e1g, az a k\u00f6vetkez\u0151 h\u00f3napok egyik kulcsk\u00e9rd\u00e9se.<\/p>\n\n\n\n<p>Ezzel a k\u00e9rd\u00e9ssel sokat foglalkoztunk az ut\u00f3bbi 31 Facebook \u00e9l\u0151 interj\u00fankban, ahol sz\u00e1mos tapasztalt v\u00e1llalkoz\u00f3t k\u00e9rdezt\u00fcnk meg int\u00e9zked\u00e9sekr\u0151l, az \u0151 hozz\u00e1\u00e1ll\u00e1s\u00e1r\u00f3l \u00e9s v\u00e1rakoz\u00e1sair\u00f3l.<\/p>\n\n\n\n<p>Sokat foglalkoztunk jogi k\u00e9rd\u00e9sekkel (<a href=\"https:\/\/bizalmikor.hu\/blog\/2020\/03\/13\/a-coronavirus-lehetseges-munkajogi-kovetkezmenyei\/\"><strong>munkajoggal<\/strong><\/a>,<strong> <a href=\"https:\/\/bizalmikor.hu\/blog\/2020\/03\/14\/szerzodesek-es-jogi-kerdesek-a-koronavirus-arnyekaban\/\">szerz\u0151d\u00e9sekkel<\/a><\/strong>,<strong> <a href=\"https:\/\/bizalmikor.hu\/blog\/2020\/04\/19\/munkaszerzodes-modositasrol\/\">munkaszerz\u0151d\u00e9ssel<\/a><\/strong>), megt\u00e1rgyaltuk az<strong> <a href=\"https:\/\/bizalmikor.hu\/blog\/2020\/04\/27\/milyen-trendek-rajzolodnak-ki-az-epitoiparban\/\">\u00e9p\u00edt\u0151ipari<\/a> <\/strong>\u00e9s vend\u00e9gl\u00e1t\u00f3ipari tapasztalatokat, de a<strong>&nbsp;<a href=\"https:\/\/bizalmikor.hu\/blog\/2020\/04\/23\/mikent-alakitsd-at-a-ceged-marketingjet-a-valtozo-kornyezetben\/\">marketing<\/a>&nbsp;<\/strong>\u00e9s a <a href=\"https:\/\/bizalmikor.hu\/blog\/2020\/04\/21\/hogyan-inditsunk-profitabilis-webaruhazat-a-jelenlegi-korulmenyek-kozott\/\"><strong>webshopok<\/strong><\/a> aktualit\u00e1sa is t\u00f6bbsz\u00f6r ker\u00fclt sz\u00f3ba.<\/p>\n\n\n\n<p>\u00c9rtelmezt\u00fck term\u00e9szetesen a gazdas\u00e1g\u00e9l\u00e9nk\u00edt\u0151 int\u00e9zked\u00e9seket <a href=\"https:\/\/bizalmikor.hu\/blog\/2020\/04\/14\/2159\/\"><strong>szakjog\u00e1sszal<\/strong><\/a> \u00e9s \u00e9rdekv\u00e9delmi<strong> <a href=\"https:\/\/bizalmikor.hu\/blog\/2020\/04\/20\/mit-erdemes-tudni-a-gazdasagelenkito-program-kapcsan\/\">szervezet vezet\u0151j\u00e9vel<\/a><\/strong> is.<\/p>\n\n\n\n<p>Annyi inspir\u00e1l\u00f3 c\u00e9gvezet\u0151vel \u00e9s szak\u00e9rt\u0151vel besz\u00e9lgett\u00fcnk, hogy nem tudunk m\u00e1sra f\u00f3kusz\u00e1lni, kiz\u00e1r\u00f3lag az \u00fajraindul\u00e1sra.&nbsp;<\/p>\n\n\n\n<blockquote class=\"wp-block-quote is-layout-flow wp-block-quote-is-layout-flow\"><p>Mert az az egy dolog biztos, hogy \u00fajra kell \u00e9p\u00edten\u00fcnk magunkat \u00e9s a v\u00e1llalkoz\u00e1sunkat, kinek kisebb, kinek nagyobb m\u00e9rt\u00e9kben.<\/p><\/blockquote>\n\n\n\n<p>Ehhez pedig minden tapasztalat hasznos lehet, hogy k\u00f6nnyebben \u00e9s gyorsabban menjen. Ahogy Sz\u00e9chenyi is mondta:<\/p>\n\n\n\n<blockquote class=\"wp-block-quote is-layout-flow wp-block-quote-is-layout-flow\"><p>&#8220;Egynek minden neh\u00e9z, sokaknak semmi sem lehetetlen.&#8221;<\/p><\/blockquote>\n\n\n\n<p>M\u00e1jus 13-14-\u00e9n sokan lesz\u00fcnk. A sz\u00ednpad egyik oldal\u00e1n 30-an, a m\u00e1sikon ak\u00e1r t\u00f6bb ezren. Ekkor lesz ugyanis a Trust Summit, a valaha volt leginspir\u00e1l\u00f3bb konferenci\u00e1nk:<\/p>\n\n\n\n<ul><li><strong>Kiv\u00e1l\u00f3 \u00fczletemberek.&nbsp;<\/strong><\/li><li><strong>Rengeteg tapasztalat.<\/strong><\/li><li><strong>30 inspir\u00e1l\u00f3 el\u0151ad\u00e1s.<\/strong><\/li><\/ul>\n\n\n\n<h1 class=\"has-text-align-center wp-block-heading\">Mindez ingyen!<\/h1>\n\n\n\n<h1 class=\"has-text-align-center wp-block-heading\"><a href=\"https:\/\/bizalmikor.hu\/trustsummit?fbclid=IwAR1N-AXv3RTsGNba5tMZwGOSylL41shLqMXvEyZXJXtUKNyfS_Wv5PVNFA0\" target=\"_blank\" rel=\"noreferrer noopener\">Trust Summit &#8211; m\u00e1jus 13-14.<\/a><\/h1>\n\n\n\n<div class=\"wp-block-buttons aligncenter is-layout-flex wp-block-buttons-is-layout-flex\">\n<div class=\"wp-block-button\"><a class=\"wp-block-button__link has-text-color\" href=\"https:\/\/bizalmikor.hu\/trustsummit#registration\" style=\"color:#8ec74c\" target=\"_blank\" rel=\"noreferrer noopener\">Csatlakozom!<\/a><\/div>\n<\/div>\n\n\n\n<div style=\"height:20px\" aria-hidden=\"true\" class=\"wp-block-spacer\"><\/div>\n\n\n\n<h2 class=\"wp-block-heading\">Akik m\u00e1r bejelentett\u00e9k az \u00fajraindul\u00e1st:<\/h2>\n\n\n\n<figure class=\"wp-block-image size-large\"><img loading=\"lazy\" decoding=\"async\" width=\"1024\" height=\"576\" src=\"https:\/\/bizalmikor.hu\/blog\/wp-content\/uploads\/2020\/04\/94101997_2854720297898046_1714067052072796160_o-1024x576.png\" alt=\"\" class=\"wp-image-2411\" srcset=\"https:\/\/bizalmikor.hu\/blog\/wp-content\/uploads\/2020\/04\/94101997_2854720297898046_1714067052072796160_o-1024x576.png 1024w, https:\/\/bizalmikor.hu\/blog\/wp-content\/uploads\/2020\/04\/94101997_2854720297898046_1714067052072796160_o-300x169.png 300w, https:\/\/bizalmikor.hu\/blog\/wp-content\/uploads\/2020\/04\/94101997_2854720297898046_1714067052072796160_o-768x432.png 768w, https:\/\/bizalmikor.hu\/blog\/wp-content\/uploads\/2020\/04\/94101997_2854720297898046_1714067052072796160_o-1536x864.png 1536w, https:\/\/bizalmikor.hu\/blog\/wp-content\/uploads\/2020\/04\/94101997_2854720297898046_1714067052072796160_o.png 1920w\" sizes=\"(max-width: 1024px) 100vw, 1024px\" \/><\/figure>\n\n\n\n<figure class=\"wp-block-image size-large\"><img loading=\"lazy\" decoding=\"async\" width=\"1024\" height=\"576\" src=\"https:\/\/bizalmikor.hu\/blog\/wp-content\/uploads\/2020\/04\/94392698_2864061963630546_3008008640998146048_o-1024x576.png\" alt=\"Szlov\u00e1kia \u00fajraindul\" class=\"wp-image-2409\" srcset=\"https:\/\/bizalmikor.hu\/blog\/wp-content\/uploads\/2020\/04\/94392698_2864061963630546_3008008640998146048_o-1024x576.png 1024w, https:\/\/bizalmikor.hu\/blog\/wp-content\/uploads\/2020\/04\/94392698_2864061963630546_3008008640998146048_o-300x169.png 300w, https:\/\/bizalmikor.hu\/blog\/wp-content\/uploads\/2020\/04\/94392698_2864061963630546_3008008640998146048_o-768x432.png 768w, https:\/\/bizalmikor.hu\/blog\/wp-content\/uploads\/2020\/04\/94392698_2864061963630546_3008008640998146048_o-1536x864.png 1536w, https:\/\/bizalmikor.hu\/blog\/wp-content\/uploads\/2020\/04\/94392698_2864061963630546_3008008640998146048_o.png 1920w\" sizes=\"(max-width: 1024px) 100vw, 1024px\" \/><\/figure>\n\n\n\n<figure class=\"wp-block-image size-large\"><img loading=\"lazy\" decoding=\"async\" width=\"1024\" height=\"576\" src=\"https:\/\/bizalmikor.hu\/blog\/wp-content\/uploads\/2020\/04\/94522688_2860176220685787_6621214706994511872_o-1024x576.png\" alt=\"Sv\u00e1jc \u00fajraindul\" class=\"wp-image-2410\" srcset=\"https:\/\/bizalmikor.hu\/blog\/wp-content\/uploads\/2020\/04\/94522688_2860176220685787_6621214706994511872_o-1024x576.png 1024w, https:\/\/bizalmikor.hu\/blog\/wp-content\/uploads\/2020\/04\/94522688_2860176220685787_6621214706994511872_o-300x169.png 300w, https:\/\/bizalmikor.hu\/blog\/wp-content\/uploads\/2020\/04\/94522688_2860176220685787_6621214706994511872_o-768x432.png 768w, https:\/\/bizalmikor.hu\/blog\/wp-content\/uploads\/2020\/04\/94522688_2860176220685787_6621214706994511872_o-1536x864.png 1536w, https:\/\/bizalmikor.hu\/blog\/wp-content\/uploads\/2020\/04\/94522688_2860176220685787_6621214706994511872_o.png 1920w\" sizes=\"(max-width: 1024px) 100vw, 1024px\" \/><\/figure>\n\n\n\n<figure class=\"wp-block-image size-large\"><img loading=\"lazy\" decoding=\"async\" width=\"1024\" height=\"576\" src=\"https:\/\/bizalmikor.hu\/blog\/wp-content\/uploads\/2020\/04\/94393154_2871007682935974_4294863598309605376_o-1024x576.png\" alt=\"\" class=\"wp-image-2408\" srcset=\"https:\/\/bizalmikor.hu\/blog\/wp-content\/uploads\/2020\/04\/94393154_2871007682935974_4294863598309605376_o-1024x576.png 1024w, https:\/\/bizalmikor.hu\/blog\/wp-content\/uploads\/2020\/04\/94393154_2871007682935974_4294863598309605376_o-300x169.png 300w, https:\/\/bizalmikor.hu\/blog\/wp-content\/uploads\/2020\/04\/94393154_2871007682935974_4294863598309605376_o-768x432.png 768w, https:\/\/bizalmikor.hu\/blog\/wp-content\/uploads\/2020\/04\/94393154_2871007682935974_4294863598309605376_o-1536x864.png 1536w, https:\/\/bizalmikor.hu\/blog\/wp-content\/uploads\/2020\/04\/94393154_2871007682935974_4294863598309605376_o.png 1920w\" sizes=\"(max-width: 1024px) 100vw, 1024px\" \/><\/figure>\n\n\n\n<figure class=\"wp-block-image size-large\"><img loading=\"lazy\" decoding=\"async\" width=\"1024\" height=\"576\" src=\"https:\/\/bizalmikor.hu\/blog\/wp-content\/uploads\/2020\/04\/94750897_2880409325329143_2618853736050589696_o-1024x576.png\" alt=\"Ausztria \u00fajraindul\" class=\"wp-image-2407\" srcset=\"https:\/\/bizalmikor.hu\/blog\/wp-content\/uploads\/2020\/04\/94750897_2880409325329143_2618853736050589696_o-1024x576.png 1024w, https:\/\/bizalmikor.hu\/blog\/wp-content\/uploads\/2020\/04\/94750897_2880409325329143_2618853736050589696_o-300x169.png 300w, https:\/\/bizalmikor.hu\/blog\/wp-content\/uploads\/2020\/04\/94750897_2880409325329143_2618853736050589696_o-768x432.png 768w, https:\/\/bizalmikor.hu\/blog\/wp-content\/uploads\/2020\/04\/94750897_2880409325329143_2618853736050589696_o-1536x864.png 1536w, https:\/\/bizalmikor.hu\/blog\/wp-content\/uploads\/2020\/04\/94750897_2880409325329143_2618853736050589696_o.png 1920w\" sizes=\"(max-width: 1024px) 100vw, 1024px\" \/><\/figure>\n\n\n\n<figure class=\"wp-block-image size-large\"><img loading=\"lazy\" decoding=\"async\" width=\"1024\" height=\"576\" src=\"https:\/\/bizalmikor.hu\/blog\/wp-content\/uploads\/2020\/04\/Infografika-HUN-1024x576.png\" alt=\"\" class=\"wp-image-2458\" srcset=\"https:\/\/bizalmikor.hu\/blog\/wp-content\/uploads\/2020\/04\/Infografika-HUN-1024x576.png 1024w, https:\/\/bizalmikor.hu\/blog\/wp-content\/uploads\/2020\/04\/Infografika-HUN-300x169.png 300w, https:\/\/bizalmikor.hu\/blog\/wp-content\/uploads\/2020\/04\/Infografika-HUN-768x432.png 768w, https:\/\/bizalmikor.hu\/blog\/wp-content\/uploads\/2020\/04\/Infografika-HUN-1536x864.png 1536w, https:\/\/bizalmikor.hu\/blog\/wp-content\/uploads\/2020\/04\/Infografika-HUN.png 1920w\" sizes=\"(max-width: 1024px) 100vw, 1024px\" \/><\/figure>\n\n\n\n<div class=\"wp-block-group is-layout-flow wp-block-group-is-layout-flow\"><div class=\"wp-block-group__inner-container\"><\/div><\/div>\n\n\n\n<div style=\"height:20px\" aria-hidden=\"true\" class=\"wp-block-spacer\"><\/div>\n\n\n\n<hr class=\"wp-block-separator is-style-wide\"\/>\n\n\n\n<h1 class=\"has-text-align-center wp-block-heading\">Szeretn\u00e9l megismerkedni klubtagjainkkal? K\u00e9rj egy megh\u00edv\u00f3t!<\/h1>\n\n\n\n<div class=\"wp-block-button aligncenter\"><a class=\"wp-block-button__link has-background\" href=\"https:\/\/bizalmikor.hu\/kapcsolat\/\" style=\"background-color:#14496b\" target=\"_blank\" rel=\"noreferrer noopener\"><strong>\u00c9rdekel a Bizalmi K\u00f6r klubtags\u00e1g<\/strong><\/a><\/div>\n\n\n\n<hr class=\"wp-block-separator is-style-wide\"\/>\n","protected":false},"excerpt":{"rendered":"<p>Laz\u00edt\u00f3 int\u00e9zked\u00e9seket jelent be a Magyar Korm\u00e1ny \u00e9s a szomsz\u00e9dos orsz\u00e1gok is megjelentett\u00e9k \u00fctemterveiket, fel kell h\u00e1t k\u00e9sz\u00edten\u00fcnk v\u00e1llalkoz\u00e1sunkat is az \u00fajraindul\u00e1sra. Egy dolog biztos, hogy \u00fajra kell \u00e9p\u00edten\u00fcnk magunkat \u00e9s a v\u00e1llalkoz\u00e1sunkat, kinek kisebb, kinek nagyobb m\u00e9rt\u00e9kben.<\/p>\n","protected":false},"author":1,"featured_media":2458,"comment_status":"closed","ping_status":"open","sticky":false,"template":"","format":"standard","meta":{"footnotes":""},"categories":[25,26,27,30,24,16],"tags":[],"yoast_head":"<!-- This site is optimized with the Yoast SEO plugin v15.4 - https:\/\/yoast.com\/wordpress\/plugins\/seo\/ -->\n<title>\u00cdgy indul \u00fajra a gazdas\u00e1g \u00e9s az \u00e9let<\/title>\n<meta name=\"robots\" content=\"index, follow, max-snippet:-1, max-image-preview:large, max-video-preview:-1\" \/>\n<link rel=\"canonical\" href=\"https:\/\/bizalmikor.hu\/blog\/2020\/04\/30\/igy-indul-ujra-a-gazdasag-es-az-elet\/\" \/>\n<meta property=\"og:locale\" content=\"hu_HU\" \/>\n<meta property=\"og:type\" content=\"article\" \/>\n<meta property=\"og:title\" content=\"\u00cdgy indul \u00fajra a gazdas\u00e1g \u00e9s az \u00e9let\" \/>\n<meta property=\"og:description\" content=\"Laz\u00edt\u00f3 int\u00e9zked\u00e9seket jelent be a Magyar Korm\u00e1ny \u00e9s a szomsz\u00e9dos orsz\u00e1gok is megjelentett\u00e9k \u00fctemterveiket, fel kell h\u00e1t k\u00e9sz\u00edten\u00fcnk v\u00e1llalkoz\u00e1sunkat is az \u00fajraindul\u00e1sra. Egy dolog biztos, hogy \u00fajra kell \u00e9p\u00edten\u00fcnk magunkat \u00e9s a v\u00e1llalkoz\u00e1sunkat, kinek kisebb, kinek nagyobb m\u00e9rt\u00e9kben.\" \/>\n<meta property=\"og:url\" content=\"https:\/\/bizalmikor.hu\/blog\/2020\/04\/30\/igy-indul-ujra-a-gazdasag-es-az-elet\/\" \/>\n<meta property=\"og:site_name\" content=\"Bizalmi K\u00f6r blog\" \/>\n<meta property=\"article:publisher\" content=\"https:\/\/www.facebook.com\/bizalmikor\" \/>\n<meta property=\"article:published_time\" content=\"2020-04-30T10:36:14+00:00\" \/>\n<meta property=\"article:modified_time\" content=\"2020-04-30T13:15:47+00:00\" \/>\n<meta property=\"og:image\" content=\"https:\/\/bizalmikor.hu\/blog\/wp-content\/uploads\/2020\/04\/Infografika-HUN.png\" \/>\n\t<meta property=\"og:image:width\" content=\"1920\" \/>\n\t<meta property=\"og:image:height\" content=\"1080\" \/>\n<meta name=\"twitter:card\" content=\"summary_large_image\" \/>\n<meta name=\"twitter:label1\" content=\"Szerz\u0151:\">\n\t<meta name=\"twitter:data1\" content=\"Syabolcs\">\n\t<meta name=\"twitter:label2\" content=\"Becs\u00fclt olvas\u00e1si id\u0151\">\n\t<meta name=\"twitter:data2\" content=\"1 perc\">\n<script type=\"application\/ld+json\" class=\"yoast-schema-graph\">{\"@context\":\"https:\/\/schema.org\",\"@graph\":[{\"@type\":\"Organization\",\"@id\":\"https:\/\/bizalmikor.hu\/blog\/#organization\",\"name\":\"Bizalmi K\\u00f6r Kft.\",\"url\":\"https:\/\/bizalmikor.hu\/blog\/\",\"sameAs\":[\"https:\/\/www.facebook.com\/bizalmikor\",\"https:\/\/www.instagram.com\/bizalmikor\/\",\"https:\/\/www.linkedin.com\/company\/19165894\",\"https:\/\/www.youtube.com\/channel\/UC7fAD3QCIWeSexU5t6F3YOw?view_as=subscriber\"],\"logo\":{\"@type\":\"ImageObject\",\"@id\":\"https:\/\/bizalmikor.hu\/blog\/#logo\",\"inLanguage\":\"hu\",\"url\":\"https:\/\/bizalmikor.hu\/blog\/wp-content\/uploads\/2019\/02\/Group-2.png\",\"width\":4033,\"height\":1192,\"caption\":\"Bizalmi K\\u00f6r Kft.\"},\"image\":{\"@id\":\"https:\/\/bizalmikor.hu\/blog\/#logo\"}},{\"@type\":\"WebSite\",\"@id\":\"https:\/\/bizalmikor.hu\/blog\/#website\",\"url\":\"https:\/\/bizalmikor.hu\/blog\/\",\"name\":\"Bizalmi K\\u00f6r blog\",\"description\":\"Egynek minden neh\\u00e9z, soknak semmi sem lehetetlen.\",\"publisher\":{\"@id\":\"https:\/\/bizalmikor.hu\/blog\/#organization\"},\"potentialAction\":[{\"@type\":\"SearchAction\",\"target\":\"https:\/\/bizalmikor.hu\/blog\/?s={search_term_string}\",\"query-input\":\"required name=search_term_string\"}],\"inLanguage\":\"hu\"},{\"@type\":\"ImageObject\",\"@id\":\"https:\/\/bizalmikor.hu\/blog\/2020\/04\/30\/igy-indul-ujra-a-gazdasag-es-az-elet\/#primaryimage\",\"inLanguage\":\"hu\",\"url\":\"https:\/\/bizalmikor.hu\/blog\/wp-content\/uploads\/2020\/04\/Infografika-HUN.png\",\"width\":1920,\"height\":1080},{\"@type\":\"WebPage\",\"@id\":\"https:\/\/bizalmikor.hu\/blog\/2020\/04\/30\/igy-indul-ujra-a-gazdasag-es-az-elet\/#webpage\",\"url\":\"https:\/\/bizalmikor.hu\/blog\/2020\/04\/30\/igy-indul-ujra-a-gazdasag-es-az-elet\/\",\"name\":\"\\u00cdgy indul \\u00fajra a gazdas\\u00e1g \\u00e9s az \\u00e9let\",\"isPartOf\":{\"@id\":\"https:\/\/bizalmikor.hu\/blog\/#website\"},\"primaryImageOfPage\":{\"@id\":\"https:\/\/bizalmikor.hu\/blog\/2020\/04\/30\/igy-indul-ujra-a-gazdasag-es-az-elet\/#primaryimage\"},\"datePublished\":\"2020-04-30T10:36:14+00:00\",\"dateModified\":\"2020-04-30T13:15:47+00:00\",\"inLanguage\":\"hu\",\"potentialAction\":[{\"@type\":\"ReadAction\",\"target\":[\"https:\/\/bizalmikor.hu\/blog\/2020\/04\/30\/igy-indul-ujra-a-gazdasag-es-az-elet\/\"]}]},{\"@type\":\"Article\",\"@id\":\"https:\/\/bizalmikor.hu\/blog\/2020\/04\/30\/igy-indul-ujra-a-gazdasag-es-az-elet\/#article\",\"isPartOf\":{\"@id\":\"https:\/\/bizalmikor.hu\/blog\/2020\/04\/30\/igy-indul-ujra-a-gazdasag-es-az-elet\/#webpage\"},\"author\":{\"@id\":\"https:\/\/bizalmikor.hu\/blog\/#\/schema\/person\/859f22708daa3d571ea76934a3e7f8f0\"},\"headline\":\"\\u00cdgy indul \\u00fajra a gazdas\\u00e1g \\u00e9s az \\u00e9let\",\"datePublished\":\"2020-04-30T10:36:14+00:00\",\"dateModified\":\"2020-04-30T13:15:47+00:00\",\"mainEntityOfPage\":{\"@id\":\"https:\/\/bizalmikor.hu\/blog\/2020\/04\/30\/igy-indul-ujra-a-gazdasag-es-az-elet\/#webpage\"},\"publisher\":{\"@id\":\"https:\/\/bizalmikor.hu\/blog\/#organization\"},\"image\":{\"@id\":\"https:\/\/bizalmikor.hu\/blog\/2020\/04\/30\/igy-indul-ujra-a-gazdasag-es-az-elet\/#primaryimage\"},\"articleSection\":\"COVID-19 \\u00fczleti tapasztalatok,K\\u00f6zlem\\u00e9ny,Rendezv\\u00e9ny,Trust Summit,\\u00dczleti \\u00e9rdekess\\u00e9gek,V\\u00e1llalkoz\\u00e1s\",\"inLanguage\":\"hu\"},{\"@type\":\"Person\",\"@id\":\"https:\/\/bizalmikor.hu\/blog\/#\/schema\/person\/859f22708daa3d571ea76934a3e7f8f0\",\"name\":\"Syabolcs\",\"image\":{\"@type\":\"ImageObject\",\"@id\":\"https:\/\/bizalmikor.hu\/blog\/#personlogo\",\"inLanguage\":\"hu\",\"url\":\"https:\/\/secure.gravatar.com\/avatar\/f4ca85b32c6aadd02a1bf459cf6a2cc7?s=96&d=mm&r=g\",\"caption\":\"Syabolcs\"}}]}<\/script>\n<!-- \/ Yoast SEO plugin. -->","_links":{"self":[{"href":"https:\/\/bizalmikor.hu\/blog\/wp-json\/wp\/v2\/posts\/2404"}],"collection":[{"href":"https:\/\/bizalmikor.hu\/blog\/wp-json\/wp\/v2\/posts"}],"about":[{"href":"https:\/\/bizalmikor.hu\/blog\/wp-json\/wp\/v2\/types\/post"}],"author":[{"embeddable":true,"href":"https:\/\/bizalmikor.hu\/blog\/wp-json\/wp\/v2\/users\/1"}],"replies":[{"embeddable":true,"href":"https:\/\/bizalmikor.hu\/blog\/wp-json\/wp\/v2\/comments?post=2404"}],"version-history":[{"count":20,"href":"https:\/\/bizalmikor.hu\/blog\/wp-json\/wp\/v2\/posts\/2404\/revisions"}],"predecessor-version":[{"id":2478,"href":"https:\/\/bizalmikor.hu\/blog\/wp-json\/wp\/v2\/posts\/2404\/revisions\/2478"}],"wp:featuredmedia":[{"embeddable":true,"href":"https:\/\/bizalmikor.hu\/blog\/wp-json\/wp\/v2\/media\/2458"}],"wp:attachment":[{"href":"https:\/\/bizalmikor.hu\/blog\/wp-json\/wp\/v2\/media?parent=2404"}],"wp:term":[{"taxonomy":"category","embeddable":true,"href":"https:\/\/bizalmikor.hu\/blog\/wp-json\/wp\/v2\/categories?post=2404"},{"taxonomy":"post_tag","embeddable":true,"href":"https:\/\/bizalmikor.hu\/blog\/wp-json\/wp\/v2\/tags?post=2404"}],"curies":[{"name":"wp","href":"https:\/\/api.w.org\/{rel}","templated":true}]}}