{"id":2465,"date":"2020-05-04T12:50:45","date_gmt":"2020-05-04T12:50:45","guid":{"rendered":"https:\/\/bizalmikor.hu\/blog\/?p=2465"},"modified":"2020-05-11T10:49:46","modified_gmt":"2020-05-11T10:49:46","slug":"vajon-miert-az-elektronikus-fizetesi-rendszereke-a-jovo","status":"publish","type":"post","link":"https:\/\/bizalmikor.hu\/blog\/2020\/05\/04\/vajon-miert-az-elektronikus-fizetesi-rendszereke-a-jovo\/","title":{"rendered":"Vajon mi\u00e9rt az elektronikus fizet\u00e9si rendszerek\u00e9 a j\u00f6v\u0151?"},"content":{"rendered":"\n<p><strong>A magyarorsz\u00e1gi fizet\u00e9si rendszer a j\u00f6v\u0151ben teljesen a digitaliz\u00e1ci\u00f3 ir\u00e1ny\u00e1ba fog eltol\u00f3dni, hiszen a 2020. \u00e1prilis 16-i&nbsp; Korm\u00e1nyinf\u00f3n Guly\u00e1s Gergely Minisztereln\u00f6ks\u00e9get vezet\u0151 miniszter nagy bejelent\u00e9st tett.&nbsp;<\/strong><\/p>\n\n\n\n<blockquote class=\"wp-block-quote is-layout-flow wp-block-quote-is-layout-flow\"><p><strong><em>\u201cAz online kassz\u00e1t haszn\u00e1l\u00f3 keresked\u0151k k\u00f6telesek mindenhol biztos\u00edtani az elektronikus fizet\u00e9s lehet\u0151s\u00e9g\u00e9t.\u201d<\/em><\/strong><\/p><\/blockquote>\n\n\n\n<p>Ezen bejelent\u00e9s \u00e9rtelm\u00e9ben 2021. janu\u00e1rj\u00e1t\u00f3l a keresked\u0151knek legal\u00e1bb egy, nem k\u00e9szp\u00e9nzes fizet\u00e9si lehet\u0151s\u00e9get sz\u00fcks\u00e9ges biztos\u00edtaniuk. Azt azonban, hogy ez mi, azt nem hat\u00e1rozz\u00e1k meg, \u00edgy lehet k\u00e1rty\u00e1s fizet\u00e9si \u00e9s az azonnali \u00e1tutal\u00e1sra \u00e9p\u00fcl\u0151 egy\u00e9b fizet\u00e9si lehet\u0151s\u00e9ggel egyar\u00e1nt \u00e9lni.&nbsp;<\/p>\n\n\n\n<h2 class=\"wp-block-heading\"><strong>Az el\u0151zm\u00e9nyekr\u0151l&#8230;<\/strong><\/h2>\n\n\n\n<p>A bankok tavaly \u0151sszel egy digitaliz\u00e1ci\u00f3s javaslatcsomagot ny\u00fajtottak be, majd t\u00e1rgyal\u00e1sokba kezdtek az illet\u00e9kes korm\u00e1nyzati szervekkel. A javaslatcsomag k\u00e9szp\u00e9nzmentes\u00edt\u0151 elemei a k\u00f6vetkez\u0151k:&nbsp;<\/p>\n\n\n\n<ul><li>Az \u00e1llam, az \u00f6nkorm\u00e1nyzatok \u00e9s a mag\u00e1nszem\u00e9lyek k\u00f6z\u00f6tti p\u00e9nzmozg\u00e1sok elektronikus \u00fatra val\u00f3 terel\u00e9se (nyugd\u00edjkifizet\u00e9sek elektroniz\u00e1l\u00e1sa),<\/li><li>A b\u00e9rkifizet\u00e9sek m\u00e9g k\u00e9szp\u00e9nzben zajl\u00f3 kifizet\u00e9s\u00e9nek elektronikus \u00fatra terel\u00e9se,<\/li><li>A s\u00e1rga csekk befizet\u00e9s\u00e9n\u00e9l az elektronikus befizet\u00e9s el\u0151nyben r\u00e9szes\u00edt\u00e9se,<\/li><li>A havi k\u00e9tszeri ingyenes k\u00e9szp\u00e9nzfelv\u00e9tel lehet\u0151s\u00e9g\u00e9nek \u00fajragondol\u00e1sa, lecs\u00f6kkent\u00e9se.<\/li><\/ul>\n\n\n\n<blockquote class=\"wp-block-quote is-layout-flow wp-block-quote-is-layout-flow\"><p>Felmer\u00fcl azonban a k\u00e9rd\u00e9s, hogy a keresked\u0151k hogyan alkalmazkodnak a digitaliz\u00e1ci\u00f3hoz\u2026<strong>&nbsp;<\/strong>Magyarorsz\u00e1gon ugyanis t\u00f6bb mint 250.000 online p\u00e9nzt\u00e1rg\u00e9pre csup\u00e1n 110.000 darab POS termin\u00e1l jut, \u00edgy nagyj\u00e1b\u00f3l 140.000 online p\u00e9nzt\u00e1rg\u00e9pet haszn\u00e1l\u00f3 sz\u00e1m\u00e1ra m\u00e1s lehet\u0151s\u00e9get kell keresni.&nbsp;<\/p><\/blockquote>\n\n\n\n<h2 class=\"wp-block-heading\"><strong>Egy \u00fajonnan haszn\u00e1latba vett technol\u00f3gia, ami megold\u00e1st ny\u00fajt minderre!<\/strong><\/h2>\n\n\n\n<p>J\u00e1tszott\u00e1l m\u00e1r Te is a gondolattal, hogy mi lenne, ha minden a lehet\u0151 legegyszer\u0171bb m\u00f3don m\u0171k\u00f6dne az \u00e9let\u00fcnkben?&nbsp; Van egy j\u00f3 h\u00edr\u00fcnk sz\u00e1modra. A vil\u00e1g sz\u00e1mos hely\u00e9n ez \u00edgy m\u0171k\u00f6dik. Nem haszn\u00e1lnak felesleges t\u00e1rgyakat, eszk\u00f6z\u00f6ket 1-1 cselekv\u00e9s sor\u00e1n.&nbsp;<\/p>\n\n\n\n<p>Van egy tev\u00e9kenys\u00e9g, amit nap mint nap v\u00e9gz\u00fcnk, &#8211; ak\u00e1r t\u00f6bbsz\u00f6r is &#8211; de m\u00e9gis egy lass\u00fa \u00e9s k\u00f6lts\u00e9ges m\u00f3dj\u00e1t v\u00e1lasztjuk annak elv\u00e9gz\u00e9s\u00e9re, ahelyett, hogy egy \u00e1ltalunk is m\u00e1r r\u00e9g\u00f3ta ismert technol\u00f3gi\u00e1val egyszer\u0171s\u00edten\u00e9nk a folyamatot.&nbsp; Na ez volt eddig!<\/p>\n\n\n\n<h2 class=\"wp-block-heading\"><strong>Vajon mi ez a tev\u00e9kenys\u00e9g?<\/strong><\/h2>\n\n\n\n<p>A k\u00e9szp\u00e9nzmentes fizet\u00e9s \u2026 hiszen minden nap kifizetj\u00fck a v\u00e1s\u00e1rolt term\u00e9ket, vagy \u00e9ppen szolg\u00e1ltat\u00e1st. Most, hogy az \u00e1llam a k\u00e9szp\u00e9nzmentes\u00edt\u0151 csomag r\u00e9szek\u00e9nt 2021. janu\u00e1rj\u00e1t\u00f3l k\u00f6telezi a keresked\u0151ket, hogy biztos\u00edtsanak elektronikus fizet\u00e9si lehet\u0151s\u00e9get v\u00e1s\u00e1rl\u00f3ik sz\u00e1m\u00e1ra a folyamatok (ez esetben fizet\u00e9si folyamatok) leegyszer\u0171s\u00edt\u00e9se aktu\u00e1lis t\u00e9m\u00e1v\u00e1 v\u00e1lik.&nbsp;<\/p>\n\n\n\n<h2 class=\"wp-block-heading\"><strong>De hogy mi is ez a technol\u00f3gia?<\/strong><\/h2>\n\n\n\n<p>Ugye Te is hallott\u00e1l m\u00e1r a QR k\u00f3dr\u00f3l?! Tudod, az a n\u00e9gyzet alak\u00fa valami, ami hasonl\u00edt egy vonalk\u00f3dhoz. M\u00e1ra m\u00e1r sokak sz\u00e1m\u00e1ra ismer\u0151s a technol\u00f3gia, de vajon azt h\u00e1nyan tudj\u00e1k, hogy ezzel a fizet\u00e9si folyamatok is leegyszer\u0171s\u00edthet\u0151k, vagy hogy egy\u00e1ltal\u00e1n tranzakci\u00f3k lebonyol\u00edt\u00e1s\u00e1ra is hasznos\u00edthat\u00f3 ez a QR k\u00f3dos technol\u00f3gia?<\/p>\n\n\n\n<p>Az \u00fajonnan bevezet\u00e9s alatt \u00e1ll\u00f3 QR k\u00f3dos elektronikus fizet\u00e9si rendszer \u00e1ltal leegyszer\u0171s\u00f6dik az elektronikus fizet\u00e9s az \u00e9v m\u00e1sodik fel\u00e9re \u00e9s el\u00e9g lesz egy mobiltelefon is arra, hogy a vev\u0151k ki tudj\u00e1k fizetni a term\u00e9keket, szolg\u00e1ltat\u00e1sokat f\u00fcggetlen\u00fcl att\u00f3l, hogy mindezt az \u00fczlet\u00fcnkben vagy az online t\u00e9rben fogj\u00e1k megv\u00e1s\u00e1rolni.<\/p>\n\n\n\n<h2 class=\"wp-block-heading\"><strong>QR k\u00f3ddal fizetni? De hogyan?<\/strong><\/h2>\n\n\n\n<p>Ennek a rendszernek k\u00e9t t\u00edpusa l\u00e9tezik. Az egyik a statikus QR k\u00f3dra \u00e9p\u00fcl\u0151 rendszer, amikor a v\u00e1s\u00e1rl\u00f3 telefonja seg\u00edts\u00e9g\u00e9vel leolvassa a boltban kihelyezett QR k\u00f3dot, megadja a fizetend\u0151 \u00f6sszeget, kifizeti, majd a fizet\u00e9si tranzakci\u00f3 igazol\u00e1st felmutatva \u00e1tveheti a term\u00e9ket. A p\u00e9nzt\u00e1ros nyilv\u00e1n a fizet\u00e9si igazol\u00e1son l\u00e1tja, hogy val\u00f3ban az \u0151 sz\u00e1ml\u00e1j\u00e1ra t\u00f6rt\u00e9nt-e meg val\u00f3s id\u0151ben a p\u00e9nz\u00fcgyi teljes\u00edt\u00e9s.<\/p>\n\n\n\n<p>A m\u00e1sik t\u00edpusa pedig a gener\u00e1lt QR k\u00f3dra \u00e9p\u00fcl\u0151 rendszer. Tal\u00e1n ez az, ami a legk\u00f6zelebb \u00e1ll hozz\u00e1nk, hiszen a bev\u00e1s\u00e1rl\u00f3k\u00f6zpontokban a fut\u00f3szalagra felpakolt term\u00e9kek leolvas\u00e1sa ut\u00e1n a g\u00e9p gener\u00e1l egy egyedi QR k\u00f3dot, amely tartalmazza a v\u00e1s\u00e1rl\u00f3 \u00e1ltal kifizetend\u0151 \u00f6sszeget is az elad\u00f3 sz\u00e1mla adatain k\u00edv\u00fcl. Innent\u0151l a folyamat megegyezik, hiszen a telefon seg\u00edts\u00e9g\u00e9vel a QR k\u00f3d leolvas\u00e1sra ker\u00fcl, a tranzakci\u00f3 ez\u00e1ltal azonnal v\u00e9gbemegy \u00e9s indulhatunk haza a megv\u00e1s\u00e1rolt term\u00e9kekkel.&nbsp;<\/p>\n\n\n\n<figure class=\"wp-block-embed-youtube wp-block-embed is-type-video is-provider-youtube wp-embed-aspect-16-9 wp-has-aspect-ratio\"><div class=\"wp-block-embed__wrapper\">\n<iframe loading=\"lazy\" title=\"Fizet\u00e9s BlockBenPayjel\" width=\"500\" height=\"281\" src=\"https:\/\/www.youtube.com\/embed\/M9AmkJqPIeI?feature=oembed\" frameborder=\"0\" allow=\"accelerometer; autoplay; clipboard-write; encrypted-media; gyroscope; picture-in-picture; web-share\" referrerpolicy=\"strict-origin-when-cross-origin\" allowfullscreen><\/iframe>\n<\/div><\/figure>\n\n\n\n<h2 class=\"wp-block-heading\"><strong>Izgalmas ez a rendszer, de m\u00e9gis mi\u00e9rt j\u00f3 ez az orsz\u00e1gnak?<\/strong><\/h2>\n\n\n\n<ul><li>A tranzakci\u00f3 \u00f6sszege azonnal j\u00f3v\u00e1\u00edr\u00e1sra ker\u00fcl az elfogad\u00f3hely sz\u00e1ml\u00e1j\u00e1n,<\/li><li>J\u00f3val kevesebb a tranzakci\u00f3s k\u00f6lts\u00e9g a kor\u00e1bban megszokottakhoz k\u00e9pest, hiszen nincs egyszeri POS termin\u00e1l telep\u00edt\u00e9si k\u00f6lts\u00e9g \u00e9s nincs \u00fczemeltet\u00e9si k\u00f6lts\u00e9g \u00e9s szerv\u00edzd\u00edj sem l\u00e9tezik,<\/li><li>olyan fizet\u00e9si rendszerben val\u00f3sul meg, mely norm\u00e1l banki k\u00f6rnyezet,&nbsp; enged\u00e9lyezett, fel\u00fcgyelt, ez\u00e1ltal rendk\u00edv\u00fcl biztons\u00e1gos,<\/li><li>Korszer\u0171,<\/li><li>\u00c9S Gyors, azaz azonnali!<\/li><\/ul>\n\n\n\n<blockquote class=\"wp-block-quote is-layout-flow wp-block-quote-is-layout-flow\"><p>Tudtad, hogy az elm\u00falt \u00e9vtizedben \u00c1zsi\u00e1ban m\u00e1r bevezett\u00e9k a rendszert \u00e9s majd 1,5 milli\u00e1rd felhaszn\u00e1l\u00f3 haszn\u00e1lja nap, mint nap? Mi\u00e9rt ne k\u00f6nny\u00edten\u00e9nk meg mi is ezzel az \u00e9let\u00fcnket?<\/p><\/blockquote>\n\n\n\n<p>Az mindenki sz\u00e1m\u00e1ra egy\u00e9rtelm\u0171, hogy az elektronikus fizet\u00e9si rendszerrel kapcsolatos feladatok megoldand\u00f3ak, de vajon melyik technol\u00f3gia erre a legjobb megold\u00e1s sz\u00e1modra?<\/p>\n\n\n\n<p>Ha \u00e9rdekes, amit olvast\u00e1l, felt\u00e9tlen\u00fcl keresd meg a <a href=\"https:\/\/cashflowmagnes.hu\/\" target=\"_blank\" rel=\"noreferrer noopener\">CashFlow M\u00e1gnes <\/a>csapat\u00e1t, mert mi seg\u00edt\u00fcnk Neked abban, hogy miel\u0151bb elfogad\u00f3helyk\u00e9nt az elektronikus fizet\u00e9si megold\u00e1said optimaliz\u00e1lt k\u00f6lts\u00e9gszint mellett tudd biztos\u00edtani \u00fcgyfeleid sz\u00e1m\u00e1ra!<\/p>\n\n\n\n<p>A rendszer r\u00e9szleteir\u0151l, m\u0171k\u00f6d\u00e9s\u00e9r\u0151l \u00e9s a vele egy\u00fcttj\u00e1r\u00f3 egy\u00e9b extr\u00e1kr\u00f3l j\u00f6v\u0151 heti <a rel=\"noreferrer noopener\" href=\"https:\/\/cashflowmagnes.hu\/blog\/\" target=\"_blank\">blogcikk\u00fcnkben<\/a> olvashatsz!<\/p>\n\n\n\n<div class=\"wp-block-image\"><figure class=\"alignleft size-large is-resized\"><img loading=\"lazy\" decoding=\"async\" src=\"https:\/\/bizalmikor.hu\/blog\/wp-content\/uploads\/2020\/05\/patvaros-1.png\" alt=\"\" class=\"wp-image-2473\" width=\"179\" height=\"180\" srcset=\"https:\/\/bizalmikor.hu\/blog\/wp-content\/uploads\/2020\/05\/patvaros-1.png 270w, https:\/\/bizalmikor.hu\/blog\/wp-content\/uploads\/2020\/05\/patvaros-1-150x150.png 150w\" sizes=\"(max-width: 179px) 100vw, 179px\" \/><\/figure><\/div>\n\n\n\n<h5 class=\"wp-block-heading\"><strong>Patvaros Istv\u00e1n<\/strong><\/h5>\n\n\n\n<p><strong>\u00e9s a <a rel=\"noreferrer noopener\" href=\"https:\/\/cashflowmagnes.hu\/\" target=\"_blank\">CashFlow M\u00e1gnes<\/a> csapata&nbsp;<\/strong><\/p>\n\n\n\n<div style=\"height:24px\" aria-hidden=\"true\" class=\"wp-block-spacer\"><\/div>\n\n\n\n<hr class=\"wp-block-separator is-style-wide\"\/>\n\n\n\n<h5 class=\"has-text-align-center wp-block-heading\">A Bizalmi K\u00f6r <a rel=\"noreferrer noopener\" href=\"https:\/\/bizalmikor.hu\/blog\/2020\/04\/01\/tapasztalatmegosztas-minden-feluleten\/\" target=\"_blank\">megnyitotta blogj\u00e1t vend\u00e9gszerz\u0151k el\u0151tt<\/a>, \u00faj fel\u00fcletet biztos\u00edtva arra, hogy megoszthassatok sikereket, tapasztalatokat \u00e9s t\u00f6rt\u00e9neteket, melyekb\u0151l m\u00e1sok is tanulhatnak. <\/h5>\n\n\n\n<h1 class=\"has-text-align-center wp-block-heading\">Szeretn\u00e9l megismerkedni klubtagjainkkal? K\u00e9rj egy megh\u00edv\u00f3t!<\/h1>\n\n\n\n<div class=\"wp-block-button aligncenter\"><a class=\"wp-block-button__link has-background\" href=\"https:\/\/bizalmikor.hu\/kapcsolat\/\" style=\"background-color:#14496b\" target=\"_blank\" rel=\"noreferrer noopener\"><strong>\u00c9rdekel a Bizalmi K\u00f6r klubtags\u00e1g<\/strong><\/a><\/div>\n\n\n\n<hr class=\"wp-block-separator\"\/>\n","protected":false},"excerpt":{"rendered":"<p>A magyarorsz\u00e1gi fizet\u00e9si rendszer a k\u00f6zelj\u00f6v\u0151ben teljesen a digitaliz\u00e1ci\u00f3 ir\u00e1ny\u00e1ba fog eltol\u00f3dni.  2021. janu\u00e1rj\u00e1t\u00f3l a keresked\u0151knek legal\u00e1bb egy, nem k\u00e9szp\u00e9nzes \u2026  <\/p>\n","protected":false},"author":3,"featured_media":2468,"comment_status":"closed","ping_status":"open","sticky":false,"template":"","format":"standard","meta":{"footnotes":""},"categories":[24,16,29],"tags":[],"yoast_head":"<!-- This site is optimized with the Yoast SEO plugin v15.4 - https:\/\/yoast.com\/wordpress\/plugins\/seo\/ -->\n<title>Vajon mi\u00e9rt az elektronikus fizet\u00e9si rendszerek\u00e9 a j\u00f6v\u0151?<\/title>\n<meta name=\"description\" content=\"A magyarorsz\u00e1gi fizet\u00e9si rendszer a k\u00f6zelj\u00f6v\u0151ben teljesen a digitaliz\u00e1ci\u00f3 ir\u00e1ny\u00e1ba fog eltol\u00f3dni. 2021. janu\u00e1rj\u00e1t\u00f3l a keresked\u0151knek legal\u00e1bb egy, nem k\u00e9szp\u00e9nzes \u2026\" \/>\n<meta name=\"robots\" content=\"index, follow, max-snippet:-1, max-image-preview:large, max-video-preview:-1\" \/>\n<link rel=\"canonical\" href=\"https:\/\/bizalmikor.hu\/blog\/2020\/05\/04\/vajon-miert-az-elektronikus-fizetesi-rendszereke-a-jovo\/\" \/>\n<meta property=\"og:locale\" content=\"hu_HU\" \/>\n<meta property=\"og:type\" content=\"article\" \/>\n<meta property=\"og:title\" content=\"Vajon mi\u00e9rt az elektronikus fizet\u00e9si rendszerek\u00e9 a j\u00f6v\u0151?\" \/>\n<meta property=\"og:description\" content=\"A magyarorsz\u00e1gi fizet\u00e9si rendszer a k\u00f6zelj\u00f6v\u0151ben teljesen a digitaliz\u00e1ci\u00f3 ir\u00e1ny\u00e1ba fog eltol\u00f3dni. 2021. janu\u00e1rj\u00e1t\u00f3l a keresked\u0151knek legal\u00e1bb egy, nem k\u00e9szp\u00e9nzes \u2026\" \/>\n<meta property=\"og:url\" content=\"https:\/\/bizalmikor.hu\/blog\/2020\/05\/04\/vajon-miert-az-elektronikus-fizetesi-rendszereke-a-jovo\/\" \/>\n<meta property=\"og:site_name\" content=\"Bizalmi K\u00f6r blog\" \/>\n<meta property=\"article:publisher\" content=\"https:\/\/www.facebook.com\/bizalmikor\" \/>\n<meta property=\"article:published_time\" content=\"2020-05-04T12:50:45+00:00\" \/>\n<meta property=\"article:modified_time\" content=\"2020-05-11T10:49:46+00:00\" \/>\n<meta property=\"og:image\" content=\"https:\/\/bizalmikor.hu\/blog\/wp-content\/uploads\/2020\/05\/95961250_302751010884115_8151448753547509760_n.jpg\" \/>\n\t<meta property=\"og:image:width\" content=\"960\" \/>\n\t<meta property=\"og:image:height\" content=\"638\" \/>\n<meta name=\"twitter:card\" content=\"summary_large_image\" \/>\n<meta name=\"twitter:label1\" content=\"Szerz\u0151:\">\n\t<meta name=\"twitter:data1\" content=\"Gangel P\u00e9ter\">\n\t<meta name=\"twitter:label2\" content=\"Becs\u00fclt olvas\u00e1si id\u0151\">\n\t<meta name=\"twitter:data2\" content=\"5 perc\">\n<script type=\"application\/ld+json\" class=\"yoast-schema-graph\">{\"@context\":\"https:\/\/schema.org\",\"@graph\":[{\"@type\":\"Organization\",\"@id\":\"https:\/\/bizalmikor.hu\/blog\/#organization\",\"name\":\"Bizalmi K\\u00f6r Kft.\",\"url\":\"https:\/\/bizalmikor.hu\/blog\/\",\"sameAs\":[\"https:\/\/www.facebook.com\/bizalmikor\",\"https:\/\/www.instagram.com\/bizalmikor\/\",\"https:\/\/www.linkedin.com\/company\/19165894\",\"https:\/\/www.youtube.com\/channel\/UC7fAD3QCIWeSexU5t6F3YOw?view_as=subscriber\"],\"logo\":{\"@type\":\"ImageObject\",\"@id\":\"https:\/\/bizalmikor.hu\/blog\/#logo\",\"inLanguage\":\"hu\",\"url\":\"https:\/\/bizalmikor.hu\/blog\/wp-content\/uploads\/2019\/02\/Group-2.png\",\"width\":4033,\"height\":1192,\"caption\":\"Bizalmi K\\u00f6r Kft.\"},\"image\":{\"@id\":\"https:\/\/bizalmikor.hu\/blog\/#logo\"}},{\"@type\":\"WebSite\",\"@id\":\"https:\/\/bizalmikor.hu\/blog\/#website\",\"url\":\"https:\/\/bizalmikor.hu\/blog\/\",\"name\":\"Bizalmi K\\u00f6r blog\",\"description\":\"Egynek minden neh\\u00e9z, soknak semmi sem lehetetlen.\",\"publisher\":{\"@id\":\"https:\/\/bizalmikor.hu\/blog\/#organization\"},\"potentialAction\":[{\"@type\":\"SearchAction\",\"target\":\"https:\/\/bizalmikor.hu\/blog\/?s={search_term_string}\",\"query-input\":\"required name=search_term_string\"}],\"inLanguage\":\"hu\"},{\"@type\":\"ImageObject\",\"@id\":\"https:\/\/bizalmikor.hu\/blog\/2020\/05\/04\/vajon-miert-az-elektronikus-fizetesi-rendszereke-a-jovo\/#primaryimage\",\"inLanguage\":\"hu\",\"url\":\"https:\/\/bizalmikor.hu\/blog\/wp-content\/uploads\/2020\/05\/95961250_302751010884115_8151448753547509760_n.jpg\",\"width\":960,\"height\":638},{\"@type\":\"WebPage\",\"@id\":\"https:\/\/bizalmikor.hu\/blog\/2020\/05\/04\/vajon-miert-az-elektronikus-fizetesi-rendszereke-a-jovo\/#webpage\",\"url\":\"https:\/\/bizalmikor.hu\/blog\/2020\/05\/04\/vajon-miert-az-elektronikus-fizetesi-rendszereke-a-jovo\/\",\"name\":\"Vajon mi\\u00e9rt az elektronikus fizet\\u00e9si rendszerek\\u00e9 a j\\u00f6v\\u0151?\",\"isPartOf\":{\"@id\":\"https:\/\/bizalmikor.hu\/blog\/#website\"},\"primaryImageOfPage\":{\"@id\":\"https:\/\/bizalmikor.hu\/blog\/2020\/05\/04\/vajon-miert-az-elektronikus-fizetesi-rendszereke-a-jovo\/#primaryimage\"},\"datePublished\":\"2020-05-04T12:50:45+00:00\",\"dateModified\":\"2020-05-11T10:49:46+00:00\",\"description\":\"A magyarorsz\\u00e1gi fizet\\u00e9si rendszer a k\\u00f6zelj\\u00f6v\\u0151ben teljesen a digitaliz\\u00e1ci\\u00f3 ir\\u00e1ny\\u00e1ba fog eltol\\u00f3dni. 2021. janu\\u00e1rj\\u00e1t\\u00f3l a keresked\\u0151knek legal\\u00e1bb egy, nem k\\u00e9szp\\u00e9nzes \\u2026\",\"inLanguage\":\"hu\",\"potentialAction\":[{\"@type\":\"ReadAction\",\"target\":[\"https:\/\/bizalmikor.hu\/blog\/2020\/05\/04\/vajon-miert-az-elektronikus-fizetesi-rendszereke-a-jovo\/\"]}]},{\"@type\":\"Article\",\"@id\":\"https:\/\/bizalmikor.hu\/blog\/2020\/05\/04\/vajon-miert-az-elektronikus-fizetesi-rendszereke-a-jovo\/#article\",\"isPartOf\":{\"@id\":\"https:\/\/bizalmikor.hu\/blog\/2020\/05\/04\/vajon-miert-az-elektronikus-fizetesi-rendszereke-a-jovo\/#webpage\"},\"author\":{\"@id\":\"https:\/\/bizalmikor.hu\/blog\/#\/schema\/person\/a89936ed381c3afa4cd7a27040dbfb07\"},\"headline\":\"Vajon mi\\u00e9rt az elektronikus fizet\\u00e9si rendszerek\\u00e9 a j\\u00f6v\\u0151?\",\"datePublished\":\"2020-05-04T12:50:45+00:00\",\"dateModified\":\"2020-05-11T10:49:46+00:00\",\"mainEntityOfPage\":{\"@id\":\"https:\/\/bizalmikor.hu\/blog\/2020\/05\/04\/vajon-miert-az-elektronikus-fizetesi-rendszereke-a-jovo\/#webpage\"},\"commentCount\":2,\"publisher\":{\"@id\":\"https:\/\/bizalmikor.hu\/blog\/#organization\"},\"image\":{\"@id\":\"https:\/\/bizalmikor.hu\/blog\/2020\/05\/04\/vajon-miert-az-elektronikus-fizetesi-rendszereke-a-jovo\/#primaryimage\"},\"articleSection\":\"\\u00dczleti \\u00e9rdekess\\u00e9gek,V\\u00e1llalkoz\\u00e1s,Vend\\u00e9gszerz\\u0151k\",\"inLanguage\":\"hu\"},{\"@type\":\"Person\",\"@id\":\"https:\/\/bizalmikor.hu\/blog\/#\/schema\/person\/a89936ed381c3afa4cd7a27040dbfb07\",\"name\":\"Gangel P\\u00e9ter\",\"image\":{\"@type\":\"ImageObject\",\"@id\":\"https:\/\/bizalmikor.hu\/blog\/#personlogo\",\"inLanguage\":\"hu\",\"url\":\"https:\/\/secure.gravatar.com\/avatar\/ee1c6e901d6b9c50c9a2204252c914b4?s=96&d=mm&r=g\",\"caption\":\"Gangel P\\u00e9ter\"}}]}<\/script>\n<!-- \/ Yoast SEO plugin. -->","_links":{"self":[{"href":"https:\/\/bizalmikor.hu\/blog\/wp-json\/wp\/v2\/posts\/2465"}],"collection":[{"href":"https:\/\/bizalmikor.hu\/blog\/wp-json\/wp\/v2\/posts"}],"about":[{"href":"https:\/\/bizalmikor.hu\/blog\/wp-json\/wp\/v2\/types\/post"}],"author":[{"embeddable":true,"href":"https:\/\/bizalmikor.hu\/blog\/wp-json\/wp\/v2\/users\/3"}],"replies":[{"embeddable":true,"href":"https:\/\/bizalmikor.hu\/blog\/wp-json\/wp\/v2\/comments?post=2465"}],"version-history":[{"count":8,"href":"https:\/\/bizalmikor.hu\/blog\/wp-json\/wp\/v2\/posts\/2465\/revisions"}],"predecessor-version":[{"id":2597,"href":"https:\/\/bizalmikor.hu\/blog\/wp-json\/wp\/v2\/posts\/2465\/revisions\/2597"}],"wp:featuredmedia":[{"embeddable":true,"href":"https:\/\/bizalmikor.hu\/blog\/wp-json\/wp\/v2\/media\/2468"}],"wp:attachment":[{"href":"https:\/\/bizalmikor.hu\/blog\/wp-json\/wp\/v2\/media?parent=2465"}],"wp:term":[{"taxonomy":"category","embeddable":true,"href":"https:\/\/bizalmikor.hu\/blog\/wp-json\/wp\/v2\/categories?post=2465"},{"taxonomy":"post_tag","embeddable":true,"href":"https:\/\/bizalmikor.hu\/blog\/wp-json\/wp\/v2\/tags?post=2465"}],"curies":[{"name":"wp","href":"https:\/\/api.w.org\/{rel}","templated":true}]}}