{"id":2556,"date":"2020-05-08T10:10:18","date_gmt":"2020-05-08T10:10:18","guid":{"rendered":"https:\/\/bizalmikor.hu\/blog\/?p=2556"},"modified":"2020-05-11T10:56:13","modified_gmt":"2020-05-11T10:56:13","slug":"cash-flow-javito-lehetoseg-fejlesztesi-tartalekkepzessel","status":"publish","type":"post","link":"https:\/\/bizalmikor.hu\/blog\/2020\/05\/08\/cash-flow-javito-lehetoseg-fejlesztesi-tartalekkepzessel\/","title":{"rendered":"Cash flow jav\u00edt\u00f3 lehet\u0151s\u00e9g fejleszt\u00e9si tartal\u00e9kk\u00e9pz\u00e9ssel"},"content":{"rendered":"<p><\/p>\n\n\n<\/p>\n<p>A koronav\u00edrus vil\u00e1gj\u00e1rv\u00e1ny gazdas\u00e1gi hat\u00e1sainak m\u00e9rs\u00e9kl\u00e9se \u00e9rdek\u00e9ben tett korm\u00e1nyzati int\u00e9zked\u00e9sek sor\u00e1ban m\u00falt h\u00e9t cs\u00fct\u00f6rt\u00f6k \u00e9jjel napvil\u00e1got l\u00e1tott 171\/2020. (IV. 30.) Korm\u00e1nyrendeletben foglaltak \u00e9rtelm\u00e9ben rendk\u00edv\u00fcl kedvez\u0151en m\u00f3dosulnak a fejleszt\u00e9si tartal\u00e9kk\u00e9pz\u00e9s elsz\u00e1mol\u00e1s\u00e1nak felt\u00e9telei.<\/p>\n<p>\n\n\n<p><\/p>\n<p><\/p>\n\n\n<\/p>\n<p>Am\u00edg a fejleszt\u00e9si tartal\u00e9k eleddig kiz\u00e1r\u00f3lag az ad\u00f3z\u00e1s el\u0151tti nyeres\u00e9g fel\u00e9ig volt elsz\u00e1molhat\u00f3 t\u00e1rsas\u00e1g ad\u00f3alapcs\u00f6kkent\u0151 t\u00e9telk\u00e9nt, a hivatkozott Korm\u00e1nyrendelet rendelkez\u00e9sei szerint a fejleszt\u00e9si tartal\u00e9k mostant\u00f3l a teljes ad\u00f3z\u00e1s el\u0151tti nyeres\u00e9g erej\u00e9ig elsz\u00e1molhat\u00f3v\u00e1 v\u00e1lik, azzal, hogy a 10 milli\u00e1rdos abszol\u00fat korl\u00e1t tov\u00e1bbra is megmarad.<\/p>\n<p>\n\n\n<p><\/p>\n<p><\/p>\n\n\n<\/p>\n<p>Amennyiben teh\u00e1t egy v\u00e1llalkoz\u00e1s \u00fagy d\u00f6nt, hogy a j\u00f6v\u0151beni beruh\u00e1z\u00e1sai fedezet\u00e9re fejleszt\u00e9si tartal\u00e9kot k\u00e9pez, akkor ak\u00e1r a teljes t\u00e1rsas\u00e1gi ad\u00f3fizet\u00e9si k\u00f6telezetts\u00e9g al\u00f3l is mentes\u00fclhet arra az ad\u00f3\u00e9vre, amelyiknek a profitj\u00e1b\u00f3l a fejleszt\u00e9si tartal\u00e9kot megk\u00e9pezte.<\/p>\n<p>\n\n\n<p><\/p>\n<p><\/p>\n\n\n<\/p>\n<p>Tov\u00e1bbi kedvez\u0151 fejlem\u00e9ny, hogy a fejleszt\u00e9si tartal\u00e9kk\u00e9pz\u00e9s lehet\u0151s\u00e9g\u00e9vel ak\u00e1r a 2019-es ad\u00f3\u00e9vre visszamen\u0151legen is \u00e9lni lehet, az al\u00e1bbiak szerint:\u00a0<\/p>\n<p>\n\n\n<p><\/p>\n<p><\/p>\n\n\n<\/p>\n<ul>\n<li>\u00a0Amennyiben a v\u00e1llalkoz\u00e1s a 2019-ben kezd\u0151d\u0151 ad\u00f3\u00e9vre vonatkoz\u00f3an a Korm\u00e1nyrendelet hat\u00e1lybal\u00e9p\u00e9s\u00e9nek napj\u00e1ig \u2013 azaz 2020. m\u00e1jus 1.-ig \u2013 m\u00e1r beny\u00fajtotta t\u00e1rsas\u00e1gi ad\u00f3bevall\u00e1s\u00e1t, \u00e9s a 2019-ben kezd\u0151d\u0151 ad\u00f3\u00e9vre vonatkoz\u00f3an elfogadott sz\u00e1mviteli besz\u00e1mol\u00f3val rendelkezik, akkor az \u00e9ves t\u00e1rsas\u00e1gi ad\u00f3bevall\u00e1st 2020. szeptember 30-ig \u00f6nellen\u0151rzi, \u00e9s ezzel egyidej\u0171leg a 2019-ben kezd\u0151d\u0151 ad\u00f3\u00e9vre vonatkoz\u00f3, elfogadott sz\u00e1mviteli besz\u00e1mol\u00f3ja tekintet\u00e9ben a sz\u00e1mviteli ellen\u0151rz\u00e9s szab\u00e1lyai szerint lek\u00f6t\u00f6tt tartal\u00e9kot k\u00e9pez.<\/li>\n<li>\u00a0Ha a v\u00e1llalkoz\u00e1s a 2019-ben kezd\u0151d\u0151 ad\u00f3\u00e9vre vonatkoz\u00f3an m\u00e9g nem ny\u00fajtott be t\u00e1rsas\u00e1gi ad\u00f3-bevall\u00e1st, de a 2019-ben kezd\u0151d\u0151 ad\u00f3\u00e9vre vonatkoz\u00f3an elfogadott sz\u00e1mviteli besz\u00e1mol\u00f3val rendelkezik, akkor a 2019-ben kezd\u0151d\u0151 ad\u00f3\u00e9vre vonatkoz\u00f3, elfogadott sz\u00e1mviteli besz\u00e1mol\u00f3ja tekintet\u00e9ben a sz\u00e1mviteli ellen\u0151rz\u00e9s szab\u00e1lyai szerint lek\u00f6t\u00f6tt tartal\u00e9kot k\u00e9pez.<\/li>\n<\/ul>\n<p>\n\n\n<p><\/p>\n<p><\/p>\n\n\n<\/p>\n<p>\u00c9rtelmez\u00e9s\u00fcnk szerint a fentiek, konkr\u00e9tan a sz\u00e1mviteli \u00f6nellen\u0151rz\u00e9s lehet\u0151v\u00e9 t\u00e9tele azt az ut\u00f3lagos lehet\u0151s\u00e9get is megteremti, hogy ak\u00e1r azok is \u00e9lhetnek a fejleszt\u00e9si tartal\u00e9k adta lehet\u0151s\u00e9ggel, akik eddig ezzel nem sz\u00e1moltak, \u00e9s ez\u00e9rt 2019 v\u00e9g\u00e9ig nem k\u00e9peztek a beruh\u00e1zni k\u00edv\u00e1nt \u00f6sszeggel megegyez\u0151 \u00f6sszeg\u0171 lek\u00f6t\u00f6tt tartal\u00e9kot.<\/p>\n<p>\n\n\n<p><\/p>\n<p><\/p>\n\n\n<\/p>\n<p>V\u00e9gezet\u00fcl megjegyzend\u0151, hogy fejleszt\u00e9si tartal\u00e9kk\u00e9pz\u00e9s eset\u00e9ben val\u00f3j\u00e1ban nem egy abszol\u00fat t\u00e1rsas\u00e1gi ad\u00f3 megtakar\u00edt\u00e1sr\u00f3l, hanem csup\u00e1n egy halasztott ad\u00f3fizet\u00e9si lehet\u0151s\u00e9gr\u0151l van sz\u00f3, hiszen a fejleszt\u00e9si tartal\u00e9kb\u00f3l megval\u00f3s\u00edtand\u00f3 beruh\u00e1z\u00e1sokra az \u00fczembe helyez\u00e9s\u00fcket k\u00f6vet\u0151en elsz\u00e1molhat\u00f3 amortiz\u00e1ci\u00f3t kiz\u00e1r\u00f3lag sz\u00e1mvitelileg lehet \u00e9rv\u00e9nyes\u00edteni, azonban \u00e9rt\u00e9kcs\u00f6kken\u00e9s elsz\u00e1mol\u00e1s\u00e1ra a t\u00e1rsas\u00e1gi ad\u00f3alappal szemben nincs lehet\u0151s\u00e9g.<\/p>\n<p>\n\n\n<p><\/p>\n<p><\/p>\n\n\n<\/p>\n<p>Vagyis l\u00e9nyeg\u00e9ben a fejleszt\u00e9si tartal\u00e9kb\u00f3l megval\u00f3s\u00edtand\u00f3 beruh\u00e1z\u00e1sok beker\u00fcl\u00e9si \u00e9rt\u00e9k\u00e9nek egy\u00f6sszeg\u0171, az ad\u00f3z\u00e1s el\u0151tti nyeres\u00e9g (de legfeljebb 10 milli\u00e1rd forint) erej\u00e9ig teljes m\u00e9rt\u00e9kben el\u0151rehozott \u2013 hossz\u00fa hasznos \u00e9lettartam\u00fa eszk\u00f6z\u00f6k eset\u00e9ben kifejezetten el\u0151ny\u00f6s \u2013 elsz\u00e1mol-hat\u00f3s\u00e1g\u00e1r\u00f3l van sz\u00f3, mely mindazon\u00e1ltal \u2013 a jelenlegi t\u00e1rsas\u00e1gi ad\u00f3kulcs v\u00e1ltozatlans\u00e1g\u00e1t felt\u00e9telezve \u2013 a jelenlegi v\u00e1ls\u00e1ghelyzetben egy kiv\u00e1l\u00f3 cash flow jav\u00edt\u00f3 lehet\u0151s\u00e9get k\u00edn\u00e1l a profitjukb\u00f3l beruh\u00e1zni sz\u00e1nd\u00e9koz\u00f3 v\u00e1llalkoz\u00e1sok sz\u00e1m\u00e1ra, hiszen lehet\u0151v\u00e9 teszi a t\u00e1rgy\u00e9vi t\u00e1rsas\u00e1gi ad\u00f3fizet\u00e9s tov\u00e1bb\u00e1 a k\u00f6vetkez\u0151 ad\u00f3bevall\u00e1s beny\u00fajt\u00e1s\u00e1ig\u00a0 esed\u00e9kes ad\u00f3el\u0151legfizet\u00e9sek minimaliz\u00e1l\u00e1s\u00e1t.\u00a0\u00a0\u00a0<\/p>\n<p>\n\n\n<p><\/p>\n<p><\/p>\n\n\n<\/p>\n<p>Amennyiben a fentiekkel kapcsolatban b\u00e1rmilyen konkr\u00e9t k\u00e9rd\u00e9s\u00fck mer\u00fclne fel, akkor sz\u00edvesen \u00e1llunk rendelkez\u00e9s\u00fckre, k\u00e9rj\u00fck forduljanak hozz\u00e1nk bizalommal.<\/p>\n<p>\n\n\n<p><\/p>\n<p><\/p>\n\n\n<div class=\"wp-block-group\"><div class=\"wp-block-group__inner-container is-layout-flow wp-block-group-is-layout-flow\">\n<div class=\"wp-block-group\"><div class=\"wp-block-group__inner-container is-layout-flow wp-block-group-is-layout-flow\">\n<\/p>\n<p>\u00a0<\/p>\n<p>\n<\/div><\/div>\n<\/div><\/div>\n\n\n<p><\/p>\n<p><\/p>\n\n\n<\/p>\n<p>\u00a0<\/p>\n<p>\n\n\n<p><\/p>\n<p style=\"letter-spacing: -0.11px;\">Bagi M\u00e1rta<\/p>\n<p style=\"letter-spacing: -0.11px;\">+ 36 30&nbsp;991 9998<\/p>\n<p style=\"letter-spacing: -0.11px;\"><a href=\"mailto:marta.bagi@crowe.hu\" target=\"_blank\" rel=\"noreferrer noopener\">marta.bagi@crowe.hu<\/a><\/p>\n<p style=\"letter-spacing: -0.11px;\">dr. Hajdu Zsolt<\/p>\n<p style=\"letter-spacing: -0.11px;\">+ 36 30 221 5556<\/p>\n<p style=\"letter-spacing: -0.11px;\"><a href=\"mailto:zsolt.hajdu@crowe.hu\" target=\"_blank\" rel=\"noreferrer noopener\">zsolt.hajdu@crowe.hu<\/a><\/p>","protected":false},"excerpt":{"rendered":"<p>A koronav\u00edrus vil\u00e1gj\u00e1rv\u00e1ny gazdas\u00e1gi hat\u00e1sainak m\u00e9rs\u00e9kl\u00e9se \u00e9rdek\u00e9ben tett korm\u00e1nyzati int\u00e9zked\u00e9sek sor\u00e1ban m\u00falt h\u00e9t cs\u00fct\u00f6rt\u00f6k \u00e9jjel napvil\u00e1got l\u00e1tott 171\/2020. (IV. 30.) Korm\u00e1nyrendeletben foglaltak \u00e9rtelm\u00e9ben rendk\u00edv\u00fcl kedvez\u0151en m\u00f3dosulnak a fejleszt\u00e9si tartal\u00e9kk\u00e9pz\u00e9s elsz\u00e1mol\u00e1s\u00e1nak felt\u00e9telei.<\/p>\n","protected":false},"author":3,"featured_media":2564,"comment_status":"closed","ping_status":"open","sticky":false,"template":"","format":"standard","meta":{"footnotes":""},"categories":[25,24,16,29],"tags":[],"yoast_head":"<!-- This site is optimized with the Yoast SEO plugin v15.4 - https:\/\/yoast.com\/wordpress\/plugins\/seo\/ -->\n<title>Cash flow jav\u00edt\u00f3 lehet\u0151s\u00e9g fejleszt\u00e9si tartal\u00e9kk\u00e9pz\u00e9ssel<\/title>\n<meta name=\"robots\" content=\"index, follow, max-snippet:-1, max-image-preview:large, max-video-preview:-1\" \/>\n<link rel=\"canonical\" href=\"https:\/\/bizalmikor.hu\/blog\/2020\/05\/08\/cash-flow-javito-lehetoseg-fejlesztesi-tartalekkepzessel\/\" \/>\n<meta property=\"og:locale\" content=\"hu_HU\" \/>\n<meta property=\"og:type\" content=\"article\" \/>\n<meta property=\"og:title\" content=\"Cash flow jav\u00edt\u00f3 lehet\u0151s\u00e9g fejleszt\u00e9si tartal\u00e9kk\u00e9pz\u00e9ssel\" \/>\n<meta property=\"og:description\" content=\"A koronav\u00edrus vil\u00e1gj\u00e1rv\u00e1ny gazdas\u00e1gi hat\u00e1sainak m\u00e9rs\u00e9kl\u00e9se \u00e9rdek\u00e9ben tett korm\u00e1nyzati int\u00e9zked\u00e9sek sor\u00e1ban m\u00falt h\u00e9t cs\u00fct\u00f6rt\u00f6k \u00e9jjel napvil\u00e1got l\u00e1tott 171\/2020. (IV. 30.) Korm\u00e1nyrendeletben foglaltak \u00e9rtelm\u00e9ben rendk\u00edv\u00fcl kedvez\u0151en m\u00f3dosulnak a fejleszt\u00e9si tartal\u00e9kk\u00e9pz\u00e9s elsz\u00e1mol\u00e1s\u00e1nak felt\u00e9telei.\" \/>\n<meta property=\"og:url\" content=\"https:\/\/bizalmikor.hu\/blog\/2020\/05\/08\/cash-flow-javito-lehetoseg-fejlesztesi-tartalekkepzessel\/\" \/>\n<meta property=\"og:site_name\" content=\"Bizalmi K\u00f6r blog\" \/>\n<meta property=\"article:publisher\" content=\"https:\/\/www.facebook.com\/bizalmikor\" \/>\n<meta property=\"article:published_time\" content=\"2020-05-08T10:10:18+00:00\" \/>\n<meta property=\"article:modified_time\" content=\"2020-05-11T10:56:13+00:00\" \/>\n<meta property=\"og:image\" content=\"https:\/\/bizalmikor.hu\/blog\/wp-content\/uploads\/2020\/05\/krwhe6qpo0yxstmbc45c801d922deb9.jpg\" \/>\n\t<meta property=\"og:image:width\" content=\"1200\" \/>\n\t<meta property=\"og:image:height\" content=\"600\" \/>\n<meta name=\"twitter:card\" content=\"summary_large_image\" \/>\n<meta name=\"twitter:label1\" content=\"Szerz\u0151:\">\n\t<meta name=\"twitter:data1\" content=\"Gangel P\u00e9ter\">\n\t<meta name=\"twitter:label2\" content=\"Becs\u00fclt olvas\u00e1si id\u0151\">\n\t<meta name=\"twitter:data2\" content=\"3 perc\">\n<script type=\"application\/ld+json\" class=\"yoast-schema-graph\">{\"@context\":\"https:\/\/schema.org\",\"@graph\":[{\"@type\":\"Organization\",\"@id\":\"https:\/\/bizalmikor.hu\/blog\/#organization\",\"name\":\"Bizalmi K\\u00f6r Kft.\",\"url\":\"https:\/\/bizalmikor.hu\/blog\/\",\"sameAs\":[\"https:\/\/www.facebook.com\/bizalmikor\",\"https:\/\/www.instagram.com\/bizalmikor\/\",\"https:\/\/www.linkedin.com\/company\/19165894\",\"https:\/\/www.youtube.com\/channel\/UC7fAD3QCIWeSexU5t6F3YOw?view_as=subscriber\"],\"logo\":{\"@type\":\"ImageObject\",\"@id\":\"https:\/\/bizalmikor.hu\/blog\/#logo\",\"inLanguage\":\"hu\",\"url\":\"https:\/\/bizalmikor.hu\/blog\/wp-content\/uploads\/2019\/02\/Group-2.png\",\"width\":4033,\"height\":1192,\"caption\":\"Bizalmi K\\u00f6r Kft.\"},\"image\":{\"@id\":\"https:\/\/bizalmikor.hu\/blog\/#logo\"}},{\"@type\":\"WebSite\",\"@id\":\"https:\/\/bizalmikor.hu\/blog\/#website\",\"url\":\"https:\/\/bizalmikor.hu\/blog\/\",\"name\":\"Bizalmi K\\u00f6r blog\",\"description\":\"Egynek minden neh\\u00e9z, soknak semmi sem lehetetlen.\",\"publisher\":{\"@id\":\"https:\/\/bizalmikor.hu\/blog\/#organization\"},\"potentialAction\":[{\"@type\":\"SearchAction\",\"target\":\"https:\/\/bizalmikor.hu\/blog\/?s={search_term_string}\",\"query-input\":\"required name=search_term_string\"}],\"inLanguage\":\"hu\"},{\"@type\":\"ImageObject\",\"@id\":\"https:\/\/bizalmikor.hu\/blog\/2020\/05\/08\/cash-flow-javito-lehetoseg-fejlesztesi-tartalekkepzessel\/#primaryimage\",\"inLanguage\":\"hu\",\"url\":\"https:\/\/bizalmikor.hu\/blog\/wp-content\/uploads\/2020\/05\/krwhe6qpo0yxstmbc45c801d922deb9.jpg\",\"width\":1200,\"height\":600},{\"@type\":\"WebPage\",\"@id\":\"https:\/\/bizalmikor.hu\/blog\/2020\/05\/08\/cash-flow-javito-lehetoseg-fejlesztesi-tartalekkepzessel\/#webpage\",\"url\":\"https:\/\/bizalmikor.hu\/blog\/2020\/05\/08\/cash-flow-javito-lehetoseg-fejlesztesi-tartalekkepzessel\/\",\"name\":\"Cash flow jav\\u00edt\\u00f3 lehet\\u0151s\\u00e9g fejleszt\\u00e9si tartal\\u00e9kk\\u00e9pz\\u00e9ssel\",\"isPartOf\":{\"@id\":\"https:\/\/bizalmikor.hu\/blog\/#website\"},\"primaryImageOfPage\":{\"@id\":\"https:\/\/bizalmikor.hu\/blog\/2020\/05\/08\/cash-flow-javito-lehetoseg-fejlesztesi-tartalekkepzessel\/#primaryimage\"},\"datePublished\":\"2020-05-08T10:10:18+00:00\",\"dateModified\":\"2020-05-11T10:56:13+00:00\",\"inLanguage\":\"hu\",\"potentialAction\":[{\"@type\":\"ReadAction\",\"target\":[\"https:\/\/bizalmikor.hu\/blog\/2020\/05\/08\/cash-flow-javito-lehetoseg-fejlesztesi-tartalekkepzessel\/\"]}]},{\"@type\":\"Article\",\"@id\":\"https:\/\/bizalmikor.hu\/blog\/2020\/05\/08\/cash-flow-javito-lehetoseg-fejlesztesi-tartalekkepzessel\/#article\",\"isPartOf\":{\"@id\":\"https:\/\/bizalmikor.hu\/blog\/2020\/05\/08\/cash-flow-javito-lehetoseg-fejlesztesi-tartalekkepzessel\/#webpage\"},\"author\":{\"@id\":\"https:\/\/bizalmikor.hu\/blog\/#\/schema\/person\/a89936ed381c3afa4cd7a27040dbfb07\"},\"headline\":\"Cash flow jav\\u00edt\\u00f3 lehet\\u0151s\\u00e9g fejleszt\\u00e9si tartal\\u00e9kk\\u00e9pz\\u00e9ssel\",\"datePublished\":\"2020-05-08T10:10:18+00:00\",\"dateModified\":\"2020-05-11T10:56:13+00:00\",\"mainEntityOfPage\":{\"@id\":\"https:\/\/bizalmikor.hu\/blog\/2020\/05\/08\/cash-flow-javito-lehetoseg-fejlesztesi-tartalekkepzessel\/#webpage\"},\"publisher\":{\"@id\":\"https:\/\/bizalmikor.hu\/blog\/#organization\"},\"image\":{\"@id\":\"https:\/\/bizalmikor.hu\/blog\/2020\/05\/08\/cash-flow-javito-lehetoseg-fejlesztesi-tartalekkepzessel\/#primaryimage\"},\"articleSection\":\"COVID-19 \\u00fczleti tapasztalatok,\\u00dczleti \\u00e9rdekess\\u00e9gek,V\\u00e1llalkoz\\u00e1s,Vend\\u00e9gszerz\\u0151k\",\"inLanguage\":\"hu\"},{\"@type\":\"Person\",\"@id\":\"https:\/\/bizalmikor.hu\/blog\/#\/schema\/person\/a89936ed381c3afa4cd7a27040dbfb07\",\"name\":\"Gangel P\\u00e9ter\",\"image\":{\"@type\":\"ImageObject\",\"@id\":\"https:\/\/bizalmikor.hu\/blog\/#personlogo\",\"inLanguage\":\"hu\",\"url\":\"https:\/\/secure.gravatar.com\/avatar\/ee1c6e901d6b9c50c9a2204252c914b4?s=96&d=mm&r=g\",\"caption\":\"Gangel P\\u00e9ter\"}}]}<\/script>\n<!-- \/ Yoast SEO plugin. -->","_links":{"self":[{"href":"https:\/\/bizalmikor.hu\/blog\/wp-json\/wp\/v2\/posts\/2556"}],"collection":[{"href":"https:\/\/bizalmikor.hu\/blog\/wp-json\/wp\/v2\/posts"}],"about":[{"href":"https:\/\/bizalmikor.hu\/blog\/wp-json\/wp\/v2\/types\/post"}],"author":[{"embeddable":true,"href":"https:\/\/bizalmikor.hu\/blog\/wp-json\/wp\/v2\/users\/3"}],"replies":[{"embeddable":true,"href":"https:\/\/bizalmikor.hu\/blog\/wp-json\/wp\/v2\/comments?post=2556"}],"version-history":[{"count":12,"href":"https:\/\/bizalmikor.hu\/blog\/wp-json\/wp\/v2\/posts\/2556\/revisions"}],"predecessor-version":[{"id":2598,"href":"https:\/\/bizalmikor.hu\/blog\/wp-json\/wp\/v2\/posts\/2556\/revisions\/2598"}],"wp:featuredmedia":[{"embeddable":true,"href":"https:\/\/bizalmikor.hu\/blog\/wp-json\/wp\/v2\/media\/2564"}],"wp:attachment":[{"href":"https:\/\/bizalmikor.hu\/blog\/wp-json\/wp\/v2\/media?parent=2556"}],"wp:term":[{"taxonomy":"category","embeddable":true,"href":"https:\/\/bizalmikor.hu\/blog\/wp-json\/wp\/v2\/categories?post=2556"},{"taxonomy":"post_tag","embeddable":true,"href":"https:\/\/bizalmikor.hu\/blog\/wp-json\/wp\/v2\/tags?post=2556"}],"curies":[{"name":"wp","href":"https:\/\/api.w.org\/{rel}","templated":true}]}}