{"id":2575,"date":"2020-05-08T15:20:43","date_gmt":"2020-05-08T15:20:43","guid":{"rendered":"https:\/\/bizalmikor.hu\/blog\/?p=2575"},"modified":"2020-05-11T10:46:19","modified_gmt":"2020-05-11T10:46:19","slug":"igy-juthatsz-hozza-a-legjobb-hitelekhez","status":"publish","type":"post","link":"https:\/\/bizalmikor.hu\/blog\/2020\/05\/08\/igy-juthatsz-hozza-a-legjobb-hitelekhez\/","title":{"rendered":"\u00c9l\u00e9nk\u00fcl a gazdas\u00e1g: 0.1 &#8211; 0.5% k\u00f6z\u00f6tti kamatoz\u00e1s\u00fa hitelek \u00e9rkeznek!"},"content":{"rendered":"\n<p><strong>Pontosan mik a leg\u00fajabb elemei a gazdas\u00e1g\u00e9l\u00e9nk\u00edt\u0151 csomagnak, amik a munkahelymeg\u0151rz\u00e9s helyett a v\u00e1llalkoz\u00e1sok likvidit\u00e1s\u00e1nak a n\u00f6vel\u00e9s\u00e9t t\u00e1mogatj\u00e1k? Milyen felt\u00e9teleknek kell megfelelni a sikeres ig\u00e9nyl\u00e9shez, illetve mekkora \u00f6sszeghat\u00e1rokban lehet gondolkodni<\/strong>? <strong>Kris\u00e1n L\u00e1szl\u00f3val a KAVOSZ ZRt. vez\u00e9rigazgat\u00f3j\u00e1val besz\u00e9lgett\u00fcnk kedvezm\u00e9nyes hitelekr\u0151l \u00e9s minden m\u00e1s lehet\u0151s\u00e9gr\u0151l!<\/strong><\/p>\n\n\n\n<p>A k\u00e9rd\u00e9sek Kris\u00e1n L\u00e1szl\u00f3n\u00e1l, a <a href=\"https:\/\/www.kavosz.hu\/\" target=\"_blank\" rel=\"noreferrer noopener\"><strong>KAVOSZ Zrt.<\/strong><\/a> vez\u00e9rigazgat\u00f3j\u00e1n\u00e1l hitelesebb szem\u00e9lyt nehezen k\u00e9rdezhett\u00fcnk volna. Mivel a Sz\u00e9chenyi K\u00e1rtya \u00e1ltaluk ker\u00fcl ki, ez\u00e9rt L\u00e1szl\u00f3 elk\u00e9peszt\u0151en \u00e9rt\u00e9kes inform\u00e1ci\u00f3kkal l\u00e1tott el minket, mindenki m\u00e1s el\u0151tt.<\/p>\n\n\n\n<h2 class=\"wp-block-heading\"><strong>Az elm\u00falt k\u00e9t h\u00f3nap esem\u00e9nyeinek \u00e9rt\u00e9kel\u00e9se a KKV szektor szemsz\u00f6g\u00e9b\u0151l<\/strong><\/h2>\n\n\n\n<p>A kialakult helyzetet legink\u00e1bb egy atomt\u00e1mad\u00e1shoz lehet hasonl\u00edtani, hiszen egyszerre esett el a glob\u00e1lis vil\u00e1g valamennyi eleme, bele\u00e9rtve a keresleti \u00e9s k\u00edn\u00e1lati oldalt. Persze egyes \u00e1gazatokat kev\u00e9sb\u00e9 \u00e9rint a v\u00e1ls\u00e1g, a turizmus-vend\u00e9gl\u00e1t\u00e1s, a sz\u00e1ll\u00e1shelyek, vagy a l\u00e9gi k\u00f6zleked\u00e9s \u00e1gazata viszont els\u0151k\u00e9nt tapasztalta meg a neh\u00e9zs\u00e9geket.<\/p>\n\n\n\n<blockquote class=\"wp-block-quote is-layout-flow wp-block-quote-is-layout-flow\"><p>A magyar KKV szektorban is a <strong>bizonytalans\u00e1g nyomja r\u00e1 a b\u00e9lyeg\u00e9t az \u00fczleti bizalomra<\/strong>, hiszen senki sem tudja, meddig kell m\u00e9g kitartani. Az \u00e1tmeneti helyzet mindenkit\u0151l \u00faj megold\u00e1sok alkalmaz\u00e1s\u00e1t k\u00edv\u00e1nja meg.<\/p><\/blockquote>\n\n\n\n<p>Minden szektornak m\u00e1s probl\u00e9mak\u00f6rrel k\u00e9nytelen szemben\u00e9zni, ez\u00e9rt \u00e1ltal\u00e1nos megold\u00e1s helyett p\u00e9nz\u00fcgyi eszk\u00f6zrendszerek alkalmaz\u00e1s\u00e1ban \u00e9rdemes gondolkodni. Az <strong>egy\u00e9rtelm\u0171 vez\u00e9rfonalnak a munkahelymegtart\u00e1s sz\u00e1m\u00ed<\/strong>t, ami kieg\u00e9sz\u00fclhet a vissza nem t\u00e9r\u00edtend\u0151 t\u00e1mogat\u00e1sok csomagj\u00e1val.<\/p>\n\n\n\n<p>A Kurzarbeit, a t\u0151keprogramok, ha hitelprogramok, illetve a p\u00e1ly\u00e1zatok mellett <strong>garancia program bizonyulhat m\u00e9g optim\u00e1lis megold\u00e1snak<\/strong>, mert az \u00edgy kihelyezett p\u00e9nzt t\u00f6bbsz\u00f6r\u00f6sen meg lehet forgatni.&nbsp;<\/p>\n\n\n\n<p>A munkahelymegtart\u00f3 program eddigi r\u00e9szleteit is pozit\u00edvan \u00e9rt\u00e9kelhetj\u00fck, hiszen a <strong>hitelmorat\u00f3rium<\/strong> mellett a <strong>r\u00f6vid\u00edtett munkaid\u0151re adott vissza nem t\u00e9r\u00edtend\u0151 t\u00e1mogat\u00e1s<\/strong> szint\u00e9n indokolt volt.<\/p>\n\n\n\n<p>M\u00e1jus 1-\u00e9n pedig kij\u00f6tt az \u00fajabb korm\u00e1nyhat\u00e1rozat, 15-\u00e9n pedig elstartol a gazdas\u00e1g\u00e9l\u00e9nk\u00edt\u0151 csomag \u00fajabb szakasza. L\u00e1ssuk ennek az elemeit.<\/p>\n\n\n\n<h2 class=\"wp-block-heading\"><strong>Az Agr\u00e1r Sz\u00e9chenyi K\u00e1rtya r\u00e9szletei<\/strong><\/h2>\n\n\n\n<p>Az <strong>Agr\u00e1r Sz\u00e9chenyi K\u00e1rtya<\/strong> a programnak azon r\u00e9sze, amelyik m\u00e1r beindult. N\u00e9gy-\u00f6t nap leforg\u00e1sa alatt k\u00f6zel hatsz\u00e1z ig\u00e9nyl\u00e9s futott be. A fokozott \u00e9rdekl\u0151d\u00e9st magyar\u00e1zza, hogy a kor\u00e1bbi <strong>100 helyett 200 milli\u00f3 forintra emelkedett a fels\u0151 hat\u00e1r<\/strong>.<\/p>\n\n\n\n<blockquote class=\"wp-block-quote is-layout-flow wp-block-quote-is-layout-flow\"><p>Az Agr\u00e1r Sz\u00e9chenyi K\u00e1rtya keretei k\u00f6z\u00f6tt ig\u00e9nyelt p\u00e9nz\u00f6sszeg r\u00e1ad\u00e1sul <strong>0% kamat, 0 forintos k\u00f6lts\u00e9gek<\/strong>, illetve <strong>0 forintba ker\u00fcl\u0151 egy\u00e9b d\u00edjak<\/strong> mellett vehet\u0151 ig\u00e9nybe.<\/p><\/blockquote>\n\n\n\n<p>A gazdas\u00e1g\u00e9l\u00e9nk\u00edt\u0151 program tov\u00e1bbi n\u00e9gy eleme gyakorlatilag egym\u00e1sra \u00e9p\u00fcl. Egyar\u00e1nt rendelkez\u00e9sre \u00e1ll egy <strong>foly\u00f3sz\u00e1mla hitel<\/strong>, egy <strong>munkahelymegtart\u00f3 munkab\u00e9r el\u0151leg hitel<\/strong>, <strong>likvidit\u00e1si hitel<\/strong>, illetve <strong>beruh\u00e1z\u00e1si hitel<\/strong>. N\u00e9zz\u00fck meg \u0151ket egyenk\u00e9nt is.<\/p>\n\n\n\n<h2 class=\"wp-block-heading\"><strong>A munkahelymegtart\u00f3 munkab\u00e9r el\u0151leg hitel, illetve foly\u00f3sz\u00e1mla hitel<\/strong><\/h2>\n\n\n\n<p>A mostani helyzetben komoly seg\u00edts\u00e9get jelent\u0151 <strong>munkahelymegtart\u00f3 munkab\u00e9r el\u0151leg hitel<\/strong>t <strong>0,1% kamat<\/strong> mellett lehet ig\u00e9nyelni, <strong>2 \u00e9ves futamid\u0151<\/strong>vel. Az <strong>elb\u00edr\u00e1l\u00e1shoz a m\u00falt\u00e9v december v\u00e9gi l\u00e9tsz\u00e1m adatokat veszik majd figyelembe<\/strong>.<\/p>\n\n\n\n<p>Fontos tudni, hogy a teljes dolgoz\u00f3i \u00e1llom\u00e1ny \u00f6sszmunkab\u00e9r\u00e9t, valamint munkab\u00e9r t\u00edpus\u00fa k\u00f6lts\u00e9geit fel lehet venni, m\u00e9ghozz\u00e1 legal\u00e1bb 9 h\u00f3napra. A vesz\u00e9lyeztetett szektorokban ez 18 h\u00f3nap is tud lenni.&nbsp;<\/p>\n\n\n\n<p>2020. december 31-ig a kamathoz t\u00fcrelmi id\u0151 j\u00e1r, a t\u0151k\u00e9re pedig tov\u00e1bbi 9 h\u00f3nap. A munkahelymegtart\u00f3 munkab\u00e9r el\u0151leg hitel fels\u0151 hat\u00e1ra 750 milli\u00f3 forint. Hozz\u00e1 lehet egy\u00e9bk\u00e9nt tenni 40%-ban egy szabad felhaszn\u00e1l\u00e1s\u00fa <strong>foly\u00f3sz\u00e1mla hitelt<\/strong>, m\u00e9gpedig ugyanolyan felt\u00e9telekkel.<\/p>\n\n\n\n<h2 class=\"wp-block-heading\"><strong>Likvidit\u00e1si hitel<\/strong><\/h2>\n\n\n\n<blockquote class=\"wp-block-quote is-layout-flow wp-block-quote-is-layout-flow\"><p>A <strong>likvidit\u00e1si hitel<\/strong>nek 3 \u00e9ves kifut\u00e1sa van, egy\u00e9bk\u00e9nt szabadon felhaszn\u00e1lhat\u00f3 forg\u00f3eszk\u00f6z hitelnek min\u0151s\u00fcl, <strong>0,2%-os kamat<\/strong>tal. <strong>250 milli\u00f3 forintos fels\u0151 hat\u00e1r<\/strong>ig van lehet\u0151s\u00e9g ig\u00e9nybe venni.&nbsp;&nbsp;<\/p><\/blockquote>\n\n\n\n<p>Alapvet\u0151en bizalmi term\u00e9kr\u0151l van sz\u00f3, ugyanakkor a sikeres ig\u00e9nyl\u00e9snek felt\u00e9tele a legal\u00e1bb 2019-es m\u0171k\u00f6d\u00e9si m\u00falt, illetve egy 25%-os \u00e1rbev\u00e9tel korl\u00e1t is tartozik ezekhez a hitelekhez.&nbsp;&nbsp;<\/p>\n\n\n\n<p>Amennyiben a c\u00e9g\u00fcnk nem felel meg az \u00e1rbev\u00e9tel korl\u00e1tnak, akkor az el\u0151z\u0151 \u00e9vi b\u00e9rk\u00f6lts\u00e9g k\u00e9tszeres\u00e9t tudjuk felvenni. Hogyha az els\u0151 k\u00e9t felv\u00e9tel nem el\u00e9g a sz\u00fcks\u00e9ges p\u00e9nz\u00f6sszeghez, akkor a k\u00f6vetkez\u0151 18 h\u00f3nap likvidit\u00e1si sz\u00fcks\u00e9glete kell, hogy kimutat\u00e1sra ker\u00fclj\u00f6n.<\/p>\n\n\n\n<h2 class=\"wp-block-heading\"><strong>Beruh\u00e1z\u00e1si hitel<\/strong><\/h2>\n\n\n\n<p>T\u00f6bbek k\u00f6z\u00f6tt hitelkiv\u00e1lt\u00e1sra is alkalmazhat\u00f3, teh\u00e1t extra lehet\u0151s\u00e9geket is k\u00edn\u00e1l a norm\u00e1l beruh\u00e1z\u00e1si hitelekhez k\u00e9pest. \u00dajdons\u00e1gnak sz\u00e1m\u00edt vele kapcsolatban az \u00fczletr\u00e9szv\u00e1s\u00e1rl\u00e1s, \u00edgy a100-200 milli\u00f3 forint k\u00f6z\u00f6tt \u00fczleti v\u00e1llalkoz\u00e1s \u00e1tv\u00e9tel\u00e9re, megv\u00e1s\u00e1rl\u00e1s\u00e1ra is alkalmazhat\u00f3.<\/p>\n\n\n\n<blockquote class=\"wp-block-quote is-layout-flow wp-block-quote-is-layout-flow\"><p>A <strong>beruh\u00e1z\u00e1si hitel<\/strong> nagys\u00e1ga az egy milli\u00f3t\u00f3l eg\u00e9szen az egy milli\u00e1rd forintig terjedhet, a <strong>0,5%-os fix kamatoz\u00e1s<\/strong> mellett <strong>hat vagy t\u00edz \u00e9ves futamid\u0151<\/strong>re lehet ig\u00e9nyelni.<\/p><\/blockquote>\n\n\n\n<h2 class=\"wp-block-heading\"><strong>Mit \u00e9rdemes tudni a hitelekkel kapcsolatos garanci\u00e1kr\u00f3l?<\/strong><\/h2>\n\n\n\n<p>\u00c9rtelemszer\u0171en fontos volt a bankok sz\u00e1m\u00e1ra, hogy a garancia m\u00e9rt\u00e9ke meglegyen. A p\u00e9nzint\u00e9zet sz\u00e1m\u00e1ra akkor adott a biztons\u00e1g, ha az \u00e1llam kezess\u00e9get v\u00e1llal. Ezzel kapcsolatban fontos tudnival\u00f3, hogy a <strong>kor\u00e1bbi 80% helyett 90% garanci\u00e1t v\u00e1llal az \u00e1llam<\/strong> a hitelek m\u00f6g\u00f6tt.<\/p>\n\n\n\n<h2 class=\"wp-block-heading\"><strong>Kell-e sz\u00e1molni egy\u00e9b k\u00f6lts\u00e9gekkel a kamaton fel\u00fcl?<\/strong><\/h2>\n\n\n\n<p>A garancia tekintet\u00e9ben lehet pluszban k\u00f6lts\u00e9gekkel sz\u00e1molni. Tegy\u00fck hozz\u00e1, hogy a kezess\u00e9gi d\u00edjt\u00e1mogat\u00e1s k\u00eds\u00e9rete mellett. Sz\u00e1m szerint \u00e1tlagosan 0,5%-os lesz a kezess\u00e9gi d\u00edj, amit a v\u00e1llalkoz\u00f3 a garancia int\u00e9zm\u00e9ny fel\u00e9 fizet. A beruh\u00e1z\u00e1si hitel eset\u00e9ben ennek m\u00e9rt\u00e9ke 03%-t\u00f3l eg\u00e9szen az egy sz\u00e1zal\u00e9kig terjedhet. Illetve vannak olyan szerz\u0151d\u00e9sk\u00f6t\u00e9ssel kapcsolatos k\u00f6lts\u00e9gek, amik 0,5% k\u00f6rny\u00e9k\u00e9n vannak.<\/p>\n\n\n\n<h2 class=\"wp-block-heading\"><strong>Az ig\u00e9nyl\u00e9si nyomtatv\u00e1nyok m\u00e1r most el\u00e9rhet\u0151k?<\/strong><\/h2>\n\n\n\n<p>Nyomtatv\u00e1nyok tekintet\u00e9ben az agr\u00e1rk\u00e1rty\u00e1nak a teljes anyaga kint van a <a href=\"http:\/\/www.kavosz.hu\">www.kavosz.hu<\/a> weboldalon, ahol egy\u00e9bk\u00e9nt felhaszn\u00e1l\u00f3bar\u00e1t fel\u00fclet seg\u00edti majd az eligazod\u00e1st, egyszer\u0171 k\u00e9rd\u00e9sekkel.<\/p>\n\n\n\n<p>A sz\u00fcks\u00e9ges iratok tekintet\u00e9ben tal\u00e1n egy f\u0151k\u00f6nyvi kivonat, illetve m\u00e9rleg lesz sz\u00fcks\u00e9ges. Munkahelymegtart\u00e1sn\u00e1l egy l\u00e9tsz\u00e1mot kell majd k\u00f6z\u00f6lni az ig\u00e9nyl\u00e9si folyamat sor\u00e1n, a beruh\u00e1z\u00e1si hiteln\u00e9l pedig el\u0151fordulhat, hogy egy egyszer\u0171bb \u00fczleti terv kelleni fog.<\/p>\n\n\n\n<hr class=\"wp-block-separator is-style-wide\"\/>\n\n\n\n<h1 class=\"has-text-align-center wp-block-heading\">Szeretn\u00e9l megismerkedni klubtagjainkkal? K\u00e9rj egy megh\u00edv\u00f3t!<\/h1>\n\n\n\n<div class=\"wp-block-button aligncenter\"><a class=\"wp-block-button__link has-background\" href=\"https:\/\/bizalmikor.hu\/kapcsolat\/\" style=\"background-color:#14496b\" target=\"_blank\" rel=\"noreferrer noopener\"><strong>\u00c9rdekel a Bizalmi K\u00f6r klubtags\u00e1g<\/strong><\/a><\/div>\n\n\n\n<hr class=\"wp-block-separator is-style-wide\"\/>\n","protected":false},"excerpt":{"rendered":"<p>Mit kell tudnod az Agr\u00e1r Sz\u00e9chenyi K\u00e1rty\u00e1r\u00f3l, a munkahelymegtart\u00f3 munkab\u00e9r el\u0151leg hitelr\u0151l, likvidit\u00e1si \u00e9s beruh\u00e1z\u00e1si kedvezm\u00e9nyes hitelekr\u0151l 2020-ban?  <\/p>\n","protected":false},"author":3,"featured_media":2577,"comment_status":"closed","ping_status":"open","sticky":false,"template":"","format":"standard","meta":{"footnotes":""},"categories":[25,16],"tags":[],"yoast_head":"<!-- This site is optimized with the Yoast SEO plugin v15.4 - https:\/\/yoast.com\/wordpress\/plugins\/seo\/ -->\n<title>\u00c9l\u00e9nk\u00fcl a gazdas\u00e1g: 0.1 - 0.5% k\u00f6z\u00f6tti kamatoz\u00e1s\u00fa hitelek \u00e9rkeznek!<\/title>\n<meta name=\"description\" content=\"Mit kell tudnod az Agr\u00e1r Sz\u00e9chenyi K\u00e1rty\u00e1r\u00f3l, a munkahelymegtart\u00f3 munkab\u00e9r el\u0151leg hitelr\u0151l, likvidit\u00e1si \u00e9s beruh\u00e1z\u00e1si kedvezm\u00e9nyes hitelekr\u0151l 2020-ban?\" \/>\n<meta name=\"robots\" content=\"index, follow, max-snippet:-1, max-image-preview:large, max-video-preview:-1\" \/>\n<link rel=\"canonical\" href=\"https:\/\/bizalmikor.hu\/blog\/2020\/05\/08\/igy-juthatsz-hozza-a-legjobb-hitelekhez\/\" \/>\n<meta property=\"og:locale\" content=\"hu_HU\" \/>\n<meta property=\"og:type\" content=\"article\" \/>\n<meta property=\"og:title\" content=\"\u00c9l\u00e9nk\u00fcl a gazdas\u00e1g: 0.1 - 0.5% k\u00f6z\u00f6tti kamatoz\u00e1s\u00fa hitelek \u00e9rkeznek!\" \/>\n<meta property=\"og:description\" content=\"Mit kell tudnod az Agr\u00e1r Sz\u00e9chenyi K\u00e1rty\u00e1r\u00f3l, a munkahelymegtart\u00f3 munkab\u00e9r el\u0151leg hitelr\u0151l, likvidit\u00e1si \u00e9s beruh\u00e1z\u00e1si kedvezm\u00e9nyes hitelekr\u0151l 2020-ban?\" \/>\n<meta property=\"og:url\" content=\"https:\/\/bizalmikor.hu\/blog\/2020\/05\/08\/igy-juthatsz-hozza-a-legjobb-hitelekhez\/\" \/>\n<meta property=\"og:site_name\" content=\"Bizalmi K\u00f6r blog\" \/>\n<meta property=\"article:publisher\" content=\"https:\/\/www.facebook.com\/bizalmikor\" \/>\n<meta property=\"article:published_time\" content=\"2020-05-08T15:20:43+00:00\" \/>\n<meta property=\"article:modified_time\" content=\"2020-05-11T10:46:19+00:00\" \/>\n<meta property=\"og:image\" content=\"https:\/\/bizalmikor.hu\/blog\/wp-content\/uploads\/2020\/05\/krisan_laszlo_agrarszektor768_432-20161220.jpg\" \/>\n\t<meta property=\"og:image:width\" content=\"768\" \/>\n\t<meta property=\"og:image:height\" content=\"434\" \/>\n<meta name=\"twitter:card\" content=\"summary_large_image\" \/>\n<meta name=\"twitter:label1\" content=\"Szerz\u0151:\">\n\t<meta name=\"twitter:data1\" content=\"Gangel P\u00e9ter\">\n\t<meta name=\"twitter:label2\" content=\"Becs\u00fclt olvas\u00e1si id\u0151\">\n\t<meta name=\"twitter:data2\" content=\"5 perc\">\n<script type=\"application\/ld+json\" class=\"yoast-schema-graph\">{\"@context\":\"https:\/\/schema.org\",\"@graph\":[{\"@type\":\"Organization\",\"@id\":\"https:\/\/bizalmikor.hu\/blog\/#organization\",\"name\":\"Bizalmi K\\u00f6r Kft.\",\"url\":\"https:\/\/bizalmikor.hu\/blog\/\",\"sameAs\":[\"https:\/\/www.facebook.com\/bizalmikor\",\"https:\/\/www.instagram.com\/bizalmikor\/\",\"https:\/\/www.linkedin.com\/company\/19165894\",\"https:\/\/www.youtube.com\/channel\/UC7fAD3QCIWeSexU5t6F3YOw?view_as=subscriber\"],\"logo\":{\"@type\":\"ImageObject\",\"@id\":\"https:\/\/bizalmikor.hu\/blog\/#logo\",\"inLanguage\":\"hu\",\"url\":\"https:\/\/bizalmikor.hu\/blog\/wp-content\/uploads\/2019\/02\/Group-2.png\",\"width\":4033,\"height\":1192,\"caption\":\"Bizalmi K\\u00f6r Kft.\"},\"image\":{\"@id\":\"https:\/\/bizalmikor.hu\/blog\/#logo\"}},{\"@type\":\"WebSite\",\"@id\":\"https:\/\/bizalmikor.hu\/blog\/#website\",\"url\":\"https:\/\/bizalmikor.hu\/blog\/\",\"name\":\"Bizalmi K\\u00f6r blog\",\"description\":\"Egynek minden neh\\u00e9z, soknak semmi sem lehetetlen.\",\"publisher\":{\"@id\":\"https:\/\/bizalmikor.hu\/blog\/#organization\"},\"potentialAction\":[{\"@type\":\"SearchAction\",\"target\":\"https:\/\/bizalmikor.hu\/blog\/?s={search_term_string}\",\"query-input\":\"required name=search_term_string\"}],\"inLanguage\":\"hu\"},{\"@type\":\"ImageObject\",\"@id\":\"https:\/\/bizalmikor.hu\/blog\/2020\/05\/08\/igy-juthatsz-hozza-a-legjobb-hitelekhez\/#primaryimage\",\"inLanguage\":\"hu\",\"url\":\"https:\/\/bizalmikor.hu\/blog\/wp-content\/uploads\/2020\/05\/krisan_laszlo_agrarszektor768_432-20161220.jpg\",\"width\":768,\"height\":434},{\"@type\":\"WebPage\",\"@id\":\"https:\/\/bizalmikor.hu\/blog\/2020\/05\/08\/igy-juthatsz-hozza-a-legjobb-hitelekhez\/#webpage\",\"url\":\"https:\/\/bizalmikor.hu\/blog\/2020\/05\/08\/igy-juthatsz-hozza-a-legjobb-hitelekhez\/\",\"name\":\"\\u00c9l\\u00e9nk\\u00fcl a gazdas\\u00e1g: 0.1 - 0.5% k\\u00f6z\\u00f6tti kamatoz\\u00e1s\\u00fa hitelek \\u00e9rkeznek!\",\"isPartOf\":{\"@id\":\"https:\/\/bizalmikor.hu\/blog\/#website\"},\"primaryImageOfPage\":{\"@id\":\"https:\/\/bizalmikor.hu\/blog\/2020\/05\/08\/igy-juthatsz-hozza-a-legjobb-hitelekhez\/#primaryimage\"},\"datePublished\":\"2020-05-08T15:20:43+00:00\",\"dateModified\":\"2020-05-11T10:46:19+00:00\",\"description\":\"Mit kell tudnod az Agr\\u00e1r Sz\\u00e9chenyi K\\u00e1rty\\u00e1r\\u00f3l, a munkahelymegtart\\u00f3 munkab\\u00e9r el\\u0151leg hitelr\\u0151l, likvidit\\u00e1si \\u00e9s beruh\\u00e1z\\u00e1si kedvezm\\u00e9nyes hitelekr\\u0151l 2020-ban?\",\"inLanguage\":\"hu\",\"potentialAction\":[{\"@type\":\"ReadAction\",\"target\":[\"https:\/\/bizalmikor.hu\/blog\/2020\/05\/08\/igy-juthatsz-hozza-a-legjobb-hitelekhez\/\"]}]},{\"@type\":\"Article\",\"@id\":\"https:\/\/bizalmikor.hu\/blog\/2020\/05\/08\/igy-juthatsz-hozza-a-legjobb-hitelekhez\/#article\",\"isPartOf\":{\"@id\":\"https:\/\/bizalmikor.hu\/blog\/2020\/05\/08\/igy-juthatsz-hozza-a-legjobb-hitelekhez\/#webpage\"},\"author\":{\"@id\":\"https:\/\/bizalmikor.hu\/blog\/#\/schema\/person\/a89936ed381c3afa4cd7a27040dbfb07\"},\"headline\":\"\\u00c9l\\u00e9nk\\u00fcl a gazdas\\u00e1g: 0.1 &#8211; 0.5% k\\u00f6z\\u00f6tti kamatoz\\u00e1s\\u00fa hitelek \\u00e9rkeznek!\",\"datePublished\":\"2020-05-08T15:20:43+00:00\",\"dateModified\":\"2020-05-11T10:46:19+00:00\",\"mainEntityOfPage\":{\"@id\":\"https:\/\/bizalmikor.hu\/blog\/2020\/05\/08\/igy-juthatsz-hozza-a-legjobb-hitelekhez\/#webpage\"},\"publisher\":{\"@id\":\"https:\/\/bizalmikor.hu\/blog\/#organization\"},\"image\":{\"@id\":\"https:\/\/bizalmikor.hu\/blog\/2020\/05\/08\/igy-juthatsz-hozza-a-legjobb-hitelekhez\/#primaryimage\"},\"articleSection\":\"COVID-19 \\u00fczleti tapasztalatok,V\\u00e1llalkoz\\u00e1s\",\"inLanguage\":\"hu\"},{\"@type\":\"Person\",\"@id\":\"https:\/\/bizalmikor.hu\/blog\/#\/schema\/person\/a89936ed381c3afa4cd7a27040dbfb07\",\"name\":\"Gangel P\\u00e9ter\",\"image\":{\"@type\":\"ImageObject\",\"@id\":\"https:\/\/bizalmikor.hu\/blog\/#personlogo\",\"inLanguage\":\"hu\",\"url\":\"https:\/\/secure.gravatar.com\/avatar\/ee1c6e901d6b9c50c9a2204252c914b4?s=96&d=mm&r=g\",\"caption\":\"Gangel P\\u00e9ter\"}}]}<\/script>\n<!-- \/ Yoast SEO plugin. -->","_links":{"self":[{"href":"https:\/\/bizalmikor.hu\/blog\/wp-json\/wp\/v2\/posts\/2575"}],"collection":[{"href":"https:\/\/bizalmikor.hu\/blog\/wp-json\/wp\/v2\/posts"}],"about":[{"href":"https:\/\/bizalmikor.hu\/blog\/wp-json\/wp\/v2\/types\/post"}],"author":[{"embeddable":true,"href":"https:\/\/bizalmikor.hu\/blog\/wp-json\/wp\/v2\/users\/3"}],"replies":[{"embeddable":true,"href":"https:\/\/bizalmikor.hu\/blog\/wp-json\/wp\/v2\/comments?post=2575"}],"version-history":[{"count":12,"href":"https:\/\/bizalmikor.hu\/blog\/wp-json\/wp\/v2\/posts\/2575\/revisions"}],"predecessor-version":[{"id":2593,"href":"https:\/\/bizalmikor.hu\/blog\/wp-json\/wp\/v2\/posts\/2575\/revisions\/2593"}],"wp:featuredmedia":[{"embeddable":true,"href":"https:\/\/bizalmikor.hu\/blog\/wp-json\/wp\/v2\/media\/2577"}],"wp:attachment":[{"href":"https:\/\/bizalmikor.hu\/blog\/wp-json\/wp\/v2\/media?parent=2575"}],"wp:term":[{"taxonomy":"category","embeddable":true,"href":"https:\/\/bizalmikor.hu\/blog\/wp-json\/wp\/v2\/categories?post=2575"},{"taxonomy":"post_tag","embeddable":true,"href":"https:\/\/bizalmikor.hu\/blog\/wp-json\/wp\/v2\/tags?post=2575"}],"curies":[{"name":"wp","href":"https:\/\/api.w.org\/{rel}","templated":true}]}}