{"id":2633,"date":"2020-05-12T13:42:42","date_gmt":"2020-05-12T13:42:42","guid":{"rendered":"https:\/\/bizalmikor.hu\/blog\/?p=2633"},"modified":"2020-05-12T13:49:39","modified_gmt":"2020-05-12T13:49:39","slug":"igy-porgesd-fel-a-majust","status":"publish","type":"post","link":"https:\/\/bizalmikor.hu\/blog\/2020\/05\/12\/igy-porgesd-fel-a-majust\/","title":{"rendered":"\u00cdgy p\u00f6rgesd fel a m\u00e1just"},"content":{"rendered":"\n<p>Ha ezt az 5+1 tippet megfogadod \u00e9s megval\u00f3s\u00edtod, m\u00e1r biztosan \u00f6r\u00f6mmel nyugt\u00e1zhatod a h\u00f3nap v\u00e9g\u00e9n, hogy \u00e9rdemben dolgozt\u00e1l a v\u00e1llalkoz\u00e1sod fejleszt\u00e9s\u00e9n \u00e9s nem csak a napi teend\u0151ket l\u00e1ttad el.<\/p>\n\n\n\n<p><strong>1. Ker\u00fclj k\u00e9pbe a k\u00f6z\u00f6ss\u00e9gi m\u00e9di\u00e1val!<\/strong><\/p>\n\n\n\n<p>Kell-e a v\u00e1llalkoz\u00e1sodnak Instagram? Na \u00e9s Tik-tok? Vajon az e-mail-marketing t\u00e9nyleg halott?<\/p>\n\n\n\n<figure class=\"wp-block-embed-wordpress wp-block-embed is-type-wp-embed is-provider-bizalmi-kor-blog\"><div class=\"wp-block-embed__wrapper\">\n<blockquote class=\"wp-embedded-content\" data-secret=\"YKd34zDXIy\"><a href=\"https:\/\/bizalmikor.hu\/blog\/2020\/04\/23\/mi-a-titka-a-sikeres-social-media-marketingnek\/\">Tiktok, Linkedin, Facebook, Insta &#8211; Melyiket mire haszn\u00e1ld?<\/a><\/blockquote><iframe class=\"wp-embedded-content\" sandbox=\"allow-scripts\" security=\"restricted\" style=\"position: absolute; clip: rect(1px, 1px, 1px, 1px);\" title=\"&#8220;Tiktok, Linkedin, Facebook, Insta &#8211; Melyiket mire haszn\u00e1ld?&#8221; &#8212; Bizalmi K\u00f6r blog\" src=\"https:\/\/bizalmikor.hu\/blog\/2020\/04\/23\/mi-a-titka-a-sikeres-social-media-marketingnek\/embed\/#?secret=ZmHDFkLD2l#?secret=YKd34zDXIy\" data-secret=\"YKd34zDXIy\" width=\"500\" height=\"282\" frameborder=\"0\" marginwidth=\"0\" marginheight=\"0\" scrolling=\"no\"><\/iframe>\n<\/div><\/figure>\n\n\n\n<p><strong>2. Van m\u00e1r webshopod?<\/strong><\/p>\n\n\n\n<p>Ha van, ha nincs, n\u00e9h\u00e1ny tippet fogadj meg egy szak\u00e9rt\u0151t\u0151l \u00e9s ker\u00fclj a versenyt\u00e1rsak el\u00e9.<\/p>\n\n\n\n<figure class=\"wp-block-embed-wordpress wp-block-embed is-type-wp-embed is-provider-bizalmi-kor-blog\"><div class=\"wp-block-embed__wrapper\">\n<blockquote class=\"wp-embedded-content\" data-secret=\"jyFaSO76hh\"><a href=\"https:\/\/bizalmikor.hu\/blog\/2020\/04\/23\/5-tipp-a-sikeres-webshophoz-egy-szakertotol\/\">5 tipp a sikeres webshophoz egy szak\u00e9rt\u0151t\u0151l<\/a><\/blockquote><iframe class=\"wp-embedded-content\" sandbox=\"allow-scripts\" security=\"restricted\" style=\"position: absolute; clip: rect(1px, 1px, 1px, 1px);\" title=\"&#8220;5 tipp a sikeres webshophoz egy szak\u00e9rt\u0151t\u0151l&#8221; &#8212; Bizalmi K\u00f6r blog\" src=\"https:\/\/bizalmikor.hu\/blog\/2020\/04\/23\/5-tipp-a-sikeres-webshophoz-egy-szakertotol\/embed\/#?secret=1negOb6RAI#?secret=jyFaSO76hh\" data-secret=\"jyFaSO76hh\" width=\"500\" height=\"282\" frameborder=\"0\" marginwidth=\"0\" marginheight=\"0\" scrolling=\"no\"><\/iframe>\n<\/div><\/figure>\n\n\n\n<p><strong>3. Vizsg\u00e1ld meg az elektronikus fizet\u00e9s lehet\u0151s\u00e9g\u00e9t!<\/strong><\/p>\n\n\n\n<p>Vagy annak \u00faj form\u00e1j\u00e1t. Legjobb, ha minden lehets\u00e9ges m\u00f3dot biztos\u00edtasz v\u00e1s\u00e1rl\u00f3idnak.<\/p>\n\n\n\n<p>Tudtad, hogy QR-k\u00f3ddal is megoldhat\u00f3 a fizet\u00e9s?<\/p>\n\n\n\n<figure class=\"wp-block-embed-wordpress wp-block-embed is-type-wp-embed is-provider-bizalmi-kor-blog\"><div class=\"wp-block-embed__wrapper\">\n<blockquote class=\"wp-embedded-content\" data-secret=\"3guj6io0RV\"><a href=\"https:\/\/bizalmikor.hu\/blog\/2020\/05\/04\/vajon-miert-az-elektronikus-fizetesi-rendszereke-a-jovo\/\">Vajon mi\u00e9rt az elektronikus fizet\u00e9si rendszerek\u00e9 a j\u00f6v\u0151?<\/a><\/blockquote><iframe class=\"wp-embedded-content\" sandbox=\"allow-scripts\" security=\"restricted\" style=\"position: absolute; clip: rect(1px, 1px, 1px, 1px);\" title=\"&#8220;Vajon mi\u00e9rt az elektronikus fizet\u00e9si rendszerek\u00e9 a j\u00f6v\u0151?&#8221; &#8212; Bizalmi K\u00f6r blog\" src=\"https:\/\/bizalmikor.hu\/blog\/2020\/05\/04\/vajon-miert-az-elektronikus-fizetesi-rendszereke-a-jovo\/embed\/#?secret=GnXVySXKME#?secret=3guj6io0RV\" data-secret=\"3guj6io0RV\" width=\"500\" height=\"282\" frameborder=\"0\" marginwidth=\"0\" marginheight=\"0\" scrolling=\"no\"><\/iframe>\n<\/div><\/figure>\n\n\n\n<p><strong>4. N\u00e9zz ut\u00e1na az \u00faj finansz\u00edroz\u00e1si lehet\u0151s\u00e9geknek!<\/strong><\/p>\n\n\n\n<p>Agr\u00e1r Sz\u00e9chenyi K\u00e1rtya, munkahelymegtart\u00f3 munkab\u00e9r el\u0151leg hitel \u00e9s \u00faj beruh\u00e1z\u00e1si hitelkonstrukci\u00f3 \u00e9rkezik.<\/p>\n\n\n\n<figure class=\"wp-block-embed-wordpress wp-block-embed is-type-wp-embed is-provider-bizalmi-kor-blog\"><div class=\"wp-block-embed__wrapper\">\n<blockquote class=\"wp-embedded-content\" data-secret=\"KrA22PxAxK\"><a href=\"https:\/\/bizalmikor.hu\/blog\/2020\/05\/08\/igy-juthatsz-hozza-a-legjobb-hitelekhez\/\">\u00c9l\u00e9nk\u00fcl a gazdas\u00e1g: 0.1 &#8211; 0.5% k\u00f6z\u00f6tti kamatoz\u00e1s\u00fa hitelek \u00e9rkeznek!<\/a><\/blockquote><iframe class=\"wp-embedded-content\" sandbox=\"allow-scripts\" security=\"restricted\" style=\"position: absolute; clip: rect(1px, 1px, 1px, 1px);\" title=\"&#8220;\u00c9l\u00e9nk\u00fcl a gazdas\u00e1g: 0.1 &#8211; 0.5% k\u00f6z\u00f6tti kamatoz\u00e1s\u00fa hitelek \u00e9rkeznek!&#8221; &#8212; Bizalmi K\u00f6r blog\" src=\"https:\/\/bizalmikor.hu\/blog\/2020\/05\/08\/igy-juthatsz-hozza-a-legjobb-hitelekhez\/embed\/#?secret=tgEpmW6uPT#?secret=KrA22PxAxK\" data-secret=\"KrA22PxAxK\" width=\"500\" height=\"282\" frameborder=\"0\" marginwidth=\"0\" marginheight=\"0\" scrolling=\"no\"><\/iframe>\n<\/div><\/figure>\n\n\n\n<p><\/p>\n\n\n\n<p><strong>5. Gyere el a k\u00f6vetkez\u0151 Bizalmi K\u00f6r klubvacsor\u00e1ra!<\/strong><\/p>\n\n\n\n<p>B\u0151v\u00edtsd kapcsolati h\u00e1l\u00f3dat nagyszer\u0171 v\u00e1llalkoz\u00f3kkal, akik \u00e9rtik a tapasztalatmegoszt\u00e1sban rejl\u0151 \u00e9rt\u00e9ket.<\/p>\n\n\n\n<figure class=\"wp-block-embed-wordpress wp-block-embed is-type-wp-embed is-provider-bizalmi-kor-blog\"><div class=\"wp-block-embed__wrapper\">\n<blockquote class=\"wp-embedded-content\" data-secret=\"oTzKkr3zSO\"><a href=\"https:\/\/bizalmikor.hu\/blog\/2020\/05\/05\/milyen-belulrol-egy-bizalmi-kor-klubvacsora\/\">Milyen bel\u00fclr\u0151l egy Bizalmi K\u00f6r klubvacsora?<\/a><\/blockquote><iframe class=\"wp-embedded-content\" sandbox=\"allow-scripts\" security=\"restricted\" style=\"position: absolute; clip: rect(1px, 1px, 1px, 1px);\" title=\"&#8220;Milyen bel\u00fclr\u0151l egy Bizalmi K\u00f6r klubvacsora?&#8221; &#8212; Bizalmi K\u00f6r blog\" src=\"https:\/\/bizalmikor.hu\/blog\/2020\/05\/05\/milyen-belulrol-egy-bizalmi-kor-klubvacsora\/embed\/#?secret=pb6y9G32AD#?secret=oTzKkr3zSO\" data-secret=\"oTzKkr3zSO\" width=\"500\" height=\"282\" frameborder=\"0\" marginwidth=\"0\" marginheight=\"0\" scrolling=\"no\"><\/iframe>\n<\/div><\/figure>\n\n\n\n<p><strong>+1. SOS: Vegy\u00e9l r\u00e9szt a Trust Summiton m\u00e1jus 13-14-\u00e9n!<\/strong><\/p>\n\n\n\n<p>Ha m\u00e1r elkezd\u0151d\u00f6tt, akkor is regisztr\u00e1lj b\u00e1tran, k\u00f6zben is be tudsz csatlakozni.<\/p>\n\n\n\n<p>Remek konferenci\u00e1t \u00e1lmodtunk meg, tapasztalt c\u00e9gvezet\u0151 el\u0151ad\u00f3kkal, akik \u00e9rt\u00e9kes gondolatokat osztanak meg.<\/p>\n\n\n\n<p>Bizalmi K\u00f6r klubtagk\u00e9nt regisztr\u00e1lnod sem kell, de ha nem vagy klubtag, akkor is ingyenes a r\u00e9szv\u00e9tel, csak regisztr\u00e1ci\u00f3hoz k\u00f6t\u00f6tt.<\/p>\n\n\n\n<figure class=\"wp-block-embed-wordpress wp-block-embed is-type-wp-embed is-provider-bizalmi-kor-blog\"><div class=\"wp-block-embed__wrapper\">\n<blockquote class=\"wp-embedded-content\" data-secret=\"qdjF3D3C73\"><a href=\"https:\/\/bizalmikor.hu\/blog\/2020\/05\/07\/ezt-kell-tudnod-a-trust-summitrol\/\">Ezt kell tudnod a Trust Summitr\u00f3l<\/a><\/blockquote><iframe class=\"wp-embedded-content\" sandbox=\"allow-scripts\" security=\"restricted\" style=\"position: absolute; clip: rect(1px, 1px, 1px, 1px);\" title=\"&#8220;Ezt kell tudnod a Trust Summitr\u00f3l&#8221; &#8212; Bizalmi K\u00f6r blog\" src=\"https:\/\/bizalmikor.hu\/blog\/2020\/05\/07\/ezt-kell-tudnod-a-trust-summitrol\/embed\/#?secret=i5ARdmUquU#?secret=qdjF3D3C73\" data-secret=\"qdjF3D3C73\" width=\"500\" height=\"282\" frameborder=\"0\" marginwidth=\"0\" marginheight=\"0\" scrolling=\"no\"><\/iframe>\n<\/div><\/figure>\n\n\n\n<hr class=\"wp-block-separator is-style-wide\"\/>\n\n\n\n<h1 class=\"has-text-align-center wp-block-heading\">Szeretn\u00e9l megismerkedni klubtagjainkkal? K\u00e9rj egy megh\u00edv\u00f3t!<\/h1>\n\n\n\n<div class=\"wp-block-button aligncenter\"><a class=\"wp-block-button__link has-background\" href=\"https:\/\/bizalmikor.hu\/kapcsolat\/\" style=\"background-color:#14496b\" target=\"_blank\" rel=\"noreferrer noopener\"><strong>\u00c9rdekel a Bizalmi K\u00f6r klubtags\u00e1g<\/strong><\/a><\/div>\n\n\n\n<hr class=\"wp-block-separator is-style-wide\"\/>\n","protected":false},"excerpt":{"rendered":"<p>Itt van n\u00e9h\u00e1ny \u00fczleti tipp, hogy a m\u00e1jus v\u00e9gre beind\u00edtsa az \u00e9ved! Szak\u00e9rt\u0151k adnak most hasznos tan\u00e1csot, marketingb\u0151l \u00e9s webshop fejleszt\u00e9sb\u0151l, valamint p\u00e9nz\u00fcgyi lehet\u0151s\u00e9gekr\u0151l.<\/p>\n","protected":false},"author":1,"featured_media":2653,"comment_status":"closed","ping_status":"open","sticky":false,"template":"","format":"standard","meta":{"footnotes":""},"categories":[24,16],"tags":[],"yoast_head":"<!-- This site is optimized with the Yoast SEO plugin v15.4 - https:\/\/yoast.com\/wordpress\/plugins\/seo\/ -->\n<title>\u00cdgy p\u00f6rgesd fel a m\u00e1just<\/title>\n<meta name=\"description\" content=\"Itt van n\u00e9h\u00e1ny \u00fczleti tipp, hogy a m\u00e1jus v\u00e9gre beind\u00edtsa az \u00e9ved! Szak\u00e9rt\u0151k adnak most hasznos tan\u00e1csot, marketingb\u0151l \u00e9s webshop fejleszt\u00e9sb\u0151l, valamint p\u00e9nz\u00fcgyi lehet\u0151s\u00e9gekr\u0151l.\" \/>\n<meta name=\"robots\" content=\"index, follow, max-snippet:-1, max-image-preview:large, max-video-preview:-1\" \/>\n<link rel=\"canonical\" href=\"https:\/\/bizalmikor.hu\/blog\/2020\/05\/12\/igy-porgesd-fel-a-majust\/\" \/>\n<meta property=\"og:locale\" content=\"hu_HU\" \/>\n<meta property=\"og:type\" content=\"article\" \/>\n<meta property=\"og:title\" content=\"\u00cdgy p\u00f6rgesd fel a m\u00e1just\" \/>\n<meta property=\"og:description\" content=\"Itt van n\u00e9h\u00e1ny \u00fczleti tipp, hogy a m\u00e1jus v\u00e9gre beind\u00edtsa az \u00e9ved! Szak\u00e9rt\u0151k adnak most hasznos tan\u00e1csot, marketingb\u0151l \u00e9s webshop fejleszt\u00e9sb\u0151l, valamint p\u00e9nz\u00fcgyi lehet\u0151s\u00e9gekr\u0151l.\" \/>\n<meta property=\"og:url\" content=\"https:\/\/bizalmikor.hu\/blog\/2020\/05\/12\/igy-porgesd-fel-a-majust\/\" \/>\n<meta property=\"og:site_name\" content=\"Bizalmi K\u00f6r blog\" \/>\n<meta property=\"article:publisher\" content=\"https:\/\/www.facebook.com\/bizalmikor\" \/>\n<meta property=\"article:published_time\" content=\"2020-05-12T13:42:42+00:00\" \/>\n<meta property=\"article:modified_time\" content=\"2020-05-12T13:49:39+00:00\" \/>\n<meta property=\"og:image\" content=\"https:\/\/bizalmikor.hu\/blog\/wp-content\/uploads\/2020\/05\/Bor\u00edt\u00f3-5-1920x1080-1-1024x576.png\" \/>\n\t<meta property=\"og:image:width\" content=\"1024\" \/>\n\t<meta property=\"og:image:height\" content=\"576\" \/>\n<meta name=\"twitter:card\" content=\"summary_large_image\" \/>\n<meta name=\"twitter:label1\" content=\"Szerz\u0151:\">\n\t<meta name=\"twitter:data1\" content=\"Syabolcs\">\n\t<meta name=\"twitter:label2\" content=\"Becs\u00fclt olvas\u00e1si id\u0151\">\n\t<meta name=\"twitter:data2\" content=\"1 perc\">\n<script type=\"application\/ld+json\" class=\"yoast-schema-graph\">{\"@context\":\"https:\/\/schema.org\",\"@graph\":[{\"@type\":\"Organization\",\"@id\":\"https:\/\/bizalmikor.hu\/blog\/#organization\",\"name\":\"Bizalmi K\\u00f6r Kft.\",\"url\":\"https:\/\/bizalmikor.hu\/blog\/\",\"sameAs\":[\"https:\/\/www.facebook.com\/bizalmikor\",\"https:\/\/www.instagram.com\/bizalmikor\/\",\"https:\/\/www.linkedin.com\/company\/19165894\",\"https:\/\/www.youtube.com\/channel\/UC7fAD3QCIWeSexU5t6F3YOw?view_as=subscriber\"],\"logo\":{\"@type\":\"ImageObject\",\"@id\":\"https:\/\/bizalmikor.hu\/blog\/#logo\",\"inLanguage\":\"hu\",\"url\":\"https:\/\/bizalmikor.hu\/blog\/wp-content\/uploads\/2019\/02\/Group-2.png\",\"width\":4033,\"height\":1192,\"caption\":\"Bizalmi K\\u00f6r Kft.\"},\"image\":{\"@id\":\"https:\/\/bizalmikor.hu\/blog\/#logo\"}},{\"@type\":\"WebSite\",\"@id\":\"https:\/\/bizalmikor.hu\/blog\/#website\",\"url\":\"https:\/\/bizalmikor.hu\/blog\/\",\"name\":\"Bizalmi K\\u00f6r blog\",\"description\":\"Egynek minden neh\\u00e9z, soknak semmi sem lehetetlen.\",\"publisher\":{\"@id\":\"https:\/\/bizalmikor.hu\/blog\/#organization\"},\"potentialAction\":[{\"@type\":\"SearchAction\",\"target\":\"https:\/\/bizalmikor.hu\/blog\/?s={search_term_string}\",\"query-input\":\"required name=search_term_string\"}],\"inLanguage\":\"hu\"},{\"@type\":\"ImageObject\",\"@id\":\"https:\/\/bizalmikor.hu\/blog\/2020\/05\/12\/igy-porgesd-fel-a-majust\/#primaryimage\",\"inLanguage\":\"hu\",\"url\":\"https:\/\/bizalmikor.hu\/blog\/wp-content\/uploads\/2020\/05\/Bor\\u00edt\\u00f3-5-1920x1080-1.png\",\"width\":1920,\"height\":1080},{\"@type\":\"WebPage\",\"@id\":\"https:\/\/bizalmikor.hu\/blog\/2020\/05\/12\/igy-porgesd-fel-a-majust\/#webpage\",\"url\":\"https:\/\/bizalmikor.hu\/blog\/2020\/05\/12\/igy-porgesd-fel-a-majust\/\",\"name\":\"\\u00cdgy p\\u00f6rgesd fel a m\\u00e1just\",\"isPartOf\":{\"@id\":\"https:\/\/bizalmikor.hu\/blog\/#website\"},\"primaryImageOfPage\":{\"@id\":\"https:\/\/bizalmikor.hu\/blog\/2020\/05\/12\/igy-porgesd-fel-a-majust\/#primaryimage\"},\"datePublished\":\"2020-05-12T13:42:42+00:00\",\"dateModified\":\"2020-05-12T13:49:39+00:00\",\"description\":\"Itt van n\\u00e9h\\u00e1ny \\u00fczleti tipp, hogy a m\\u00e1jus v\\u00e9gre beind\\u00edtsa az \\u00e9ved! Szak\\u00e9rt\\u0151k adnak most hasznos tan\\u00e1csot, marketingb\\u0151l \\u00e9s webshop fejleszt\\u00e9sb\\u0151l, valamint p\\u00e9nz\\u00fcgyi lehet\\u0151s\\u00e9gekr\\u0151l.\",\"inLanguage\":\"hu\",\"potentialAction\":[{\"@type\":\"ReadAction\",\"target\":[\"https:\/\/bizalmikor.hu\/blog\/2020\/05\/12\/igy-porgesd-fel-a-majust\/\"]}]},{\"@type\":\"Article\",\"@id\":\"https:\/\/bizalmikor.hu\/blog\/2020\/05\/12\/igy-porgesd-fel-a-majust\/#article\",\"isPartOf\":{\"@id\":\"https:\/\/bizalmikor.hu\/blog\/2020\/05\/12\/igy-porgesd-fel-a-majust\/#webpage\"},\"author\":{\"@id\":\"https:\/\/bizalmikor.hu\/blog\/#\/schema\/person\/859f22708daa3d571ea76934a3e7f8f0\"},\"headline\":\"\\u00cdgy p\\u00f6rgesd fel a m\\u00e1just\",\"datePublished\":\"2020-05-12T13:42:42+00:00\",\"dateModified\":\"2020-05-12T13:49:39+00:00\",\"mainEntityOfPage\":{\"@id\":\"https:\/\/bizalmikor.hu\/blog\/2020\/05\/12\/igy-porgesd-fel-a-majust\/#webpage\"},\"publisher\":{\"@id\":\"https:\/\/bizalmikor.hu\/blog\/#organization\"},\"image\":{\"@id\":\"https:\/\/bizalmikor.hu\/blog\/2020\/05\/12\/igy-porgesd-fel-a-majust\/#primaryimage\"},\"articleSection\":\"\\u00dczleti \\u00e9rdekess\\u00e9gek,V\\u00e1llalkoz\\u00e1s\",\"inLanguage\":\"hu\"},{\"@type\":\"Person\",\"@id\":\"https:\/\/bizalmikor.hu\/blog\/#\/schema\/person\/859f22708daa3d571ea76934a3e7f8f0\",\"name\":\"Syabolcs\",\"image\":{\"@type\":\"ImageObject\",\"@id\":\"https:\/\/bizalmikor.hu\/blog\/#personlogo\",\"inLanguage\":\"hu\",\"url\":\"https:\/\/secure.gravatar.com\/avatar\/f4ca85b32c6aadd02a1bf459cf6a2cc7?s=96&d=mm&r=g\",\"caption\":\"Syabolcs\"}}]}<\/script>\n<!-- \/ Yoast SEO plugin. -->","_links":{"self":[{"href":"https:\/\/bizalmikor.hu\/blog\/wp-json\/wp\/v2\/posts\/2633"}],"collection":[{"href":"https:\/\/bizalmikor.hu\/blog\/wp-json\/wp\/v2\/posts"}],"about":[{"href":"https:\/\/bizalmikor.hu\/blog\/wp-json\/wp\/v2\/types\/post"}],"author":[{"embeddable":true,"href":"https:\/\/bizalmikor.hu\/blog\/wp-json\/wp\/v2\/users\/1"}],"replies":[{"embeddable":true,"href":"https:\/\/bizalmikor.hu\/blog\/wp-json\/wp\/v2\/comments?post=2633"}],"version-history":[{"count":9,"href":"https:\/\/bizalmikor.hu\/blog\/wp-json\/wp\/v2\/posts\/2633\/revisions"}],"predecessor-version":[{"id":3049,"href":"https:\/\/bizalmikor.hu\/blog\/wp-json\/wp\/v2\/posts\/2633\/revisions\/3049"}],"wp:featuredmedia":[{"embeddable":true,"href":"https:\/\/bizalmikor.hu\/blog\/wp-json\/wp\/v2\/media\/2653"}],"wp:attachment":[{"href":"https:\/\/bizalmikor.hu\/blog\/wp-json\/wp\/v2\/media?parent=2633"}],"wp:term":[{"taxonomy":"category","embeddable":true,"href":"https:\/\/bizalmikor.hu\/blog\/wp-json\/wp\/v2\/categories?post=2633"},{"taxonomy":"post_tag","embeddable":true,"href":"https:\/\/bizalmikor.hu\/blog\/wp-json\/wp\/v2\/tags?post=2633"}],"curies":[{"name":"wp","href":"https:\/\/api.w.org\/{rel}","templated":true}]}}