{"id":2991,"date":"2020-05-25T11:52:11","date_gmt":"2020-05-25T11:52:11","guid":{"rendered":"https:\/\/bizalmikor.hu\/blog\/?p=2991"},"modified":"2020-05-26T11:36:39","modified_gmt":"2020-05-26T11:36:39","slug":"a-koronavirus-pozitivuma-sosem-volt-meg-ennyire-hatekony-a-tarsadalmi-egyeztetes","status":"publish","type":"post","link":"https:\/\/bizalmikor.hu\/blog\/2020\/05\/25\/a-koronavirus-pozitivuma-sosem-volt-meg-ennyire-hatekony-a-tarsadalmi-egyeztetes\/","title":{"rendered":"A koronav\u00edrus pozit\u00edvuma: sosem volt m\u00e9g ennyire hat\u00e9kony a t\u00e1rsadalmi egyeztet\u00e9s!"},"content":{"rendered":"\n<h1 class=\"wp-block-heading\"><strong>\u00daj, v\u00e1ls\u00e1g-kompatibilis p\u00e1ly\u00e1zatok ker\u00fcltek ki\u00edr\u00e1sra<\/strong><\/h1>\n\n\n\n<p><strong>Egy \u00fagynevezett t\u00fck\u00f6rp\u00e1ly\u00e1zat ki\u00edr\u00e1s\u00e1nak aprop\u00f3j\u00e1n besz\u00e9lgett\u00fcnk F\u00e1bi\u00e1n-Seremetyev M\u00e1rkkal p\u00e1ly\u00e1zati felt\u00e9telekr\u0151l, a p\u00e1ly\u00e1zatok \u201e\u00faj gener\u00e1ci\u00f3j\u00e1r\u00f3l\u201d \u00e9s az elm\u00falt \u00e9vek p\u00e1ly\u00e1zati rendszer\u00e9r\u0151l illetve ennek a rendszernek jelen helyzetben val\u00f3 \u00e1tmeneti m\u00f3dosul\u00e1s\u00e1r\u00f3l.<\/strong><\/p>\n\n\n\n<p>\u00d6r\u00f6m az \u00fcr\u00f6mben az idei v\u00e1ratlanul neh\u00e9z \u00e9vkezd\u00e9s ut\u00e1n, hogy olyan p\u00e1ly\u00e1zatok v\u00e1ltak el\u00e9rhet\u0151v\u00e9 v\u00e1llalkoz\u00f3k sz\u00e1m\u00e1ra, amilyenekre r\u00e9g volt p\u00e9lda. A t\u00fck\u00f6rp\u00e1ly\u00e1zat, amit alaposan k\u00f6rbej\u00e1rtunk M\u00e1rkkal <a href=\"https:\/\/www.facebook.com\/bizalmikor\/videos\/2854000481493744\/\">az \u00e9l\u0151 ad\u00e1sban<\/a>, a gazdas\u00e1g\u00e9l\u00e9nk\u00edt\u0151 program r\u00e9szek\u00e9nt, unik\u00e1lis m\u00f3don, rendk\u00edv\u00fcl gyors \u00e9s hat\u00e9kony t\u00e1rsadalmi egyeztet\u00e9s ut\u00e1n ker\u00fclt m\u00f3dos\u00edt\u00e1sra majd ki\u00edr\u00e1sra v\u00e9gleges form\u00e1j\u00e1ban. Ez a p\u00e1ly\u00e1zat a budapesti v\u00e1llalkoz\u00f3knak is kedvez, ami szint\u00e9n \u00f6r\u00f6mteli \u00fajdons\u00e1g, mivel f\u0151v\u00e1rosi c\u00e9gek j\u00f3 ideje nem tudtak r\u00e9szt venni eszk\u00f6zbeszerz\u00e9si p\u00e1ly\u00e1zatokon. L\u00e1ssuk teh\u00e1t, mir\u0151l is van sz\u00f3!&nbsp;<\/p>\n\n\n\n<p>A Vekop 1.2.6 \u00e9s a Ginop 1.2.8 p\u00e1ly\u00e1zatok ki\u00edr\u00e1sa tartja l\u00e1zban a p\u00e1ly\u00e1zat\u00edr\u00f3 c\u00e9geket az elm\u00falt hetekben. A Vekop 1.2.6-ra a budapesti, illetve Pest megyei v\u00e1llalkoz\u00e1sok ny\u00fajthatj\u00e1k be p\u00e1ly\u00e1zatukat, m\u00edg a Ginop 1.2.8-ra a vid\u00e9kiek. <strong>A k\u00e9t p\u00e1ly\u00e1zat teljesen k\u00fcl\u00f6n keret\u00f6sszegb\u0151l, azonban azonos felt\u00e9telrendszerrel dolgozik.<\/strong> A f\u0151v\u00e1rosi p\u00e1ly\u00e1z\u00f3k sz\u00e1m\u00e1ra k\u00f6r\u00fclbel\u00fcl 16 milli\u00e1rd, m\u00edg a vid\u00e9ki c\u00e9geknek k\u00f6r\u00fclbel\u00fcl 32 milli\u00e1rd forintnyi \u00f6sszeget k\u00fcl\u00f6n\u00edtettek el.&nbsp;<\/p>\n\n\n\n<p>Ahogy eml\u00edtett\u00fck, ilyen gyors reag\u00e1l\u00e1sra r\u00e9gen volt p\u00e9lda. A tervezet \u00e1prilis elej\u00e9n j\u00f6tt ki, most m\u00e1jus k\u00f6zep\u00e9n m\u00e1r a v\u00e9gleges felh\u00edv\u00e1sr\u00f3l besz\u00e9lget\u00fcnk \u00e9s a p\u00e1ly\u00e1zatok minden jel szerint m\u00e1jus v\u00e9g\u00e9n m\u00e1r beadhat\u00f3ak lesznek.<\/p>\n\n\n\n<blockquote class=\"wp-block-quote is-layout-flow wp-block-quote-is-layout-flow\"><p> <strong>A p\u00e1ly\u00e1zat egyik k\u00f6zponti c\u00e9lja a mihamarabbi elb\u00edr\u00e1l\u00e1s<\/strong>. Pontos inform\u00e1ci\u00f3ink nincsenek, de mivel viszonylag hamar lez\u00e1r\u00e1sra ker\u00fcl majd a p\u00e1ly\u00e1zat, hamar elkezd\u0151dhet a b\u00edr\u00e1lati id\u0151szak is, ami feltehet\u0151en 60-90 napos id\u0151tartamban hat\u00e1rozhat\u00f3 meg M\u00e1rk tippje (!) szerint.<\/p><\/blockquote>\n\n\n\n<p>Az sem v\u00e9letlen, hogy a felt\u00e9telezett 70%-os p\u00e1ly\u00e1zati intenzit\u00e1sn\u00e1l az elnyert keret\u00f6sszeg 100%-\u00e1t el\u0151re le lehet \u00edrni. A v\u00e1llalkoz\u00e1soknak val\u00f3 hat\u00e9kony seg\u00edts\u00e9gny\u00fajt\u00e1s sz\u00e1nd\u00e9ka teh\u00e1t egy\u00e9rtelm\u0171en l\u00e1tszik.&nbsp; <strong>18 h\u00f3nap \u00e1ll a nyertesek rendelkez\u00e9s\u00e9re, hogy p\u00e1ly\u00e1zatukat megval\u00f3s\u00edts\u00e1k<\/strong>.<\/p>\n\n\n\n<p><strong>Eszk\u00f6zbeszerz\u00e9s f\u00f3kusz\u00fa ki\u00edr\u00e1sokr\u00f3l besz\u00e9l\u00fcnk, emiatt t\u00f6bb mint val\u00f3sz\u00edn\u0171, hogy igen n\u00e9pszer\u0171ek lesznek a v\u00e1llalkoz\u00f3k k\u00f6r\u00e9ben.<\/strong> V\u00e1rhat\u00f3an m\u00e1jus 29-\u00e9n indul \u00e9s \u0151szig tart majd a p\u00e1ly\u00e1zati id\u0151szak, de F\u00e1bi\u00e1n-Seremetyev M\u00e1rk azt tan\u00e1csolja a c\u00e9geknek, miut\u00e1n alaposan tanulm\u00e1nyozt\u00e1k a felt\u00e9telrendszert, adj\u00e1k be mihamarabb p\u00e1ly\u00e1zati anyagukat, mivel a nagy n\u00e9pszer\u0171s\u00e9gre val\u00f3 tekintettel a megadott keret\u00f6sszegek hamar kimer\u00fclhetnek. <\/p>\n\n\n\n<blockquote class=\"wp-block-quote is-layout-flow wp-block-quote-is-layout-flow\"><p><strong>Igaz\u00e1n vonz\u00f3v\u00e1 az teszi jelen lehet\u0151s\u00e9get, hogy amennyiben a p\u00e1ly\u00e1z\u00f3 c\u00e9g megfelel a felt\u00e9telrendszernek, \u00fagy a p\u00e1ly\u00e1zaton elnyert \u00f6sszeg vissza nem t\u00e9r\u00edtend\u0151 t\u00e1mogat\u00e1ss\u00e1 v\u00e1lhat.<\/strong><\/p><\/blockquote>\n\n\n\n<figure class=\"wp-block-embed-youtube aligncenter wp-block-embed is-type-video is-provider-youtube wp-embed-aspect-16-9 wp-has-aspect-ratio\"><div class=\"wp-block-embed__wrapper\">\n<iframe loading=\"lazy\" title=\"P\u00e1ly\u00e1zati lehet\u0151s\u00e9gek 2020 F\u00e1bi\u00e1n-Seremetyev M\u00e1rk - Asesor Consulting 2020.05.18\" width=\"500\" height=\"281\" src=\"https:\/\/www.youtube.com\/embed\/ChVSfkmHeAs?feature=oembed\" frameborder=\"0\" allow=\"accelerometer; autoplay; clipboard-write; encrypted-media; gyroscope; picture-in-picture; web-share\" referrerpolicy=\"strict-origin-when-cross-origin\" allowfullscreen><\/iframe>\n<\/div><figcaption>A besz\u00e9lget\u00e9st megtal\u00e1lod YouTube csatorn\u00e1nkon is.<\/figcaption><\/figure>\n\n\n\n<p>De mik is ezek a felt\u00e9telek, illetve mit fontos tudni a p\u00e1ly\u00e1zatokr\u00f3l? Pontokba foglaltuk mindezt a k\u00f6nnyebb \u00e1ttekinthet\u0151s\u00e9g kedv\u00e9\u00e9rt!<\/p>\n\n\n\n<h2 class=\"wp-block-heading\"><strong>Felt\u00e9telek<\/strong><\/h2>\n\n\n\n<ul><li><strong>A 2020 \u00e1prilis\u00e1t alapul vev\u0151 statisztikai l\u00e9tsz\u00e1m minimuma 5 f\u0151!<\/strong> Teh\u00e1t az 5 f\u0151t\u0151l indul\u00f3 KKV-k tudnak p\u00e1ly\u00e1zni. A statisztikai l\u00e9tsz\u00e1m fels\u0151 hat\u00e1ra jelen p\u00e1ly\u00e1zatok eset\u00e9ben 249 f\u0151. Az \u00e1prilis h\u00f3napban a statisztikai l\u00e9tsz\u00e1mba beker\u00fclt munkav\u00e1llal\u00f3k sz\u00e1ma meghat\u00e1rozza a p\u00e1ly\u00e1zaton elnyerhet\u0151 t\u00e1mogat\u00e1s \u00f6sszeg\u00e9t, mely 5 \u2013 153 milli\u00f3 forintig terjedhet.<\/li><\/ul>\n\n\n\n<ul><li><strong>A p\u00e1ly\u00e1z\u00f3 c\u00e9gnek minimum egy lez\u00e1rt \u00fczleti \u00e9ve kell legyen<\/strong>. Jelen p\u00e1ly\u00e1zat eset\u00e9ben ann\u00e1l t\u00f6bb es\u00e9lye van egy v\u00e1llalkoz\u00e1snak, min\u00e9l r\u00e9gebb \u00f3ta m\u0171k\u00f6dik. Min\u00e9l t\u00f6bb lez\u00e1rt \u2013 \u00e9s j\u00f3 eredm\u00e9nnyel z\u00e1rt \u2013 \u00fczleti \u00e9ve van adott c\u00e9gnek, ann\u00e1l t\u00f6bb pontot \u00e9rhet el az elb\u00edr\u00e1l\u00e1s sor\u00e1n. (<em>Teh\u00e1t egy most indul\u00f3 start up-nak sajnos nem kedvez ez a lehet\u0151s\u00e9g.<\/em>)<ul><li>Lez\u00e1rt \u00fczleti \u00e9vnek tekinthet\u0151 a 2019-es \u00e9v is, amennyiben a p\u00e1ly\u00e1z\u00f3 c\u00e9g m\u00e1jus 31-ig elk\u00e9sz\u00edti besz\u00e1mol\u00f3j\u00e1t. Ugyanakkor lehet\u0151s\u00e9g van a besz\u00e1mol\u00f3k elk\u00e9sz\u00edt\u00e9s\u00e9nek szeptemberig val\u00f3 kitol\u00e1s\u00e1ra, valamint arra is, hogy a 2018-as adatokkal p\u00e1ly\u00e1zhasson az, akinek az az \u00fczleti \u00e9ve sikeresebben z\u00e1rult.<\/li><\/ul><\/li><\/ul>\n\n\n\n<h2 class=\"wp-block-heading\"><strong>Pontoz\u00e1si rendszer<\/strong><\/h2>\n\n\n\n<ul><li><strong>A p\u00e1ly\u00e1zathoz \u00e1tl\u00e1that\u00f3 \u2013 egzakt sz\u00e1mokkal dolgoz\u00f3 \u2013 pontoz\u00e1si \u00fatmutat\u00f3 tartozik,<\/strong> mely a k\u00f6vetkez\u0151ket veszi figyelembe<ul><li>foglalkoztatotti l\u00e9tsz\u00e1m<\/li><li>\u00e1rbev\u00e9tel<\/li><li>befektetett eszk\u00f6z\u00f6kre sz\u00e1nt \u00f6sszeg(ek) m\u00e9rt\u00e9ke<\/li><\/ul><\/li><li><strong>25 pontot sz\u00fcks\u00e9ges el\u00e9rni ahhoz, hogy indulhassunk a p\u00e1ly\u00e1zaton. <\/strong>A maxim\u00e1lisan el\u00e9rhet\u0151 pontsz\u00e1m, pedig 50 pont.<\/li><li><strong>Az \u00fatmutat\u00f3t \u00e9rdemes k\u00f6nyvel\u0151 seg\u00edts\u00e9g\u00e9vel ellen\u0151rizni, de a ki\u00edr\u00e1sn\u00e1l arra t\u00f6rekedtek, hogy egyed\u00fcl is \u00e9rtelmezhet\u0151 legyen. Mindenk\u00e9pp fontos az alapos tanulm\u00e1nyoz\u00e1sa!<\/strong> M\u00e1rk hozz\u00e1teszi, saj\u00e1t \u00fcgyf\u00e9lk\u00f6r\u00e9nek 80-90%-a beadhatja a p\u00e1ly\u00e1zatot, ezzel is al\u00e1t\u00e1masztva kiindul\u00e1si pontunkat: ez a lehet\u0151s\u00e9g sok v\u00e1llalkoz\u00e1s sz\u00e1m\u00e1ra el\u00e9rhet\u0151!<\/li><li>NEM automatikus elb\u00edr\u00e1l\u00e1s\u00fa p\u00e1ly\u00e1zatr\u00f3l besz\u00e9l\u00fcnk. Ahogy kor\u00e1bban eml\u00edtett\u00fck, a nagy n\u00e9pszer\u0171s\u00e9gre val\u00f3 tekintettel v\u00e1rhat\u00f3, hogy a p\u00e1ly\u00e1zati id\u0151szak hamarabb lez\u00e1r\u00e1sra ker\u00fclhet. A be\u00e9rkez\u0151 anyagokat folyamatosan monitorozz\u00e1k, \u00e9s amikor a beadott p\u00e1ly\u00e1zatok el\u00e9rik a keret\u00f6sszeg 150-200%-\u00e1t, a p\u00e1ly\u00e1zatot lez\u00e1rj\u00e1k. Innen indul <strong>a b\u00edr\u00e1lati folyamat, amelyben a min\u00e9l magasabb pontsz\u00e1mot el\u00e9r\u0151 c\u00e9gek \u00e9lveznek priorit\u00e1st.<\/strong><\/li><\/ul>\n\n\n\n<h2 class=\"wp-block-heading\"><strong>Kontrollpontok<\/strong><\/h2>\n\n\n\n<p>Amennyiben ezeknek megfelel a nyertes c\u00e9g, \u00fagy a t\u00e1mogat\u00e1st 70%-nyi intenzit\u00e1ssal megkaphatj\u00e1k.<\/p>\n\n\n\n<ul><li><strong>A p\u00e1ly\u00e1zatba k\u00e9t kontrollpontot \u00e9p\u00edtettek be.<\/strong> Ezek egyike a fizikai befejez\u00e9s id\u0151pontj\u00e1ban tartott kontroll, a m\u00e1sik pedig a sikeres p\u00e1ly\u00e1z\u00e1st k\u00f6vet\u0151 els\u0151 \u00fczleti \u00e9v v\u00e9g\u00e9n beiktatott.<\/li><li>Vizsg\u00e1lj\u00e1k tov\u00e1bb\u00e1, hogy adott v\u00e1llalkoz\u00e1s megtartotta-e a statisztikai l\u00e9tsz\u00e1mot, azaz nem cs\u00f6kkent mondjuk 90%-al a foglalkoztatotti l\u00e9tsz\u00e1m.&nbsp;<\/li><li><strong>Figyelembe veszik az elb\u00edr\u00e1l\u00e1s sor\u00e1n, hogy a c\u00e9g el\u00e9rt-e plusz eredm\u00e9nyt az \u00fczleti \u00e9v alatt.<\/strong><\/li><li>Tov\u00e1bb\u00e1 szempontk\u00e9nt ker\u00fclt meghat\u00e1roz\u00e1sra a k\u00f6zrem\u0171k\u00f6d\u0151 szervezettel folytatott g\u00f6rd\u00fcl\u00e9keny kommunik\u00e1ci\u00f3 is, azaz p\u00e9ld\u00e1ul a sz\u00fcks\u00e9ges m\u00f3dos\u00edt\u00e1sok sz\u00e1ma (lehet\u0151leg min\u00e9l alacsonyabb).<\/li><\/ul>\n\n\n\n<p>Arra, hogy mit \u00e9rt\u00fcnk pontosan eszk\u00f6zbeszerz\u00e9si p\u00e1ly\u00e1zat alatt, F\u00e1bi\u00e1n-Seremetyev M\u00e1rk a k\u00f6vetkez\u0151 v\u00e1laszt adja:<\/p>\n\n\n\n<p>\u201e<em>\u00d6sszetett k\u00e9rd\u00e9s, mivel a p\u00e1ly\u00e1zaton elsz\u00e1molhat\u00f3 k\u00f6lts\u00e9gek el\u00e9g sz\u00e9les sk\u00e1l\u00e1n futnak. R\u00e9szben <\/em><strong><em>kifejezetten prefer\u00e1lt a gy\u00e1rt\u00e1shoz, termel\u00e9si folyamatokhoz, \u00fajfajta technol\u00f3giai folyamatokhoz haszn\u00e1lt eszk\u00f6z\u00f6k beszerz\u00e9se<\/em><\/strong><em>. Fix pont, hogy az ilyen t\u00edpus\u00fa eszk\u00f6z\u00f6kre sz\u00e1nt kiad\u00e1soknak a keret\u00f6sszeg 20%-\u00e1t el kell \u00e9rnie. Ezen fel\u00fcl a p\u00e1ly\u00e1zati \u00f6sszeg 50%-\u00e1t szoftver \u00e9s hardver v\u00e1s\u00e1rl\u00e1sra is ford\u00edthatj\u00e1k a v\u00e1llalkoz\u00e1sok.<\/em><\/p>\n\n\n\n<p><strong><em>De elsz\u00e1molhat\u00f3 irodab\u00e9rleti d\u00edj, rezsi k\u00f6lts\u00e9g vagy energetikai korszer\u0171s\u00edt\u00e9s, azaz napelem telep\u00edt\u00e9se is.<\/em><\/strong><em> Ezek \u00e9rt\u00e9ke szint\u00e9n a p\u00e1ly\u00e1zati \u00f6sszeg 50%-ig terjedhet. K\u00fcl\u00f6nb\u00f6z\u0151 k\u00e9pz\u00e9seket is be\u00e9p\u00edthetnek m\u00e9g a p\u00e1ly\u00e1z\u00f3k, vagyis t\u00e9nyleg sz\u00e1mos felhaszn\u00e1l\u00e1si m\u00f3dja van ennek a lehet\u0151s\u00e9gnek!<\/em>\u201d<\/p>\n\n\n\n<h2 class=\"wp-block-heading\"><strong>Egy\u00e9b p\u00e1ly\u00e1zatok, amiket \u00e9rdemes figyelni<\/strong><\/h2>\n\n\n\n<p>Jelenleg az <strong>energetikai p\u00e1ly\u00e1zat<\/strong> a m\u00e1sik nagy favorit, amit \u00e9rdemes figyelemmel k\u00eds\u00e9rni! Ez egy r\u00e9szben vagy eg\u00e9szben, de <strong>kifejezetten napelemes rendszerek elhelyez\u00e9s\u00e9re, energetikai korszer\u0171s\u00edt\u00e9sre ki\u00edrt lehet\u0151s\u00e9g<\/strong>, mely azonban kiz\u00e1r\u00f3lag Pest megy\u00e9n k\u00edv\u00fcli v\u00e1llalkoz\u00e1sok sz\u00e1m\u00e1ra el\u00e9rhet\u0151 <strong>55%-os t\u00e1mogat\u00e1si intenzit\u00e1ssal<\/strong>. \u00c1prilisban felf\u00fcggeszt\u00e9sre ker\u00fclt, de n\u00e9pszer\u0171s\u00e9ge miatt m\u00e1jus elej\u00e9n megnyitott\u00e1k \u00e9s v\u00e1rhat\u00f3an j\u00fanius v\u00e9g\u00e9ig nyitva lesz. Aki teh\u00e1t <strong>Pest megy\u00e9n k\u00edv\u00fcli megval\u00f3s\u00edt\u00e1si helysz\u00ednen m\u0171k\u00f6dik gy\u00e1rt\u00f3\/termel\u0151 c\u00e9gk\u00e9nt, azaz van relev\u00e1ns energiafelhaszn\u00e1l\u00e1sa adott telephelyen<\/strong> \u00e9s gondolkodik meg\u00fajul\u00f3 energiaforr\u00e1s hasznos\u00edt\u00e1s\u00e1ban \u00e9s\/vagy komplex energetikai fejleszt\u00e9sben, annak ez a p\u00e1ly\u00e1zat nagyon kedvez\u0151 lehet! A p\u00e1ly\u00e1zat seg\u00edts\u00e9g\u00e9vel egy napelemes rendszer felszereltet\u00e9se 8 helyett 4 \u00e9v alatt megt\u00e9r\u00fcl.<\/p>\n\n\n\n<p><strong>A kutat\u00e1sfejleszt\u00e9ssel kapcsolatos p\u00e1ly\u00e1zatok egyel\u0151re tervezeti szinten vannak.<\/strong> L\u00e9tezik egy kisebb keret\u00f6sszeggel oper\u00e1l\u00f3 (10-20 milli\u00f3 forint), vissza nem t\u00e9r\u00edtend\u0151 verzi\u00f3 \u00e9s egy piacra jut\u00e1ssal kapcsolatos, kutat\u00e1sfejleszt\u00e9si p\u00e1ly\u00e1zat, ami 100 milli\u00f3 forintt\u00f3l indul. <strong>Elk\u00e9pzelhet\u0151, hogy az eszk\u00f6zbeszerz\u00e9si p\u00e1ly\u00e1zatok lefut\u00e1sa ut\u00e1n ezek is megny\u00edlnak majd.&nbsp;<\/strong><\/p>\n\n\n\n<p><strong>A k\u00fcl\u00f6nb\u00f6z\u0151 visszat\u00e9r\u00edtend\u0151, kedvezm\u00e9nyes kamatoz\u00e1s\u00fa hiteleket is itt eml\u00edten\u00e9nk meg.<\/strong> Az NHP, NHP Hajr\u00e1, olyan 0%-os vagy k\u00f6zel 0%-os konstrukci\u00f3k, amik szint\u00e9n azt a c\u00e9lt szolg\u00e1lj\u00e1k, hogy p\u00e9nzt pump\u00e1ljanak a gazdas\u00e1gba. Ezek mellett a b\u00e9rt\u00e1mogat\u00e1sos p\u00e1ly\u00e1zati ki\u00edr\u00e1sokat a <em>munka.hu<\/em> oldalon lehet el\u00e9rni, itt is fontos a ki\u00edr\u00e1sok pontos tanulm\u00e1nyoz\u00e1sa! <strong>A b\u00e9rt\u00e1mogat\u00e1s a mikrov\u00e1llalkoz\u00e1sok sz\u00e1m\u00e1ra igyekszik megold\u00e1st k\u00edn\u00e1lni.<\/strong>&nbsp;<\/p>\n\n\n\n<p><strong>Az elm\u00falt \u00e9vekben a p\u00e1ly\u00e1zati rendszer jelent\u0151sen v\u00e1ltozott abb\u00f3l a szempontb\u00f3l, hogy a vissza nem t\u00e9rt\u00edtend\u0151t\u0151l a visszat\u00e9r\u00edtend\u0151 p\u00e1ly\u00e1zatok fel\u00e9 mozdultunk el. <\/strong>Az elk\u00f6vetkez\u0151 id\u0151szakban azonban v\u00e1rhat\u00f3an t\u00f6bb olyan p\u00e1ly\u00e1zat ny\u00edlik majd, amelyek a gazdas\u00e1g \u00e9l\u00e9nk\u00edt\u00e9s\u00e9t k\u00edv\u00e1nj\u00e1k szolg\u00e1lni, azaz \u00fajra a vissza nem t\u00e9r\u00edtend\u0151 p\u00e1ly\u00e1zatok\u00e9 lesz a terep. Id\u0151legesen legal\u00e1bbis.&nbsp;<\/p>\n\n\n\n<p><strong>A koronav\u00edrus gyakorlatilag mindent fel\u00fcl\u00edrt. Az \u00e9v els\u0151 h\u00f3napjaiban m\u00e9g senki nem gondolta volna, hogy Budapesten 70%-os t\u00e1mogat\u00e1si intenzit\u00e1s\u00fa p\u00e1ly\u00e1zat jelenik majd meg.<\/strong> Az is j\u00f3l l\u00e1that\u00f3, hogy ar\u00e1nylag magas t\u00e1mogat\u00e1si intenzit\u00e1s\u00fa (\u201e<em>T\u00e1mogat\u00e1si intenzit\u00e1s alatt azt \u00e9rtj\u00fck, hogy egy adott p\u00e1ly\u00e1zat eset\u00e9n a megval\u00f3s\u00edtand\u00f3 projekt h\u00e1ny sz\u00e1zal\u00e9k\u00e1t fedezi az elnyert t\u00e1mogat\u00e1s. 10 milli\u00f3 forint \u00e9rt\u00e9k\u0171 fejleszt\u00e9s eset\u00e9n 60%-os t\u00e1mogat\u00e1si intenzit\u00e1s teh\u00e1t 6 milli\u00f3 forint t\u00e1mogat\u00e1si p\u00e9nzt jelent.\u201d \u2013 nyirpalyazat.hu\/p\u00e1ly\u00e1zati kisokos)<\/em> ki\u00edr\u00e1sokkal tal\u00e1lkozhatunk. Ebben az \u00e9vben v\u00e1rhat\u00f3an ilyen \u00e9s hasonl\u00f3 p\u00e1ly\u00e1zatok \u00e9rkeznek majd, \u00e9s ha a nagyobb k\u00e9pet n\u00e9zz\u00fck, a k\u00f6vetkez\u0151 \u00e9vekben is erre a tendenci\u00e1ra sz\u00e1m\u00edthatunk. <strong>A visszat\u00e9r\u00edtend\u0151 \u00e9s\/vagy a magasabb \u00f6ner\u0151t ig\u00e9nyl\u0151 p\u00e1ly\u00e1zatokhoz majd csak akkor t\u00e9rhet\u00fcnk vissza, amikor a koronav\u00edrus okozta gazdas\u00e1gi probl\u00e9m\u00e1k kezel\u00e9se al\u00e1bbhagy.<\/strong> Addig is figyelj\u00e9tek a ki\u00edr\u00e1sokat, mert \u00f6sszess\u00e9g\u00e9ben azt mondhatjuk, napr\u00f3l-napra jelennek meg \u00faj lehet\u0151s\u00e9gek. K\u00eds\u00e9rj\u00e9tek figyelemmel ezeket, hogy megtal\u00e1lhass\u00e1tok a sz\u00e1motokra legmegfelel\u0151bbet! <a href=\"https:\/\/drive.google.com\/file\/d\/1YuXRZ9hWXYt9eMnlQi4yQj--lHtRMzN7\/view\"><strong>Itt l\u00e1thatj\u00e1tok<\/strong><\/a><strong> a M\u00e1rk \u00e1ltal \u00f6ssze\u00e1ll\u00edtott kiaj\u00e1nl\u00f3t, amit szint\u00e9n \u00e9rdemes lehet \u00e1tb\u00f6ng\u00e9szni!<\/strong><\/p>\n\n\n\n<hr class=\"wp-block-separator is-style-wide\"\/>\n\n\n\n<h1 class=\"has-text-align-center wp-block-heading\">Szeretn\u00e9l megismerkedni klubtagjainkkal? K\u00e9rj egy megh\u00edv\u00f3t!<\/h1>\n\n\n\n<div class=\"wp-block-button aligncenter\"><a class=\"wp-block-button__link has-background\" href=\"https:\/\/bizalmikor.hu\/kapcsolat\/\" style=\"background-color:#14496b\" target=\"_blank\" rel=\"noreferrer noopener\"><strong>\u00c9rdekel a Bizalmi K\u00f6r klubtags\u00e1g<\/strong><\/a><\/div>\n\n\n\n<hr class=\"wp-block-separator is-style-wide\"\/>\n","protected":false},"excerpt":{"rendered":"<p>Egy \u00fagynevezett t\u00fck\u00f6rp\u00e1ly\u00e1zat ki\u00edr\u00e1s\u00e1nak aprop\u00f3j\u00e1n besz\u00e9lgett\u00fcnk F\u00e1bi\u00e1n-Seremetyev M\u00e1rkkal p\u00e1ly\u00e1zati felt\u00e9telekr\u0151l, a p\u00e1ly\u00e1zatok \u201e\u00faj gener\u00e1ci\u00f3j\u00e1r\u00f3l\u201d \u00e9s az elm\u00falt \u00e9vek p\u00e1ly\u00e1zati rendszer\u00e9r\u0151l illetve ennek a rendszernek jelen helyzetben val\u00f3 \u00e1tmeneti m\u00f3dosul\u00e1s\u00e1r\u00f3l.<\/p>\n","protected":false},"author":3,"featured_media":3000,"comment_status":"closed","ping_status":"open","sticky":false,"template":"","format":"standard","meta":{"footnotes":""},"categories":[25,16],"tags":[],"yoast_head":"<!-- This site is optimized with the Yoast SEO plugin v15.4 - https:\/\/yoast.com\/wordpress\/plugins\/seo\/ -->\n<title>A koronav\u00edrus pozit\u00edvuma: sosem volt m\u00e9g ennyire hat\u00e9kony a t\u00e1rsadalmi egyeztet\u00e9s!<\/title>\n<meta name=\"description\" content=\"Egy \u00fagynevezett t\u00fck\u00f6rp\u00e1ly\u00e1zat ki\u00edr\u00e1s\u00e1nak aprop\u00f3j\u00e1n besz\u00e9lgett\u00fcnk F\u00e1bi\u00e1n-Seremetyev M\u00e1rkkal p\u00e1ly\u00e1zati felt\u00e9telekr\u0151l, a p\u00e1ly\u00e1zatok \u201e\u00faj gener\u00e1ci\u00f3j\u00e1r\u00f3l\u201d \u00e9s az elm\u00falt \u00e9vek p\u00e1ly\u00e1zati rendszer\u00e9r\u0151l illetve ennek a rendszernek jelen helyzetben val\u00f3 \u00e1tmeneti m\u00f3dosul\u00e1s\u00e1r\u00f3l.\" \/>\n<meta name=\"robots\" content=\"index, follow, max-snippet:-1, max-image-preview:large, max-video-preview:-1\" \/>\n<link rel=\"canonical\" href=\"https:\/\/bizalmikor.hu\/blog\/2020\/05\/25\/a-koronavirus-pozitivuma-sosem-volt-meg-ennyire-hatekony-a-tarsadalmi-egyeztetes\/\" \/>\n<meta property=\"og:locale\" content=\"hu_HU\" \/>\n<meta property=\"og:type\" content=\"article\" \/>\n<meta property=\"og:title\" content=\"A koronav\u00edrus pozit\u00edvuma: sosem volt m\u00e9g ennyire hat\u00e9kony a t\u00e1rsadalmi egyeztet\u00e9s!\" \/>\n<meta property=\"og:description\" content=\"Egy \u00fagynevezett t\u00fck\u00f6rp\u00e1ly\u00e1zat ki\u00edr\u00e1s\u00e1nak aprop\u00f3j\u00e1n besz\u00e9lgett\u00fcnk F\u00e1bi\u00e1n-Seremetyev M\u00e1rkkal p\u00e1ly\u00e1zati felt\u00e9telekr\u0151l, a p\u00e1ly\u00e1zatok \u201e\u00faj gener\u00e1ci\u00f3j\u00e1r\u00f3l\u201d \u00e9s az elm\u00falt \u00e9vek p\u00e1ly\u00e1zati rendszer\u00e9r\u0151l illetve ennek a rendszernek jelen helyzetben val\u00f3 \u00e1tmeneti m\u00f3dosul\u00e1s\u00e1r\u00f3l.\" \/>\n<meta property=\"og:url\" content=\"https:\/\/bizalmikor.hu\/blog\/2020\/05\/25\/a-koronavirus-pozitivuma-sosem-volt-meg-ennyire-hatekony-a-tarsadalmi-egyeztetes\/\" \/>\n<meta property=\"og:site_name\" content=\"Bizalmi K\u00f6r blog\" \/>\n<meta property=\"article:publisher\" content=\"https:\/\/www.facebook.com\/bizalmikor\" \/>\n<meta property=\"article:published_time\" content=\"2020-05-25T11:52:11+00:00\" \/>\n<meta property=\"article:modified_time\" content=\"2020-05-26T11:36:39+00:00\" \/>\n<meta property=\"og:image\" content=\"https:\/\/bizalmikor.hu\/blog\/wp-content\/uploads\/2020\/05\/K\u00e9pkiv\u00e1g\u00e1s12..png\" \/>\n\t<meta property=\"og:image:width\" content=\"653\" \/>\n\t<meta property=\"og:image:height\" content=\"386\" \/>\n<meta name=\"twitter:card\" content=\"summary_large_image\" \/>\n<meta name=\"twitter:label1\" content=\"Szerz\u0151:\">\n\t<meta name=\"twitter:data1\" content=\"Gangel P\u00e9ter\">\n\t<meta name=\"twitter:label2\" content=\"Becs\u00fclt olvas\u00e1si id\u0151\">\n\t<meta name=\"twitter:data2\" content=\"9 perc\">\n<script type=\"application\/ld+json\" class=\"yoast-schema-graph\">{\"@context\":\"https:\/\/schema.org\",\"@graph\":[{\"@type\":\"Organization\",\"@id\":\"https:\/\/bizalmikor.hu\/blog\/#organization\",\"name\":\"Bizalmi K\\u00f6r Kft.\",\"url\":\"https:\/\/bizalmikor.hu\/blog\/\",\"sameAs\":[\"https:\/\/www.facebook.com\/bizalmikor\",\"https:\/\/www.instagram.com\/bizalmikor\/\",\"https:\/\/www.linkedin.com\/company\/19165894\",\"https:\/\/www.youtube.com\/channel\/UC7fAD3QCIWeSexU5t6F3YOw?view_as=subscriber\"],\"logo\":{\"@type\":\"ImageObject\",\"@id\":\"https:\/\/bizalmikor.hu\/blog\/#logo\",\"inLanguage\":\"hu\",\"url\":\"https:\/\/bizalmikor.hu\/blog\/wp-content\/uploads\/2019\/02\/Group-2.png\",\"width\":4033,\"height\":1192,\"caption\":\"Bizalmi K\\u00f6r Kft.\"},\"image\":{\"@id\":\"https:\/\/bizalmikor.hu\/blog\/#logo\"}},{\"@type\":\"WebSite\",\"@id\":\"https:\/\/bizalmikor.hu\/blog\/#website\",\"url\":\"https:\/\/bizalmikor.hu\/blog\/\",\"name\":\"Bizalmi K\\u00f6r blog\",\"description\":\"Egynek minden neh\\u00e9z, soknak semmi sem lehetetlen.\",\"publisher\":{\"@id\":\"https:\/\/bizalmikor.hu\/blog\/#organization\"},\"potentialAction\":[{\"@type\":\"SearchAction\",\"target\":\"https:\/\/bizalmikor.hu\/blog\/?s={search_term_string}\",\"query-input\":\"required name=search_term_string\"}],\"inLanguage\":\"hu\"},{\"@type\":\"ImageObject\",\"@id\":\"https:\/\/bizalmikor.hu\/blog\/2020\/05\/25\/a-koronavirus-pozitivuma-sosem-volt-meg-ennyire-hatekony-a-tarsadalmi-egyeztetes\/#primaryimage\",\"inLanguage\":\"hu\",\"url\":\"https:\/\/bizalmikor.hu\/blog\/wp-content\/uploads\/2020\/05\/K\\u00e9pkiv\\u00e1g\\u00e1s12..png\",\"width\":653,\"height\":386},{\"@type\":\"WebPage\",\"@id\":\"https:\/\/bizalmikor.hu\/blog\/2020\/05\/25\/a-koronavirus-pozitivuma-sosem-volt-meg-ennyire-hatekony-a-tarsadalmi-egyeztetes\/#webpage\",\"url\":\"https:\/\/bizalmikor.hu\/blog\/2020\/05\/25\/a-koronavirus-pozitivuma-sosem-volt-meg-ennyire-hatekony-a-tarsadalmi-egyeztetes\/\",\"name\":\"A koronav\\u00edrus pozit\\u00edvuma: sosem volt m\\u00e9g ennyire hat\\u00e9kony a t\\u00e1rsadalmi egyeztet\\u00e9s!\",\"isPartOf\":{\"@id\":\"https:\/\/bizalmikor.hu\/blog\/#website\"},\"primaryImageOfPage\":{\"@id\":\"https:\/\/bizalmikor.hu\/blog\/2020\/05\/25\/a-koronavirus-pozitivuma-sosem-volt-meg-ennyire-hatekony-a-tarsadalmi-egyeztetes\/#primaryimage\"},\"datePublished\":\"2020-05-25T11:52:11+00:00\",\"dateModified\":\"2020-05-26T11:36:39+00:00\",\"description\":\"Egy \\u00fagynevezett t\\u00fck\\u00f6rp\\u00e1ly\\u00e1zat ki\\u00edr\\u00e1s\\u00e1nak aprop\\u00f3j\\u00e1n besz\\u00e9lgett\\u00fcnk F\\u00e1bi\\u00e1n-Seremetyev M\\u00e1rkkal p\\u00e1ly\\u00e1zati felt\\u00e9telekr\\u0151l, a p\\u00e1ly\\u00e1zatok \\u201e\\u00faj gener\\u00e1ci\\u00f3j\\u00e1r\\u00f3l\\u201d \\u00e9s az elm\\u00falt \\u00e9vek p\\u00e1ly\\u00e1zati rendszer\\u00e9r\\u0151l illetve ennek a rendszernek jelen helyzetben val\\u00f3 \\u00e1tmeneti m\\u00f3dosul\\u00e1s\\u00e1r\\u00f3l.\",\"inLanguage\":\"hu\",\"potentialAction\":[{\"@type\":\"ReadAction\",\"target\":[\"https:\/\/bizalmikor.hu\/blog\/2020\/05\/25\/a-koronavirus-pozitivuma-sosem-volt-meg-ennyire-hatekony-a-tarsadalmi-egyeztetes\/\"]}]},{\"@type\":\"Article\",\"@id\":\"https:\/\/bizalmikor.hu\/blog\/2020\/05\/25\/a-koronavirus-pozitivuma-sosem-volt-meg-ennyire-hatekony-a-tarsadalmi-egyeztetes\/#article\",\"isPartOf\":{\"@id\":\"https:\/\/bizalmikor.hu\/blog\/2020\/05\/25\/a-koronavirus-pozitivuma-sosem-volt-meg-ennyire-hatekony-a-tarsadalmi-egyeztetes\/#webpage\"},\"author\":{\"@id\":\"https:\/\/bizalmikor.hu\/blog\/#\/schema\/person\/a89936ed381c3afa4cd7a27040dbfb07\"},\"headline\":\"A koronav\\u00edrus pozit\\u00edvuma: sosem volt m\\u00e9g ennyire hat\\u00e9kony a t\\u00e1rsadalmi egyeztet\\u00e9s!\",\"datePublished\":\"2020-05-25T11:52:11+00:00\",\"dateModified\":\"2020-05-26T11:36:39+00:00\",\"mainEntityOfPage\":{\"@id\":\"https:\/\/bizalmikor.hu\/blog\/2020\/05\/25\/a-koronavirus-pozitivuma-sosem-volt-meg-ennyire-hatekony-a-tarsadalmi-egyeztetes\/#webpage\"},\"commentCount\":2,\"publisher\":{\"@id\":\"https:\/\/bizalmikor.hu\/blog\/#organization\"},\"image\":{\"@id\":\"https:\/\/bizalmikor.hu\/blog\/2020\/05\/25\/a-koronavirus-pozitivuma-sosem-volt-meg-ennyire-hatekony-a-tarsadalmi-egyeztetes\/#primaryimage\"},\"articleSection\":\"COVID-19 \\u00fczleti tapasztalatok,V\\u00e1llalkoz\\u00e1s\",\"inLanguage\":\"hu\"},{\"@type\":\"Person\",\"@id\":\"https:\/\/bizalmikor.hu\/blog\/#\/schema\/person\/a89936ed381c3afa4cd7a27040dbfb07\",\"name\":\"Gangel P\\u00e9ter\",\"image\":{\"@type\":\"ImageObject\",\"@id\":\"https:\/\/bizalmikor.hu\/blog\/#personlogo\",\"inLanguage\":\"hu\",\"url\":\"https:\/\/secure.gravatar.com\/avatar\/ee1c6e901d6b9c50c9a2204252c914b4?s=96&d=mm&r=g\",\"caption\":\"Gangel P\\u00e9ter\"}}]}<\/script>\n<!-- \/ Yoast SEO plugin. -->","_links":{"self":[{"href":"https:\/\/bizalmikor.hu\/blog\/wp-json\/wp\/v2\/posts\/2991"}],"collection":[{"href":"https:\/\/bizalmikor.hu\/blog\/wp-json\/wp\/v2\/posts"}],"about":[{"href":"https:\/\/bizalmikor.hu\/blog\/wp-json\/wp\/v2\/types\/post"}],"author":[{"embeddable":true,"href":"https:\/\/bizalmikor.hu\/blog\/wp-json\/wp\/v2\/users\/3"}],"replies":[{"embeddable":true,"href":"https:\/\/bizalmikor.hu\/blog\/wp-json\/wp\/v2\/comments?post=2991"}],"version-history":[{"count":11,"href":"https:\/\/bizalmikor.hu\/blog\/wp-json\/wp\/v2\/posts\/2991\/revisions"}],"predecessor-version":[{"id":3041,"href":"https:\/\/bizalmikor.hu\/blog\/wp-json\/wp\/v2\/posts\/2991\/revisions\/3041"}],"wp:featuredmedia":[{"embeddable":true,"href":"https:\/\/bizalmikor.hu\/blog\/wp-json\/wp\/v2\/media\/3000"}],"wp:attachment":[{"href":"https:\/\/bizalmikor.hu\/blog\/wp-json\/wp\/v2\/media?parent=2991"}],"wp:term":[{"taxonomy":"category","embeddable":true,"href":"https:\/\/bizalmikor.hu\/blog\/wp-json\/wp\/v2\/categories?post=2991"},{"taxonomy":"post_tag","embeddable":true,"href":"https:\/\/bizalmikor.hu\/blog\/wp-json\/wp\/v2\/tags?post=2991"}],"curies":[{"name":"wp","href":"https:\/\/api.w.org\/{rel}","templated":true}]}}