{"id":3003,"date":"2020-05-25T13:06:03","date_gmt":"2020-05-25T13:06:03","guid":{"rendered":"https:\/\/bizalmikor.hu\/blog\/?p=3003"},"modified":"2020-06-04T10:24:33","modified_gmt":"2020-06-04T10:24:33","slug":"batiz-andras-a-hiteles-vezeto-vallalja-a-tevedeseit","status":"publish","type":"post","link":"https:\/\/bizalmikor.hu\/blog\/2020\/05\/25\/batiz-andras-a-hiteles-vezeto-vallalja-a-tevedeseit\/","title":{"rendered":"Batiz Andr\u00e1s: A hiteles vezet\u0151 v\u00e1llalja a t\u00e9ved\u00e9seit"},"content":{"rendered":"\n<h1 class=\"wp-block-heading\">Azaz hogyan ad lehet\u0151s\u00e9get a v\u00e1ls\u00e1g arra, hogy igazi csapatt\u00e1 \u00e9rj\u00fcnk<\/h1>\n\n\n\n<p><strong>Az elm\u00falt hetekben, a v\u00e1ls\u00e1g egy pozit\u00edv mell\u00e9khat\u00e1sak\u00e9nt a Bizalmi K\u00f6r csapata sikeres kommunik\u00e1ci\u00f3s szintl\u00e9p\u00e9st vitt v\u00e9ghez. R\u00e1j\u00f6tt\u00fcnk, mennyi mindenben kell fejl\u0151dn\u00fcnk \u00e9s ennek a felismer\u00e9snek a jegy\u00e9ben siker\u00fclt jav\u00edtanunk a c\u00e9gen bel\u00fcli kommunik\u00e1ci\u00f3nkat, annak intenzit\u00e1s\u00e1t \u00e9s pontoss\u00e1g\u00e1t. A folyamat k\u00f6zben felismert\u00fck, hogy a j\u00f3 c\u00e9ges kommunik\u00e1ci\u00f3 nem is olyan egyszer\u0171 \u00e9s egy\u00e9rtelm\u0171, mint n\u00e9ha hissz\u00fck, vagy hinni szeretn\u00e9nk. Hogy \u00e1tadhassuk a tud\u00e1st, amit megszerezt\u00fcnk, Batiz Andr\u00e1st h\u00edvtuk seg\u00edts\u00e9g\u00fcl, aki a t\u00e9ma ismert szak\u00e9rt\u0151je. Arr\u00f3l besz\u00e9lgett\u00fcnk t\u00f6bbek k\u00f6zt, hogyan lehet j\u00f3l kommunik\u00e1lni kr\u00edzishelyzetben \u00e9s mit\u0151l lesz egy c\u00e9g kommunik\u00e1ci\u00f3ja bizalmat \u00e9breszt\u0151.<\/strong><\/p>\n\n\n\n<p>Hadd osszunk meg veletek egy b\u00f6lcsess\u00e9get, amit a vitorl\u00e1z\u00f3k szoktak haszn\u00e1lni: a haj\u00f3 ir\u00e1ny\u00edt\u00e1s\u00e1hoz, kezel\u00e9s\u00e9hez sz\u00fcks\u00e9ges tr\u00fckk\u00f6ket, tudnival\u00f3kat csakis sz\u00e9lcsendben lehet megtanulni. Viharban megsz\u0171nik a demokr\u00e1cia \u00e9s a kapit\u00e1ny parancsol. Mire lecsap a vihar, m\u00e1r mindenkinek ismernie kell ezeket a tr\u00fckk\u00f6ket \u00e9s tudni \u0151ket megfelel\u0151en alkalmazni, k\u00fcl\u00f6nben a haj\u00f3 els\u00fcllyed \u00e9s mind odavesznek. Batiz Andr\u00e1s pedig megtoldja ezt azzal a mond\u00e1ssal, amely \u00edgy hangzik:&nbsp;<\/p>\n\n\n\n<blockquote class=\"wp-block-quote is-style-large is-layout-flow wp-block-quote-is-layout-flow\"><p><strong><em>\u201eDag\u00e1lyban sim\u00e1n megy a vid\u00e1m f\u00fcrd\u0151z\u00e9s, de ap\u00e1lykor der\u00fcl ki, hogy val\u00f3j\u00e1ban ki \u00faszott meztelen\u00fcl.\u201d<\/em><\/strong><\/p><cite><em>Warren Buffet<\/em><br><\/cite><\/blockquote>\n\n\n\n<p>De mi\u00e9rt is nyitottunk ezekkel a sorokkal? <strong>Sok esetben a norm\u00e1lis h\u00e9tk\u00f6znapi m\u0171k\u00f6d\u00e9s val\u00f3j\u00e1ban egy \u2013 r\u00e9szben legal\u00e1bbis \u2013 hib\u00e1s m\u0171k\u00f6d\u00e9st takar, \u00e1m am\u00edg a hib\u00e1k nem \u00e9rnek el egy kritikus szintet, am\u00edg m\u00e9g kezelhet\u0151ek vagy elfedhet\u0151ek, addig nem sz\u00e1nunk id\u0151t a kijav\u00edt\u00e1sukra.<\/strong> A jelenlegi helyzetben azonban nem engedhetj\u00fck meg magunknak, hogy figyelmen k\u00edv\u00fcl hagyjuk felfedett \u201emeztelens\u00e9g\u00fcnket\u201d. Tenn\u00fcnk kell valamit. De mit \u00e9s hogyan?<\/p>\n\n\n\n<p>Andr\u00e1s kiemeli, el\u0151sz\u00f6r is az enyh\u00edt\u00e9sek feletti hurr\u00e1optimizmusunkat \u00e9rdemes takar\u00e9kra tenni, mert a kr\u00edzishelyzet megsz\u0171n\u00e9s\u00e9t\u0151l m\u00e9g igen t\u00e1vol \u00e1llunk. Az enyh\u00edt\u00e9sek nagy val\u00f3sz\u00edn\u0171s\u00e9ggel beind\u00edtj\u00e1k a m\u00e1sodik hull\u00e1mot, \u00edgy erre a forgat\u00f3k\u00f6nyvre, valamint az egyre t\u00f6bbfel\u0151l hallott \u201enew normal\u201d \u00e1llapotra \u00e9rdemes a c\u00e9gvezet\u0151knek tr\u00e9ningezni\u00fck. Az enyh\u00edt\u00e9sek Batiz Andr\u00e1s szerint nem egyszer\u0171s\u00edteni, mint ink\u00e1bb nehez\u00edteni, bonyol\u00edtani fogj\u00e1k a helyzetet, hiszen olyan \u00faj k\u00e9rd\u00e9sek el\u00e9 \u00e1ll\u00edtanak, mint p\u00e9ld\u00e1ul: mikor \u00e9ri meg val\u00f3ban egy szem\u00e9lyes tal\u00e1lkoz\u00f3, vagy sz\u00fcks\u00e9g van-e egy alapvet\u0151en a szellemi t\u00e9rben dolgoz\u00f3 csapatot \u00fajra bevez\u00e9nyelni az irod\u00e1ba? Ezekkel az \u00faj k\u00e9rd\u00e9sekkel pedig, \u00fajfajta felel\u0151ss\u00e9g is j\u00e1r.<\/p>\n\n\n\n<p>Egy bizonytalan id\u0151tartam\u00fa \u201eh\u00fazd meg \u2013 ereszd meg\u201d j\u00e1t\u00e9k els\u0151 f\u00e1zis\u00e1ban vagyunk \u00e9s nem tudjuk meddig tart, tartanak majd a \u201eh\u00fazd meg\u201d \u00e9s az \u201eereszd meg\u201d id\u0151szakok. Vagyis <strong>a legnehezebb, ahogyan azzal mostanra mindannyian szembes\u00fclt\u00fcnk: a bizonytalans\u00e1gi faktor.<\/strong> De mivel enyh\u00edthet\u00fcnk ezen?<\/p>\n\n\n\n<blockquote class=\"wp-block-quote is-layout-flow wp-block-quote-is-layout-flow\"><p><strong><em>Minden egyes dolog, amit tesz\u00fcnk, amir\u0151l valamilyen m\u00f3don\/fel\u00fcleten besz\u00e9l\u00fcnk, annak \u00f3ri\u00e1si jelent\u0151s\u00e9ge van abb\u00f3l a szempontb\u00f3l, hogy mit gondolnak majd r\u00f3lunk a potenci\u00e1lis \u00e9s jelenlegi munkav\u00e1llal\u00f3ink, potenci\u00e1lis \u00e9s jelenlegi partnereink. Aki ma j\u00f3l l\u00e9p, er\u0151sebben j\u00f6het ki a v\u00e1ls\u00e1gb\u00f3l.<\/em><\/strong><\/p><\/blockquote>\n\n\n\n<figure class=\"wp-block-embed-youtube wp-block-embed is-type-video is-provider-youtube wp-embed-aspect-16-9 wp-has-aspect-ratio\"><div class=\"wp-block-embed__wrapper\">\n<iframe loading=\"lazy\" title=\"Kulcs t\u00e9nyez\u0151k a profi kommunik\u00e1ci\u00f3hoz - Batiz Andr\u00e1s - 2020.04.28\" width=\"500\" height=\"281\" src=\"https:\/\/www.youtube.com\/embed\/dwgqHhvIQC0?feature=oembed\" frameborder=\"0\" allow=\"accelerometer; autoplay; clipboard-write; encrypted-media; gyroscope; picture-in-picture; web-share\" referrerpolicy=\"strict-origin-when-cross-origin\" allowfullscreen><\/iframe>\n<\/div><figcaption>A besz\u00e9lget\u00e9st visszan\u00e9zheted YouTube csatorn\u00e1nkon is. Ne felejts el feliratkozni a tov\u00e1bbi vide\u00f3k\u00e9rt.<\/figcaption><\/figure>\n\n\n\n<p>Pontokba szedt\u00fck a legfontosabb t\u00e9teleket, inform\u00e1ci\u00f3kat, amelyeket \u00e9rdemes lehet feljegyezni \u00e9s be\u00e9p\u00edteni c\u00e9ges kommunik\u00e1ci\u00f3nkba, \u00fcgyment\u00fcnkbe az elk\u00f6vetkez\u0151kben! Melyekr\u0151l ak\u00e1r egy\u00e9ni, ak\u00e1r c\u00e9ges szinten fontos lehet elgondolkodni. <strong>Az online t\u00e9r k\u00fcl\u00f6n\u00f6sen zajos lett a v\u00e1ls\u00e1gnak k\u00f6sz\u00f6nhet\u0151en, \u00edgy els\u0151dleges feladataink k\u00f6z\u00e9 tartozik, hogy ebben az \u00faj t\u00e9rben megtanuljunk eligazodni \u00e9s seg\u00edts\u00fcnk koll\u00e9g\u00e1inknak is, hogy k\u00e9nyelmesen \u201eberendezkedhessenek\u201d benne.<\/strong><\/p>\n\n\n\n<ul><li>Minden c\u00e9g \u00e9let\u00e9ben a kapcsolattart\u00e1s \u00e9s ennek m\u00f3dja v\u00e1lt az egyik legnagyobb kih\u00edv\u00e1ss\u00e1, legyen sz\u00f3 c\u00e9gen bel\u00fcl vagy \u00fcgyfelekkel folytatott kommunik\u00e1ci\u00f3r\u00f3l. <strong>Ahhoz, hogy ez sikeres lehessen, els\u0151k\u00e9nt a dolgoz\u00f3kkal val\u00f3 kommunik\u00e1ci\u00f3nkat kell sikeress\u00e9 tenni.<\/strong><ul><li>Mennyire tudunk vezet\u0151k\u00e9nt vil\u00e1gosan, k\u00f6vethet\u0151en, egy\u00e9rtelm\u0171en, \u0151szint\u00e9n, hitelesen kommunik\u00e1lni?<\/li><li><strong>Mennyire vagyunk k\u00e9pesek bele\u00e1llni abba az \u00faj felel\u0151ss\u00e9gbe, miszerint beosztottaink t\u0151l\u00fcnk is v\u00e1rj\u00e1k a helyzettel kapcsolatos inform\u00e1ci\u00f3kat, miszerint sokszor minket hitelesebb forr\u00e1sk\u00e9nt ismernek el, mint politikusokat, \u00fajs\u00e1g\u00edr\u00f3kat? <\/strong>K\u00e9pesek vagyunk megfelelni ennek az elv\u00e1r\u00e1snak?<\/li><li><strong>Egy vezet\u0151nek ma m\u00e9g fontosabb, hogy felv\u00e1llalja saj\u00e1t sebezhet\u0151s\u00e9g\u00e9t. <\/strong>Tudnunk \u00e9s kommunik\u00e1lnunk kell, hogy amit ma mondunk, nem garant\u00e1lhatjuk, hogy egy h\u00f3nap m\u00falva is igaz lesz. Ma ezt l\u00e1tjuk \u00e9s ha v\u00e1ltoztatni kell, v\u00e1ltoztatni fogunk, de mindenekel\u0151tt mindig friss inform\u00e1ci\u00f3kkal l\u00e1tjuk el dolgoz\u00f3inkat.<\/li><\/ul><\/li><\/ul>\n\n\n\n<blockquote class=\"wp-block-quote is-layout-flow wp-block-quote-is-layout-flow\"><p><strong><em>Ha nem tudunk megnyugtat\u00f3 \u00fczenettel szolg\u00e1lni, akkor is kiemelked\u0151en fontos a transzparencia, hiszen ez a bel\u00e9nk vetett bizalom egyik alapvet\u0151 eleme!&nbsp;<\/em><\/strong><\/p><\/blockquote>\n\n\n\n<ul><li>A mostani kr\u00edzishelyzet sokban k\u00fcl\u00f6nb\u00f6zik a kor\u00e1bbiakt\u00f3l. <strong>Mostm\u00e1r szinte biztos, hogy bizonyos v\u00e1ltoz\u00e1sok megmaradnak \u00e9s be\u00e9p\u00fclnek a h\u00e9tk\u00f6znapjainkba.<\/strong> Az a m\u00f3d, ahogyan ma zajlik a kapcsolattart\u00e1sunk, amit ma a koll\u00e9g\u00e1inkkal val\u00f3 egy\u00fcttm\u0171k\u00f6d\u00e9sr\u0151l megtanulunk, j\u00f3l j\u00f6n majd a j\u00f6v\u0151ben. K\u00e9sz\u00fclj\u00fcnk erre \u00e9s k\u00fcl\u00f6n\u00f6sen figyelmesen legy\u00fcnk jelen!<ul><li>Milyen k\u00e9rd\u00e9sek mer\u00fclnek fel itt? P\u00e9ld\u00e1ul \u00faj tanul\u00e1s, kih\u00edv\u00e1s mindannyiunk sz\u00e1m\u00e1ra, hogy fizikailag k\u00e9ptelenek vagyunk egym\u00e1s szem\u00e9be n\u00e9zni, mert vagy a monitort n\u00e9zem \u00e9s figyelem a m\u00e1sik arc\u00e1t, vagy a kamer\u00e1t, hogy azt \u00e9rezze, a szem\u00e9be n\u00e9zek, de akkor nem l\u00e1tom \u0151t \u00e9s a reakci\u00f3it. Ez \u00fajfajta jelenl\u00e9tet k\u00f6vetel t\u0151l\u00fcnk.<\/li><li><strong>Mindenk\u00e9pp maradjunk autentikusak<\/strong>. Nem kell talpig \u00f6lt\u00f6nyben lenn\u00fcnk, ha besz\u00e9lni szeretn\u00e9nk a koll\u00e9g\u00e1inkhoz, de \u00e9rdemes egy olyan teret elk\u00fcl\u00f6n\u00edteni, ahonnan a hivatalos bejelentkez\u00e9seinket k\u00f6zvet\u00edthetj\u00fck.<\/li><li>K\u00e9rdezz\u00fck meg csapatunk tagjait, mire van ig\u00e9ny\u00fck. Bevezethetj\u00fck az online k\u00f6z\u00f6s eb\u00e9det, de lehets\u00e9ges, hogy adott munkat\u00e1rsunk, akinek mondjuk mag\u00e1nyoss\u00e1g\u00e1n akartunk ezzel enyh\u00edteni, nem akar az eb\u00e9dsz\u00fcnet\u00e9ben is a g\u00e9pe el\u0151tt \u00fclni.&nbsp;<\/li><\/ul><\/li><\/ul>\n\n\n\n<blockquote class=\"wp-block-quote is-layout-flow wp-block-quote-is-layout-flow\"><p><strong><em>A rugalmass\u00e1g az egyik kulcsa a mostani id\u0151szaknak! \u00c9rdemes miel\u0151bb beismerni, ha valami nem megy, majd v\u00e1ltoztatni \u00e9s \u00faj eszk\u00f6zt\/m\u00f3dszert bevezetni.<\/em><\/strong><\/p><\/blockquote>\n\n\n\n<ul><li>Sokszor c\u00e9gvezet\u0151k\u00e9nt az utols\u00f3, amivel egy ilyen kr\u00edzisben, ilyen gazdas\u00e1gi nyom\u00e1s alatt foglalkozni akarunk az a \u201elelkiz\u00e9s\u201d, ugyanakkor van n\u00e9h\u00e1ny szempont, amit igen fontos szem el\u0151tt tartanunk!<ul><li><strong>Akiket ma elenged\u00fcnk, de holnaput\u00e1n \u00fajra sz\u00fcks\u00e9g\u00fcnk lehet r\u00e1juk, azokat nem biztos, hogy visszakaphatjuk a j\u00f6v\u0151ben.<\/strong> Ha elker\u00fclhetetlen, az elk\u00fcld\u00e9st is lehet tisztess\u00e9gesen csin\u00e1lni. Ha a munkav\u00e1llal\u00f3nk l\u00e1tja a sz\u00e1nd\u00e9kot \u00e9s az egyeness\u00e9get a r\u00e9sz\u00fcnkr\u0151l, akkor ennek hossz\u00fa t\u00e1v\u00fa profitja lehet.<\/li><\/ul><\/li><\/ul>\n\n\n\n<ul><li><strong>L\u00e9nyeges k\u00e9rd\u00e9s, hogy vezet\u0151k\u00e9nt hogyan k\u00f6nny\u00edtj\u00fck-k\u00f6nny\u00edthetj\u00fck meg a home officeban dolgoz\u00f3 koll\u00e9g\u00e1ink munk\u00e1j\u00e1t. <\/strong>Nem k\u00f6nny\u0171 az otthoni munkav\u00e9gz\u00e9s, f\u0151leg nem az vil\u00e1gos utas\u00edt\u00e1sok, instrukci\u00f3k hi\u00e1ny\u00e1ban. Ebben a megv\u00e1ltozott munkak\u00f6rnyezetben az emberek 50%-a megn\u00f6vekedett stresszr\u0151l sz\u00e1molt be, 80%-uk pedig arr\u00f3l vallott, nem tartja vil\u00e1gosnak az elv\u00e1r\u00e1sokat. <strong>Figyelembe kell venn\u00fcnk, hogy ahogyan n\u0151 a stressz, \u00fagy cs\u00f6kken a produktivit\u00e1s.<\/strong><\/li><\/ul>\n\n\n\n<h2 class=\"wp-block-heading\"><strong>T\u00d6BBET, T\u00d6BBSZ\u00d6R, TUDATOSABBAN<\/strong><\/h2>\n\n\n\n<p>Batiz Andr\u00e1s szerint ez a mostani v\u00e1ls\u00e1g kulcsa. <strong>Jelen helyzetben egyszer\u0171en nem lehet \u201et\u00faltolni\u201d a kommunik\u00e1ci\u00f3<\/strong>t, \u00e9s itt nem az indokolatlan mennyis\u00e9g\u0171v\u00e9 v\u00e1l\u00f3 meetingekre gondolunk, hanem a folyamatos, kiegyens\u00falyozott, hiteles t\u00e1j\u00e9koztat\u00e1sra. Arra, hogy merj\u00fcnk \u0151szint\u00e9n besz\u00e9lni arr\u00f3l, hogyan l\u00e1tjuk a c\u00e9g\u00fcnk j\u00f6v\u0151j\u00e9t, hogyan hat r\u00e1nk a v\u00edrushelyzet. <strong>Az emberek sokkal jobban v\u00e1gynak most az inform\u00e1ci\u00f3ra, mint azt gondoljuk.&nbsp;<\/strong><\/p>\n\n\n\n<p><strong>Amire pedig enn\u00e9l is ink\u00e1bb sz\u00fcks\u00e9g\u00fck van, az a transzparencia, az \u00e1tl\u00e1that\u00f3 \u00e9s \u0151szinte kommunik\u00e1ci\u00f3 a vezet\u0151j\u00fck r\u00e9sz\u00e9r\u0151l.<\/strong> A c\u00e9gvezet\u0151k viszony\u00edt\u00e1si pontt\u00e1 v\u00e1ltak, ha tetszik, ha nem. Annyira sok a h\u00edr, hogy a koll\u00e9g\u00e1k t\u0151l\u00fck, t\u0151letek v\u00e1rj\u00e1k az \u0151 \u00e9let\u00fcket, a c\u00e9g\u00fcket konkr\u00e9tan \u00e9rint\u0151 inform\u00e1ci\u00f3k, befoly\u00e1sol\u00f3 t\u00e9nyez\u0151k kommunik\u00e1l\u00e1s\u00e1t, \u00e9rtelmez\u00e9s\u00e9t, k\u00f6zvet\u00edt\u00e9s\u00e9t. Nem tudj\u00e1k, mi hiteles \u00e9s mi nem az, mivel azonban t\u00f6bbet fogyasztanak m\u00e9di\u00e1t, sokkal nagyobb a bej\u00f6v\u0151 inform\u00e1ci\u00f3mennyis\u00e9g, amiben tudniuk k\u00e9ne eligazodni. Az Edelman felm\u00e9r\u00e9se szerint a megk\u00e9rdezettek nagyon nagy sz\u00e1zal\u00e9ka biztos benne, hogy a k\u00fcl\u00f6nb\u00f6z\u0151 fel\u00fcletek tele vannak fake news-okkal, \u00e9s \u0151k, mint fogyaszt\u00f3k sok esetben nem tudj\u00e1k eld\u00f6nteni kinek hihetnek, ez pedig a v\u00e9gletekig fokozza a kontrollvesztetts\u00e9g \u00e9rzet\u00e9t.<\/p>\n\n\n\n<p>A jelenlegi \u00e1llapot legnagyobb kih\u00edv\u00e1sa ennek a kontrollvesztett \u00e1llapotnak a meg\u00e9l\u00e9se, t\u00fal\u00e9l\u00e9se. <strong>Hogyan \u00e9lhet\u0151 t\u00fal, ha kih\u00fazz\u00e1k a l\u00e1bunk al\u00f3l a talajt?<\/strong> Apr\u00f3 l\u00e9p\u00e9sekkel kezdhetj\u00fck csak visszah\u00f3d\u00edtani a sz\u00e1razf\u00f6ldet \u2013 hogy a v\u00edzk\u00f6zeli p\u00e9ld\u00e1kn\u00e1l maradjunk \u2013 \u00e9s ezen apr\u00f3 l\u00e9p\u00e9sek egyike, hogy <strong>vonjuk be a csapatunkat, vonjuk be a koll\u00e9g\u00e1inkat, mert ha valamikor, h\u00e1t most igaz\u00e1n fontos, hogy ismerj\u00fck az ig\u00e9nyeiket. A megold\u00e1s sokszor ott van az \u0151 kez\u00fckben, nek\u00fcnk vezet\u0151k\u00e9nt \u201ecsak\u201d meg kell hallanunk \u0151ket.<\/strong> Ha meghallgatjuk \u00e9s bevonjuk \u0151ket a \u201esz\u00e1razf\u00f6ld visszah\u00f3d\u00edt\u00e1s\u00e1ba\u201d, t\u00f6bb es\u00e9ly\u00fcnk van r\u00e1, hogy motiv\u00e1ltak maradnak, t\u00f6bb es\u00e9ly\u00fcnk van, hogy val\u00f3di megold\u00e1sokat kapjunk t\u0151l\u00fck. <strong>Teh\u00e1t az egy\u00fcttm\u0171k\u00f6d\u00e9s m\u00e9g sosem volt ennyire fontos, mint ma!<\/strong><\/p>\n\n\n\n<hr class=\"wp-block-separator is-style-wide\"\/>\n\n\n\n<h1 class=\"has-text-align-center wp-block-heading\">Szeretn\u00e9l megismerkedni klubtagjainkkal? K\u00e9rj egy megh\u00edv\u00f3t!<\/h1>\n\n\n\n<div class=\"wp-block-button aligncenter\"><a class=\"wp-block-button__link has-background\" href=\"https:\/\/bizalmikor.hu\/kapcsolat\/\" style=\"background-color:#14496b\" target=\"_blank\" rel=\"noreferrer noopener\"><strong>\u00c9rdekel a Bizalmi K\u00f6r klubtags\u00e1g<\/strong><\/a><\/div>\n\n\n\n<hr class=\"wp-block-separator is-style-wide\"\/>\n","protected":false},"excerpt":{"rendered":"<p>Sok esetben a norm\u00e1lis h\u00e9tk\u00f6znapi m\u0171k\u00f6d\u00e9s val\u00f3j\u00e1ban egy \u2013 r\u00e9szben legal\u00e1bbis \u2013 hib\u00e1s m\u0171k\u00f6d\u00e9st takar, \u00e1m am\u00edg a hib\u00e1k nem \u00e9rnek el egy kritikus szintet, am\u00edg m\u00e9g kezelhet\u0151ek vagy elfedhet\u0151ek, addig nem sz\u00e1nunk id\u0151t a kijav\u00edt\u00e1sukra. <\/p>\n","protected":false},"author":3,"featured_media":3006,"comment_status":"closed","ping_status":"open","sticky":false,"template":"","format":"standard","meta":{"footnotes":""},"categories":[25,32,24,16],"tags":[],"yoast_head":"<!-- This site is optimized with the Yoast SEO plugin v15.4 - https:\/\/yoast.com\/wordpress\/plugins\/seo\/ -->\n<title>Batiz Andr\u00e1s: A hiteles vezet\u0151 v\u00e1llalja a t\u00e9ved\u00e9seit<\/title>\n<meta name=\"description\" content=\"Sok esetben a norm\u00e1lis h\u00e9tk\u00f6znapi m\u0171k\u00f6d\u00e9s val\u00f3j\u00e1ban egy \u2013 r\u00e9szben legal\u00e1bbis \u2013 hib\u00e1s m\u0171k\u00f6d\u00e9st takar, \u00e1m am\u00edg a hib\u00e1k nem \u00e9rnek el egy kritikus szintet, am\u00edg m\u00e9g kezelhet\u0151ek vagy elfedhet\u0151ek, addig nem sz\u00e1nunk id\u0151t a kijav\u00edt\u00e1sukra.\" \/>\n<meta name=\"robots\" content=\"index, follow, max-snippet:-1, max-image-preview:large, max-video-preview:-1\" \/>\n<link rel=\"canonical\" href=\"https:\/\/bizalmikor.hu\/blog\/2020\/05\/25\/batiz-andras-a-hiteles-vezeto-vallalja-a-tevedeseit\/\" \/>\n<meta property=\"og:locale\" content=\"hu_HU\" \/>\n<meta property=\"og:type\" content=\"article\" \/>\n<meta property=\"og:title\" content=\"Batiz Andr\u00e1s: A hiteles vezet\u0151 v\u00e1llalja a t\u00e9ved\u00e9seit\" \/>\n<meta property=\"og:description\" content=\"Sok esetben a norm\u00e1lis h\u00e9tk\u00f6znapi m\u0171k\u00f6d\u00e9s val\u00f3j\u00e1ban egy \u2013 r\u00e9szben legal\u00e1bbis \u2013 hib\u00e1s m\u0171k\u00f6d\u00e9st takar, \u00e1m am\u00edg a hib\u00e1k nem \u00e9rnek el egy kritikus szintet, am\u00edg m\u00e9g kezelhet\u0151ek vagy elfedhet\u0151ek, addig nem sz\u00e1nunk id\u0151t a kijav\u00edt\u00e1sukra.\" \/>\n<meta property=\"og:url\" content=\"https:\/\/bizalmikor.hu\/blog\/2020\/05\/25\/batiz-andras-a-hiteles-vezeto-vallalja-a-tevedeseit\/\" \/>\n<meta property=\"og:site_name\" content=\"Bizalmi K\u00f6r blog\" \/>\n<meta property=\"article:publisher\" content=\"https:\/\/www.facebook.com\/bizalmikor\" \/>\n<meta property=\"article:published_time\" content=\"2020-05-25T13:06:03+00:00\" \/>\n<meta property=\"article:modified_time\" content=\"2020-06-04T10:24:33+00:00\" \/>\n<meta property=\"og:image\" content=\"https:\/\/bizalmikor.hu\/blog\/wp-content\/uploads\/2020\/05\/maxresdefault.jpg\" \/>\n\t<meta property=\"og:image:width\" content=\"1280\" \/>\n\t<meta property=\"og:image:height\" content=\"720\" \/>\n<meta name=\"twitter:card\" content=\"summary_large_image\" \/>\n<meta name=\"twitter:label1\" content=\"Szerz\u0151:\">\n\t<meta name=\"twitter:data1\" content=\"Gangel P\u00e9ter\">\n\t<meta name=\"twitter:label2\" content=\"Becs\u00fclt olvas\u00e1si id\u0151\">\n\t<meta name=\"twitter:data2\" content=\"8 perc\">\n<script type=\"application\/ld+json\" class=\"yoast-schema-graph\">{\"@context\":\"https:\/\/schema.org\",\"@graph\":[{\"@type\":\"Organization\",\"@id\":\"https:\/\/bizalmikor.hu\/blog\/#organization\",\"name\":\"Bizalmi K\\u00f6r Kft.\",\"url\":\"https:\/\/bizalmikor.hu\/blog\/\",\"sameAs\":[\"https:\/\/www.facebook.com\/bizalmikor\",\"https:\/\/www.instagram.com\/bizalmikor\/\",\"https:\/\/www.linkedin.com\/company\/19165894\",\"https:\/\/www.youtube.com\/channel\/UC7fAD3QCIWeSexU5t6F3YOw?view_as=subscriber\"],\"logo\":{\"@type\":\"ImageObject\",\"@id\":\"https:\/\/bizalmikor.hu\/blog\/#logo\",\"inLanguage\":\"hu\",\"url\":\"https:\/\/bizalmikor.hu\/blog\/wp-content\/uploads\/2019\/02\/Group-2.png\",\"width\":4033,\"height\":1192,\"caption\":\"Bizalmi K\\u00f6r Kft.\"},\"image\":{\"@id\":\"https:\/\/bizalmikor.hu\/blog\/#logo\"}},{\"@type\":\"WebSite\",\"@id\":\"https:\/\/bizalmikor.hu\/blog\/#website\",\"url\":\"https:\/\/bizalmikor.hu\/blog\/\",\"name\":\"Bizalmi K\\u00f6r blog\",\"description\":\"Egynek minden neh\\u00e9z, soknak semmi sem lehetetlen.\",\"publisher\":{\"@id\":\"https:\/\/bizalmikor.hu\/blog\/#organization\"},\"potentialAction\":[{\"@type\":\"SearchAction\",\"target\":\"https:\/\/bizalmikor.hu\/blog\/?s={search_term_string}\",\"query-input\":\"required name=search_term_string\"}],\"inLanguage\":\"hu\"},{\"@type\":\"ImageObject\",\"@id\":\"https:\/\/bizalmikor.hu\/blog\/2020\/05\/25\/batiz-andras-a-hiteles-vezeto-vallalja-a-tevedeseit\/#primaryimage\",\"inLanguage\":\"hu\",\"url\":\"https:\/\/bizalmikor.hu\/blog\/wp-content\/uploads\/2020\/05\/maxresdefault.jpg\",\"width\":1280,\"height\":720},{\"@type\":\"WebPage\",\"@id\":\"https:\/\/bizalmikor.hu\/blog\/2020\/05\/25\/batiz-andras-a-hiteles-vezeto-vallalja-a-tevedeseit\/#webpage\",\"url\":\"https:\/\/bizalmikor.hu\/blog\/2020\/05\/25\/batiz-andras-a-hiteles-vezeto-vallalja-a-tevedeseit\/\",\"name\":\"Batiz Andr\\u00e1s: A hiteles vezet\\u0151 v\\u00e1llalja a t\\u00e9ved\\u00e9seit\",\"isPartOf\":{\"@id\":\"https:\/\/bizalmikor.hu\/blog\/#website\"},\"primaryImageOfPage\":{\"@id\":\"https:\/\/bizalmikor.hu\/blog\/2020\/05\/25\/batiz-andras-a-hiteles-vezeto-vallalja-a-tevedeseit\/#primaryimage\"},\"datePublished\":\"2020-05-25T13:06:03+00:00\",\"dateModified\":\"2020-06-04T10:24:33+00:00\",\"description\":\"Sok esetben a norm\\u00e1lis h\\u00e9tk\\u00f6znapi m\\u0171k\\u00f6d\\u00e9s val\\u00f3j\\u00e1ban egy \\u2013 r\\u00e9szben legal\\u00e1bbis \\u2013 hib\\u00e1s m\\u0171k\\u00f6d\\u00e9st takar, \\u00e1m am\\u00edg a hib\\u00e1k nem \\u00e9rnek el egy kritikus szintet, am\\u00edg m\\u00e9g kezelhet\\u0151ek vagy elfedhet\\u0151ek, addig nem sz\\u00e1nunk id\\u0151t a kijav\\u00edt\\u00e1sukra.\",\"inLanguage\":\"hu\",\"potentialAction\":[{\"@type\":\"ReadAction\",\"target\":[\"https:\/\/bizalmikor.hu\/blog\/2020\/05\/25\/batiz-andras-a-hiteles-vezeto-vallalja-a-tevedeseit\/\"]}]},{\"@type\":\"Article\",\"@id\":\"https:\/\/bizalmikor.hu\/blog\/2020\/05\/25\/batiz-andras-a-hiteles-vezeto-vallalja-a-tevedeseit\/#article\",\"isPartOf\":{\"@id\":\"https:\/\/bizalmikor.hu\/blog\/2020\/05\/25\/batiz-andras-a-hiteles-vezeto-vallalja-a-tevedeseit\/#webpage\"},\"author\":{\"@id\":\"https:\/\/bizalmikor.hu\/blog\/#\/schema\/person\/a89936ed381c3afa4cd7a27040dbfb07\"},\"headline\":\"Batiz Andr\\u00e1s: A hiteles vezet\\u0151 v\\u00e1llalja a t\\u00e9ved\\u00e9seit\",\"datePublished\":\"2020-05-25T13:06:03+00:00\",\"dateModified\":\"2020-06-04T10:24:33+00:00\",\"mainEntityOfPage\":{\"@id\":\"https:\/\/bizalmikor.hu\/blog\/2020\/05\/25\/batiz-andras-a-hiteles-vezeto-vallalja-a-tevedeseit\/#webpage\"},\"commentCount\":1,\"publisher\":{\"@id\":\"https:\/\/bizalmikor.hu\/blog\/#organization\"},\"image\":{\"@id\":\"https:\/\/bizalmikor.hu\/blog\/2020\/05\/25\/batiz-andras-a-hiteles-vezeto-vallalja-a-tevedeseit\/#primaryimage\"},\"articleSection\":\"COVID-19 \\u00fczleti tapasztalatok,Marketing,\\u00dczleti \\u00e9rdekess\\u00e9gek,V\\u00e1llalkoz\\u00e1s\",\"inLanguage\":\"hu\"},{\"@type\":\"Person\",\"@id\":\"https:\/\/bizalmikor.hu\/blog\/#\/schema\/person\/a89936ed381c3afa4cd7a27040dbfb07\",\"name\":\"Gangel P\\u00e9ter\",\"image\":{\"@type\":\"ImageObject\",\"@id\":\"https:\/\/bizalmikor.hu\/blog\/#personlogo\",\"inLanguage\":\"hu\",\"url\":\"https:\/\/secure.gravatar.com\/avatar\/ee1c6e901d6b9c50c9a2204252c914b4?s=96&d=mm&r=g\",\"caption\":\"Gangel P\\u00e9ter\"}}]}<\/script>\n<!-- \/ Yoast SEO plugin. -->","_links":{"self":[{"href":"https:\/\/bizalmikor.hu\/blog\/wp-json\/wp\/v2\/posts\/3003"}],"collection":[{"href":"https:\/\/bizalmikor.hu\/blog\/wp-json\/wp\/v2\/posts"}],"about":[{"href":"https:\/\/bizalmikor.hu\/blog\/wp-json\/wp\/v2\/types\/post"}],"author":[{"embeddable":true,"href":"https:\/\/bizalmikor.hu\/blog\/wp-json\/wp\/v2\/users\/3"}],"replies":[{"embeddable":true,"href":"https:\/\/bizalmikor.hu\/blog\/wp-json\/wp\/v2\/comments?post=3003"}],"version-history":[{"count":5,"href":"https:\/\/bizalmikor.hu\/blog\/wp-json\/wp\/v2\/posts\/3003\/revisions"}],"predecessor-version":[{"id":3100,"href":"https:\/\/bizalmikor.hu\/blog\/wp-json\/wp\/v2\/posts\/3003\/revisions\/3100"}],"wp:featuredmedia":[{"embeddable":true,"href":"https:\/\/bizalmikor.hu\/blog\/wp-json\/wp\/v2\/media\/3006"}],"wp:attachment":[{"href":"https:\/\/bizalmikor.hu\/blog\/wp-json\/wp\/v2\/media?parent=3003"}],"wp:term":[{"taxonomy":"category","embeddable":true,"href":"https:\/\/bizalmikor.hu\/blog\/wp-json\/wp\/v2\/categories?post=3003"},{"taxonomy":"post_tag","embeddable":true,"href":"https:\/\/bizalmikor.hu\/blog\/wp-json\/wp\/v2\/tags?post=3003"}],"curies":[{"name":"wp","href":"https:\/\/api.w.org\/{rel}","templated":true}]}}