{"id":3013,"date":"2020-05-26T07:54:18","date_gmt":"2020-05-26T07:54:18","guid":{"rendered":"https:\/\/bizalmikor.hu\/blog\/?p=3013"},"modified":"2020-05-26T07:55:27","modified_gmt":"2020-05-26T07:55:27","slug":"a-magyaroknak-meg-kell-tanulniuk-tartalekolni","status":"publish","type":"post","link":"https:\/\/bizalmikor.hu\/blog\/2020\/05\/26\/a-magyaroknak-meg-kell-tanulniuk-tartalekolni\/","title":{"rendered":"A magyaroknak meg kell tanulniuk tartal\u00e9kolni"},"content":{"rendered":"\n<p><strong>Gerendai K\u00e1rolyt senkinek sem kell bemutatni. A Sziget Fesztiv\u00e1l vizion\u00e1rius alap\u00edt\u00f3j\u00e1val ez\u00fattal arr\u00f3l besz\u00e9lgett\u00fcnk, hogyan \u00e9lhetnek t\u00fal azok a v\u00e1llalkoz\u00f3k, akik a vend\u00e9gl\u00e1t\u00e1sban, turizmusban voltak \u00e9rdekeltek a v\u00e1ls\u00e1g el\u0151tt. T\u00fal\u00e9li-e egy\u00e1ltal\u00e1n a turizmus a v\u00e1ls\u00e1got, \u00e9s ha igen, milyen lesz a \u201enew normal\u201d ezen a ter\u00fcleten?<\/strong><\/p>\n\n\n\n<p><em>Itt, a Bizalmi K\u00f6rben az egyik legfontosabb vez\u00e9relv\u00fcnk a folyamatos tapasztalatmegoszt\u00e1s. Abban hisz\u00fcnk, hogy jobb d\u00f6nt\u00e9sekhez seg\u00edthet egy c\u00e9gvezet\u0151t, ha m\u00e1s vezet\u0151kkel \u2013 tev\u00e9kenykedjenek b\u00e1rmely szf\u00e9r\u00e1ban -, m\u00e1s vezet\u0151k d\u00f6nt\u00e9si mechanizmusaival, jelen helyzetben v\u00e1ls\u00e1gkezel\u00e9si strat\u00e9gi\u00e1ival is megismerkedhetnek. A mostani id\u0151szakban ak\u00e1r a t\u00fal\u00e9l\u00e9s m\u00falhat egy-egy ilyen tapasztalatcser\u00e9n.<\/em><\/p>\n\n\n\n<p>Ha turizmusr\u00f3l \u00e9s vend\u00e9gl\u00e1t\u00e1sr\u00f3l szeretn\u00e9nk igaz\u00e1n hiteles \u00e9s sokr\u00e9t\u0171 inform\u00e1ci\u00f3hoz jutni, Gerendai K\u00e1roly az egyik legjobb interj\u00faalany, akit megnyerhet\u00fcnk magunknak. T\u00f6bbsz\u00f6r bizony\u00edtotta m\u00e1r, hogy olyan piacokat k\u00e9pes megl\u00e1tni &#8211; majd ezeken a piacokon, ak\u00e1r vil\u00e1gm\u00e9ret\u0171 sikereket is el\u00e9rni -, melyek hi\u00e1nyp\u00f3tl\u00f3ak adott ter\u00fcleten. Ma f\u0151leg a Lupa Beach projekten dolgozik, de van Michelin csillagos \u00e9tterme is. T\u00f6bbek k\u00f6zt arr\u00f3l k\u00e9rdezt\u00fck hogyan l\u00e1tja jelenleg saj\u00e1t v\u00e1llalkoz\u00e1sainak sors\u00e1t, \u0151 hol tart most az \u00e9p\u00edtkez\u00e9s, k\u00e1rment\u00e9s folyamat\u00e1ban.<\/p>\n\n\n\n<h2 class=\"wp-block-heading\"><strong>A koronav\u00edrus tulajdonk\u00e9ppen gyorsvonatk\u00e9nt \u00fct\u00f6tte el a vend\u00e9gl\u00e1t\u00e1st \u00e9s a turizmust.&nbsp;<\/strong><\/h2>\n\n\n\n<p>Azt szoktam mondani, hogy olyan volt ez az eg\u00e9sz, mintha hirtelen egy vil\u00e1gm\u00e9ret\u0171 \u00e1ramsz\u00fcnet kell\u0151s k\u00f6zep\u00e9n tal\u00e1ltuk volna magunkat \u00e9s egyik pillanatr\u00f3l a m\u00e1sikra meg\u00e1llt volna az \u00e9let. A turizmus, a fesztiv\u00e1lok, a vend\u00e9gl\u00e1t\u00f3ipar mind-mind t\u00f6megek sz\u00f3rakoztat\u00e1s\u00e1ra \u00e9p\u00fcl\u0151 piacok. Az \u00e9ttermek \u00e9s a fesztiv\u00e1lok els\u0151dlegesen, de legal\u00e1bbis nagym\u00e9rt\u00e9kben a turist\u00e1kb\u00f3l \u00e9lnek. Most, a gy\u00fclekez\u00e9si tilalom miatt ez a piac lenull\u00e1z\u00f3dott. K\u00fcl\u00f6n\u00f6sen filmszer\u0171 volt, hogy \u00e9n \u00e9pp P\u00e1pua \u00daj-guinea egy kis szeglet\u00e9n voltam, ahol \u00fagy kellett internetet vad\u00e1szni, hogy valahogy kapcsolatba tudjak l\u00e9pni a koll\u00e9g\u00e1immal \u00e9s instru\u00e1lhassam \u0151ket. Eg\u00e9szen abszurd volt \u00e1t\u00e9lni a kor\u00e1bban csak filmeken l\u00e1tott katasztr\u00f3fa-\u00e1llapotot \u00e9l\u0151ben.<\/p>\n\n\n\n<p>Am\u00edg le\u00e1ll\u00e1s egy \u00e9tterem eset\u00e9ben is el\u0151fordulhat valamilyen m\u0171szaki hiba miatt, addig a mostani helyzet teljesen ismeretlen. <strong>Nem tudjuk mit mondjunk a koll\u00e9g\u00e1inknak vagy a vend\u00e9geinknek, de valamit reag\u00e1lnunk kell, mik\u00f6zben az esem\u00e9nyek gyorsan p\u00f6r\u00f6gnek \u00e9s val\u00f3j\u00e1ban fogalmunk sincsen mire \u00e9s hogyan k\u00e9sz\u00fclj\u00fcnk.<\/strong> Mikor lesz \u00fajraindul\u00e1s? Mekkora m\u00e9rt\u00e9k\u0171 lesz a kies\u00e9s? Mennyire t\u0171nnek el a turist\u00e1k?<\/p>\n\n\n\n<p>Mekkora szem\u00e9lyzetre lesz sz\u00fcks\u00e9g\u00fcnk, egy\u00e1ltal\u00e1n mihez kezdj\u00fcnk a megl\u00e9v\u0151vel, hiszen aki szem\u00e9lyzettel dolgozik, az tudja, hogy az emberek a legdr\u00e1g\u00e1bbak \u00e9s nem csak \u00e1tvitt \u00e9rtelemben. Menjenek fizetett vagy fizet\u00e9s n\u00e9lk\u00fcli szabads\u00e1gra? K\u00fcldj\u00fck el \u0151ket? De ha elk\u00fcldj\u00fck \u0151ket, vajon vissza tudjuk-e majd szerezni, hiszen sok esetben speci\u00e1lisan k\u00e9pzett szakemberekr\u0151l besz\u00e9l\u00fcnk. Meg tudunk-e tartani mondjuk t\u00f6bb mint harminc embert \u00fagy, hogy teljes fizet\u00e9st adunk nekik \u00e9s mi sem null\u00e1z\u00f3dunk le? Ha nulla bev\u00e9tel\u00fcnk van, meddig tarthat\u00f3 ez az \u00e1llapot? <\/p>\n\n\n\n<blockquote class=\"wp-block-quote is-layout-flow wp-block-quote-is-layout-flow\"><p><strong>Fenntarthat\u00f3-e \u00fagy egy csapat, hogy k\u00f6zben fel\u00e9led a tartal\u00e9kaidat? Itt az az egyik legnagyobb k\u00e9rd\u00e9s, hogy mikor kell bedobni a t\u00f6r\u00fclk\u00f6z\u0151t\u2026<\/strong> <\/p><\/blockquote>\n\n\n\n<p>\u00c9n meg\u00e9rtem azokat a koll\u00e9g\u00e1kat, akik radik\u00e1lis d\u00f6nt\u00e9seket hoztak \u00e9s elengedt\u00e9k a csapatuk nagy r\u00e9sz\u00e9t, mert eg\u00e9sz egyszer\u0171en nem nagyon volt m\u00e1s v\u00e1laszt\u00e1si lehet\u0151s\u00e9g\u00fck. Sajnos ez a helyzet nem kedvez a szoci\u00e1lis \u00e9rz\u00e9kenys\u00e9gnek, a c\u00e9gek, c\u00e9gvezet\u0151k jelenleg extra nyom\u00e1s alatt vannak.<\/p>\n\n\n\n<figure class=\"wp-block-embed-youtube wp-block-embed is-type-video is-provider-youtube wp-embed-aspect-16-9 wp-has-aspect-ratio\"><div class=\"wp-block-embed__wrapper\">\n<iframe loading=\"lazy\" title=\"Vend\u00e9gl\u00e1t\u00f3 ipar lehet\u0151s\u00e9gei 2020-ban - Gerendai K\u00e1roly - 2020.05.07\" width=\"500\" height=\"281\" src=\"https:\/\/www.youtube.com\/embed\/2-1BrK_E0ts?feature=oembed\" frameborder=\"0\" allow=\"accelerometer; autoplay; clipboard-write; encrypted-media; gyroscope; picture-in-picture; web-share\" referrerpolicy=\"strict-origin-when-cross-origin\" allowfullscreen><\/iframe>\n<\/div><figcaption>N\u00e9zd meg a besz\u00e9lget\u00e9st YouTubeon<\/figcaption><\/figure>\n\n\n\n<h2 class=\"wp-block-heading\"><strong>Ha tippelned k\u00e9ne, mit gondolsz, mi k\u00f6vetkezik most? Az emberek egyszerre indulnak majd meg, mert megunt\u00e1k a bez\u00e1rts\u00e1got vagy m\u00e9g ak\u00e1r 3-5-10 \u00e9vig sem t\u00e9r majd mag\u00e1hoz a piac?<\/strong><\/h2>\n\n\n\n<p>Erre nincs tuti forgat\u00f3k\u00f6nyv. Az a helyzet, hogy most egy olyan sok ismeretlenes egyenlet\u00fcnk van, aminek rengeteg eleme v\u00e1ltozik m\u00e9g a k\u00f6vetkez\u0151 id\u0151szakban. <strong>A stabil pontok hi\u00e1nya miatt a folyamatos v\u00e1ltoz\u00e1s \u00e9s az ehhez val\u00f3 alkalmazkod\u00e1s k\u00e9pess\u00e9ge hat\u00e1roz meg most minket<\/strong>, illetve azt, hogy lesz vagy nem lesz m\u00e1sodik hull\u00e1m, hogy milyen szinten durran(hat) be az enyh\u00edt\u00e9sekt\u0151l a j\u00e1rv\u00e1ny.<\/p>\n\n\n\n<p>Azt gondolom, a v\u00edrus visszaszor\u00edt\u00e1sa \u00e9s a retteg\u00e9s el\u00fcl\u00e9se ut\u00e1n sz\u00e1m\u00edthatunk egy nagyobb rohamra, ugyanakkor azzal is tiszt\u00e1ban kell lenn\u00fcnk, hogy az emberek nagy r\u00e9sze fel\u00e9lte vagy a teljes felold\u00e1s idej\u00e9re fel fogja \u00e9lni a tartal\u00e9kait. Ahogy a k\u00f6lt\u00e9si lehet\u0151s\u00e9gek cs\u00f6kkennek, \u00fagy a fogyaszt\u00e1s \u00e9s a kereslet is visszaesik. Ezek l\u00e1that\u00f3an komoly probl\u00e9m\u00e1kat okoznak a szektorban.&nbsp;<\/p>\n\n\n\n<p>Emiatt sz\u00e1molnunk kell azzal, hogy nem olyan \u00fctemben k\u00f6ltenek majd, mint eddig, teh\u00e1t <strong>\u00e9n mindenk\u00e9ppen arra k\u00e9sz\u00fcl\u00f6k, hogy a turizmusban ez egy \u00e9vekig elh\u00faz\u00f3d\u00f3 probl\u00e9ma lesz.<\/strong><\/p>\n\n\n\n<p>K\u00e9rd\u00e9s, hogy mi lesz azokkal a gazdas\u00e1gi l\u00e1ncolatokkal, amelyek szorosan egym\u00e1sra \u00e9p\u00fcl\u0151 v\u00e1llalkoz\u00e1sokb\u00f3l \u00e1llnak. <\/p>\n\n\n\n<blockquote class=\"wp-block-quote is-layout-flow wp-block-quote-is-layout-flow\"><p><strong>Lesznek cs\u0151dhelyzetek, melyek az eg\u00e9sz v\u00e1llalkoz\u00e1s-l\u00e1ncolat m\u0171k\u00f6d\u00e9s\u00e9t befoly\u00e1solhatj\u00e1k.<\/strong> <strong>L\u00e1ncolatok szakadhatnak meg \u00e9s olyan szerepl\u0151i is komoly bajba ker\u00fclhetnek egy-egy ilyen gazdas\u00e1gi\/v\u00e1llalkoz\u00f3i l\u00e1ncolatnak, akik a most cs\u0151dbe mentekre alapozt\u00e1k eddig a m\u0171k\u00f6d\u00e9s\u00fcket.<\/strong> <\/p><\/blockquote>\n\n\n\n<p>J\u00f3l l\u00e1that\u00f3 ez a fesztiv\u00e1lok eset\u00e9ben, amelyek elmarad\u00e1sa sz\u00e1mos kisebb v\u00e1llalkoz\u00e1s sz\u00e1m\u00e1ra teheti k\u00e9rd\u00e9sess\u00e9 az idei t\u00fal\u00e9l\u00e9st, hiszen bev\u00e9teleik ebb\u0151l az ipar\u00e1gb\u00f3l realiz\u00e1l\u00f3dtak. Olyan piacokr\u00f3l besz\u00e9l\u00fcnk, ahol nem k\u00f6nny\u0171 p\u00f3tolni a kies\u0151 tud\u00e1st, m\u0171k\u00f6d\u00e9st.&nbsp;<\/p>\n\n\n\n<p>Bed\u0151lnek utaz\u00e1si irod\u00e1k, l\u00e9git\u00e1rsas\u00e1gok, a turizmus m\u0171k\u00f6d\u00e9s\u00e9nek olyan szerepl\u0151i, akik n\u00e9lk\u00fcl nehezen kelhet \u00e9letre ez az \u00e1gazat. Hiszen p\u00e9ld\u00e1ul hi\u00e1ba nyitnak \u00fajra egy sz\u00e1llod\u00e1t, ha a vend\u00e9g nem tud odautazni, mert adott t\u00e9rs\u00e9g&nbsp; aut\u00f3val, vonattal vagy haj\u00f3val sokkal nehezebben vagy egy\u00e1ltal\u00e1n nem megk\u00f6zel\u00edthet\u0151. Sz\u00e1mos befoly\u00e1sol\u00f3 t\u00e9nyez\u0151 hat a most k\u00f6vetkez\u0151 id\u0151szak t\u00f6rt\u00e9n\u00e9seire.<\/p>\n\n\n\n<blockquote class=\"wp-block-quote is-layout-flow wp-block-quote-is-layout-flow\"><p><strong>T\u00f6bb k\u00fcl\u00f6nb\u00f6z\u0151 megold\u00e1si vari\u00e1ci\u00f3t kell fel\u00e1ll\u00edtanunk az elk\u00e9pzel\u00e9seink ment\u00e9n. Musz\u00e1j A,B,C verzi\u00f3t k\u00e9sz\u00edten\u00fcnk, mert mindenf\u00e9le eshet\u0151s\u00e9get bele kell kalkul\u00e1lnunk a k\u00f6vetkez\u0151 id\u0151szakba.<\/strong><\/p><\/blockquote>\n\n\n\n<p>\u00c9n mindenk\u00e9pp optimista vagyok. <strong>Abban b\u00edzom, hogy a vil\u00e1g meglep\u0151en gyorsan reag\u00e1l majd ezekre a kih\u00edv\u00e1sokra, ugyanakkor lesz egy \u00e1ltal\u00e1nos kereslet cs\u00f6kken\u00e9s<\/strong>. Ebb\u0151l ad\u00f3d\u00f3dan a v\u00e1llalkoz\u00e1soknak egy darabig t\u00fal\u00e9l\u0151 \u00fczemm\u00f3dra kell berendezkedni\u00fck.&nbsp;<\/p>\n\n\n\n<h2 class=\"wp-block-heading\"><strong>Sok piac \u00e1trendez\u0151dik, sok piac \u00fajra\u00e9rtelmez\u00e9st nyer.&nbsp;<\/strong><\/h2>\n\n\n\n<p>Szerintem t\u00f6bb olyan ter\u00fclet lesz, ahol a hangs\u00falyok mindenk\u00e9ppen eltol\u00f3dnak. Az irodapiac p\u00e9ld\u00e1ul az egyik \u00e9s itt nem biztos, hogy valaha vissza\u00e1ll az eredeti \u00e1llapot. Azt gondolom, az irod\u00e1k ir\u00e1nti ig\u00e9ny mindenk\u00e9pp visszaesik, mert most <strong>sok c\u00e9g felismerte, hogy egy\u00e1ltal\u00e1n nem vesz\u00edtett a hat\u00e9konys\u00e1g\u00e1b\u00f3l amiatt, hogy a koll\u00e9g\u00e1ik nem egy helyen \u00fcltek.<\/strong> Ennek lehetnek olyan pozit\u00edv vonatkoz\u00e1sai is \u2013 ha csak az es\u00e9lyegyenl\u0151s\u00e9g szempontj\u00e1b\u00f3l szeml\u00e9lj\u00fck mindezt \u2013, hogy jobban megny\u00edlnak a lehet\u0151s\u00e9gek a vid\u00e9kiek sz\u00e1m\u00e1ra is. <strong>Mostant\u00f3l a lak\u00f3hely nem lehet akad\u00e1lya annak, hogy egy nagyobb c\u00e9g munkat\u00e1rsa lehessen valaki, hiszen nem kell a nagyv\u00e1rosokba bej\u00e1rni.<\/strong> Kider\u00fclt, nem sz\u00fcks\u00e9ges, hogy nagyv\u00e1rosban \u00e9lj ahhoz, hogy hat\u00e9konyan ell\u00e1sd a munk\u00e1dat.<\/p>\n\n\n\n<p>Ezen k\u00edv\u00fcl azt gondolom, az oktat\u00e1sban is fontos kapukat nyit meg a v\u00e1ls\u00e1g. <strong>Bebizonyosodott, hogy a min\u0151s\u00e9gi oktat\u00e1s is el tudjuk juttatni online form\u00e1ban sokkal t\u00f6bb helyre, mint gondoltuk.<\/strong><\/p>\n\n\n\n<blockquote class=\"wp-block-quote is-layout-flow wp-block-quote-is-layout-flow\"><p><strong> Mindezek a lehet\u0151s\u00e9gek, utak m\u00e1r eddig is megvoltak, ezek nem \u00faj kelet\u0171 dolgok, csak eddig sokkal kev\u00e9sb\u00e9 voltunk kit\u00e9ve annak a k\u00e9nyszernek, hogy \u00e9lj\u00fcnk is ezekkel a lehet\u0151s\u00e9ggel. <\/strong><\/p><\/blockquote>\n\n\n\n<p>Viszont most, hogy megtapasztaltuk \u0151ket szerintem nem fog vissza\u00e1llni a kezdeti \u00e1llapot, hanem lassank\u00e9nt elkezdenek felp\u00f6r\u00f6gni ezek a folyamatok. Teh\u00e1t szerintem az online oktat\u00e1sban is \u00faj \u00fczleti modellek fejl\u0151dnek.<\/p>\n\n\n\n<h2 class=\"wp-block-heading\"><strong>Hogy l\u00e1tod a Lupa helyzet\u00e9t, a magyarorsz\u00e1gi helyzetet, a nyarat \u00fagy \u00e1ltal\u00e1ban?<\/strong><\/h2>\n\n\n\n<p>Fesztiv\u00e1lok ugye nem lesznek a korm\u00e1nyhat\u00e1rozat \u00e9rtelm\u00e9ben. Ez rengeteg rendezv\u00e9ny\u00fcnket \u00e9rinti a Szigett\u0151l a Voltig. Ugyanakkor l\u00e1tjuk, hogy a vid\u00e9ki strandok m\u0171k\u00f6d\u00e9s\u00e9ben m\u00e1r tett engedm\u00e9nyeket a vezet\u00e9s. Arra sz\u00e1m\u00edtunk, hogy a Lup\u00e1t hamarosan megnyithatjuk. Addig is olyan v\u00e1ls\u00e1g-kompatibilis \u00fczlet\u00e1gakban gondolkodunk, mint a horg\u00e1szat, amit most kezdt\u00fcnk el fejleszteni. Ezt az adotts\u00e1g\u00e1t eddig nem haszn\u00e1ltuk ki a t\u00f3nak, de most megnyitjuk a nagyk\u00f6z\u00f6ns\u00e9g el\u0151tt. A horg\u00e1szat kev\u00e9sb\u00e9 szezon\u00e1lis, mint a strand\u00fczem. Ugyanakkor nyilv\u00e1n nem hasonl\u00edthat\u00f3 \u00f6ssze, hogy maximum 80 horg\u00e1szt engedhetek be egy horg\u00e1szter\u00fcletre azzal, hogy strandolni 7500 embert is befogad a Lupa, ha nincsenek korl\u00e1toz\u00e1sok. Azt hozz\u00e1 kell tennem, hogy m\u00e9g \u00edgy is jobb helyzetben vagyok, mint egy \u00e1tlag strand, hiszen hatalmas a ter\u00fclet\u00fcnk.<\/p>\n\n\n\n<p>Ugyan\u00edgy az \u00e9ttermemn\u00e9l is elkezdt\u00fcnk a kisz\u00e1ll\u00edt\u00e1si lehet\u0151s\u00e9geken gondolkozni, ami neh\u00e9z, mert egy fine dining \u00e9tterem abszol\u00fat nincs ilyesmire berendezkedve. Nem tudunk teraszt sem m\u0171k\u00f6dtetni \u00e9ppen, \u00edgy most pr\u00f3b\u00e1ljuk megtal\u00e1lni a megfelel\u0151 megold\u00e1st. Ha most siker\u00fcl kidolgoznunk valamit, az a k\u00e9s\u0151bbiekben j\u00f3l j\u00f6het.&nbsp;<\/p>\n\n\n\n<blockquote class=\"wp-block-quote is-style-large is-layout-flow wp-block-quote-is-layout-flow\"><p><strong><em>Semmilyen v\u00e1llalkoz\u00e1s eset\u00e9ben sem szabad a s\u00fclt galambra, az \u00e1llami seg\u00edts\u00e9gre v\u00e1rni.<\/em><\/strong><\/p><\/blockquote>\n\n\n\n<p>Hozz\u00e1teszem, az\u00e9rt ez al\u00f3l vannak kiv\u00e9telek, mint mondjuk a l\u00e9gi t\u00e1rsas\u00e1gok, melyek t\u00fal\u00e9l\u00e9s\u00e9nek a z\u00e1loga val\u00f3ban az, kapnak-e az \u00e1llamt\u00f3l p\u00e9nzt. Itt olyan mennyis\u00e9g\u0171 p\u00e9nzt kell a rendszerbe pump\u00e1lni, amit csak az \u00e1llamok tudnak megtenni.<strong> Az \u00e1llamoknak pedig evidens \u00e9rdeke, hogy a l\u00e9git\u00e1rsas\u00e1gok \u00e9letben maradjanak, hiszen j\u00f3 n\u00e9h\u00e1ny orsz\u00e1g a turizmusb\u00f3l realiz\u00e1lja GDP-j\u00e9nek jelent\u0151s sz\u00e1zal\u00e9k\u00e1t.<\/strong> Ha ez hirtelen elveszne, az sokkal t\u00f6bb vesztes\u00e9get jelentene, mint amennyi nyeres\u00e9get a p\u00e1rhuzamosan elind\u00edtott \u00faj m\u0171k\u00f6d\u00e9si ter\u00fcletek hozn\u00e1nak.<\/p>\n\n\n\n<h2 class=\"wp-block-heading\"><strong>L\u00e1tsz-e b\u00e1rmilyen pozit\u00edvumot, lehet\u0151s\u00e9get ebben a neh\u00e9z id\u0151szakban?<\/strong><\/h2>\n\n\n\n<p>Kifejezetten azt gondolom, hogy mindenb\u0151l tanulni kell, minden helyzet arra val\u00f3, hogy a k\u00f6vetkez\u0151re megtanuljuk \u00e1ltala felk\u00e9sz\u00fclni. \u00c9vek \u00f3ta besz\u00e9ltek arr\u00f3l, hogy j\u00f6n valamilyen gazdas\u00e1gi v\u00e1ls\u00e1g, volt is olyan ismer\u0151s\u00f6m, aki m\u00e1r tavaly elkezdte \u00e1trendezni a portf\u00f3li\u00f3j\u00e1t. Arra viszont senki nem gondolt, hogy egyik pillanatr\u00f3l a m\u00e1sikra meg\u00e1ll k\u00f6r\u00fcl\u00f6tt\u00fcnk a vil\u00e1g. M\u00e9g mind eml\u00e9ksz\u00fcnk a nagy gazdas\u00e1gi vil\u00e1gv\u00e1ls\u00e1gra. Nos, annak k\u00f6vetkezt\u00e9ben l\u00e1tszik, hogy most v\u00e1ls\u00e1g\u00e1ll\u00f3bbak a c\u00e9gek, mert akkor megtanult\u00e1k hogyan kell tartal\u00e9kolni, kock\u00e1zatokat v\u00e1llalni.<\/p>\n\n\n\n<figure class=\"wp-block-image size-large is-resized\"><img loading=\"lazy\" decoding=\"async\" src=\"https:\/\/bizalmikor.hu\/blog\/wp-content\/uploads\/2020\/05\/20190622gerendai-karoly-es-a-lupa18-1.jpg\" alt=\"\" class=\"wp-image-3017\" width=\"1001\" height=\"667\" srcset=\"https:\/\/bizalmikor.hu\/blog\/wp-content\/uploads\/2020\/05\/20190622gerendai-karoly-es-a-lupa18-1.jpg 644w, https:\/\/bizalmikor.hu\/blog\/wp-content\/uploads\/2020\/05\/20190622gerendai-karoly-es-a-lupa18-1-300x200.jpg 300w\" sizes=\"(max-width: 1001px) 100vw, 1001px\" \/><\/figure>\n\n\n\n<p>Mi, akik akkor nem tanultunk, most pof\u00e1ra es\u00fcnk. Mi <strong>azt tanuljuk, hogy nem szabad ilyen felel\u0151tlen\u00fcl elhinni, hogy a turizmus az m\u00e1r egy biztosabb m\u0171v\u00e9szet. <\/strong>Ez egy folyamatosan n\u00f6vekv\u0151 trendet mutat\u00f3 ipar\u00e1g volt. <strong>Ugyanakkor nem vagyok benne biztos, hogy az elk\u00e9nyelmesed\u0151 ipar\u00e1gak szerepl\u0151inek nem tesz ez j\u00f3t. S\u0151t.<\/strong> Hiszen vannak olyanok ebben a szektorban, akiknek akkor is j\u00f3l megy, ha nem teszik igaz\u00e1n j\u00f3l oda magukat, mert j\u00f3k a k\u00f6r\u00fclm\u00e9nyek. <\/p>\n\n\n\n<blockquote class=\"wp-block-quote is-layout-flow wp-block-quote-is-layout-flow\"><p><strong>Most \u00fajra ki\u00e9lez\u0151dik majd a verseny, \u00fajra t\u00f6bb kreativit\u00e1st, id\u0151t, energi\u00e1t kell befektetn\u00fcnk. <\/strong>Szerintem ez hossz\u00fat\u00e1von \u00e9s r\u00f6vidt\u00e1von is j\u00f3 lehet, hiszen a most kialak\u00edtott modelleket be lehet \u00e9p\u00edteni a k\u00e9s\u0151bbi m\u0171k\u00f6d\u00e9s\u00fcnkbe. <\/p><\/blockquote>\n\n\n\n<p><strong>Azt mondom, hogy a vil\u00e1gnak, a gazdas\u00e1gnak, a turizmusnak, hogyha majd megn\u00e9zz\u00fck 3-5-10 \u00e9v m\u00falva, akkor azt l\u00e1thatjuk, hogy haszn\u00e1lt ez a helyzet, mert kir\u00e1ntott minket az elk\u00e9nyelmesed\u00e9sb\u0151l.<\/strong><\/p>\n\n\n\n<p>Besz\u00e9lget\u00e9s\u00fcnk sor\u00e1n sz\u00f3ba ker\u00fclt m\u00e9g a korl\u00e1toz\u00e1sok \u00e9rtelmez\u00e9s\u00e9nek k\u00e9rd\u00e9sk\u00f6re, kit\u00e9rt\u00fcnk arra, vajon mi\u00e9rt enged\u00e9lyezt\u00e9k a kisebb rendezv\u00e9nyeket \u00e9s, hogy b\u00e1rmilyen f\u00e1j\u00f3, de be kell l\u00e1tni \u00e9s el kell fogadni, hogy a t\u00f6bbt\u00edzezres, r\u00e1ad\u00e1sul nemzetk\u00f6zi k\u00f6z\u00f6ns\u00e9g \u00e1ltal l\u00e1togatott rendezv\u00e9nyek igen nagy kock\u00e1zatot jelenten\u00e9nek. Ez a felel\u0151s d\u00f6nt\u00e9s. <\/p>\n\n\n\n<blockquote class=\"wp-block-quote is-layout-flow wp-block-quote-is-layout-flow\"><p>Ugyanakkor <strong>most rengeteg szab\u00e1ly sz\u00fcletik, k\u00e9nyszer\u0171 gyorsas\u00e1ggal, amelyeket a k\u00e9s\u0151bbiekben mindenk\u00e9pp pontos\u00edtani kell majd<\/strong>. Viszont mindarr\u00f3l, amir\u0151l most kider\u00fcl, hogy m\u0171k\u00f6dik, az a k\u00e9s\u0151bbiekben is m\u0171k\u00f6dni fog. Ezek m\u00e1r a \u201enew normal\u201d r\u00e9sz\u00e9v\u00e9 v\u00e1lnak.<\/p><\/blockquote>\n\n\n\n<p>Hogy kicsit visszakanyarodjunk a vend\u00e9gl\u00e1t\u00e1shoz, besz\u00e9l\u00fcnk m\u00e9g a szabadt\u00e9ri, \u201eterasz-\u00e9let\u00e9rz\u00e9sr\u0151l\u201d, amit mivel most hozz\u00e1szoktak az emberek, val\u00f3sz\u00edn\u0171leg jobban ig\u00e9nyelnek majd a j\u00f6v\u0151ben is. <strong>A k\u00e9nyszer\u0171 karant\u00e9n id\u0151szak alatt megtanulhatt\u00e1k \u00e9rt\u00e9kelni, hogy egy\u00e1ltal\u00e1n ki\u00fclhetnek a szabadba, holott eddig azt gondolt\u00e1k, ez term\u00e9szetes.<\/strong> Persze fontos hozz\u00e1tenni, hogy az anyagi korl\u00e1tok nagyban befoly\u00e1solj\u00e1k majd a k\u00f6z\u00f6ns\u00e9get, teh\u00e1t a vend\u00e9gl\u00e1t\u00f3iparban sz\u00e1m\u00edtani kell egy hull\u00e1mhegy-hull\u00e1mv\u00f6lgy jelens\u00e9gre, nem besz\u00e9lve arr\u00f3l, mennyire \u00e9rezhet\u0151 lesz a turist\u00e1k elmarad\u00e1sa.<\/p>\n\n\n\n<blockquote class=\"wp-block-quote is-layout-flow wp-block-quote-is-layout-flow\"><p>Att\u00f3l ugyanis, hogy kevesebb a turista, nem lesz t\u00f6bb magyar a vend\u00e9gl\u00e1t\u00f3ipari egys\u00e9gekben. <strong>Nagyon fontos tudatoss\u00e1gbeli v\u00e1ltoz\u00e1s, hogy megtanuljunk sp\u00f3rolni, hogy \u00e9szrevegy\u00fck, sokan j\u00f3val a lehet\u0151s\u00e9geink f\u00f6l\u00f6tt \u00e9lt\u00fcnk<\/strong>.<\/p><\/blockquote>\n\n\n\n<p> Vil\u00e1gjelens\u00e9g is ez, de Magyarorsz\u00e1gon tal\u00e1n m\u00e9g felfokozottabb a helyzet, mert itt j\u00f3val kevesebb megtakar\u00edt\u00e1sa volt az embereknak nagy \u00e1ltal\u00e1noss\u00e1g\u00e1ban. Gerendai K\u00e1roly szerint nagyon meg\u00e9rzi ezt a magyar t\u00e1rsadalom \u00e9s rem\u00e9lhet\u0151leg r\u00e1\u00e9bred, hogy megtakar\u00edt\u00e1sok n\u00e9lk\u00fcl nem szabad nekimenni egy v\u00e1ls\u00e1gnak. \u00dagy v\u00e9li, jelen helyzetben csak vesztesek vannak. <strong>Nincs j\u00f3 megold\u00e1s, csak kev\u00e9sb\u00e9 vesztes\u00e9ges kimenetel. Ehhez pedig kreat\u00edv probl\u00e9mamegold\u00f3 k\u00e9szs\u00e9g \u00e9s n\u00e9mi tartal\u00e9k j\u00f3l j\u00f6n<\/strong>. Azok nagyobb es\u00e9lyjel tartoznak majd a kev\u00e9sb\u00e9 vesztesek k\u00f6z\u00e9, akik t\u00f6bb tartal\u00e9kkal indultak neki a v\u00e1ls\u00e1gnak. Legyen sz\u00f3 c\u00e9gekr\u0151l vagy mag\u00e1nszem\u00e9lyekr\u0151l.<\/p>\n\n\n\n<hr class=\"wp-block-separator is-style-wide\"\/>\n\n\n\n<h1 class=\"has-text-align-center wp-block-heading\">Szeretn\u00e9l megismerkedni klubtagjainkkal? K\u00e9rj egy megh\u00edv\u00f3t!<\/h1>\n\n\n\n<div class=\"wp-block-button aligncenter\"><a class=\"wp-block-button__link has-background\" href=\"https:\/\/bizalmikor.hu\/kapcsolat\/\" style=\"background-color:#14496b\" target=\"_blank\" rel=\"noreferrer noopener\"><strong>\u00c9rdekel a Bizalmi K\u00f6r klubtags\u00e1g<\/strong><\/a><\/div>\n\n\n\n<hr class=\"wp-block-separator is-style-wide\"\/>\n","protected":false},"excerpt":{"rendered":"<p>Gerendai K\u00e1rolyt senkinek sem kell bemutatni. A Sziget Fesztiv\u00e1l vizion\u00e1rius alap\u00edt\u00f3j\u00e1val ez\u00fattal arr\u00f3l besz\u00e9lgett\u00fcnk, hogyan \u00e9lhetnek t\u00fal azok a v\u00e1llalkoz\u00f3k, akik a vend\u00e9gl\u00e1t\u00e1sban, turizmusban voltak \u00e9rdekeltek a v\u00e1ls\u00e1g el\u0151tt.<\/p>\n","protected":false},"author":3,"featured_media":3016,"comment_status":"closed","ping_status":"open","sticky":false,"template":"","format":"standard","meta":{"footnotes":""},"categories":[25,24,16],"tags":[],"yoast_head":"<!-- This site is optimized with the Yoast SEO plugin v15.4 - https:\/\/yoast.com\/wordpress\/plugins\/seo\/ -->\n<title>A magyaroknak meg kell tanulniuk tartal\u00e9kolni<\/title>\n<meta name=\"description\" content=\"Gerendai K\u00e1rolyt senkinek sem kell bemutatni. A Sziget Fesztiv\u00e1l vizion\u00e1rius alap\u00edt\u00f3j\u00e1val ez\u00fattal arr\u00f3l besz\u00e9lgett\u00fcnk, hogyan \u00e9lhetnek t\u00fal azok a v\u00e1llalkoz\u00f3k, akik a vend\u00e9gl\u00e1t\u00e1sban, turizmusban voltak \u00e9rdekeltek a v\u00e1ls\u00e1g el\u0151tt.\" \/>\n<meta name=\"robots\" content=\"index, follow, max-snippet:-1, max-image-preview:large, max-video-preview:-1\" \/>\n<link rel=\"canonical\" href=\"https:\/\/bizalmikor.hu\/blog\/2020\/05\/26\/a-magyaroknak-meg-kell-tanulniuk-tartalekolni\/\" \/>\n<meta property=\"og:locale\" content=\"hu_HU\" \/>\n<meta property=\"og:type\" content=\"article\" \/>\n<meta property=\"og:title\" content=\"A magyaroknak meg kell tanulniuk tartal\u00e9kolni\" \/>\n<meta property=\"og:description\" content=\"Gerendai K\u00e1rolyt senkinek sem kell bemutatni. A Sziget Fesztiv\u00e1l vizion\u00e1rius alap\u00edt\u00f3j\u00e1val ez\u00fattal arr\u00f3l besz\u00e9lgett\u00fcnk, hogyan \u00e9lhetnek t\u00fal azok a v\u00e1llalkoz\u00f3k, akik a vend\u00e9gl\u00e1t\u00e1sban, turizmusban voltak \u00e9rdekeltek a v\u00e1ls\u00e1g el\u0151tt.\" \/>\n<meta property=\"og:url\" content=\"https:\/\/bizalmikor.hu\/blog\/2020\/05\/26\/a-magyaroknak-meg-kell-tanulniuk-tartalekolni\/\" \/>\n<meta property=\"og:site_name\" content=\"Bizalmi K\u00f6r blog\" \/>\n<meta property=\"article:publisher\" content=\"https:\/\/www.facebook.com\/bizalmikor\" \/>\n<meta property=\"article:published_time\" content=\"2020-05-26T07:54:18+00:00\" \/>\n<meta property=\"article:modified_time\" content=\"2020-05-26T07:55:27+00:00\" \/>\n<meta property=\"og:image\" content=\"https:\/\/bizalmikor.hu\/blog\/wp-content\/uploads\/2020\/05\/319633_gerendai_karoly.jpg\" \/>\n\t<meta property=\"og:image:width\" content=\"800\" \/>\n\t<meta property=\"og:image:height\" content=\"400\" \/>\n<meta name=\"twitter:card\" content=\"summary_large_image\" \/>\n<meta name=\"twitter:label1\" content=\"Szerz\u0151:\">\n\t<meta name=\"twitter:data1\" content=\"Gangel P\u00e9ter\">\n\t<meta name=\"twitter:label2\" content=\"Becs\u00fclt olvas\u00e1si id\u0151\">\n\t<meta name=\"twitter:data2\" content=\"11 perc\">\n<script type=\"application\/ld+json\" class=\"yoast-schema-graph\">{\"@context\":\"https:\/\/schema.org\",\"@graph\":[{\"@type\":\"Organization\",\"@id\":\"https:\/\/bizalmikor.hu\/blog\/#organization\",\"name\":\"Bizalmi K\\u00f6r Kft.\",\"url\":\"https:\/\/bizalmikor.hu\/blog\/\",\"sameAs\":[\"https:\/\/www.facebook.com\/bizalmikor\",\"https:\/\/www.instagram.com\/bizalmikor\/\",\"https:\/\/www.linkedin.com\/company\/19165894\",\"https:\/\/www.youtube.com\/channel\/UC7fAD3QCIWeSexU5t6F3YOw?view_as=subscriber\"],\"logo\":{\"@type\":\"ImageObject\",\"@id\":\"https:\/\/bizalmikor.hu\/blog\/#logo\",\"inLanguage\":\"hu\",\"url\":\"https:\/\/bizalmikor.hu\/blog\/wp-content\/uploads\/2019\/02\/Group-2.png\",\"width\":4033,\"height\":1192,\"caption\":\"Bizalmi K\\u00f6r Kft.\"},\"image\":{\"@id\":\"https:\/\/bizalmikor.hu\/blog\/#logo\"}},{\"@type\":\"WebSite\",\"@id\":\"https:\/\/bizalmikor.hu\/blog\/#website\",\"url\":\"https:\/\/bizalmikor.hu\/blog\/\",\"name\":\"Bizalmi K\\u00f6r blog\",\"description\":\"Egynek minden neh\\u00e9z, soknak semmi sem lehetetlen.\",\"publisher\":{\"@id\":\"https:\/\/bizalmikor.hu\/blog\/#organization\"},\"potentialAction\":[{\"@type\":\"SearchAction\",\"target\":\"https:\/\/bizalmikor.hu\/blog\/?s={search_term_string}\",\"query-input\":\"required name=search_term_string\"}],\"inLanguage\":\"hu\"},{\"@type\":\"ImageObject\",\"@id\":\"https:\/\/bizalmikor.hu\/blog\/2020\/05\/26\/a-magyaroknak-meg-kell-tanulniuk-tartalekolni\/#primaryimage\",\"inLanguage\":\"hu\",\"url\":\"https:\/\/bizalmikor.hu\/blog\/wp-content\/uploads\/2020\/05\/319633_gerendai_karoly.jpg\",\"width\":800,\"height\":400},{\"@type\":\"WebPage\",\"@id\":\"https:\/\/bizalmikor.hu\/blog\/2020\/05\/26\/a-magyaroknak-meg-kell-tanulniuk-tartalekolni\/#webpage\",\"url\":\"https:\/\/bizalmikor.hu\/blog\/2020\/05\/26\/a-magyaroknak-meg-kell-tanulniuk-tartalekolni\/\",\"name\":\"A magyaroknak meg kell tanulniuk tartal\\u00e9kolni\",\"isPartOf\":{\"@id\":\"https:\/\/bizalmikor.hu\/blog\/#website\"},\"primaryImageOfPage\":{\"@id\":\"https:\/\/bizalmikor.hu\/blog\/2020\/05\/26\/a-magyaroknak-meg-kell-tanulniuk-tartalekolni\/#primaryimage\"},\"datePublished\":\"2020-05-26T07:54:18+00:00\",\"dateModified\":\"2020-05-26T07:55:27+00:00\",\"description\":\"Gerendai K\\u00e1rolyt senkinek sem kell bemutatni. A Sziget Fesztiv\\u00e1l vizion\\u00e1rius alap\\u00edt\\u00f3j\\u00e1val ez\\u00fattal arr\\u00f3l besz\\u00e9lgett\\u00fcnk, hogyan \\u00e9lhetnek t\\u00fal azok a v\\u00e1llalkoz\\u00f3k, akik a vend\\u00e9gl\\u00e1t\\u00e1sban, turizmusban voltak \\u00e9rdekeltek a v\\u00e1ls\\u00e1g el\\u0151tt.\",\"inLanguage\":\"hu\",\"potentialAction\":[{\"@type\":\"ReadAction\",\"target\":[\"https:\/\/bizalmikor.hu\/blog\/2020\/05\/26\/a-magyaroknak-meg-kell-tanulniuk-tartalekolni\/\"]}]},{\"@type\":\"Article\",\"@id\":\"https:\/\/bizalmikor.hu\/blog\/2020\/05\/26\/a-magyaroknak-meg-kell-tanulniuk-tartalekolni\/#article\",\"isPartOf\":{\"@id\":\"https:\/\/bizalmikor.hu\/blog\/2020\/05\/26\/a-magyaroknak-meg-kell-tanulniuk-tartalekolni\/#webpage\"},\"author\":{\"@id\":\"https:\/\/bizalmikor.hu\/blog\/#\/schema\/person\/a89936ed381c3afa4cd7a27040dbfb07\"},\"headline\":\"A magyaroknak meg kell tanulniuk tartal\\u00e9kolni\",\"datePublished\":\"2020-05-26T07:54:18+00:00\",\"dateModified\":\"2020-05-26T07:55:27+00:00\",\"mainEntityOfPage\":{\"@id\":\"https:\/\/bizalmikor.hu\/blog\/2020\/05\/26\/a-magyaroknak-meg-kell-tanulniuk-tartalekolni\/#webpage\"},\"publisher\":{\"@id\":\"https:\/\/bizalmikor.hu\/blog\/#organization\"},\"image\":{\"@id\":\"https:\/\/bizalmikor.hu\/blog\/2020\/05\/26\/a-magyaroknak-meg-kell-tanulniuk-tartalekolni\/#primaryimage\"},\"articleSection\":\"COVID-19 \\u00fczleti tapasztalatok,\\u00dczleti \\u00e9rdekess\\u00e9gek,V\\u00e1llalkoz\\u00e1s\",\"inLanguage\":\"hu\"},{\"@type\":\"Person\",\"@id\":\"https:\/\/bizalmikor.hu\/blog\/#\/schema\/person\/a89936ed381c3afa4cd7a27040dbfb07\",\"name\":\"Gangel P\\u00e9ter\",\"image\":{\"@type\":\"ImageObject\",\"@id\":\"https:\/\/bizalmikor.hu\/blog\/#personlogo\",\"inLanguage\":\"hu\",\"url\":\"https:\/\/secure.gravatar.com\/avatar\/ee1c6e901d6b9c50c9a2204252c914b4?s=96&d=mm&r=g\",\"caption\":\"Gangel P\\u00e9ter\"}}]}<\/script>\n<!-- \/ Yoast SEO plugin. -->","_links":{"self":[{"href":"https:\/\/bizalmikor.hu\/blog\/wp-json\/wp\/v2\/posts\/3013"}],"collection":[{"href":"https:\/\/bizalmikor.hu\/blog\/wp-json\/wp\/v2\/posts"}],"about":[{"href":"https:\/\/bizalmikor.hu\/blog\/wp-json\/wp\/v2\/types\/post"}],"author":[{"embeddable":true,"href":"https:\/\/bizalmikor.hu\/blog\/wp-json\/wp\/v2\/users\/3"}],"replies":[{"embeddable":true,"href":"https:\/\/bizalmikor.hu\/blog\/wp-json\/wp\/v2\/comments?post=3013"}],"version-history":[{"count":5,"href":"https:\/\/bizalmikor.hu\/blog\/wp-json\/wp\/v2\/posts\/3013\/revisions"}],"predecessor-version":[{"id":3022,"href":"https:\/\/bizalmikor.hu\/blog\/wp-json\/wp\/v2\/posts\/3013\/revisions\/3022"}],"wp:featuredmedia":[{"embeddable":true,"href":"https:\/\/bizalmikor.hu\/blog\/wp-json\/wp\/v2\/media\/3016"}],"wp:attachment":[{"href":"https:\/\/bizalmikor.hu\/blog\/wp-json\/wp\/v2\/media?parent=3013"}],"wp:term":[{"taxonomy":"category","embeddable":true,"href":"https:\/\/bizalmikor.hu\/blog\/wp-json\/wp\/v2\/categories?post=3013"},{"taxonomy":"post_tag","embeddable":true,"href":"https:\/\/bizalmikor.hu\/blog\/wp-json\/wp\/v2\/tags?post=3013"}],"curies":[{"name":"wp","href":"https:\/\/api.w.org\/{rel}","templated":true}]}}