{"id":3023,"date":"2020-05-26T09:30:16","date_gmt":"2020-05-26T09:30:16","guid":{"rendered":"https:\/\/bizalmikor.hu\/blog\/?p=3023"},"modified":"2020-05-26T10:17:30","modified_gmt":"2020-05-26T10:17:30","slug":"chikan-attila-versengo-valsagok","status":"publish","type":"post","link":"https:\/\/bizalmikor.hu\/blog\/2020\/05\/26\/chikan-attila-versengo-valsagok\/","title":{"rendered":"Chik\u00e1n Attila: Verseng\u0151 v\u00e1ls\u00e1gok"},"content":{"rendered":"\n<p><strong>Amikor el\u0151ad\u00e1s\/besz\u00e9lget\u00e9s sorozatokat elind\u00edtottuk, nagy v\u00e1gyunk volt, hogy Chik\u00e1n Tan\u00e1r \u00darral is alkalmunk legyen eszm\u00e9t cser\u00e9lni. Egyszerre szomor\u00fa, hogy \u00e9pp a v\u00e1ls\u00e1g kapcs\u00e1n ker\u00fclhetett erre sor, ugyanakkor igen hasznos is, hiszen a magyar gazdas\u00e1gi \u00e9let egy olyan szerepl\u0151j\u00e9r\u0151l besz\u00e9l\u00fcnk, akit\u0151l rengeteget tanulhatunk. L\u00e1ssuk, mit hozhattunk el t\u0151le m\u00e1jus elejei besz\u00e9lget\u00e9s\u00fcnkb\u0151l!<\/strong><\/p>\n\n\n\n<p><em>Els\u0151sorban a gazdas\u00e1gi \u00f6sszef\u00fcgg\u00e9sek szempontj\u00e1b\u00f3l k\u00f6zel\u00edtett\u00fck meg a v\u00e1ls\u00e1g k\u00e9rd\u00e9s\u00e9t. Arra kerest\u00fck a v\u00e1laszt, milyen lehets\u00e9ges forgat\u00f3k\u00f6nyvek j\u00f6hetnek sz\u00f3ba az \u00fajraindul\u00e1sban, mire lesz elegend\u0151 a gazdas\u00e1g\u00e9l\u00e9nk\u00edt\u0151 program, milyen tov\u00e1bbi seg\u00edts\u00e9gre vagy extra teherv\u00e1llal\u00e1sra lesz\/lehet sz\u00fcks\u00e9g\u00fck a c\u00e9gvezet\u0151knek.&nbsp;<\/em><\/p>\n\n\n\n<p>P\u00e9ld\u00e1tlan v\u00e1ls\u00e1g kit\u00f6r\u00e9s\u00e9t \u00e9lhett\u00fck meg az elm\u00falt h\u00f3napokban. A modern t\u00f6rt\u00e9nelemben nem tapasztaltunk m\u00e9g olyan kr\u00edzist, ami a gazdas\u00e1got ilyen m\u00f3don &#8211; k\u00edv\u00fclr\u0151l &#8211; verte volna le. <\/p>\n\n\n\n<blockquote class=\"wp-block-quote is-layout-flow wp-block-quote-is-layout-flow\"><p><strong>Az eg\u00e9szs\u00e9g\u00fcgy ir\u00e1ny\u00e1b\u00f3l t\u00e1mad\u00f3 koronav\u00edrus szokatlan helyzet el\u00e9 \u00e1ll\u00edtotta a gazdas\u00e1got ir\u00e1ny\u00edt\u00f3kat, hiszen ugyanazokat az er\u0151forr\u00e1sokat kell felhaszn\u00e1lniuk a gazdas\u00e1g fenntart\u00e1s\u00e1ra \u00e9s \u00e9l\u00e9nk\u00edt\u00e9s\u00e9re, amelyeket az eg\u00e9szs\u00e9g\u00fcgy probl\u00e9m\u00e1inak megold\u00e1saira is.<\/strong> <\/p><\/blockquote>\n\n\n\n<p>Ilyen \u00e9rtelemben az eg\u00e9szs\u00e9g\u00fcgyi \u00e9s a gazdas\u00e1gi vil\u00e1gv\u00e1ls\u00e1g, ami most egyszerre \u00e9rt el benn\u00fcnket, versengenek egym\u00e1ssal \u00e9s nagyon \u00faj, nagyon szokatlan helyzet el\u00e9 \u00e1ll\u00edtj\u00e1k a szf\u00e9ra szerepl\u0151it, akiknek most egy minden eddigin\u00e9l komplexebb probl\u00e9m\u00e1val kell megk\u00fczdeni\u00fck.&nbsp;<\/p>\n\n\n\n<figure class=\"wp-block-embed-youtube wp-block-embed is-type-video is-provider-youtube wp-embed-aspect-16-9 wp-has-aspect-ratio\"><div class=\"wp-block-embed__wrapper\">\n<iframe loading=\"lazy\" title=\"Chik\u00e1n Attila: Verseng\u0151 v\u00e1ls\u00e1gok 2020.05.04\" width=\"500\" height=\"281\" src=\"https:\/\/www.youtube.com\/embed\/5-k_myfpDT8?feature=oembed\" frameborder=\"0\" allow=\"accelerometer; autoplay; clipboard-write; encrypted-media; gyroscope; picture-in-picture; web-share\" referrerpolicy=\"strict-origin-when-cross-origin\" allowfullscreen><\/iframe>\n<\/div><figcaption>N\u00e9zd vissza YouTubeon.<\/figcaption><\/figure>\n\n\n\n<p>A magyar KKV-k helyzete \u00e9s versenyk\u00e9pess\u00e9g\u00e9nek k\u00e9rd\u00e9sk\u00f6re is el\u0151t\u00e9rbe ker\u00fclt most, hiszen egy ilyen szitu\u00e1ci\u00f3ban kider\u00fcl, hol vannak a legnagyobb hi\u00e1nyoss\u00e1gok, azt pedig eddig is tudtuk, hogy ebben a szektorban nincsenek t\u00fal nagy tartal\u00e9kok. <strong>A munkav\u00e1llal\u00f3k 72%-a KKV-ban dolgozik, vagyis ez egy elk\u00e9peszt\u0151en nagy szelete a gazdas\u00e1gnak, <\/strong>emellett rendk\u00edv\u00fcl soksz\u00edn\u0171 is, hiszen olyan \u00e1gazatokr\u00f3l besz\u00e9l\u00fcnk, mint p\u00e9ld\u00e1ul a zeneipar, az aut\u00f3ipar vagy a m\u0171szeripar. Ezeket, term\u00e9szet\u00fckb\u0151l ad\u00f3d\u00f3an eg\u00e9szen m\u00e1sk\u00e9pp \u00e9rintette a v\u00e1ls\u00e1g.<\/p>\n\n\n\n<blockquote class=\"wp-block-quote is-style-large is-layout-flow wp-block-quote-is-layout-flow\"><p><strong>H\u00e1romf\u00e9le v\u00e1ls\u00e1g\u00e1llapotot kell megk\u00fcl\u00f6nb\u00f6ztetn\u00fcnk.<\/strong><\/p><\/blockquote>\n\n\n\n<p><strong>Az egyik a hagyom\u00e1nyos v\u00e1ls\u00e1ghelyzet, amelyben a nagyobb, er\u0151sebb v\u00e1llalatok ker\u00fclnek vesz\u00e9lybe.<\/strong> Jelenleg ide sorolhat\u00f3 p\u00e9ld\u00e1ul az \u00e9lelmiszeripar, az \u00e9lelmiszergazdas\u00e1g v\u00e9g\u00fck\u00f6n a nagy ell\u00e1t\u00f3 c\u00e9gekkel &#8211; de az aut\u00f3ipari multik is -, <strong>ahol pillanatnyi \u00e1talak\u00edt\u00e1sok zajlanak, de az \u00e9l\u00e9nk\u00fcl\u00e9s bel\u00e1that\u00f3 id\u0151n bel\u00fcl \u00fajra beindul, ism\u00e9t megny\u00edlnak majd a lehet\u0151s\u00e9gek ezen a piaci ter\u00fcleten.<\/strong><\/p>\n\n\n\n<p><br><strong>A k\u00f6vetkez\u0151 kateg\u00f3ri\u00e1ba azok a c\u00e9gek, v\u00e1llalkoz\u00e1sok tartoznak, akik egy teljesen megsz\u0171n\u0151 vagy \u00e1tmenetileg le\u00e1ll\u00f3 ipar\u00e1gban m\u0171k\u00f6dtek<\/strong>. Term\u00e9szetesen semmi sem v\u00e9gleges, de evidens, hogy a sz\u00f3rakoztat\u00f3ipar, a turizmus, a kult\u00fara k\u00fcl\u00f6nb\u00f6z\u0151 \u00e1gazatai sokkal jobban megszenvedik ezt a v\u00e1ls\u00e1got, ezt a le\u00e1ll\u00e1st. <strong>Itt arra is fontos felh\u00edvnunk a figyelmet, hogy ezek az \u00e1gazatok \u00e9s a hozz\u00e1juk kapcsol\u00f3d\u00f3 kiszolg\u00e1l\u00f3 tev\u00e9kenys\u00e9gek sokkal nagyobb r\u00e9teget \u00e9rintenek, mint azt els\u0151re gondoln\u00e1nk.<\/strong> P\u00e9ld\u00e1ul, ha adott egy hattag\u00fa zenekar, az \u0151 rendszeres fell\u00e9p\u00e9s\u00fckh\u00f6z mondjuk m\u00e1sik t\u00edz ember h\u00e1tt\u00e9rmunk\u00e1ja sz\u00fcks\u00e9ges. Teh\u00e1t nagyon is jogosan keress\u00fck a zen\u00e9szek \u00e9s sz\u00edn\u00e9szek sz\u00e1m\u00e1ra el\u00e9rhet\u0151 t\u00e1mogat\u00e1si lehet\u0151s\u00e9geket, hiszen vel\u00fck kapcsolatban az \u0151 ter\u00fclet\u00fck\u00f6n m\u0171k\u00f6d\u0151 h\u00e1tt\u00e9r-alkalmazottakra is gondolnunk kell, akik most szint\u00e9n bajba ker\u00fcltek. Teh\u00e1t ez a m\u00e1sodik csoport, amelyik elvesztette \u2013 ha csak ideiglenesen is \u2013 a l\u00e9talapj\u00e1t. Ideiglenesen, hiszen minden j\u00f3zan bel\u00e1t\u00e1s, sz\u00e1m\u00edt\u00e1s szerint legk\u00e9s\u0151bb egy-k\u00e9t \u00e9ven bel\u00fcl \u00fajraindulhatnak ezek a ter\u00fcletek is. Hogy addig hogyan lehet egyens\u00falyozni, \u00e1tv\u00e9szelni ezt az id\u0151szakot, az egy m\u00e1sik besz\u00e9lget\u00e9s t\u00e9m\u00e1ja lenne.<\/p>\n\n\n\n<p><strong>A harmadik v\u00e1ls\u00e1g\u00e1llapot vagy a kr\u00edzis szerepl\u0151inek harmadik csoportja azok k\u00f6z\u00fcl a c\u00e9gek k\u00f6z\u00fcl ker\u00fclt ki, akik eset\u00e9ben a menedzsmenten m\u00falott, m\u00falik a v\u00e1ls\u00e1g kezel\u00e9se. Hov\u00e1 helyezik magukat jelenleg? <\/strong>Visszavonul\u00f3t f\u00fajnak m\u00edg kialakulnak az \u00faj er\u0151viszonyok vagy nyitnak? <strong>Kiskeresked\u0151k \u00e9s szem\u00e9lyi szolg\u00e1ltat\u00f3k sokas\u00e1ga mozog most ezen a sk\u00e1l\u00e1n.<\/strong> Eset\u00fckben k\u00e9rd\u00e9ses, hogy k\u00e9pesek-e kihaszn\u00e1lni az \u00faj lehet\u0151s\u00e9geket, hogy partnereik vagy versenyt\u00e1rsaik \u00e1ltal \u00fajabb piacokhoz jutnak-e jelenleg. Nagyon \u00e9rdekes p\u00e9lda a h\u00e1zhozsz\u00e1ll\u00edt\u00e1sok elterjed\u00e9se, ami kor\u00e1bban egy alig l\u00e9tez\u0151 tev\u00e9kenys\u00e9gi \u00e1g volt, most viszont igen el\u0151ny\u00f6s helyzetbe ker\u00fclt. M\u00e9g azt az \u00e1ll\u00edt\u00e1st is megkock\u00e1ztathatjuk, hogy val\u00f3sz\u00edn\u0171leg a v\u00e1ls\u00e1g elm\u00falt\u00e1val is t\u00f6bb ember gondolkodik majd h\u00e1zhozsz\u00e1ll\u00edt\u00e1sban, mint kor\u00e1bban, hiszen a kr\u00edzis ideje alatt hozz\u00e1szokott ehhez a szolg\u00e1ltat\u00e1shoz.<\/p>\n\n\n\n<figure class=\"wp-block-image size-large is-resized\"><img loading=\"lazy\" decoding=\"async\" src=\"https:\/\/bizalmikor.hu\/blog\/wp-content\/uploads\/2020\/05\/22114682_2b11e6b5ffac428cd0f6c93cebcaa03c_wm.jpg\" alt=\"\" class=\"wp-image-3025\" width=\"928\" height=\"618\" srcset=\"https:\/\/bizalmikor.hu\/blog\/wp-content\/uploads\/2020\/05\/22114682_2b11e6b5ffac428cd0f6c93cebcaa03c_wm.jpg 727w, https:\/\/bizalmikor.hu\/blog\/wp-content\/uploads\/2020\/05\/22114682_2b11e6b5ffac428cd0f6c93cebcaa03c_wm-300x200.jpg 300w\" sizes=\"(max-width: 928px) 100vw, 928px\" \/><\/figure>\n\n\n\n<blockquote class=\"wp-block-quote is-style-large is-layout-flow wp-block-quote-is-layout-flow\"><p><strong><em>Mindenkinek saj\u00e1t megold\u00e1s ut\u00e1n kell n\u00e9znie. A h\u00e1rmas feloszt\u00e1sb\u00f3l tal\u00e1n a menedzsment \u00e1ltal meghat\u00e1rozott csoport van a legizgalmasabb helyzetben, hiszen ott van most a legnagyobb mozg\u00e1stere a c\u00e9gvezet\u0151knek.<\/em><\/strong><\/p><\/blockquote>\n\n\n\n<p>Arra a k\u00e9rd\u00e9sre, hogy l\u00e1t-e maradand\u00f3 struktur\u00e1lis v\u00e1ltoz\u00e1sokat a gazdas\u00e1gban, a volt gazdas\u00e1gi miniszter azt mondja, nagy mer\u00e9szs\u00e9g lenne jelenleg ilyen kijelent\u00e9sekbe bocs\u00e1tkozni. <strong>A legfontosabbnak azt tartja, hogy a gazdas\u00e1g alapvet\u0151 szab\u00e1lyai \u00e9letben maradjanak.<\/strong> Ezt abban l\u00e1tja realiz\u00e1l\u00f3dni, hogy a c\u00e9gek tev\u00e9kenys\u00e9gi k\u00f6r\u00e9t ugyanazokban a strat\u00e9giai elk\u00e9pzel\u00e9sekben kell meghat\u00e1rozni, mint a kor\u00e1bbiakban. Kiemelte tov\u00e1bb\u00e1, hogy a menedzsmenten a j\u00f6v\u0151ben k\u00fcl\u00f6n\u00f6sen sok m\u00falik majd, de az elmondottakon t\u00fal \u00e1gazati \u00e9rtelemben kevesebb v\u00e1ltoz\u00e1st l\u00e1t.<\/p>\n\n\n\n<p><strong>Amelyen ink\u00e1bb l\u00e1tja \u00e9s rem\u00e9li a v\u00e1ltoz\u00e1st, az a tev\u00e9kenys\u00e9gek, a t\u00fals\u00e1gosan hossz\u00fa \u00e9s bonyolult ell\u00e1t\u00e1si l\u00e1ncok ter\u00fclete. <\/strong>Ez a v\u00e1ltoz\u00e1s rengeteg embert \u00e9rint Magyarorsz\u00e1gon is, hiszen mi is hozz\u00e1szoktunk, s\u0151t szinte b\u00fcszk\u00e9k voltunk arra, hogy egy v\u00e9gs\u0151 term\u00e9k \u00f6ssze\u00e1ll\u00edt\u00e1s\u00e1hoz ak\u00e1r 15-20 orsz\u00e1gb\u00f3l \u2013 esetenk\u00e9nt a vil\u00e1g t\u00fals\u00f3 v\u00e9g\u00e9r\u0151l \u2013 szerezt\u00fck be a hozz\u00e1val\u00f3kat. <\/p>\n\n\n\n<blockquote class=\"wp-block-quote is-layout-flow wp-block-quote-is-layout-flow\"><p><strong>Ezen a r\u00e9szter\u00fcleten mindenk\u00e9pp kardin\u00e1lis v\u00e1ltoz\u00e1sok \u00e1llnak el\u0151, de azt, hogy ezeket a v\u00e1ltoz\u00e1sokat hogyan kezelik, mit tartanak meg bel\u0151l\u00fck, a mindenkori menedzsmentnek kell eld\u00f6ntenie alapos megfontol\u00e1sok ut\u00e1n.<\/strong> <\/p><\/blockquote>\n\n\n\n<p>Ebb\u0151l a szempontb\u00f3l Magyarorsz\u00e1g \u00e9s a magyar v\u00e1llalkoz\u00e1sok saj\u00e1tos helyzetben vannak, mert mik\u00f6zben az orsz\u00e1g nyitott, ami sz\u00e1mos v\u00e9szhelyzethez vezethet, ugyanez a nyitotts\u00e1g alapot adhat a kapcsolataink b\u0151v\u00edt\u00e9s\u00e9re. <strong>Mindenesetre az teljesen biztos, hogy nagyon k\u00fcl\u00f6nleges id\u0151szak \u00e1ll el\u0151tt\u00fcnk, \u00e9s sok c\u00e9gnek kell majd a saj\u00e1t m\u0171k\u00f6d\u00e9s\u00e9t \u00fajragondolni.&nbsp;<\/strong><\/p>\n\n\n\n<p><strong>Besz\u00e9lget\u00e9s\u00fcnkben \u00e9rintett\u00fck m\u00e9g a KKV szektor \u00e9rdek\u00e9rv\u00e9nyes\u00edt\u00e9s\u00e9nek lehet\u0151s\u00e9geit, ennek korl\u00e1tait \u00e9s azt, hogy j\u00f3 lenne, ha ez a v\u00e1ls\u00e1g sz\u00e9les\u00edten\u00e9 ezeket a korl\u00e1tokat, hiszen a magyarorsz\u00e1gi KKV szektor jelent\u0151sen elmaradott a fejlett orsz\u00e1gokhoz k\u00e9pest.<\/strong> Chik\u00e1n Attila a megl\u00e9v\u0151 szervezetek er\u0151s\u00f6d\u00e9s\u00e9ben \u00e9s \u00faj szervezetek l\u00e9trehoz\u00e1s\u00e1ban l\u00e1tja a megold\u00e1st, de kiemeli, mindenk\u00e9pp sz\u00fcks\u00e9g van a jelenlegin\u00e9l er\u0151sebb k\u00e9pviseletre is. Ezeket a v\u00e1ltoz\u00e1sokat azonban csak magukt\u00f3l a KKV szektor szerepl\u0151it\u0151l lehet v\u00e1rni. <\/p>\n\n\n\n<blockquote class=\"wp-block-quote is-layout-flow wp-block-quote-is-layout-flow\"><p><strong>Hat\u00e1sos \u00e9rvel\u00e9si pontk\u00e9nt jel\u00f6li meg a munkan\u00e9lk\u00fclis\u00e9g k\u00e9rd\u00e9sk\u00f6r\u00e9t, hiszen a munkav\u00e1llal\u00f3k 72% &#8211; ahogyan azt m\u00e1r kor\u00e1bban eml\u00edtett\u00fck \u2013 ebben a szektorban dolgozik.<\/strong> <\/p><\/blockquote>\n\n\n\n<p>Ha a KKV-k innen k\u00f6zel\u00edten\u00e9k meg a k\u00e9rd\u00e9sk\u00f6rt, a politika \u00e9rdekl\u0151d\u00e9s\u00e9nek k\u00f6z\u00e9ppontj\u00e1ba is k\u00f6nnyebb lehetne beker\u00fclni\u00fck. Minden esetre a korm\u00e1ny eddigi int\u00e9zked\u00e9seivel kapcsolatban a Corvinus kor\u00e1bbi rektora bizakod\u00f3, azt mondja, ezek j\u00f3 ir\u00e1nyba mutatnak, csak nem el\u00e9g er\u0151sek \u00e9s struktur\u00e1ltak. \u00dagy v\u00e9li <strong>l\u00e9nyegesen nagyobb er\u0151forr\u00e1sokat k\u00e9ne mozg\u00f3s\u00edtani \u00e9s kiemelten fontos volna nagy hangs\u00falyt fektetni az als\u00f3 k\u00f6z\u00e9poszt\u00e1lyra, akiket a v\u00e1ls\u00e1ghelyzet v\u00e1rhat\u00f3an a legrosszabbul \u00e9rint.<\/strong>&nbsp;<\/p>\n\n\n\n<blockquote class=\"wp-block-quote is-style-large is-layout-flow wp-block-quote-is-layout-flow\"><p><strong><em>T\u00f6meges jelens\u00e9g, hogy a munkaer\u0151 egy n\u00e9lk\u00fcl\u00f6zhet\u0151 r\u00e9sz\u00e9t\u0151l most megszabadulnak a c\u00e9gek. A korm\u00e1nyzatnak \u00e9s az \u00f6nkorm\u00e1nyzatoknak k\u00e9szen kellene \u00e1llniuk arra, hogy seg\u00edts\u00e9get ny\u00fajtsanak, hiszen az \u00e9rintett embereknek hovatov\u00e1bb a t\u00fal\u00e9l\u00e9s\u00fck m\u00falhat ezen.<\/em><\/strong><\/p><\/blockquote>\n\n\n\n<p>Ha Chik\u00e1n Attila kez\u00e9ben lenne az ir\u00e1ny\u00edt\u00e1s, a gyorsas\u00e1got helyezn\u00e9 f\u00f3kuszba. <strong>A legfontosabbnak az uni\u00f3s p\u00e9nzek kifizet\u00e9s\u00e9t l\u00e1tja, a hagyom\u00e1nyosan hossz\u00fa kifizet\u00e9si hat\u00e1rid\u0151k r\u00f6videbbre fog\u00e1s\u00e1t \u00e9s azt, hogy min\u00e9l gyorsabb p\u00e9nzmozg\u00e1shoz seg\u00edts\u00e9k a v\u00e1llalkoz\u00f3kat.<\/strong> Azt mondja, sok c\u00e9gvezet\u0151 hozott most gyors \u00e9s hat\u00e9kony d\u00f6nt\u00e9seket, az elm\u00falt id\u0151szakban olyan projektek tudtak lez\u00e1rulni, melyeket \u201eb\u00e9keid\u0151ben\u201d m\u00e1r hossz\u00fa \u00e9vek \u00f3ta halogattak.<\/p>\n\n\n\n<p>Azt illet\u0151en, meddig tarthat a v\u00e1ls\u00e1g Chik\u00e1n tan\u00e1r \u00far sem szeretne tal\u00e1lgat\u00e1sokba bocs\u00e1tkozni, azt azonban \u0151 is meger\u0151s\u00edti, hogy a gazdas\u00e1g p\u00e1r h\u00f3napon bel\u00fcl val\u00f3ban \u00fajraindulhat. Mindazon\u00e1ltal \u00fagy l\u00e1tja a kr\u00edzis okozta nyomok er\u0151sen megmaradnak majd \u00e9s \u00f3va int att\u00f3l, hogy azt k\u00e9pzelj\u00fck, \u0151szt\u0151l egyszer\u0171en visszat\u00e9rhet\u00fcnk a b\u00e9keid\u0151kh\u00f6z. V\u00e9g\u00fcl <strong>Chik\u00e1n Attila felh\u00edvta m\u00e9g a figyelm\u00fcnket arra, hogy a glob\u00e1lis versenynek \u00e9pp \u00fagy ki lesz\u00fcnk t\u00e9ve, mint eddig, azaz most k\u00fcl\u00f6n\u00f6sen \u00e9rdemes szemmel tartani a piaci r\u00e9seket. T\u00fcrelemre int \u00e9s arra b\u00edztat, haszn\u00e1ljuk a fant\u00e1zi\u00e1nkat \u00e9s akn\u00e1zzuk ki kapcsolatainkat!<\/strong><\/p>\n\n\n\n<hr class=\"wp-block-separator is-style-wide\"\/>\n\n\n\n<h1 class=\"has-text-align-center wp-block-heading\">Szeretn\u00e9l megismerkedni klubtagjainkkal? K\u00e9rj egy megh\u00edv\u00f3t!<\/h1>\n\n\n\n<div class=\"wp-block-button aligncenter\"><a class=\"wp-block-button__link has-background\" href=\"https:\/\/bizalmikor.hu\/kapcsolat\/\" style=\"background-color:#14496b\" target=\"_blank\" rel=\"noreferrer noopener\"><strong>\u00c9rdekel a Bizalmi K\u00f6r klubtags\u00e1g<\/strong><\/a><\/div>\n\n\n\n<hr class=\"wp-block-separator is-style-wide\"\/>\n","protected":false},"excerpt":{"rendered":"<p>P\u00e9ld\u00e1tlan v\u00e1ls\u00e1g kit\u00f6r\u00e9s\u00e9t \u00e9lhett\u00fck meg az elm\u00falt h\u00f3napokban. A modern t\u00f6rt\u00e9nelemben nem tapasztaltunk m\u00e9g olyan kr\u00edzist, ami a gazdas\u00e1got ilyen m\u00f3don &#8211; k\u00edv\u00fclr\u0151l &#8211; verte volna le. <\/p>\n","protected":false},"author":3,"featured_media":3030,"comment_status":"closed","ping_status":"open","sticky":false,"template":"","format":"standard","meta":{"footnotes":""},"categories":[25,24,16],"tags":[],"yoast_head":"<!-- This site is optimized with the Yoast SEO plugin v15.4 - https:\/\/yoast.com\/wordpress\/plugins\/seo\/ -->\n<title>Chik\u00e1n Attila: Verseng\u0151 v\u00e1ls\u00e1gok<\/title>\n<meta name=\"description\" content=\"P\u00e9ld\u00e1tlan v\u00e1ls\u00e1g kit\u00f6r\u00e9s\u00e9t \u00e9lhett\u00fck meg az elm\u00falt h\u00f3napokban. A modern t\u00f6rt\u00e9nelemben nem tapasztaltunk m\u00e9g olyan kr\u00edzist, ami a gazdas\u00e1got ilyen m\u00f3don - k\u00edv\u00fclr\u0151l - verte volna le.\" \/>\n<meta name=\"robots\" content=\"index, follow, max-snippet:-1, max-image-preview:large, max-video-preview:-1\" \/>\n<link rel=\"canonical\" href=\"https:\/\/bizalmikor.hu\/blog\/2020\/05\/26\/chikan-attila-versengo-valsagok\/\" \/>\n<meta property=\"og:locale\" content=\"hu_HU\" \/>\n<meta property=\"og:type\" content=\"article\" \/>\n<meta property=\"og:title\" content=\"Chik\u00e1n Attila: Verseng\u0151 v\u00e1ls\u00e1gok\" \/>\n<meta property=\"og:description\" content=\"P\u00e9ld\u00e1tlan v\u00e1ls\u00e1g kit\u00f6r\u00e9s\u00e9t \u00e9lhett\u00fck meg az elm\u00falt h\u00f3napokban. A modern t\u00f6rt\u00e9nelemben nem tapasztaltunk m\u00e9g olyan kr\u00edzist, ami a gazdas\u00e1got ilyen m\u00f3don - k\u00edv\u00fclr\u0151l - verte volna le.\" \/>\n<meta property=\"og:url\" content=\"https:\/\/bizalmikor.hu\/blog\/2020\/05\/26\/chikan-attila-versengo-valsagok\/\" \/>\n<meta property=\"og:site_name\" content=\"Bizalmi K\u00f6r blog\" \/>\n<meta property=\"article:publisher\" content=\"https:\/\/www.facebook.com\/bizalmikor\" \/>\n<meta property=\"article:published_time\" content=\"2020-05-26T09:30:16+00:00\" \/>\n<meta property=\"article:modified_time\" content=\"2020-05-26T10:17:30+00:00\" \/>\n<meta property=\"og:image\" content=\"https:\/\/bizalmikor.hu\/blog\/wp-content\/uploads\/2020\/05\/52000-1.jpg\" \/>\n\t<meta property=\"og:image:width\" content=\"769\" \/>\n\t<meta property=\"og:image:height\" content=\"490\" \/>\n<meta name=\"twitter:card\" content=\"summary_large_image\" \/>\n<meta name=\"twitter:label1\" content=\"Szerz\u0151:\">\n\t<meta name=\"twitter:data1\" content=\"Gangel P\u00e9ter\">\n\t<meta name=\"twitter:label2\" content=\"Becs\u00fclt olvas\u00e1si id\u0151\">\n\t<meta name=\"twitter:data2\" content=\"7 perc\">\n<script type=\"application\/ld+json\" class=\"yoast-schema-graph\">{\"@context\":\"https:\/\/schema.org\",\"@graph\":[{\"@type\":\"Organization\",\"@id\":\"https:\/\/bizalmikor.hu\/blog\/#organization\",\"name\":\"Bizalmi K\\u00f6r Kft.\",\"url\":\"https:\/\/bizalmikor.hu\/blog\/\",\"sameAs\":[\"https:\/\/www.facebook.com\/bizalmikor\",\"https:\/\/www.instagram.com\/bizalmikor\/\",\"https:\/\/www.linkedin.com\/company\/19165894\",\"https:\/\/www.youtube.com\/channel\/UC7fAD3QCIWeSexU5t6F3YOw?view_as=subscriber\"],\"logo\":{\"@type\":\"ImageObject\",\"@id\":\"https:\/\/bizalmikor.hu\/blog\/#logo\",\"inLanguage\":\"hu\",\"url\":\"https:\/\/bizalmikor.hu\/blog\/wp-content\/uploads\/2019\/02\/Group-2.png\",\"width\":4033,\"height\":1192,\"caption\":\"Bizalmi K\\u00f6r Kft.\"},\"image\":{\"@id\":\"https:\/\/bizalmikor.hu\/blog\/#logo\"}},{\"@type\":\"WebSite\",\"@id\":\"https:\/\/bizalmikor.hu\/blog\/#website\",\"url\":\"https:\/\/bizalmikor.hu\/blog\/\",\"name\":\"Bizalmi K\\u00f6r blog\",\"description\":\"Egynek minden neh\\u00e9z, soknak semmi sem lehetetlen.\",\"publisher\":{\"@id\":\"https:\/\/bizalmikor.hu\/blog\/#organization\"},\"potentialAction\":[{\"@type\":\"SearchAction\",\"target\":\"https:\/\/bizalmikor.hu\/blog\/?s={search_term_string}\",\"query-input\":\"required name=search_term_string\"}],\"inLanguage\":\"hu\"},{\"@type\":\"ImageObject\",\"@id\":\"https:\/\/bizalmikor.hu\/blog\/2020\/05\/26\/chikan-attila-versengo-valsagok\/#primaryimage\",\"inLanguage\":\"hu\",\"url\":\"https:\/\/bizalmikor.hu\/blog\/wp-content\/uploads\/2020\/05\/52000-1.jpg\",\"width\":769,\"height\":490},{\"@type\":\"WebPage\",\"@id\":\"https:\/\/bizalmikor.hu\/blog\/2020\/05\/26\/chikan-attila-versengo-valsagok\/#webpage\",\"url\":\"https:\/\/bizalmikor.hu\/blog\/2020\/05\/26\/chikan-attila-versengo-valsagok\/\",\"name\":\"Chik\\u00e1n Attila: Verseng\\u0151 v\\u00e1ls\\u00e1gok\",\"isPartOf\":{\"@id\":\"https:\/\/bizalmikor.hu\/blog\/#website\"},\"primaryImageOfPage\":{\"@id\":\"https:\/\/bizalmikor.hu\/blog\/2020\/05\/26\/chikan-attila-versengo-valsagok\/#primaryimage\"},\"datePublished\":\"2020-05-26T09:30:16+00:00\",\"dateModified\":\"2020-05-26T10:17:30+00:00\",\"description\":\"P\\u00e9ld\\u00e1tlan v\\u00e1ls\\u00e1g kit\\u00f6r\\u00e9s\\u00e9t \\u00e9lhett\\u00fck meg az elm\\u00falt h\\u00f3napokban. A modern t\\u00f6rt\\u00e9nelemben nem tapasztaltunk m\\u00e9g olyan kr\\u00edzist, ami a gazdas\\u00e1got ilyen m\\u00f3don - k\\u00edv\\u00fclr\\u0151l - verte volna le.\",\"inLanguage\":\"hu\",\"potentialAction\":[{\"@type\":\"ReadAction\",\"target\":[\"https:\/\/bizalmikor.hu\/blog\/2020\/05\/26\/chikan-attila-versengo-valsagok\/\"]}]},{\"@type\":\"Article\",\"@id\":\"https:\/\/bizalmikor.hu\/blog\/2020\/05\/26\/chikan-attila-versengo-valsagok\/#article\",\"isPartOf\":{\"@id\":\"https:\/\/bizalmikor.hu\/blog\/2020\/05\/26\/chikan-attila-versengo-valsagok\/#webpage\"},\"author\":{\"@id\":\"https:\/\/bizalmikor.hu\/blog\/#\/schema\/person\/a89936ed381c3afa4cd7a27040dbfb07\"},\"headline\":\"Chik\\u00e1n Attila: Verseng\\u0151 v\\u00e1ls\\u00e1gok\",\"datePublished\":\"2020-05-26T09:30:16+00:00\",\"dateModified\":\"2020-05-26T10:17:30+00:00\",\"mainEntityOfPage\":{\"@id\":\"https:\/\/bizalmikor.hu\/blog\/2020\/05\/26\/chikan-attila-versengo-valsagok\/#webpage\"},\"commentCount\":1,\"publisher\":{\"@id\":\"https:\/\/bizalmikor.hu\/blog\/#organization\"},\"image\":{\"@id\":\"https:\/\/bizalmikor.hu\/blog\/2020\/05\/26\/chikan-attila-versengo-valsagok\/#primaryimage\"},\"articleSection\":\"COVID-19 \\u00fczleti tapasztalatok,\\u00dczleti \\u00e9rdekess\\u00e9gek,V\\u00e1llalkoz\\u00e1s\",\"inLanguage\":\"hu\"},{\"@type\":\"Person\",\"@id\":\"https:\/\/bizalmikor.hu\/blog\/#\/schema\/person\/a89936ed381c3afa4cd7a27040dbfb07\",\"name\":\"Gangel P\\u00e9ter\",\"image\":{\"@type\":\"ImageObject\",\"@id\":\"https:\/\/bizalmikor.hu\/blog\/#personlogo\",\"inLanguage\":\"hu\",\"url\":\"https:\/\/secure.gravatar.com\/avatar\/ee1c6e901d6b9c50c9a2204252c914b4?s=96&d=mm&r=g\",\"caption\":\"Gangel P\\u00e9ter\"}}]}<\/script>\n<!-- \/ Yoast SEO plugin. -->","_links":{"self":[{"href":"https:\/\/bizalmikor.hu\/blog\/wp-json\/wp\/v2\/posts\/3023"}],"collection":[{"href":"https:\/\/bizalmikor.hu\/blog\/wp-json\/wp\/v2\/posts"}],"about":[{"href":"https:\/\/bizalmikor.hu\/blog\/wp-json\/wp\/v2\/types\/post"}],"author":[{"embeddable":true,"href":"https:\/\/bizalmikor.hu\/blog\/wp-json\/wp\/v2\/users\/3"}],"replies":[{"embeddable":true,"href":"https:\/\/bizalmikor.hu\/blog\/wp-json\/wp\/v2\/comments?post=3023"}],"version-history":[{"count":4,"href":"https:\/\/bizalmikor.hu\/blog\/wp-json\/wp\/v2\/posts\/3023\/revisions"}],"predecessor-version":[{"id":3038,"href":"https:\/\/bizalmikor.hu\/blog\/wp-json\/wp\/v2\/posts\/3023\/revisions\/3038"}],"wp:featuredmedia":[{"embeddable":true,"href":"https:\/\/bizalmikor.hu\/blog\/wp-json\/wp\/v2\/media\/3030"}],"wp:attachment":[{"href":"https:\/\/bizalmikor.hu\/blog\/wp-json\/wp\/v2\/media?parent=3023"}],"wp:term":[{"taxonomy":"category","embeddable":true,"href":"https:\/\/bizalmikor.hu\/blog\/wp-json\/wp\/v2\/categories?post=3023"},{"taxonomy":"post_tag","embeddable":true,"href":"https:\/\/bizalmikor.hu\/blog\/wp-json\/wp\/v2\/tags?post=3023"}],"curies":[{"name":"wp","href":"https:\/\/api.w.org\/{rel}","templated":true}]}}