{"id":3034,"date":"2020-05-26T10:18:38","date_gmt":"2020-05-26T10:18:38","guid":{"rendered":"https:\/\/bizalmikor.hu\/blog\/?p=3034"},"modified":"2024-05-30T08:52:25","modified_gmt":"2024-05-30T08:52:25","slug":"bessenyei-istvan-amig-lesz-emberiseg-lesz-fogyasztas-is","status":"publish","type":"post","link":"https:\/\/bizalmikor.hu\/blog\/2020\/05\/26\/bessenyei-istvan-amig-lesz-emberiseg-lesz-fogyasztas-is\/","title":{"rendered":"Bessenyei Istv\u00e1n: Am\u00edg lesz emberis\u00e9g, lesz fogyaszt\u00e1s is"},"content":{"rendered":"\n<p><strong>T\u00e9m\u00e1nk ez\u00fattal a kereskedelmi \u00faj\u00edt\u00e1sok, ezen bel\u00fcl is az egyre nagyobb n\u00e9pszer\u0171s\u00e9gnek \u00f6rvend\u0151 automata online kassz\u00e1k, melyekr\u0151l Bessenyei Istv\u00e1nnal besz\u00e9lgett\u00fcnk. A Laurel Kft. hossz\u00fa \u00e9vek \u00f3ta foglalkozik az online alap\u00fa automata p\u00e9nzt\u00e1rg\u00e9pek fejleszt\u00e9s\u00e9vel, melyek els\u0151dleges szerepe a hat\u00e9konys\u00e1gn\u00f6vel\u00e9s, az \u00e1tereszt\u0151k\u00e9pess\u00e9g n\u00f6vel\u00e9se. A v\u00e1s\u00e1rl\u00f3i visszajelz\u00e9sek az \u00faj \u201ep\u00e9nzt\u00e1rosok\u201d szerethet\u0151s\u00e9ge mellett tan\u00faskodnak. De az emberek nem csak szeretik, ig\u00e9nylik is az automata kassz\u00e1kat, k\u00fcl\u00f6n\u00f6sen a jelenlegi helyzetben.&nbsp;<\/strong><\/p>\n\n\n\n<p>Igaz\u00e1n szerencs\u00e9s ez a mostani helyzetben, amikor sokan tartanak a k\u00f6zelebbi kontaktust\u00f3l, illetve amikor a munk\u00e1ltat\u00f3k sokas\u00e1ga ker\u00fclt neh\u00e9z helyzetbe azt illet\u0151en, hogyan tudja megtartani, elengedni vagy \u00e1tcsoportos\u00edtani munkav\u00e1llal\u00f3it. <strong>Fontos lesz\u00f6gezn\u00fcnk, az automata kassz\u00e1k nem vehetik fel a versenyt a szem\u00e9lyzettel. Istv\u00e1n azt l\u00e1tja megold\u00e1snak, hogy az \u00edgy a kasszasorb\u00f3l felszabadul\u00f3 munkaer\u0151t \u00e1tcsoportos\u00edts\u00e1k a c\u00e9gek<\/strong>, ak\u00e1r az online rendel\u00e9sek r\u00e9szleg\u00e9re, ak\u00e1r a vev\u0151ket az \u00e1ruh\u00e1zi t\u00e9rben eligaz\u00edt\u00f3, kiszolg\u00e1l\u00f3 szem\u00e9lyzet soraiba. Ut\u00f3bbi megold\u00e1s az\u00e9rt is lehet igen kedvez\u0151, mert <strong>egy j\u00f3 vev\u0151t\u00e1mogat\u00f3 munkat\u00e1rs nagyban megn\u00f6velheti a kos\u00e1r\u00e9rt\u00e9ket, amit a kassz\u00e1ban \u00fclve m\u00e1r nem tudna befoly\u00e1solni.<\/strong><\/p>\n\n\n\n<p>Arra a k\u00e9rd\u00e9sre, hogy mit k\u00edv\u00e1n egy c\u00e9gt\u0151l egy ilyen kassza bevezet\u00e9se, a k\u00f6vetkez\u0151 v\u00e1laszt kapjuk: \u201e<em>Ahhoz, hogy egy\u00e1ltal\u00e1n besz\u00e9lhess\u00fcnk az automata kassza bevezet\u00e9s\u00e9r\u0151l, el\u0151sz\u00f6r fel kell m\u00e9rni adott kereskedelmi egys\u00e9g \u00e1ruk\u00f6r\u00e9t, forgalm\u00e1t, analiz\u00e1lni kell a kos\u00e1rm\u00e9retet. <\/em><strong><em>Egy minimum k\u00e9t-h\u00e1rom kassz\u00e1s, nagyforgalm\u00fa \u00fczlet az, ahol m\u00e1r \u00e9rdemes elgondolkodni ezen a lehet\u0151s\u00e9gen.<\/em><\/strong><em> A Laurel automata kassz\u00e1it az teszi igaz\u00e1n k\u00fcl\u00f6nlegess\u00e9, hogy a kisebb boltok is gazdas\u00e1gosan hasz\u00e1lhatj\u00e1k \u0151ket, mivel egy g\u00e9p megt\u00e9r\u00fcl\u00e9si ideje 2 -2,5 \u00e9v. Mikor t\u00edz \u00e9vvel ezel\u0151tt elkezdt\u00fcnk ezzel foglalkozni a keresked\u0151k egy min\u00e9l sz\u00e9lesebb r\u00e9teg\u00e9nek szerett\u00fcnk volna seg\u00edts\u00e9get, alternat\u00edv\u00e1t k\u00edn\u00e1lni.\u201d <\/em>\u2013 mondja Istv\u00e1n.<\/p>\n\n\n\n<p>Besz\u00e9lget\u00e9s\u00fcnkb\u0151l az is kider\u00fcl, hogy a Bessenyei Istv\u00e1n\u00e9k \u00e1ltal tervezett technol\u00f3gia b\u00e1rmilyen m\u00e1s kereskedelmi rendszerhez illeszthet\u0151. G\u00e9peikben van egyfajta tanul\u00f3 rendszer, amibe p\u00e9ld\u00e1ul nem kell k\u00fcl\u00f6n bet\u00e1pl\u00e1lni a term\u00e9kek s\u00faly\u00e1t, mert min\u00e9l t\u00f6bbsz\u00f6r p\u00f6r\u00f6g le adott cikk, a g\u00e9pben ann\u00e1l hamarabb r\u00f6gz\u00fcl annak s\u00falya az \u00e1tlagok alapj\u00e1n.<\/p>\n\n\n\n<figure class=\"wp-block-embed-youtube wp-block-embed is-type-video is-provider-youtube wp-embed-aspect-16-9 wp-has-aspect-ratio\"><div class=\"wp-block-embed__wrapper\">\n<iframe loading=\"lazy\" title=\"\u00daj lehet\u0151s\u00e9gek a kereskedelemben - Bessenyei Istv\u00e1n - 2020.05.11\" width=\"500\" height=\"281\" src=\"https:\/\/www.youtube.com\/embed\/WYhIxZoGsVw?feature=oembed\" frameborder=\"0\" allow=\"accelerometer; autoplay; clipboard-write; encrypted-media; gyroscope; picture-in-picture; web-share\" referrerpolicy=\"strict-origin-when-cross-origin\" allowfullscreen><\/iframe>\n<\/div><figcaption>N\u00e9zd vissza a besz\u00e9lget\u00e9st YouTubeon.<\/figcaption><\/figure>\n\n\n\n<p>A hagyom\u00e1nyos kassz\u00e1khoz k\u00e9pesti k\u00f6lts\u00e9g\u00e9t neh\u00e9z lenne meg\u00e1llap\u00edtani, hiszen egy olyan \u00faj \u00fczleti modellr\u0151l besz\u00e9l\u00fcnk, amit nem lehet pontosan \u00f6sszehasonl\u00edtani egy hagyom\u00e1nyos p\u00e9nzt\u00e1rg\u00e9ppel. Sokmilli\u00f3s t\u00e9telr\u0151l van sz\u00f3, azonban, ahogy fentebb eml\u00edtett\u00fck, a megt\u00e9r\u00fcl\u00e9si id\u0151 igen kedvez\u0151. Hogy egy m\u00e1sik p\u00e9ld\u00e1val is szeml\u00e9ltess\u00fck, egy automata kassza bevezet\u00e9se olyan, mintha 30-40 sz\u00e1zal\u00e9kos kamatra tenn\u00e9nk be a p\u00e9nz\u00fcnket a bankba. <strong>\u00c9rdemes lehet tudni, hogy k\u00e9t online automata kassza m\u00e1r m\u00e1sf\u00e9l hagyom\u00e1nyos p\u00e9nzt\u00e1rat v\u00e1lthat ki,<\/strong> hiszen egy \u00f6nkiszolg\u00e1l\u00f3 p\u00e9nzt\u00e1r forgalma 60-70%. <\/p>\n\n\n\n<blockquote class=\"wp-block-quote is-layout-flow wp-block-quote-is-layout-flow\"><p>Mindezen el\u0151ny\u00f6kkel egy\u00fctt nem besz\u00e9lhet\u00fck teljesen automata m\u0171k\u00f6d\u00e9sr\u0151l, mivel sokkal nagyobb fel\u00fcgyeletet ig\u00e9nyelnek ezek a g\u00e9pek, mint egy hagyom\u00e1nyos kassza.<\/p><\/blockquote>\n\n\n\n<p> Ha le\u00e1llnak, ott kell lenn\u00fcnk, hogy kijav\u00edtsuk a meghib\u00e1sod\u00e1st. A szitu\u00e1ci\u00f3knak, amiket r\u00e9gebben a p\u00e9nzt\u00e1ros kezelt, most a g\u00e9pnek kell ell\u00e1tnia, mindezt \u00fagy, hogy ne fagyjon le a rendszer, a v\u00e1s\u00e1rl\u00f3 ne tudja kiakasztani a kassz\u00e1t.<\/p>\n\n\n\n<p><strong>T\u00f6bb nagyobb \u00e1ruh\u00e1zban van egy extra biztons\u00e1gi elem, egy be\u00e9p\u00edtett m\u00e9rleg ezekben a kassz\u00e1kban, mely arra szolg\u00e1l, hogy megsz\u0171rje a vissza\u00e9l\u00e9seket.<\/strong> A g\u00e9p a szkennelt term\u00e9k s\u00falya alapj\u00e1n k\u00e9pes meg\u00e1llap\u00edtani, hogy val\u00f3ban a megadott \u00e1rucikk ker\u00fclt-e a csomagol\u00f3 fel\u00fcletre vagy sem. Az ilyen kasszaz\u00f3n\u00e1k eset\u00e9ben egy\u00e9bk\u00e9nt is az a nemzetk\u00f6zi szinten bevett gyakorlat, hogy alaposan k\u00f6rbekamer\u00e1zz\u00e1k adott ter\u00fcletet. Ugyanakkor <strong>a felm\u00e9r\u00e9sek<\/strong> ett\u0151l f\u00fcggetlen\u00fcl is <strong>azt mutatj\u00e1k, ahol bevezett\u00e9k az online automata kassz\u00e1kat, ott cs\u00f6kkent az \u00e1ruhi\u00e1ny.<\/strong> K\u00e9rd\u00e9s\u00fcnkre v\u00e1laszolva Istv\u00e1n elmondja, sokmindent\u0151l f\u00fcgg, hogy egy c\u00e9g k\u00e9ri-e ilyen m\u00e9rleg be\u00e9p\u00edt\u00e9s\u00e9t. Magyarorsz\u00e1gon sem az Auchanban, sem az IKEA-ban nincs ilyen funkci\u00f3, a Tesco \u00e1ruh\u00e1zaiban azonban tal\u00e1lkozhatunk vele. Ez sz\u00f3lhat a c\u00e9ges policyr\u0151l, de arr\u00f3l is, milyen technikai felszerelts\u00e9ge van a besz\u00e1ll\u00edt\u00f3nak, akivel adott \u00e1ruh\u00e1z dolgozik.<\/p>\n\n\n\n<p>Hogy mit l\u00e1t a kereskedelemben, ha a j\u00f6v\u0151be tekint, merre induljon egy magyar keresked\u0151c\u00e9g, nem csak most, hanem nagy \u00e1ltal\u00e1noss\u00e1gban, Bessenyei Istv\u00e1n azt mondja, <strong>mindenk\u00e9ppen meg kell n\u00e9zni a nemzetk\u00f6zi trendeket. Be tudunk sz\u00e1llni ezekbe? Vagy tudunk olyan partnert tal\u00e1lni, akinek seg\u00edts\u00e9g\u00e9vel besz\u00e1llhatunk?<\/strong> \u00d3ri\u00e1si kih\u00edv\u00e1s, hogy a nyugati technol\u00f3gia egyre nagyobb teret h\u00f3d\u00edt, az online kereskedelmi platformok rohamosan er\u0151s\u00f6dnek, fejl\u0151dnek, k\u00edn\u00e1latuk m\u00e1r most \u00f3ri\u00e1si. <\/p>\n\n\n\n<blockquote class=\"wp-block-quote is-layout-flow wp-block-quote-is-layout-flow\"><p><strong>Az a k\u00e9rd\u00e9s minden keresked\u0151 sz\u00e1m\u00e1ra, hogy mennyire tud versenyk\u00e9pes maradni egy olyan vil\u00e1gban, ahol az online v\u00e1s\u00e1rl\u00f3i terek mindenk\u00e9pp kivesznek a kosar\u00e1b\u00f3l.<\/strong>&nbsp;<\/p><\/blockquote>\n\n\n\n<p> Az online rendszerek hihetetlen hat\u00e9konys\u00e1got hoznak \u00e9s egyel\u0151re verhetetlenek. El\u00e9g csak megn\u00e9zn\u00fcnk, hogy a vil\u00e1g vezet\u0151 c\u00e9gei mind computer technik\u00e1val foglalkoznak. Fontos, hogy ne k\u00f6vess\u00fck el azt a hib\u00e1t, hogy csak a v\u00e9dekez\u00e9sre koncentr\u00e1lunk! Hinn\u00fcnk kell benne, hogy megh\u00f3d\u00edthatjuk a vil\u00e1got egy olyan kicsi helyr\u0151l is, mint Magyarorsz\u00e1g<strong>. Egy orsz\u00e1g m\u00e9rete nincs \u00f6sszef\u00fcggs\u00e9ben azzal, hogy gazdas\u00e1gi \u00e9let\u00e9nek szerepl\u0151i milyen hat\u00e9konys\u00e1ggal k\u00e9pesek megtal\u00e1lni a vil\u00e1gszerte k\u00edn\u00e1lkoz\u00f3 piaci r\u00e9seket.<\/strong><\/p>\n\n\n\n<p>Besz\u00e9lget\u00e9s\u00fcnkben kit\u00e9rt\u00fcnk r\u00e1, hogy t\u00edz-h\u00fasz \u00e9ven bel\u00fcl ak\u00e1r egy robotok \u00e1ltal vezetett bolt k\u00e9pe is realiz\u00e1l\u00f3dhat, hiszen az automatizmusok sokkal jobban meg tudj\u00e1k hat\u00e1rozni p\u00e9ld\u00e1ul az \u00e1rumennyis\u00e9get, a k\u00e9szletv\u00e1laszt\u00e9kot. Egy\u00e9rtelm\u0171en a g\u00e9pes\u00edtett folyamatok fel\u00e9 tartunk. Szerte a vil\u00e1gon egyre t\u00f6bb ter\u00fcleten vessz\u00fck ig\u00e9nybe mesters\u00e9ges intelligencia seg\u00edts\u00e9g\u00e9t. <\/p>\n\n\n\n<blockquote class=\"wp-block-quote is-layout-flow wp-block-quote-is-layout-flow\"><p><strong>A legnagyobb lehet\u0151s\u00e9gek most a v\u00e1ltoz\u00e1sban rejlenek, \u00e9s az m\u00e1r teljesen egy\u00e9rtelm\u0171, hogy egy \u00faj vil\u00e1gba \u00e9rkezt\u00fcnk, ahol minden szok\u00e1s \u00e9s folyamat megv\u00e1ltozik.<\/strong> A k\u00e9rd\u00e9s csak az, vajon harcolunk ez ellen, kifog\u00e1sokat keres\u00fcnk vagy elfogadjuk \u00e9s megn\u00e9zz\u00fck, hogyan hozhatjuk ki a legjobbat a helyzetb\u0151l. <strong>Lehet\u0151s\u00e9gek mindig lesznek, c\u00e9gvezet\u0151k\u00e9nt pedig az egyetlen v\u00e1laszt\u00e1sunk, hogy megtanulunk \u00e9lni ezekkel.<\/strong><\/p><\/blockquote>\n\n\n\n<p><strong>Ha k\u00e9pesek vagyunk megn\u00e9zni, mi lesz, mi lehet \u00f6t vagy t\u00edz \u00e9v m\u00falva, akkor elindulhatunk egy olyan \u00faj ir\u00e1nyba, ami hasznoss\u00e1 tesz minket az \u00faj vil\u00e1gban, az \u00faj szok\u00e1srendszer keretei k\u00f6zt.<\/strong> Bessenyei Istv\u00e1n szerint a visszaes\u00e9s ut\u00e1n fokozatos beindul\u00e1s k\u00f6vetkezik \u00e9s ezzel a beindul\u00e1ssal az emberek is \u00fajra megmozdulnak majd. \u00dagy v\u00e9li, a mostani helyzet hasonl\u00f3 lehet a vil\u00e1gh\u00e1bor\u00fa ut\u00e1nihoz, amikor a traumatiz\u00e1lt n\u00e9pess\u00e9g alig v\u00e1rta, hogy \u00fajra dolgozhasson, mozdulhasson, akt\u00edvan kivehesse r\u00e9sz\u00e9t az \u00fajraindul\u00e1sb\u00f3l.<\/p>\n\n\n\n<blockquote class=\"wp-block-quote is-style-large is-layout-flow wp-block-quote-is-layout-flow\"><p><strong><em>Mi lesz megfizethet\u0151? Mi lesz biztons\u00e1gos? Mire lesz ig\u00e9ny?<\/em><\/strong><\/p><\/blockquote>\n\n\n\n<p>Ha erre a h\u00e1rom k\u00e9rd\u00e9sre v\u00e1laszt tudunk tal\u00e1lni, van es\u00e9ly\u00fcnk, hogy sikeres szolg\u00e1ltat\u00e1st \u00e1ll\u00edtsunk el\u0151. <strong>Arra kell t\u00f6rekedn\u00fcnk, hogy megtal\u00e1ljuk az \u00faj vil\u00e1gban az \u00faj szerep\u00fcnket, hiszen am\u00edg emberis\u00e9g lesz, addig fogyaszt\u00e1s is lesz majd.<\/strong><\/p>\n\n\n\n<hr class=\"wp-block-separator is-style-wide\"\/>\n\n\n\n<p class=\"has-text-align-center has-white-color has-text-color has-background\" style=\"background-color:#bc9655\"><strong>Ha szeretn\u00e9l a leginnovat\u00edvabb c\u00e9gvezet\u0151k k\u00f6z\u00e9 tartozni, vend\u00e9gk\u00e9nt elj\u00f6nni valamelyik esem\u00e9ny\u00fcnkre ne habozz, t\u00f6ltsd ki az al\u00e1bbi \u0171rlapot \u00e9s visszah\u00edvunk!<\/strong><\/p>\n\n\n\n<script async=\"\" src=\"https:\/\/r3.minicrm.hu\/api\/minicrm.js?t=1707742343\"><\/script>\n<link rel=\"stylesheet\" href=\"https:\/\/r3.minicrm.hu\/api\/minicrm.css\">\n<style><\/style>\n<form formhash=\"51855-1sl03jl6580kfr7ignab0oj7so5r9e\" action=\"https:\/\/r3.minicrm.hu\/Api\/Signup\" method=\"post\" class=\"TurnKeyCRM\" id=\"Web\">\n                        <fieldset>\n            <legend>\u00c9rdekl\u0151d\u00e9si \u0171rlap<\/legend>\n                                        <div class=\"InputBlock\">\n                    <label for=\"Contact_LastName_2413\" class=\"Required\">Vezet\u00e9kn\u00e9v<\/label>\n                                                                \n                                            <input data-field=\"LastName\" data-table=\"Contact\" data-type=\"Person\" name=\"Contact[2413][LastName]\" id=\"Contact_LastName_2413\" language=\"HU\" type=\"text\">\n                                                        <\/div>\n                            <div class=\"InputBlock\">\n                    <label for=\"Contact_FirstName_2413\" class=\"Required\">Keresztn\u00e9v<\/label>\n                                                                \n                                            <input data-field=\"FirstName\" data-table=\"Contact\" data-type=\"Person\" name=\"Contact[2413][FirstName]\" id=\"Contact_FirstName_2413\" language=\"HU\" type=\"text\">\n                                                        <\/div>\n                            <div class=\"InputBlock\">\n                    <label for=\"Contact_Name_2412\" class=\"Required\">C\u00e9gn\u00e9v<\/label>\n                                                                \n                                            <input data-field=\"Name\" data-table=\"Contact\" data-type=\"Business\" name=\"Contact[2412][Name]\" id=\"Contact_Name_2412\" language=\"HU\" type=\"text\">\n                                                        <\/div>\n                            <div class=\"InputBlock\">\n                    <label for=\"Contact_Phone_2413\" class=\"Required\">Telefonsz\u00e1m<\/label>\n                                                                \n                                            <input data-field=\"Phone\" data-table=\"Contact\" data-type=\"Person\" name=\"Contact[2413][Phone]\" id=\"Contact_Phone_2413\" language=\"HU\" type=\"text\">\n                                                        <\/div>\n                            <div class=\"InputBlock\">\n                    <label for=\"Contact_Email_2413\" class=\"Required\">Email-c\u00edm<\/label>\n                                                                \n                                            <input data-field=\"Email\" data-table=\"Contact\" data-type=\"Person\" name=\"Contact[2413][Email]\" id=\"Contact_Email_2413\" language=\"HU\" type=\"text\">\n                                                        <\/div>\n                            <div class=\"InputBlock\">\n                    <label for=\"ToDo_Comment_2415\">\u00dczenet<\/label>\n                                                                \n                                            <textarea data-field=\"Comment\" data-table=\"ToDo\" data-type=\"\" name=\"ToDo[2415][Comment]\" id=\"ToDo_Comment_2415\" language=\"HU\"><\/textarea>\n                                                        <\/div>\n                                <\/fieldset>\n        \n    <div id=\"Response_51855-1sl03jl6580kfr7ignab0oj7so5r9e\" style=\"display: none;\" class=\"Response\"><\/div>\n    <input id=\"Submit_51855-1sl03jl6580kfr7ignab0oj7so5r9e\" type=\"Submit\" value=\"K\u00fcld\u00e9s\">\n<\/form>\n","protected":false},"excerpt":{"rendered":"<p>T\u00e9m\u00e1nk ez\u00fattal a kereskedelmi \u00faj\u00edt\u00e1sok, ezen bel\u00fcl is az egyre nagyobb n\u00e9pszer\u0171s\u00e9gnek \u00f6rvend\u0151 automata online kassz\u00e1k, melyekr\u0151l Bessenyei Istv\u00e1nnal besz\u00e9lgett\u00fcnk. A Laurel Kft. hossz\u00fa \u00e9vek \u00f3ta foglalkozik az online alap\u00fa automata p\u00e9nzt\u00e1rg\u00e9pek fejleszt\u00e9s\u00e9vel, melyek els\u0151dleges szerepe a hat\u00e9konys\u00e1gn\u00f6vel\u00e9s, az \u00e1tereszt\u0151k\u00e9pess\u00e9g n\u00f6vel\u00e9se. A v\u00e1s\u00e1rl\u00f3i visszajelz\u00e9sek az \u00faj \u201ep\u00e9nzt\u00e1rosok\u201d szerethet\u0151s\u00e9ge mellett tan\u00faskodnak. De az emberek nem csak [&hellip;]<\/p>\n","protected":false},"author":3,"featured_media":3036,"comment_status":"closed","ping_status":"open","sticky":false,"template":"","format":"standard","meta":{"footnotes":""},"categories":[25,16],"tags":[],"yoast_head":"<!-- This site is optimized with the Yoast SEO plugin v15.4 - https:\/\/yoast.com\/wordpress\/plugins\/seo\/ -->\n<title>Bessenyei Istv\u00e1n: Am\u00edg lesz emberis\u00e9g, lesz fogyaszt\u00e1s is<\/title>\n<meta name=\"robots\" content=\"index, follow, max-snippet:-1, max-image-preview:large, max-video-preview:-1\" \/>\n<link rel=\"canonical\" href=\"https:\/\/bizalmikor.hu\/blog\/2020\/05\/26\/bessenyei-istvan-amig-lesz-emberiseg-lesz-fogyasztas-is\/\" \/>\n<meta property=\"og:locale\" content=\"hu_HU\" \/>\n<meta property=\"og:type\" content=\"article\" \/>\n<meta property=\"og:title\" content=\"Bessenyei Istv\u00e1n: Am\u00edg lesz emberis\u00e9g, lesz fogyaszt\u00e1s is\" \/>\n<meta property=\"og:description\" content=\"T\u00e9m\u00e1nk ez\u00fattal a kereskedelmi \u00faj\u00edt\u00e1sok, ezen bel\u00fcl is az egyre nagyobb n\u00e9pszer\u0171s\u00e9gnek \u00f6rvend\u0151 automata online kassz\u00e1k, melyekr\u0151l Bessenyei Istv\u00e1nnal besz\u00e9lgett\u00fcnk. A Laurel Kft. hossz\u00fa \u00e9vek \u00f3ta foglalkozik az online alap\u00fa automata p\u00e9nzt\u00e1rg\u00e9pek fejleszt\u00e9s\u00e9vel, melyek els\u0151dleges szerepe a hat\u00e9konys\u00e1gn\u00f6vel\u00e9s, az \u00e1tereszt\u0151k\u00e9pess\u00e9g n\u00f6vel\u00e9se. A v\u00e1s\u00e1rl\u00f3i visszajelz\u00e9sek az \u00faj \u201ep\u00e9nzt\u00e1rosok\u201d szerethet\u0151s\u00e9ge mellett tan\u00faskodnak. De az emberek nem csak [&hellip;]\" \/>\n<meta property=\"og:url\" content=\"https:\/\/bizalmikor.hu\/blog\/2020\/05\/26\/bessenyei-istvan-amig-lesz-emberiseg-lesz-fogyasztas-is\/\" \/>\n<meta property=\"og:site_name\" content=\"Bizalmi K\u00f6r blog\" \/>\n<meta property=\"article:publisher\" content=\"https:\/\/www.facebook.com\/bizalmikor\" \/>\n<meta property=\"article:published_time\" content=\"2020-05-26T10:18:38+00:00\" \/>\n<meta property=\"article:modified_time\" content=\"2024-05-30T08:52:25+00:00\" \/>\n<meta property=\"og:image\" content=\"https:\/\/bizalmikor.hu\/blog\/wp-content\/uploads\/2020\/05\/Bessenyei-Istv\u00e1n-e1424684994634-1.jpg\" \/>\n\t<meta property=\"og:image:width\" content=\"1464\" \/>\n\t<meta property=\"og:image:height\" content=\"976\" \/>\n<meta name=\"twitter:card\" content=\"summary_large_image\" \/>\n<meta name=\"twitter:label1\" content=\"Szerz\u0151:\">\n\t<meta name=\"twitter:data1\" content=\"Gangel P\u00e9ter\">\n\t<meta name=\"twitter:label2\" content=\"Becs\u00fclt olvas\u00e1si id\u0151\">\n\t<meta name=\"twitter:data2\" content=\"6 perc\">\n<script type=\"application\/ld+json\" class=\"yoast-schema-graph\">{\"@context\":\"https:\/\/schema.org\",\"@graph\":[{\"@type\":\"Organization\",\"@id\":\"https:\/\/bizalmikor.hu\/blog\/#organization\",\"name\":\"Bizalmi K\\u00f6r Kft.\",\"url\":\"https:\/\/bizalmikor.hu\/blog\/\",\"sameAs\":[\"https:\/\/www.facebook.com\/bizalmikor\",\"https:\/\/www.instagram.com\/bizalmikor\/\",\"https:\/\/www.linkedin.com\/company\/19165894\",\"https:\/\/www.youtube.com\/channel\/UC7fAD3QCIWeSexU5t6F3YOw?view_as=subscriber\"],\"logo\":{\"@type\":\"ImageObject\",\"@id\":\"https:\/\/bizalmikor.hu\/blog\/#logo\",\"inLanguage\":\"hu\",\"url\":\"https:\/\/bizalmikor.hu\/blog\/wp-content\/uploads\/2019\/02\/Group-2.png\",\"width\":4033,\"height\":1192,\"caption\":\"Bizalmi K\\u00f6r Kft.\"},\"image\":{\"@id\":\"https:\/\/bizalmikor.hu\/blog\/#logo\"}},{\"@type\":\"WebSite\",\"@id\":\"https:\/\/bizalmikor.hu\/blog\/#website\",\"url\":\"https:\/\/bizalmikor.hu\/blog\/\",\"name\":\"Bizalmi K\\u00f6r blog\",\"description\":\"Egynek minden neh\\u00e9z, soknak semmi sem lehetetlen.\",\"publisher\":{\"@id\":\"https:\/\/bizalmikor.hu\/blog\/#organization\"},\"potentialAction\":[{\"@type\":\"SearchAction\",\"target\":\"https:\/\/bizalmikor.hu\/blog\/?s={search_term_string}\",\"query-input\":\"required name=search_term_string\"}],\"inLanguage\":\"hu\"},{\"@type\":\"ImageObject\",\"@id\":\"https:\/\/bizalmikor.hu\/blog\/2020\/05\/26\/bessenyei-istvan-amig-lesz-emberiseg-lesz-fogyasztas-is\/#primaryimage\",\"inLanguage\":\"hu\",\"url\":\"https:\/\/bizalmikor.hu\/blog\/wp-content\/uploads\/2020\/05\/Bessenyei-Istv\\u00e1n-e1424684994634-1.jpg\",\"width\":1464,\"height\":976},{\"@type\":\"WebPage\",\"@id\":\"https:\/\/bizalmikor.hu\/blog\/2020\/05\/26\/bessenyei-istvan-amig-lesz-emberiseg-lesz-fogyasztas-is\/#webpage\",\"url\":\"https:\/\/bizalmikor.hu\/blog\/2020\/05\/26\/bessenyei-istvan-amig-lesz-emberiseg-lesz-fogyasztas-is\/\",\"name\":\"Bessenyei Istv\\u00e1n: Am\\u00edg lesz emberis\\u00e9g, lesz fogyaszt\\u00e1s is\",\"isPartOf\":{\"@id\":\"https:\/\/bizalmikor.hu\/blog\/#website\"},\"primaryImageOfPage\":{\"@id\":\"https:\/\/bizalmikor.hu\/blog\/2020\/05\/26\/bessenyei-istvan-amig-lesz-emberiseg-lesz-fogyasztas-is\/#primaryimage\"},\"datePublished\":\"2020-05-26T10:18:38+00:00\",\"dateModified\":\"2024-05-30T08:52:25+00:00\",\"inLanguage\":\"hu\",\"potentialAction\":[{\"@type\":\"ReadAction\",\"target\":[\"https:\/\/bizalmikor.hu\/blog\/2020\/05\/26\/bessenyei-istvan-amig-lesz-emberiseg-lesz-fogyasztas-is\/\"]}]},{\"@type\":\"Article\",\"@id\":\"https:\/\/bizalmikor.hu\/blog\/2020\/05\/26\/bessenyei-istvan-amig-lesz-emberiseg-lesz-fogyasztas-is\/#article\",\"isPartOf\":{\"@id\":\"https:\/\/bizalmikor.hu\/blog\/2020\/05\/26\/bessenyei-istvan-amig-lesz-emberiseg-lesz-fogyasztas-is\/#webpage\"},\"author\":{\"@id\":\"https:\/\/bizalmikor.hu\/blog\/#\/schema\/person\/a89936ed381c3afa4cd7a27040dbfb07\"},\"headline\":\"Bessenyei Istv\\u00e1n: Am\\u00edg lesz emberis\\u00e9g, lesz fogyaszt\\u00e1s is\",\"datePublished\":\"2020-05-26T10:18:38+00:00\",\"dateModified\":\"2024-05-30T08:52:25+00:00\",\"mainEntityOfPage\":{\"@id\":\"https:\/\/bizalmikor.hu\/blog\/2020\/05\/26\/bessenyei-istvan-amig-lesz-emberiseg-lesz-fogyasztas-is\/#webpage\"},\"publisher\":{\"@id\":\"https:\/\/bizalmikor.hu\/blog\/#organization\"},\"image\":{\"@id\":\"https:\/\/bizalmikor.hu\/blog\/2020\/05\/26\/bessenyei-istvan-amig-lesz-emberiseg-lesz-fogyasztas-is\/#primaryimage\"},\"articleSection\":\"COVID-19 \\u00fczleti tapasztalatok,V\\u00e1llalkoz\\u00e1s\",\"inLanguage\":\"hu\"},{\"@type\":\"Person\",\"@id\":\"https:\/\/bizalmikor.hu\/blog\/#\/schema\/person\/a89936ed381c3afa4cd7a27040dbfb07\",\"name\":\"Gangel P\\u00e9ter\",\"image\":{\"@type\":\"ImageObject\",\"@id\":\"https:\/\/bizalmikor.hu\/blog\/#personlogo\",\"inLanguage\":\"hu\",\"url\":\"https:\/\/secure.gravatar.com\/avatar\/ee1c6e901d6b9c50c9a2204252c914b4?s=96&d=mm&r=g\",\"caption\":\"Gangel P\\u00e9ter\"}}]}<\/script>\n<!-- \/ Yoast SEO plugin. -->","_links":{"self":[{"href":"https:\/\/bizalmikor.hu\/blog\/wp-json\/wp\/v2\/posts\/3034"}],"collection":[{"href":"https:\/\/bizalmikor.hu\/blog\/wp-json\/wp\/v2\/posts"}],"about":[{"href":"https:\/\/bizalmikor.hu\/blog\/wp-json\/wp\/v2\/types\/post"}],"author":[{"embeddable":true,"href":"https:\/\/bizalmikor.hu\/blog\/wp-json\/wp\/v2\/users\/3"}],"replies":[{"embeddable":true,"href":"https:\/\/bizalmikor.hu\/blog\/wp-json\/wp\/v2\/comments?post=3034"}],"version-history":[{"count":3,"href":"https:\/\/bizalmikor.hu\/blog\/wp-json\/wp\/v2\/posts\/3034\/revisions"}],"predecessor-version":[{"id":7060,"href":"https:\/\/bizalmikor.hu\/blog\/wp-json\/wp\/v2\/posts\/3034\/revisions\/7060"}],"wp:featuredmedia":[{"embeddable":true,"href":"https:\/\/bizalmikor.hu\/blog\/wp-json\/wp\/v2\/media\/3036"}],"wp:attachment":[{"href":"https:\/\/bizalmikor.hu\/blog\/wp-json\/wp\/v2\/media?parent=3034"}],"wp:term":[{"taxonomy":"category","embeddable":true,"href":"https:\/\/bizalmikor.hu\/blog\/wp-json\/wp\/v2\/categories?post=3034"},{"taxonomy":"post_tag","embeddable":true,"href":"https:\/\/bizalmikor.hu\/blog\/wp-json\/wp\/v2\/tags?post=3034"}],"curies":[{"name":"wp","href":"https:\/\/api.w.org\/{rel}","templated":true}]}}