{"id":3455,"date":"2020-07-21T07:21:37","date_gmt":"2020-07-21T07:21:37","guid":{"rendered":"https:\/\/bizalmikor.hu\/blog\/?p=3455"},"modified":"2020-07-21T07:21:38","modified_gmt":"2020-07-21T07:21:38","slug":"ha-jon-a-masodik-hullam-az-online-ba-valo-eloremenekules-a-legjobb-strategia","status":"publish","type":"post","link":"https:\/\/bizalmikor.hu\/blog\/2020\/07\/21\/ha-jon-a-masodik-hullam-az-online-ba-valo-eloremenekules-a-legjobb-strategia\/","title":{"rendered":"Ha j\u00f6n a m\u00e1sodik hull\u00e1m, az online-ba val\u00f3 el\u0151remenek\u00fcl\u00e9s a legjobb strat\u00e9gia"},"content":{"rendered":"\n<p><strong>Farkas Zsolt az <a href=\"https:\/\/evolutagency.com\/\" target=\"_blank\" rel=\"noreferrer noopener\">Evolut Agency <\/a>vezet\u0151je mondhatni, \u00e1lland\u00f3 tan\u00e1csad\u00f3nkk\u00e1 v\u00e1lt az elm\u00falt id\u0151szakban. Ez\u00fattal arr\u00f3l besz\u00e9lgett\u00fcnk vele, mit \u00e9s hogyan \u00e9rdemes kommunik\u00e1lni a ny\u00e1ri id\u0151szakban, van-e id\u00e9n egy\u00e1ltal\u00e1n uborkaszezon vagy a v\u00edrus miatt eg\u00e9szen m\u00e1sk\u00e9pp n\u00e9z ki a c\u00e9ges id\u0151sz\u00e1m\u00edt\u00e1s, mit tehet\u00fcnk, ha j\u00f6n a m\u00e1sodik hull\u00e1m \u00e9s hogyan tarthat\u00f3 fenn a t\u00f6rzsk\u00f6z\u00f6ns\u00e9g\u00fcnk figyelme. Sz\u00f3ba ker\u00fclt a turizmus, az offline marketing \u00e9s a c\u00e9geknek \u00e9rt\u00e9kes\u00edt\u0151 c\u00e9gek viselked\u00e9skult\u00far\u00e1ja is.<\/strong><\/p>\n\n\n\n<p>Az idei \u00e9v els\u0151 fele nagyon m\u00e1s volt, \u00edgy k\u00e9rd\u00e9s, hogy egy\u00e1ltal\u00e1n a szok\u00e1sos id\u0151sz\u00e1m\u00edt\u00e1s szerint \u00e9rdemes-e r\u00e1n\u00e9zni a jelenre, az elk\u00f6vetkez\u0151 h\u00f3napokra. Bizonyos c\u00e9gek eset\u00e9ben \u2013 ide f\u0151k\u00e9nt a B2B v\u00e1llakoz\u00e1sok, az online marketingesek tartoznak \u2013 a hagyom\u00e1nyos uborkaszezon id\u0151szak indult el, m\u00edg m\u00e1sok \u2013 jellemz\u0151en a <strong>vend\u00e9gl\u00e1t\u00e1s, turizmus ipar\u00e1gban tev\u00e9kenyked\u0151k \u2013 kem\u00e9ny h\u00f3napokon vannak t\u00fal \u00e9s kem\u00e9ny h\u00f3napok el\u00e9 n\u00e9znek. \u0150k azon igyekeznek, hogy stabiliz\u00e1lj\u00e1k magukat, visszahozz\u00e1k a kies\u00e9seket. <\/strong>Teh\u00e1t bizonyos csoportok eset\u00e9ben a b\u00e9ke \u00e9s a szok\u00e1sos ny\u00e1ri id\u0151sz\u00e1m\u00edt\u00e1s k\u00f6sz\u00f6nt be, m\u00edg m\u00e1sokn\u00e1l nagy a p\u00f6rg\u00e9s, a vesztes\u00e9gek ledolgoz\u00e1sa.&nbsp;<\/p>\n\n\n\n<figure class=\"wp-block-embed-youtube wp-block-embed is-type-video is-provider-youtube wp-embed-aspect-16-9 wp-has-aspect-ratio\"><div class=\"wp-block-embed__wrapper\">\n<iframe loading=\"lazy\" title=\"Farkas Zsolt - P\u00f6rg\u0151s marketing uborkaszezonban is - 2020.06.30\" width=\"500\" height=\"281\" src=\"https:\/\/www.youtube.com\/embed\/_cEp81WyXhs?feature=oembed\" frameborder=\"0\" allow=\"accelerometer; autoplay; clipboard-write; encrypted-media; gyroscope; picture-in-picture; web-share\" referrerpolicy=\"strict-origin-when-cross-origin\" allowfullscreen><\/iframe>\n<\/div><figcaption>N\u00e9zd vissza a besz\u00e9lget\u00e9st<\/figcaption><\/figure>\n\n\n\n<p>A koronav\u00edrus egy\u00e9rtelm\u0171en a turizmust \u00e9s a vend\u00e9gl\u00e1t\u00f3ipart s\u00fajtotta legnagyobb m\u00e9rt\u00e9kben. L\u00e1ssuk, mit javasol e ter\u00fclet szerepl\u0151inek Farkas Zsolt!<\/p>\n\n\n\n<ul><li>A sz\u00e1ll\u00e1sad\u00f3knak \u00e9rdemes a <strong>belf\u00f6ldi turizmust <\/strong>c\u00e9lz\u00f3 kamp\u00e1nyokat tervezni.<\/li><li>A vend\u00e9gl\u00e1t\u00f3soknak <strong>\u00e9rdemes kitelep\u00fclni<\/strong> olyan helysz\u00ednekre \u2013 m\u00e1s v\u00e1rosokba ak\u00e1r \u2013 ahol jelen helyzetben tudnak szolg\u00e1ltatni.<\/li><\/ul>\n\n\n\n<blockquote class=\"wp-block-quote is-style-large is-layout-flow wp-block-quote-is-layout-flow\"><p><strong><em>Kitelep\u00fcl\u00e9s eset\u00e9n mindenk\u00e9pp \u00e9rtes\u00edts\u00fck a c\u00e9lk\u00f6z\u00f6ns\u00e9g\u00fcnket!<\/em><\/strong><\/p><\/blockquote>\n\n\n\n<ul><li><strong>Figyelj\u00fcnk az offline marketing\u00fcnkre! <\/strong>Haszn\u00e1ljunk olyan design elemeket, amik megfogj\u00e1k a tekintetet, legyen sz\u00f3 az asztaldekor\u00e1ci\u00f3r\u00f3l vagy a men\u00fck\u00e1rty\u00e1kr\u00f3l ak\u00e1r.<\/li><li>\u00c9rdemes a <strong>felhaszn\u00e1l\u00f3k \u00e1ltali tartalomk\u00e9sz\u00edt\u00e9sre <\/strong>(user generated content) is r\u00e1menn\u00fcnk, ak\u00e1r egy teljesen \u00faj d\u00edszlet \u00e9p\u00edt\u00e9s\u00e9vel (l\u00e1sd Vintage Garden), ak\u00e1r az instagram t\u00e1bl\u00e1k haszn\u00e1lat\u00e1val.<\/li><li>A social media terekben a k\u00f6vetkez\u0151kkel \u00e9rhet\u00fcnk el sikereket: <strong>kitelep\u00fcl\u00e9s eset\u00e9n a helysz\u00edn egy kilom\u00e9teres k\u00f6rzet\u00e9ben jelentess\u00fcnk meg facebook kamp\u00e1nyt<\/strong>, ami hozz\u00e1nk ir\u00e1ny\u00edtja a c\u00e9lk\u00f6z\u00f6ns\u00e9get; instagram kontent gy\u00e1rt\u00e1sakor figyelj\u00fcnk r\u00e1, hogy az <strong>insta saj\u00e1t funkci\u00f3it haszn\u00e1ljuk!<\/strong> A <strong>helysz\u00edn megjel\u00f6l\u00e9se, a helyi hashtagek haszn\u00e1lata<\/strong> k\u00fcl\u00f6n\u00f6sen fontos, mert min\u00e9l t\u00f6bbsz\u00f6r haszn\u00e1lt\u00e1k adott megjel\u00f6l\u00e9st, ann\u00e1l val\u00f3sz\u00edn\u0171bb, hogy azt a helyet v\u00e1lasztja majd a rem\u00e9nybeli vend\u00e9g\u00fcnk, aki a nyaral\u00e1sa el\u0151tt instagramon is t\u00e1j\u00e9koz\u00f3dik.<\/li><\/ul>\n\n\n\n<h2 class=\"wp-block-heading\"><strong>Extra tipp:&nbsp;<\/strong><\/h2>\n\n\n\n<p><strong>Vigy\u00fcnk egy kis j\u00e1t\u00e9koss\u00e1got a kitelep\u00fcl\u00e9s\u00fcnkbe!<\/strong> Adjunk annyi sz\u00e1zal\u00e9k engedm\u00e9nyt, ah\u00e1ny fokot a h\u0151m\u00e9r\u0151 mutat. M\u00e9g az is el\u0151fordulhat, hogy az emberek arra v\u00e1rva \u00e1llnak majd a standunk el\u0151tt, hogy 26 fokr\u00f3l 27-re menjen fel a mutat\u00f3. A gamification abszol\u00fat plusz szimp\u00e1tia-faktor! Haszn\u00e1ljuk!<\/p>\n\n\n\n<h2 class=\"wp-block-heading\"><strong>A t\u00f6rzsk\u00f6z\u00f6ns\u00e9g-k\u00e9rd\u00e9sk\u00f6r<\/strong><\/h2>\n\n\n\n<p>\u00c9rdemes-e elkezdeni most list\u00e1t \u00e9p\u00edteni azoknak, akiknek m\u00e9g nincs? A v\u00e1lasz az, hogy mindenk\u00e9pp, hiszen <strong>most ak\u00e1r m\u00e1s t\u00edpus\u00fa vend\u00e9gk\u00f6rt is el\u00e9rhet\u00fcnk.<\/strong> Term\u00e9szetesen el\u0151nyben vannak, akik \u00fagy mentek bele ebbe a neh\u00e9z id\u0151szakba, hogy megvolt a levelez\u0151 vagy egy\u00e9b list\u00e1juk a t\u00f6rzsvend\u00e9geikkel, de mivel az elm\u00falt h\u00f3napokban megn\u0151tt a visszajelz\u00e9sek jelent\u0151ss\u00e9ge \u00e9s k\u00fcl\u00f6n\u00f6sen fontos, hogy a megfelel\u0151 emberekhez eljuttassuk a megfelel\u0151 inform\u00e1ci\u00f3t, nem hib\u00e1zhatunk, ha elkezd\u00fcnk list\u00e1t \u00e9p\u00edteni.<\/p>\n\n\n\n<h2 class=\"wp-block-heading\"><strong>A korrekts\u00e9g most k\u00fcl\u00f6n\u00f6sen kifizet\u0151d\u0151<\/strong><\/h2>\n\n\n\n<blockquote class=\"wp-block-quote is-layout-flow wp-block-quote-is-layout-flow\"><p><strong>C\u00e9gek eset\u00e9ben a korrekts\u00e9get, az embers\u00e9ges hozz\u00e1\u00e1ll\u00e1st emelte ki Zsolt. Aki most korrekt\u00fcl j\u00e1r el a v\u00e1s\u00e1rl\u00f3ival, \u00fcgyfeleivel szemben, az hossz\u00fat\u00e1von tapasztalhatja ennek j\u00f3t\u00e9kony hat\u00e1sait. <\/strong><\/p><\/blockquote>\n\n\n\n<p><strong>Tekinthet\u00fcnk erre egyfajta brand-\u00e9p\u00edt\u00e9s\u00e9k\u00e9nt is.<\/strong> Ez az id\u0151szak kiv\u00e1l\u00f3an alkalmas hossz\u00fat\u00e1v\u00fa elk\u00f6telez\u0151d\u00e9sek megalapoz\u00e1s\u00e1ra. <strong>Ha valaki a j\u00e1rv\u00e1ny k\u00f6vetkezt\u00e9ben kialakult vis maior helyzetben sem tett engedm\u00e9nyeket az j\u00f3 es\u00e9lyjel tapasztalhatja meg, hogy a j\u00f6v\u0151ben elfordulnak t\u0151le addigi partnerei.<\/strong><\/p>\n\n\n\n<p>Megtehetj\u00fck m\u00e9g c\u00e9g\u00fcnk\u00e9rt a k\u00f6vetkez\u0151ket:<\/p>\n\n\n\n<ul><li>Barterezz\u00fcnk! Weblapk\u00e9sz\u00edt\u00e9s megjelen\u00e9s\u00e9rt cser\u00e9be p\u00e9ld\u00e1ul.<\/li><li>Hirdess\u00fcnk, hiszen most adott \u00f6sszeg\u00e9rt t\u00f6bb kattit\u00e1st kaphatunk a piac alul\u00e1razotts\u00e1ga miatt.<\/li><\/ul>\n\n\n\n<h2 class=\"wp-block-heading\"><strong>Tartalomgy\u00e1rt\u00e1s \u00e9s figyelemfenntart\u00e1s<\/strong><\/h2>\n\n\n\n<p>A ny\u00e1ri h\u00f3napokban amellett, amit a fentiekben elmondtunk, azaz, hogy ha csak tehetj\u00fck legy\u00fcnk embers\u00e9gesek, mindenk\u00e9pp figyelj\u00fcnk a k\u00f6z\u00f6ns\u00e9g\u00fcnk, a partnereink figyelm\u00e9nek fenntart\u00e1s\u00e1ra. <strong>Laz\u00e1bb, k\u00f6nnyedebb tartalmakat \u00e9rdemes gy\u00e1rtanunk, hiszen ny\u00e1ron eg\u00e9szen m\u00e1s a befogad\u00f3i szeml\u00e9letm\u00f3d, a state of mind. <\/strong>A tartalmak, amiket most megosztunk <strong>els\u0151sorban azoknak sz\u00f3ljanak, akik m\u00e1r ismernek benn\u00fcnket,<\/strong> de m\u00e9g nem felt\u00e9tlen\u00fcl k\u00f6telez\u0151dtek el, akik a m\u00e1rk\u00e1nkkal val\u00f3 ismereked\u00e9s kezdeti f\u00e1zis\u00e1ban vannak.<\/p>\n\n\n\n<p>Tartalmak ny\u00e1rra:<\/p>\n\n\n\n<ul><li><strong>Dokument\u00e1ljuk a c\u00e9ges \u00e9let\u00fcnket a social media fel\u00fcleteinken!<\/strong> Ha liveoltunk facebookon, osszunk meg err\u0151l egy helysz\u00ednmegjel\u00f6l\u00e9ssel, relev\u00e1ns hashtagekkel \u00e9s r\u00f6vid sz\u00f6veggel ell\u00e1tott posztot, v\u00e1gjunk a liveb\u00f3l p\u00e1rperces IGTV vide\u00f3t. (Csekkoljuk Gary Vaynerchuk egy tartalomb\u00f3l 64 m\u00e1sikat legy\u00e1rt\u00f3 \u00f6tletb\u00f6rz\u00e9j\u00e9t!)<\/li><li><strong>Nativiz\u00e1ljuk a tartalmainkat,<\/strong> azaz igaz\u00edtsuk \u0151ket a csatorn\u00e1inkhoz. LinkedIN-re p\u00e9ld\u00e1ul ne posztoljunk laza, kissz\u00edneseket.&nbsp;<\/li><li><strong>Tartalmainkat a k\u00f6vetkez\u0151 1-2 h\u00f3napra k\u00e9sz\u00edts\u00fck el\u0151,<\/strong> de ne szaladjunk t\u00fals\u00e1gosan el\u0151re, hiszen a kontextus gyorsan v\u00e1ltozik, a tartalomgy\u00e1rt\u00e1s pedig \u2013 ha igaz\u00e1n j\u00f3 min\u0151s\u00e9gben csin\u00e1ljuk \u2013 rengeteg energiaforr\u00e1st ig\u00e9nyel. B\u00e1njunk okosan ezekkel!<\/li><\/ul>\n\n\n\n<blockquote class=\"wp-block-quote is-style-large is-layout-flow wp-block-quote-is-layout-flow\"><p><strong><em>\u201eAz egyik kulcs, hogy&nbsp; k\u00f6vetkezetes, tudatos tartalomel\u0151\u00e1ll\u00edt\u00e1s legyen minden c\u00e9gn\u00e9l. El kell d\u00f6nteni, hogy ki v\u00e9gzi ezt \u00e9s mennyi id\u0151t sz\u00e1n r\u00e1 adott c\u00e9g.\u201d<\/em><\/strong><\/p><\/blockquote>\n\n\n\n<p>Arr\u00f3l, hogy a tartalomgy\u00e1rt\u00e1s mekkora felel\u0151ss\u00e9get, extra feladatk\u00f6r\u00f6ket \u00e9s elk\u00f6telez\u0151d\u00e9st ig\u00e9nyel, hogy m\u00e1ra m\u00e1r minden c\u00e9gnek egyben marketing c\u00e9gg\u00e9 is kellett alakulnia, Farkas Zsolt a k\u00f6vetkez\u0151 gondolatokat osztotta meg vel\u00fcnk:<\/p>\n\n\n\n<p>\u201e<strong>Nagyon kev\u00e9s c\u00e9g van felk\u00e9sz\u00fclve arra, hogy tartalom el\u0151\u00e1ll\u00edt\u00f3v\u00e1 is k\u00e9ne v\u00e1lnia. <\/strong>M\u00e1ra m\u00e1r egy csom\u00f3 social media fel\u00fcletet kell tudnunk m\u0171k\u00f6dtetni \u00e9s ez elk\u00e9peszt\u0151en nagy feladat. Mi az eg\u00e9szs\u00e9ges ebben? <strong>Nem b\u00edzhatunk r\u00e1 mindent egy tartalomgy\u00e1rt\u00f3 c\u00e9gre, ugyanakkor fontos a kiszervez\u00e9st valahogy megoldani.<\/strong> Val\u00f3j\u00e1ban minden elhat\u00e1roz\u00e1s k\u00e9rd\u00e9se. Ha adott c\u00e9gvezet\u0151 bel\u00e1tja, hogy az online olyan m\u00e9rt\u00e9kben teret nyert m\u00e1ra, hogy nem lehet figyelmen k\u00edv\u00fcl hagyni, onnan m\u00e1r csak egy l\u00e9p\u00e9s, hogy bele\u00e1lljon az elhat\u00e1roz\u00e1sba. <strong>Minimum 1-2 folyamatosan friss\u00fcl\u0151 social media fel\u00fclettel rendelkeznie kell egy c\u00e9gnek 2020-ban. Akinek nincsenek ilyen fel\u00fcletei, az lemarad.\u201d<\/strong><\/p>\n\n\n\n<p>V\u00e9g\u00fcl pedig, mert a koronav\u00edrussal tov\u00e1bbra is fontos foglalkoznunk, hogy felk\u00e9sz\u00fcltek \u00e9s \u00e9berek maradhassunk, arr\u00f3l besz\u00e9lt\u00fcnk, mit tan\u00e1csolna Zsolt egy esetleges m\u00e1sodik hull\u00e1m eset\u00e9re. Azt mondja, \u0151 nem foglalkozott igaz\u00e1n a v\u00edrushelyzettel, szerencs\u00e9re olyan szektorban tev\u00e9kenykedik, amit nem \u00e9rintett igaz\u00e1n m\u00e9lyen a v\u00e1ls\u00e1g. Azonban, ha m\u00e9gis mondania kell valamit, akkor a k\u00f6vetkez\u0151t tartja kiemelten fontosnak:&nbsp;<\/p>\n\n\n\n<blockquote class=\"wp-block-quote is-style-large is-layout-flow wp-block-quote-is-layout-flow\"><p>&#8220;<strong><em>Ha j\u00f6n a m\u00e1sodik hull\u00e1m, az onlineba val\u00f3 el\u0151remenek\u00fcl\u00e9s a legjobb strat\u00e9gia, hiszen ha megint otthon kell lenn\u00fcnk, akkor \u00fajra erre a ter\u00fcletre ker\u00fcl a f\u00f3kusz. Az online \u00f3ri\u00e1sit ment most, teh\u00e1t l\u00e1that\u00f3, hogy mindenk\u00e9pp \u00e9rdemes meger\u0151s\u00edten\u00fcnk a jelenl\u00e9t\u00fcnket ezen a ter\u00fcleten\/fel\u00fcleten!<\/em><\/strong>&#8220;<\/p><\/blockquote>\n\n\n\n<hr class=\"wp-block-separator is-style-wide\"\/>\n\n\n\n<h1 class=\"has-text-align-center wp-block-heading\">Szeretn\u00e9l megismerkedni klubtagjainkkal? K\u00e9rj egy megh\u00edv\u00f3t!<\/h1>\n\n\n\n<div class=\"wp-block-button aligncenter\"><a class=\"wp-block-button__link has-background\" href=\"https:\/\/bizalmikor.hu\/kapcsolat\/\" style=\"background-color:#14496b\" target=\"_blank\" rel=\"noreferrer noopener\"><strong>\u00c9rdekel a Bizalmi K\u00f6r klubtags\u00e1g<\/strong><\/a><\/div>\n\n\n\n<hr class=\"wp-block-separator is-style-wide\"\/>\n","protected":false},"excerpt":{"rendered":"<p>Hogyan \u00e9rdemes kommunik\u00e1lni a ny\u00e1ri id\u0151szakban, van-e id\u00e9n egy\u00e1ltal\u00e1n uborkaszezon vagy a v\u00edrus miatt eg\u00e9szen m\u00e1sk\u00e9pp n\u00e9z ki a c\u00e9ges id\u0151sz\u00e1m\u00edt\u00e1s.<\/p>\n","protected":false},"author":3,"featured_media":3457,"comment_status":"closed","ping_status":"open","sticky":false,"template":"","format":"standard","meta":{"footnotes":""},"categories":[16],"tags":[],"yoast_head":"<!-- This site is optimized with the Yoast SEO plugin v15.4 - https:\/\/yoast.com\/wordpress\/plugins\/seo\/ -->\n<title>Ha j\u00f6n a m\u00e1sodik hull\u00e1m, az online-ba val\u00f3 el\u0151remenek\u00fcl\u00e9s a legjobb strat\u00e9gia<\/title>\n<meta name=\"description\" content=\"Hogyan \u00e9rdemes kommunik\u00e1lni a ny\u00e1ri id\u0151szakban, van-e id\u00e9n egy\u00e1ltal\u00e1n uborkaszezon vagy a v\u00edrus miatt eg\u00e9szen m\u00e1sk\u00e9pp n\u00e9z ki a c\u00e9ges id\u0151sz\u00e1m\u00edt\u00e1s.\" \/>\n<meta name=\"robots\" content=\"index, follow, max-snippet:-1, max-image-preview:large, max-video-preview:-1\" \/>\n<link rel=\"canonical\" href=\"https:\/\/bizalmikor.hu\/blog\/2020\/07\/21\/ha-jon-a-masodik-hullam-az-online-ba-valo-eloremenekules-a-legjobb-strategia\/\" \/>\n<meta property=\"og:locale\" content=\"hu_HU\" \/>\n<meta property=\"og:type\" content=\"article\" \/>\n<meta property=\"og:title\" content=\"Ha j\u00f6n a m\u00e1sodik hull\u00e1m, az online-ba val\u00f3 el\u0151remenek\u00fcl\u00e9s a legjobb strat\u00e9gia\" \/>\n<meta property=\"og:description\" content=\"Hogyan \u00e9rdemes kommunik\u00e1lni a ny\u00e1ri id\u0151szakban, van-e id\u00e9n egy\u00e1ltal\u00e1n uborkaszezon vagy a v\u00edrus miatt eg\u00e9szen m\u00e1sk\u00e9pp n\u00e9z ki a c\u00e9ges id\u0151sz\u00e1m\u00edt\u00e1s.\" \/>\n<meta property=\"og:url\" content=\"https:\/\/bizalmikor.hu\/blog\/2020\/07\/21\/ha-jon-a-masodik-hullam-az-online-ba-valo-eloremenekules-a-legjobb-strategia\/\" \/>\n<meta property=\"og:site_name\" content=\"Bizalmi K\u00f6r blog\" \/>\n<meta property=\"article:publisher\" content=\"https:\/\/www.facebook.com\/bizalmikor\" \/>\n<meta property=\"article:published_time\" content=\"2020-07-21T07:21:37+00:00\" \/>\n<meta property=\"article:modified_time\" content=\"2020-07-21T07:21:38+00:00\" \/>\n<meta property=\"og:image\" content=\"https:\/\/bizalmikor.hu\/blog\/wp-content\/uploads\/2020\/07\/1302.jpg\" \/>\n\t<meta property=\"og:image:width\" content=\"1494\" \/>\n\t<meta property=\"og:image:height\" content=\"1151\" \/>\n<meta name=\"twitter:card\" content=\"summary_large_image\" \/>\n<meta name=\"twitter:label1\" content=\"Szerz\u0151:\">\n\t<meta name=\"twitter:data1\" content=\"Gangel P\u00e9ter\">\n\t<meta name=\"twitter:label2\" content=\"Becs\u00fclt olvas\u00e1si id\u0151\">\n\t<meta name=\"twitter:data2\" content=\"6 perc\">\n<script type=\"application\/ld+json\" class=\"yoast-schema-graph\">{\"@context\":\"https:\/\/schema.org\",\"@graph\":[{\"@type\":\"Organization\",\"@id\":\"https:\/\/bizalmikor.hu\/blog\/#organization\",\"name\":\"Bizalmi K\\u00f6r Kft.\",\"url\":\"https:\/\/bizalmikor.hu\/blog\/\",\"sameAs\":[\"https:\/\/www.facebook.com\/bizalmikor\",\"https:\/\/www.instagram.com\/bizalmikor\/\",\"https:\/\/www.linkedin.com\/company\/19165894\",\"https:\/\/www.youtube.com\/channel\/UC7fAD3QCIWeSexU5t6F3YOw?view_as=subscriber\"],\"logo\":{\"@type\":\"ImageObject\",\"@id\":\"https:\/\/bizalmikor.hu\/blog\/#logo\",\"inLanguage\":\"hu\",\"url\":\"https:\/\/bizalmikor.hu\/blog\/wp-content\/uploads\/2019\/02\/Group-2.png\",\"width\":4033,\"height\":1192,\"caption\":\"Bizalmi K\\u00f6r Kft.\"},\"image\":{\"@id\":\"https:\/\/bizalmikor.hu\/blog\/#logo\"}},{\"@type\":\"WebSite\",\"@id\":\"https:\/\/bizalmikor.hu\/blog\/#website\",\"url\":\"https:\/\/bizalmikor.hu\/blog\/\",\"name\":\"Bizalmi K\\u00f6r blog\",\"description\":\"Egynek minden neh\\u00e9z, soknak semmi sem lehetetlen.\",\"publisher\":{\"@id\":\"https:\/\/bizalmikor.hu\/blog\/#organization\"},\"potentialAction\":[{\"@type\":\"SearchAction\",\"target\":\"https:\/\/bizalmikor.hu\/blog\/?s={search_term_string}\",\"query-input\":\"required name=search_term_string\"}],\"inLanguage\":\"hu\"},{\"@type\":\"ImageObject\",\"@id\":\"https:\/\/bizalmikor.hu\/blog\/2020\/07\/21\/ha-jon-a-masodik-hullam-az-online-ba-valo-eloremenekules-a-legjobb-strategia\/#primaryimage\",\"inLanguage\":\"hu\",\"url\":\"https:\/\/bizalmikor.hu\/blog\/wp-content\/uploads\/2020\/07\/1302.jpg\",\"width\":1494,\"height\":1151},{\"@type\":\"WebPage\",\"@id\":\"https:\/\/bizalmikor.hu\/blog\/2020\/07\/21\/ha-jon-a-masodik-hullam-az-online-ba-valo-eloremenekules-a-legjobb-strategia\/#webpage\",\"url\":\"https:\/\/bizalmikor.hu\/blog\/2020\/07\/21\/ha-jon-a-masodik-hullam-az-online-ba-valo-eloremenekules-a-legjobb-strategia\/\",\"name\":\"Ha j\\u00f6n a m\\u00e1sodik hull\\u00e1m, az online-ba val\\u00f3 el\\u0151remenek\\u00fcl\\u00e9s a legjobb strat\\u00e9gia\",\"isPartOf\":{\"@id\":\"https:\/\/bizalmikor.hu\/blog\/#website\"},\"primaryImageOfPage\":{\"@id\":\"https:\/\/bizalmikor.hu\/blog\/2020\/07\/21\/ha-jon-a-masodik-hullam-az-online-ba-valo-eloremenekules-a-legjobb-strategia\/#primaryimage\"},\"datePublished\":\"2020-07-21T07:21:37+00:00\",\"dateModified\":\"2020-07-21T07:21:38+00:00\",\"description\":\"Hogyan \\u00e9rdemes kommunik\\u00e1lni a ny\\u00e1ri id\\u0151szakban, van-e id\\u00e9n egy\\u00e1ltal\\u00e1n uborkaszezon vagy a v\\u00edrus miatt eg\\u00e9szen m\\u00e1sk\\u00e9pp n\\u00e9z ki a c\\u00e9ges id\\u0151sz\\u00e1m\\u00edt\\u00e1s.\",\"inLanguage\":\"hu\",\"potentialAction\":[{\"@type\":\"ReadAction\",\"target\":[\"https:\/\/bizalmikor.hu\/blog\/2020\/07\/21\/ha-jon-a-masodik-hullam-az-online-ba-valo-eloremenekules-a-legjobb-strategia\/\"]}]},{\"@type\":\"Article\",\"@id\":\"https:\/\/bizalmikor.hu\/blog\/2020\/07\/21\/ha-jon-a-masodik-hullam-az-online-ba-valo-eloremenekules-a-legjobb-strategia\/#article\",\"isPartOf\":{\"@id\":\"https:\/\/bizalmikor.hu\/blog\/2020\/07\/21\/ha-jon-a-masodik-hullam-az-online-ba-valo-eloremenekules-a-legjobb-strategia\/#webpage\"},\"author\":{\"@id\":\"https:\/\/bizalmikor.hu\/blog\/#\/schema\/person\/a89936ed381c3afa4cd7a27040dbfb07\"},\"headline\":\"Ha j\\u00f6n a m\\u00e1sodik hull\\u00e1m, az online-ba val\\u00f3 el\\u0151remenek\\u00fcl\\u00e9s a legjobb strat\\u00e9gia\",\"datePublished\":\"2020-07-21T07:21:37+00:00\",\"dateModified\":\"2020-07-21T07:21:38+00:00\",\"mainEntityOfPage\":{\"@id\":\"https:\/\/bizalmikor.hu\/blog\/2020\/07\/21\/ha-jon-a-masodik-hullam-az-online-ba-valo-eloremenekules-a-legjobb-strategia\/#webpage\"},\"commentCount\":1,\"publisher\":{\"@id\":\"https:\/\/bizalmikor.hu\/blog\/#organization\"},\"image\":{\"@id\":\"https:\/\/bizalmikor.hu\/blog\/2020\/07\/21\/ha-jon-a-masodik-hullam-az-online-ba-valo-eloremenekules-a-legjobb-strategia\/#primaryimage\"},\"articleSection\":\"V\\u00e1llalkoz\\u00e1s\",\"inLanguage\":\"hu\"},{\"@type\":\"Person\",\"@id\":\"https:\/\/bizalmikor.hu\/blog\/#\/schema\/person\/a89936ed381c3afa4cd7a27040dbfb07\",\"name\":\"Gangel P\\u00e9ter\",\"image\":{\"@type\":\"ImageObject\",\"@id\":\"https:\/\/bizalmikor.hu\/blog\/#personlogo\",\"inLanguage\":\"hu\",\"url\":\"https:\/\/secure.gravatar.com\/avatar\/ee1c6e901d6b9c50c9a2204252c914b4?s=96&d=mm&r=g\",\"caption\":\"Gangel P\\u00e9ter\"}}]}<\/script>\n<!-- \/ Yoast SEO plugin. -->","_links":{"self":[{"href":"https:\/\/bizalmikor.hu\/blog\/wp-json\/wp\/v2\/posts\/3455"}],"collection":[{"href":"https:\/\/bizalmikor.hu\/blog\/wp-json\/wp\/v2\/posts"}],"about":[{"href":"https:\/\/bizalmikor.hu\/blog\/wp-json\/wp\/v2\/types\/post"}],"author":[{"embeddable":true,"href":"https:\/\/bizalmikor.hu\/blog\/wp-json\/wp\/v2\/users\/3"}],"replies":[{"embeddable":true,"href":"https:\/\/bizalmikor.hu\/blog\/wp-json\/wp\/v2\/comments?post=3455"}],"version-history":[{"count":6,"href":"https:\/\/bizalmikor.hu\/blog\/wp-json\/wp\/v2\/posts\/3455\/revisions"}],"predecessor-version":[{"id":3508,"href":"https:\/\/bizalmikor.hu\/blog\/wp-json\/wp\/v2\/posts\/3455\/revisions\/3508"}],"wp:featuredmedia":[{"embeddable":true,"href":"https:\/\/bizalmikor.hu\/blog\/wp-json\/wp\/v2\/media\/3457"}],"wp:attachment":[{"href":"https:\/\/bizalmikor.hu\/blog\/wp-json\/wp\/v2\/media?parent=3455"}],"wp:term":[{"taxonomy":"category","embeddable":true,"href":"https:\/\/bizalmikor.hu\/blog\/wp-json\/wp\/v2\/categories?post=3455"},{"taxonomy":"post_tag","embeddable":true,"href":"https:\/\/bizalmikor.hu\/blog\/wp-json\/wp\/v2\/tags?post=3455"}],"curies":[{"name":"wp","href":"https:\/\/api.w.org\/{rel}","templated":true}]}}