{"id":3460,"date":"2020-07-16T13:41:39","date_gmt":"2020-07-16T13:41:39","guid":{"rendered":"https:\/\/bizalmikor.hu\/blog\/?p=3460"},"modified":"2020-07-16T13:41:39","modified_gmt":"2020-07-16T13:41:39","slug":"7-titkos-szempont-ami-alapjan-dont-az-ugyvezeto-az-ajanlatodrol","status":"publish","type":"post","link":"https:\/\/bizalmikor.hu\/blog\/2020\/07\/16\/7-titkos-szempont-ami-alapjan-dont-az-ugyvezeto-az-ajanlatodrol\/","title":{"rendered":"7 titkos szempont, ami alapj\u00e1n d\u00f6nt az \u00fcgyvezet\u0151 az aj\u00e1nlatodr\u00f3l"},"content":{"rendered":"\n<p>Szeretn\u00e9l t\u00f6bb \u00fcgyfelet? Szeretn\u00e9l t\u00f6bb \u00fcgyfelet megtartani? \u00dajabb \u00e9s \u00fajabb v\u00e1s\u00e1rl\u00f3khoz bejutni? Mindezt hogyan tudod megtenni, hogy nagyon k\u00fcl\u00f6nlegesen \u00e9s a piact\u00f3l elt\u00e9r\u0151 m\u00f3don tegyed? Ebben seg\u00edt most vend\u00e9gszerz\u0151nk, Berka L\u00e1szl\u00f3, a Legend\u00e1s Szolg\u00e1ltat\u00e1s Kft. tulajdonosa.<\/p>\n\n\n\n<p>Jeffrey Gitomer-t m\u00e1r \u00e9vek \u00f3ta k\u00f6vetem. \u0150 egy \u00e9rt\u00e9kes\u00edt\u00e9si szak\u00e9rt\u0151, \u00e9s im\u00e1dom a gondolatait, az \u00f6tleteit, a tippjeit. \u00d6sszegy\u0171jt\u00f6tt h\u00e9t olyan t\u00e9nyez\u0151t, ami egy \u00fcgyvezet\u0151t, egy v\u00e1llalatvezet\u0151t vagy egy c\u00e9gvezet\u0151t alapvet\u0151en \u00e9rdekel.<\/p>\n\n\n\n<figure class=\"wp-block-embed-youtube wp-block-embed is-type-video is-provider-youtube wp-embed-aspect-16-9 wp-has-aspect-ratio\"><div class=\"wp-block-embed__wrapper\">\n<iframe loading=\"lazy\" title=\"\u2694\ufe0f \u270b\ud83c\udffc [30 napos \u00dcgyf\u00e9l\u00e9lm\u00e9ny Kih\u00edv\u00e1s] #10\" width=\"500\" height=\"281\" src=\"https:\/\/www.youtube.com\/embed\/GAYquOdIWnY?feature=oembed\" frameborder=\"0\" allow=\"accelerometer; autoplay; clipboard-write; encrypted-media; gyroscope; picture-in-picture; web-share\" referrerpolicy=\"strict-origin-when-cross-origin\" allowfullscreen><\/iframe>\n<\/div><\/figure>\n\n\n\n<h2 class=\"wp-block-heading\"><strong>Hogy ez mi\u00e9rt fontos?<\/strong><\/h2>\n\n\n\n<p>Az\u00e9rt, mert ha ezekkel tiszt\u00e1ban vagy, akkor \u00fagy tudod kialak\u00edtani a saj\u00e1t szolg\u00e1ltat\u00e1sod bemutat\u00e1s\u00e1t, az aj\u00e1nlat\u00e1t, a megjelen\u00e9s\u00e9t, az oldaladon val\u00f3 kommunik\u00e1ci\u00f3j\u00e1t vagy ak\u00e1r a szem\u00e9lyes besz\u00e9lget\u00e9sek sor\u00e1n is, hogy <strong>t\u00e9nylegesen fel fogja kelteni az \u00e9rdekl\u0151d\u00e9s\u00e9t a c\u00e9lszem\u00e9lynek, a d\u00f6nt\u00e9shoz\u00f3nak.<\/strong><\/p>\n\n\n\n<p>Mi ez a h\u00e9t olyan t\u00e9nyez\u0151, amire k\u00edv\u00e1ncsiak az \u00fcgyvezet\u0151k, \u00e9s amelyek egy\u00e9rtelm\u0171en kifejezik, hogy a te term\u00e9ked \u00e9s a szolg\u00e1ltat\u00e1sod az \u0151 siker\u00fcket fogja t\u00e1mogatni, az \u0151 fejl\u0151d\u00e9s\u00fcket, az \u0151 n\u00f6veked\u00e9s\u00fcket, az \u0151 plusz profitjukat?<\/p>\n\n\n\n<h2 class=\"wp-block-heading\">1<\/h2>\n\n\n\n<p>Az els\u0151, ami leggyakrabban az \u00fcgyvezet\u0151ket \u00e9rdekli, hogy a te term\u00e9ked vagy szolg\u00e1ltat\u00e1sod <strong>milyen profitn\u00f6veked\u00e9st vagy k\u00f6lts\u00e9gcs\u00f6kkent\u00e9st eredm\u00e9nyez az \u0151 v\u00e1llalatukn\u00e1l.<\/strong> Azt gondolom, ez teljesen \u00e1tlagos, teljesen jellemz\u0151. De m\u00e9gis, mi az a hat m\u00e9g, ami val\u00f3ban \u00e9rdekel egy \u00fcgyvezet\u0151t, hiszen a d\u00f6nt\u00e9shoz\u00f3k nem egy egyszer\u0171 \u00e1raj\u00e1nlatot akarnak, hanem olyan kapcsolatot, olyan hossz\u00fa t\u00e1v\u00fa bizalmi l\u00e9gk\u00f6rt akarnak kialak\u00edtani a besz\u00e1ll\u00edt\u00f3kkal, a partnerekkel, ami egy\u00e9rtelm\u0171en a szolg\u00e1ltat\u00e1s\u00e1nak siker\u00e9t, <strong>v\u00e1llalkoz\u00e1s\u00e1nak fejl\u0151d\u00e9s\u00e9t fogja t\u00e1mogatni.<\/strong><\/p>\n\n\n\n<h2 class=\"wp-block-heading\">2<\/h2>\n\n\n\n<p>A m\u00e1sodik, ami mindenk\u00e9ppen \u00e9rdekel egy \u00fcgyvezet\u0151t, hogy a te term\u00e9ked vagy szolg\u00e1ltat\u00e1sod az \u0151 <strong>produktivit\u00e1s\u00e1t, termel\u00e9kenys\u00e9g\u00e9t miben t\u00e1mogatja, mennyivel fejleszti.<\/strong> Mondok egy egyszer\u0171 p\u00e9ld\u00e1t. Egy \u00fcgyvezet\u0151 val\u00f3sz\u00edn\u0171leg azzal is k\u00fcszk\u00f6dik, hogyan tudja a jelenlegi folyamatait fejleszteni, n\u00f6velni. Nyilv\u00e1nval\u00f3an az automatiz\u00e1ci\u00f3 lehet p\u00e9ld\u00e1ul erre egy nagyon j\u00f3 megold\u00e1s. Teh\u00e1t mindenk\u00e9ppen gondolkozz abban, hogy a te term\u00e9ked, szolg\u00e1ltat\u00e1sod mennyiben t\u00e1mogatja a c\u00e9lszem\u00e9lynek, a te potenci\u00e1lis \u00fcgyfelednek a termel\u00e9kenys\u00e9g\u00e9t, a produktivit\u00e1s\u00e1t.<\/p>\n\n\n\n<h2 class=\"wp-block-heading\">3<\/h2>\n\n\n\n<p>A harmadik a <strong>munkat\u00e1rsi attit\u0171d, vagyis az, hogy a munkat\u00e1rsi hozz\u00e1\u00e1ll\u00e1st mennyiben fogja megv\u00e1ltoztatni, mennyire fogja fejleszteni, jav\u00edtani. <\/strong>Ha te egy olyan szolg\u00e1ltat\u00e1st viszel bele p\u00e9ld\u00e1ul, hogy egyszer\u0171s\u00edted a munkat\u00e1rsak \u00e9let\u00e9t az\u00e1ltal, hogy valamit pap\u00edros helyett most m\u00e1r online m\u00f3don fognak ezut\u00e1n csin\u00e1lni, az nyilv\u00e1nval\u00f3an kihat\u00e1ssal lesz a munkat\u00e1rsak mindennapi \u00e9let\u00e9re, a hib\u00e1z\u00e1saira, a hangulat\u00e1ra. Nyilv\u00e1n m\u00e1sk\u00e9ppen fog hozz\u00e1\u00e1llni egy munkat\u00e1rs, ha nem a szokv\u00e1nyos hosszadalmas pap\u00edrmunk\u00e1t kell elv\u00e9geznie, hanem egyszer\u0171 online fel\u00fcleten bep\u00f6ty\u00f6gheti az adatokat. Ez teh\u00e1t a harmadik, hogy a munkat\u00e1rsak <strong>hozz\u00e1\u00e1ll\u00e1s\u00e1ra, mor\u00e1lj\u00e1ra milyen hat\u00e1st gyakorol<\/strong> a te term\u00e9ked, szolg\u00e1ltat\u00e1sod.\u00a0\u00a0<\/p>\n\n\n\n<h2 class=\"wp-block-heading\">4<\/h2>\n\n\n\n<p>A negyedik az <strong>\u00fcgyfelek k\u00f6t\u0151d\u00e9s\u00e9ben, lojalit\u00e1s\u00e1ban mennyiben seg\u00edted a c\u00e9get, az \u00fcgyfeledet.<\/strong> Azaz a term\u00e9ked \u00e9s a szolg\u00e1ltat\u00e1sod a saj\u00e1t \u00fcgyfeled v\u00e1s\u00e1rl\u00f3ira milyen hat\u00e1st gyakorol. Teh\u00e1t lehets\u00e9ges, hogy az \u00e1ltalad k\u00f6zvet\u00edtett term\u00e9knek vagy szolg\u00e1ltat\u00e1snak k\u00f6vetkezm\u00e9nyek\u00e9nt az \u00fcgyfeled kapcsolatokat tud kialak\u00edtani, tudja n\u00f6velni a bizalmat, a k\u00f6t\u0151d\u00e9st a saj\u00e1t v\u00e1s\u00e1rl\u00f3iban, amivel egy\u00e9rtelm\u0171en n\u0151ni fog majd a profit, cs\u00f6kken a k\u00f6lts\u00e9g. \u00c9s egyre t\u00f6bb \u00e9s t\u00f6bb \u00fcgyf\u00e9l \u00e9s \u00fcgyf\u00e9l lesz ez\u00e1ltal. Ez is egy fontos szempont, hogy te milyen hat\u00e1st gyakorolsz, a term\u00e9ked, szolg\u00e1ltat\u00e1sod <strong>milyen hat\u00e1ssal van a saj\u00e1t vev\u0151d \u00fcgyfel\u00e9nek \u00e9let\u00e9re.<\/strong> P\u00e9ld\u00e1ul ha l\u00e9trehozol egy olyan szolg\u00e1ltat\u00e1st, amivel t\u00f6rzsv\u00e1s\u00e1rl\u00f3i programot tud kialak\u00edtani az \u00fcgyfeled, az egy\u00e9rtelm\u0171en a lojalit\u00e1st, a k\u00f6t\u0151d\u00e9st, a bizalmat fogja n\u00f6velni az \u00fcgyfeleid v\u00e1s\u00e1rl\u00f3in\u00e1l.<\/p>\n\n\n\n<h2 class=\"wp-block-heading\">5<\/h2>\n\n\n\n<p>Az \u00f6t\u00f6dik, ugyanilyen fontos szempont a <strong>munkat\u00e1rsi el\u00e9gedetts\u00e9g, a munkat\u00e1rsi \u00e9lm\u00e9ny.<\/strong> Azt te is tudod, hogy te kital\u00e1lhatsz b\u00e1rmilyen \u00faj term\u00e9ket vagy szolg\u00e1ltat\u00e1st, k\u00fcl\u00f6nleges legend\u00e1s \u00e9lm\u00e9nyt, ha olyanok a rendszereid, a backstage-ed, a munkat\u00e1rsaid olyan k\u00f6rnyezetben dolgoznak, olyan eszk\u00f6z\u00f6kkel, amikkel nem tudj\u00e1k kivitelezni. Ugyanez igaz a te vev\u0151id eset\u00e9ben is. Ha a te term\u00e9ked, szolg\u00e1ltat\u00e1sod egy\u00e9rtelm\u0171en hat\u00e1ssal van arra, hogy az \u00fcgyfelednek a munkat\u00e1rsa, partnere, besz\u00e1ll\u00edt\u00f3ja, viszontelad\u00f3ja \u00e9lete jobb lesz, k\u00f6nnyebb lesz, pontosabb lesz, gyorsabb lesz, az egy\u00e9rtelm\u0171en a munkat\u00e1rsaknak a hozz\u00e1\u00e1ll\u00e1s\u00e1t, a <strong>bels\u0151 \u00e9lm\u00e9ny\u00e9t fogja n\u00f6velni, \u00e9s ez\u00e1ltal nyilv\u00e1nval\u00f3an a c\u00e9g fejl\u0151d\u00e9se tov\u00e1bb megy el\u0151re.<\/strong><\/p>\n\n\n\n<h2 class=\"wp-block-heading\">6<\/h2>\n\n\n\n<p>A hatodik a <strong>versenyel\u0151ny, piaci el\u0151ny.<\/strong> Gondold \u00e1t, hogy a te term\u00e9keddel, szolg\u00e1ltat\u00e1soddal van-e lehet\u0151s\u00e9ge az \u00fcgyfelednek valamilyen versenyel\u0151nyt, valami piaci el\u0151nyt el\u00e9rni a saj\u00e1t piac\u00e1n. <strong>Azzal hogy \u0151 ezzel lesz k\u00fcl\u00f6nb, m\u00e1sabb, \u00faj ter\u00fcleteket, \u00faj szolg\u00e1ltat\u00e1sokat tud ezzel l\u00e9trehozni<\/strong> vagy n\u00f6velni, term\u00e9kpiramis\u00e1ban egy \u00faj szolg\u00e1ltat\u00e1st, term\u00e9ket tud kialak\u00edtani. Ez is nagyon fontos, hogy a te term\u00e9ked, szolg\u00e1ltat\u00e1sod, piaci el\u0151nyh\u00f6z juttatja-e az \u00fcgyfelet. Mert ha igen, akkor ezt mindenk\u00e9ppen kommunik\u00e1ld ki.<\/p>\n\n\n\n<h2 class=\"wp-block-heading\">7<\/h2>\n\n\n\n<p>Az utols\u00f3 pedig, hogy <strong>milyen piaci lehet\u0151s\u00e9gek, fejl\u0151d\u00e9sek mutatkoznak abban, ha veled egy\u00fcttm\u0171k\u00f6dik az \u00fcgyfeled,<\/strong> vagy a te term\u00e9kedet, szolg\u00e1ltat\u00e1sodat veszi ig\u00e9nybe. Azaz \u00faj ter\u00fcletekre tud figyelni, p\u00e9ld\u00e1ul eddig csak Kelet-Magyarorsz\u00e1gon, most m\u00e1r Nyugat-Magyarorsz\u00e1gon is tud ez\u00e1ltal fejl\u0151dni, \u00faj telephelyet tud kialak\u00edtani mag\u00e1nak. Vagyis fejl\u0151dik \u00e9s megy, halad el\u0151re a v\u00e1llalkoz\u00e1sa \u2013 ez\u00e9rt gondold \u00e1t, hogy a te term\u00e9ked, szolg\u00e1ltat\u00e1sod ezt a fajta sikert, a fejl\u0151d\u00e9st, a n\u00f6veked\u00e9st mennyiben t\u00e1mogatja.<\/p>\n\n\n\n<p>Ha ezt a h\u00e9t szempontot \u2013 vagyis a f\u0151 ter\u00fcleteket, f\u0151 t\u00e9m\u00e1kat, amik alapvet\u0151en az \u00fcgyvezet\u0151ket, a d\u00f6nt\u00e9shoz\u00f3kat \u00e9rdekli \u2013 figyelembe veszed, \u00e9s ha ezek igazak r\u00e1d \u00e9s a te term\u00e9kedre, szolg\u00e1ltat\u00e1sodra, <strong>akkor mindenk\u00e9ppen hangs\u00falyozd ki, kommunik\u00e1ld ki, mert ezzel is k\u00fcl\u00f6nleges \u00e9s egyedi tudsz lenni a piacodon.<\/strong><\/p>\n\n\n\n<hr class=\"wp-block-separator is-style-wide\"\/>\n\n\n\n<div class=\"wp-block-columns is-layout-flex wp-container-core-columns-is-layout-1 wp-block-columns-is-layout-flex\">\n<div class=\"wp-block-column is-layout-flow wp-block-column-is-layout-flow\">\n<figure class=\"wp-block-image size-large is-resized\"><img loading=\"lazy\" decoding=\"async\" src=\"https:\/\/bizalmikor.hu\/blog\/wp-content\/uploads\/2020\/06\/IMG_20200409_174546-1024x731.jpg\" alt=\"\" class=\"wp-image-3294\" width=\"392\" height=\"278\"\/><\/figure>\n<\/div>\n\n\n\n<div class=\"wp-block-column is-layout-flow wp-block-column-is-layout-flow\">\n<p><strong>Berka L\u00e1szl\u00f3<\/strong><\/p>\n\n\n\n<p><strong><a href=\"https:\/\/legendasszolgaltatas.hu\/\" target=\"_blank\" rel=\"noreferrer noopener\">Legend\u00e1s Szolg\u00e1ltat\u00e1s Kft.<\/a><\/strong><\/p>\n<\/div>\n<\/div>\n\n\n\n<hr class=\"wp-block-separator is-style-wide\"\/>\n\n\n\n<h5 class=\"has-text-align-center wp-block-heading\">A Bizalmi K\u00f6r <a rel=\"noreferrer noopener\" href=\"https:\/\/bizalmikor.hu\/blog\/2020\/04\/01\/tapasztalatmegosztas-minden-feluleten\/\" target=\"_blank\">megnyitotta blogj\u00e1t vend\u00e9gszerz\u0151k el\u0151tt<\/a>, \u00faj fel\u00fcletet biztos\u00edtva arra, hogy megoszthassatok sikereket, tapasztalatokat \u00e9s t\u00f6rt\u00e9neteket, melyekb\u0151l m\u00e1sok is tanulhatnak. <\/h5>\n\n\n\n<hr class=\"wp-block-separator is-style-wide\"\/>\n\n\n\n<h1 class=\"has-text-align-center wp-block-heading\">Szeretn\u00e9l megismerkedni klubtagjainkkal? K\u00e9rj egy megh\u00edv\u00f3t!<\/h1>\n\n\n\n<div class=\"wp-block-button aligncenter\"><a class=\"wp-block-button__link has-background\" href=\"https:\/\/bizalmikor.hu\/kapcsolat\/\" style=\"background-color:#14496b\" target=\"_blank\" rel=\"noreferrer noopener\"><strong>\u00c9rdekel a Bizalmi K\u00f6r klubtags\u00e1g<\/strong><\/a><\/div>\n\n\n\n<hr class=\"wp-block-separator is-style-wide\"\/>\n\n\n\n<p><\/p>\n","protected":false},"excerpt":{"rendered":"<p>Szeretn\u00e9l t\u00f6bb \u00fcgyfelet? Szeretn\u00e9l t\u00f6bb \u00fcgyfelet megtartani? Mindezt hogyan tudod megtenni, hogy nagyon k\u00fcl\u00f6nlegesen \u00e9s a piact\u00f3l elt\u00e9r\u0151 m\u00f3don tegyed?<\/p>\n","protected":false},"author":3,"featured_media":3487,"comment_status":"closed","ping_status":"open","sticky":false,"template":"","format":"standard","meta":{"footnotes":""},"categories":[16],"tags":[],"yoast_head":"<!-- This site is optimized with the Yoast SEO plugin v15.4 - https:\/\/yoast.com\/wordpress\/plugins\/seo\/ -->\n<title>7 titkos szempont, ami alapj\u00e1n d\u00f6nt az \u00fcgyvezet\u0151 az aj\u00e1nlatodr\u00f3l<\/title>\n<meta name=\"description\" content=\"Szeretn\u00e9l t\u00f6bb \u00fcgyfelet? Szeretn\u00e9l t\u00f6bb \u00fcgyfelet megtartani? Mindezt hogyan tudod megtenni, hogy nagyon k\u00fcl\u00f6nlegesen \u00e9s a piact\u00f3l elt\u00e9r\u0151 m\u00f3don tegyed?\" \/>\n<meta name=\"robots\" content=\"index, follow, max-snippet:-1, max-image-preview:large, max-video-preview:-1\" \/>\n<link rel=\"canonical\" href=\"https:\/\/bizalmikor.hu\/blog\/2020\/07\/16\/7-titkos-szempont-ami-alapjan-dont-az-ugyvezeto-az-ajanlatodrol\/\" \/>\n<meta property=\"og:locale\" content=\"hu_HU\" \/>\n<meta property=\"og:type\" content=\"article\" \/>\n<meta property=\"og:title\" content=\"7 titkos szempont, ami alapj\u00e1n d\u00f6nt az \u00fcgyvezet\u0151 az aj\u00e1nlatodr\u00f3l\" \/>\n<meta property=\"og:description\" content=\"Szeretn\u00e9l t\u00f6bb \u00fcgyfelet? Szeretn\u00e9l t\u00f6bb \u00fcgyfelet megtartani? Mindezt hogyan tudod megtenni, hogy nagyon k\u00fcl\u00f6nlegesen \u00e9s a piact\u00f3l elt\u00e9r\u0151 m\u00f3don tegyed?\" \/>\n<meta property=\"og:url\" content=\"https:\/\/bizalmikor.hu\/blog\/2020\/07\/16\/7-titkos-szempont-ami-alapjan-dont-az-ugyvezeto-az-ajanlatodrol\/\" \/>\n<meta property=\"og:site_name\" content=\"Bizalmi K\u00f6r blog\" \/>\n<meta property=\"article:publisher\" content=\"https:\/\/www.facebook.com\/bizalmikor\" \/>\n<meta property=\"article:published_time\" content=\"2020-07-16T13:41:39+00:00\" \/>\n<meta property=\"og:image\" content=\"https:\/\/bizalmikor.hu\/blog\/wp-content\/uploads\/2020\/07\/Berka_L\u00e1szl\u00f3-scaled.jpg\" \/>\n\t<meta property=\"og:image:width\" content=\"2560\" \/>\n\t<meta property=\"og:image:height\" content=\"2048\" \/>\n<meta name=\"twitter:card\" content=\"summary_large_image\" \/>\n<meta name=\"twitter:label1\" content=\"Szerz\u0151:\">\n\t<meta name=\"twitter:data1\" content=\"Gangel P\u00e9ter\">\n\t<meta name=\"twitter:label2\" content=\"Becs\u00fclt olvas\u00e1si id\u0151\">\n\t<meta name=\"twitter:data2\" content=\"5 perc\">\n<script type=\"application\/ld+json\" class=\"yoast-schema-graph\">{\"@context\":\"https:\/\/schema.org\",\"@graph\":[{\"@type\":\"Organization\",\"@id\":\"https:\/\/bizalmikor.hu\/blog\/#organization\",\"name\":\"Bizalmi K\\u00f6r Kft.\",\"url\":\"https:\/\/bizalmikor.hu\/blog\/\",\"sameAs\":[\"https:\/\/www.facebook.com\/bizalmikor\",\"https:\/\/www.instagram.com\/bizalmikor\/\",\"https:\/\/www.linkedin.com\/company\/19165894\",\"https:\/\/www.youtube.com\/channel\/UC7fAD3QCIWeSexU5t6F3YOw?view_as=subscriber\"],\"logo\":{\"@type\":\"ImageObject\",\"@id\":\"https:\/\/bizalmikor.hu\/blog\/#logo\",\"inLanguage\":\"hu\",\"url\":\"https:\/\/bizalmikor.hu\/blog\/wp-content\/uploads\/2019\/02\/Group-2.png\",\"width\":4033,\"height\":1192,\"caption\":\"Bizalmi K\\u00f6r Kft.\"},\"image\":{\"@id\":\"https:\/\/bizalmikor.hu\/blog\/#logo\"}},{\"@type\":\"WebSite\",\"@id\":\"https:\/\/bizalmikor.hu\/blog\/#website\",\"url\":\"https:\/\/bizalmikor.hu\/blog\/\",\"name\":\"Bizalmi K\\u00f6r blog\",\"description\":\"Egynek minden neh\\u00e9z, soknak semmi sem lehetetlen.\",\"publisher\":{\"@id\":\"https:\/\/bizalmikor.hu\/blog\/#organization\"},\"potentialAction\":[{\"@type\":\"SearchAction\",\"target\":\"https:\/\/bizalmikor.hu\/blog\/?s={search_term_string}\",\"query-input\":\"required name=search_term_string\"}],\"inLanguage\":\"hu\"},{\"@type\":\"ImageObject\",\"@id\":\"https:\/\/bizalmikor.hu\/blog\/2020\/07\/16\/7-titkos-szempont-ami-alapjan-dont-az-ugyvezeto-az-ajanlatodrol\/#primaryimage\",\"inLanguage\":\"hu\",\"url\":\"https:\/\/bizalmikor.hu\/blog\/wp-content\/uploads\/2020\/07\/Berka_L\\u00e1szl\\u00f3-scaled.jpg\",\"width\":2560,\"height\":2048},{\"@type\":\"WebPage\",\"@id\":\"https:\/\/bizalmikor.hu\/blog\/2020\/07\/16\/7-titkos-szempont-ami-alapjan-dont-az-ugyvezeto-az-ajanlatodrol\/#webpage\",\"url\":\"https:\/\/bizalmikor.hu\/blog\/2020\/07\/16\/7-titkos-szempont-ami-alapjan-dont-az-ugyvezeto-az-ajanlatodrol\/\",\"name\":\"7 titkos szempont, ami alapj\\u00e1n d\\u00f6nt az \\u00fcgyvezet\\u0151 az aj\\u00e1nlatodr\\u00f3l\",\"isPartOf\":{\"@id\":\"https:\/\/bizalmikor.hu\/blog\/#website\"},\"primaryImageOfPage\":{\"@id\":\"https:\/\/bizalmikor.hu\/blog\/2020\/07\/16\/7-titkos-szempont-ami-alapjan-dont-az-ugyvezeto-az-ajanlatodrol\/#primaryimage\"},\"datePublished\":\"2020-07-16T13:41:39+00:00\",\"dateModified\":\"2020-07-16T13:41:39+00:00\",\"description\":\"Szeretn\\u00e9l t\\u00f6bb \\u00fcgyfelet? Szeretn\\u00e9l t\\u00f6bb \\u00fcgyfelet megtartani? Mindezt hogyan tudod megtenni, hogy nagyon k\\u00fcl\\u00f6nlegesen \\u00e9s a piact\\u00f3l elt\\u00e9r\\u0151 m\\u00f3don tegyed?\",\"inLanguage\":\"hu\",\"potentialAction\":[{\"@type\":\"ReadAction\",\"target\":[\"https:\/\/bizalmikor.hu\/blog\/2020\/07\/16\/7-titkos-szempont-ami-alapjan-dont-az-ugyvezeto-az-ajanlatodrol\/\"]}]},{\"@type\":\"Article\",\"@id\":\"https:\/\/bizalmikor.hu\/blog\/2020\/07\/16\/7-titkos-szempont-ami-alapjan-dont-az-ugyvezeto-az-ajanlatodrol\/#article\",\"isPartOf\":{\"@id\":\"https:\/\/bizalmikor.hu\/blog\/2020\/07\/16\/7-titkos-szempont-ami-alapjan-dont-az-ugyvezeto-az-ajanlatodrol\/#webpage\"},\"author\":{\"@id\":\"https:\/\/bizalmikor.hu\/blog\/#\/schema\/person\/a89936ed381c3afa4cd7a27040dbfb07\"},\"headline\":\"7 titkos szempont, ami alapj\\u00e1n d\\u00f6nt az \\u00fcgyvezet\\u0151 az aj\\u00e1nlatodr\\u00f3l\",\"datePublished\":\"2020-07-16T13:41:39+00:00\",\"dateModified\":\"2020-07-16T13:41:39+00:00\",\"mainEntityOfPage\":{\"@id\":\"https:\/\/bizalmikor.hu\/blog\/2020\/07\/16\/7-titkos-szempont-ami-alapjan-dont-az-ugyvezeto-az-ajanlatodrol\/#webpage\"},\"commentCount\":1,\"publisher\":{\"@id\":\"https:\/\/bizalmikor.hu\/blog\/#organization\"},\"image\":{\"@id\":\"https:\/\/bizalmikor.hu\/blog\/2020\/07\/16\/7-titkos-szempont-ami-alapjan-dont-az-ugyvezeto-az-ajanlatodrol\/#primaryimage\"},\"articleSection\":\"V\\u00e1llalkoz\\u00e1s\",\"inLanguage\":\"hu\"},{\"@type\":\"Person\",\"@id\":\"https:\/\/bizalmikor.hu\/blog\/#\/schema\/person\/a89936ed381c3afa4cd7a27040dbfb07\",\"name\":\"Gangel P\\u00e9ter\",\"image\":{\"@type\":\"ImageObject\",\"@id\":\"https:\/\/bizalmikor.hu\/blog\/#personlogo\",\"inLanguage\":\"hu\",\"url\":\"https:\/\/secure.gravatar.com\/avatar\/ee1c6e901d6b9c50c9a2204252c914b4?s=96&d=mm&r=g\",\"caption\":\"Gangel P\\u00e9ter\"}}]}<\/script>\n<!-- \/ Yoast SEO plugin. -->","_links":{"self":[{"href":"https:\/\/bizalmikor.hu\/blog\/wp-json\/wp\/v2\/posts\/3460"}],"collection":[{"href":"https:\/\/bizalmikor.hu\/blog\/wp-json\/wp\/v2\/posts"}],"about":[{"href":"https:\/\/bizalmikor.hu\/blog\/wp-json\/wp\/v2\/types\/post"}],"author":[{"embeddable":true,"href":"https:\/\/bizalmikor.hu\/blog\/wp-json\/wp\/v2\/users\/3"}],"replies":[{"embeddable":true,"href":"https:\/\/bizalmikor.hu\/blog\/wp-json\/wp\/v2\/comments?post=3460"}],"version-history":[{"count":8,"href":"https:\/\/bizalmikor.hu\/blog\/wp-json\/wp\/v2\/posts\/3460\/revisions"}],"predecessor-version":[{"id":3486,"href":"https:\/\/bizalmikor.hu\/blog\/wp-json\/wp\/v2\/posts\/3460\/revisions\/3486"}],"wp:featuredmedia":[{"embeddable":true,"href":"https:\/\/bizalmikor.hu\/blog\/wp-json\/wp\/v2\/media\/3487"}],"wp:attachment":[{"href":"https:\/\/bizalmikor.hu\/blog\/wp-json\/wp\/v2\/media?parent=3460"}],"wp:term":[{"taxonomy":"category","embeddable":true,"href":"https:\/\/bizalmikor.hu\/blog\/wp-json\/wp\/v2\/categories?post=3460"},{"taxonomy":"post_tag","embeddable":true,"href":"https:\/\/bizalmikor.hu\/blog\/wp-json\/wp\/v2\/tags?post=3460"}],"curies":[{"name":"wp","href":"https:\/\/api.w.org\/{rel}","templated":true}]}}