{"id":3512,"date":"2020-07-22T11:43:44","date_gmt":"2020-07-22T11:43:44","guid":{"rendered":"https:\/\/bizalmikor.hu\/blog\/?p=3512"},"modified":"2020-07-22T11:45:38","modified_gmt":"2020-07-22T11:45:38","slug":"munkavallaloi-konfliktusforrasok","status":"publish","type":"post","link":"https:\/\/bizalmikor.hu\/blog\/2020\/07\/22\/munkavallaloi-konfliktusforrasok\/","title":{"rendered":"Munkav\u00e1llal\u00f3i konfliktusforr\u00e1sok"},"content":{"rendered":"\n<p><strong>Egy szervezet \u00e9let\u00e9ben \u00e1lland\u00f3an t\u00f6rt\u00e9nik valami, vagy a bels\u0151 m\u0171k\u00f6d\u00e9sben, folyamatban vagy a k\u00fcls\u0151 k\u00f6r\u00fclm\u00e9nyekre sz\u00fcks\u00e9ges reag\u00e1lni. A vezet\u0151s\u00e9g legjobb tud\u00e1sa szerint igyekszik megoldani a felmer\u00fcl\u0151 akad\u00e1lyokat. Azonban ezek a d\u00f6nt\u00e9sek kihatnak a m\u0171k\u00f6d\u00e9s\u00e9re, amelyek konfliktusforr\u00e1sk\u00e9nt jelenhetnek meg a munkav\u00e1llal\u00f3k mindennapi \u00e9let\u00e9ben.<\/strong><\/p>\n\n\n\n<h2 class=\"wp-block-heading\"><strong>Szem\u00e9lyis\u00e9g-\u00f6sszecsap\u00e1sok<\/strong><\/h2>\n\n\n\n<p>A csapaton bel\u00fcli \u201eszem\u00e9lyis\u00e9g-\u00f6sszet\u00e9tele\u201d felborulhat, amikor \u00faj munkav\u00e1llal\u00f3 csatlakozik, vagy amikor&nbsp; k\u00e9t koll\u00e9ga hirtelen kiesik. Az egy\u00e9nek sok esetben ellen\u00e1llva reag\u00e1lnak az \u00faj \u00e9s nehezen kezelend\u0151 helyzetre.&nbsp;<\/p>\n\n\n\n<blockquote class=\"wp-block-quote is-layout-flow wp-block-quote-is-layout-flow\"><p><strong>Ilyen esetekben a produktivit\u00e1s \u00e9s a teljes\u00edtm\u00e9ny cs\u00f6kken\u00e9se figyelhet\u0151 meg.&nbsp;<\/strong><\/p><\/blockquote>\n\n\n\n<h2 class=\"wp-block-heading\"><strong>Irre\u00e1lis ig\u00e9nyek \u00e9s elv\u00e1r\u00e1sok<\/strong><\/h2>\n\n\n\n<p>A munkahelyi konfliktusok gyakran akkor fordulnak el\u0151, amikor a munk\u00e1ltat\u00f3k figyelmen k\u00edv\u00fcl hagyj\u00e1k a munkav\u00e1llal\u00f3k ig\u00e9nyeit, vagy irre\u00e1lis elv\u00e1r\u00e1sokat \u00e1ll\u00edtanak fel. P\u00e9ld\u00e1ul: olyan beoszt\u00e1st adnak, amely megnehez\u00edti a munkav\u00e1llal\u00f3 a gyermekgondoz\u00e1si feladatok elv\u00e9gz\u00e9s\u00e9ben.&nbsp;<\/p>\n\n\n\n<blockquote class=\"wp-block-quote is-layout-flow wp-block-quote-is-layout-flow\"><p><strong>Ilyenkor az egy\u00e9n munkamor\u00e1lj\u00e1nak \u00e9s a d\u00f6nt\u00e9s min\u0151s\u00e9ge cs\u00f6kken\u00e9s\u00e9re lehet sz\u00e1m\u00edtani.&nbsp;<\/strong><\/p><\/blockquote>\n\n\n\n<h2 class=\"wp-block-heading\"><strong>\u00dczleti \u00e9rt\u00e9kek<\/strong><\/h2>\n\n\n\n<p>A legt\u00f6bb embernek nagyon vil\u00e1gos elk\u00e9pzel\u00e9sei vannak arr\u00f3l, hogy mit gondolnak m\u00e9lt\u00e1nyosnak, tisztess\u00e9gesnek \u00e9s ezeket a szervezet szab\u00e1lyzatainak \u00e9s folyamatainak t\u00fckr\u00f6zni sz\u00fcks\u00e9ges. P\u00e9ld\u00e1ul: tisztess\u00e9ges \u00e9s etikus elj\u00e1r\u00e1sok betart\u00e1sa a munkahelyi probl\u00e9m\u00e1k eset\u00e9n.<\/p>\n\n\n\n<blockquote class=\"wp-block-quote is-layout-flow wp-block-quote-is-layout-flow\"><p><strong>Ezeknek hi\u00e1nya a munkav\u00e1llal\u00f3i elk\u00f6telezetts\u00e9g\u00e9t \u00e9s lojalit\u00e1st reduk\u00e1lja.&nbsp;<\/strong><\/p><\/blockquote>\n\n\n\n<h2 class=\"wp-block-heading\"><strong>N\u00f6vekszik a munkaterhel\u00e9s<\/strong><\/h2>\n\n\n\n<p>Sok esetben a megn\u0151t munkav\u00e1llal\u00f3i munka\u00f3ra sz\u00e1ma, a munkav\u00e1llal\u00f3ra nehezedett nyom\u00e1sk\u00e9nt jelentkezik, ami minden esetben munkahelyi konfliktust eredm\u00e9nyez, hiszen a kezeletlen terhel\u00e9s frusztr\u00e1ci\u00f3t \u00e9s haragot v\u00e1lt ki.&nbsp;<\/p>\n\n\n\n<blockquote class=\"wp-block-quote is-layout-flow wp-block-quote-is-layout-flow\"><p><strong>Ez demoraliz\u00e1ci\u00f3t, teljes\u00edtm\u00e9ny cs\u00f6kkent\u00e9st, \u00e9s lojalist\u00e1s elveszt\u00e9s\u00e9t is eredm\u00e9nyezi.<\/strong><\/p><\/blockquote>\n\n\n\n<p>Amennyiben fontos a munkav\u00e1llal\u00f3 teljes\u00edt\u00e9s, produktivit\u00e1s maximaliz\u00e1l\u00e1sa, \u00fagy el\u0151sz\u00f6r \u00e9rdemes a szervezeti konfliktusokra r\u00e1n\u00e9zni. Hiszen konfliktusokkal teli szervezetben nem tud hat\u00e9konyan m\u0171k\u00f6dni.&nbsp; Amennyiben szeretn\u00e9d felm\u00e9rni a szervezeben elfordul\u00f3 konfliktusokat \u00e9s megismerni azok kock\u00e1zatait keresd bizalommal <strong>Mosonyi Diana a Szervezeti Ombuds Egyes\u00fclet Eln\u00f6k\u00e9t, \u00e9s Business Excellent Solution K\u00f6z\u00e9p-Eur\u00f3pai r\u00e9gi\u00f3 k\u00e9pvisel\u0151j\u00e9t.&nbsp;<\/strong><\/p>\n\n\n\n<blockquote class=\"wp-block-quote is-style-large is-layout-flow wp-block-quote-is-layout-flow\"><p><strong>\u201eA rosszul kezelt v\u00e1llalati konfliktusok dr\u00e1g\u00e1k \u00e9s vesz\u00e9lyesek. \u201e&nbsp;&nbsp;<\/strong><\/p><\/blockquote>\n\n\n\n<div class=\"wp-block-media-text alignwide is-stacked-on-mobile\" style=\"grid-template-columns:25% auto\"><figure class=\"wp-block-media-text__media\"><img loading=\"lazy\" decoding=\"async\" width=\"946\" height=\"1024\" src=\"https:\/\/bizalmikor.hu\/blog\/wp-content\/uploads\/2020\/07\/IMG_8898-Profile-2.--946x1024.png\" alt=\"\" class=\"wp-image-3416\" srcset=\"https:\/\/bizalmikor.hu\/blog\/wp-content\/uploads\/2020\/07\/IMG_8898-Profile-2.--946x1024.png 946w, https:\/\/bizalmikor.hu\/blog\/wp-content\/uploads\/2020\/07\/IMG_8898-Profile-2.--277x300.png 277w, https:\/\/bizalmikor.hu\/blog\/wp-content\/uploads\/2020\/07\/IMG_8898-Profile-2.--768x831.png 768w, https:\/\/bizalmikor.hu\/blog\/wp-content\/uploads\/2020\/07\/IMG_8898-Profile-2.-.png 1332w\" sizes=\"(max-width: 946px) 100vw, 946px\" \/><\/figure><div class=\"wp-block-media-text__content\">\n<h3 class=\"wp-block-heading\">Mosonyi Diana<\/h3>\n\n\n\n<p><strong>\u201eA rosszul kezelt v\u00e1llalati konfliktusok dr\u00e1g\u00e1k \u00e9s vesz\u00e9lyesek.\u201d&nbsp;<\/strong><br>+36 30 487 00 31<br><a href=\"mailto:mosonyidiana@szervezetiombuds.hu\">mosonyidiana@szervezetiombuds.hu<\/a><br><a href=\"https:\/\/bizexteam.com\">https:\/\/bizexteam.com<\/a><br><a href=\"http:\/\/szoe.hu\">http:\/\/szoe.hu<\/a><\/p>\n<\/div><\/div>\n\n\n\n<hr class=\"wp-block-separator is-style-wide\"\/>\n\n\n\n<h5 class=\"has-text-align-center wp-block-heading\">A Bizalmi K\u00f6r <a rel=\"noreferrer noopener\" href=\"https:\/\/bizalmikor.hu\/blog\/2020\/04\/01\/tapasztalatmegosztas-minden-feluleten\/\" target=\"_blank\">megnyitotta blogj\u00e1t vend\u00e9gszerz\u0151k el\u0151tt<\/a>, \u00faj fel\u00fcletet biztos\u00edtva arra, hogy megoszthassatok sikereket, tapasztalatokat \u00e9s t\u00f6rt\u00e9neteket, melyekb\u0151l m\u00e1sok is tanulhatnak. <\/h5>\n\n\n\n<hr class=\"wp-block-separator is-style-wide\"\/>\n\n\n\n<h1 class=\"has-text-align-center wp-block-heading\">Szeretn\u00e9l megismerkedni klubtagjainkkal? K\u00e9rj egy megh\u00edv\u00f3t!<\/h1>\n\n\n\n<div class=\"wp-block-button aligncenter\"><a class=\"wp-block-button__link has-background\" href=\"https:\/\/bizalmikor.hu\/kapcsolat\/\" style=\"background-color:#14496b\" target=\"_blank\" rel=\"noreferrer noopener\"><strong>\u00c9rdekel a Bizalmi K\u00f6r klubtags\u00e1g<\/strong><\/a><\/div>\n\n\n\n<hr class=\"wp-block-separator is-style-wide\"\/>\n","protected":false},"excerpt":{"rendered":"<p>Egy szervezet \u00e9let\u00e9ben \u00e1lland\u00f3an t\u00f6rt\u00e9nik valami, vagy a bels\u0151 m\u0171k\u00f6d\u00e9sben, folyamatban vagy a k\u00fcls\u0151 k\u00f6r\u00fclm\u00e9nyekre sz\u00fcks\u00e9ges reag\u00e1lni. <\/p>\n","protected":false},"author":3,"featured_media":3518,"comment_status":"closed","ping_status":"open","sticky":false,"template":"","format":"standard","meta":{"footnotes":""},"categories":[16],"tags":[],"yoast_head":"<!-- This site is optimized with the Yoast SEO plugin v15.4 - https:\/\/yoast.com\/wordpress\/plugins\/seo\/ -->\n<title>Munkav\u00e1llal\u00f3i konfliktusforr\u00e1sok<\/title>\n<meta name=\"description\" content=\"Egy szervezet \u00e9let\u00e9ben \u00e1lland\u00f3an t\u00f6rt\u00e9nik valami, vagy a bels\u0151 m\u0171k\u00f6d\u00e9sben, folyamatban vagy a k\u00fcls\u0151 k\u00f6r\u00fclm\u00e9nyekre sz\u00fcks\u00e9ges reag\u00e1lni.\" \/>\n<meta name=\"robots\" content=\"index, follow, max-snippet:-1, max-image-preview:large, max-video-preview:-1\" \/>\n<link rel=\"canonical\" href=\"https:\/\/bizalmikor.hu\/blog\/2020\/07\/22\/munkavallaloi-konfliktusforrasok\/\" \/>\n<meta property=\"og:locale\" content=\"hu_HU\" \/>\n<meta property=\"og:type\" content=\"article\" \/>\n<meta property=\"og:title\" content=\"Munkav\u00e1llal\u00f3i konfliktusforr\u00e1sok\" \/>\n<meta property=\"og:description\" content=\"Egy szervezet \u00e9let\u00e9ben \u00e1lland\u00f3an t\u00f6rt\u00e9nik valami, vagy a bels\u0151 m\u0171k\u00f6d\u00e9sben, folyamatban vagy a k\u00fcls\u0151 k\u00f6r\u00fclm\u00e9nyekre sz\u00fcks\u00e9ges reag\u00e1lni.\" \/>\n<meta property=\"og:url\" content=\"https:\/\/bizalmikor.hu\/blog\/2020\/07\/22\/munkavallaloi-konfliktusforrasok\/\" \/>\n<meta property=\"og:site_name\" content=\"Bizalmi K\u00f6r blog\" \/>\n<meta property=\"article:publisher\" content=\"https:\/\/www.facebook.com\/bizalmikor\" \/>\n<meta property=\"article:published_time\" content=\"2020-07-22T11:43:44+00:00\" \/>\n<meta property=\"article:modified_time\" content=\"2020-07-22T11:45:38+00:00\" \/>\n<meta property=\"og:image\" content=\"https:\/\/bizalmikor.hu\/blog\/wp-content\/uploads\/2020\/07\/headway-5QgIuuBxKwM-unsplash-scaled.jpg\" \/>\n\t<meta property=\"og:image:width\" content=\"2560\" \/>\n\t<meta property=\"og:image:height\" content=\"1707\" \/>\n<meta name=\"twitter:card\" content=\"summary_large_image\" \/>\n<meta name=\"twitter:label1\" content=\"Szerz\u0151:\">\n\t<meta name=\"twitter:data1\" content=\"Gangel P\u00e9ter\">\n\t<meta name=\"twitter:label2\" content=\"Becs\u00fclt olvas\u00e1si id\u0151\">\n\t<meta name=\"twitter:data2\" content=\"2 perc\">\n<script type=\"application\/ld+json\" class=\"yoast-schema-graph\">{\"@context\":\"https:\/\/schema.org\",\"@graph\":[{\"@type\":\"Organization\",\"@id\":\"https:\/\/bizalmikor.hu\/blog\/#organization\",\"name\":\"Bizalmi K\\u00f6r Kft.\",\"url\":\"https:\/\/bizalmikor.hu\/blog\/\",\"sameAs\":[\"https:\/\/www.facebook.com\/bizalmikor\",\"https:\/\/www.instagram.com\/bizalmikor\/\",\"https:\/\/www.linkedin.com\/company\/19165894\",\"https:\/\/www.youtube.com\/channel\/UC7fAD3QCIWeSexU5t6F3YOw?view_as=subscriber\"],\"logo\":{\"@type\":\"ImageObject\",\"@id\":\"https:\/\/bizalmikor.hu\/blog\/#logo\",\"inLanguage\":\"hu\",\"url\":\"https:\/\/bizalmikor.hu\/blog\/wp-content\/uploads\/2019\/02\/Group-2.png\",\"width\":4033,\"height\":1192,\"caption\":\"Bizalmi K\\u00f6r Kft.\"},\"image\":{\"@id\":\"https:\/\/bizalmikor.hu\/blog\/#logo\"}},{\"@type\":\"WebSite\",\"@id\":\"https:\/\/bizalmikor.hu\/blog\/#website\",\"url\":\"https:\/\/bizalmikor.hu\/blog\/\",\"name\":\"Bizalmi K\\u00f6r blog\",\"description\":\"Egynek minden neh\\u00e9z, soknak semmi sem lehetetlen.\",\"publisher\":{\"@id\":\"https:\/\/bizalmikor.hu\/blog\/#organization\"},\"potentialAction\":[{\"@type\":\"SearchAction\",\"target\":\"https:\/\/bizalmikor.hu\/blog\/?s={search_term_string}\",\"query-input\":\"required name=search_term_string\"}],\"inLanguage\":\"hu\"},{\"@type\":\"ImageObject\",\"@id\":\"https:\/\/bizalmikor.hu\/blog\/2020\/07\/22\/munkavallaloi-konfliktusforrasok\/#primaryimage\",\"inLanguage\":\"hu\",\"url\":\"https:\/\/bizalmikor.hu\/blog\/wp-content\/uploads\/2020\/07\/headway-5QgIuuBxKwM-unsplash-scaled.jpg\",\"width\":2560,\"height\":1707},{\"@type\":\"WebPage\",\"@id\":\"https:\/\/bizalmikor.hu\/blog\/2020\/07\/22\/munkavallaloi-konfliktusforrasok\/#webpage\",\"url\":\"https:\/\/bizalmikor.hu\/blog\/2020\/07\/22\/munkavallaloi-konfliktusforrasok\/\",\"name\":\"Munkav\\u00e1llal\\u00f3i konfliktusforr\\u00e1sok\",\"isPartOf\":{\"@id\":\"https:\/\/bizalmikor.hu\/blog\/#website\"},\"primaryImageOfPage\":{\"@id\":\"https:\/\/bizalmikor.hu\/blog\/2020\/07\/22\/munkavallaloi-konfliktusforrasok\/#primaryimage\"},\"datePublished\":\"2020-07-22T11:43:44+00:00\",\"dateModified\":\"2020-07-22T11:45:38+00:00\",\"description\":\"Egy szervezet \\u00e9let\\u00e9ben \\u00e1lland\\u00f3an t\\u00f6rt\\u00e9nik valami, vagy a bels\\u0151 m\\u0171k\\u00f6d\\u00e9sben, folyamatban vagy a k\\u00fcls\\u0151 k\\u00f6r\\u00fclm\\u00e9nyekre sz\\u00fcks\\u00e9ges reag\\u00e1lni.\",\"inLanguage\":\"hu\",\"potentialAction\":[{\"@type\":\"ReadAction\",\"target\":[\"https:\/\/bizalmikor.hu\/blog\/2020\/07\/22\/munkavallaloi-konfliktusforrasok\/\"]}]},{\"@type\":\"Article\",\"@id\":\"https:\/\/bizalmikor.hu\/blog\/2020\/07\/22\/munkavallaloi-konfliktusforrasok\/#article\",\"isPartOf\":{\"@id\":\"https:\/\/bizalmikor.hu\/blog\/2020\/07\/22\/munkavallaloi-konfliktusforrasok\/#webpage\"},\"author\":{\"@id\":\"https:\/\/bizalmikor.hu\/blog\/#\/schema\/person\/a89936ed381c3afa4cd7a27040dbfb07\"},\"headline\":\"Munkav\\u00e1llal\\u00f3i konfliktusforr\\u00e1sok\",\"datePublished\":\"2020-07-22T11:43:44+00:00\",\"dateModified\":\"2020-07-22T11:45:38+00:00\",\"mainEntityOfPage\":{\"@id\":\"https:\/\/bizalmikor.hu\/blog\/2020\/07\/22\/munkavallaloi-konfliktusforrasok\/#webpage\"},\"publisher\":{\"@id\":\"https:\/\/bizalmikor.hu\/blog\/#organization\"},\"image\":{\"@id\":\"https:\/\/bizalmikor.hu\/blog\/2020\/07\/22\/munkavallaloi-konfliktusforrasok\/#primaryimage\"},\"articleSection\":\"V\\u00e1llalkoz\\u00e1s\",\"inLanguage\":\"hu\"},{\"@type\":\"Person\",\"@id\":\"https:\/\/bizalmikor.hu\/blog\/#\/schema\/person\/a89936ed381c3afa4cd7a27040dbfb07\",\"name\":\"Gangel P\\u00e9ter\",\"image\":{\"@type\":\"ImageObject\",\"@id\":\"https:\/\/bizalmikor.hu\/blog\/#personlogo\",\"inLanguage\":\"hu\",\"url\":\"https:\/\/secure.gravatar.com\/avatar\/ee1c6e901d6b9c50c9a2204252c914b4?s=96&d=mm&r=g\",\"caption\":\"Gangel P\\u00e9ter\"}}]}<\/script>\n<!-- \/ Yoast SEO plugin. -->","_links":{"self":[{"href":"https:\/\/bizalmikor.hu\/blog\/wp-json\/wp\/v2\/posts\/3512"}],"collection":[{"href":"https:\/\/bizalmikor.hu\/blog\/wp-json\/wp\/v2\/posts"}],"about":[{"href":"https:\/\/bizalmikor.hu\/blog\/wp-json\/wp\/v2\/types\/post"}],"author":[{"embeddable":true,"href":"https:\/\/bizalmikor.hu\/blog\/wp-json\/wp\/v2\/users\/3"}],"replies":[{"embeddable":true,"href":"https:\/\/bizalmikor.hu\/blog\/wp-json\/wp\/v2\/comments?post=3512"}],"version-history":[{"count":6,"href":"https:\/\/bizalmikor.hu\/blog\/wp-json\/wp\/v2\/posts\/3512\/revisions"}],"predecessor-version":[{"id":3530,"href":"https:\/\/bizalmikor.hu\/blog\/wp-json\/wp\/v2\/posts\/3512\/revisions\/3530"}],"wp:featuredmedia":[{"embeddable":true,"href":"https:\/\/bizalmikor.hu\/blog\/wp-json\/wp\/v2\/media\/3518"}],"wp:attachment":[{"href":"https:\/\/bizalmikor.hu\/blog\/wp-json\/wp\/v2\/media?parent=3512"}],"wp:term":[{"taxonomy":"category","embeddable":true,"href":"https:\/\/bizalmikor.hu\/blog\/wp-json\/wp\/v2\/categories?post=3512"},{"taxonomy":"post_tag","embeddable":true,"href":"https:\/\/bizalmikor.hu\/blog\/wp-json\/wp\/v2\/tags?post=3512"}],"curies":[{"name":"wp","href":"https:\/\/api.w.org\/{rel}","templated":true}]}}