{"id":3520,"date":"2020-07-24T07:07:06","date_gmt":"2020-07-24T07:07:06","guid":{"rendered":"https:\/\/bizalmikor.hu\/blog\/?p=3520"},"modified":"2020-07-24T07:07:07","modified_gmt":"2020-07-24T07:07:07","slug":"hozzaferhetove-tesszuk-a-digitalis-magabiztossagot-minden-vallalkozo-szamara","status":"publish","type":"post","link":"https:\/\/bizalmikor.hu\/blog\/2020\/07\/24\/hozzaferhetove-tesszuk-a-digitalis-magabiztossagot-minden-vallalkozo-szamara\/","title":{"rendered":"Hozz\u00e1f\u00e9rhet\u0151v\u00e9 tessz\u00fck a digit\u00e1lis magabiztoss\u00e1got  minden v\u00e1llalkoz\u00f3 sz\u00e1m\u00e1ra"},"content":{"rendered":"\n<p><strong>Nemr\u00e9giben csatlakozott a Bizalmi K\u00f6r Sz\u00e9chenyi Vezet\u0151i Klubhoz dr. Romh\u00e1ny Gergely, a <a href=\"https:\/\/www.trustchain.com\/hu\/\" target=\"_blank\" rel=\"noreferrer noopener\">TrustChain Systems Kft. <\/a>alap\u00edt\u00f3ja. \u00cdgy vele is k\u00e9sz\u00edtett\u00fcnk egy bemutatkoz\u00f3 interj\u00fat, amiben rengeteg \u00e9rdekess\u00e9get tudtunk meg r\u00f3la \u00e9s a v\u00e1llalkoz\u00e1s\u00e1r\u00f3l.<\/strong><\/p>\n\n\n\n<h2 class=\"wp-block-heading\"><strong>Els\u0151k\u00e9nt a TrustChain Systems Kft. c\u00e9lj\u00e1r\u00f3l, v\u00edzi\u00f3j\u00e1r\u00f3l besz\u00e9lgett\u00fcnk<\/strong><\/h2>\n\n\n\n<p>A TrustChain Systems Kft. 2017 \u00f3ta m\u0171k\u00f6dik. Indul\u00e1skor azt a v\u00edzi\u00f3t t\u0171zt\u00fck ki magunk el\u00e9 c\u00e9lk\u00e9nt, hogy<strong> olyan end to end digit\u00e1lis megold\u00e1st hozzunk l\u00e9tre, amivel seg\u00edteni tudjuk a KKV-k digit\u00e1lis transzform\u00e1ci\u00f3j\u00e1t. <\/strong>Vagyis egy helyen tudjon megval\u00f3sulni a <strong>t\u00e1voli \u00fcgyf\u00e9lazonos\u00edt\u00e1s, az elektronikus al\u00e1\u00edr\u00e1s kibocs\u00e1t\u00e1sa, illetve a szerz\u0151d\u00e9sek kezel\u00e9se.<\/strong><\/p>\n\n\n\n<blockquote class=\"wp-block-quote is-layout-flow wp-block-quote-is-layout-flow\"><p><strong>Azt l\u00e1ttuk, hogy a c\u00e9gek n\u00f6veked\u00e9s\u00e9hez esszenci\u00e1lis felt\u00e9tel egyfajta magabiztoss\u00e1got szerezni a digit\u00e1lis vil\u00e1gban. Tov\u00e1bb\u00e1 a k\u00fclf\u00f6ldi piacra t\u00f6rt\u00e9n\u0151 kil\u00e9p\u00e9skor sok olyan k\u00e9rd\u00e9s j\u00f6het el\u0151, ami bizonytalann\u00e1 teszi a v\u00e1llalkoz\u00f3kat.<\/strong><\/p><\/blockquote>\n\n\n\n<p>Szerett\u00fcnk volna l\u00e9trehozni teh\u00e1t egy olyan platformot, ahol a v\u00e1llalkoz\u00f3k magabiztosan tudnak haszn\u00e1lni olyan digit\u00e1lis eszk\u00f6z\u00f6ket, amelyek biztons\u00e1got teremtenek a szerz\u0151d\u00e9sk\u00f6t\u00e9si folyamatban.<\/p>\n\n\n\n<p><strong>Gergely arra is r\u00e1vil\u00e1g\u00edtott, hogy pontosan melyik ter\u00fcletre specializ\u00e1l\u00f3dtak<\/strong><\/p>\n\n\n\n<p><strong>Azokat a jogi folyamatokat tessz\u00fck digit\u00e1liss\u00e1, amiket pap\u00edr alapon mindenki j\u00f3l ismer. <\/strong>A c\u00e9l, hogy ezek k\u00f6nnyen \u00e9rthet\u0151k \u00e9s kezelhet\u0151k legyenek, el\u0151seg\u00edtve \u00edgy a bevezet\u00e9s\u00fcket egy c\u00e9g \u00e9let\u00e9be. A megl\u00e9v\u0151 folyamatok digitaliz\u00e1l\u00e1sa egy\u00e9bk\u00e9nt izgalmas ter\u00fclet, hiszen oly m\u00f3don kell \u00e9rtelmezhet\u0151v\u00e9 tenn\u00fcnk ezt a felhaszn\u00e1l\u00f3k sz\u00e1m\u00e1ra, hogy \u0151k ne ijednek meg ett\u0151l a kih\u00edv\u00e1st\u00f3l.<\/p>\n\n\n\n<blockquote class=\"wp-block-quote is-layout-flow wp-block-quote-is-layout-flow\"><p><strong>Sz\u00e1mukra ugyanis rengeteg el\u0151nnyel j\u00e1r ez a fajta \u00e1t\u00e1ll\u00e1s. Hiszen k\u00fcl\u00f6n setup id\u0151szak \u00e9s bevezet\u00e9si k\u00f6lts\u00e9gek n\u00e9lk\u00fcl, azonnal haszn\u00e1lni tudj\u00e1k azokat az online megold\u00e1sokat, ami a nagyv\u00e1llalatok szerepl\u0151inek csak hosszas fejleszt\u00e9sek ut\u00e1n, robosztus rendszerek keretei k\u00f6z\u00f6tt \u00e9rhet\u0151 el.<\/strong><\/p><\/blockquote>\n\n\n\n<p>Erre tett\u00fck fel teh\u00e1t minden\u00fcnket.<strong> A jogi \u00e9s technol\u00f3giai tud\u00e1sunkb\u00f3l olyan szolg\u00e1ltat\u00e1st k\u00edv\u00e1ntunk l\u00e9trehozni, ami hozz\u00e1f\u00e9rhet\u0151v\u00e9 teszi ezt a fajta digit\u00e1lis magabiztoss\u00e1got mindenki sz\u00e1m\u00e1ra, <\/strong>hogy ez ne csak a nagy c\u00e9gek privil\u00e9giuma legyen.<\/p>\n\n\n\n<p>J\u00f3 p\u00e9ldak\u00e9nt eml\u00edthet\u0151 az egyik legnagyobb hazai k\u00f6nyvkiad\u00f3, ahol <strong>mind\u00f6ssze k\u00e9t nap alatt vezett\u00e9k be a rendszer\u00fcnket, \u00e9s tudt\u00e1k m\u00f3dos\u00edtani 115 munkat\u00e1rs eset\u00e9ben<\/strong> a munkaszerz\u0151d\u00e9seket a j\u00e1rv\u00e1nyhelyzet kell\u0151s k\u00f6zep\u00e9n.<\/p>\n\n\n\n<h2 class=\"wp-block-heading\"><strong>Ezut\u00e1n r\u00e1t\u00e9rt\u00fcnk a TrustChain csapat\u00e1nak aktu\u00e1lis m\u00e9ret\u00e9re, illetve \u00f6sszet\u00e9tel\u00e9re<\/strong><\/h2>\n\n\n\n<p>Jelenleg 18 f\u0151s a csapatunk. H\u00e1zon bel\u00fcl kezelj\u00fck a fejleszt\u00e9st, v\u00e9gezz\u00fck el az \u00fcgyf\u00e9lazonos\u00edt\u00e1st, illetve menedzselj\u00fck a sales, term\u00e9kfejleszt\u00e9s \u00e9s \u00fczemeltet\u00e9s ter\u00fclet\u00e9t.&nbsp;<\/p>\n\n\n\n<blockquote class=\"wp-block-quote is-layout-flow wp-block-quote-is-layout-flow\"><p><strong>Kih\u00edv\u00e1st jelent, hogy egyszerre kell online \u00e9rt\u00e9kes\u00edt\u00e9si rendszert \u00e9p\u00edten\u00fcnk, mik\u00f6zben sok olyan megkeres\u00e9s \u00e9rkezik hozz\u00e1nk, ahol offline seg\u00edts\u00e9gny\u00fajt\u00e1st ig\u00e9nyl\u0151, speci\u00e1lis elv\u00e1r\u00e1sok is jelentkeznek.&nbsp;<\/strong><\/p><\/blockquote>\n\n\n\n<p>Szint\u00e9n okoz kih\u00edv\u00e1sokat, hogy <strong>am\u00edg m\u00e1rciusban 100 akt\u00edv felhaszn\u00e1l\u00f3nk volt, mostanra 1400-ra n\u0151tt a sz\u00e1muk. <\/strong>B\u00fcszk\u00e9k vagyunk ugyanakkor arra, <strong>hogy a l\u00e1tv\u00e1nyos b\u0151v\u00fcl\u00e9s rendszerle\u00e1ll\u00e1ssal, vagy hib\u00e1val nem j\u00e1rt egy\u00fctt.<\/strong><\/p>\n\n\n\n<h2 class=\"wp-block-heading\"><strong>K\u00edv\u00e1ncsiak voltunk arra is, hogy jellemz\u0151en kik veszi ig\u00e9nybe a TrustChain szolg\u00e1ltat\u00e1s\u00e1t<\/strong><\/h2>\n\n\n\n<p>Egyr\u00e9szt befektet\u00e9si alapok, k\u00f6nyvel\u0151k, \u00fcgyv\u00e9di irod\u00e1k, minden m\u00e9ret\u0171 \u00e9s ter\u00fclet\u0171 kis- \u00e9s k\u00f6z\u00e9pv\u00e1llalkoz\u00e1sok, illetve sz\u00f6vetkezetek veszik ig\u00e9nybe a szolg\u00e1ltat\u00e1sunkat. Szint\u00e9n egy\u00fctt dolgozunk olyan c\u00e9gekkel, ahol magasak a HR k\u00f6lts\u00e9gek.<\/p>\n\n\n\n<blockquote class=\"wp-block-quote is-layout-flow wp-block-quote-is-layout-flow\"><p><strong>Gyakran keresnek meg minket olyan v\u00e1llalkoz\u00e1sok, akik valamilyen szempontb\u00f3l szigor\u00fa szab\u00e1lyoz\u00e1si k\u00f6rbe tartoznak. T\u00f6bb klinikai kutat\u00e1ssal foglalkoz\u00f3 \u00fcgyfel\u00fcnk is van p\u00e9ld\u00e1ul.&nbsp;<\/strong><\/p><\/blockquote>\n\n\n\n<p>Emellett pedig eml\u00edthetj\u00fck m\u00e9g a p\u00e9nz\u00fcgyi ter\u00fcleten m\u0171k\u00f6d\u0151 c\u00e9geket, k\u00e1rtyakibocs\u00e1t\u00f3kat, termin\u00e1l\u00fczemeltet\u0151ket, p\u00e9nz\u00fcgyi szolg\u00e1ltat\u00f3kat, informatikai v\u00e1llalkoz\u00e1sokat, nyelviskol\u00e1kat, illetve marketing \u00fcgyn\u00f6ks\u00e9geket.<\/p>\n\n\n\n<h2 class=\"wp-block-heading\"><strong>Gergely a c\u00e9g alap\u00edt\u00e1s\u00e1nak motiv\u00e1ci\u00f3s t\u00e9nyez\u0151ir\u0151l is mes\u00e9lt nek\u00fcnk<\/strong><\/h2>\n\n\n\n<p>Jog\u00e1sz \u00e9s k\u00f6zgazd\u00e1sz v\u00e9gzetts\u00e9ggel, illetve er\u0151s informatikai affinit\u00e1ssal rendelkezem. Mindig is a c\u00e9g\u00e9p\u00edt\u00e9s \u00e9rdekelt, az els\u0151 v\u00e1llalkoz\u00e1somat p\u00e9ld\u00e1ul 10 \u00e9vesen csin\u00e1ltam.<\/p>\n\n\n\n<blockquote class=\"wp-block-quote is-layout-flow wp-block-quote-is-layout-flow\"><p><strong>A TrustChain abb\u00f3l a gondolatk\u00f6rb\u0151l sz\u00fcletett, hogy eleg\u00fcnk lett a rengeteg felesleges pap\u00edrmunk\u00e1b\u00f3l, amit k\u00e9nyelmesebb lett volna automatiz\u00e1lni. Felismert\u00fck, hogy sok olyan pap\u00edrmunk\u00e1nk volt, ami egy\u00e9bk\u00e9nt p\u00e9nz\u00fcgyi folyamatokat hajtott meg.&nbsp;<\/strong><\/p><\/blockquote>\n\n\n\n<p>Olyan megold\u00e1sra volt teh\u00e1t sz\u00fcks\u00e9g\u00fcnk, ami lehet\u0151v\u00e9 teszi, hogy a <strong>szerz\u0151d\u00e9ses felt\u00e9telekb\u0151l k\u00f6vetkezzenek a p\u00e9nz\u00fcgyi folyamatok. <\/strong>Az \u00fczleti \u00e9letnek ugyanis k\u00e9pletesen sz\u00f3lva a szerz\u0151d\u00e9sek szolg\u00e1ltatj\u00e1k az oper\u00e1ci\u00f3s keretrendszer\u00e9t.<\/p>\n\n\n\n<p><strong>Kifejezetten kedvelj\u00fck egy\u00e9bk\u00e9nt, hogy vannak olyan neh\u00e9zs\u00e9gek, amiket mi meg tudunk oldani. <\/strong>Szeretn\u00e9nk azt a v\u00edzi\u00f3t meg\u00e9lni, hogy a jogi biztons\u00e1g mindenki sz\u00e1m\u00e1ra adott lehet.<\/p>\n\n\n\n<h2 class=\"wp-block-heading\"><strong>Most sem maradhatott el a megoldand\u00f3 az er\u0151ss\u00e9gekre, illetve megold\u00e1sra v\u00e1r\u00f3 probl\u00e9m\u00e1kra vonatkoz\u00f3 k\u00e9rd\u00e9s\u00fcnk<\/strong><\/h2>\n\n\n\n<p>Otthonosan mozgok a jogi, informatikai, \u00e9s \u00fczleti ter\u00fcleten val\u00f3 term\u00e9kfejleszt\u00e9sben. <strong>A legnagyobb er\u0151ss\u00e9gem az \u00fagynevezett \u00fczleti kreativit\u00e1s.<\/strong> Kimondottan kedvelem, hogy az \u00faj \u00f6tleteimet meg tudom csin\u00e1lni, a kreativit\u00e1som nincs korl\u00e1tok k\u00f6z\u00e9 szor\u00edtva.&nbsp;<\/p>\n\n\n\n<p>Mindemellett kih\u00edv\u00e1st okoz, hogy nem dolgoztam nagy szervezetben, ez\u00e9rt nem ismerek olyan mint\u00e1kat, amiket egy p\u00e1r sz\u00e1z f\u0151s c\u00e9gn\u00e9l dolgoz\u00f3 szem\u00e9ly p\u00e9ld\u00e1ul \u00e1tl\u00e1t.&nbsp;<\/p>\n\n\n\n<p><strong>A TrustChain eset\u00e9ben nem engedhetem meg, hogy ne a n\u00f6veked\u00e9s legyen a c\u00e9lunk.<\/strong> Sok szempontb\u00f3l okoz teh\u00e1t megv\u00e1laszoland\u00f3 k\u00e9rd\u00e9seket, hogy mik\u00e9nt fogunk 20-r\u00f3l folyamatosan n\u00f6vekedni az 50, majd pedig a 100 f\u0151s c\u00e9gm\u00e9retre.<\/p>\n\n\n\n<h2 class=\"wp-block-heading\"><strong>V\u00e9g\u00fcl a szabadidej\u00e9nek elt\u00f6lt\u00e9s\u00e9r\u0151l, illetve a felt\u00f6lt\u0151d\u00e9s prefer\u00e1lt m\u00f3dj\u00e1r\u00f3l k\u00e9rdezt\u00fck Gergelyt<\/strong><\/h2>\n\n\n\n<p>Elk\u00e9peszt\u0151en motiv\u00e1l\u00f3 \u00e9rz\u00e9s volt p\u00e9ld\u00e1ul a Forbes magazinban olvasni arr\u00f3l a sikersztorir\u00f3l, aminek a mi megold\u00e1sunk teremtette meg a lehet\u0151s\u00e9g\u00e9t. Egy hazai v\u00e1llalkoz\u00e1s \u00fagy jutott ugyanis t\u00f6bbsz\u00e1z milli\u00f3s befektet\u00e9shez, hogy a <strong>szerz\u0151d\u00e9st rajtunk kereszt\u00fcl \u00edrt\u00e1k al\u00e1. Egy-egy ilyen sztori mindig nagy b\u00fcszkes\u00e9ggel t\u00f6lt el minket.<\/strong><\/p>\n\n\n\n<p><strong>A hobbim egy\u00e9bk\u00e9nt a sziklam\u00e1sz\u00e1s \u00e9s windsurf.<\/strong> Boldog p\u00e1rkapcsolatban \u00e9lek, a p\u00e1rom szint\u00e9n v\u00e1llalkoz\u00f3, ez\u00e9rt k\u00f6nnyebben meg\u00e9rti ennek az \u00e9letform\u00e1nak a saj\u00e1toss\u00e1gait. Utolj\u00e1ra Yuval Noah Harari \u2013 \u201e<strong>21 lecke a 21. sz\u00e1zadra<\/strong>\u201d c\u00edm\u0171 k\u00f6nyv\u00e9t olvastam. Nemr\u00e9giben elv\u00e9geztem tov\u00e1bb\u00e1 egy<strong> kort\u00e1rs m\u0171gy\u0171jt\u0151 k\u00e9pz\u00e9st <\/strong>is, mert ez a ter\u00fclet is kimondottan \u00e9rdekel.<\/p>\n\n\n\n<hr class=\"wp-block-separator is-style-wide\"\/>\n\n\n\n<h1 class=\"has-text-align-center wp-block-heading\">Szeretn\u00e9l megismerkedni klubtagjainkkal? K\u00e9rj egy megh\u00edv\u00f3t!<\/h1>\n\n\n\n<div class=\"wp-block-button aligncenter\"><a class=\"wp-block-button__link has-background\" href=\"https:\/\/bizalmikor.hu\/kapcsolat\/\" style=\"background-color:#14496b\" target=\"_blank\" rel=\"noreferrer noopener\"><strong>\u00c9rdekel a Bizalmi K\u00f6r klubtags\u00e1g<\/strong><\/a><\/div>\n\n\n\n<hr class=\"wp-block-separator is-style-wide\"\/>\n","protected":false},"excerpt":{"rendered":"<p>Nemr\u00e9giben csatlakozott a Bizalmi K\u00f6r Sz\u00e9chenyi Vezet\u0151i Klubhoz dr. Romh\u00e1ny Gergely, a TrustChain Systems Kft. alap\u00edt\u00f3ja. <\/p>\n","protected":false},"author":3,"featured_media":3522,"comment_status":"closed","ping_status":"open","sticky":false,"template":"","format":"standard","meta":{"footnotes":""},"categories":[23,16],"tags":[],"yoast_head":"<!-- This site is optimized with the Yoast SEO plugin v15.4 - https:\/\/yoast.com\/wordpress\/plugins\/seo\/ -->\n<title>Hozz\u00e1f\u00e9rhet\u0151v\u00e9 tessz\u00fck a digit\u00e1lis magabiztoss\u00e1got minden v\u00e1llalkoz\u00f3 sz\u00e1m\u00e1ra<\/title>\n<meta name=\"description\" content=\"Nemr\u00e9giben csatlakozott a Bizalmi K\u00f6r Sz\u00e9chenyi Vezet\u0151i Klubhoz dr. Romh\u00e1ny Gergely, a TrustChain Systems Kft. alap\u00edt\u00f3ja.\" \/>\n<meta name=\"robots\" content=\"index, follow, max-snippet:-1, max-image-preview:large, max-video-preview:-1\" \/>\n<link rel=\"canonical\" href=\"https:\/\/bizalmikor.hu\/blog\/2020\/07\/24\/hozzaferhetove-tesszuk-a-digitalis-magabiztossagot-minden-vallalkozo-szamara\/\" \/>\n<meta property=\"og:locale\" content=\"hu_HU\" \/>\n<meta property=\"og:type\" content=\"article\" \/>\n<meta property=\"og:title\" content=\"Hozz\u00e1f\u00e9rhet\u0151v\u00e9 tessz\u00fck a digit\u00e1lis magabiztoss\u00e1got minden v\u00e1llalkoz\u00f3 sz\u00e1m\u00e1ra\" \/>\n<meta property=\"og:description\" content=\"Nemr\u00e9giben csatlakozott a Bizalmi K\u00f6r Sz\u00e9chenyi Vezet\u0151i Klubhoz dr. Romh\u00e1ny Gergely, a TrustChain Systems Kft. alap\u00edt\u00f3ja.\" \/>\n<meta property=\"og:url\" content=\"https:\/\/bizalmikor.hu\/blog\/2020\/07\/24\/hozzaferhetove-tesszuk-a-digitalis-magabiztossagot-minden-vallalkozo-szamara\/\" \/>\n<meta property=\"og:site_name\" content=\"Bizalmi K\u00f6r blog\" \/>\n<meta property=\"article:publisher\" content=\"https:\/\/www.facebook.com\/bizalmikor\" \/>\n<meta property=\"article:published_time\" content=\"2020-07-24T07:07:06+00:00\" \/>\n<meta property=\"article:modified_time\" content=\"2020-07-24T07:07:07+00:00\" \/>\n<meta property=\"og:image\" content=\"https:\/\/bizalmikor.hu\/blog\/wp-content\/uploads\/2020\/07\/Eletkepek_0326.jpg\" \/>\n\t<meta property=\"og:image:width\" content=\"1000\" \/>\n\t<meta property=\"og:image:height\" content=\"667\" \/>\n<meta name=\"twitter:card\" content=\"summary_large_image\" \/>\n<meta name=\"twitter:label1\" content=\"Szerz\u0151:\">\n\t<meta name=\"twitter:data1\" content=\"Gangel P\u00e9ter\">\n\t<meta name=\"twitter:label2\" content=\"Becs\u00fclt olvas\u00e1si id\u0151\">\n\t<meta name=\"twitter:data2\" content=\"5 perc\">\n<script type=\"application\/ld+json\" class=\"yoast-schema-graph\">{\"@context\":\"https:\/\/schema.org\",\"@graph\":[{\"@type\":\"Organization\",\"@id\":\"https:\/\/bizalmikor.hu\/blog\/#organization\",\"name\":\"Bizalmi K\\u00f6r Kft.\",\"url\":\"https:\/\/bizalmikor.hu\/blog\/\",\"sameAs\":[\"https:\/\/www.facebook.com\/bizalmikor\",\"https:\/\/www.instagram.com\/bizalmikor\/\",\"https:\/\/www.linkedin.com\/company\/19165894\",\"https:\/\/www.youtube.com\/channel\/UC7fAD3QCIWeSexU5t6F3YOw?view_as=subscriber\"],\"logo\":{\"@type\":\"ImageObject\",\"@id\":\"https:\/\/bizalmikor.hu\/blog\/#logo\",\"inLanguage\":\"hu\",\"url\":\"https:\/\/bizalmikor.hu\/blog\/wp-content\/uploads\/2019\/02\/Group-2.png\",\"width\":4033,\"height\":1192,\"caption\":\"Bizalmi K\\u00f6r Kft.\"},\"image\":{\"@id\":\"https:\/\/bizalmikor.hu\/blog\/#logo\"}},{\"@type\":\"WebSite\",\"@id\":\"https:\/\/bizalmikor.hu\/blog\/#website\",\"url\":\"https:\/\/bizalmikor.hu\/blog\/\",\"name\":\"Bizalmi K\\u00f6r blog\",\"description\":\"Egynek minden neh\\u00e9z, soknak semmi sem lehetetlen.\",\"publisher\":{\"@id\":\"https:\/\/bizalmikor.hu\/blog\/#organization\"},\"potentialAction\":[{\"@type\":\"SearchAction\",\"target\":\"https:\/\/bizalmikor.hu\/blog\/?s={search_term_string}\",\"query-input\":\"required name=search_term_string\"}],\"inLanguage\":\"hu\"},{\"@type\":\"ImageObject\",\"@id\":\"https:\/\/bizalmikor.hu\/blog\/2020\/07\/24\/hozzaferhetove-tesszuk-a-digitalis-magabiztossagot-minden-vallalkozo-szamara\/#primaryimage\",\"inLanguage\":\"hu\",\"url\":\"https:\/\/bizalmikor.hu\/blog\/wp-content\/uploads\/2020\/07\/Eletkepek_0326.jpg\",\"width\":1000,\"height\":667},{\"@type\":\"WebPage\",\"@id\":\"https:\/\/bizalmikor.hu\/blog\/2020\/07\/24\/hozzaferhetove-tesszuk-a-digitalis-magabiztossagot-minden-vallalkozo-szamara\/#webpage\",\"url\":\"https:\/\/bizalmikor.hu\/blog\/2020\/07\/24\/hozzaferhetove-tesszuk-a-digitalis-magabiztossagot-minden-vallalkozo-szamara\/\",\"name\":\"Hozz\\u00e1f\\u00e9rhet\\u0151v\\u00e9 tessz\\u00fck a digit\\u00e1lis magabiztoss\\u00e1got minden v\\u00e1llalkoz\\u00f3 sz\\u00e1m\\u00e1ra\",\"isPartOf\":{\"@id\":\"https:\/\/bizalmikor.hu\/blog\/#website\"},\"primaryImageOfPage\":{\"@id\":\"https:\/\/bizalmikor.hu\/blog\/2020\/07\/24\/hozzaferhetove-tesszuk-a-digitalis-magabiztossagot-minden-vallalkozo-szamara\/#primaryimage\"},\"datePublished\":\"2020-07-24T07:07:06+00:00\",\"dateModified\":\"2020-07-24T07:07:07+00:00\",\"description\":\"Nemr\\u00e9giben csatlakozott a Bizalmi K\\u00f6r Sz\\u00e9chenyi Vezet\\u0151i Klubhoz dr. Romh\\u00e1ny Gergely, a TrustChain Systems Kft. alap\\u00edt\\u00f3ja.\",\"inLanguage\":\"hu\",\"potentialAction\":[{\"@type\":\"ReadAction\",\"target\":[\"https:\/\/bizalmikor.hu\/blog\/2020\/07\/24\/hozzaferhetove-tesszuk-a-digitalis-magabiztossagot-minden-vallalkozo-szamara\/\"]}]},{\"@type\":\"Article\",\"@id\":\"https:\/\/bizalmikor.hu\/blog\/2020\/07\/24\/hozzaferhetove-tesszuk-a-digitalis-magabiztossagot-minden-vallalkozo-szamara\/#article\",\"isPartOf\":{\"@id\":\"https:\/\/bizalmikor.hu\/blog\/2020\/07\/24\/hozzaferhetove-tesszuk-a-digitalis-magabiztossagot-minden-vallalkozo-szamara\/#webpage\"},\"author\":{\"@id\":\"https:\/\/bizalmikor.hu\/blog\/#\/schema\/person\/a89936ed381c3afa4cd7a27040dbfb07\"},\"headline\":\"Hozz\\u00e1f\\u00e9rhet\\u0151v\\u00e9 tessz\\u00fck a digit\\u00e1lis magabiztoss\\u00e1got minden v\\u00e1llalkoz\\u00f3 sz\\u00e1m\\u00e1ra\",\"datePublished\":\"2020-07-24T07:07:06+00:00\",\"dateModified\":\"2020-07-24T07:07:07+00:00\",\"mainEntityOfPage\":{\"@id\":\"https:\/\/bizalmikor.hu\/blog\/2020\/07\/24\/hozzaferhetove-tesszuk-a-digitalis-magabiztossagot-minden-vallalkozo-szamara\/#webpage\"},\"publisher\":{\"@id\":\"https:\/\/bizalmikor.hu\/blog\/#organization\"},\"image\":{\"@id\":\"https:\/\/bizalmikor.hu\/blog\/2020\/07\/24\/hozzaferhetove-tesszuk-a-digitalis-magabiztossagot-minden-vallalkozo-szamara\/#primaryimage\"},\"articleSection\":\"Klubtagok bemutat\\u00e1sa,V\\u00e1llalkoz\\u00e1s\",\"inLanguage\":\"hu\"},{\"@type\":\"Person\",\"@id\":\"https:\/\/bizalmikor.hu\/blog\/#\/schema\/person\/a89936ed381c3afa4cd7a27040dbfb07\",\"name\":\"Gangel P\\u00e9ter\",\"image\":{\"@type\":\"ImageObject\",\"@id\":\"https:\/\/bizalmikor.hu\/blog\/#personlogo\",\"inLanguage\":\"hu\",\"url\":\"https:\/\/secure.gravatar.com\/avatar\/ee1c6e901d6b9c50c9a2204252c914b4?s=96&d=mm&r=g\",\"caption\":\"Gangel P\\u00e9ter\"}}]}<\/script>\n<!-- \/ Yoast SEO plugin. -->","_links":{"self":[{"href":"https:\/\/bizalmikor.hu\/blog\/wp-json\/wp\/v2\/posts\/3520"}],"collection":[{"href":"https:\/\/bizalmikor.hu\/blog\/wp-json\/wp\/v2\/posts"}],"about":[{"href":"https:\/\/bizalmikor.hu\/blog\/wp-json\/wp\/v2\/types\/post"}],"author":[{"embeddable":true,"href":"https:\/\/bizalmikor.hu\/blog\/wp-json\/wp\/v2\/users\/3"}],"replies":[{"embeddable":true,"href":"https:\/\/bizalmikor.hu\/blog\/wp-json\/wp\/v2\/comments?post=3520"}],"version-history":[{"count":3,"href":"https:\/\/bizalmikor.hu\/blog\/wp-json\/wp\/v2\/posts\/3520\/revisions"}],"predecessor-version":[{"id":3528,"href":"https:\/\/bizalmikor.hu\/blog\/wp-json\/wp\/v2\/posts\/3520\/revisions\/3528"}],"wp:featuredmedia":[{"embeddable":true,"href":"https:\/\/bizalmikor.hu\/blog\/wp-json\/wp\/v2\/media\/3522"}],"wp:attachment":[{"href":"https:\/\/bizalmikor.hu\/blog\/wp-json\/wp\/v2\/media?parent=3520"}],"wp:term":[{"taxonomy":"category","embeddable":true,"href":"https:\/\/bizalmikor.hu\/blog\/wp-json\/wp\/v2\/categories?post=3520"},{"taxonomy":"post_tag","embeddable":true,"href":"https:\/\/bizalmikor.hu\/blog\/wp-json\/wp\/v2\/tags?post=3520"}],"curies":[{"name":"wp","href":"https:\/\/api.w.org\/{rel}","templated":true}]}}