{"id":3572,"date":"2020-08-04T07:00:00","date_gmt":"2020-08-04T07:00:00","guid":{"rendered":"https:\/\/bizalmikor.hu\/blog\/?p=3572"},"modified":"2020-08-03T10:15:14","modified_gmt":"2020-08-03T10:15:14","slug":"a-sikeres-cegeladas-alappillerei","status":"publish","type":"post","link":"https:\/\/bizalmikor.hu\/blog\/2020\/08\/04\/a-sikeres-cegeladas-alappillerei\/","title":{"rendered":"A sikeres c\u00e9gelad\u00e1s alappill\u00e9rei"},"content":{"rendered":"\n<p><strong>Zalacs\u00e1nyi kerekasztal besz\u00e9lget\u00e9seink egyik legizgalmasabb t\u00e9m\u00e1ja c\u00e9g\u00fcnk eladhat\u00f3v\u00e1 \u00e9p\u00edt\u00e9se volt. A sikeres exit k\u00e9rd\u00e9sk\u00f6r\u00e9t V\u00e9g Ott\u00f3val, a <a href=\"https:\/\/3rdgen.eu\/hu\/ceg\/bemutatkozas\" target=\"_blank\" rel=\"noreferrer noopener\">3rdGEN Zrt. <\/a>alap\u00edt\u00f3j\u00e1val \u00e9s vezet\u0151j\u00e9vel, valamint J\u00f3f\u00f6ldi Endr\u00e9vel, a <a href=\"https:\/\/www.precognox.hu\/\" target=\"_blank\" rel=\"noreferrer noopener\">Precognox Kft.<\/a> alap\u00edt\u00f3 \u00fcgyvezet\u0151j\u00e9vel j\u00e1rtuk k\u00f6rbe.<\/strong><\/p>\n\n\n\n<p>Ott\u00f3 \u00e9s Endre mindketten a De\u00e1k Klub tagjai. El\u0151bbi \u00fariember 26 \u00e9v \u201emultiz\u00e1s\u201d ut\u00e1n v\u00e1ltott tan\u00e1csad\u00e1sra, hogy vezet\u0151i, fels\u0151vezet\u0151i tapasztalatait KKV-k fel\u00e9 csatorn\u00e1zhassa, ut\u00f3bbi szoftverfejleszt\u00e9ssel foglalkozik \u00e9s \u00e9pp Amerika fel\u00e9 kacsintgat egy olyan \u00e9p\u00edtkez\u00e9si f\u00e1zisban, amiben ak\u00e1r egy exit is felmer\u00fclhet. \u0150ket k\u00e9rdezte Letenovics-Nagy Roland arr\u00f3l, hogyan kezdj\u00fcnk neki egy exitnek, milyen mutat\u00f3sz\u00e1moknak kell megfelelni, vannak-e egy\u00e1ltal\u00e1n m\u00e9rhet\u0151 adatok, amikhez igaz\u00edtanunk kell c\u00e9g\u00fcnket, milyen \u00e9rzelmi hozad\u00e9kai lehetnek egy ilyen folyamatnak, milyen strat\u00e9gi\u00e1kat alkalmazhatunk. T\u00e9m\u00e1k szerint osztjuk meg az elhangzottakat, rem\u00e9lve, hogy adhatunk a kezetekbe egy hasznos \u00fatmutat\u00f3t, amennyiben c\u00e9gelad\u00e1sban, eladhat\u00f3 c\u00e9g \u00e9p\u00edt\u00e9s\u00e9ben gondolkodtok!<\/p>\n\n\n\n<figure class=\"wp-block-embed-youtube wp-block-embed is-type-video is-provider-youtube wp-embed-aspect-16-9 wp-has-aspect-ratio\"><div class=\"wp-block-embed__wrapper\">\n<iframe loading=\"lazy\" title=\"C\u00e9ges exit: p\u00f3diumbesz\u00e9lget\u00e9s - 2020.07.09\" width=\"500\" height=\"281\" src=\"https:\/\/www.youtube.com\/embed\/xQB-y59fj9w?start=6&#038;feature=oembed\" frameborder=\"0\" allow=\"accelerometer; autoplay; clipboard-write; encrypted-media; gyroscope; picture-in-picture; web-share\" referrerpolicy=\"strict-origin-when-cross-origin\" allowfullscreen><\/iframe>\n<\/div><\/figure>\n\n\n\n<h2 class=\"wp-block-heading\"><strong>Alapok<\/strong><\/h2>\n\n\n\n<p>\u00c9rdemes m\u00e1r a kezdtekekkor meghat\u00e1rozni, hogy mik a c\u00e9ljaink. Amennyiben terveink k\u00f6zt szerepel vagy ak\u00e1r csak elk\u00e9pzelhet\u0151nek tartjuk, hogy a j\u00f6v\u0151ben szeretn\u00e9nk megv\u00e1lni c\u00e9g\u00fcnkt\u0151l \u00e9p\u00edtkezz\u00fcnk a kezdetekt\u0151l ennek tudat\u00e1ban! Mi kell ehhez?<\/p>\n\n\n\n<ul><li><strong>A besz\u00e1mol\u00f3ink t\u00fckr\u00f6zz\u00e9k a val\u00f3s tev\u00e9kenys\u00e9g\u00fcnket. <\/strong>Ez a hiteless\u00e9g\u00fcnk szempontj\u00e1b\u00f3l is elengedhetetlen. P\u00e9ld\u00e1ul: teljes bejelentett b\u00e9rek, \u00e1tl\u00e1that\u00f3s\u00e1g a kifizet\u00e9sek ter\u00fclet\u00e9n.<\/li><li><strong>Strukt\u00fara kialak\u00edt\u00e1sa!<\/strong> Ha adott v\u00e1llalkoz\u00e1sban a tulajdonosok fej\u00e9ben van \u00fagymond az \u00e9rt\u00e9k, a c\u00e9g szellemis\u00e9ge, akkor az \u0151 t\u00e1voz\u00e1sukkal a c\u00e9g tartalmatlann\u00e1, \u00e9rt\u00e9ktelenn\u00e9 v\u00e1lik. Egyszer\u0171, de szeml\u00e9letes p\u00e9lda Ott\u00f3t\u00f3l: Ha csal\u00e1di v\u00e1llalkoz\u00e1sr\u00f3l besz\u00e9l\u00fcnk \u00e9s minden tud\u00e1s a sz\u00fcl\u0151kn\u00e9l van, hi\u00e1ba akarn\u00e1k eladni a c\u00e9get, letenni a terhess\u00e9 v\u00e1lt v\u00e1llalkoz\u00e1st, hiszen att\u00f3l fogva, hogy \u0151k nincsenek a fed\u00e9lzeten, val\u00f3j\u00e1ban megsz\u0171nik a c\u00e9g. Pozit\u00edv ellenp\u00e9lda lehet ugyanerre a helyzetre, ha a gyerek \u00e1tveszi a csal\u00e1di v\u00e1llalkoz\u00e1st olyan friss szemmel n\u00e9zhet r\u00e1, ami hozz\u00e1seg\u00edti a c\u00e9get a n\u00f6veked\u00e9shez.<\/li><\/ul>\n\n\n\n<blockquote class=\"wp-block-quote has-text-align-left is-style-large is-layout-flow wp-block-quote-is-layout-flow\"><p><em>\u201eAk\u00e1r elad\u00e1sra t\u00f6reksz\u00fcnk, ak\u00e1r nem, az nem m\u0171k\u00f6dik, hogy van egy-k\u00e9t tulaj \u00e9s minden az \u0151 fej\u00fckben van, majd mikor kisz\u00e1llnak a c\u00e9gb\u0151l kider\u00fcl, hogy nem maradt bent semmilyen \u00e9rt\u00e9k. Ekkor adott c\u00e9g \u00e9rt\u00e9k\u00e9t veszti. Legyen teh\u00e1t komoly strukt\u00fara, menedzsment, tiszta tulajdonosi viszony! Az 50-50 sz\u00e1zal\u00e9kot nem tartom szem\u00e9ly szerint szerencs\u00e9snek, mert ilyenkor p\u00e9ld\u00e1ul ki d\u00f6nt\u2026?\u201d<\/em><\/p><cite><strong><em>\u2013 V\u00e9g Ott\u00f3<\/em><\/strong><\/cite><\/blockquote>\n\n\n\n<ul><li><strong>Kulcsszavaink m\u00e9g a hossz\u00fat\u00e1v\u00fa, \u00e9vekre visszavezethet\u0151, stabil profitabilit\u00e1s, a t\u00e9nylegesen m\u0171k\u00f6d\u0151 folyamatok, p\u00e9nz\u00fcgyi megtervezetts\u00e9g.<\/strong><\/li><li><strong>A HR szerep\u00e9nek fontoss\u00e1g\u00e1val tiszt\u00e1ban lenni:<\/strong> az embereink a legnagyobb \u00e9rt\u00e9k\u00fcnk! Van-e le\u00edr\u00e1s a munkak\u00f6r\u00fckr\u0151l, vannak-e ezeknek az embereknek konkr\u00e9t karrierc\u00e9ljaik, elk\u00e9pzel\u00e9seik a j\u00f6v\u0151t illet\u0151en?&nbsp;<\/li><\/ul>\n\n\n\n<h2 class=\"wp-block-heading\"><strong>Lehets\u00e9ges strat\u00e9gi\u00e1k<\/strong><\/h2>\n\n\n\n<p>Ahogyan mindig minden mindennel \u00f6sszef\u00fcgg, m\u00e1sk\u00e9pp fogalmazva h\u00e1l\u00f3zatokban, egym\u00e1sra hatva m\u0171k\u00f6dik, \u00fagy itt is megfigyelhetj\u00fck ezt a jelens\u00e9get. Azonnal vissza is utalunk az alapokban m\u00e1r eml\u00edtett l\u00e9p\u00e9sre: <strong>ha elad\u00e1sban gondolkodunk, \u00e9p\u00edts\u00fck tudatosan saj\u00e1t karrierutunkat!<\/strong> Hol fogunk, hol akarunk tartani 10-15 \u00e9v m\u00falva? \u00cdgy elker\u00fclhet\u0151 az a hiba, amibe sajnos sokan beleesnek: 25 \u00e9ve csin\u00e1lod a c\u00e9ged, elf\u00e1radt\u00e1l, ki\u00e9gt\u00e9l \u00e9s meg akarsz szabadulni t\u0151le.<\/p>\n\n\n\n<blockquote class=\"wp-block-quote is-style-default is-layout-flow wp-block-quote-is-layout-flow\"><p><strong>Soha nem akkor adunk el c\u00e9get, amikor \u00fagy \u00e9rezz\u00fck, hogy holnapt\u00f3l mi ezt m\u00e1r nem akarjuk, nem tudjuk tov\u00e1bb csin\u00e1lni!<\/strong><\/p><\/blockquote>\n\n\n\n<ul><li>Amikor el\u0151re eld\u00f6ntj\u00fck, hogy id\u0151vel meg akarunk v\u00e1lni a c\u00e9g\u00fcnkt\u0151l, az <strong>seg\u00edt eld\u00f6nteni, milyen ipar\u00e1gban akarunk m\u0171k\u00f6dni!<\/strong><\/li><li>Ha eleve l\u00e1tjuk az exit lehet\u0151s\u00e9g\u00e9t, az meghat\u00e1rozza, <strong>milyen partnerek fel\u00e9 mozoghatunk! <\/strong>Keress\u00fck az egy\u00fcttm\u0171k\u00f6d\u00e9si lehet\u0151s\u00e9geket!<\/li><li>Legy\u00fcnk tiszt\u00e1ban azzal, hogy nemzetk\u00f6zi piacon a sz\u00e1zf\u0151s l\u00e9tsz\u00e1m alatti c\u00e9gek kicsik, kev\u00e9ss\u00e9 r\u00faghatnak labd\u00e1ba. Ha nemzetk\u00f6zi piac fel\u00e9 akarunk nyitni, <strong>dolgozzunk a n\u00f6veked\u00e9sen.<\/strong><\/li><li>Ha nem a legelej\u00e9t\u0151l \u00e9p\u00edtett\u00fck eladhat\u00f3v\u00e1 a c\u00e9g\u00fcnket, <strong>minimum \u00f6t \u00e9vvel a tervezett elad\u00e1s el\u0151tt kezdj\u00fck el \u00e1t\u00e9p\u00edteni, \u00e1tstruktur\u00e1lni! <\/strong>Ne v\u00e1rjuk meg, m\u00edg el\u00e9rt\u00e9ktelenedik!<\/li><\/ul>\n\n\n\n<h2 class=\"wp-block-heading\"><strong>Az exit folyamata<\/strong><\/h2>\n\n\n\n<p>A legfontosabb a sz\u00e1nd\u00e9k. <strong>Amikor eld\u00f6nt\u00f6tt\u00fck, hogy el akarjuk adni a c\u00e9get, mindenk\u00e9pp \u00e9rdemes err\u0151l elbesz\u00e9lgetni a megfelel\u0151 tan\u00e1csad\u00f3val, hiszen kider\u00fclhet, hogy nem az elad\u00e1s a v\u00e1lasz a probl\u00e9m\u00e1nkra \u2013 amennyiben valamilyen felmer\u00fcl\u0151 probl\u00e9ma miatt akarn\u00e1nk megv\u00e1lni a v\u00e1llalkoz\u00e1sunkt\u00f3l. <\/strong>Azonban ha az elad\u00e1s mellett d\u00f6nt\u00fcnk, akkor, ahogy V\u00e9g Ott\u00f3 fogalmaz, \u201efel kell \u00f6lt\u00f6ztetni a menyecsk\u00e9t\u201d. H\u00e1rom h\u00f3nap \u00e9s egy \u00e9v k\u00f6z\u00f6tti id\u0151 a re\u00e1lis felk\u00e9sz\u00fcl\u00e9si szakasz. Csak miut\u00e1n ez megvan, kezdhet\u00fcnk el vev\u0151ket keresni.<\/p>\n\n\n\n<p><strong>Mit tanulhatunk egy t\u00e1rgyal\u00e1si folyamatb\u00f3l?<\/strong><\/p>\n\n\n\n<p>Amennyiben m\u00e9gsem jutunk el az alkuig \u00e9s az elad\u00e1sig, akkor is sokat kaptunk, hiszen <strong>egy ilyen t\u00e1rgyal\u00e1si id\u0151szakban rengeteg visszajelz\u00e9st kapunk \u00e9s a c\u00e9g\u00fcnk is v\u00e9gigmegy egy folyamaton.<\/strong> Fejl\u0151d\u00fcnk \u00e9s ak\u00e1r arra is r\u00e1j\u00f6het\u00fcnk, hogy ink\u00e1bb exportra v\u00e1ltunk, b\u0151v\u00edt\u00fcnk vagy valami egy\u00e9b ir\u00e1nyba megy\u00fcnk el az elad\u00e1s helyett. A felk\u00e9sz\u00fcl\u00e9si id\u0151szak sosem hi\u00e1baval\u00f3!<\/p>\n\n\n\n<blockquote class=\"wp-block-quote is-style-large is-layout-flow wp-block-quote-is-layout-flow\"><p><em>\u201eEgy kanadai fick\u00f3t\u00f3l hallottam a k\u00f6vetkez\u0151 k\u00e9rd\u00e9st, ami szint\u00e9n nagy seg\u00edts\u00e9g lehet v\u00e1llalkoz\u00e1s ind\u00edt\u00e1sakor: azt kell eld\u00f6ntened, hogy a k\u00f6vetkez\u0151 5-10 \u00e9ved fel\u00e9t reptereken akarod-e t\u00f6lteni vagy sem. Az exiteknek, a start up \u00e9p\u00edt\u00e9snek komoly \u00e1ra van. Tudd, hogy mekkor\u00e1ra akarsz n\u0151ni, mik a c\u00e9ljaid \u00e9s mit vagy hajland\u00f3 ezek\u00e9rt megtenni!\u201d<\/em><\/p><cite><strong><em>\u2013 J\u00f3f\u00f6ldi Endre<\/em><\/strong><br><\/cite><\/blockquote>\n\n\n\n<p><strong>Mi a k\u00fcl\u00f6nbs\u00e9g egy szakmai \u00e9s egy p\u00e9nz\u00fcgyi befektet\u0151 k\u00f6zt?<\/strong><\/p>\n\n\n\n<p>A p\u00e9nz\u00fcgyi befektet\u0151 az, aki azt n\u00e9zi, mennyit kereshet adott befektet\u00e9sen. A szakmai az, aki tudatosan figyel a portf\u00f3li\u00f3ja b\u0151v\u00edt\u00e9s\u00e9re, hogy jobb poz\u00edci\u00f3ba ker\u00fclj\u00f6n. Ott\u00f3 a Nestl\u00e9 felv\u00e1s\u00e1rl\u00e1sait hozza p\u00e9ldak\u00e9nt: A K\u00e9kk\u00fati \u00e9s a Sch\u00f6ller ma m\u00e1r a vil\u00e1gm\u00e1rk\u00e1hoz tartozik, \u00edgy amikor az egy nagyobb \u00e1ruh\u00e1zzal szerz\u0151dik, t\u00f6bb es\u00e9lye van, hiszen egymaga k\u00e9pes sorokat megt\u00f6lteni \u00e1ruval.<\/p>\n\n\n\n<p><strong>Mikort\u00f3l gondolkodhat egy v\u00e1llalat exitben?<\/strong><\/p>\n\n\n\n<ul><li>Rendelhet\u0151-e ehhez a k\u00e9rd\u00e9shez egy\u00e1ltal\u00e1n valamilyen konkr\u00e9t sz\u00e1m? V\u00e9g Ott\u00f3 szerint nincsen ilyen sz\u00e1m a magyar c\u00e9gek eset\u00e9ben. Hangs\u00falyozza, hogy a profitabilit\u00e1s a l\u00e9nyegesebb szempont. Mit tud felmutatni adott v\u00e1llalkoz\u00e1s az el\u0151z\u0151 \u00e9vekre visszamen\u0151leg? J\u00f3f\u00f6ldi Endre hozz\u00e1teszi, IT ter\u00fcleten k\u00f6nnyebb\u00e9 teszik ennek a k\u00e9rd\u00e9snek a megv\u00e1laszol\u00e1s\u00e1t a konkr\u00e9t term\u00e9kek eladhat\u00f3s\u00e1gi mutat\u00f3i: adott term\u00e9ket h\u00e1nyszor adtuk el az elm\u00falt \u00e9vben, \u00e9vekben: sz\u00e1zszor, ezerszer, egymilli\u00f3szor? A konzult\u00e1ci\u00f3k enn\u00e9l sokkal nehezebben sk\u00e1l\u00e1zhat\u00f3ak.<\/li><li><strong>Az eladhat\u00f3s\u00e1g befektet\u0151t\u0151l is f\u00fcgg! <\/strong>(Az ellens\u00e9ges felv\u00e1s\u00e1rl\u00e1s k\u00e9rd\u00e9se, amir\u0151l ebben a besz\u00e9lget\u00e9sben nem ejtett\u00fcnk sz\u00f3t. Sokszor \u00e9pp az a befektet\u0151 c\u00e9lja, hogy felsz\u00e1molja a konkurenci\u00e1t.)<\/li><li>Mekkora potenci\u00e1l van eladni k\u00edv\u00e1nt c\u00e9g\u00fcnkben piaci szempontb\u00f3l?<\/li><\/ul>\n\n\n\n<p><strong>Sikeres exitek Magyarorsz\u00e1gon<\/strong><\/p>\n\n\n\n<p>Azok, amelyeket mindenki ismer; legk\u00e9zenfekv\u0151bb p\u00e9lda a Prezi. Mivel a magyar c\u00e9gek el\u00e9g kicsinek sz\u00e1m\u00edtanak nyugati szemmel, ez\u00e9rt sok ilyenr\u0151l nem tudtunk sz\u00e1mot adni.&nbsp;<\/p>\n\n\n\n<h2 class=\"wp-block-heading\"><strong>Az \u00e9rzelmi t\u00e9nyez\u0151k<\/strong><\/h2>\n\n\n\n<p>Ott\u00f3 \u00e9s Endre is egyet\u00e9rt abban, hogy az egyik legkardin\u00e1lisabb k\u00e9rd\u00e9s egy exit \u00e9rzelmi-pszich\u00e9s-lelki folyamat\u00e1ban a k\u00f6vetkez\u0151:&nbsp;<\/p>\n\n\n\n<blockquote class=\"wp-block-quote is-style-default is-layout-flow wp-block-quote-is-layout-flow\"><p><strong>Azonos vagyok-e a c\u00e9gemmel? K\u00e9pes vagyok-e megk\u00fcl\u00f6nb\u00f6ztetni magamat a c\u00e9gvezet\u0151t, magamt\u00f3l, a mag\u00e1nembert\u0151l?<\/strong><\/p><\/blockquote>\n\n\n\n<p>A szem\u00e9lyes c\u00e9lok meghat\u00e1roz\u00e1sa sokat seg\u00edt abban, hogy k\u00e9pesek legy\u00fcnk elv\u00e1lasztani e kett\u0151t. Sok esetben egy c\u00e9g adott v\u00e1llalkoz\u00f3, tulajdonos #\u00e9letemunk\u00e1ja. Amikor pedig huszon\u00f6t \u00e9vnyi kem\u00e9ny munka ut\u00e1n azt mondj\u00e1k, a c\u00e9ged sz\u00e1zmilli\u00f3 forintot \u00e9r, amib\u0151l ma Budapesten vehetsz egy h\u00e1romszob\u00e1s lak\u00e1st, az egy neh\u00e9z helyzet, neh\u00e9z r\u00e1\u00e9bred\u00e9s a val\u00f3s\u00e1gra.<\/p>\n\n\n\n<ul><li>Tudni kell, hogy a befektetett \u00e9rzelmeink, a befektetett munk\u00e1nk a piacon sokszor nem annyit \u00e9r, mint amennyit mi re\u00e1lisnak tartunk\/\u00e9rz\u00fcnk.<\/li><li>Ha a c\u00e9gem elad\u00e1sa mellett d\u00f6nt\u00f6k, vagy amellett, hogy h\u00e1tr\u00e9bb l\u00e9pek \u00e9s \u00fcgyvezet\u0151t veszek fel, tudatos\u00edtsam, hogy a h\u00e1tr\u00e9bbl\u00e9p\u00e9s val\u00f3di kell, legyen. Nem \u00e1llhatok ott az \u00fcgyvezet\u0151m m\u00f6g\u00f6tt, hogy tov\u00e1bbra is fel\u00fcl\u00edrjam, megk\u00e9rd\u0151jelezzem a d\u00f6nt\u00e9seit.<\/li><\/ul>\n\n\n\n<hr class=\"wp-block-separator is-style-wide\"\/>\n\n\n\n<h1 class=\"has-text-align-center wp-block-heading\">Szeretn\u00e9l megismerkedni klubtagjainkkal? K\u00e9rj egy megh\u00edv\u00f3t!<\/h1>\n\n\n\n<div class=\"wp-block-button aligncenter\"><a class=\"wp-block-button__link has-background\" href=\"https:\/\/bizalmikor.hu\/kapcsolat\/\" style=\"background-color:#14496b\" target=\"_blank\" rel=\"noreferrer noopener\"><strong>\u00c9rdekel a Bizalmi K\u00f6r klubtags\u00e1g<\/strong><\/a><\/div>\n\n\n\n<hr class=\"wp-block-separator is-style-wide\"\/>\n","protected":false},"excerpt":{"rendered":"<p> A sikeres exit k\u00e9rd\u00e9sk\u00f6r\u00e9t V\u00e9g Ott\u00f3val, a 3rdGEN Zrt. alap\u00edt\u00f3j\u00e1val \u00e9s vezet\u0151j\u00e9vel, valamint J\u00f3f\u00f6ldi Endr\u00e9vel, a Precognox Kft. alap\u00edt\u00f3 \u00fcgyvezet\u0151j\u00e9vel j\u00e1rtuk k\u00f6rbe.<\/p>\n","protected":false},"author":3,"featured_media":3591,"comment_status":"closed","ping_status":"open","sticky":false,"template":"","format":"standard","meta":{"footnotes":""},"categories":[16],"tags":[],"yoast_head":"<!-- This site is optimized with the Yoast SEO plugin v15.4 - https:\/\/yoast.com\/wordpress\/plugins\/seo\/ -->\n<title>A sikeres c\u00e9gelad\u00e1s alappill\u00e9rei<\/title>\n<meta name=\"description\" content=\"A sikeres exit k\u00e9rd\u00e9sk\u00f6re V\u00e9g Ott\u00f3val, a 3rdGEN Zrt. alap\u00edt\u00f3j\u00e1val \u00e9s vezet\u0151j\u00e9vel, valamint J\u00f3f\u00f6ldi Endr\u00e9vel, a Precognox Kft. alap\u00edt\u00f3 \u00fcgyvezet\u0151j\u00e9vel.\" \/>\n<meta name=\"robots\" content=\"index, follow, max-snippet:-1, max-image-preview:large, max-video-preview:-1\" \/>\n<link rel=\"canonical\" href=\"https:\/\/bizalmikor.hu\/blog\/2020\/08\/04\/a-sikeres-cegeladas-alappillerei\/\" \/>\n<meta property=\"og:locale\" content=\"hu_HU\" \/>\n<meta property=\"og:type\" content=\"article\" \/>\n<meta property=\"og:title\" content=\"A sikeres c\u00e9gelad\u00e1s alappill\u00e9rei\" \/>\n<meta property=\"og:description\" content=\"A sikeres exit k\u00e9rd\u00e9sk\u00f6re V\u00e9g Ott\u00f3val, a 3rdGEN Zrt. alap\u00edt\u00f3j\u00e1val \u00e9s vezet\u0151j\u00e9vel, valamint J\u00f3f\u00f6ldi Endr\u00e9vel, a Precognox Kft. alap\u00edt\u00f3 \u00fcgyvezet\u0151j\u00e9vel.\" \/>\n<meta property=\"og:url\" content=\"https:\/\/bizalmikor.hu\/blog\/2020\/08\/04\/a-sikeres-cegeladas-alappillerei\/\" \/>\n<meta property=\"og:site_name\" content=\"Bizalmi K\u00f6r blog\" \/>\n<meta property=\"article:publisher\" content=\"https:\/\/www.facebook.com\/bizalmikor\" \/>\n<meta property=\"article:published_time\" content=\"2020-08-04T07:00:00+00:00\" \/>\n<meta property=\"article:modified_time\" content=\"2020-08-03T10:15:14+00:00\" \/>\n<meta property=\"og:image\" content=\"https:\/\/bizalmikor.hu\/blog\/wp-content\/uploads\/2020\/08\/i-tDsSBTZ-X21.jpg\" \/>\n\t<meta property=\"og:image:width\" content=\"1280\" \/>\n\t<meta property=\"og:image:height\" content=\"786\" \/>\n<meta name=\"twitter:card\" content=\"summary_large_image\" \/>\n<meta name=\"twitter:label1\" content=\"Szerz\u0151:\">\n\t<meta name=\"twitter:data1\" content=\"Gangel P\u00e9ter\">\n\t<meta name=\"twitter:label2\" content=\"Becs\u00fclt olvas\u00e1si id\u0151\">\n\t<meta name=\"twitter:data2\" content=\"7 perc\">\n<script type=\"application\/ld+json\" class=\"yoast-schema-graph\">{\"@context\":\"https:\/\/schema.org\",\"@graph\":[{\"@type\":\"Organization\",\"@id\":\"https:\/\/bizalmikor.hu\/blog\/#organization\",\"name\":\"Bizalmi K\\u00f6r Kft.\",\"url\":\"https:\/\/bizalmikor.hu\/blog\/\",\"sameAs\":[\"https:\/\/www.facebook.com\/bizalmikor\",\"https:\/\/www.instagram.com\/bizalmikor\/\",\"https:\/\/www.linkedin.com\/company\/19165894\",\"https:\/\/www.youtube.com\/channel\/UC7fAD3QCIWeSexU5t6F3YOw?view_as=subscriber\"],\"logo\":{\"@type\":\"ImageObject\",\"@id\":\"https:\/\/bizalmikor.hu\/blog\/#logo\",\"inLanguage\":\"hu\",\"url\":\"https:\/\/bizalmikor.hu\/blog\/wp-content\/uploads\/2019\/02\/Group-2.png\",\"width\":4033,\"height\":1192,\"caption\":\"Bizalmi K\\u00f6r Kft.\"},\"image\":{\"@id\":\"https:\/\/bizalmikor.hu\/blog\/#logo\"}},{\"@type\":\"WebSite\",\"@id\":\"https:\/\/bizalmikor.hu\/blog\/#website\",\"url\":\"https:\/\/bizalmikor.hu\/blog\/\",\"name\":\"Bizalmi K\\u00f6r blog\",\"description\":\"Egynek minden neh\\u00e9z, soknak semmi sem lehetetlen.\",\"publisher\":{\"@id\":\"https:\/\/bizalmikor.hu\/blog\/#organization\"},\"potentialAction\":[{\"@type\":\"SearchAction\",\"target\":\"https:\/\/bizalmikor.hu\/blog\/?s={search_term_string}\",\"query-input\":\"required name=search_term_string\"}],\"inLanguage\":\"hu\"},{\"@type\":\"ImageObject\",\"@id\":\"https:\/\/bizalmikor.hu\/blog\/2020\/08\/04\/a-sikeres-cegeladas-alappillerei\/#primaryimage\",\"inLanguage\":\"hu\",\"url\":\"https:\/\/bizalmikor.hu\/blog\/wp-content\/uploads\/2020\/08\/i-tDsSBTZ-X21.jpg\",\"width\":1280,\"height\":786},{\"@type\":\"WebPage\",\"@id\":\"https:\/\/bizalmikor.hu\/blog\/2020\/08\/04\/a-sikeres-cegeladas-alappillerei\/#webpage\",\"url\":\"https:\/\/bizalmikor.hu\/blog\/2020\/08\/04\/a-sikeres-cegeladas-alappillerei\/\",\"name\":\"A sikeres c\\u00e9gelad\\u00e1s alappill\\u00e9rei\",\"isPartOf\":{\"@id\":\"https:\/\/bizalmikor.hu\/blog\/#website\"},\"primaryImageOfPage\":{\"@id\":\"https:\/\/bizalmikor.hu\/blog\/2020\/08\/04\/a-sikeres-cegeladas-alappillerei\/#primaryimage\"},\"datePublished\":\"2020-08-04T07:00:00+00:00\",\"dateModified\":\"2020-08-03T10:15:14+00:00\",\"description\":\"A sikeres exit k\\u00e9rd\\u00e9sk\\u00f6re V\\u00e9g Ott\\u00f3val, a 3rdGEN Zrt. alap\\u00edt\\u00f3j\\u00e1val \\u00e9s vezet\\u0151j\\u00e9vel, valamint J\\u00f3f\\u00f6ldi Endr\\u00e9vel, a Precognox Kft. alap\\u00edt\\u00f3 \\u00fcgyvezet\\u0151j\\u00e9vel.\",\"inLanguage\":\"hu\",\"potentialAction\":[{\"@type\":\"ReadAction\",\"target\":[\"https:\/\/bizalmikor.hu\/blog\/2020\/08\/04\/a-sikeres-cegeladas-alappillerei\/\"]}]},{\"@type\":\"Article\",\"@id\":\"https:\/\/bizalmikor.hu\/blog\/2020\/08\/04\/a-sikeres-cegeladas-alappillerei\/#article\",\"isPartOf\":{\"@id\":\"https:\/\/bizalmikor.hu\/blog\/2020\/08\/04\/a-sikeres-cegeladas-alappillerei\/#webpage\"},\"author\":{\"@id\":\"https:\/\/bizalmikor.hu\/blog\/#\/schema\/person\/a89936ed381c3afa4cd7a27040dbfb07\"},\"headline\":\"A sikeres c\\u00e9gelad\\u00e1s alappill\\u00e9rei\",\"datePublished\":\"2020-08-04T07:00:00+00:00\",\"dateModified\":\"2020-08-03T10:15:14+00:00\",\"mainEntityOfPage\":{\"@id\":\"https:\/\/bizalmikor.hu\/blog\/2020\/08\/04\/a-sikeres-cegeladas-alappillerei\/#webpage\"},\"publisher\":{\"@id\":\"https:\/\/bizalmikor.hu\/blog\/#organization\"},\"image\":{\"@id\":\"https:\/\/bizalmikor.hu\/blog\/2020\/08\/04\/a-sikeres-cegeladas-alappillerei\/#primaryimage\"},\"articleSection\":\"V\\u00e1llalkoz\\u00e1s\",\"inLanguage\":\"hu\"},{\"@type\":\"Person\",\"@id\":\"https:\/\/bizalmikor.hu\/blog\/#\/schema\/person\/a89936ed381c3afa4cd7a27040dbfb07\",\"name\":\"Gangel P\\u00e9ter\",\"image\":{\"@type\":\"ImageObject\",\"@id\":\"https:\/\/bizalmikor.hu\/blog\/#personlogo\",\"inLanguage\":\"hu\",\"url\":\"https:\/\/secure.gravatar.com\/avatar\/ee1c6e901d6b9c50c9a2204252c914b4?s=96&d=mm&r=g\",\"caption\":\"Gangel P\\u00e9ter\"}}]}<\/script>\n<!-- \/ Yoast SEO plugin. -->","_links":{"self":[{"href":"https:\/\/bizalmikor.hu\/blog\/wp-json\/wp\/v2\/posts\/3572"}],"collection":[{"href":"https:\/\/bizalmikor.hu\/blog\/wp-json\/wp\/v2\/posts"}],"about":[{"href":"https:\/\/bizalmikor.hu\/blog\/wp-json\/wp\/v2\/types\/post"}],"author":[{"embeddable":true,"href":"https:\/\/bizalmikor.hu\/blog\/wp-json\/wp\/v2\/users\/3"}],"replies":[{"embeddable":true,"href":"https:\/\/bizalmikor.hu\/blog\/wp-json\/wp\/v2\/comments?post=3572"}],"version-history":[{"count":6,"href":"https:\/\/bizalmikor.hu\/blog\/wp-json\/wp\/v2\/posts\/3572\/revisions"}],"predecessor-version":[{"id":3586,"href":"https:\/\/bizalmikor.hu\/blog\/wp-json\/wp\/v2\/posts\/3572\/revisions\/3586"}],"wp:featuredmedia":[{"embeddable":true,"href":"https:\/\/bizalmikor.hu\/blog\/wp-json\/wp\/v2\/media\/3591"}],"wp:attachment":[{"href":"https:\/\/bizalmikor.hu\/blog\/wp-json\/wp\/v2\/media?parent=3572"}],"wp:term":[{"taxonomy":"category","embeddable":true,"href":"https:\/\/bizalmikor.hu\/blog\/wp-json\/wp\/v2\/categories?post=3572"},{"taxonomy":"post_tag","embeddable":true,"href":"https:\/\/bizalmikor.hu\/blog\/wp-json\/wp\/v2\/tags?post=3572"}],"curies":[{"name":"wp","href":"https:\/\/api.w.org\/{rel}","templated":true}]}}