{"id":3612,"date":"2020-08-10T08:14:14","date_gmt":"2020-08-10T08:14:14","guid":{"rendered":"https:\/\/bizalmikor.hu\/blog\/?p=3612"},"modified":"2020-08-11T12:56:28","modified_gmt":"2020-08-11T12:56:28","slug":"charles-michel-a-koltsegvetesi-megallapodas-es-a-negyszemkozti-erkelybeszelgetesek-muveszete-i","status":"publish","type":"post","link":"https:\/\/bizalmikor.hu\/blog\/2020\/08\/10\/charles-michel-a-koltsegvetesi-megallapodas-es-a-negyszemkozti-erkelybeszelgetesek-muveszete-i\/","title":{"rendered":"Charles Michel, a k\u00f6lts\u00e9gvet\u00e9si meg\u00e1llapod\u00e1s, \u00e9s a n\u00e9gyszemk\u00f6zti erk\u00e9lybesz\u00e9lget\u00e9sek m\u0171v\u00e9szete &#8211; I. r\u00e9sz"},"content":{"rendered":"\n<p><strong>J\u00falius v\u00e9g\u00e9n hosszas t\u00e1rgyal\u00e1sok ut\u00e1n az Eur\u00f3pai Tan\u00e1cs elfogadta a k\u00f6vetkez\u0151 h\u00e9t \u00e9vet meghat\u00e1roz\u00f3, 1,8 ezer milli\u00e1rdos k\u00f6lts\u00e9gvet\u00e9st \u00e9s a helyre\u00e1ll\u00edt\u00e1si alapot. A tagorsz\u00e1gok vezet\u0151i elt\u00e9r\u0151 elk\u00e9pzel\u00e9sekkel \u00e9rkeztek, amelyek \u00f6sszehangol\u00e1sa nem kis kih\u00edv\u00e1s el\u00e9 \u00e1ll\u00edtotta a Tan\u00e1cs eln\u00f6k\u00e9t, Charles Michelt. Napokat t\u00f6lt\u00f6tt az imm\u00e1r k\u00fcl\u00f6nleges jelent\u0151s\u00e9g\u0171 terasz\u00e1n az uni\u00f3s vezet\u0151kkel, mire meg\u00e1llapod\u00e1sra jutottak.  A t\u00e1rgyal\u00e1si folyamatot, strat\u00e9gi\u00e1t \u00e9s a meg\u00e1llapod\u00e1s megsz\u00fclet\u00e9s\u00e9t a POLITICO r\u00e9szletes cikkben j\u00e1rta k\u00f6r\u00fcl &#8211; a ford\u00edt\u00e1s\u00e1t k\u00e9t r\u00e9szletben k\u00f6z\u00f6lj\u00fck. <\/strong><\/p>\n\n\n\n<p><strong>Charles Michel<\/strong>, ism\u00e9t azon a bizonyos teraszon \u00fclve, ahol megt\u00f6rt\u00e9nt A Dolog,<strong> bevallotta, hogy nem volt B-terve arra az eshet\u0151s\u00e9gre, ha az uni\u00f3s vezet\u0151k nem tudj\u00e1k tet\u0151 al\u00e1 hozni a k\u00f6lts\u00e9gvet\u00e9si tervet<\/strong>. Arra azonban volt egy v\u00e9gsz\u00fcks\u00e9g eset\u00e9n bevethet\u0151 ment\u0151\u00f6ve, ha Emmanuel Macron francia eln\u00f6k megegyez\u00e9s n\u00e9lk\u00fcl pr\u00f3b\u00e1ln\u00e1 meg elhagyni Br\u00fcsszelt, ahogy azzal a vas\u00e1rnapi esti holtpontkor fenyeget\u0151z\u00f6tt, amikor is kiadta a szem\u00e9lyzet\u00e9nek, hogy k\u00e9sz\u00edts\u00e9k el\u0151 a g\u00e9p\u00e9t.<\/p>\n\n\n\n<p><strong>\u201eTudtam, hogy ilyen k\u00e9nyes t\u00e9m\u00e1r\u00f3l lehetetlen egy vagy k\u00e9t nap alatt d\u00f6nt\u00e9st hozni\u201d <\/strong>\u2013 mondta az Eur\u00f3pai Tan\u00e1cs eln\u00f6ke. \u00cdgy azt\u00e1n a kor\u00e1bbi belga minisztereln\u00f6k k\u00f6z\u00f6lte a vezet\u0151kkel, hogy addig tartja \u0151ket Br\u00fcsszelben, ameddig csak sz\u00fcks\u00e9ges.<\/p>\n\n\n\n<blockquote class=\"wp-block-quote is-style-large is-layout-flow wp-block-quote-is-layout-flow\"><p>\u201ePersze csak vicceltem, de mondtam nekik, hogy nagyon j\u00f3l ismerem a belga minisztereln\u00f6k\u00f6t, \u00e9s sz\u00e1nd\u00e9komban \u00e1ll megk\u00e9rni, hogy z\u00e1rjon le minden belga repteret, am\u00edg nincs meg\u00e1llapod\u00e1s\u201d \u2013 mes\u00e9li az eln\u00f6k. A vicc m\u00f6g\u00f6tt megb\u00faj\u00f3 \u00fczenet azonban egy\u00e9rtelm\u0171 volt: Senki sem megy sehova.<\/p><\/blockquote>\n\n\n\n<p>Michel n\u00e9gy napon \u00e9s n\u00e9gy \u00e9jszak\u00e1n \u00e1t nem engedte fel\u00e1llni az asztalt\u00f3l a vezet\u0151ket, m\u00e9g akkor sem, amikor azok d\u00fch\u00f6sen kritiz\u00e1lt\u00e1k egym\u00e1st.<strong> Kedd hajnalban azt\u00e1n t\u00f6rt\u00e9nelmi, 1,8 ezer milli\u00e1rd eur\u00f3s csomagr\u00f3l sz\u00f3l\u00f3 egyezs\u00e9gre jutottak<\/strong>, amely tartalmazza a koronav\u00edrus okozta kies\u00e9seket orvosolni hivatott helyre\u00e1ll\u00edt\u00e1si alapot, valamint a h\u00e9t\u00e9ves k\u00f6lts\u00e9gvet\u00e9st is \u2013 mindezt egyetlen, az EU t\u00f6rt\u00e9net\u00e9nek egyik leghosszabb cs\u00facs\u00e1n \u00e9rt\u00e9k el.<\/p>\n\n\n\n<p>Lehetne vitatkozni arr\u00f3l, hogy mennyiben volt Michel t\u00e1rgyal\u00e1si k\u00e9szs\u00e9geinek k\u00f6sz\u00f6nhet\u0151 az egyezm\u00e9ny. B\u0151ven volt z\u00fagol\u00f3d\u00e1s az eln\u00f6ki tev\u00e9kenys\u00e9ge miatt, amikor az eredetileg k\u00e9tnaposra tervezett egyeztet\u00e9s m\u00e9g a h\u00e9tv\u00e9ge ut\u00e1n is folytat\u00f3dott.<\/p>\n\n\n\n<p>A legf\u0151bb s\u00farl\u00f3d\u00e1si pontok megold\u00e1sa \u00e9rdek\u00e9ben <strong>Michel t\u00f6bb, a vezet\u0151k kis l\u00e9tsz\u00e1m\u00fa csoportjaival lefolytatott megbesz\u00e9l\u00e9st is tartott a Tan\u00e1cs\u00e9p\u00fclet terasz\u00e1n<\/strong>, amelyekr\u0151l Twitteren osztottak meg fot\u00f3kat a nagyvil\u00e1ggal. A kis csoportos feloszt\u00e1s azzal j\u00e1rt, hogy a<strong> t\u00f6bbi vezet\u0151 \u00f3r\u00e1kig v\u00e1rakozott, ami \u0151ket \u00e9s a vel\u00fck lev\u0151 tisztvisel\u0151iket is bosszantotta.<\/strong><\/p>\n\n\n\n<p>M\u00e1sok, akik k\u00f6zelr\u0151l k\u00f6vett\u00e9k az egyeztet\u00e9seket, \u00fagy l\u00e1tt\u00e1k, Michelnek nagy m\u00e9rt\u00e9kben kellett Macronra \u00e9s Angela Merkel n\u00e9met kancell\u00e1rra t\u00e1maszkodnia, akik gyakran mellette voltak a terasztal\u00e1lkoz\u00f3kon.<\/p>\n\n\n\n<p><strong>V\u00e9gs\u0151 soron azonban Michel eln\u00f6kl\u00e9se sor\u00e1n k\u00f6ttetett meg az a m\u00e9rf\u00f6ldk\u0151nek sz\u00e1m\u00edt\u00f3 meg\u00e1llapod\u00e1s, amely a 750 milli\u00e1rd eur\u00f3s j\u00e1rv\u00e1nyt k\u00f6vet\u0151 helyre\u00e1ll\u00edt\u00e1si alap gerinc\u00e9t adja<\/strong>, \u00e9s amely miatt az uni\u00f3 soha nem l\u00e1tott k\u00f6z\u00f6s ad\u00f3ss\u00e1got v\u00e1llal majd \u2013 ez pedig alapvet\u0151en szorosabb p\u00e9nz\u00fcgyi integr\u00e1ci\u00f3t jelent a kor\u00e1bbiakhoz k\u00e9pest.&nbsp;<\/p>\n\n\n\n<p>Nyugodtnak t\u0171nve, m\u00e9g ha kicsit f\u00e1radtan is, nyakkend\u0151 n\u00e9lk\u00fcl, egy s\u00f6t\u00e9t sportzak\u00f3ban mes\u00e9lte el Michel a POLITICO-nak adott interj\u00faj\u00e1ban, hogyan siker\u00fclt kezelnie a 27 \u00e1llam- \u00e9s korm\u00e1nyf\u0151t, akik k\u00edv\u00e1ns\u00e1gait el\u0151re ki kellett tal\u00e1lnia, \u00e9s teljes\u00edtenie kellett a k\u00f6vetel\u00e9seiket is ahhoz, hogy egyhang\u00fa meg\u00e1llapod\u00e1s sz\u00fclethessen.<\/p>\n\n\n\n<p>Egyes\u00e9vel \u00e9s csoportokban is tal\u00e1lkozott vel\u00fck. Egyeztetett vel\u00fck reggel \u00e9s \u00e9jjel, \u00e9s m\u00e9g azokban az \u00f3r\u00e1kban is, amikor lehetetlen megmondani, hogy m\u00e9g s\u00f6t\u00e9t van vagy m\u00e1r vil\u00e1gos; mindek\u00f6zben pedig felv\u00e1ltva itta a te\u00e1t \u00e9s a k\u00e1v\u00e9t a koffein-t\u00faladagol\u00e1st elker\u00fclend\u0151, hab\u00e1r legink\u00e1bb a Coca-Cola Zero hajtotta a szervezet\u00e9t.<\/p>\n\n\n\n<p>\u00c9s<strong> term\u00e9szetesen t\u00e1rgyalt vel\u00fck k\u00f6z\u00f6sen is a plen\u00e1ris terem kerekasztal\u00e1n\u00e1l, valamint vacsora k\u00f6zben is a Tan\u00e1cs Eur\u00f3pa \u00e9p\u00fclet\u00e9ben<\/strong>, ahol k\u00fcl\u00f6nleges eg\u00e9szs\u00e9g\u00fcgyi \u00f3vint\u00e9zked\u00e9sek sor\u00e1t vezett\u00e9k be: <strong>korl\u00e1tozt\u00e1k a vezet\u0151kkel \u00e9rkez\u0151 deleg\u00e1ci\u00f3k l\u00e9tsz\u00e1m\u00e1t, kitiltott\u00e1k a szok\u00e1sos \u00fajs\u00e1g\u00edr\u00f3hadakat, gyakori maszkhaszn\u00e1latot javasoltak \u00e9s persze k\u00e9zfert\u0151tlen\u00edt\u0151s flakonokat helyeztek minden sarokba<\/strong>.<\/p>\n\n\n\n<h2 class=\"wp-block-heading\"><strong>Politikai j\u00e1tszm\u00e1k<\/strong><\/h2>\n\n\n\n<blockquote class=\"wp-block-quote is-style-large is-layout-flow wp-block-quote-is-layout-flow\"><p>Nem a fenyeget\u0151z\u00e9s volt az egyetlen fegyver Michel arzen\u00e1lj\u00e1ban.<\/p><\/blockquote>\n\n\n\n<p>Elmond\u00e1sa szerint mindig alaposan megfontolta, mikor volt sz\u00fcks\u00e9ges \u00edr\u00e1sban el\u0151terjeszteni az \u00faj javaslatokat, \u00e9s hogy mikor volt t\u00f6bb \u00e9rtelme vit\u00e1ra bocs\u00e1jtani egyes \u00f6tleteket.<\/p>\n\n\n\n<p>Michel saj\u00e1t bevall\u00e1sa szerint<strong> igyekezett szigor\u00fa fegyelmet tartani, hogy az egyeztet\u00e9seken a h\u00e1rom f\u0151 t\u00e9m\u00e1ra f\u00f3kusz\u00e1ljanak \u2013 a helyre\u00e1ll\u00edt\u00e1si alap m\u00e9ret\u00e9re, a k\u00f6lcs\u00f6n\u00f6k \u00e9s a t\u00e1mogat\u00e1sok eloszl\u00e1s\u00e1ra, valamint az ir\u00e1ny\u00edt\u00e1si mechanizmusra <\/strong>\u2013, \u00e9s hogy k\u00fcl\u00f6n mederbe ir\u00e1ny\u00edtsa a vitatott jog\u00e1llamis\u00e1gi krit\u00e9riummal kapcsolatos t\u00e1rgyal\u00e1sokat.<\/p>\n\n\n\n<p>Az egyeztet\u00e9sek egy pontj\u00e1n a jog\u00e1llamis\u00e1gr\u00f3l sz\u00f3l\u00f3 k\u00e9rd\u00e9seket az eln\u00f6k kiszervezte egy csoportnak, amelyben a r\u00e9sztvev\u0151k k\u00f6z\u00fcl ott volt p\u00e9ld\u00e1ul a magyar minisztereln\u00f6k, Orb\u00e1n Viktor, tov\u00e1bb\u00e1 a lett minisztereln\u00f6k Kri\u0161j\u0101nis Kari\u0146\u0161 is, aki a t\u00e9ma szak\u00e9rt\u0151j\u00e9v\u00e9 v\u00e1lt eur\u00f3pai parlamenti k\u00e9pvisel\u0151s\u00e9ge sor\u00e1n.<\/p>\n\n\n\n<p>Id\u0151nk\u00e9nt \u00fagy t\u0171nt, hogy megrekednek, vagy kudarcba is fulladnak a t\u00e1rgyal\u00e1sok. <\/p>\n\n\n\n<p>Az els\u0151 holtpontra \u00e9rt nap ut\u00e1n Michel szombat reggel egy \u00faj javaslatot terjesztett el\u0151 \u00edr\u00e1sban, EU-s zsargonnal \u00e9lve egy t\u00e1rgyal\u00e1si keretet; \u00edgy pr\u00f3b\u00e1lt lend\u00fcletet adni a proced\u00far\u00e1nak.<\/p>\n\n\n\n<figure class=\"wp-block-image size-large\"><img loading=\"lazy\" decoding=\"async\" width=\"1024\" height=\"683\" src=\"https:\/\/bizalmikor.hu\/blog\/wp-content\/uploads\/2020\/08\/716BB802-1251-AD49-8C2B-CBDD8005D722-1024x683-1.jpg\" alt=\"\" class=\"wp-image-3618\" srcset=\"https:\/\/bizalmikor.hu\/blog\/wp-content\/uploads\/2020\/08\/716BB802-1251-AD49-8C2B-CBDD8005D722-1024x683-1.jpg 1024w, https:\/\/bizalmikor.hu\/blog\/wp-content\/uploads\/2020\/08\/716BB802-1251-AD49-8C2B-CBDD8005D722-1024x683-1-300x200.jpg 300w, https:\/\/bizalmikor.hu\/blog\/wp-content\/uploads\/2020\/08\/716BB802-1251-AD49-8C2B-CBDD8005D722-1024x683-1-768x512.jpg 768w\" sizes=\"(max-width: 1024px) 100vw, 1024px\" \/><figcaption>Michel az Eur\u00f3pai Bizotts\u00e1g eln\u00f6k\u00e9vel, Ursula von der Leyennel, a francia eln\u00f6kkel, Emmanuel Macronnal \u00e9s a n\u00e9met kancell\u00e1rral, Angela Merkellel egy megbesz\u00e9l\u00e9s sor\u00e1n | Eur\u00f3pai Tan\u00e1cs<\/figcaption><\/figure>\n\n\n\n<p>Vas\u00e1rnap reggelre, miut\u00e1n Macron t\u00e1voz\u00e1ssal fenyeget\u0151z\u00f6tt, Michel \u00faj meg\u00e1llapod\u00e1si szerkezettel t\u00e9rt vissza.<\/p>\n\n\n\n<blockquote class=\"wp-block-quote is-style-large is-layout-flow wp-block-quote-is-layout-flow\"><p>\u201eNem hiszem, hogy viccelt\u201d \u2013 reflekt\u00e1lt Michel Macron fenyeget\u00e9s\u00e9re. \u201eNem hiszem, hogy csak bl\u00f6ff\u00f6lni pr\u00f3b\u00e1lt\u201d.<\/p><\/blockquote>\n\n\n\n<p>Michel \u00fagy \u00e9rezte, hogy a szombat este \u201efontos pillanat volt.\u201d Eg\u00e9sz \u00e9jjel telefon\u00e1lt, azt\u00e1n egy \u00faj tervvel \u00e1llt el\u0151.<\/p>\n\n\n\n<p>Vas\u00e1rnap este azonban, amikor t\u00e9nyleg eldurvultak a dolgok, <strong>Michel ism\u00e9t visszatartott egy \u00edg\u00e9rt \u00edr\u00e1sos m\u00f3dos\u00edt\u00e1st, arra figyelmeztetve a vezet\u0151ket, hogy \u00e9rtelmetlen lenne el\u0151venni, ha nem siker\u00fcl kimozdulni a helyre\u00e1ll\u00edt\u00e1si alap m\u00e9rete, valamint a benne foglalt vissza nem t\u00e9r\u00edtend\u0151 t\u00e1mogat\u00e1sok m\u00e9rt\u00e9ke miatt kialakult patthelyzetb\u0151l<\/strong>. Helyette meglebegtetett n\u00e9h\u00e1ny megvitathat\u00f3 \u00f6tletet, an\u00e9lk\u00fcl, hogy b\u00e1rmilyen \u00fajdons\u00e1got pap\u00edrra vetettek volna.<\/p>\n\n\n\n<p>A cikk folytat\u00e1sa <a href=\"https:\/\/bizalmikor.hu\/blog\/2020\/08\/11\/charles-michel-a-koltsegvetesi-megallapodas-es-a-negyszemkozti-erkelybeszelgetesek-muveszete-ii-resz\/?utm_source=blog&amp;utm_medium=referral&amp;utm_campaign=&amp;utm_content=politico\">itt olvashat\u00f3.<\/a><\/p>\n\n\n\n<p>Forr\u00e1s: <a href=\"https:\/\/www.politico.eu\/article\/charles-michel-the-mff-budget-deal-and-the-art-of-the-terrace-tete-a-tete\">https:\/\/www.politico.eu\/article\/charles-michel-the-mff-budget-deal-and-the-art-of-the-terrace-tete-a-tete<\/a><\/p>\n\n\n\n<h1 class=\"has-text-align-center wp-block-heading\">Szeretn\u00e9l megismerkedni klubtagjainkkal? K\u00e9rj egy megh\u00edv\u00f3t!<\/h1>\n\n\n\n<div class=\"wp-block-button aligncenter\"><a class=\"wp-block-button__link has-background\" href=\"https:\/\/bizalmikor.hu\/kapcsolat\/\" style=\"background-color:#14496b\" target=\"_blank\" rel=\"noreferrer noopener\"><strong>\u00c9rdekel a Bizalmi K\u00f6r klubtags\u00e1g<\/strong><\/a><\/div>\n","protected":false},"excerpt":{"rendered":"<p>J\u00falius v\u00e9g\u00e9n, az eddigi egyik leghosszabb EU-s cs\u00facson fogadt\u00e1k el a k\u00f6vetkez\u0151 h\u00e9t \u00e9v 1,8 ezer milli\u00e1rdos k\u00f6lts\u00e9gvet\u00e9s\u00e9t \u00e9s helyre\u00e1ll\u00edt\u00e1si alapj\u00e1t. A d\u00f6nt\u00e9sben nagy szerepe volt Charles Michelnek, a Tan\u00e1cs eln\u00f6k\u00e9nek, akivel a POLITICO k\u00e9sz\u00edtett interj\u00fat.<br \/>\nEls\u0151 r\u00e9sz.<\/p>\n","protected":false},"author":4,"featured_media":3616,"comment_status":"closed","ping_status":"open","sticky":false,"template":"","format":"standard","meta":{"footnotes":""},"categories":[34,24,16],"tags":[],"yoast_head":"<!-- This site is optimized with the Yoast SEO plugin v15.4 - https:\/\/yoast.com\/wordpress\/plugins\/seo\/ -->\n<title>Charles Michel, a k\u00f6lts\u00e9gvet\u00e9si meg\u00e1llapod\u00e1s, \u00e9s a n\u00e9gyszemk\u00f6zti erk\u00e9lybesz\u00e9lget\u00e9sek m\u0171v\u00e9szete - I. r\u00e9sz<\/title>\n<meta name=\"robots\" content=\"index, follow, max-snippet:-1, max-image-preview:large, max-video-preview:-1\" \/>\n<link rel=\"canonical\" href=\"https:\/\/bizalmikor.hu\/blog\/2020\/08\/10\/charles-michel-a-koltsegvetesi-megallapodas-es-a-negyszemkozti-erkelybeszelgetesek-muveszete-i\/\" \/>\n<meta property=\"og:locale\" content=\"hu_HU\" \/>\n<meta property=\"og:type\" content=\"article\" \/>\n<meta property=\"og:title\" content=\"Charles Michel, a k\u00f6lts\u00e9gvet\u00e9si meg\u00e1llapod\u00e1s, \u00e9s a n\u00e9gyszemk\u00f6zti erk\u00e9lybesz\u00e9lget\u00e9sek m\u0171v\u00e9szete - I. r\u00e9sz\" \/>\n<meta property=\"og:description\" content=\"J\u00falius v\u00e9g\u00e9n, az eddigi egyik leghosszabb EU-s cs\u00facson fogadt\u00e1k el a k\u00f6vetkez\u0151 h\u00e9t \u00e9v 1,8 ezer milli\u00e1rdos k\u00f6lts\u00e9gvet\u00e9s\u00e9t \u00e9s helyre\u00e1ll\u00edt\u00e1si alapj\u00e1t. A d\u00f6nt\u00e9sben nagy szerepe volt Charles Michelnek, a Tan\u00e1cs eln\u00f6k\u00e9nek, akivel a POLITICO k\u00e9sz\u00edtett interj\u00fat. Els\u0151 r\u00e9sz.\" \/>\n<meta property=\"og:url\" content=\"https:\/\/bizalmikor.hu\/blog\/2020\/08\/10\/charles-michel-a-koltsegvetesi-megallapodas-es-a-negyszemkozti-erkelybeszelgetesek-muveszete-i\/\" \/>\n<meta property=\"og:site_name\" content=\"Bizalmi K\u00f6r blog\" \/>\n<meta property=\"article:publisher\" content=\"https:\/\/www.facebook.com\/bizalmikor\" \/>\n<meta property=\"article:published_time\" content=\"2020-08-10T08:14:14+00:00\" \/>\n<meta property=\"article:modified_time\" content=\"2020-08-11T12:56:28+00:00\" \/>\n<meta property=\"og:image\" content=\"https:\/\/bizalmikor.hu\/blog\/wp-content\/uploads\/2020\/08\/L7A1921-1160x773-1.jpg\" \/>\n\t<meta property=\"og:image:width\" content=\"1160\" \/>\n\t<meta property=\"og:image:height\" content=\"773\" \/>\n<meta name=\"twitter:card\" content=\"summary_large_image\" \/>\n<meta name=\"twitter:label1\" content=\"Szerz\u0151:\">\n\t<meta name=\"twitter:data1\" content=\"Kov\u00e1cs Betti\">\n\t<meta name=\"twitter:label2\" content=\"Becs\u00fclt olvas\u00e1si id\u0151\">\n\t<meta name=\"twitter:data2\" content=\"5 perc\">\n<script type=\"application\/ld+json\" class=\"yoast-schema-graph\">{\"@context\":\"https:\/\/schema.org\",\"@graph\":[{\"@type\":\"Organization\",\"@id\":\"https:\/\/bizalmikor.hu\/blog\/#organization\",\"name\":\"Bizalmi K\\u00f6r Kft.\",\"url\":\"https:\/\/bizalmikor.hu\/blog\/\",\"sameAs\":[\"https:\/\/www.facebook.com\/bizalmikor\",\"https:\/\/www.instagram.com\/bizalmikor\/\",\"https:\/\/www.linkedin.com\/company\/19165894\",\"https:\/\/www.youtube.com\/channel\/UC7fAD3QCIWeSexU5t6F3YOw?view_as=subscriber\"],\"logo\":{\"@type\":\"ImageObject\",\"@id\":\"https:\/\/bizalmikor.hu\/blog\/#logo\",\"inLanguage\":\"hu\",\"url\":\"https:\/\/bizalmikor.hu\/blog\/wp-content\/uploads\/2019\/02\/Group-2.png\",\"width\":4033,\"height\":1192,\"caption\":\"Bizalmi K\\u00f6r Kft.\"},\"image\":{\"@id\":\"https:\/\/bizalmikor.hu\/blog\/#logo\"}},{\"@type\":\"WebSite\",\"@id\":\"https:\/\/bizalmikor.hu\/blog\/#website\",\"url\":\"https:\/\/bizalmikor.hu\/blog\/\",\"name\":\"Bizalmi K\\u00f6r blog\",\"description\":\"Egynek minden neh\\u00e9z, soknak semmi sem lehetetlen.\",\"publisher\":{\"@id\":\"https:\/\/bizalmikor.hu\/blog\/#organization\"},\"potentialAction\":[{\"@type\":\"SearchAction\",\"target\":\"https:\/\/bizalmikor.hu\/blog\/?s={search_term_string}\",\"query-input\":\"required name=search_term_string\"}],\"inLanguage\":\"hu\"},{\"@type\":\"ImageObject\",\"@id\":\"https:\/\/bizalmikor.hu\/blog\/2020\/08\/10\/charles-michel-a-koltsegvetesi-megallapodas-es-a-negyszemkozti-erkelybeszelgetesek-muveszete-i\/#primaryimage\",\"inLanguage\":\"hu\",\"url\":\"https:\/\/bizalmikor.hu\/blog\/wp-content\/uploads\/2020\/08\/L7A1921-1160x773-1.jpg\",\"width\":1160,\"height\":773},{\"@type\":\"WebPage\",\"@id\":\"https:\/\/bizalmikor.hu\/blog\/2020\/08\/10\/charles-michel-a-koltsegvetesi-megallapodas-es-a-negyszemkozti-erkelybeszelgetesek-muveszete-i\/#webpage\",\"url\":\"https:\/\/bizalmikor.hu\/blog\/2020\/08\/10\/charles-michel-a-koltsegvetesi-megallapodas-es-a-negyszemkozti-erkelybeszelgetesek-muveszete-i\/\",\"name\":\"Charles Michel, a k\\u00f6lts\\u00e9gvet\\u00e9si meg\\u00e1llapod\\u00e1s, \\u00e9s a n\\u00e9gyszemk\\u00f6zti erk\\u00e9lybesz\\u00e9lget\\u00e9sek m\\u0171v\\u00e9szete - I. r\\u00e9sz\",\"isPartOf\":{\"@id\":\"https:\/\/bizalmikor.hu\/blog\/#website\"},\"primaryImageOfPage\":{\"@id\":\"https:\/\/bizalmikor.hu\/blog\/2020\/08\/10\/charles-michel-a-koltsegvetesi-megallapodas-es-a-negyszemkozti-erkelybeszelgetesek-muveszete-i\/#primaryimage\"},\"datePublished\":\"2020-08-10T08:14:14+00:00\",\"dateModified\":\"2020-08-11T12:56:28+00:00\",\"inLanguage\":\"hu\",\"potentialAction\":[{\"@type\":\"ReadAction\",\"target\":[\"https:\/\/bizalmikor.hu\/blog\/2020\/08\/10\/charles-michel-a-koltsegvetesi-megallapodas-es-a-negyszemkozti-erkelybeszelgetesek-muveszete-i\/\"]}]},{\"@type\":\"Article\",\"@id\":\"https:\/\/bizalmikor.hu\/blog\/2020\/08\/10\/charles-michel-a-koltsegvetesi-megallapodas-es-a-negyszemkozti-erkelybeszelgetesek-muveszete-i\/#article\",\"isPartOf\":{\"@id\":\"https:\/\/bizalmikor.hu\/blog\/2020\/08\/10\/charles-michel-a-koltsegvetesi-megallapodas-es-a-negyszemkozti-erkelybeszelgetesek-muveszete-i\/#webpage\"},\"author\":{\"@id\":\"https:\/\/bizalmikor.hu\/blog\/#\/schema\/person\/00e7299231a853d1516a79accc72c9e5\"},\"headline\":\"Charles Michel, a k\\u00f6lts\\u00e9gvet\\u00e9si meg\\u00e1llapod\\u00e1s, \\u00e9s a n\\u00e9gyszemk\\u00f6zti erk\\u00e9lybesz\\u00e9lget\\u00e9sek m\\u0171v\\u00e9szete &#8211; I. r\\u00e9sz\",\"datePublished\":\"2020-08-10T08:14:14+00:00\",\"dateModified\":\"2020-08-11T12:56:28+00:00\",\"mainEntityOfPage\":{\"@id\":\"https:\/\/bizalmikor.hu\/blog\/2020\/08\/10\/charles-michel-a-koltsegvetesi-megallapodas-es-a-negyszemkozti-erkelybeszelgetesek-muveszete-i\/#webpage\"},\"commentCount\":1,\"publisher\":{\"@id\":\"https:\/\/bizalmikor.hu\/blog\/#organization\"},\"image\":{\"@id\":\"https:\/\/bizalmikor.hu\/blog\/2020\/08\/10\/charles-michel-a-koltsegvetesi-megallapodas-es-a-negyszemkozti-erkelybeszelgetesek-muveszete-i\/#primaryimage\"},\"articleSection\":\"Magazin,\\u00dczleti \\u00e9rdekess\\u00e9gek,V\\u00e1llalkoz\\u00e1s\",\"inLanguage\":\"hu\"},{\"@type\":\"Person\",\"@id\":\"https:\/\/bizalmikor.hu\/blog\/#\/schema\/person\/00e7299231a853d1516a79accc72c9e5\",\"name\":\"Kov\\u00e1cs Betti\",\"image\":{\"@type\":\"ImageObject\",\"@id\":\"https:\/\/bizalmikor.hu\/blog\/#personlogo\",\"inLanguage\":\"hu\",\"url\":\"https:\/\/secure.gravatar.com\/avatar\/fd71c9c38ea56f339b6854f07e38a15d?s=96&d=mm&r=g\",\"caption\":\"Kov\\u00e1cs Betti\"}}]}<\/script>\n<!-- \/ Yoast SEO plugin. -->","_links":{"self":[{"href":"https:\/\/bizalmikor.hu\/blog\/wp-json\/wp\/v2\/posts\/3612"}],"collection":[{"href":"https:\/\/bizalmikor.hu\/blog\/wp-json\/wp\/v2\/posts"}],"about":[{"href":"https:\/\/bizalmikor.hu\/blog\/wp-json\/wp\/v2\/types\/post"}],"author":[{"embeddable":true,"href":"https:\/\/bizalmikor.hu\/blog\/wp-json\/wp\/v2\/users\/4"}],"replies":[{"embeddable":true,"href":"https:\/\/bizalmikor.hu\/blog\/wp-json\/wp\/v2\/comments?post=3612"}],"version-history":[{"count":12,"href":"https:\/\/bizalmikor.hu\/blog\/wp-json\/wp\/v2\/posts\/3612\/revisions"}],"predecessor-version":[{"id":3643,"href":"https:\/\/bizalmikor.hu\/blog\/wp-json\/wp\/v2\/posts\/3612\/revisions\/3643"}],"wp:featuredmedia":[{"embeddable":true,"href":"https:\/\/bizalmikor.hu\/blog\/wp-json\/wp\/v2\/media\/3616"}],"wp:attachment":[{"href":"https:\/\/bizalmikor.hu\/blog\/wp-json\/wp\/v2\/media?parent=3612"}],"wp:term":[{"taxonomy":"category","embeddable":true,"href":"https:\/\/bizalmikor.hu\/blog\/wp-json\/wp\/v2\/categories?post=3612"},{"taxonomy":"post_tag","embeddable":true,"href":"https:\/\/bizalmikor.hu\/blog\/wp-json\/wp\/v2\/tags?post=3612"}],"curies":[{"name":"wp","href":"https:\/\/api.w.org\/{rel}","templated":true}]}}