{"id":3613,"date":"2020-08-11T12:54:35","date_gmt":"2020-08-11T12:54:35","guid":{"rendered":"https:\/\/bizalmikor.hu\/blog\/?p=3613"},"modified":"2020-08-11T13:55:28","modified_gmt":"2020-08-11T13:55:28","slug":"charles-michel-a-koltsegvetesi-megallapodas-es-a-negyszemkozti-erkelybeszelgetesek-muveszete-ii-resz","status":"publish","type":"post","link":"https:\/\/bizalmikor.hu\/blog\/2020\/08\/11\/charles-michel-a-koltsegvetesi-megallapodas-es-a-negyszemkozti-erkelybeszelgetesek-muveszete-ii-resz\/","title":{"rendered":"Charles Michel, a k\u00f6lts\u00e9gvet\u00e9si meg\u00e1llapod\u00e1s \u00e9s a n\u00e9gyszemk\u00f6zti erk\u00e9lybesz\u00e9lget\u00e9sek m\u0171v\u00e9szete &#8211; II. r\u00e9sz"},"content":{"rendered":"\n<p><strong>J\u00falius v\u00e9g\u00e9n fogadta el az Eur\u00f3pai Tan\u00e1cs a k\u00f6vetkez\u0151 h\u00e9t \u00e9vet meghat\u00e1roz\u00f3, 1,8 ezer milli\u00e1rdos k\u00f6lts\u00e9gvet\u00e9st \u00e9s a helyre\u00e1ll\u00edt\u00e1si alapot. A t\u00e1rgyal\u00e1si folyamatot \u00e9s a meg\u00e1llapod\u00e1s megsz\u00fclet\u00e9s\u00e9t nagyban befoly\u00e1solta Charles Michel, az Eur\u00f3pai Tan\u00e1cs eln\u00f6k\u00e9nek szem\u00e9lye. A POLITICO r\u00e9szletes cikkben j\u00e1rta k\u00f6r\u00fcl a t\u00e9m\u00e1t, aminek ford\u00edt\u00e1s\u00e1t k\u00e9t r\u00e9szletben k\u00f6z\u00f6lj\u00fck.<\/strong> <strong>Az els\u0151 r\u00e9sz<a href=\"https:\/\/bizalmikor.hu\/blog\/2020\/08\/10\/charles-michel-a-koltsegvetesi-megallapodas-es-a-negyszemkozti-erkelybeszelgetesek-muveszete-i\/?utm_source=blog&amp;utm_medium=referral&amp;utm_campaign=&amp;utm_content=politico\"> itt olvashat\u00f3.<\/a><\/strong><\/p>\n\n\n\n<p>A t\u00e1rgyal\u00e1sokat figyel\u0151 egyik tisztvisel\u0151 elmond\u00e1sa szerint vas\u00e1rnap este j\u00f6tt a d\u00f6nt\u0151 \u00e1tt\u00f6r\u00e9s, amikor egy inform\u00e1lis hidegt\u00e1las vacsor\u00e1n Michel k\u00f6z\u00f6lte a vezet\u0151kkel, hogy akad\u00e1lyba \u00fctk\u00f6z\u00f6tt, ugyanis m\u00edg a t\u00e1mogat\u00e1si program p\u00e1rtol\u00f3i ragaszkodtak a legal\u00e1bb 400 milli\u00e1rd eur\u00f3hoz, a saj\u00e1t magukat takar\u00e9kosnak vall\u00f3 orsz\u00e1gok nem voltak hajland\u00f3ak 350 milli\u00e1rd eur\u00f3 f\u00f6l\u00e9 menni. <\/p>\n\n\n\n<blockquote class=\"wp-block-quote is-layout-flow wp-block-quote-is-layout-flow\"><p>\u201eV\u00e9g\u00fcl \u00f6sszeh\u00edvta az \u00fcl\u00e9st \u00e9s azt mondta \u00bbNem tudok t\u00e1rgyal\u00e1si keretet el\u0151terjeszteni \u00d6n\u00f6knek\u00ab\u201d \u2013 id\u00e9zte Michelt a tisztvisel\u0151: <strong>\u00bbVan el\u0151ttem egy javaslat, amit legal\u00e1bb 22 orsz\u00e1g t\u00e1mogat, de a t\u00f6bbiek nem, \u00edgy nem tudom \u00d6n\u00f6k el\u00e9 terjeszteni.<\/strong> Teh\u00e1t, akkor most mi legyen? Folytatjuk? Vagy lemondjam?\u00ab\u201d<\/p><\/blockquote>\n\n\n\n<p>Egy komoly besz\u00e9lget\u00e9s k\u00f6vetkezett, t\u00f6bbek k\u00f6z\u00f6tt azt tal\u00e1lgatva, hogy vajon, mik\u00e9nt reag\u00e1ln\u00e1nak a p\u00e9nz\u00fcgyi piacok egy kudarcba fulladt cs\u00facs h\u00edr\u00e9re. V\u00e9g\u00fcl felsz\u00f3lalt a sv\u00e9d minisztereln\u00f6k, Stefan L\u00f6fven, az egyik, alacsonyabb t\u00e1mogat\u00e1si \u00f6sszeget prefer\u00e1l\u00f3, takar\u00e9kos orsz\u00e1g vezet\u0151je.<\/p>\n\n\n\n<blockquote class=\"wp-block-quote is-style-large is-layout-flow wp-block-quote-is-layout-flow\"><p>\u201e\u00c9pp hossz\u00fa csend volt, azt\u00e1n L\u00f6fven azt mondta \u00bb\u00c9n amellett vagyok, hogy folytassuk a t\u00e1rgyal\u00e1sokat, \u00e9s pr\u00f3b\u00e1ljunk megold\u00e1st tal\u00e1lni\u00ab\u201d.<\/p><\/blockquote>\n\n\n\n<figure class=\"wp-block-image size-large\"><img loading=\"lazy\" decoding=\"async\" width=\"1024\" height=\"683\" src=\"https:\/\/bizalmikor.hu\/blog\/wp-content\/uploads\/2020\/08\/GettyImages-1227746550-1080x720-1-1-1024x683.jpg\" alt=\"\" class=\"wp-image-3632\" srcset=\"https:\/\/bizalmikor.hu\/blog\/wp-content\/uploads\/2020\/08\/GettyImages-1227746550-1080x720-1-1-1024x683.jpg 1024w, https:\/\/bizalmikor.hu\/blog\/wp-content\/uploads\/2020\/08\/GettyImages-1227746550-1080x720-1-1-300x200.jpg 300w, https:\/\/bizalmikor.hu\/blog\/wp-content\/uploads\/2020\/08\/GettyImages-1227746550-1080x720-1-1-768x512.jpg 768w, https:\/\/bizalmikor.hu\/blog\/wp-content\/uploads\/2020\/08\/GettyImages-1227746550-1080x720-1-1.jpg 1080w\" sizes=\"(max-width: 1024px) 100vw, 1024px\" \/><figcaption>Az Eur\u00f3pai Bizotts\u00e1g eln\u00f6ke Ursula Von Der Leyen, A Tan\u00e1cs eln\u00f6ke Charles Michel, \u00e9s az Eur\u00f3pai Parlament eln\u00f6ke David Sassoli | a fot\u00f3t k\u00e9sz\u00edtette: Fran\u00e7ois Walschaerts a Getty Imagest\u0151l<\/figcaption><\/figure>\n\n\n\n<h2 class=\"wp-block-heading\">Az egyik nemzeti tisztvisel\u0151 szint\u00e9n meger\u0151s\u00edtette ezt a besz\u00e1mol\u00f3t.<\/h2>\n\n\n\n<p>L\u00f6fven egyik sz\u00f3viv\u0151je azt mondta, a sv\u00e9d minisztereln\u00f6k akkor akart megegyez\u00e9sre jutni, ha Sv\u00e9dorsz\u00e1g \u00e9s a takar\u00e9kos orsz\u00e1gok priorit\u00e1sait is figyelembe veszik. A sz\u00f3viv\u0151 tov\u00e1bbi r\u00e9szleteket nem \u00e1rult el a t\u00e1rgyal\u00e1sok menet\u00e9r\u0151l.<\/p>\n\n\n\n<p>Michel az interj\u00fa sor\u00e1n egy vezet\u0151 felsz\u00f3lal\u00e1s\u00e1t sem id\u00e9zte.<\/p>\n\n\n\n<blockquote class=\"wp-block-quote is-layout-flow wp-block-quote-is-layout-flow\"><p>\u201e<strong>A koll\u00e9g\u00e1k k\u00f6z\u00f6tti bizalom meg\u0151rz\u00e9se szempontj\u00e1b\u00f3l fontos, hogy bizonyos dolgokat titokban tartsunk. <\/strong>Elismerem, hogy olykor kem\u00e9ny szavak is elhangzottak az asztal k\u00f6r\u00fcl, de szem\u00e9lyesked\u00e9s soha nem t\u00f6rt\u00e9nt. Ideol\u00f3gi\u00e1k fesz\u00fcltek egym\u00e1snak. Szakmai volt a vita, mivel az \u00e9rdekek k\u00fcl\u00f6nb\u00f6znek.\u201d<\/p><cite>\u2013 mondta Michel.<\/cite><\/blockquote>\n\n\n\n<h2 class=\"wp-block-heading\"><strong>Rutte \u201ev\u00f6r\u00f6s vonalai\u201d<\/strong><\/h2>\n\n\n\n<p>Michel elismerte, hogy a legkem\u00e9nyebb di\u00f3 mind k\u00f6z\u00fcl a holland minisztereln\u00f6k, \u00e9s egyben Michel tal\u00e1n legk\u00f6zelebbi bar\u00e1tja az asztaln\u00e1l, Mark Rutte volt.&nbsp;<\/p>\n\n\n\n<blockquote class=\"wp-block-quote is-layout-flow wp-block-quote-is-layout-flow\"><p>\u201eNem titok, hogy a holland minisztereln\u00f6k nagyon mark\u00e1ns \u00e1ll\u00e1spontot k\u00e9pviselt az asztaln\u00e1l\u201d <\/p><cite>\u2013 mondta Michel.<\/cite><\/blockquote>\n\n\n\n<p>A cs\u00facs el\u0151tt H\u00e1g\u00e1ban l\u00e1togatta meg Rutte-t a Tan\u00e1cs eln\u00f6ke, azonban an\u00e9lk\u00fcl t\u00e1vozott, hogy r\u00e1vette volna a holland minisztereln\u00f6k\u00f6t a lapjai felfed\u00e9s\u00e9re.<\/p>\n\n\n\n<blockquote class=\"wp-block-quote is-layout-flow wp-block-quote-is-layout-flow\"><p>\u201eNagyon fontos volt sz\u00e1momra a h\u00e1gai l\u00e1togat\u00e1s, mert meg kellett pr\u00f3b\u00e1lnom kider\u00edteni \u00e9s meg\u00e9rteni, hogy pontosan hol h\u00fazta meg a v\u00f6r\u00f6s hat\u00e1rokat Mark Rutte\u201d &#8211; mes\u00e9lte Michel hozz\u00e1t\u00e9ve, hogy gyorsan meg is k\u00e9rte az egyeztet\u00e9skor Rutte-t, hogy t\u00e1vozzon a szob\u00e1b\u00f3l a vagy f\u00e9l tucatnyi tan\u00e1csad\u00f3.<\/p><\/blockquote>\n\n\n\n<figure class=\"wp-block-image size-large\"><img loading=\"lazy\" decoding=\"async\" width=\"1024\" height=\"683\" src=\"https:\/\/bizalmikor.hu\/blog\/wp-content\/uploads\/2020\/08\/GettyImages-1227713743-1080x720-1-1024x683.jpg\" alt=\"\" class=\"wp-image-3633\" srcset=\"https:\/\/bizalmikor.hu\/blog\/wp-content\/uploads\/2020\/08\/GettyImages-1227713743-1080x720-1-1024x683.jpg 1024w, https:\/\/bizalmikor.hu\/blog\/wp-content\/uploads\/2020\/08\/GettyImages-1227713743-1080x720-1-300x200.jpg 300w, https:\/\/bizalmikor.hu\/blog\/wp-content\/uploads\/2020\/08\/GettyImages-1227713743-1080x720-1-768x512.jpg 768w, https:\/\/bizalmikor.hu\/blog\/wp-content\/uploads\/2020\/08\/GettyImages-1227713743-1080x720-1.jpg 1080w\" sizes=\"(max-width: 1024px) 100vw, 1024px\" \/><figcaption>A holland minisztereln\u00f6k, Mark Rutte, az Eur\u00f3pai Tan\u00e1cs eln\u00f6ke Charles Michel, Emmanuel Macron francia k\u00f6zt\u00e1rsas\u00e1gi eln\u00f6k \u00e9s az Eur\u00f3pai Bizotts\u00e1g eln\u00f6ke Ursula Von Der Leyen | a fot\u00f3t k\u00e9sz\u00edtette: Stephanie Lecocq a Getty Imagest\u0151l<\/figcaption><\/figure>\n\n\n\n<blockquote class=\"wp-block-quote is-layout-flow wp-block-quote-is-layout-flow\"><p>\u201eSokszor folyamodom a n\u00e9gyszemk\u00f6zti besz\u00e9lget\u00e9sek eszk\u00f6z\u00e9hez az\u00e9rt, hogy belel\u00e1thassak a m\u00e1sik f\u00e9l sz\u00edv\u00e9be, l\u00e1ssam a tekintet\u00e9t, \u00e9s hogy kitapinthassam, hogy hol is h\u00faz\u00f3dnak azok a bizonyos hat\u00e1rvonalak\u201d <\/p><cite>\u2013 mondja Michel.<\/cite><\/blockquote>\n\n\n\n<p>A besz\u00e9lget\u00e9s\u00fck sor\u00e1n, mes\u00e9li, tudat\u00e1ban volt annak, hogy Rutte kem\u00e9ny \u00e1ll\u00e1spontot fog megfogalmazni a helyre\u00e1ll\u00edt\u00e1si forr\u00e1sok foly\u00f3s\u00edt\u00e1s\u00e1nak j\u00f3v\u00e1hagy\u00e1s\u00e1t szab\u00e1lyoz\u00f3 ir\u00e1ny\u00edt\u00e1si mechanizmust illet\u0151en.<\/p>\n\n\n\n<p>Ezen t\u00fal azonban, k\u00fcl\u00f6n\u00f6sen a sz\u00e1mok tekintet\u00e9ben volt kif\u00fcrk\u00e9szhetetlen Rutte.<\/p>\n\n\n\n<blockquote class=\"wp-block-quote is-layout-flow wp-block-quote-is-layout-flow\"><p>\u201eMark Rutte nagyon tehets\u00e9ges, kem\u00e9ny t\u00e1rgyal\u00f3f\u00e9l. \u00c9s v\u00e9g\u00fcl an\u00e9lk\u00fcl kellett visszat\u00e9rnem Br\u00fcsszelbe, hogy biztosan tudtam volna, hol h\u00fazta meg az \u00f6sszeghat\u00e1rt. Az volt a benyom\u00e1som, hogy hagyott mag\u00e1nak n\u00e9mi mozg\u00e1steret, de hogy pontosan mekkor\u00e1t, abban nem voltam biztos\u201d <\/p><cite>\u2013 tette hozz\u00e1 Michel.<\/cite><\/blockquote>\n\n\n\n<p>De nem Rutte volt az egyetlen neh\u00e9z t\u00e1rgyal\u00f3f\u00e9l.<\/p>\n\n\n\n<p>\u201eNem volt az\u00e9rt ennyire egyszer\u0171\u201d \u2013 mondja Michel. \u201eIlyenkor t\u00f6bb j\u00e1tszma folyik p\u00e1rhuzamosan, mivel t\u00f6bb t\u00e9ma van egyszerre ter\u00edt\u00e9ken.\u201d<\/p>\n\n\n\n<h2 class=\"wp-block-heading\"><strong>K\u00e1osz a Tan\u00e1csban<\/strong><\/h2>\n\n\n\n<p>Febru\u00e1rban, m\u00e9g a koronav\u00edrus-kr\u00edzis el\u0151tt, az els\u0151 k\u00f6lts\u00e9gvet\u00e9si vit\u00e1nak szentelt tan\u00e1csi cs\u00facs kudarcba fulladt. <strong>Sok vezet\u0151 Michelt hib\u00e1ztatta, mert szerint\u00fck t\u00fal sok egy\u00e9ni egyeztet\u00e9st tartott, ezzel pedig megv\u00e1ratta a t\u00f6bbi vezet\u0151t, elny\u00fajtotta a t\u00e1rgyal\u00e1sokat,<\/strong> \u00e9s azt\u00e1n szinte semmilyen el\u0151rel\u00e9p\u00e9s sem t\u00f6rt\u00e9nt.<\/p>\n\n\n\n<p>M\u00e9g most is b\u0151ven akadnak kritikusai Michelnek, akik k\u00f6z\u00fcl egyesek finoman sz\u00f3lva is \u0151rj\u00edt\u0151nek tartj\u00e1k belga megk\u00f6zel\u00edt\u00e9s\u0171, kis csoportos megegyez\u00e9s \u00e9p\u00edt\u00e9si m\u00f3dszer\u00e9t. Az egyik tisztvisel\u0151 \u201ek\u00e1oszt\u201d emlegetett, arr\u00f3l panaszkodva, hogy hossz\u00fa \u00f3r\u00e1kat kellett v\u00e1rniuk feletteseikre.<\/p>\n\n\n\n<p>K\u00e9rd\u00e9s, hogy az egyezs\u00e9g v\u00e9g\u00fcl Michel kvalit\u00e1sainak, a francia \u00e9rzelmeknek, a n\u00e9met hat\u00e1rozotts\u00e1gnak, valamelyik m\u00e1sik vezet\u0151 zseni\u00e1lis megvillan\u00e1s\u00e1nak, vagy egy stabil bizotts\u00e1gi javaslatnak volt k\u00f6sz\u00f6nhet\u0151?<\/p>\n\n\n\n<p><strong>Egyesek szerint ink\u00e1bb a j\u00e1rv\u00e1nyhelyzet s\u00fcrg\u0151ss\u00e9ge, valamint Franciaorsz\u00e1g \u00e9s N\u00e9metorsz\u00e1g egys\u00e9ge \u2013 Macron \u00e9s Merkel sz\u00f6vets\u00e9ge \u2013 sarkallta a vezet\u0151ket az egyezs\u00e9g megk\u00f6t\u00e9s\u00e9re, mintsem Michel egy\u00e9ni tev\u00e9kenyked\u00e9se.<\/strong><\/p>\n\n\n\n<p><strong>\u201eFolyamatosan sz\u00fcks\u00e9ge volt a francia-n\u00e9met tengely seg\u00edts\u00e9g\u00e9re, amelyet hossz\u00fa \u00e9vek \u00f3ta el\u0151sz\u00f6r l\u00e1ttam igazi du\u00f3k\u00e9nt m\u0171k\u00f6dni\u201d \u2013 fogalmazott egy veter\u00e1n EU-s diplomata. \u201eV\u00e9lem\u00e9nyem szerint kiv\u00e1l\u00f3 munk\u00e1t v\u00e9geztek.\u201d<\/strong><\/p>\n\n\n\n<p>De az is lehet, hogy egy bizonyos b\u00fatordarab szerencs\u00e9s id\u0151pontban val\u00f3 kisz\u00e1ll\u00edt\u00e1sa j\u00e1tszott k\u00f6zponti szerepet az el\u0151z\u0151 h\u00e9tv\u00e9ge sikeres egyeztet\u00e9s\u00e9ben. Michel elmond\u00e1sa szerint egy-k\u00e9t h\u00e9ttel a cs\u00facs kezdete el\u0151tt \u00e9rkezett meg az erk\u00e9ly\u00e9re sz\u00e1nt asztal.<\/p>\n\n\n\n<p>\u201eNagyon \u00f6r\u00fcltem, hogy haszn\u00e1lhatom a teraszt\u201d \u2013 jegyezte meg Michel. \u201eNem azt mondom, hogy en\u00e9lk\u00fcl kudarcba fulladt volna a dolog, de mindenk\u00e9ppen hozz\u00e1adott valamit a l\u00e9gk\u00f6rh\u00f6z.\u201d<\/p>\n\n\n\n<p>Michel saj\u00e1t bevall\u00e1sa szerint a cs\u00facs egyik est\u00e9j\u00e9n sem aludt sokkal t\u00f6bbet egy \u00f3r\u00e1n\u00e1l; szund\u00edtott egyet, lezuhanyozott, azt\u00e1n ism\u00e9t munk\u00e1hoz l\u00e1tott. <strong>\u201eEz nem nevezhet\u0151 alv\u00e1snak\u201d<\/strong> \u2013 mondta. <strong>\u201eDe az\u00e9rt minden este volt egy-m\u00e1sf\u00e9l \u00f3r\u00e1m, amit a pihen\u00e9snek szenteltem.\u201d<\/strong><\/p>\n\n\n\n<figure class=\"wp-block-image size-large\"><img loading=\"lazy\" decoding=\"async\" width=\"1024\" height=\"683\" src=\"https:\/\/bizalmikor.hu\/blog\/wp-content\/uploads\/2020\/08\/F3ED6978-45C6-F04C-A02C-83B90B5D3781-1080x720-1-1024x683.jpg\" alt=\"\" class=\"wp-image-3634\" srcset=\"https:\/\/bizalmikor.hu\/blog\/wp-content\/uploads\/2020\/08\/F3ED6978-45C6-F04C-A02C-83B90B5D3781-1080x720-1-1024x683.jpg 1024w, https:\/\/bizalmikor.hu\/blog\/wp-content\/uploads\/2020\/08\/F3ED6978-45C6-F04C-A02C-83B90B5D3781-1080x720-1-300x200.jpg 300w, https:\/\/bizalmikor.hu\/blog\/wp-content\/uploads\/2020\/08\/F3ED6978-45C6-F04C-A02C-83B90B5D3781-1080x720-1-768x512.jpg 768w, https:\/\/bizalmikor.hu\/blog\/wp-content\/uploads\/2020\/08\/F3ED6978-45C6-F04C-A02C-83B90B5D3781-1080x720-1.jpg 1080w\" sizes=\"(max-width: 1024px) 100vw, 1024px\" \/><figcaption>Michel \u00e9s Magyarorsz\u00e1g minisztereln\u00f6ke, Orb\u00e1n Viktor | Eur\u00f3pai Tan\u00e1cs<\/figcaption><\/figure>\n\n\n\n<p>A Tan\u00e1cs eln\u00f6ke szerint a vezet\u0151k \u00e1ltal tet\u0151 al\u00e1 hozott meg\u00e1llapod\u00e1sra sorsd\u00f6nt\u0151 pillanatk\u00e9nt fognak majd tekinteni az eur\u00f3pai integr\u00e1ci\u00f3 t\u00f6rt\u00e9net\u00e9ben.<\/p>\n\n\n\n<p><strong>\u201eT\u00f6rt\u00e9nelmi d\u00f6nt\u00e9s sz\u00fcletett ebben az Eur\u00f3pai projektben\u201d <\/strong>\u2013 mondta.<\/p>\n\n\n\n<p>A teraszr\u00f3l az Eur\u00f3pai negyedet szeml\u00e9lve Michel m\u00e1r egy m\u00e1sik, szeptemberi Eur\u00f3pai Tan\u00e1cs cs\u00facstal\u00e1lkoz\u00f3t tervezgetett, hogy behozza a munk\u00e1ban a j\u00e1rv\u00e1ny \u00e1ltal elvont figyelem okozta lemarad\u00e1st.<\/p>\n\n\n\n<p>De volt-e b\u00e1rmif\u00e9le ment\u0151terv arra az esetre, ha a vezet\u0151knek nem siker\u00fcl egyezs\u00e9gre jutni a cs\u00facson? Michel, aki el\u0151tt egy egy \u00fcres Coca-Cola Zero-s \u00fcveg \u00e9s egy t\u00e1l \u00e9rintetlen s\u00fctem\u00e9ny hever az asztalon, azt mes\u00e9li, ezt a k\u00e9rd\u00e9st \u00fajra \u00e9s \u00fajra nekiszegezt\u00e9k a cs\u00facsra val\u00f3 el\u0151k\u00e9sz\u00fcletek sor\u00e1n.\u00a0 \u201e\u00c9s \u00e9n erre azt mondtam, hogy az A-terv a sikeres cs\u00facs, a B-terv pedig ugyanaz, mint az A-terv.\u201d<\/p>\n\n\n\n<p>Forr\u00e1s: <a href=\"https:\/\/www.politico.eu\/article\/charles-michel-the-mff-budget-deal-and-the-art-of-the-terrace-tete-a-tete\">https:\/\/www.politico.eu\/article\/charles-michel-the-mff-budget-deal-and-the-art-of-the-terrace-tete-a-tete<\/a><\/p>\n\n\n\n<h1 class=\"has-text-align-center wp-block-heading\">Szeretn\u00e9l megismerkedni klubtagjainkkal? K\u00e9rj egy megh\u00edv\u00f3t!<\/h1>\n\n\n\n<div class=\"wp-block-button aligncenter\"><a class=\"wp-block-button__link has-background\" href=\"https:\/\/bizalmikor.hu\/kapcsolat\/\" style=\"background-color:#14496b\" target=\"_blank\" rel=\"noreferrer noopener\"><strong>\u00c9rdekel a Bizalmi K\u00f6r klubtags\u00e1g<\/strong><\/a><\/div>\n","protected":false},"excerpt":{"rendered":"<p>J\u00falius v\u00e9g\u00e9n fogadta el az Eur\u00f3pai Tan\u00e1cs a k\u00f6vetkez\u0151 h\u00e9t \u00e9vet meghat\u00e1roz\u00f3, 1,8 ezer milli\u00e1rdos k\u00f6lts\u00e9gvet\u00e9st \u00e9s a helyre\u00e1ll\u00edt\u00e1si alapot. A t\u00e1rgyal\u00e1si folyamatot \u00e9s a meg\u00e1llapod\u00e1s megsz\u00fclet\u00e9s\u00e9t nagyban befoly\u00e1solta Charles Michel, az Eur\u00f3pai Tan\u00e1cs eln\u00f6k\u00e9nek szem\u00e9lye. A POLITICO r\u00e9szletes cikkben j\u00e1rta k\u00f6r\u00fcl a t\u00e9m\u00e1t, aminek ford\u00edt\u00e1s\u00e1t k\u00e9t r\u00e9szletben k\u00f6z\u00f6lj\u00fck. Az els\u0151 r\u00e9sz itt olvashat\u00f3. A [&hellip;]<\/p>\n","protected":false},"author":4,"featured_media":3629,"comment_status":"closed","ping_status":"open","sticky":false,"template":"","format":"standard","meta":{"footnotes":""},"categories":[24,16],"tags":[],"yoast_head":"<!-- This site is optimized with the Yoast SEO plugin v15.4 - https:\/\/yoast.com\/wordpress\/plugins\/seo\/ -->\n<title>Charles Michel, a k\u00f6lts\u00e9gvet\u00e9si meg\u00e1llapod\u00e1s \u00e9s a n\u00e9gyszemk\u00f6zti erk\u00e9lybesz\u00e9lget\u00e9sek m\u0171v\u00e9szete - II. r\u00e9sz<\/title>\n<meta name=\"robots\" content=\"index, follow, max-snippet:-1, max-image-preview:large, max-video-preview:-1\" \/>\n<link rel=\"canonical\" href=\"https:\/\/bizalmikor.hu\/blog\/2020\/08\/11\/charles-michel-a-koltsegvetesi-megallapodas-es-a-negyszemkozti-erkelybeszelgetesek-muveszete-ii-resz\/\" \/>\n<meta property=\"og:locale\" content=\"hu_HU\" \/>\n<meta property=\"og:type\" content=\"article\" \/>\n<meta property=\"og:title\" content=\"Charles Michel, a k\u00f6lts\u00e9gvet\u00e9si meg\u00e1llapod\u00e1s \u00e9s a n\u00e9gyszemk\u00f6zti erk\u00e9lybesz\u00e9lget\u00e9sek m\u0171v\u00e9szete - II. r\u00e9sz\" \/>\n<meta property=\"og:description\" content=\"J\u00falius v\u00e9g\u00e9n fogadta el az Eur\u00f3pai Tan\u00e1cs a k\u00f6vetkez\u0151 h\u00e9t \u00e9vet meghat\u00e1roz\u00f3, 1,8 ezer milli\u00e1rdos k\u00f6lts\u00e9gvet\u00e9st \u00e9s a helyre\u00e1ll\u00edt\u00e1si alapot. A t\u00e1rgyal\u00e1si folyamatot \u00e9s a meg\u00e1llapod\u00e1s megsz\u00fclet\u00e9s\u00e9t nagyban befoly\u00e1solta Charles Michel, az Eur\u00f3pai Tan\u00e1cs eln\u00f6k\u00e9nek szem\u00e9lye. A POLITICO r\u00e9szletes cikkben j\u00e1rta k\u00f6r\u00fcl a t\u00e9m\u00e1t, aminek ford\u00edt\u00e1s\u00e1t k\u00e9t r\u00e9szletben k\u00f6z\u00f6lj\u00fck. Az els\u0151 r\u00e9sz itt olvashat\u00f3. A [&hellip;]\" \/>\n<meta property=\"og:url\" content=\"https:\/\/bizalmikor.hu\/blog\/2020\/08\/11\/charles-michel-a-koltsegvetesi-megallapodas-es-a-negyszemkozti-erkelybeszelgetesek-muveszete-ii-resz\/\" \/>\n<meta property=\"og:site_name\" content=\"Bizalmi K\u00f6r blog\" \/>\n<meta property=\"article:publisher\" content=\"https:\/\/www.facebook.com\/bizalmikor\" \/>\n<meta property=\"article:published_time\" content=\"2020-08-11T12:54:35+00:00\" \/>\n<meta property=\"article:modified_time\" content=\"2020-08-11T13:55:28+00:00\" \/>\n<meta property=\"og:image\" content=\"https:\/\/bizalmikor.hu\/blog\/wp-content\/uploads\/2020\/08\/716BB802-1251-AD49-8C2B-CBDD8005D722-1080x720-1.jpg\" \/>\n\t<meta property=\"og:image:width\" content=\"1080\" \/>\n\t<meta property=\"og:image:height\" content=\"720\" \/>\n<meta name=\"twitter:card\" content=\"summary_large_image\" \/>\n<meta name=\"twitter:label1\" content=\"Szerz\u0151:\">\n\t<meta name=\"twitter:data1\" content=\"Kov\u00e1cs Betti\">\n\t<meta name=\"twitter:label2\" content=\"Becs\u00fclt olvas\u00e1si id\u0151\">\n\t<meta name=\"twitter:data2\" content=\"6 perc\">\n<script type=\"application\/ld+json\" class=\"yoast-schema-graph\">{\"@context\":\"https:\/\/schema.org\",\"@graph\":[{\"@type\":\"Organization\",\"@id\":\"https:\/\/bizalmikor.hu\/blog\/#organization\",\"name\":\"Bizalmi K\\u00f6r Kft.\",\"url\":\"https:\/\/bizalmikor.hu\/blog\/\",\"sameAs\":[\"https:\/\/www.facebook.com\/bizalmikor\",\"https:\/\/www.instagram.com\/bizalmikor\/\",\"https:\/\/www.linkedin.com\/company\/19165894\",\"https:\/\/www.youtube.com\/channel\/UC7fAD3QCIWeSexU5t6F3YOw?view_as=subscriber\"],\"logo\":{\"@type\":\"ImageObject\",\"@id\":\"https:\/\/bizalmikor.hu\/blog\/#logo\",\"inLanguage\":\"hu\",\"url\":\"https:\/\/bizalmikor.hu\/blog\/wp-content\/uploads\/2019\/02\/Group-2.png\",\"width\":4033,\"height\":1192,\"caption\":\"Bizalmi K\\u00f6r Kft.\"},\"image\":{\"@id\":\"https:\/\/bizalmikor.hu\/blog\/#logo\"}},{\"@type\":\"WebSite\",\"@id\":\"https:\/\/bizalmikor.hu\/blog\/#website\",\"url\":\"https:\/\/bizalmikor.hu\/blog\/\",\"name\":\"Bizalmi K\\u00f6r blog\",\"description\":\"Egynek minden neh\\u00e9z, soknak semmi sem lehetetlen.\",\"publisher\":{\"@id\":\"https:\/\/bizalmikor.hu\/blog\/#organization\"},\"potentialAction\":[{\"@type\":\"SearchAction\",\"target\":\"https:\/\/bizalmikor.hu\/blog\/?s={search_term_string}\",\"query-input\":\"required name=search_term_string\"}],\"inLanguage\":\"hu\"},{\"@type\":\"ImageObject\",\"@id\":\"https:\/\/bizalmikor.hu\/blog\/2020\/08\/11\/charles-michel-a-koltsegvetesi-megallapodas-es-a-negyszemkozti-erkelybeszelgetesek-muveszete-ii-resz\/#primaryimage\",\"inLanguage\":\"hu\",\"url\":\"https:\/\/bizalmikor.hu\/blog\/wp-content\/uploads\/2020\/08\/716BB802-1251-AD49-8C2B-CBDD8005D722-1080x720-1.jpg\",\"width\":1080,\"height\":720},{\"@type\":\"WebPage\",\"@id\":\"https:\/\/bizalmikor.hu\/blog\/2020\/08\/11\/charles-michel-a-koltsegvetesi-megallapodas-es-a-negyszemkozti-erkelybeszelgetesek-muveszete-ii-resz\/#webpage\",\"url\":\"https:\/\/bizalmikor.hu\/blog\/2020\/08\/11\/charles-michel-a-koltsegvetesi-megallapodas-es-a-negyszemkozti-erkelybeszelgetesek-muveszete-ii-resz\/\",\"name\":\"Charles Michel, a k\\u00f6lts\\u00e9gvet\\u00e9si meg\\u00e1llapod\\u00e1s \\u00e9s a n\\u00e9gyszemk\\u00f6zti erk\\u00e9lybesz\\u00e9lget\\u00e9sek m\\u0171v\\u00e9szete - II. r\\u00e9sz\",\"isPartOf\":{\"@id\":\"https:\/\/bizalmikor.hu\/blog\/#website\"},\"primaryImageOfPage\":{\"@id\":\"https:\/\/bizalmikor.hu\/blog\/2020\/08\/11\/charles-michel-a-koltsegvetesi-megallapodas-es-a-negyszemkozti-erkelybeszelgetesek-muveszete-ii-resz\/#primaryimage\"},\"datePublished\":\"2020-08-11T12:54:35+00:00\",\"dateModified\":\"2020-08-11T13:55:28+00:00\",\"inLanguage\":\"hu\",\"potentialAction\":[{\"@type\":\"ReadAction\",\"target\":[\"https:\/\/bizalmikor.hu\/blog\/2020\/08\/11\/charles-michel-a-koltsegvetesi-megallapodas-es-a-negyszemkozti-erkelybeszelgetesek-muveszete-ii-resz\/\"]}]},{\"@type\":\"Article\",\"@id\":\"https:\/\/bizalmikor.hu\/blog\/2020\/08\/11\/charles-michel-a-koltsegvetesi-megallapodas-es-a-negyszemkozti-erkelybeszelgetesek-muveszete-ii-resz\/#article\",\"isPartOf\":{\"@id\":\"https:\/\/bizalmikor.hu\/blog\/2020\/08\/11\/charles-michel-a-koltsegvetesi-megallapodas-es-a-negyszemkozti-erkelybeszelgetesek-muveszete-ii-resz\/#webpage\"},\"author\":{\"@id\":\"https:\/\/bizalmikor.hu\/blog\/#\/schema\/person\/00e7299231a853d1516a79accc72c9e5\"},\"headline\":\"Charles Michel, a k\\u00f6lts\\u00e9gvet\\u00e9si meg\\u00e1llapod\\u00e1s \\u00e9s a n\\u00e9gyszemk\\u00f6zti erk\\u00e9lybesz\\u00e9lget\\u00e9sek m\\u0171v\\u00e9szete &#8211; II. r\\u00e9sz\",\"datePublished\":\"2020-08-11T12:54:35+00:00\",\"dateModified\":\"2020-08-11T13:55:28+00:00\",\"mainEntityOfPage\":{\"@id\":\"https:\/\/bizalmikor.hu\/blog\/2020\/08\/11\/charles-michel-a-koltsegvetesi-megallapodas-es-a-negyszemkozti-erkelybeszelgetesek-muveszete-ii-resz\/#webpage\"},\"publisher\":{\"@id\":\"https:\/\/bizalmikor.hu\/blog\/#organization\"},\"image\":{\"@id\":\"https:\/\/bizalmikor.hu\/blog\/2020\/08\/11\/charles-michel-a-koltsegvetesi-megallapodas-es-a-negyszemkozti-erkelybeszelgetesek-muveszete-ii-resz\/#primaryimage\"},\"articleSection\":\"\\u00dczleti \\u00e9rdekess\\u00e9gek,V\\u00e1llalkoz\\u00e1s\",\"inLanguage\":\"hu\"},{\"@type\":\"Person\",\"@id\":\"https:\/\/bizalmikor.hu\/blog\/#\/schema\/person\/00e7299231a853d1516a79accc72c9e5\",\"name\":\"Kov\\u00e1cs Betti\",\"image\":{\"@type\":\"ImageObject\",\"@id\":\"https:\/\/bizalmikor.hu\/blog\/#personlogo\",\"inLanguage\":\"hu\",\"url\":\"https:\/\/secure.gravatar.com\/avatar\/fd71c9c38ea56f339b6854f07e38a15d?s=96&d=mm&r=g\",\"caption\":\"Kov\\u00e1cs Betti\"}}]}<\/script>\n<!-- \/ Yoast SEO plugin. -->","_links":{"self":[{"href":"https:\/\/bizalmikor.hu\/blog\/wp-json\/wp\/v2\/posts\/3613"}],"collection":[{"href":"https:\/\/bizalmikor.hu\/blog\/wp-json\/wp\/v2\/posts"}],"about":[{"href":"https:\/\/bizalmikor.hu\/blog\/wp-json\/wp\/v2\/types\/post"}],"author":[{"embeddable":true,"href":"https:\/\/bizalmikor.hu\/blog\/wp-json\/wp\/v2\/users\/4"}],"replies":[{"embeddable":true,"href":"https:\/\/bizalmikor.hu\/blog\/wp-json\/wp\/v2\/comments?post=3613"}],"version-history":[{"count":6,"href":"https:\/\/bizalmikor.hu\/blog\/wp-json\/wp\/v2\/posts\/3613\/revisions"}],"predecessor-version":[{"id":3644,"href":"https:\/\/bizalmikor.hu\/blog\/wp-json\/wp\/v2\/posts\/3613\/revisions\/3644"}],"wp:featuredmedia":[{"embeddable":true,"href":"https:\/\/bizalmikor.hu\/blog\/wp-json\/wp\/v2\/media\/3629"}],"wp:attachment":[{"href":"https:\/\/bizalmikor.hu\/blog\/wp-json\/wp\/v2\/media?parent=3613"}],"wp:term":[{"taxonomy":"category","embeddable":true,"href":"https:\/\/bizalmikor.hu\/blog\/wp-json\/wp\/v2\/categories?post=3613"},{"taxonomy":"post_tag","embeddable":true,"href":"https:\/\/bizalmikor.hu\/blog\/wp-json\/wp\/v2\/tags?post=3613"}],"curies":[{"name":"wp","href":"https:\/\/api.w.org\/{rel}","templated":true}]}}