{"id":3650,"date":"2020-08-14T08:38:12","date_gmt":"2020-08-14T08:38:12","guid":{"rendered":"https:\/\/bizalmikor.hu\/blog\/?p=3650"},"modified":"2020-08-14T08:38:13","modified_gmt":"2020-08-14T08:38:13","slug":"a-transzparencia-noveli-a-bizalmat-nem-valami-ennel-is-jobbat-csinal","status":"publish","type":"post","link":"https:\/\/bizalmikor.hu\/blog\/2020\/08\/14\/a-transzparencia-noveli-a-bizalmat-nem-valami-ennel-is-jobbat-csinal\/","title":{"rendered":"A transzparencia n\u00f6veli a bizalmat? Nem, valami enn\u00e9l is jobbat csin\u00e1l"},"content":{"rendered":"\n<p><strong>Kor\u00e1bban azt gondoltam, hogy a transzparencia fokozza a bizalmat. Az ut\u00f3bbi h\u00f3napokban azonban eg\u00e9szen \u00faj megk\u00f6zel\u00edt\u00e9sb\u0151l kezdtem el n\u00e9zni a dolgot.<\/strong><\/p>\n\n\n\n<p>Kilenc \u00e9ve foglalkozom a bizalommal. \u00dczleti, c\u00e9gvezet\u0151i szem\u00fcvegen kereszt\u00fcl n\u00e9zem a t\u00e9m\u00e1t, mert a bizalmat az elk\u00f6vetkez\u0151 \u00e9vek valut\u00e1j\u00e1nak l\u00e1tom. Mivel \u00fagy v\u00e9ltem, a transzparencia n\u00f6veli a bizalmat, azt is gondoltam, hogy a transzparencia hi\u00e1nya n\u00f6veli a bizalmatlans\u00e1got, \u00e9s ha az \u00fczletben \u00e9s a politik\u00e1ban n\u0151ne a transzparencia, akkor n\u0151ne a bizalom is.<\/p>\n\n\n\n<p>Van egy dolog azonban, amivel nem sz\u00e1moltam:<\/p>\n\n\n\n<blockquote class=\"wp-block-quote is-style-large is-layout-flow wp-block-quote-is-layout-flow\"><p>T\u00e1rsadalmunk bizalmi szintje alapvet\u0151en alacsony.<\/p><\/blockquote>\n\n\n\n<p>Mindegy, hogy a politik\u00e1t, a civil szektort, vagy az \u00fczleti vil\u00e1got n\u00e9zem, mindenhol bizalomhi\u00e1nyt l\u00e1tok.<\/p>\n\n\n\n<blockquote class=\"wp-block-quote is-style-large is-layout-flow wp-block-quote-is-layout-flow\"><p>De ez a bizalomhi\u00e1ny egy\u00e1ltal\u00e1n nem az \u00e1tl\u00e1that\u00f3s\u00e1g hi\u00e1ny\u00e1b\u00f3l fakad.<\/p><\/blockquote>\n\n\n\n<p>Ahhoz, hogy ezt meg\u00e9rts\u00fck, k\u00e9pzelj\u00fck el egy pillanatra, hogy holnapt\u00f3l minden teljesen \u00e1tl\u00e1that\u00f3v\u00e1 v\u00e1lik. Kider\u00fclnek az egy\u00e9ni \u00e9rdekek ment\u00e9n k\u00f6t\u00f6tt alkuk, a megt\u00e9veszt\u00e9sek, a korrupci\u00f3s \u00fcgyek. Ha az alacsony bizalmi szint\u0171 t\u00e1rsadalomban n\u00f6velj\u00fck az \u00e1tl\u00e1that\u00f3s\u00e1got, az k\u00e1oszhoz vezet, ahol senki nem \u00e9rzi mag\u00e1t biztons\u00e1gban, hiszen a j\u00f3 \u00e9s a rossz dolgok egyar\u00e1nt napvil\u00e1gra ker\u00fclnek.<\/p>\n\n\n\n<h2 class=\"wp-block-heading\"><strong>A Wikip\u00e9dia szerint a bizalom az ismeretlenhez val\u00f3 magabiztos hozz\u00e1\u00e1ll\u00e1s.<\/strong><\/h2>\n\n\n\n<p>Sokszor azt hissz\u00fck, az \u201cismeretlen\u201d, a \u201ctitok\u201d a bizalom ellent\u00e9te. De mindenkinek vannak titkai.<strong> Nem ismerhet\u00fcnk mindent teljes eg\u00e9sz\u00e9ben. Be kell l\u00e1ssuk, az ismeretlen a bizalom r\u00e9sze.<\/strong><\/p>\n\n\n\n<p>A bizalom ellens\u00e9ge a megt\u00e9veszt\u00e9s. Amikor nem tudunk \u201cmagabiztosan \u00e1llni az ismeretlenhez\u201d. Az ismeretlen ugyan ismeretlen marad, de a sz\u00e1nd\u00e9kok, a hozz\u00e1\u00e1ll\u00e1s, vagy a cselekedetek bizonytalan\u00edtanak el. Val\u00f3j\u00e1ban a megt\u00e9veszt\u00e9s az, ami sz\u00e9trombolja a bizalmat.<\/p>\n\n\n\n<blockquote class=\"wp-block-quote is-style-large is-layout-flow wp-block-quote-is-layout-flow\"><p>A transzparencia nem n\u00f6veli a bizalmat, hanem megsz\u00fcnteti annak sz\u00fcks\u00e9gess\u00e9g\u00e9t.<\/p><\/blockquote>\n\n\n\n<p>Azzal, hogy az ismeretlen ismertt\u00e9 v\u00e1lik, a hozz\u00e1\u00e1ll\u00e1sunk is sz\u00fcks\u00e9gszer\u0171en magabiztos lesz. A d\u00f6nt\u00e9seink t\u00e9nyeken alapulnak, gyorsak \u00e9s egyszer\u0171ek.<\/p>\n\n\n\n<p>Az \u00fczleti \u00e9letben a transzparencia n\u00f6veked\u00e9se egy \u00faj kult\u00fara kezdet\u00e9t jelenti. <strong>Min\u00e9l t\u00f6bb ter\u00fcleten transzparens egy v\u00e1llalkoz\u00e1s m\u0171k\u00f6d\u00e9se, ann\u00e1l k\u00f6nnyebben tudnak hozz\u00e1 kapcsol\u00f3dni partnerek, hiszen m\u00e1r nincs ismeretlen, nincs bizonytalans\u00e1g.<\/strong><\/p>\n\n\n\n<h2 class=\"wp-block-heading\"><strong>\u00c9s, hogy bizalomra sz\u00fcks\u00e9g lesz-e?<\/strong><\/h2>\n\n\n\n<p>Term\u00e9szetesen, hiszen minden nem tud transzparens lenni. <strong>Egy partnerkapcsolat elej\u00e9n, amikor m\u00e9g nincs el\u00e9g inform\u00e1ci\u00f3 vagy tapasztalat, nagy sz\u00fcks\u00e9g van a bizalomra.<\/strong> Amikor nincs id\u0151 minden inform\u00e1ci\u00f3t beszerezni. Hiszen mindig lesznek ismeretlen t\u00e9nyez\u0151k. Nem l\u00e1thatunk bele a m\u00e1sik fej\u00e9be, vagy egy v\u00e1llalkoz\u00e1s legm\u00e9ly\u00e9re.<\/p>\n\n\n\n<p>A filmekben a \u201cb\u00edzz bennem\u201d kezdet\u0171 t\u00f6rt\u00e9netek ritk\u00e1n v\u00e9gz\u0151dnek j\u00f3l. C\u00e9gvezet\u0151k\u00e9nt az egyik legnagyobb lehet\u0151s\u00e9g\u00fcnk, hogy n\u00f6velj\u00fck a transzparenci\u00e1t a piacunk vagy a munkat\u00e1rsaink fel\u00e9, hogy min\u00e9l kevesebb ter\u00fcleten kelljen k\u00e9rn\u00fcnk az \u00fcgyfeleink bizalm\u00e1t.<\/p>\n\n\n\n<p>\u00c9s tegy\u00fck a dolgunkat \u00fagy, hogy ahol bizalomra van sz\u00fcks\u00e9g\u00fcnk, ott m\u00e9lt\u00f3k legy\u00fcnk r\u00e1.<\/p>\n\n\n\n<p>A cikk eredetileg a <a href=\"https:\/\/forbes.hu\/legyel-jobb\/a-transzparencia-noveli-a-bizalmat-nem-valami-ennel-is-jobbat-csinal\/\">Forbes.hu-n<\/a> jelent meg.<\/p>\n\n\n\n<div class=\"wp-block-media-text alignwide is-stacked-on-mobile\" style=\"grid-template-columns:37% auto\"><figure class=\"wp-block-media-text__media\"><img loading=\"lazy\" decoding=\"async\" width=\"1024\" height=\"819\" src=\"https:\/\/bizalmikor.hu\/blog\/wp-content\/uploads\/2020\/08\/bizalmikor-7108676_pp-1024x819.jpg\" alt=\"\" class=\"wp-image-3690\" srcset=\"https:\/\/bizalmikor.hu\/blog\/wp-content\/uploads\/2020\/08\/bizalmikor-7108676_pp-1024x819.jpg 1024w, https:\/\/bizalmikor.hu\/blog\/wp-content\/uploads\/2020\/08\/bizalmikor-7108676_pp-300x240.jpg 300w, https:\/\/bizalmikor.hu\/blog\/wp-content\/uploads\/2020\/08\/bizalmikor-7108676_pp-768x614.jpg 768w, https:\/\/bizalmikor.hu\/blog\/wp-content\/uploads\/2020\/08\/bizalmikor-7108676_pp-1536x1229.jpg 1536w, https:\/\/bizalmikor.hu\/blog\/wp-content\/uploads\/2020\/08\/bizalmikor-7108676_pp-2048x1638.jpg 2048w\" sizes=\"(max-width: 1024px) 100vw, 1024px\" \/><\/figure><div class=\"wp-block-media-text__content\">\n<h2 class=\"wp-block-heading\">Gangel P\u00e9ter<\/h2>\n\n\n\n<p><a href=\"https:\/\/bizalmikor.hu\">Bizalmi K\u00f6r<\/a>, alap\u00edt\u00f3<br><a href=\"https:\/\/bixindex.hu\">BIX<\/a>, \u00fcgyvezet\u0151<\/p>\n<\/div><\/div>\n\n\n\n<hr class=\"wp-block-separator\"\/>\n\n\n\n<h1 class=\"has-text-align-center wp-block-heading\">Szeretn\u00e9l megismerkedni klubtagjainkkal? K\u00e9rj egy megh\u00edv\u00f3t!<\/h1>\n\n\n\n<div class=\"wp-block-button aligncenter\"><a class=\"wp-block-button__link has-background\" href=\"https:\/\/bizalmikor.hu\/kapcsolat\/\" style=\"background-color:#14496b\" target=\"_blank\" rel=\"noreferrer noopener\"><strong>\u00c9rdekel a Bizalmi K\u00f6r klubtags\u00e1g<\/strong><\/a><\/div>\n","protected":false},"excerpt":{"rendered":"<p>A transzparencia er\u0151s\u00edti a bizalmat? Vagy \u00e9rdemes lenne eg\u00e9szen m\u00e1shogy megk\u00f6zel\u00edteni? Gangel P\u00e9ter a bizalom \u00e9s transzparencia kapcsol\u00f3d\u00e1s\u00e1r\u00f3l \u00edrt.<\/p>\n","protected":false},"author":4,"featured_media":3689,"comment_status":"closed","ping_status":"open","sticky":false,"template":"","format":"standard","meta":{"footnotes":""},"categories":[24,16],"tags":[],"yoast_head":"<!-- This site is optimized with the Yoast SEO plugin v15.4 - https:\/\/yoast.com\/wordpress\/plugins\/seo\/ -->\n<title>A transzparencia n\u00f6veli a bizalmat? Nem, valami enn\u00e9l is jobbat csin\u00e1l<\/title>\n<meta name=\"robots\" content=\"index, follow, max-snippet:-1, max-image-preview:large, max-video-preview:-1\" \/>\n<link rel=\"canonical\" href=\"https:\/\/bizalmikor.hu\/blog\/2020\/08\/14\/a-transzparencia-noveli-a-bizalmat-nem-valami-ennel-is-jobbat-csinal\/\" \/>\n<meta property=\"og:locale\" content=\"hu_HU\" \/>\n<meta property=\"og:type\" content=\"article\" \/>\n<meta property=\"og:title\" content=\"A transzparencia n\u00f6veli a bizalmat? Nem, valami enn\u00e9l is jobbat csin\u00e1l\" \/>\n<meta property=\"og:description\" content=\"A transzparencia er\u0151s\u00edti a bizalmat? Vagy \u00e9rdemes lenne eg\u00e9szen m\u00e1shogy megk\u00f6zel\u00edteni? Gangel P\u00e9ter a bizalom \u00e9s transzparencia kapcsol\u00f3d\u00e1s\u00e1r\u00f3l \u00edrt.\" \/>\n<meta property=\"og:url\" content=\"https:\/\/bizalmikor.hu\/blog\/2020\/08\/14\/a-transzparencia-noveli-a-bizalmat-nem-valami-ennel-is-jobbat-csinal\/\" \/>\n<meta property=\"og:site_name\" content=\"Bizalmi K\u00f6r blog\" \/>\n<meta property=\"article:publisher\" content=\"https:\/\/www.facebook.com\/bizalmikor\" \/>\n<meta property=\"article:published_time\" content=\"2020-08-14T08:38:12+00:00\" \/>\n<meta property=\"article:modified_time\" content=\"2020-08-14T08:38:13+00:00\" \/>\n<meta property=\"og:image\" content=\"https:\/\/bizalmikor.hu\/blog\/wp-content\/uploads\/2020\/08\/chris-liverani-9cd8qOgeNIY-unsplash-scaled.jpg\" \/>\n\t<meta property=\"og:image:width\" content=\"2560\" \/>\n\t<meta property=\"og:image:height\" content=\"1658\" \/>\n<meta name=\"twitter:card\" content=\"summary_large_image\" \/>\n<meta name=\"twitter:label1\" content=\"Szerz\u0151:\">\n\t<meta name=\"twitter:data1\" content=\"Kov\u00e1cs Betti\">\n\t<meta name=\"twitter:label2\" content=\"Becs\u00fclt olvas\u00e1si id\u0151\">\n\t<meta name=\"twitter:data2\" content=\"2 perc\">\n<script type=\"application\/ld+json\" class=\"yoast-schema-graph\">{\"@context\":\"https:\/\/schema.org\",\"@graph\":[{\"@type\":\"Organization\",\"@id\":\"https:\/\/bizalmikor.hu\/blog\/#organization\",\"name\":\"Bizalmi K\\u00f6r Kft.\",\"url\":\"https:\/\/bizalmikor.hu\/blog\/\",\"sameAs\":[\"https:\/\/www.facebook.com\/bizalmikor\",\"https:\/\/www.instagram.com\/bizalmikor\/\",\"https:\/\/www.linkedin.com\/company\/19165894\",\"https:\/\/www.youtube.com\/channel\/UC7fAD3QCIWeSexU5t6F3YOw?view_as=subscriber\"],\"logo\":{\"@type\":\"ImageObject\",\"@id\":\"https:\/\/bizalmikor.hu\/blog\/#logo\",\"inLanguage\":\"hu\",\"url\":\"https:\/\/bizalmikor.hu\/blog\/wp-content\/uploads\/2019\/02\/Group-2.png\",\"width\":4033,\"height\":1192,\"caption\":\"Bizalmi K\\u00f6r Kft.\"},\"image\":{\"@id\":\"https:\/\/bizalmikor.hu\/blog\/#logo\"}},{\"@type\":\"WebSite\",\"@id\":\"https:\/\/bizalmikor.hu\/blog\/#website\",\"url\":\"https:\/\/bizalmikor.hu\/blog\/\",\"name\":\"Bizalmi K\\u00f6r blog\",\"description\":\"Egynek minden neh\\u00e9z, soknak semmi sem lehetetlen.\",\"publisher\":{\"@id\":\"https:\/\/bizalmikor.hu\/blog\/#organization\"},\"potentialAction\":[{\"@type\":\"SearchAction\",\"target\":\"https:\/\/bizalmikor.hu\/blog\/?s={search_term_string}\",\"query-input\":\"required name=search_term_string\"}],\"inLanguage\":\"hu\"},{\"@type\":\"ImageObject\",\"@id\":\"https:\/\/bizalmikor.hu\/blog\/2020\/08\/14\/a-transzparencia-noveli-a-bizalmat-nem-valami-ennel-is-jobbat-csinal\/#primaryimage\",\"inLanguage\":\"hu\",\"url\":\"https:\/\/bizalmikor.hu\/blog\/wp-content\/uploads\/2020\/08\/chris-liverani-9cd8qOgeNIY-unsplash-scaled.jpg\",\"width\":2560,\"height\":1658},{\"@type\":\"WebPage\",\"@id\":\"https:\/\/bizalmikor.hu\/blog\/2020\/08\/14\/a-transzparencia-noveli-a-bizalmat-nem-valami-ennel-is-jobbat-csinal\/#webpage\",\"url\":\"https:\/\/bizalmikor.hu\/blog\/2020\/08\/14\/a-transzparencia-noveli-a-bizalmat-nem-valami-ennel-is-jobbat-csinal\/\",\"name\":\"A transzparencia n\\u00f6veli a bizalmat? Nem, valami enn\\u00e9l is jobbat csin\\u00e1l\",\"isPartOf\":{\"@id\":\"https:\/\/bizalmikor.hu\/blog\/#website\"},\"primaryImageOfPage\":{\"@id\":\"https:\/\/bizalmikor.hu\/blog\/2020\/08\/14\/a-transzparencia-noveli-a-bizalmat-nem-valami-ennel-is-jobbat-csinal\/#primaryimage\"},\"datePublished\":\"2020-08-14T08:38:12+00:00\",\"dateModified\":\"2020-08-14T08:38:13+00:00\",\"inLanguage\":\"hu\",\"potentialAction\":[{\"@type\":\"ReadAction\",\"target\":[\"https:\/\/bizalmikor.hu\/blog\/2020\/08\/14\/a-transzparencia-noveli-a-bizalmat-nem-valami-ennel-is-jobbat-csinal\/\"]}]},{\"@type\":\"Article\",\"@id\":\"https:\/\/bizalmikor.hu\/blog\/2020\/08\/14\/a-transzparencia-noveli-a-bizalmat-nem-valami-ennel-is-jobbat-csinal\/#article\",\"isPartOf\":{\"@id\":\"https:\/\/bizalmikor.hu\/blog\/2020\/08\/14\/a-transzparencia-noveli-a-bizalmat-nem-valami-ennel-is-jobbat-csinal\/#webpage\"},\"author\":{\"@id\":\"https:\/\/bizalmikor.hu\/blog\/#\/schema\/person\/00e7299231a853d1516a79accc72c9e5\"},\"headline\":\"A transzparencia n\\u00f6veli a bizalmat? Nem, valami enn\\u00e9l is jobbat csin\\u00e1l\",\"datePublished\":\"2020-08-14T08:38:12+00:00\",\"dateModified\":\"2020-08-14T08:38:13+00:00\",\"mainEntityOfPage\":{\"@id\":\"https:\/\/bizalmikor.hu\/blog\/2020\/08\/14\/a-transzparencia-noveli-a-bizalmat-nem-valami-ennel-is-jobbat-csinal\/#webpage\"},\"publisher\":{\"@id\":\"https:\/\/bizalmikor.hu\/blog\/#organization\"},\"image\":{\"@id\":\"https:\/\/bizalmikor.hu\/blog\/2020\/08\/14\/a-transzparencia-noveli-a-bizalmat-nem-valami-ennel-is-jobbat-csinal\/#primaryimage\"},\"articleSection\":\"\\u00dczleti \\u00e9rdekess\\u00e9gek,V\\u00e1llalkoz\\u00e1s\",\"inLanguage\":\"hu\"},{\"@type\":\"Person\",\"@id\":\"https:\/\/bizalmikor.hu\/blog\/#\/schema\/person\/00e7299231a853d1516a79accc72c9e5\",\"name\":\"Kov\\u00e1cs Betti\",\"image\":{\"@type\":\"ImageObject\",\"@id\":\"https:\/\/bizalmikor.hu\/blog\/#personlogo\",\"inLanguage\":\"hu\",\"url\":\"https:\/\/secure.gravatar.com\/avatar\/fd71c9c38ea56f339b6854f07e38a15d?s=96&d=mm&r=g\",\"caption\":\"Kov\\u00e1cs Betti\"}}]}<\/script>\n<!-- \/ Yoast SEO plugin. -->","_links":{"self":[{"href":"https:\/\/bizalmikor.hu\/blog\/wp-json\/wp\/v2\/posts\/3650"}],"collection":[{"href":"https:\/\/bizalmikor.hu\/blog\/wp-json\/wp\/v2\/posts"}],"about":[{"href":"https:\/\/bizalmikor.hu\/blog\/wp-json\/wp\/v2\/types\/post"}],"author":[{"embeddable":true,"href":"https:\/\/bizalmikor.hu\/blog\/wp-json\/wp\/v2\/users\/4"}],"replies":[{"embeddable":true,"href":"https:\/\/bizalmikor.hu\/blog\/wp-json\/wp\/v2\/comments?post=3650"}],"version-history":[{"count":4,"href":"https:\/\/bizalmikor.hu\/blog\/wp-json\/wp\/v2\/posts\/3650\/revisions"}],"predecessor-version":[{"id":3693,"href":"https:\/\/bizalmikor.hu\/blog\/wp-json\/wp\/v2\/posts\/3650\/revisions\/3693"}],"wp:featuredmedia":[{"embeddable":true,"href":"https:\/\/bizalmikor.hu\/blog\/wp-json\/wp\/v2\/media\/3689"}],"wp:attachment":[{"href":"https:\/\/bizalmikor.hu\/blog\/wp-json\/wp\/v2\/media?parent=3650"}],"wp:term":[{"taxonomy":"category","embeddable":true,"href":"https:\/\/bizalmikor.hu\/blog\/wp-json\/wp\/v2\/categories?post=3650"},{"taxonomy":"post_tag","embeddable":true,"href":"https:\/\/bizalmikor.hu\/blog\/wp-json\/wp\/v2\/tags?post=3650"}],"curies":[{"name":"wp","href":"https:\/\/api.w.org\/{rel}","templated":true}]}}