{"id":368,"date":"2019-03-26T09:21:12","date_gmt":"2019-03-26T09:21:12","guid":{"rendered":"https:\/\/bizalmikor.hu\/blog\/?p=368"},"modified":"2020-04-07T09:36:49","modified_gmt":"2020-04-07T09:36:49","slug":"bemutatkozik-a-bizalmi-kor-500-vezetoi-klub-elnoksege","status":"publish","type":"post","link":"https:\/\/bizalmikor.hu\/blog\/2019\/03\/26\/bemutatkozik-a-bizalmi-kor-500-vezetoi-klub-elnoksege\/","title":{"rendered":"Egy\u00fctt sokkal t\u00f6bbet lesz\u00fcnk k\u00e9pesek el\u00e9rni, nagyobb \u00e9rt\u00e9ket teremthet\u00fcnk \u00e9s gyorsabban tudunk el\u0151re haladni"},"content":{"rendered":"\n<h2 class=\"wp-block-heading\">Bemutatkozik a Bizalmi K\u00f6r 500+ Vezet\u0151i Klub eln\u00f6ks\u00e9ge<\/h2>\n\n\n\n<div style=\"height:25px\" aria-hidden=\"true\" class=\"wp-block-spacer\"><\/div>\n\n\n\n<p><strong>Krn\u00e1cs P\u00e9ter<\/strong>nek, az \u00c9SK Innov\u00e1ci\u00f3s Kft. \u00fcgyvezet\u0151j\u00e9nek \u00e9s tulajdonos\u00e1nak vezet\u00e9s\u00e9vel alakult meg az idei \u00e9v janu\u00e1rj\u00e1ban a <strong><a href=\"https:\/\/bizalmikor.hu\" target=\"_blank\" rel=\"noreferrer noopener\" aria-label=\"Bizalmi K\u00f6r (\u00faj f\u00fcl\u00f6n nyitja meg)\">Bizalmi K\u00f6r<\/a> 500+ klub<\/strong>j\u00e1nak eln\u00f6ks\u00e9ge. A jelenleg 21 tagot sz\u00e1ml\u00e1l\u00f3 szervezet vezet\u00e9s\u00e9ben r\u00e9sztvev\u0151k a klubon bel\u00fcli kapcsolatok er\u0151s\u00edt\u00e9s\u00e9t t\u0171zt\u00e9k ki \u00e1ltal\u00e1nos c\u00e9lk\u00e9nt.<\/p>\n\n\n\n<p><em>\u201eA Bizalmi K\u00f6rt egy k\u00f6z\u00f6ss\u00e9gnek fogom fel, ahol nemcsak \u00fczleti szempontb\u00f3l seg\u00edtj\u00fck egym\u00e1st, hanem adott esetben szellemi \u00e9s lelki t\u00e1mogat\u00e1st is ny\u00fajtunk a besz\u00e9lget\u0151partner\u00fcnknek. Ahogy mondani szoktam, <\/em><\/p>\n\n\n\n<blockquote class=\"wp-block-quote is-layout-flow wp-block-quote-is-layout-flow\"><p><strong><em>az \u00fcgyvezet\u00e9s a legmag\u00e1nyosabb sport, ebben a k\u00f6zegben viszont k\u00f6nny\u0171 meg\u00e9rt\u0151 f\u00fclekre tal\u00e1lni.\u201d<\/em><\/strong><\/p><\/blockquote>\n\n\n\n<p> \u2013 kezdte a klub szellemis\u00e9g\u00e9nek \u00f6sszefoglal\u00e1s\u00e1t Krn\u00e1cs P\u00e9ter, a Bizalmi K\u00f6r 500+ klubj\u00e1nak eln\u00f6ke.<\/p>\n\n\n\n<div class=\"wp-block-image\"><figure class=\"alignright is-resized\"><img loading=\"lazy\" decoding=\"async\" src=\"https:\/\/bizalmikor.hu\/blog\/wp-content\/uploads\/2019\/03\/IMG_6775ok-1024x683.jpg\" alt=\"\" class=\"wp-image-405\" width=\"319\" height=\"212\"\/><figcaption>Krn\u00e1cs P\u00e9ter, eln\u00f6k<\/figcaption><\/figure><\/div>\n\n\n\n<p><em>\u201eItt \u0151szint\u00e9n megoszthatok egy probl\u00e9m\u00e1t, mindenf\u00e9le megfelel\u00e9si k\u00e9nyszer n\u00e9lk\u00fcl. Egy-egy ilyen besz\u00e9lget\u00e9s sor\u00e1n nemcsak a megold\u00e1shoz ker\u00fcl\u00f6k k\u00f6zelebb, <\/em><strong><em>az \u00e9rt\u00e9kes tan\u00e1csok mellett fel is t\u00f6lt\u0151d\u00f6m lelkileg<\/em><\/strong><em>. Kedvelem, hogy a klubtagok egyben kult\u00faremberek is, akikkel az \u00fczleti jelleg\u0171 k\u00e9rd\u00e9sek mellett egy\u00e9b t\u00e9m\u00e1kr\u00f3l is tudok besz\u00e9lgetni. Eln\u00f6kk\u00e9nt igyekszem tov\u00e1bb er\u0151s\u00edteni a klubon bel\u00fcli k\u00f6z\u00f6ss\u00e9get.&#8221; <\/em>\u2013 tette hozz\u00e1 Krn\u00e1cs P\u00e9ter.<\/p>\n\n\n\n<div style=\"height:23px\" aria-hidden=\"true\" class=\"wp-block-spacer\"><\/div>\n\n\n\n<p>Az eln\u00f6k munk\u00e1j\u00e1t <strong>\u00dcveges Ren\u00e1ta<\/strong>, a CIB Bank &#8211; \u00dajpesti Fi\u00f3kj\u00e1nak vezet\u0151je, mint bels\u0151 kapcsolatok\u00e9rt felel\u0151s eln\u00f6ks\u00e9gi tag seg\u00edti. A p\u00e9nz\u00fcgyi ter\u00fcleten szerzett 16 \u00e9vnyi szakmai tapasztalata kiv\u00e1l\u00f3 t\u00e1ptalajt szolg\u00e1ltat ahhoz, hogy a klubban l\u00e9v\u0151 c\u00e9gvezet\u0151ket a legjobb szakmai tan\u00e1csokkal tudja ell\u00e1tni.<\/p>\n\n\n\n<p>\u201e<em>Azt gondolom, hogy a klubon bel\u00fcl sz\u00fcks\u00e9g van valakire, aki egy olyan bizalmi t\u00e9m\u00e1ban tud hat\u00e9kony seg\u00edts\u00e9get ny\u00fajtani, mint a p\u00e9nz\u00fcgyek. K\u00fcl\u00f6n \u00f6r\u00f6m a sz\u00e1momra, hogy ezt a szerepet, mint bels\u0151 kapcsolatok\u00e9rt felel\u0151s eln\u00f6ks\u00e9gi tag tudom abszolv\u00e1lni.&#8221; <\/em>\u2013 emelte ki \u00dcveges Ren\u00e1ta.<\/p>\n\n\n\n<div class=\"wp-block-image\"><figure class=\"alignright is-resized\"><img loading=\"lazy\" decoding=\"async\" src=\"https:\/\/bizalmikor.hu\/blog\/wp-content\/uploads\/2019\/03\/IMG_6762ok-1024x683.jpg\" alt=\"\" class=\"wp-image-404\" width=\"311\" height=\"207\"\/><figcaption>\u00dcveges Ren\u00e1ta, bels\u0151 kapcsolatok\u00e9rt felel\u0151s aleln\u00f6k<\/figcaption><\/figure><\/div>\n\n\n\n<blockquote class=\"wp-block-quote is-layout-flow wp-block-quote-is-layout-flow\"><p><strong><em>\u201eA klubtal\u00e1lkoz\u00f3k kiv\u00e1l\u00f3 alkalmat szolg\u00e1ltatnak arra, hogy egy kicsit jobban megismerj\u00fck egym\u00e1st. <\/em><\/strong><\/p><\/blockquote>\n\n\n\n<p><em>Ehhez mindenk\u00e9ppen <\/em><strong><em>sz\u00fcks\u00e9ges egyfajta nyitotts\u00e1g mindenki r\u00e9sz\u00e9r\u0151l.<\/em><\/strong><em> Mint bels\u0151 kapcsolatok\u00e9rt felel\u0151s szem\u00e9ly akt\u00edvan dolgozni fogok rajta, hogy kis id\u0151 m\u00falva minden egyes klubtagot j\u00f3 ismer\u0151sk\u00e9nt k\u00f6sz\u00f6nthessem.&#8221; <\/em>\u2013 fogalmazta meg szem\u00e9lyes c\u00e9lkit\u0171z\u00e9s\u00e9t \u00dcveges Ren\u00e1ta.<\/p>\n\n\n\n<div style=\"height:23px\" aria-hidden=\"true\" class=\"wp-block-spacer\"><\/div>\n\n\n\n<p>A Bizalmi K\u00f6r 500+ klubj\u00e1nak k\u00fcls\u0151 kapcsolatok\u00e9rt felel\u0151s eln\u00f6ks\u00e9gi tagjak\u00e9nt <strong>Dr. Beny\u00f3 Zolt\u00e1n<\/strong>, a BestLed Kft. \u00fcgyvezet\u0151je \u00e9s tulajdonosa igyekszik t\u00e1mogatni az eln\u00f6k munk\u00e1j\u00e1t.<\/p>\n\n\n\n<p><em>\u201eHiszek abban, hogy ha mint elt\u00e9r\u0151 ter\u00fcletr\u0151l \u00e9rkez\u0151 \u00e9s m\u00e1s-m\u00e1s szakmai tapasztalattal rendelkez\u0151 szem\u00e9lyek \u00f6sszefogunk, akkor <\/em><\/p>\n\n\n\n<blockquote class=\"wp-block-quote is-layout-flow wp-block-quote-is-layout-flow\"><p><strong><em>egy\u00fctt sokkal t\u00f6bbet lesz\u00fcnk k\u00e9pesek el\u00e9rni, nagyobb \u00e9rt\u00e9ket teremthet\u00fcnk \u00e9s gyorsabban tudunk el\u0151re haladni.<\/em><\/strong><\/p><\/blockquote>\n\n\n\n<p> \u2013 hangs\u00falyozta az egy\u00fcttm\u0171k\u00f6d\u00e9s fontoss\u00e1g\u00e1t Dr. Beny\u00f3 Zolt\u00e1n.<\/p>\n\n\n\n<div class=\"wp-block-image\"><figure class=\"alignright is-resized\"><img loading=\"lazy\" decoding=\"async\" src=\"https:\/\/bizalmikor.hu\/blog\/wp-content\/uploads\/2019\/03\/IMG_6759ok-1024x683.jpg\" alt=\"\" class=\"wp-image-403\" width=\"305\" height=\"203\"\/><figcaption>Dr. Beny\u00f3 Zolt\u00e1n, k\u00fcls\u0151 kapcsolatok\u00e9rt felel\u0151s aleln\u00f6k<\/figcaption><\/figure><\/div>\n\n\n\n<p><em>\u201eOlyan szem\u00e9lyek csatlakoz\u00e1s\u00e1t v\u00e1rom a klubba, akiknek <\/em><strong><em>a tags\u00e1ggal c\u00e9ljaik vannak, illetve kell\u0151 nyitotts\u00e1ggal viseltetnek a k\u00f6z\u00f6ss\u00e9g fel\u00e9<\/em><\/strong><em>. Emellett fontosnak tartom a hiteless\u00e9get is, hogyha megbesz\u00e9l\u00fcnk valamit, akkor ahhoz mindk\u00e9t f\u00e9l tartja mag\u00e1t.&#8221; <\/em>\u2013 tette hozz\u00e1 Dr. Beny\u00f3 Zolt\u00e1n.<\/p>\n\n\n\n<p>Az \u00fajonnan alakult eln\u00f6ks\u00e9g egy \u00e9vre sz\u00f3l\u00f3 mand\u00e1tum\u00e1nak f\u0151 f\u00f3kuszak\u00e9nt a Bizalmi K\u00f6r szellemis\u00e9g\u00e9nek er\u0151s\u00edt\u00e9s\u00e9t hat\u00e1rozta meg. Ehhez kapcsol\u00f3d\u00f3an szorgalmazni fogj\u00e1k, hogy a tagok tal\u00e1lkozzanak \u00e9s kapcsol\u00f3djanak egym\u00e1ssal, \u00e9s term\u00e9szetesen \u00e9rezz\u00e9k j\u00f3l magukat a klubon bel\u00fcl.<\/p>\n\n\n\n<div style=\"height:26px\" aria-hidden=\"true\" class=\"wp-block-spacer\"><\/div>\n\n\n\n<h2 class=\"wp-block-heading\"><strong>A Bizalmi K\u00f6r 500+ Vezet\u0151i Klub eln\u00f6ks\u00e9ge<\/strong><\/h2>\n\n\n\n<div style=\"height:22px\" aria-hidden=\"true\" class=\"wp-block-spacer\"><\/div>\n\n\n\n<h4 class=\"wp-block-heading\"><strong>Krn\u00e1cs P\u00e9ter \u2013 eln\u00f6k<\/strong><\/h4>\n\n\n\n<div class=\"wp-block-image\"><figure class=\"alignleft is-resized\"><img loading=\"lazy\" decoding=\"async\" src=\"https:\/\/bizalmikor.hu\/blog\/wp-content\/uploads\/2019\/03\/Krnacs_Peter-e1553678819706-1024x1024.jpg\" alt=\"\" class=\"wp-image-375\" width=\"339\" height=\"339\"\/><figcaption>Krn\u00e1cs P\u00e9ter, eln\u00f6k<\/figcaption><\/figure><\/div>\n\n\n\n<p><a href=\"http:\/\/epiteszem.hu\/\" target=\"_blank\" rel=\"noreferrer noopener\" aria-label=\"\u00c9SK Innov\u00e1ci\u00f3s Kft. (\u00faj f\u00fcl\u00f6n nyitja meg)\">\u00c9SK Innov\u00e1ci\u00f3s Kft.<\/a>, \u00fcgyvezet\u0151, tulajdonos<\/p>\n\n\n\n<p>Az \u00e9p\u00edt\u00e9sz v\u00e9gzetts\u00e9g\u0171 szakember \u00e1ltal ir\u00e1ny\u00edtott \u00c9SK Innov\u00e1ci\u00f3s Kft. tev\u00e9kenys\u00e9ge nem mer\u00fcl ki a teljesk\u00f6r\u0171 \u00e9p\u00edt\u0151ipari tervez\u00e9sben \u00e9s gener\u00e1ltervez\u00e9sben, a kivitelez\u00e9st is lebonyol\u00edtva bizony\u00edtj\u00e1k, hogy az \u00e1ltaluk tervezett \u00e9p\u00fcletek a tervezett k\u00f6lts\u00e9g keretb\u0151l, pontosan \u00fagy \u00e9p\u00edthet\u0151k meg, ahogyan az a terveken szerepel.<\/p>\n\n\n\n<p>Az \u00e1ltala vezetett c\u00e9g egy dinamikus fejl\u0151d\u00e9si f\u00e1zisban van, amit igyekszik a lehet\u0151 legnagyobb k\u00f6r\u00fcltekint\u00e9ssel \u00e9s hat\u00e9konys\u00e1ggal levez\u00e9nyelni. Ebben az intenz\u00edv id\u0151szakban nem sok ideje jut a pihen\u00e9sre, hiszen t\u00f6bb tucatnyi fontos probl\u00e9m\u00e1t kell megoldania napi szinten.<\/p>\n\n\n\n<p>A Bizalmi K\u00f6r m\u00e1r a t\u00e1rsas\u00e1g miatt is felt\u00f6lt\u0151d\u00e9st jelent a sz\u00e1m\u00e1ra, az 500+ klub eln\u00f6kek\u00e9nt igyekszik akt\u00edvan hozz\u00e1j\u00e1rulni a k\u00f6z\u00f6ss\u00e9g er\u0151s\u00edt\u00e9s\u00e9hez.<\/p>\n\n\n\n<div style=\"height:22px\" aria-hidden=\"true\" class=\"wp-block-spacer\"><\/div>\n\n\n\n<h4 class=\"wp-block-heading\"><strong>Dr. Beny\u00f3 Zolt\u00e1n \u2013 K\u00fcls\u0151 kapcsolatok\u00e9rt felel\u0151s eln\u00f6ks\u00e9gi tag<\/strong><\/h4>\n\n\n\n<div class=\"wp-block-image\"><figure class=\"alignleft is-resized\"><img loading=\"lazy\" decoding=\"async\" src=\"https:\/\/bizalmikor.hu\/blog\/wp-content\/uploads\/2019\/03\/Dr._Benyo\u0301_Zolta\u0301n.png\" alt=\"\" class=\"wp-image-377\" width=\"356\" height=\"363\"\/><figcaption>Dr. Beny\u00f3 Zolt\u00e1n, k\u00fcls\u0151 kapcsolatok\u00e9rt felel\u0151s aleln\u00f6k<\/figcaption><\/figure><\/div>\n\n\n\n<p><a href=\"http:\/\/bestled.hu\/\" target=\"_blank\" rel=\"noreferrer noopener\" aria-label=\"BestLed Kft. (\u00faj f\u00fcl\u00f6n nyitja meg)\">BestLed Kft.<\/a>, \u00fcgyvezet\u0151, tulajdonos<\/p>\n\n\n\n<p>Egy vil\u00e1g\u00edt\u00e1stechnikai tervez\u0151, forgalmaz\u00f3 \u00e9s kivitelez\u0151 v\u00e1llalkoz\u00e1st vezet, kor\u00e1bban pedig egy internetszolg\u00e1ltat\u00f3 c\u00e9g tulajdonosa volt. M\u0171szaki szakember, aki munk\u00e1j\u00e1ban mindig a legmagasabb min\u0151s\u00e9g el\u00e9r\u00e9s\u00e9re t\u00f6rekszik.<\/p>\n\n\n\n<p>Az \u00f6sszefog\u00e1ssal \u00e9s szakmai egy\u00fcttm\u0171k\u00f6d\u00e9ssel kapcsolatos hit\u00e9t sz\u00e1mos sikert\u00f6rt\u00e9net igazolja, ak\u00e1r a Bizalmi K\u00f6r\u00f6n bel\u00fcl is. Tenni akar\u00f3 \u00e9s nyitott szem\u00e9lyek csatlakoz\u00e1s\u00e1t v\u00e1rja a klubba, akikkel jobban megismerve egym\u00e1st sz\u00e1mos \u00faj lehet\u0151s\u00e9g is megny\u00edlhat.<\/p>\n\n\n\n<p>Szabad idej\u00e9ben igyekszik min\u00e9l t\u00f6bbet a csal\u00e1dj\u00e1val lenni, akiknek a t\u00e1rsas\u00e1g\u00e1ban kikapcsol\u00f3dhat \u00e9s felt\u00f6lt\u0151dhet.<\/p>\n\n\n\n<div style=\"height:25px\" aria-hidden=\"true\" class=\"wp-block-spacer\"><\/div>\n\n\n\n<h4 class=\"wp-block-heading\"><strong>\u00dcveges Ren\u00e1ta \u2013 Bels\u0151 kapcsolatok\u00e9rt felel\u0151s eln\u00f6ks\u00e9gi tag<\/strong><\/h4>\n\n\n\n<div class=\"wp-block-image\"><figure class=\"alignleft is-resized\"><img loading=\"lazy\" decoding=\"async\" src=\"https:\/\/bizalmikor.hu\/blog\/wp-content\/uploads\/2019\/03\/veges_Ren\u00e1ta-e1553678565892-1024x1024.jpg\" alt=\"\" class=\"wp-image-376\" width=\"375\" height=\"375\"\/><figcaption>\u00dcveges Ren\u00e1ta, bels\u0151 kapcsolatok\u00e9rt felel\u0151s aleln\u00f6k<\/figcaption><\/figure><\/div>\n\n\n\n<p><a href=\"https:\/\/www.cib.hu\/\" target=\"_blank\" rel=\"noreferrer noopener\" aria-label=\"CIB Bank - \u00dajpesti Fi\u00f3k (\u00faj f\u00fcl\u00f6n nyitja meg)\">CIB Bank &#8211; \u00dajpesti Fi\u00f3k<\/a>, fi\u00f3kvezet\u0151<\/p>\n\n\n\n<p>Tizenhat \u00e9vnyi szakmai tapasztalatot tudhat maga m\u00f6g\u00f6tt a p\u00e9nz\u00fcgyi szektorban. Tiszt\u00e1ban van vele, hogy a p\u00e9nz\u00fcgyekkel kapcsolatos k\u00e9rd\u00e9sek minden v\u00e1llalat \u00e9let\u00e9ben kiemelt fontoss\u00e1g\u00faak, ez\u00e9rt tud\u00e1s\u00e1val \u00e9s tapasztalataival sz\u00edvesen seg\u00edt a hozz\u00e1 fordul\u00f3 c\u00e9gvezet\u0151knek.<\/p>\n\n\n\n<p>Munk\u00e1j\u00e1ban \u00e9s mag\u00e1n\u00e9let\u00e9ben is a harm\u00f3ni\u00e1ra t\u00f6rekszik, fontos sz\u00e1m\u00e1ra az \u0151t k\u00f6r\u00fclvev\u0151 k\u00f6zeg \u00e9s az a pozit\u00edv energia, ami egy \u00f6sszetart\u00f3 k\u00f6z\u00f6ss\u00e9get jellemez. C\u00e9lorient\u00e1lt szem\u00e9lyk\u00e9nt egy \u00e9ven bel\u00fcl bankfi\u00f3kj\u00e1val orsz\u00e1gos szinten a TOP 3-ba ker\u00fcl\u00e9st, m\u00edg a klubon bel\u00fcl minden egyes taggal a j\u00f3 ismerets\u00e9g kialak\u00edt\u00e1s\u00e1t t\u0171zte ki maga el\u00e9.<\/p>\n\n\n\n<p>Szabadidej\u00e9ben egy eg\u00e9szen k\u00fcl\u00f6nleges hobbinak h\u00f3dol, a p\u00e1rj\u00e1val ugyanis szeretik a nagyhalas horg\u00e1szatot k\u00fcl\u00f6nleges helysz\u00edneken. Emellett egy bar\u00e1ti k\u00f6rben rendszeresen szervezett \u00f6nismereti j\u00e1t\u00e9kesten tal\u00e1l alkalmat a felt\u00f6lt\u0151d\u00e9sre.<\/p>\n\n\n\n<hr class=\"wp-block-separator\"\/>\n\n\n\n<h1 class=\"has-text-align-center wp-block-heading\">Szeretn\u00e9l megismerkedni klubtagjainkkal? K\u00e9rj egy megh\u00edv\u00f3t!<\/h1>\n\n\n\n<div class=\"wp-block-button aligncenter\"><a class=\"wp-block-button__link has-background\" href=\"https:\/\/bizalmikor.hu\/kapcsolat\/\" style=\"background-color:#14496b\" target=\"_blank\" rel=\"noreferrer noopener\"><strong>\u00c9rdekel a Bizalmi K\u00f6r klubtags\u00e1g<\/strong><\/a><\/div>\n\n\n\n<hr class=\"wp-block-separator\"\/>\n","protected":false},"excerpt":{"rendered":"<p>Bemutatkozik a Bizalmi K\u00f6r 500+ Vezet\u0151i Klub eln\u00f6ks\u00e9ge.<\/p>\n","protected":false},"author":1,"featured_media":2091,"comment_status":"open","ping_status":"open","sticky":false,"template":"","format":"standard","meta":{"footnotes":""},"categories":[16,21],"tags":[13,17,18,19,20,22],"yoast_head":"<!-- This site is optimized with the Yoast SEO plugin v15.4 - https:\/\/yoast.com\/wordpress\/plugins\/seo\/ -->\n<title>Egy\u00fctt sokkal t\u00f6bbet lesz\u00fcnk k\u00e9pesek el\u00e9rni, nagyobb \u00e9rt\u00e9ket teremthet\u00fcnk \u00e9s gyorsabban tudunk el\u0151re haladni<\/title>\n<meta name=\"robots\" content=\"index, follow, max-snippet:-1, max-image-preview:large, max-video-preview:-1\" \/>\n<link rel=\"canonical\" href=\"https:\/\/bizalmikor.hu\/blog\/2019\/03\/26\/bemutatkozik-a-bizalmi-kor-500-vezetoi-klub-elnoksege\/\" \/>\n<meta property=\"og:locale\" content=\"hu_HU\" \/>\n<meta property=\"og:type\" content=\"article\" \/>\n<meta property=\"og:title\" content=\"Egy\u00fctt sokkal t\u00f6bbet lesz\u00fcnk k\u00e9pesek el\u00e9rni, nagyobb \u00e9rt\u00e9ket teremthet\u00fcnk \u00e9s gyorsabban tudunk el\u0151re haladni\" \/>\n<meta property=\"og:description\" content=\"Bemutatkozik a Bizalmi K\u00f6r 500+ Vezet\u0151i Klub eln\u00f6ks\u00e9ge.\" \/>\n<meta property=\"og:url\" content=\"https:\/\/bizalmikor.hu\/blog\/2019\/03\/26\/bemutatkozik-a-bizalmi-kor-500-vezetoi-klub-elnoksege\/\" \/>\n<meta property=\"og:site_name\" content=\"Bizalmi K\u00f6r blog\" \/>\n<meta property=\"article:publisher\" content=\"https:\/\/www.facebook.com\/bizalmikor\" \/>\n<meta property=\"article:published_time\" content=\"2019-03-26T09:21:12+00:00\" \/>\n<meta property=\"article:modified_time\" content=\"2020-04-07T09:36:49+00:00\" \/>\n<meta property=\"og:image\" content=\"https:\/\/bizalmikor.hu\/blog\/wp-content\/uploads\/2019\/03\/Blog-h\u00e1tt\u00e9r-s\u00f6t\u00e9t-2.png\" \/>\n\t<meta property=\"og:image:width\" content=\"1045\" \/>\n\t<meta property=\"og:image:height\" content=\"528\" \/>\n<meta name=\"twitter:card\" content=\"summary_large_image\" \/>\n<meta name=\"twitter:label1\" content=\"Szerz\u0151:\">\n\t<meta name=\"twitter:data1\" content=\"Syabolcs\">\n\t<meta name=\"twitter:label2\" content=\"Becs\u00fclt olvas\u00e1si id\u0151\">\n\t<meta name=\"twitter:data2\" content=\"5 perc\">\n<script type=\"application\/ld+json\" class=\"yoast-schema-graph\">{\"@context\":\"https:\/\/schema.org\",\"@graph\":[{\"@type\":\"Organization\",\"@id\":\"https:\/\/bizalmikor.hu\/blog\/#organization\",\"name\":\"Bizalmi K\\u00f6r Kft.\",\"url\":\"https:\/\/bizalmikor.hu\/blog\/\",\"sameAs\":[\"https:\/\/www.facebook.com\/bizalmikor\",\"https:\/\/www.instagram.com\/bizalmikor\/\",\"https:\/\/www.linkedin.com\/company\/19165894\",\"https:\/\/www.youtube.com\/channel\/UC7fAD3QCIWeSexU5t6F3YOw?view_as=subscriber\"],\"logo\":{\"@type\":\"ImageObject\",\"@id\":\"https:\/\/bizalmikor.hu\/blog\/#logo\",\"inLanguage\":\"hu\",\"url\":\"https:\/\/bizalmikor.hu\/blog\/wp-content\/uploads\/2019\/02\/Group-2.png\",\"width\":4033,\"height\":1192,\"caption\":\"Bizalmi K\\u00f6r Kft.\"},\"image\":{\"@id\":\"https:\/\/bizalmikor.hu\/blog\/#logo\"}},{\"@type\":\"WebSite\",\"@id\":\"https:\/\/bizalmikor.hu\/blog\/#website\",\"url\":\"https:\/\/bizalmikor.hu\/blog\/\",\"name\":\"Bizalmi K\\u00f6r blog\",\"description\":\"Egynek minden neh\\u00e9z, soknak semmi sem lehetetlen.\",\"publisher\":{\"@id\":\"https:\/\/bizalmikor.hu\/blog\/#organization\"},\"potentialAction\":[{\"@type\":\"SearchAction\",\"target\":\"https:\/\/bizalmikor.hu\/blog\/?s={search_term_string}\",\"query-input\":\"required name=search_term_string\"}],\"inLanguage\":\"hu\"},{\"@type\":\"ImageObject\",\"@id\":\"https:\/\/bizalmikor.hu\/blog\/2019\/03\/26\/bemutatkozik-a-bizalmi-kor-500-vezetoi-klub-elnoksege\/#primaryimage\",\"inLanguage\":\"hu\",\"url\":\"https:\/\/bizalmikor.hu\/blog\/wp-content\/uploads\/2019\/03\/Blog-h\\u00e1tt\\u00e9r-s\\u00f6t\\u00e9t-2.png\",\"width\":1045,\"height\":528},{\"@type\":\"WebPage\",\"@id\":\"https:\/\/bizalmikor.hu\/blog\/2019\/03\/26\/bemutatkozik-a-bizalmi-kor-500-vezetoi-klub-elnoksege\/#webpage\",\"url\":\"https:\/\/bizalmikor.hu\/blog\/2019\/03\/26\/bemutatkozik-a-bizalmi-kor-500-vezetoi-klub-elnoksege\/\",\"name\":\"Egy\\u00fctt sokkal t\\u00f6bbet lesz\\u00fcnk k\\u00e9pesek el\\u00e9rni, nagyobb \\u00e9rt\\u00e9ket teremthet\\u00fcnk \\u00e9s gyorsabban tudunk el\\u0151re haladni\",\"isPartOf\":{\"@id\":\"https:\/\/bizalmikor.hu\/blog\/#website\"},\"primaryImageOfPage\":{\"@id\":\"https:\/\/bizalmikor.hu\/blog\/2019\/03\/26\/bemutatkozik-a-bizalmi-kor-500-vezetoi-klub-elnoksege\/#primaryimage\"},\"datePublished\":\"2019-03-26T09:21:12+00:00\",\"dateModified\":\"2020-04-07T09:36:49+00:00\",\"inLanguage\":\"hu\",\"potentialAction\":[{\"@type\":\"ReadAction\",\"target\":[\"https:\/\/bizalmikor.hu\/blog\/2019\/03\/26\/bemutatkozik-a-bizalmi-kor-500-vezetoi-klub-elnoksege\/\"]}]},{\"@type\":\"Article\",\"@id\":\"https:\/\/bizalmikor.hu\/blog\/2019\/03\/26\/bemutatkozik-a-bizalmi-kor-500-vezetoi-klub-elnoksege\/#article\",\"isPartOf\":{\"@id\":\"https:\/\/bizalmikor.hu\/blog\/2019\/03\/26\/bemutatkozik-a-bizalmi-kor-500-vezetoi-klub-elnoksege\/#webpage\"},\"author\":{\"@id\":\"https:\/\/bizalmikor.hu\/blog\/#\/schema\/person\/859f22708daa3d571ea76934a3e7f8f0\"},\"headline\":\"Egy\\u00fctt sokkal t\\u00f6bbet lesz\\u00fcnk k\\u00e9pesek el\\u00e9rni, nagyobb \\u00e9rt\\u00e9ket teremthet\\u00fcnk \\u00e9s gyorsabban tudunk el\\u0151re haladni\",\"datePublished\":\"2019-03-26T09:21:12+00:00\",\"dateModified\":\"2020-04-07T09:36:49+00:00\",\"mainEntityOfPage\":{\"@id\":\"https:\/\/bizalmikor.hu\/blog\/2019\/03\/26\/bemutatkozik-a-bizalmi-kor-500-vezetoi-klub-elnoksege\/#webpage\"},\"commentCount\":0,\"publisher\":{\"@id\":\"https:\/\/bizalmikor.hu\/blog\/#organization\"},\"image\":{\"@id\":\"https:\/\/bizalmikor.hu\/blog\/2019\/03\/26\/bemutatkozik-a-bizalmi-kor-500-vezetoi-klub-elnoksege\/#primaryimage\"},\"keywords\":\"c\\u00e9gvezet\\u00e9s,networking,\\u00fczleti kapcsolat,\\u00fczleti klub,v\\u00e1llalkoz\\u00e1s,vezet\\u0151i klub\",\"articleSection\":\"V\\u00e1llalkoz\\u00e1s,Vezet\\u0151i klub\",\"inLanguage\":\"hu\",\"potentialAction\":[{\"@type\":\"CommentAction\",\"name\":\"Comment\",\"target\":[\"https:\/\/bizalmikor.hu\/blog\/2019\/03\/26\/bemutatkozik-a-bizalmi-kor-500-vezetoi-klub-elnoksege\/#respond\"]}]},{\"@type\":\"Person\",\"@id\":\"https:\/\/bizalmikor.hu\/blog\/#\/schema\/person\/859f22708daa3d571ea76934a3e7f8f0\",\"name\":\"Syabolcs\",\"image\":{\"@type\":\"ImageObject\",\"@id\":\"https:\/\/bizalmikor.hu\/blog\/#personlogo\",\"inLanguage\":\"hu\",\"url\":\"https:\/\/secure.gravatar.com\/avatar\/f4ca85b32c6aadd02a1bf459cf6a2cc7?s=96&d=mm&r=g\",\"caption\":\"Syabolcs\"}}]}<\/script>\n<!-- \/ Yoast SEO plugin. -->","_links":{"self":[{"href":"https:\/\/bizalmikor.hu\/blog\/wp-json\/wp\/v2\/posts\/368"}],"collection":[{"href":"https:\/\/bizalmikor.hu\/blog\/wp-json\/wp\/v2\/posts"}],"about":[{"href":"https:\/\/bizalmikor.hu\/blog\/wp-json\/wp\/v2\/types\/post"}],"author":[{"embeddable":true,"href":"https:\/\/bizalmikor.hu\/blog\/wp-json\/wp\/v2\/users\/1"}],"replies":[{"embeddable":true,"href":"https:\/\/bizalmikor.hu\/blog\/wp-json\/wp\/v2\/comments?post=368"}],"version-history":[{"count":2,"href":"https:\/\/bizalmikor.hu\/blog\/wp-json\/wp\/v2\/posts\/368\/revisions"}],"predecessor-version":[{"id":2092,"href":"https:\/\/bizalmikor.hu\/blog\/wp-json\/wp\/v2\/posts\/368\/revisions\/2092"}],"wp:featuredmedia":[{"embeddable":true,"href":"https:\/\/bizalmikor.hu\/blog\/wp-json\/wp\/v2\/media\/2091"}],"wp:attachment":[{"href":"https:\/\/bizalmikor.hu\/blog\/wp-json\/wp\/v2\/media?parent=368"}],"wp:term":[{"taxonomy":"category","embeddable":true,"href":"https:\/\/bizalmikor.hu\/blog\/wp-json\/wp\/v2\/categories?post=368"},{"taxonomy":"post_tag","embeddable":true,"href":"https:\/\/bizalmikor.hu\/blog\/wp-json\/wp\/v2\/tags?post=368"}],"curies":[{"name":"wp","href":"https:\/\/api.w.org\/{rel}","templated":true}]}}