{"id":3744,"date":"2020-08-31T07:00:00","date_gmt":"2020-08-31T07:00:00","guid":{"rendered":"https:\/\/bizalmikor.hu\/blog\/?p=3744"},"modified":"2020-08-31T13:36:00","modified_gmt":"2020-08-31T13:36:00","slug":"a-te-ceged-milyen-pontosan-tudja-megfogalmazni-kit-keres","status":"publish","type":"post","link":"https:\/\/bizalmikor.hu\/blog\/2020\/08\/31\/a-te-ceged-milyen-pontosan-tudja-megfogalmazni-kit-keres\/","title":{"rendered":"A te c\u00e9ged milyen pontosan tudja megfogalmazni, kit keres?"},"content":{"rendered":"\n<p><strong>Metics Kriszti\u00e1nnal a be\u00e9rkez\u0151 \u00f6n\u00e9letrajzokr\u00f3l \u00e9s a kiv\u00e1laszt\u00e1si folyamat hat\u00e9kony automatiz\u00e1ci\u00f3j\u00e1r\u00f3l besz\u00e9lgett\u00fcnk. Mihez kezdj\u00fcnk a rengeteg be\u00e9rkezett \u00f6n\u00e9letrajzzal? Hogyan k\u00f6nny\u00edts\u00fck meg c\u00e9g\u00fcnk \u00e9s leend\u0151 munkat\u00e1rsaink \u00e9let\u00e9t azzal, hogy megv\u00e1ltoztatjuk a toborz\u00e1s k\u00f6r\u00fcli kommunik\u00e1ci\u00f3nkat? Err\u0151l \u00e9s sok egy\u00e9b \u00e9rdekess\u00e9gr\u0151l besz\u00e9lgett\u00fcnk az <a rel=\"noreferrer noopener\" href=\"https:\/\/ijob.hu\/\" target=\"_blank\">Ijob<\/a> vezet\u0151j\u00e9vel, Metics Kriszti\u00e1nnal, aki innovat\u00edv m\u00f3don k\u00f6zel\u00edti meg a fejvad\u00e1szatot, a munkaer\u0151 k\u00f6zvet\u00edt\u00e9st.<\/strong><\/p>\n\n\n\n<p>M\u00e1rcius tizenharmadik\u00e1val megv\u00e1ltozott a piac. M\u00edg tavaly 5-10 jelentkez\u0151 \u00e9rkezett egy hirdet\u00e9sre, most ak\u00e1r t\u00f6bb sz\u00e1z emberrel is sz\u00e1molnunk kell. Teljesen m\u00e1s megoldand\u00f3 feladatokkal k\u00fczd jelenleg egy c\u00e9gvezet\u0151 ezen a t\u00e9ren is, mint a Covid-19 el\u0151tt. \u00dajfajta kih\u00edv\u00e1s p\u00e9ld\u00e1ul, hogy ezt a t\u00f6bb sz\u00e1z be\u00e9rkezett \u00f6n\u00e9letrajzot hogyan rendszerezz\u00fck, kiket h\u00edvjunk be. \u00c9rdemes \u00faj szinteket bevezetni a kiv\u00e1laszt\u00e1si folyamatba, hiszen olyasmik der\u00fclhetnek ki p\u00e9ld\u00e1ul egy telefonos interj\u00fa sor\u00e1n feltett speci\u00e1lis k\u00e9rd\u00e9sb\u0151l, minthogy a rakt\u00e1rosi poz\u00edci\u00f3ra jelentkez\u0151 nem tudja h\u00e1ny centi egy m\u00e9ter.<\/p>\n\n\n\n<figure class=\"wp-block-embed-youtube wp-block-embed is-type-video is-provider-youtube wp-embed-aspect-16-9 wp-has-aspect-ratio\"><div class=\"wp-block-embed__wrapper\">\n<iframe loading=\"lazy\" title=\"T\u00fal sok a jelentkez\u0151, mit kezdjek vele? - Metics Kriszti\u00e1n - 2020.07.29\" width=\"500\" height=\"281\" src=\"https:\/\/www.youtube.com\/embed\/hJE4SyB7ejY?feature=oembed\" frameborder=\"0\" allow=\"accelerometer; autoplay; clipboard-write; encrypted-media; gyroscope; picture-in-picture; web-share\" referrerpolicy=\"strict-origin-when-cross-origin\" allowfullscreen><\/iframe>\n<\/div><\/figure>\n\n\n\n<h2 class=\"wp-block-heading\"><strong>L\u00e1ssuk, mit tan\u00e1csol Kriszti\u00e1n!<\/strong><\/h2>\n\n\n\n<blockquote class=\"wp-block-quote is-style-large is-layout-flow wp-block-quote-is-layout-flow\"><p><em><strong>&#8220;T\u00f6bb sz\u00e1z jelentkez\u0151 \u00f6n\u00e9letrajz\u00e1nak a feldolgoz\u00e1sa, ak\u00e1r k\u00e9t h\u00e9tig is tarthat. K\u00e9rd\u00e9s, hogy adott c\u00e9gnek van-e erre ideje, forr\u00e1sa, munkat\u00e1rsa vagy szeretne innovat\u00edvabb megold\u00e1st? Ha m\u00e1r bej\u00f6tt a sok \u00f6n\u00e9letrajz neh\u00e9z m\u00e1s m\u00f3dszert tal\u00e1lni, ez\u00e9rt visszany\u00faln\u00e9k egy l\u00e9p\u00e9ssel kor\u00e1bbra: milyen pontosan fogalmazza meg a c\u00e9g, hogy kit keres?&#8221;<\/strong><\/em><\/p><\/blockquote>\n\n\n\n<p>Erre nek\u00fcnk, az Ijobn\u00e1l van egy negyven pont\u00f3l \u00e1ll\u00f3 k\u00e9rd\u0151\u00edv\u00fcnk, ami arra szolg\u00e1l, hogy a c\u00e9gek jobban tudj\u00e1k megfogalmazni kit is keresnek. Ha alkalmazz\u00e1k a k\u00e9rd\u0151\u00edv\u00fcnket, sokkal nagyobb es\u00e9lyjel \u00e9s j\u00f3val hamarabb tal\u00e1lhatj\u00e1k meg azt, akire igaz\u00e1b\u00f3l sz\u00fcks\u00e9g\u00fck van. Emellett egy automatiz\u00e1lt rendszer be\u00e9p\u00edt\u00e9se egy k\u00e9thetes sz\u0171r\u00e9si folyamatot 6-8 \u00f3r\u00e1ra k\u00e9pes r\u00f6vid\u00edteni.<\/p>\n\n\n\n<h2 class=\"wp-block-heading\"><strong>Honnan szerezhetnek a c\u00e9gek automatiz\u00e1l\u00e1st erre a folyamatra?<\/strong><\/h2>\n\n\n\n<p>T\u00f6bb megold\u00e1s is el\u00e9rhet\u0151. K\u00fcl\u00f6n\u00f6sen fontos, hogy milyen k\u00e9rd\u00e9seket tesz\u00fcnk fel, mit t\u00e1pl\u00e1lunk be az automatizmusunkba. Ha szakma vagy munkak\u00f6rspecifikusan k\u00e9rdez\u00fcnk, akkor p\u00e9ld\u00e1ul egy ter\u00fcleten, ahol sz\u00e1z jelentkez\u0151nk van, reduk\u00e1lhatjuk ezt a sz\u00e1mot h\u00fasz-haminc f\u0151re. Emellett \u00e9n mindenk\u00e9pp a telefonos interj\u00fat aj\u00e1nlom a szem\u00e9lyessel szemben. <\/p>\n\n\n\n<p>Ut\u00f3bbi eset\u00e9ben sokkal t\u00f6bb a m\u00e1z. Ha beiktatjuk ezt a telefonos k\u00f6rt a kiv\u00e1laszt\u00e1si folyamatunkba, olyan \u00e9rdekess\u00e9geket tudhatunk meg, melyek \u00fajabb k\u00f6nny\u00edt\u00e9st adnak a jel\u00f6ltek k\u00f6r\u00e9nek sz\u0171k\u00edt\u00e9s\u00e9hez. Aki pedig telefonon is meggy\u0151z\u0151 volt, csak azt h\u00edvjuk be szem\u00e9lyes besz\u00e9lget\u00e9sre.<\/p>\n\n\n\n<blockquote class=\"wp-block-quote is-style-large is-layout-flow wp-block-quote-is-layout-flow\"><p><em><strong>&#8220;Teh\u00e1t egy t\u00f6bbl\u00e9pcs\u0151s k\u00e9rd\u00e9ssorr\u00f3l, interj\u00faztat\u00e1si\/kiv\u00e1laszt\u00e1si rendszerr\u0151l besz\u00e9l\u00fcnk, ami itt nem \u00e9r v\u00e9get. Ha XY nagyon j\u00f3 jelentkez\u0151, akkor \u00e9rdemes neki mihamarabb aj\u00e1nlatot tenni, mert az ilyen jelentkez\u0151ket most m\u00e9g gyorsabban elviszik.&#8221;<\/strong><\/em><\/p><\/blockquote>\n\n\n\n<h2 class=\"wp-block-heading\"><strong>Teh\u00e1t a kiv\u00e1laszt\u00e1si k\u00f6r\u00f6ket fel kell gyors\u00edtani?<\/strong><\/h2>\n\n\n\n<p>Igen. T\u00f6bbsz\u00f6r belefutottunk m\u00e1r partnereinkkel abba a besz\u00e9lget\u00e9sbe, hogy ott van n\u00e1luk rengeteg \u00f6n\u00e9letrajz \u00e9s nem tudj\u00e1k, mihez kezdjenek vel\u00fck. Mikor r\u00e1k\u00e9rdez\u00fcnk, mikor adt\u00e1k fel a hirdet\u00e9st kider\u00fcl, hogy ak\u00e1r m\u00e1r t\u00f6bb mint egy h\u00f3napja. Ilyenkor az a helyzet, hogy aki egy h\u00f3napja igaz\u00e1n relev\u00e1ns jel\u00f6lt lett volna adott c\u00e9gnek, de nem h\u00edvt\u00e1k be, mert gy\u0171jt\u00f6gettek, az az esetek 99%-ban elkelt a piacon. Az automatiz\u00e1lt rendszer a gyors reag\u00e1l\u00e1sban is seg\u00edt. Term\u00e9szetesen a legjobbakkal \u00edgy is mindenk\u00e9pp szem\u00e9lyesen kell tal\u00e1lkoznunk.&nbsp;<\/p>\n\n\n\n<blockquote class=\"wp-block-quote is-style-large is-layout-flow wp-block-quote-is-layout-flow\"><p><em><strong>&#8220;Csak az\u00e9rt feladni egy hirdet\u00e9st, hogy majd k\u00e9t h\u00f3nap m\u00falva foglalkozunk vele, teljesen \u00e9rtelmetlen, mert a j\u00f3 szakemberek m\u00e1r nem lesznek szabadok.&#8221;<\/strong><\/em><\/p><\/blockquote>\n\n\n\n<p>A kiv\u00e1laszt\u00e1si folyamatban tov\u00e1bb haladva tal\u00e1lkozhatunk azzal a probl\u00e9m\u00e1val, hogy t\u00f6bb eg\u00e9szen kiv\u00e1l\u00f3 jel\u00f6lt\u00fcnk is akad. Ebben az esetben mi a fizetett pr\u00f3banapot aj\u00e1nljuk. Ha egyetlen poz\u00edci\u00f3r\u00f3l besz\u00e9l\u00fcnk, \u00fagy azt tan\u00e1csoln\u00e1m, vegy\u00fck fel mindk\u00e9t jel\u00f6ltet, term\u00e9szetesen korrekt\u00fcl kommunik\u00e1lva fel\u00e9j\u00fck, hogy egyfajta versenyhelyzetbe ker\u00fcltek. Itt h\u00e1rom kimenetel lehets\u00e9ges: egyik\u00fck sem felel meg, egyik\u00fck megfelel, mindketten megfelelnek, \u00e9s akit nem a meghirdetett poz\u00edci\u00f3ban szeretn\u00e9nk megtartani, annak is keres\u00fcnk valamit c\u00e9gen bel\u00fcl.&nbsp;<\/p>\n\n\n\n<h2 class=\"wp-block-heading\"><strong>Mit tehet\u00fcnk, ha a jel\u00f6lt\u00fcnknek megvan a lelkesed\u00e9se, szakmai tud\u00e1sa, de egyszer\u0171en adott munkak\u00f6rben nem \u0151 a legjobb?<\/strong><\/h2>\n\n\n\n<p>Ha m\u00e1r a c\u00e9gen bel\u00fcl van \u00e9s adott poz\u00edci\u00f3ban nem j\u00f3 akkor, ha csak tehetj\u00fck, keress\u00fcnk neki a c\u00e9gen bel\u00fcl m\u00e1sik lehet\u0151s\u00e9get. Ez a legide\u00e1lisabb megold\u00e1s. Egy r\u00e1termett szakembert k\u00e1r lenne azonnal elengedni. Term\u00e9szetesen csak akkor tartom ezt, ha adott koll\u00e9ga hajland\u00f3 alkalmazkodni, proakt\u00edv, megtesz dolgokat az\u00e9rt, hogy maradhasson. A kompromisszumok mindk\u00e9t f\u00e9l r\u00e9sz\u00e9r\u0151l k\u00edv\u00e1natosak. Ha azonban semmit nem tudunk tal\u00e1lni c\u00e9gen bel\u00fcl vagy a koll\u00e9g\u00e1nk hozz\u00e1\u00e1ll\u00e1sa nem megfelel\u0151, mindkett\u0151nk sz\u00e1m\u00e1ra az a legjobb, ha elengedj\u00fck \u00e9s hagyjuk, hogy m\u00e1sutt tal\u00e1lja meg a hely\u00e9t.<\/p>\n\n\n\n<h2 class=\"wp-block-heading\"><strong>B\u00e9rek tekintet\u00e9ben v\u00e1ltozott a tendencia?<\/strong><\/h2>\n\n\n\n<p>A piacon nagyon kis elmozdul\u00e1sok is okozhatnak \u00e1rv\u00e1ltoz\u00e1sokat. Most azt l\u00e1tjuk, hogy jelent\u0151sen t\u00f6bben jelentkeznek adott poz\u00edci\u00f3ra. Vannak, akik hajland\u00f3ak al\u00e1bbadni a b\u00e9rig\u00e9ny\u00fckb\u0151l \u00e9s vannak, akik nem. Ez f\u00fcgg az egy\u00e9n szem\u00e9lyes \u00e9let\u00e9t\u0151l, tartal\u00e9kait\u00f3l. Akik most kevesebb\u00e9rt is hajland\u00f3ak munk\u00e1ba \u00e1llni, azok eset\u00e9ben is k\u00e9rd\u00e9s, hogy ez a hajland\u00f3s\u00e1g ideiglenes-e, illetve, hogy milyen \u00e1ll\u00e1sokr\u00f3l besz\u00e9l\u00fcnk. A sl\u00e1ger poz\u00edci\u00f3kban most sem adtak al\u00e1bb az jelentkez\u0151k az ig\u00e9nyeikb\u0151l. Egy m\u00e9rn\u00f6ki vagy egy IT ter\u00fcleten nem cs\u00f6kkentek a b\u00e9rek. Ugyanakkor egy \u00e1tlagos adminisztr\u00e1tori \u00e1ll\u00e1sra egyre t\u00f6bb jelentkez\u0151 van \u00e9s egyre t\u00f6bb c\u00e9g k\u00edn\u00e1l kicsit kevesebbet.<\/p>\n\n\n\n<blockquote class=\"wp-block-quote is-style-large is-layout-flow wp-block-quote-is-layout-flow\"><p><strong><em>&#8220;Senkit nem b\u00edztatok arra, hogy a b\u00e9r legyen a meghat\u00e1roz\u00f3. Sokkal fontosabb adott ember eset\u00e9ben, hogy a b\u00e9r m\u00e9rt\u00e9ke \u00e9s az \u0151 kitartart\u00e1sa, elk\u00f6telezetts\u00e9ge adott c\u00e9g fel\u00e9 milyen ar\u00e1nyban \u00e1llnak egym\u00e1ssal.<\/em>&#8220;<\/strong><\/p><\/blockquote>\n\n\n\n<h2 class=\"wp-block-heading\"><strong>Hogy l\u00e1tod a home office jelenlegi helyzet\u00e9t?&nbsp;<\/strong><\/h2>\n\n\n\n<p>Egy\u00e9rtelm\u0171en terjed\u0151ben van. Munkav\u00e1llal\u00f3i oldalr\u00f3l kev\u00e9sb\u00e9 l\u00e1tjuk a nyom\u00e1st, kiv\u00e9ve IT ter\u00fcleten, de gyakran a c\u00e9gek maguk aj\u00e1nlj\u00e1k fel ezt a lehet\u0151s\u00e9get. Saj\u00e1t tapasztalatom alapj\u00e1n azt mondom, hogy vannak, akikn\u00e9l kifejezetten jobban m\u0171k\u00f6dik, megn\u0151 a teljes\u00edtm\u00e9ny\u00fck. \u00c9s persze akadnak, akikn\u00e9l kev\u00e9sb\u00e9. Ez szem\u00e9lyf\u00fcgg\u0151, nem lehet \u00e1ltal\u00e1nos szab\u00e1ly r\u00e1h\u00fazni.<\/p>\n\n\n\n<h2 class=\"wp-block-heading\"><strong>Hol van az a pont, ahol a munkaad\u00f3knak \u00e9rdemes\/sz\u00fcks\u00e9ges k\u00fcls\u0151 seg\u00edts\u00e9get bevonniuk?<\/strong><\/h2>\n\n\n\n<p>Amikor m\u00e1r nem jutnak egyr\u0151l a kett\u0151re. Mindig k\u00e9rd\u00e9s az is, hogy ki az, aki keres, aki a toborz\u00e1st v\u00e9gzi adott c\u00e9gen bel\u00fcl. K\u00fcl\u00f6nb\u00f6z\u0151 m\u00e9ret\u0171 c\u00e9gek eset\u00e9ben k\u00fcl\u00f6nb\u00f6z\u0151 emberek l\u00e1tj\u00e1k el ezt a feladatot a c\u00e9gvezet\u0151t\u0151l a HR-esig. N\u00e9zz\u00fck meg, van-e el\u00e9g ideje a mindenkori keres\u0151nek arra, hogy \u00e1tn\u00e9zze az \u00f6sszes be\u00e9rkezett anyagot, vagy id\u0151 h\u00edj\u00e1n csak az els\u0151 n\u00e9h\u00e1nyat futja \u00e1t \u00e9s v\u00e1llalja a kock\u00e1zatot, hogy vagy j\u00f3 embert tal\u00e1l vagy nem. Ha adott hirdet\u00e9sre \u00f6tsz\u00e1z \u00e9letrajz \u00e9rkezik, sz\u00e1zat mindenk\u00e9pp \u00e9rdemes \u00e1tn\u00e9zni.<\/p>\n\n\n\n<blockquote class=\"wp-block-quote is-style-large is-layout-flow wp-block-quote-is-layout-flow\"><p><em>&#8220;<strong>Egy ember c\u00e9gt\u0151l f\u00fcgg\u0151en \u00e1tlagosan 2,5 \u00e9vet t\u00f6lt adott munkahelyen. Nagyon nem mindegy, hogy erre az id\u0151re kit v\u00e1lasztottatok, mennyire lesz hasznos a c\u00e9gnek.<\/strong>&#8220;<\/em><\/p><\/blockquote>\n\n\n\n<p>Ha az aktu\u00e1lis kiv\u00e1laszt\u00e1sra nincs egy teljes het\u00fcnk sem, mindk\u00e9pp \u00e9rdemes kisz\u00e1molnunk, mennyibe ker\u00fcl, ha magam v\u00e9gzem, ha egy munkat\u00e1rsam, vagy ha egy profi c\u00e9get b\u00edzok meg a feladattal. Az Ijob is abban seg\u00edt, hogy a c\u00e9gnek minim\u00e1lis idej\u00e9be ker\u00fclj\u00f6n egy-egy lev\u00e1logat\u00e1s. Ha vel\u00fcnk dolgozol, m\u00e1r csak a min\u0151s\u00edtett, el\u0151interj\u00faztatott embereket kell szem\u00e9lyesen fogadnod. \u00c1tlagosan \u00f6t f\u0151t k\u00fcld\u00fcnk, de ez a sz\u00e1m mindig a c\u00e9g ig\u00e9nyeit\u0151l f\u00fcgg \u00e9s l\u00e9nyeg\u00e9ben b\u00e1rmekkor\u00e1ra n\u00f6velhet\u0151. Mivel most rengetegen keresnek \u00e1ll\u00e1st \u00e9s sokan szinte b\u00e1rmit elv\u00e1llalnak, a megfelel\u0151 lev\u00e1logat\u00e1s sz\u00fcks\u00e9gesebb, mint valaha.&nbsp;<\/p>\n\n\n\n<h3 class=\"wp-block-heading\"><strong>\u00d6sszefoglalva<\/strong><\/h3>\n\n\n\n<p><strong>\u00e1tgondolt k\u00e9rd\u00e9ssorb\u00f3l fel\u00e9p\u00edtett automatizmus ? telefonos el\u0151interj\u00fa + speci\u00e1lis k\u00e9rd\u00e9sek ? szem\u00e9lyes interj\u00fa ? pr\u00f3banap egyszer\u0171s\u00edtett foglalkoztat\u00e1ssal = a megfelel\u0151 jel\u00f6lt megtal\u00e1l\u00e1sa \u00e9s leszerz\u0151dtet\u00e9se.<\/strong><\/p>\n\n\n\n<hr class=\"wp-block-separator is-style-wide\"\/>\n\n\n\n<h1 class=\"has-text-align-center wp-block-heading\">Szeretn\u00e9l megismerkedni klubtagjainkkal? K\u00e9rj egy megh\u00edv\u00f3t!<\/h1>\n\n\n\n<div class=\"wp-block-button aligncenter\"><a class=\"wp-block-button__link has-background\" href=\"https:\/\/bizalmikor.hu\/kapcsolat\/\" style=\"background-color:#14496b\" target=\"_blank\" rel=\"noreferrer noopener\"><strong>\u00c9rdekel a Bizalmi K\u00f6r klubtags\u00e1g<\/strong><\/a><\/div>\n\n\n\n<hr class=\"wp-block-separator is-style-wide\"\/>\n","protected":false},"excerpt":{"rendered":"<p>Mihez kezdj\u00fcnk a rengeteg be\u00e9rkezett \u00f6n\u00e9letrajzzal? Hogyan k\u00f6nny\u00edts\u00fck meg c\u00e9g\u00fcnk \u00e9s leend\u0151 munkat\u00e1rsaink \u00e9let\u00e9t azzal, hogy megv\u00e1ltoztatjuk a toborz\u00e1s k\u00f6r\u00fcli kommunik\u00e1ci\u00f3nkat?<\/p>\n","protected":false},"author":3,"featured_media":3746,"comment_status":"closed","ping_status":"open","sticky":false,"template":"","format":"standard","meta":{"footnotes":""},"categories":[24,16,21],"tags":[],"yoast_head":"<!-- This site is optimized with the Yoast SEO plugin v15.4 - https:\/\/yoast.com\/wordpress\/plugins\/seo\/ -->\n<title>A te c\u00e9ged milyen pontosan tudja megfogalmazni, kit keres?<\/title>\n<meta name=\"description\" content=\"Hogyan k\u00f6nny\u00edts\u00fck meg c\u00e9g\u00fcnk \u00e9s leend\u0151 munkat\u00e1rsaink \u00e9let\u00e9t azzal, hogy megv\u00e1ltoztatjuk a toborz\u00e1s k\u00f6r\u00fcli kommunik\u00e1ci\u00f3nkat?\" \/>\n<meta name=\"robots\" content=\"index, follow, max-snippet:-1, max-image-preview:large, max-video-preview:-1\" \/>\n<link rel=\"canonical\" href=\"https:\/\/bizalmikor.hu\/blog\/2020\/08\/31\/a-te-ceged-milyen-pontosan-tudja-megfogalmazni-kit-keres\/\" \/>\n<meta property=\"og:locale\" content=\"hu_HU\" \/>\n<meta property=\"og:type\" content=\"article\" \/>\n<meta property=\"og:title\" content=\"A te c\u00e9ged milyen pontosan tudja megfogalmazni, kit keres?\" \/>\n<meta property=\"og:description\" content=\"Hogyan k\u00f6nny\u00edts\u00fck meg c\u00e9g\u00fcnk \u00e9s leend\u0151 munkat\u00e1rsaink \u00e9let\u00e9t azzal, hogy megv\u00e1ltoztatjuk a toborz\u00e1s k\u00f6r\u00fcli kommunik\u00e1ci\u00f3nkat?\" \/>\n<meta property=\"og:url\" content=\"https:\/\/bizalmikor.hu\/blog\/2020\/08\/31\/a-te-ceged-milyen-pontosan-tudja-megfogalmazni-kit-keres\/\" \/>\n<meta property=\"og:site_name\" content=\"Bizalmi K\u00f6r blog\" \/>\n<meta property=\"article:publisher\" content=\"https:\/\/www.facebook.com\/bizalmikor\" \/>\n<meta property=\"article:published_time\" content=\"2020-08-31T07:00:00+00:00\" \/>\n<meta property=\"article:modified_time\" content=\"2020-08-31T13:36:00+00:00\" \/>\n<meta property=\"og:image\" content=\"https:\/\/bizalmikor.hu\/blog\/wp-content\/uploads\/2020\/08\/15731761_1519454238084621_708182748577398067_o.jpg\" \/>\n\t<meta property=\"og:image:width\" content=\"1653\" \/>\n\t<meta property=\"og:image:height\" content=\"1653\" \/>\n<meta name=\"twitter:card\" content=\"summary_large_image\" \/>\n<meta name=\"twitter:label1\" content=\"Szerz\u0151:\">\n\t<meta name=\"twitter:data1\" content=\"Gangel P\u00e9ter\">\n\t<meta name=\"twitter:label2\" content=\"Becs\u00fclt olvas\u00e1si id\u0151\">\n\t<meta name=\"twitter:data2\" content=\"7 perc\">\n<script type=\"application\/ld+json\" class=\"yoast-schema-graph\">{\"@context\":\"https:\/\/schema.org\",\"@graph\":[{\"@type\":\"Organization\",\"@id\":\"https:\/\/bizalmikor.hu\/blog\/#organization\",\"name\":\"Bizalmi K\\u00f6r Kft.\",\"url\":\"https:\/\/bizalmikor.hu\/blog\/\",\"sameAs\":[\"https:\/\/www.facebook.com\/bizalmikor\",\"https:\/\/www.instagram.com\/bizalmikor\/\",\"https:\/\/www.linkedin.com\/company\/19165894\",\"https:\/\/www.youtube.com\/channel\/UC7fAD3QCIWeSexU5t6F3YOw?view_as=subscriber\"],\"logo\":{\"@type\":\"ImageObject\",\"@id\":\"https:\/\/bizalmikor.hu\/blog\/#logo\",\"inLanguage\":\"hu\",\"url\":\"https:\/\/bizalmikor.hu\/blog\/wp-content\/uploads\/2019\/02\/Group-2.png\",\"width\":4033,\"height\":1192,\"caption\":\"Bizalmi K\\u00f6r Kft.\"},\"image\":{\"@id\":\"https:\/\/bizalmikor.hu\/blog\/#logo\"}},{\"@type\":\"WebSite\",\"@id\":\"https:\/\/bizalmikor.hu\/blog\/#website\",\"url\":\"https:\/\/bizalmikor.hu\/blog\/\",\"name\":\"Bizalmi K\\u00f6r blog\",\"description\":\"Egynek minden neh\\u00e9z, soknak semmi sem lehetetlen.\",\"publisher\":{\"@id\":\"https:\/\/bizalmikor.hu\/blog\/#organization\"},\"potentialAction\":[{\"@type\":\"SearchAction\",\"target\":\"https:\/\/bizalmikor.hu\/blog\/?s={search_term_string}\",\"query-input\":\"required name=search_term_string\"}],\"inLanguage\":\"hu\"},{\"@type\":\"ImageObject\",\"@id\":\"https:\/\/bizalmikor.hu\/blog\/2020\/08\/31\/a-te-ceged-milyen-pontosan-tudja-megfogalmazni-kit-keres\/#primaryimage\",\"inLanguage\":\"hu\",\"url\":\"https:\/\/bizalmikor.hu\/blog\/wp-content\/uploads\/2020\/08\/15731761_1519454238084621_708182748577398067_o.jpg\",\"width\":1653,\"height\":1653},{\"@type\":\"WebPage\",\"@id\":\"https:\/\/bizalmikor.hu\/blog\/2020\/08\/31\/a-te-ceged-milyen-pontosan-tudja-megfogalmazni-kit-keres\/#webpage\",\"url\":\"https:\/\/bizalmikor.hu\/blog\/2020\/08\/31\/a-te-ceged-milyen-pontosan-tudja-megfogalmazni-kit-keres\/\",\"name\":\"A te c\\u00e9ged milyen pontosan tudja megfogalmazni, kit keres?\",\"isPartOf\":{\"@id\":\"https:\/\/bizalmikor.hu\/blog\/#website\"},\"primaryImageOfPage\":{\"@id\":\"https:\/\/bizalmikor.hu\/blog\/2020\/08\/31\/a-te-ceged-milyen-pontosan-tudja-megfogalmazni-kit-keres\/#primaryimage\"},\"datePublished\":\"2020-08-31T07:00:00+00:00\",\"dateModified\":\"2020-08-31T13:36:00+00:00\",\"description\":\"Hogyan k\\u00f6nny\\u00edts\\u00fck meg c\\u00e9g\\u00fcnk \\u00e9s leend\\u0151 munkat\\u00e1rsaink \\u00e9let\\u00e9t azzal, hogy megv\\u00e1ltoztatjuk a toborz\\u00e1s k\\u00f6r\\u00fcli kommunik\\u00e1ci\\u00f3nkat?\",\"inLanguage\":\"hu\",\"potentialAction\":[{\"@type\":\"ReadAction\",\"target\":[\"https:\/\/bizalmikor.hu\/blog\/2020\/08\/31\/a-te-ceged-milyen-pontosan-tudja-megfogalmazni-kit-keres\/\"]}]},{\"@type\":\"Article\",\"@id\":\"https:\/\/bizalmikor.hu\/blog\/2020\/08\/31\/a-te-ceged-milyen-pontosan-tudja-megfogalmazni-kit-keres\/#article\",\"isPartOf\":{\"@id\":\"https:\/\/bizalmikor.hu\/blog\/2020\/08\/31\/a-te-ceged-milyen-pontosan-tudja-megfogalmazni-kit-keres\/#webpage\"},\"author\":{\"@id\":\"https:\/\/bizalmikor.hu\/blog\/#\/schema\/person\/a89936ed381c3afa4cd7a27040dbfb07\"},\"headline\":\"A te c\\u00e9ged milyen pontosan tudja megfogalmazni, kit keres?\",\"datePublished\":\"2020-08-31T07:00:00+00:00\",\"dateModified\":\"2020-08-31T13:36:00+00:00\",\"mainEntityOfPage\":{\"@id\":\"https:\/\/bizalmikor.hu\/blog\/2020\/08\/31\/a-te-ceged-milyen-pontosan-tudja-megfogalmazni-kit-keres\/#webpage\"},\"publisher\":{\"@id\":\"https:\/\/bizalmikor.hu\/blog\/#organization\"},\"image\":{\"@id\":\"https:\/\/bizalmikor.hu\/blog\/2020\/08\/31\/a-te-ceged-milyen-pontosan-tudja-megfogalmazni-kit-keres\/#primaryimage\"},\"articleSection\":\"\\u00dczleti \\u00e9rdekess\\u00e9gek,V\\u00e1llalkoz\\u00e1s,Vezet\\u0151i klub\",\"inLanguage\":\"hu\"},{\"@type\":\"Person\",\"@id\":\"https:\/\/bizalmikor.hu\/blog\/#\/schema\/person\/a89936ed381c3afa4cd7a27040dbfb07\",\"name\":\"Gangel P\\u00e9ter\",\"image\":{\"@type\":\"ImageObject\",\"@id\":\"https:\/\/bizalmikor.hu\/blog\/#personlogo\",\"inLanguage\":\"hu\",\"url\":\"https:\/\/secure.gravatar.com\/avatar\/ee1c6e901d6b9c50c9a2204252c914b4?s=96&d=mm&r=g\",\"caption\":\"Gangel P\\u00e9ter\"}}]}<\/script>\n<!-- \/ Yoast SEO plugin. -->","_links":{"self":[{"href":"https:\/\/bizalmikor.hu\/blog\/wp-json\/wp\/v2\/posts\/3744"}],"collection":[{"href":"https:\/\/bizalmikor.hu\/blog\/wp-json\/wp\/v2\/posts"}],"about":[{"href":"https:\/\/bizalmikor.hu\/blog\/wp-json\/wp\/v2\/types\/post"}],"author":[{"embeddable":true,"href":"https:\/\/bizalmikor.hu\/blog\/wp-json\/wp\/v2\/users\/3"}],"replies":[{"embeddable":true,"href":"https:\/\/bizalmikor.hu\/blog\/wp-json\/wp\/v2\/comments?post=3744"}],"version-history":[{"count":4,"href":"https:\/\/bizalmikor.hu\/blog\/wp-json\/wp\/v2\/posts\/3744\/revisions"}],"predecessor-version":[{"id":3773,"href":"https:\/\/bizalmikor.hu\/blog\/wp-json\/wp\/v2\/posts\/3744\/revisions\/3773"}],"wp:featuredmedia":[{"embeddable":true,"href":"https:\/\/bizalmikor.hu\/blog\/wp-json\/wp\/v2\/media\/3746"}],"wp:attachment":[{"href":"https:\/\/bizalmikor.hu\/blog\/wp-json\/wp\/v2\/media?parent=3744"}],"wp:term":[{"taxonomy":"category","embeddable":true,"href":"https:\/\/bizalmikor.hu\/blog\/wp-json\/wp\/v2\/categories?post=3744"},{"taxonomy":"post_tag","embeddable":true,"href":"https:\/\/bizalmikor.hu\/blog\/wp-json\/wp\/v2\/tags?post=3744"}],"curies":[{"name":"wp","href":"https:\/\/api.w.org\/{rel}","templated":true}]}}