{"id":3752,"date":"2020-09-01T08:04:16","date_gmt":"2020-09-01T08:04:16","guid":{"rendered":"https:\/\/bizalmikor.hu\/blog\/?p=3752"},"modified":"2020-09-01T08:04:16","modified_gmt":"2020-09-01T08:04:16","slug":"minosegi-vallalatiranyitasi-rendszerek-epitese-tartos-egyuttmukodesek-keretei-kozott","status":"publish","type":"post","link":"https:\/\/bizalmikor.hu\/blog\/2020\/09\/01\/minosegi-vallalatiranyitasi-rendszerek-epitese-tartos-egyuttmukodesek-keretei-kozott\/","title":{"rendered":"Min\u0151s\u00e9gi v\u00e1llalatir\u00e1ny\u00edt\u00e1si rendszerek \u00e9p\u00edt\u00e9se \u2013  tart\u00f3s egy\u00fcttm\u0171k\u00f6d\u00e9sek keretei k\u00f6z\u00f6tt"},"content":{"rendered":"\n<p><strong>Michaletzky Andr\u00e1s, a <a rel=\"noreferrer noopener\" href=\"http:\/\/www.nextsoftware.hu:81\/\" target=\"_blank\">NEXT Software Kft.<\/a> t\u00e1rstulajdonosa nemr\u00e9giben csatlakozott a Bizalmi K\u00f6r Mastermind csoportba. A v\u00e1llalatir\u00e1ny\u00edt\u00e1si inform\u00e1ci\u00f3s rendszerek ki\u00e9p\u00edt\u00e9se jelenti a szakter\u00fclet\u00fcket, a csoporton bel\u00fcl pedig f\u0151k\u00e9nt a brand \u00e9p\u00edt\u00e9s ter\u00e9n v\u00e1r nyitottan minden \u00f6tletet \u00e9s inspir\u00e1ci\u00f3t.<\/strong><\/p>\n\n\n\n<h2 class=\"wp-block-heading\"><strong>Els\u0151k\u00e9nt \u2013 imm\u00e1ron szok\u00e1s szerint &#8211; egy r\u00f6vid c\u00e9gbemutat\u00e1st k\u00e9rt\u00fcnk Andr\u00e1st\u00f3l:<\/strong><\/h2>\n\n\n\n<p>Speci\u00e1lis \u00e9s szem\u00e9lyre szabott ERP rendszereket k\u00e9sz\u00edt\u00fcnk a partnereink sz\u00e1m\u00e1ra. A t\u00f6bbes sz\u00e1m\u00fa megfogalmaz\u00e1s sz\u00e1nd\u00e9kos, ugyanis az \u00fcgyfeleknek \u00e1tadott ERP rendszereket mindig testre is szabjuk.<\/p>\n\n\n\n<p>A standard \u00e9s stabil magon t\u00fal ugyanis teljesen m\u00e1s funkci\u00f3kra lehet sz\u00fcks\u00e9ge p\u00e9ld\u00e1ul egy gy\u00e1rt\u00f3, egy fagyasztott \u00e1rukat forgalmaz\u00f3 c\u00e9gnek, vagy \u00e9ppens\u00e9ggel egy \u00e1ruh\u00e1zl\u00e1ncnak. <strong>Mi nyitottan \u00e1llunk ezeknek az egyedi ig\u00e9nyeknek a megismer\u00e9s\u00e9hez, \u00e9s a kiszolg\u00e1l\u00e1s\u00e1hoz.<\/strong><\/p>\n\n\n\n<h2 class=\"wp-block-heading\"><strong>Andr\u00e1s kit\u00e9rt arra is, hogy alapvet\u0151en tart\u00f3s egy\u00fcttm\u0171k\u00f6d\u00e9sek kialak\u00edt\u00e1s\u00e1ra t\u00f6rekszenek az \u00fcgyfelekkel:<\/strong><\/h2>\n\n\n\n<p><strong>A hossz\u00fat\u00e1v\u00fa egy\u00fcttm\u0171k\u00f6d\u00e9sek erej\u00e9ben hisz\u00fcnk, ez\u00e9rt t\u00f6reksz\u00fcnk is a tart\u00f3s \u00fcgyf\u00e9lkapcsolatok ki\u00e9p\u00edt\u00e9s\u00e9re.<\/strong> Teh\u00e1t az ERP rendszer \u00e1tad\u00e1s\u00e1t&nbsp; k\u00f6vet\u0151en is maradunk a partner mellett.&nbsp; B\u00e1rmilyen \u00f6tlet vagy probl\u00e9ma mer\u00fcl \u00e9ppen fel, sz\u00edvesen seg\u00edt\u00fcnk a valid\u00e1l\u00e1sban, illetve a megval\u00f3s\u00edt\u00e1sban.<\/p>\n\n\n\n<p>A 2000-es \u00e9vek elej\u00e9n p\u00e9ld\u00e1ul m\u00e9g nem igaz\u00e1n volt bevett gyakorlat olyan ERP rendszereket alkalmazni, amelyekn\u00e9l online k\u00f6zpontos\u00edtott kimutat\u00e1sok lettek volna. Az akkoriban 83 fizikai bolttal m\u0171k\u00f6d\u0151 Elektro Pont-nak viszont megcsin\u00e1ltuk. \u00cdgy a k\u00f6zpontban minden egyes \u00e9rt\u00e9kes\u00edt\u00e9st l\u00e1ttak, \u00e9s automatikusan bele tudtak ny\u00falni a boltok \u00e9let\u00e9be.<\/p>\n\n\n\n<p><strong>De ugyan\u00fagy mi alkottunk rendszert az Inotal Alum\u00edniumfeldolgoz\u00f3 Zrt, illetve a WebEye Magyarorsz\u00e1g sz\u00e1m\u00e1ra.<\/strong> Az ut\u00f3bbi egy\u00fcttm\u0171k\u00f6d\u00e9s saj\u00e1toss\u00e1ga volt, hogy az Eur\u00f3pa t\u00edz orsz\u00e1g\u00e1ban jelen l\u00e9v\u0151 WebEye-nak mindenhol meg kellett oldani a sz\u00e1ml\u00e1z\u00e1st is, m\u00e9gpedig az ottani nyelven, az adott karakter k\u00e9szlettel.<\/p>\n\n\n\n<p>Emellett persze nemcsak nagyv\u00e1llalatokkal dolgozunk egy\u00fctt. Kisebb c\u00e9gek, j\u00e1t\u00e9kboltok, t\u00e1rsash\u00e1zak, illetve k\u00f6nyvel\u0151 irod\u00e1k is r\u00e9sz\u00e9t k\u00e9pezik az \u00fcgyf\u00e9lk\u00f6r\u00fcnknek.<\/p>\n\n\n\n<h2 class=\"wp-block-heading\"><strong>Andr\u00e1s\u00e9k \u00e9let\u00e9ben akad egy m\u00e1sik \u00fczlet\u00e1g is, szint\u00e9n a tart\u00f3s egy\u00fcttm\u0171k\u00f6d\u00e9sek jegy\u00e9ben:<\/strong><\/h2>\n\n\n\n<p>Kilenc f\u0151t sz\u00e1ml\u00e1l a csapatunk jelenleg. A<strong> c\u00e9g\u00fcnk m\u00e1sik l\u00e1bak\u00e9nt eml\u00edthet\u0151, hogy a DataFlex nyelvnek \u00e9s fejleszt\u0151 eszk\u00f6znek az \u00e9rt\u00e9kes\u00edt\u0151i vagyunk Magyarorsz\u00e1gon.<\/strong> \u00c9vtizedek \u00f3ta ebben fejleszt\u00fcnk mindent, soha semmi gondunk nem volt vele, a szoftver mindig k\u00e9pes volt k\u00f6vetni az informatika trendjeit. C\u00e9lunk ennek sz\u00e9lesebb k\u00f6r\u0171 terjeszt\u00e9se, ez\u00e9rt oktatjuk az \u00d3budai Egyetemen.<\/p>\n\n\n\n<p>Nagy el\u0151nye, hogy ak\u00e1r egy rendszeren bel\u00fcl t\u00f6bb platformot is l\u00e9tre tudunk hozni. Ennek k\u00f6sz\u00f6nhet\u0151en egy \u00e9rt\u00e9kes\u00edt\u0151 m\u00e1st l\u00e1that a tablet k\u00e9sz\u00fcl\u00e9k\u00e9n, mint a munkat\u00e1rsak bent a k\u00f6zpontban, ahol nagy monitorokon sz\u00fcks\u00e9ges figyelni az elad\u00e1sokat.<\/p>\n\n\n\n<h2 class=\"wp-block-heading\"><strong>Term\u00e9szetesen arr\u00f3l is \u00e9rdekl\u0151dt\u00fcnk, hogy milyen aktu\u00e1lis kih\u00edv\u00e1sok \u00e9s elakad\u00e1si pontok vannak jelenleg a c\u00e9g \u00e9let\u00e9ben:<\/strong><\/h2>\n\n\n\n<p><strong>Most \u00e9pp egy brand \u00e9p\u00edt\u00e9si folyamat elej\u00e9n-k\u00f6zep\u00e9n j\u00e1runk. A legf\u0151bb c\u00e9lunk az ERP rendszer\u00fcnk, illetve a c\u00e9g\u00fcnk sz\u00e1m\u00e1ra olyan brandet l\u00e9trehozni, ami sz\u00e9lesebb k\u00f6rben megismerteti ennek a komplex megold\u00e1snak az el\u0151nyeit.&nbsp;<\/strong><\/p>\n\n\n\n<p>T\u00f6rt\u00e9netesen azt, hogy a c\u00e9g norm\u00e1l m\u0171k\u00f6d\u00e9se mell\u00e9 t\u00e9nylegesen automatiz\u00e1lt rendszert tudunk rakni. B\u00edzom benne, hogy a mastermind csoporton bel\u00fcl meglesz a seg\u00edts\u00e9g, az \u00f6tlet \u00e9s az inspir\u00e1ci\u00f3. Hozz\u00e1teszem, hogy egy ilyen tal\u00e1lkoz\u00f3n m\u00e1r t\u00fal vagyunk, \u00e9s remek a csapat.<\/p>\n\n\n\n<p>Term\u00e9szetesen szem\u00e9ly szerint \u00e9n is sz\u00edvesen seg\u00edtek, ahol csak tudok. <strong>Az automatizmusok tervez\u00e9s\u00e9ben \u00e9s l\u00e9trehoz\u00e1s\u00e1ban, illetve a k\u00fcl\u00f6nf\u00e9le dashboardok \u00e9s KPI \u00e9rt\u00e9kek t\u0171pontos m\u00e9r\u00e9s\u00e9ben p\u00e9ld\u00e1ul otthonosan mozgok.<\/strong><\/p>\n\n\n\n<h2 class=\"wp-block-heading\"><strong>V\u00e9g\u00fcl a szabadid\u0151, kikapcsol\u00f3d\u00e1s \u00e9s felt\u00f6lt\u0151d\u00e9s t\u00e9mak\u00f6re is sz\u00f3ba ker\u00fclt \u00e9rint\u0151legesen:<\/strong><\/h2>\n\n\n\n<p>Els\u0151dlegesen a csal\u00e1d jelenti sz\u00e1momra a kikapcsol\u00f3d\u00e1st. Emellett pedig a foci \u00e9s a darts jelent m\u00e9g rendszeres alkalmat a felt\u00f6lt\u0151d\u00e9sre. Amat\u0151r szinten j\u00f3magam is m\u0171vel\u0151je \u00e9s kedvel\u0151je vagyok mindk\u00e9t nagyszer\u0171 sport\u00e1gnak.<\/p>\n\n\n\n<hr class=\"wp-block-separator is-style-wide\"\/>\n\n\n\n<h1 class=\"has-text-align-center wp-block-heading\">Szeretn\u00e9l megismerkedni klubtagjainkkal? K\u00e9rj egy megh\u00edv\u00f3t!<\/h1>\n\n\n\n<div class=\"wp-block-button aligncenter\"><a class=\"wp-block-button__link has-background\" href=\"https:\/\/bizalmikor.hu\/kapcsolat\/\" style=\"background-color:#14496b\" target=\"_blank\" rel=\"noreferrer noopener\"><strong>\u00c9rdekel a Bizalmi K\u00f6r klubtags\u00e1g<\/strong><\/a><\/div>\n\n\n\n<hr class=\"wp-block-separator is-style-wide\"\/>\n","protected":false},"excerpt":{"rendered":"<p>Michaletzky Andr\u00e1s, a NEXT Software Kft. t\u00e1rstulajdonosa nemr\u00e9giben csatlakozott a Bizalmi K\u00f6r Mastermind csoportba. <\/p>\n","protected":false},"author":3,"featured_media":3766,"comment_status":"closed","ping_status":"open","sticky":false,"template":"","format":"standard","meta":{"footnotes":""},"categories":[23,16],"tags":[],"yoast_head":"<!-- This site is optimized with the Yoast SEO plugin v15.4 - https:\/\/yoast.com\/wordpress\/plugins\/seo\/ -->\n<title>Min\u0151s\u00e9gi v\u00e1llalatir\u00e1ny\u00edt\u00e1si rendszerek \u00e9p\u00edt\u00e9se \u2013 tart\u00f3s egy\u00fcttm\u0171k\u00f6d\u00e9sek keretei k\u00f6z\u00f6tt<\/title>\n<meta name=\"description\" content=\"Michaletzky Andr\u00e1s, a NEXT Software Kft. t\u00e1rstulajdonosa nemr\u00e9giben csatlakozott a Bizalmi K\u00f6r Mastermind csoportba.\" \/>\n<meta name=\"robots\" content=\"index, follow, max-snippet:-1, max-image-preview:large, max-video-preview:-1\" \/>\n<link rel=\"canonical\" href=\"https:\/\/bizalmikor.hu\/blog\/2020\/09\/01\/minosegi-vallalatiranyitasi-rendszerek-epitese-tartos-egyuttmukodesek-keretei-kozott\/\" \/>\n<meta property=\"og:locale\" content=\"hu_HU\" \/>\n<meta property=\"og:type\" content=\"article\" \/>\n<meta property=\"og:title\" content=\"Min\u0151s\u00e9gi v\u00e1llalatir\u00e1ny\u00edt\u00e1si rendszerek \u00e9p\u00edt\u00e9se \u2013 tart\u00f3s egy\u00fcttm\u0171k\u00f6d\u00e9sek keretei k\u00f6z\u00f6tt\" \/>\n<meta property=\"og:description\" content=\"Michaletzky Andr\u00e1s, a NEXT Software Kft. t\u00e1rstulajdonosa nemr\u00e9giben csatlakozott a Bizalmi K\u00f6r Mastermind csoportba.\" \/>\n<meta property=\"og:url\" content=\"https:\/\/bizalmikor.hu\/blog\/2020\/09\/01\/minosegi-vallalatiranyitasi-rendszerek-epitese-tartos-egyuttmukodesek-keretei-kozott\/\" \/>\n<meta property=\"og:site_name\" content=\"Bizalmi K\u00f6r blog\" \/>\n<meta property=\"article:publisher\" content=\"https:\/\/www.facebook.com\/bizalmikor\" \/>\n<meta property=\"article:published_time\" content=\"2020-09-01T08:04:16+00:00\" \/>\n<meta property=\"og:image\" content=\"https:\/\/bizalmikor.hu\/blog\/wp-content\/uploads\/2020\/08\/IMG_4628-scaled.jpg\" \/>\n\t<meta property=\"og:image:width\" content=\"2560\" \/>\n\t<meta property=\"og:image:height\" content=\"1707\" \/>\n<meta name=\"twitter:card\" content=\"summary_large_image\" \/>\n<meta name=\"twitter:label1\" content=\"Szerz\u0151:\">\n\t<meta name=\"twitter:data1\" content=\"Gangel P\u00e9ter\">\n\t<meta name=\"twitter:label2\" content=\"Becs\u00fclt olvas\u00e1si id\u0151\">\n\t<meta name=\"twitter:data2\" content=\"3 perc\">\n<script type=\"application\/ld+json\" class=\"yoast-schema-graph\">{\"@context\":\"https:\/\/schema.org\",\"@graph\":[{\"@type\":\"Organization\",\"@id\":\"https:\/\/bizalmikor.hu\/blog\/#organization\",\"name\":\"Bizalmi K\\u00f6r Kft.\",\"url\":\"https:\/\/bizalmikor.hu\/blog\/\",\"sameAs\":[\"https:\/\/www.facebook.com\/bizalmikor\",\"https:\/\/www.instagram.com\/bizalmikor\/\",\"https:\/\/www.linkedin.com\/company\/19165894\",\"https:\/\/www.youtube.com\/channel\/UC7fAD3QCIWeSexU5t6F3YOw?view_as=subscriber\"],\"logo\":{\"@type\":\"ImageObject\",\"@id\":\"https:\/\/bizalmikor.hu\/blog\/#logo\",\"inLanguage\":\"hu\",\"url\":\"https:\/\/bizalmikor.hu\/blog\/wp-content\/uploads\/2019\/02\/Group-2.png\",\"width\":4033,\"height\":1192,\"caption\":\"Bizalmi K\\u00f6r Kft.\"},\"image\":{\"@id\":\"https:\/\/bizalmikor.hu\/blog\/#logo\"}},{\"@type\":\"WebSite\",\"@id\":\"https:\/\/bizalmikor.hu\/blog\/#website\",\"url\":\"https:\/\/bizalmikor.hu\/blog\/\",\"name\":\"Bizalmi K\\u00f6r blog\",\"description\":\"Egynek minden neh\\u00e9z, soknak semmi sem lehetetlen.\",\"publisher\":{\"@id\":\"https:\/\/bizalmikor.hu\/blog\/#organization\"},\"potentialAction\":[{\"@type\":\"SearchAction\",\"target\":\"https:\/\/bizalmikor.hu\/blog\/?s={search_term_string}\",\"query-input\":\"required name=search_term_string\"}],\"inLanguage\":\"hu\"},{\"@type\":\"ImageObject\",\"@id\":\"https:\/\/bizalmikor.hu\/blog\/2020\/09\/01\/minosegi-vallalatiranyitasi-rendszerek-epitese-tartos-egyuttmukodesek-keretei-kozott\/#primaryimage\",\"inLanguage\":\"hu\",\"url\":\"https:\/\/bizalmikor.hu\/blog\/wp-content\/uploads\/2020\/08\/IMG_4628-scaled.jpg\",\"width\":2560,\"height\":1707},{\"@type\":\"WebPage\",\"@id\":\"https:\/\/bizalmikor.hu\/blog\/2020\/09\/01\/minosegi-vallalatiranyitasi-rendszerek-epitese-tartos-egyuttmukodesek-keretei-kozott\/#webpage\",\"url\":\"https:\/\/bizalmikor.hu\/blog\/2020\/09\/01\/minosegi-vallalatiranyitasi-rendszerek-epitese-tartos-egyuttmukodesek-keretei-kozott\/\",\"name\":\"Min\\u0151s\\u00e9gi v\\u00e1llalatir\\u00e1ny\\u00edt\\u00e1si rendszerek \\u00e9p\\u00edt\\u00e9se \\u2013 tart\\u00f3s egy\\u00fcttm\\u0171k\\u00f6d\\u00e9sek keretei k\\u00f6z\\u00f6tt\",\"isPartOf\":{\"@id\":\"https:\/\/bizalmikor.hu\/blog\/#website\"},\"primaryImageOfPage\":{\"@id\":\"https:\/\/bizalmikor.hu\/blog\/2020\/09\/01\/minosegi-vallalatiranyitasi-rendszerek-epitese-tartos-egyuttmukodesek-keretei-kozott\/#primaryimage\"},\"datePublished\":\"2020-09-01T08:04:16+00:00\",\"dateModified\":\"2020-09-01T08:04:16+00:00\",\"description\":\"Michaletzky Andr\\u00e1s, a NEXT Software Kft. t\\u00e1rstulajdonosa nemr\\u00e9giben csatlakozott a Bizalmi K\\u00f6r Mastermind csoportba.\",\"inLanguage\":\"hu\",\"potentialAction\":[{\"@type\":\"ReadAction\",\"target\":[\"https:\/\/bizalmikor.hu\/blog\/2020\/09\/01\/minosegi-vallalatiranyitasi-rendszerek-epitese-tartos-egyuttmukodesek-keretei-kozott\/\"]}]},{\"@type\":\"Article\",\"@id\":\"https:\/\/bizalmikor.hu\/blog\/2020\/09\/01\/minosegi-vallalatiranyitasi-rendszerek-epitese-tartos-egyuttmukodesek-keretei-kozott\/#article\",\"isPartOf\":{\"@id\":\"https:\/\/bizalmikor.hu\/blog\/2020\/09\/01\/minosegi-vallalatiranyitasi-rendszerek-epitese-tartos-egyuttmukodesek-keretei-kozott\/#webpage\"},\"author\":{\"@id\":\"https:\/\/bizalmikor.hu\/blog\/#\/schema\/person\/a89936ed381c3afa4cd7a27040dbfb07\"},\"headline\":\"Min\\u0151s\\u00e9gi v\\u00e1llalatir\\u00e1ny\\u00edt\\u00e1si rendszerek \\u00e9p\\u00edt\\u00e9se \\u2013 tart\\u00f3s egy\\u00fcttm\\u0171k\\u00f6d\\u00e9sek keretei k\\u00f6z\\u00f6tt\",\"datePublished\":\"2020-09-01T08:04:16+00:00\",\"dateModified\":\"2020-09-01T08:04:16+00:00\",\"mainEntityOfPage\":{\"@id\":\"https:\/\/bizalmikor.hu\/blog\/2020\/09\/01\/minosegi-vallalatiranyitasi-rendszerek-epitese-tartos-egyuttmukodesek-keretei-kozott\/#webpage\"},\"publisher\":{\"@id\":\"https:\/\/bizalmikor.hu\/blog\/#organization\"},\"image\":{\"@id\":\"https:\/\/bizalmikor.hu\/blog\/2020\/09\/01\/minosegi-vallalatiranyitasi-rendszerek-epitese-tartos-egyuttmukodesek-keretei-kozott\/#primaryimage\"},\"articleSection\":\"Klubtagok bemutat\\u00e1sa,V\\u00e1llalkoz\\u00e1s\",\"inLanguage\":\"hu\"},{\"@type\":\"Person\",\"@id\":\"https:\/\/bizalmikor.hu\/blog\/#\/schema\/person\/a89936ed381c3afa4cd7a27040dbfb07\",\"name\":\"Gangel P\\u00e9ter\",\"image\":{\"@type\":\"ImageObject\",\"@id\":\"https:\/\/bizalmikor.hu\/blog\/#personlogo\",\"inLanguage\":\"hu\",\"url\":\"https:\/\/secure.gravatar.com\/avatar\/ee1c6e901d6b9c50c9a2204252c914b4?s=96&d=mm&r=g\",\"caption\":\"Gangel P\\u00e9ter\"}}]}<\/script>\n<!-- \/ Yoast SEO plugin. -->","_links":{"self":[{"href":"https:\/\/bizalmikor.hu\/blog\/wp-json\/wp\/v2\/posts\/3752"}],"collection":[{"href":"https:\/\/bizalmikor.hu\/blog\/wp-json\/wp\/v2\/posts"}],"about":[{"href":"https:\/\/bizalmikor.hu\/blog\/wp-json\/wp\/v2\/types\/post"}],"author":[{"embeddable":true,"href":"https:\/\/bizalmikor.hu\/blog\/wp-json\/wp\/v2\/users\/3"}],"replies":[{"embeddable":true,"href":"https:\/\/bizalmikor.hu\/blog\/wp-json\/wp\/v2\/comments?post=3752"}],"version-history":[{"count":4,"href":"https:\/\/bizalmikor.hu\/blog\/wp-json\/wp\/v2\/posts\/3752\/revisions"}],"predecessor-version":[{"id":3775,"href":"https:\/\/bizalmikor.hu\/blog\/wp-json\/wp\/v2\/posts\/3752\/revisions\/3775"}],"wp:featuredmedia":[{"embeddable":true,"href":"https:\/\/bizalmikor.hu\/blog\/wp-json\/wp\/v2\/media\/3766"}],"wp:attachment":[{"href":"https:\/\/bizalmikor.hu\/blog\/wp-json\/wp\/v2\/media?parent=3752"}],"wp:term":[{"taxonomy":"category","embeddable":true,"href":"https:\/\/bizalmikor.hu\/blog\/wp-json\/wp\/v2\/categories?post=3752"},{"taxonomy":"post_tag","embeddable":true,"href":"https:\/\/bizalmikor.hu\/blog\/wp-json\/wp\/v2\/tags?post=3752"}],"curies":[{"name":"wp","href":"https:\/\/api.w.org\/{rel}","templated":true}]}}