{"id":3776,"date":"2020-09-02T07:00:00","date_gmt":"2020-09-02T07:00:00","guid":{"rendered":"https:\/\/bizalmikor.hu\/blog\/?p=3776"},"modified":"2020-09-02T09:57:03","modified_gmt":"2020-09-02T09:57:03","slug":"tollas-attila-a-felkeszules-soran-eldol-hogyan-allunk-majd-fel-a-targyaloasztaltol","status":"publish","type":"post","link":"https:\/\/bizalmikor.hu\/blog\/2020\/09\/02\/tollas-attila-a-felkeszules-soran-eldol-hogyan-allunk-majd-fel-a-targyaloasztaltol\/","title":{"rendered":"Tollas Attila: A felk\u00e9sz\u00fcl\u00e9s sor\u00e1n eld\u0151l, hogyan \u00e1llunk majd fel a t\u00e1rgyal\u00f3asztalt\u00f3l"},"content":{"rendered":"\n<p><strong>Az elm\u00falt hetekben huszonh\u00e9t korm\u00e1nyf\u0151 \u00e9rdekeit egyeztett\u00e9k Charles Michel vez\u00e9nylet\u00e9vel Br\u00fcsszelben. A t\u00e1rgyal\u00e1sok v\u00e9g\u00e9re megsz\u00fcletett a k\u00f6vetkez\u0151 h\u00e9t \u00e9vre sz\u00f3l\u00f3, 1,8 ezer milli\u00e1rd eur\u00f3s meg\u00e1llapod\u00e1s. Nemr\u00e9giben <a rel=\"noreferrer noopener\" href=\"https:\/\/bizalmikor.hu\/blog\/2020\/08\/10\/charles-michel-a-koltsegvetesi-megallapodas-es-a-negyszemkozti-erkelybeszelgetesek-muveszete-i\/\" target=\"_blank\">k\u00e9t r\u00e9szletben k\u00f6z\u00f6lt\u00fck<\/a> a POLITICO-ban megjelent cikk ford\u00edt\u00e1s\u00e1t, ez\u00fattal pedig arra v\u00e1llalkoztunk, hogy egy szak\u00e9rt\u0151vel elemezz\u00fck ezeket az anyagokat \u00e9s megn\u00e9zz\u00fck, mi is t\u00f6rt\u00e9nhetett az egyeztet\u00e9sen \u00e9s hogyan hasznos\u00edthatjuk a felt\u00e1rt inform\u00e1ci\u00f3kat, tr\u00fckk\u00f6ket a h\u00e9tk\u00f6znapi v\u00e1llalkoz\u00f3i, c\u00e9gvezet\u0151i \u00e9letben!<\/strong><\/p>\n\n\n\n<p>Magyarorsz\u00e1g a t\u00e1rgyal\u00e1sok, t\u00e1rgyal\u00e1stechnika szempontj\u00e1b\u00f3l kicsit olyan, mint focib\u00f3l: mindenki azt hiszi, hogy \u00e9rt hozz\u00e1, ugyanakkor egy\u00e1ltal\u00e1n nem biztos, hogy tiszt\u00e1ban vagyunk azzal, hogyan is kell t\u00e1rgyalni. M\u00e9gis, mi t\u00f6rt\u00e9nhetett Br\u00fcsszelben az elm\u00falt hetekben \u00e9s hogyan siker\u00fclhetett huszonh\u00e9t, mark\u00e1nsan k\u00fcl\u00f6nb\u00f6z\u0151 \u00e9rdekcsoport \u00e9rdekeit egyetlen meg\u00e1llapod\u00e1sban tet\u0151 al\u00e1 hozni? A POLITICO cikk\u00e9nek m\u00e1r a felvezet\u00e9se is d\u00f6bbenetes, azt \u00edrj\u00e1k ugyanis Michelnek nem volt B terve. Pedig egy t\u00e1rgyal\u00e1sra A \u00e9s B, esetleg C \u00e9s D tervvel \u00e9rkez\u00fcnk, vagy nem? Tollas Attil\u00e1val pontokba szedt\u00fck a legfontosabbakat!<\/p>\n\n\n\n<blockquote class=\"wp-block-quote is-style-large is-layout-flow wp-block-quote-is-layout-flow\"><p><strong>&#8220;<em>Egy \u00f3ri\u00e1si t\u00e1rgyal\u00e1sr\u00f3l besz\u00e9l\u00fcnk, ami \u00f3ri\u00e1si felk\u00e9sz\u00fcl\u00e9st ig\u00e9nyelt.&#8221;<\/em><\/strong><\/p><\/blockquote>\n\n\n\n<p>Meg\u00e1llapodtunk abban, hogy sz\u0171ken a cikk mondatait elemezz\u00fck politikamentesen, kifejezetten a t\u00e1rgyal\u00e1stechnikai r\u00e9szletekre f\u00f3kusz\u00e1lva, hogy olyan inform\u00e1ci\u00f3kat adhassunk \u00e1t, melyek rem\u00e9lhet\u0151leg a h\u00e9tk\u00f6znapi \u00fczleti \u00e9letben is hasznos\u00edthat\u00f3ak. Fontos kiemeln\u00fcnk tov\u00e1bb\u00e1, hogy egy cikk alapj\u00e1n csak k\u00f6vetkeztetni tudunk az esem\u00e9nyekre. Az al\u00e1bbiakban olvashat\u00f3 sorokat teh\u00e1t ennek ismeret\u00e9ben aj\u00e1nljuk olvas\u00f3ink figyelm\u00e9be.<\/p>\n\n\n\n<figure class=\"wp-block-embed-youtube wp-block-embed is-type-video is-provider-youtube wp-embed-aspect-16-9 wp-has-aspect-ratio\"><div class=\"wp-block-embed__wrapper\">\n<iframe loading=\"lazy\" title=\"T\u00e1rgyal\u00e1stechnika profiknak - Tollas Attila - 2020.08.13.\" width=\"500\" height=\"281\" src=\"https:\/\/www.youtube.com\/embed\/pWk4mLiMZiA?feature=oembed\" frameborder=\"0\" allow=\"accelerometer; autoplay; clipboard-write; encrypted-media; gyroscope; picture-in-picture; web-share\" referrerpolicy=\"strict-origin-when-cross-origin\" allowfullscreen><\/iframe>\n<\/div><figcaption>N\u00e9zd vissza az ad\u00e1st \u00e9s iratkozz fel a csatorn\u00e1nkra<\/figcaption><\/figure>\n\n\n\n<h2 class=\"wp-block-heading\"><strong>Vajon igaz-e, hogy nem volt B terv?<\/strong><\/h2>\n\n\n\n<p>Hogy ebben az esetben igaz vagy pedig k\u00f6lt\u0151i t\u00falz\u00e1s, azt m\u00e1r sosem tudjuk meg, de t\u00e9ny, hogy val\u00f3ban nem minden egyes t\u00e1rgyal\u00e1sra \u00e9rkez\u00fcnk kidolgozott tervvel, t\u00f6bb tervvel a zseb\u00fcnkben. N\u00e9ha m\u00e9g az is el\u0151fordulhat, hogy fel sem k\u00e9sz\u00fclt\u00fcnk valamilyen okb\u00f3l kifoly\u00f3lag. Ugyanakkor Tollas Attila v\u00e9lem\u00e9nye szerint m\u00e1r a felk\u00e9sz\u00fcl\u00e9s sor\u00e1n eld\u0151l, hogyan \u00e1llunk majd fel a t\u00e1rgyal\u00f3asztalt\u00f3l.<\/p>\n\n\n\n<ul><li>A korm\u00e1nyf\u0151ket az a k\u00f6z\u00f6s c\u00e9l vez\u00e9relte, hogy mindenk\u00e9pp meg\u00e1llapodjanak. A \u201enem volt B terv\u201d kijelent\u00e9s arra utalhat, hogy nem volt olyan kimenetel, amiben meg\u00e1llapod\u00e1s n\u00e9lk\u00fcl \u00e1llnak fel a vezet\u0151k. Hogy hogyan jutnak el ehhez a meg\u00e1llapod\u00e1shoz, nos erre vonatkoz\u00f3an m\u00e1r val\u00f3sz\u00edn\u0171leg t\u00f6bb terv is akadt.<\/li><\/ul>\n\n\n\n<h2 class=\"wp-block-heading\"><strong>Extr\u00e9mfontos egyet\u00e9rt\u00e9s<\/strong><\/h2>\n\n\n\n<p>Febru\u00e1rban meghi\u00fasult egy cs\u00facs, majd m\u00e1rciusban \u00f6sszeomlott a vil\u00e1g, ami jelent\u0151s hat\u00e1st gyakorolt a gazdas\u00e1gra is. Egy ilyen helyzetben nem engedhett\u00e9k meg maguknak a vil\u00e1g vezet\u0151i, hogy ne jussanak konszenzusra. Hiszen mikor fogjon \u00f6ssze az EU, ha nem ebben a v\u00e1ls\u00e1ghelyzetben? Mi t\u00f6rt\u00e9nne a gazdas\u00e1gban, ha most nem tudn\u00e1nak meg\u00e1llapodni egym\u00e1ssal az \u00e1llamf\u0151k?<\/p>\n\n\n\n<ul><li>Tulajdonk\u00e9ppen minden megjelent vezet\u0151 abban a pillanatban fogadta el, hogy mindenk\u00e9pp egyezs\u00e9gre kell jutnia, mikor elfogadt\u00e1k a megh\u00edv\u00e1st. Ezzel a l\u00e9p\u00e9ssel beker\u00fcltek egy cs\u0151be, aminek a v\u00e9g\u00e9n elker\u00fclhetetlen\u00fcl ott volt a meg\u00e1llapod\u00e1s.<\/li><\/ul>\n\n\n\n<h2 class=\"wp-block-heading\"><strong>Hogyan jutott el a huszonh\u00e9t korm\u00e1nyf\u0151 a cs\u0151 v\u00e9g\u00e9be?<\/strong><\/h2>\n\n\n\n<p>A POLITICO azt \u00edrja a t\u00e1rgyal\u00e1s strukt\u00far\u00e1j\u00e1r\u00f3l, hogy t\u00f6bb t\u00edpus\u00fa egyeztet\u00e9s folyt. Voltak n\u00e9gyszemk\u00f6zti megbesz\u00e9l\u00e9sek, kiscsoportos \u00e9s k\u00f6z\u00f6s, form\u00e1lis \u00e9s inform\u00e1lis egyeztet\u00e9sek is. Mi lehetett a szerepe ennek a soksz\u00edn\u0171s\u00e9gnek?<\/p>\n\n\n\n<ul><li>Charles Michel karmesteri funkci\u00f3t t\u00f6lt\u00f6tt be, aki az inform\u00e1ci\u00f3k \u00e9s elv\u00e1r\u00e1sok begy\u0171jt\u00e9se ut\u00e1n kiter\u00edtette az asztalra aj\u00e1nlatait.<\/li><li>Egy-egy csoportba nagy val\u00f3sz\u00edn\u0171s\u00e9ggel a hasonl\u00f3 \u00e1ll\u00e1spontot k\u00e9pvisel\u0151 \u00e1llamf\u0151k ker\u00fcltek.<\/li><li>M\u0171k\u00f6dhetett az a t\u00edpus\u00fa csoportdinamika, amikor az igen csek\u00e9ly l\u00e9tsz\u00e1m\u00fa, az aj\u00e1nlatnak ellen\u00e1ll\u00f3 ember a nyom\u00e1s hat\u00e1s\u00e1ra meggondolja mag\u00e1t. Ebben az esetben 22:5 volt ez az ar\u00e1ny, amin\u00e9l Michel azt mondta, nem tud \u00faj keretrendszert beh\u00edvni az \u00f6t ellenl\u00e1bas kedv\u00e9\u00e9rt.<\/li><\/ul>\n\n\n\n<h2 class=\"wp-block-heading\"><strong>Mit tanulhatunk mindebb\u0151l c\u00e9gvezet\u0151k\u00e9nt?<\/strong><\/h2>\n\n\n\n<p>Minden t\u00e1rgyal\u00e1s felhaszn\u00e1lhat\u00f3 a k\u00e9s\u0151bbiekben, ha kielemezz\u00fck \u00e9s tanulunk bel\u0151le!<\/p>\n\n\n\n<ul><li>Bizonyos t\u00e1rgyal\u00e1sok eset\u00e9ben szintek vannak. Ha eljutunk egy magasabb szintre, felhaszn\u00e1lhatjuk a kor\u00e1bban elhangzottakat, tapasztaltakat.<ul><li>Vonatkoztatva az EU cs\u00facsra mindezt: a febru\u00e1rban kudarcba fulladt cs\u00facson elhnagzottakat egy \u00fcgyes t\u00e1rgyal\u00e1svezet\u0151 be tudta \u00e9p\u00edteni a jelenlegi t\u00e1rgyal\u00e1sok menet\u00e9be.<\/li><\/ul><\/li><li>Figyelj\u00fcnk a doh\u00e1ny- vagy eb\u00e9dsz\u00fcnetekben is. Minden olyan inform\u00e1lis pillanatban, amikor partner\u00fcnkt\u0151l plusz inform\u00e1ci\u00f3t tudhatunk meg. Ilyenkor k\u00f6nnyebben kider\u00fclhet, hol vannak rugalmass\u00e1g\u00e1nak, alkuk\u00e9szs\u00e9g\u00e9nek hat\u00e1rai. Ehhez j\u00f3 f\u00fcl \u00e9s j\u00f3 szem kell, de j\u00f3 h\u00edr, hogy ez a fajta figyelem tanulhat\u00f3.<\/li><li>Az inform\u00e1lis alkalmakon elhangzott inform\u00e1ci\u00f3kat visszahozni a form\u00e1lis t\u00e9rben! \u00cdgy elker\u00fclhetj\u00fck a r\u00e9sztvev\u0151k sokkol\u00e1s\u00e1t.<\/li><li>T\u00e9m\u00e1kat, melyek els\u0151re nem mennek \u00e1t, parkoltatni \u00e9s olyanokat behozni, melyekkel gyors sikert \u00e9rhet\u00fcnk el. Ezek a sikeres k\u00f6zj\u00e1t\u00e9kok seg\u00edthetnek annak felder\u00edt\u00e9s\u00e9ben, van-e egy\u00e1ltal\u00e1n meg\u00e1llapod\u00e1si ig\u00e9ny a jelenl\u00e9v\u0151kben. Amennyiben kisebb jelent\u0151s\u00e9g\u0171 t\u00e9m\u00e1kban siker\u00fcl megegyezni, az teh\u00e1t egyr\u00e9szt \u00f6r\u00f6mforr\u00e1s, m\u00e1sr\u00e9szt j\u00f3 fokm\u00e9r\u0151.<\/li><\/ul>\n\n\n\n<h2 class=\"wp-block-heading\"><strong>A t\u00e1rgyal\u00e1s, mint p\u00f3kerj\u00e1tszma?<\/strong><\/h2>\n\n\n\n<p>A t\u00e1rgyal\u00f3 felek apr\u00f3l\u00e9kosan megfigyelik egym\u00e1s mimik\u00e1j\u00e1t, gesztusait? Az EU cs\u00facson vajon minden r\u00e9sztvev\u0151 igyekezett minimaliz\u00e1lni metakommunik\u00e1ci\u00f3j\u00e1t? Hogy m\u0171k\u00f6dhetett mindez Br\u00fcsszelben \u00e9s hogyan m\u0171k\u00f6dik a h\u00e9tk\u00f6znapi t\u00e1rgyal\u00f3asztalok k\u00f6r\u00fcl?<\/p>\n\n\n\n<ul><li>Ugyan mindenki hozza a saj\u00e1t st\u00edlus\u00e1t, de a st\u00edlusok m\u00f6g\u00f6tti ig\u00e9nyekre kell figyelni, az utakra, amiket ezek kirajzolnak, \u00e9s amiket be kell j\u00e1rnunk a meg\u00e1llapod\u00e1sig.<\/li><li>El\u0151sz\u00f6r is ki kell der\u00edten\u00fcnk, k\u00e9pesek lesznek-e kompromisszumot k\u00f6tni a t\u00e1rgyal\u00f3 felek. Nem megalkuv\u00e1sra gondolunk, hanem kompromisszumra. Olyan egyezs\u00e9gre, amely mindk\u00e9t f\u00e9lnek el\u0151ny\u00f6s, amit mindketten betartanak majd.<\/li><li>A megalkuv\u00e1s kifejezetten rossz, hiszen senki sem azt kapja, amire igaz\u00e1n v\u00e1gyott.<\/li><li>Az elejtett szavak, viccek, elsz\u00f3l\u00e1sok, melyekre k\u00fcl\u00f6n\u00f6sen \u00e9rdemes odafigyelni, mert besz\u00e9desek. Soha, semmi nem hangzik el v\u00e9letlen\u00fcl egy ilyen helyzetben. Itt \u00e9rv\u00e9nytelen az \u201eugyan, csak vicceltem\u201d \u2013 t\u00edpus\u00fa elbagatelliz\u00e1l\u00e1s.<ul><li>Az itt t\u00e1rgyalt esettel kapcsolatban t\u00f6bbsz\u00f6r elhangzott, hogy a repterek lez\u00e1r\u00e1s\u00e1val viccel\u0151d\u00f6tt \/ \u201efenyeget\u0151z\u00f6tt\u201d az Eur\u00f3pai Tan\u00e1cs eln\u00f6ke.&nbsp;<\/li><li>A szankcion\u00e1l\u00e1s k\u00e9pezheti a t\u00e1rgyal\u00e1stechnik\u00e1nk, t\u00e1rgyal\u00e1si taktik\u00e1nk r\u00e9sz\u00e9t, ugyanakkor a fenyeget\u00e9s eszk\u00f6z\u00e9vel CSAK akkor \u00e9lj\u00fcnk, ha be is tudjuk v\u00e1ltani, amit \u00edg\u00e9r\u00fcnk. K\u00fcl\u00f6nben \u00fagy j\u00e1runk, mint az egyszeri sz\u00fcl\u0151, aki nem tudta mag\u00e1t tartani nevel\u00e9si elveihez \u00e9s a fej\u00e9re n\u0151 a gyereke.<\/li><\/ul><\/li><\/ul>\n\n\n\n<blockquote class=\"wp-block-quote is-style-large is-layout-flow wp-block-quote-is-layout-flow\"><p><strong><em>\u201eEgy j\u00f3 t\u00e1rgyal\u00e1s nem p\u00f3kerj\u00e1tszma, hiszen annak a v\u00e9g\u00e9n csak egyetlen nyertes van. Egy t\u00e1rgyal\u00e1s eredm\u00e9nyes z\u00e1r\u00e1sa nyom\u00e1n a feleknek egy\u00fctt kell m\u0171k\u00f6dni\u00fck a tov\u00e1bbiakban, ez pedig csak akkor lehets\u00e9ges, ha minden t\u00e1rgyal\u00f3 f\u00e9l akarja \u00e9s az ut\u00e1n is be akarja majd tartani az egyezs\u00e9get, hogy fel\u00e1llt az asztalt\u00f3l.\u201d<\/em><\/strong><\/p><cite><strong><em>\u2013 <\/em><\/strong>Tollas Attila<br><\/cite><\/blockquote>\n\n\n\n<p>Ha p\u00f3kerj\u00e1tszmak\u00e9nt tekint\u00fcnk egy t\u00e1rgyal\u00e1sra, sz\u00e1molnunk kell azzal, hogy a vesztesek \u00e1tverve \u00e9rezhetik magukat, elvesz\u00edtik a bizalmukat. Term\u00e9szetesen minden t\u00e1rgyal\u00e1skor van, aki kicsit jobban j\u00e1r, m\u00edg m\u00e1s esteleg t\u00f6bbet enged, ad, mint tervezte.&nbsp;<\/p>\n\n\n\n<h2 class=\"wp-block-heading\"><strong>M\u0171k\u00f6dik m\u00e9g a win-win?<\/strong><\/h2>\n\n\n\n<p>Tollas Attila szerint a win-win m\u00e1r klasszikus \u00e9s r\u00e9gi rendszernek sz\u00e1m\u00edt, ami ma nem teljesen m\u0171k\u00f6dik, de legal\u00e1bbis nem \u00fagy, ahogyan r\u00e9gebben. <\/p>\n\n\n\n<blockquote class=\"wp-block-quote is-layout-flow wp-block-quote-is-layout-flow\"><p><strong>Sokkal ink\u00e1bb egy olyan pontot kell el\u00e9rn\u00fcnk, hogy amikor a felek fel\u00e1llnak, v\u00e9gre akarj\u00e1k hajtani a meg\u00e1llapod\u00e1st!<\/strong><\/p><\/blockquote>\n\n\n\n<h2 class=\"wp-block-heading\"><strong>Egy t\u00e1rgyal\u00e1s eszk\u00f6zei<\/strong><\/h2>\n\n\n\n<p>Hogyan juthatunk t\u00fal egy patthelyzeten? Hogyan haszn\u00e1lhat\u00f3ak j\u00f3l az olyan m\u00f3dszerek, tr\u00fckk\u00f6k, mint a t\u00f6bbt\u00edpus\u00fa egyeztet\u00e9s, a fenyeget\u00e9s, a fegyelem? Hogyan juthatunk k\u00f6zelebb a meg\u00e1llapod\u00e1shoz, ha senki sem akar engedni?<\/p>\n\n\n\n<ul><li><em>Felt\u00e1r\u00f3 besz\u00e9lget\u00e9sek, tal\u00e1lkoz\u00f3k.<\/em> A cikk arr\u00f3l ad h\u00edrt, hogy Charles Michel kor\u00e1bbi l\u00e1togat\u00e1sai sor\u00e1n igyekezett felder\u00edteni a terepet, hogy felt\u00e1rja az ig\u00e9nyeket, hogy k\u00e9pes legyen egy olyan \u00e9rvrendszert fel\u00e1ll\u00edtani, olyan retorikai fog\u00e1sokat kidolgozni, melyek hat\u00e1s\u00e1ra a r\u00e9sztvev\u0151k bel\u00e1tj\u00e1k, hogy a k\u00f6z\u00f6ss\u00e9g \u00e9rdek\u00e9ben sz\u00fcks\u00e9ges meg\u00e1llapodniuk.<ul><li>Az \u00fczleti \u00e9letben k\u00fcl\u00f6n\u00f6sen fontos, hogyan adagoljuk az inform\u00e1ci\u00f3kat. Esetenk\u00e9nt belefuthatunk abba, hogy ha f\u00e9l \u00e9vvel kor\u00e1bban \u00e1tadtuk volna a megfelel\u0151 inf\u00f3t, m\u00e1r r\u00e9g t\u00fal lenn\u00e9nk egy szakaszon. Ugyanakkor bizonyos inform\u00e1ci\u00f3kat fontos a v\u00e9gs\u0151kig titokba tartanunk.<\/li><\/ul><\/li><\/ul>\n\n\n\n<h2 class=\"wp-block-heading\"><strong>Miben \u00e9rdemes j\u00f3nak lennie egy kort\u00e1rs magyar c\u00e9gvezet\u0151nek?<\/strong><\/h2>\n\n\n\n<ul><li>De nem csak nekik, hanem b\u00e1rkinek, aki b\u00e1rmi\u00e9rt is valaha t\u00e1rgyal\u00f3asztalhoz \u00fcl.&nbsp;<em>Emp\u00e1tia<\/em>, hiszen az \u00fczletet\/meg\u00e1llapod\u00e1st mindk\u00e9t f\u00e9lnek v\u00e9gre kell hajtania, teh\u00e1t nem el\u00e9g, ha csak \u00e9n akarom.<\/li><li><em>Tanul\u00e1si v\u00e1gy<\/em>: elemezz\u00fck ki t\u00e1rgyal\u00e1sainkat, m\u00f3dszereinket. Mit csin\u00e1lunk j\u00f3l, min v\u00e1ltoztathatn\u00e1nk? Sokszor az ego, az \u201e\u00e9n \u00fagyis j\u00f3l csin\u00e1lom\u201d gondolatok nem engedik ezt a t\u00edpus\u00fa \u00f6nvizsg\u00e1latot, pedig rengeteget seg\u00edthet!<\/li><li>Ha m\u00e1sokt\u00f3l szeretn\u00e9nk <em>t\u00e1rgyal\u00e1stechnik\u00e1t tanulni<\/em>, erre ma m\u00e1r t\u00f6bb hely\u00fctt van lehet\u0151s\u00e9g\u00fcnk. Tollas Attila azt javasolja, arra figyelj\u00fcnk, hogy tan\u00edt\u00f3nak tapasztalt szakembert v\u00e1lasszunk, aki tudja, mir\u0151l besz\u00e9l, mert \u00e1t\u00e9lte, kipr\u00f3b\u00e1lta, m\u0171k\u00f6dtette adott m\u00f3dszert.<\/li><\/ul>\n\n\n\n<blockquote class=\"wp-block-quote is-style-large is-layout-flow wp-block-quote-is-layout-flow\"><p>&#8220;<strong><em>A j\u00f3 meg\u00e1llapod\u00e1s teh\u00e1t olyan, amit mindk\u00e9t f\u00e9l v\u00e9gre akar hajtani miut\u00e1n fel\u00e1lltak a t\u00e1rgyal\u00f3asztalt\u00f3l.<\/em><\/strong>&#8220;<\/p><\/blockquote>\n\n\n\n<hr class=\"wp-block-separator is-style-wide\"\/>\n\n\n\n<h1 class=\"has-text-align-center wp-block-heading\">Szeretn\u00e9l megismerkedni klubtagjainkkal? K\u00e9rj egy megh\u00edv\u00f3t!<\/h1>\n\n\n\n<div class=\"wp-block-button aligncenter\"><a class=\"wp-block-button__link has-background\" href=\"https:\/\/bizalmikor.hu\/kapcsolat\/\" style=\"background-color:#14496b\" target=\"_blank\" rel=\"noreferrer noopener\"><strong>\u00c9rdekel a Bizalmi K\u00f6r klubtags\u00e1g<\/strong><\/a><\/div>\n\n\n\n<hr class=\"wp-block-separator is-style-wide\"\/>\n","protected":false},"excerpt":{"rendered":"<p>A felk\u00e9sz\u00fcl\u00e9s sor\u00e1n eld\u0151l, hogyan \u00e1llunk majd fel a t\u00e1rgyal\u00f3asztalt\u00f3l. Mi t\u00f6rt\u00e9nik egy t\u00e1rgyal\u00e1son? Szak\u00e9rt\u0151vel besz\u00e9lgett\u00fcnk az EU k\u00f6lts\u00e9gvet\u00e9si t\u00e1rgyal\u00e1s\u00e1r\u00f3l.<\/p>\n","protected":false},"author":3,"featured_media":3778,"comment_status":"closed","ping_status":"open","sticky":false,"template":"","format":"standard","meta":{"footnotes":""},"categories":[16],"tags":[],"yoast_head":"<!-- This site is optimized with the Yoast SEO plugin v15.4 - https:\/\/yoast.com\/wordpress\/plugins\/seo\/ -->\n<title>Tollas Attila: A felk\u00e9sz\u00fcl\u00e9s sor\u00e1n eld\u0151l, hogyan \u00e1llunk majd fel a t\u00e1rgyal\u00f3asztalt\u00f3l<\/title>\n<meta name=\"description\" content=\"A felk\u00e9sz\u00fcl\u00e9s sor\u00e1n eld\u0151l, hogyan \u00e1llunk majd fel a t\u00e1rgyal\u00f3asztalt\u00f3l. Mi t\u00f6rt\u00e9nik egy t\u00e1rgyal\u00e1son? Szak\u00e9rt\u0151vel besz\u00e9lgett\u00fcnk az EU k\u00f6lts\u00e9gvet\u00e9si t\u00e1rgyal\u00e1s\u00e1r\u00f3l.\" \/>\n<meta name=\"robots\" content=\"index, follow, max-snippet:-1, max-image-preview:large, max-video-preview:-1\" \/>\n<link rel=\"canonical\" href=\"https:\/\/bizalmikor.hu\/blog\/2020\/09\/02\/tollas-attila-a-felkeszules-soran-eldol-hogyan-allunk-majd-fel-a-targyaloasztaltol\/\" \/>\n<meta property=\"og:locale\" content=\"hu_HU\" \/>\n<meta property=\"og:type\" content=\"article\" \/>\n<meta property=\"og:title\" content=\"Tollas Attila: A felk\u00e9sz\u00fcl\u00e9s sor\u00e1n eld\u0151l, hogyan \u00e1llunk majd fel a t\u00e1rgyal\u00f3asztalt\u00f3l\" \/>\n<meta property=\"og:description\" content=\"A felk\u00e9sz\u00fcl\u00e9s sor\u00e1n eld\u0151l, hogyan \u00e1llunk majd fel a t\u00e1rgyal\u00f3asztalt\u00f3l. Mi t\u00f6rt\u00e9nik egy t\u00e1rgyal\u00e1son? Szak\u00e9rt\u0151vel besz\u00e9lgett\u00fcnk az EU k\u00f6lts\u00e9gvet\u00e9si t\u00e1rgyal\u00e1s\u00e1r\u00f3l.\" \/>\n<meta property=\"og:url\" content=\"https:\/\/bizalmikor.hu\/blog\/2020\/09\/02\/tollas-attila-a-felkeszules-soran-eldol-hogyan-allunk-majd-fel-a-targyaloasztaltol\/\" \/>\n<meta property=\"og:site_name\" content=\"Bizalmi K\u00f6r blog\" \/>\n<meta property=\"article:publisher\" content=\"https:\/\/www.facebook.com\/bizalmikor\" \/>\n<meta property=\"article:published_time\" content=\"2020-09-02T07:00:00+00:00\" \/>\n<meta property=\"article:modified_time\" content=\"2020-09-02T09:57:03+00:00\" \/>\n<meta property=\"og:image\" content=\"https:\/\/bizalmikor.hu\/blog\/wp-content\/uploads\/2020\/09\/artworks-000126331354-xbcka2-t500x500.jpg\" \/>\n\t<meta property=\"og:image:width\" content=\"500\" \/>\n\t<meta property=\"og:image:height\" content=\"500\" \/>\n<meta name=\"twitter:card\" content=\"summary_large_image\" \/>\n<meta name=\"twitter:label1\" content=\"Szerz\u0151:\">\n\t<meta name=\"twitter:data1\" content=\"Gangel P\u00e9ter\">\n\t<meta name=\"twitter:label2\" content=\"Becs\u00fclt olvas\u00e1si id\u0151\">\n\t<meta name=\"twitter:data2\" content=\"7 perc\">\n<script type=\"application\/ld+json\" class=\"yoast-schema-graph\">{\"@context\":\"https:\/\/schema.org\",\"@graph\":[{\"@type\":\"Organization\",\"@id\":\"https:\/\/bizalmikor.hu\/blog\/#organization\",\"name\":\"Bizalmi K\\u00f6r Kft.\",\"url\":\"https:\/\/bizalmikor.hu\/blog\/\",\"sameAs\":[\"https:\/\/www.facebook.com\/bizalmikor\",\"https:\/\/www.instagram.com\/bizalmikor\/\",\"https:\/\/www.linkedin.com\/company\/19165894\",\"https:\/\/www.youtube.com\/channel\/UC7fAD3QCIWeSexU5t6F3YOw?view_as=subscriber\"],\"logo\":{\"@type\":\"ImageObject\",\"@id\":\"https:\/\/bizalmikor.hu\/blog\/#logo\",\"inLanguage\":\"hu\",\"url\":\"https:\/\/bizalmikor.hu\/blog\/wp-content\/uploads\/2019\/02\/Group-2.png\",\"width\":4033,\"height\":1192,\"caption\":\"Bizalmi K\\u00f6r Kft.\"},\"image\":{\"@id\":\"https:\/\/bizalmikor.hu\/blog\/#logo\"}},{\"@type\":\"WebSite\",\"@id\":\"https:\/\/bizalmikor.hu\/blog\/#website\",\"url\":\"https:\/\/bizalmikor.hu\/blog\/\",\"name\":\"Bizalmi K\\u00f6r blog\",\"description\":\"Egynek minden neh\\u00e9z, soknak semmi sem lehetetlen.\",\"publisher\":{\"@id\":\"https:\/\/bizalmikor.hu\/blog\/#organization\"},\"potentialAction\":[{\"@type\":\"SearchAction\",\"target\":\"https:\/\/bizalmikor.hu\/blog\/?s={search_term_string}\",\"query-input\":\"required name=search_term_string\"}],\"inLanguage\":\"hu\"},{\"@type\":\"ImageObject\",\"@id\":\"https:\/\/bizalmikor.hu\/blog\/2020\/09\/02\/tollas-attila-a-felkeszules-soran-eldol-hogyan-allunk-majd-fel-a-targyaloasztaltol\/#primaryimage\",\"inLanguage\":\"hu\",\"url\":\"https:\/\/bizalmikor.hu\/blog\/wp-content\/uploads\/2020\/09\/artworks-000126331354-xbcka2-t500x500.jpg\",\"width\":500,\"height\":500},{\"@type\":\"WebPage\",\"@id\":\"https:\/\/bizalmikor.hu\/blog\/2020\/09\/02\/tollas-attila-a-felkeszules-soran-eldol-hogyan-allunk-majd-fel-a-targyaloasztaltol\/#webpage\",\"url\":\"https:\/\/bizalmikor.hu\/blog\/2020\/09\/02\/tollas-attila-a-felkeszules-soran-eldol-hogyan-allunk-majd-fel-a-targyaloasztaltol\/\",\"name\":\"Tollas Attila: A felk\\u00e9sz\\u00fcl\\u00e9s sor\\u00e1n eld\\u0151l, hogyan \\u00e1llunk majd fel a t\\u00e1rgyal\\u00f3asztalt\\u00f3l\",\"isPartOf\":{\"@id\":\"https:\/\/bizalmikor.hu\/blog\/#website\"},\"primaryImageOfPage\":{\"@id\":\"https:\/\/bizalmikor.hu\/blog\/2020\/09\/02\/tollas-attila-a-felkeszules-soran-eldol-hogyan-allunk-majd-fel-a-targyaloasztaltol\/#primaryimage\"},\"datePublished\":\"2020-09-02T07:00:00+00:00\",\"dateModified\":\"2020-09-02T09:57:03+00:00\",\"description\":\"A felk\\u00e9sz\\u00fcl\\u00e9s sor\\u00e1n eld\\u0151l, hogyan \\u00e1llunk majd fel a t\\u00e1rgyal\\u00f3asztalt\\u00f3l. Mi t\\u00f6rt\\u00e9nik egy t\\u00e1rgyal\\u00e1son? Szak\\u00e9rt\\u0151vel besz\\u00e9lgett\\u00fcnk az EU k\\u00f6lts\\u00e9gvet\\u00e9si t\\u00e1rgyal\\u00e1s\\u00e1r\\u00f3l.\",\"inLanguage\":\"hu\",\"potentialAction\":[{\"@type\":\"ReadAction\",\"target\":[\"https:\/\/bizalmikor.hu\/blog\/2020\/09\/02\/tollas-attila-a-felkeszules-soran-eldol-hogyan-allunk-majd-fel-a-targyaloasztaltol\/\"]}]},{\"@type\":\"Article\",\"@id\":\"https:\/\/bizalmikor.hu\/blog\/2020\/09\/02\/tollas-attila-a-felkeszules-soran-eldol-hogyan-allunk-majd-fel-a-targyaloasztaltol\/#article\",\"isPartOf\":{\"@id\":\"https:\/\/bizalmikor.hu\/blog\/2020\/09\/02\/tollas-attila-a-felkeszules-soran-eldol-hogyan-allunk-majd-fel-a-targyaloasztaltol\/#webpage\"},\"author\":{\"@id\":\"https:\/\/bizalmikor.hu\/blog\/#\/schema\/person\/a89936ed381c3afa4cd7a27040dbfb07\"},\"headline\":\"Tollas Attila: A felk\\u00e9sz\\u00fcl\\u00e9s sor\\u00e1n eld\\u0151l, hogyan \\u00e1llunk majd fel a t\\u00e1rgyal\\u00f3asztalt\\u00f3l\",\"datePublished\":\"2020-09-02T07:00:00+00:00\",\"dateModified\":\"2020-09-02T09:57:03+00:00\",\"mainEntityOfPage\":{\"@id\":\"https:\/\/bizalmikor.hu\/blog\/2020\/09\/02\/tollas-attila-a-felkeszules-soran-eldol-hogyan-allunk-majd-fel-a-targyaloasztaltol\/#webpage\"},\"publisher\":{\"@id\":\"https:\/\/bizalmikor.hu\/blog\/#organization\"},\"image\":{\"@id\":\"https:\/\/bizalmikor.hu\/blog\/2020\/09\/02\/tollas-attila-a-felkeszules-soran-eldol-hogyan-allunk-majd-fel-a-targyaloasztaltol\/#primaryimage\"},\"articleSection\":\"V\\u00e1llalkoz\\u00e1s\",\"inLanguage\":\"hu\"},{\"@type\":\"Person\",\"@id\":\"https:\/\/bizalmikor.hu\/blog\/#\/schema\/person\/a89936ed381c3afa4cd7a27040dbfb07\",\"name\":\"Gangel P\\u00e9ter\",\"image\":{\"@type\":\"ImageObject\",\"@id\":\"https:\/\/bizalmikor.hu\/blog\/#personlogo\",\"inLanguage\":\"hu\",\"url\":\"https:\/\/secure.gravatar.com\/avatar\/ee1c6e901d6b9c50c9a2204252c914b4?s=96&d=mm&r=g\",\"caption\":\"Gangel P\\u00e9ter\"}}]}<\/script>\n<!-- \/ Yoast SEO plugin. -->","_links":{"self":[{"href":"https:\/\/bizalmikor.hu\/blog\/wp-json\/wp\/v2\/posts\/3776"}],"collection":[{"href":"https:\/\/bizalmikor.hu\/blog\/wp-json\/wp\/v2\/posts"}],"about":[{"href":"https:\/\/bizalmikor.hu\/blog\/wp-json\/wp\/v2\/types\/post"}],"author":[{"embeddable":true,"href":"https:\/\/bizalmikor.hu\/blog\/wp-json\/wp\/v2\/users\/3"}],"replies":[{"embeddable":true,"href":"https:\/\/bizalmikor.hu\/blog\/wp-json\/wp\/v2\/comments?post=3776"}],"version-history":[{"count":3,"href":"https:\/\/bizalmikor.hu\/blog\/wp-json\/wp\/v2\/posts\/3776\/revisions"}],"predecessor-version":[{"id":3793,"href":"https:\/\/bizalmikor.hu\/blog\/wp-json\/wp\/v2\/posts\/3776\/revisions\/3793"}],"wp:featuredmedia":[{"embeddable":true,"href":"https:\/\/bizalmikor.hu\/blog\/wp-json\/wp\/v2\/media\/3778"}],"wp:attachment":[{"href":"https:\/\/bizalmikor.hu\/blog\/wp-json\/wp\/v2\/media?parent=3776"}],"wp:term":[{"taxonomy":"category","embeddable":true,"href":"https:\/\/bizalmikor.hu\/blog\/wp-json\/wp\/v2\/categories?post=3776"},{"taxonomy":"post_tag","embeddable":true,"href":"https:\/\/bizalmikor.hu\/blog\/wp-json\/wp\/v2\/tags?post=3776"}],"curies":[{"name":"wp","href":"https:\/\/api.w.org\/{rel}","templated":true}]}}