{"id":3784,"date":"2020-09-03T07:00:00","date_gmt":"2020-09-03T07:00:00","guid":{"rendered":"https:\/\/bizalmikor.hu\/blog\/?p=3784"},"modified":"2020-09-02T08:33:39","modified_gmt":"2020-09-02T08:33:39","slug":"a-bizalmi-index-erositese-az-ingatlankozvetites-agazatan-belul","status":"publish","type":"post","link":"https:\/\/bizalmikor.hu\/blog\/2020\/09\/03\/a-bizalmi-index-erositese-az-ingatlankozvetites-agazatan-belul\/","title":{"rendered":"A bizalmi index er\u0151s\u00edt\u00e9se az ingatlank\u00f6zvet\u00edt\u00e9s \u00e1gazat\u00e1n bel\u00fcl"},"content":{"rendered":"\n<p><strong>A <a href=\"https:\/\/www.remax.hu\/\" target=\"_blank\" rel=\"noreferrer noopener\">Fortis Future Kft.<\/a> k\u00e9pviselet\u00e9ben k\u00e9t \u00fajdons\u00fclt taggal is b\u0151v\u00fclt a Bizalmi K\u00f6r Mastermind csoport. Diczenty-Peti Kinga \u00e9s Bal\u00e1zs ugyanis nemcsak a c\u00e9gvezet\u00e9s l\u00e1tj\u00e1k el egy\u00fcttesen, hanem hozz\u00e1nk is egyszerre csatlakoztak.<\/strong><\/p>\n\n\n\n<p><strong>A v\u00e1llalkoz\u00e1son bel\u00fcl Kinga t\u00f6lti be a fejleszt\u00e9si vezet\u0151 szerepk\u00f6r\u00e9t, vagyis \u0151 foglalkozik a marketing, a strat\u00e9giaalkot\u00e1s feladat\u00e1val \u00e9s a koll\u00e9g\u00e1k fejleszt\u00e9s\u00e9vel. Bal\u00e1zs pedig kifejezetten az \u00e9rt\u00e9kes\u00edt\u00e9st koordin\u00e1lja, teh\u00e1t a megb\u00edz\u00f3kkal \u00e9s az \u00fcgyfelekkel is \u0151 tartja a kapcsolatot.<\/strong><\/p>\n\n\n\n<h2 class=\"wp-block-heading\"><strong>Amikor a tev\u00e9kenys\u00e9g\u00fck r\u00f6vid bemutat\u00e1s\u00e1t k\u00e9rt\u00fck t\u0151l\u00fck, akkor a k\u00f6vetkez\u0151 v\u00e1laszt adt\u00e1k:<\/strong><\/h2>\n\n\n\n<blockquote class=\"wp-block-quote is-layout-flow wp-block-quote-is-layout-flow\"><p><strong>Ingatlank\u00f6zvet\u00edt\u00e9ssel foglalkozunk att\u00f3l a v\u00edzi\u00f3t\u00f3l vez\u00e9relve, hogy ezt a tev\u00e9kenys\u00e9get is lehet itthon kicsit m\u00e1sk\u00e9nt, de mindenf\u00e9lek\u00e9ppen jobban csin\u00e1lni. <\/strong><\/p><\/blockquote>\n\n\n\n<p>A vil\u00e1g legnagyobb ingatlan h\u00e1l\u00f3zat\u00e1nak sz\u00e1m\u00edt\u00f3 REMAX FORTIS franchise partnereik\u00e9nt dolgozunk Budapesten a 13. ker\u00fcleti irod\u00e1nkban.<\/p>\n\n\n\n<p>Sz\u00e1munkra kiemelten fontos volt az els\u0151 pillanatt\u00f3l kezdve, hogy az \u00fcgyfeleink magas min\u0151s\u00e9get kapjanak az \u00e1ltalunk ny\u00fajtott szolg\u00e1ltat\u00e1s keretei k\u00f6z\u00f6tt. Emiatt d\u00f6nt\u00f6tt\u00fcnk a REMAX mellett, mert az \u00e1ltalunk elk\u00e9pzelt filoz\u00f3fia remek\u00fcl passzolt az \u00e9rt\u00e9keikhez.<\/p>\n\n\n\n<p>Mag\u00e1nemberk\u00e9nt kor\u00e1bbam akadt n\u00e9h\u00e1ny rossz tapasztalatunk \u00e9s horror sztorink ingatlank\u00f6zvet\u00edt\u0151kkel egy\u00fcttm\u0171k\u00f6dve. Elt\u00f6k\u00e9lt sz\u00e1nd\u00e9kunk v\u00e1ltoz\u00e1st el\u0151mozd\u00edtani az \u00e1gazat meg\u00edt\u00e9l\u00e9s\u00e9t tekintve.<\/p>\n\n\n\n<h2 class=\"wp-block-heading\"><strong>A c\u00e9gfiloz\u00f3fi\u00e1r\u00f3l \u00e9s \u00e9rt\u00e9krendr\u0151l kicsit b\u0151vebben is mes\u00e9ltek nek\u00fcnk:<\/strong><\/h2>\n\n\n\n<p>A REMAX elvei teljesen szembe mennek az itthon megszokott klis\u00e9kkel. Alapvet\u0151en az Amerik\u00e1ban alkalmazott \u00e9s j\u00f3l bev\u00e1lt gyakorlatokat igyeksz\u00fcnk min\u00e9l ink\u00e1bb \u00e9rv\u00e9nyes\u00edteni Magyarorsz\u00e1gon.\u00a0<\/p>\n\n\n\n<blockquote class=\"wp-block-quote is-layout-flow wp-block-quote-is-layout-flow\"><p><strong>P\u00e9ld\u00e1ul a lak\u00e1sokat nem okostelefonnal fot\u00f3zzuk, hanem profi enteri\u0151r vagy \u00e9p\u00fcletfot\u00f3st h\u00edvunk saj\u00e1t k\u00f6lts\u00e9gen. Rengeteg marketing eszk\u00f6zt haszn\u00e1lunk, mik\u00f6zben az \u00e1ltalunk meghirdetett ingatlanok 118 orsz\u00e1gban jelennek meg.\u00a0<\/strong><\/p><\/blockquote>\n\n\n\n<p>Az ad\u00e1sv\u00e9telek mell\u00e9 tov\u00e1bb\u00e1 teljes k\u00f6r\u0171 jogi t\u00e1mogat\u00e1st is biztos\u00edtunk. Tudni kell ugyanis kezelni azt a szitu\u00e1ci\u00f3t, ha egy-egy hirdet\u00e9sre k\u00fclf\u00f6ldi vev\u0151 jelentkezik. Ilyenkor jelen vagyunk \u00e9s k\u00f6zrem\u0171k\u00f6d\u00fcnk abban, hogy mindk\u00e9t f\u00e9l \u00e9rdekei \u00e9rv\u00e9nyes\u00fcljenek.<\/p>\n\n\n\n<h2 class=\"wp-block-heading\"><strong>K\u00fcl\u00f6n saj\u00e1toss\u00e1ga az egy\u00fcttm\u0171k\u00f6d\u00e9seknek az exkluz\u00edv szerz\u0151d\u00e9s:<\/strong><\/h2>\n\n\n\n<p>\u00dagynevezett exkluz\u00edv szerz\u0151d\u00e9ssel dolgozunk. Ennek keretei k\u00f6z\u00f6tt az elad\u00f3 kiz\u00e1r\u00f3lag minket b\u00edz meg, \u00e9s gyakorlatilag kulcsot kapunk t\u0151le az ingatlanhoz. Teljes m\u00e9rt\u00e9kben levessz\u00fck a v\u00e1ll\u00e1r\u00f3l a folyamattal kapcsolatos teend\u0151ket, vagyis az \u00e1ltala kiv\u00e1lasztott vev\u0151vel t\u00e9nylegesen az ad\u00e1sv\u00e9telkor kell csak tal\u00e1lkoznia.<\/p>\n\n\n\n<h2 class=\"wp-block-heading\"><strong>A Kinga \u00e9s Bal\u00e1zs \u00e1ltal vezetett iroda viszonylag \u00faj szerepl\u0151nek sz\u00e1m\u00edt a piacon, ennek f\u00e9ny\u00e9ben m\u00e9g ink\u00e1bb dics\u00e9retes az eredm\u00e9nyess\u00e9g\u00fck:<\/strong><\/h2>\n\n\n\n<p>\u00a0Tavaly j\u00faliusban indultunk el, a REMAX-on bel\u00fcl teh\u00e1t viszonylag friss irodak\u00e9nt m\u0171k\u00f6d\u00fcnk. Mi vagyunk az egyetlenek, akik \u00fagy kaptak franchise jogot, hogy nem ingatlan k\u00f6zvet\u00edt\u00e9sb\u0151l \u00e9rkeztek.<\/p>\n\n\n\n<blockquote class=\"wp-block-quote is-layout-flow wp-block-quote-is-layout-flow\"><p><strong>Jelenleg \u00f6t f\u0151s a csapatunk, a magas min\u0151s\u00e9g fenntart\u00e1sa v\u00e9gett is limit\u00e1lt portfoli\u00f3val dolgozunk. Kiemelten fontos a sz\u00e1munkra, hogy minden koll\u00e9ga kell\u0151 gyakorlattal, rutinnal \u00e9s h\u00e1tt\u00e9rrel rendelkezzen.<\/strong><\/p><\/blockquote>\n\n\n\n<h2 class=\"wp-block-heading\"><strong>Term\u00e9szetesen arr\u00f3l is \u00e9rdekl\u0151dt\u00fcnk King\u00e1n\u00e1l \u00e9s Bal\u00e1zsn\u00e1l, hogy a mesterelme csoporton milyen kih\u00edv\u00e1sok \u00e1thidal\u00e1s\u00e1ban j\u00f6n j\u00f3l nekik mindenf\u00e9le seg\u00edts\u00e9g:<\/strong><\/h2>\n\n\n\n<p>\u00dagymond c\u00e9lk\u00e9nt t\u0171zt\u00fck ki a magyar t\u00e1rsadalom azon rossz beidegz\u0151d\u00e9s\u00e9nek megv\u00e1ltoztat\u00e1s\u00e1t, miszerint ha valami dr\u00e1ga, akkor az biztosan \u00e1tver\u00e9s. Fogalmazhatunk \u00fagy is, hogy a bizalmi indexet igyeksz\u00fcnk er\u0151s\u00edteni. Ehhez pedig minden \u00f6tlet \u00e9s eszk\u00f6z j\u00f3l j\u00f6het.<\/p>\n\n\n\n<blockquote class=\"wp-block-quote is-layout-flow wp-block-quote-is-layout-flow\"><p><strong>Szint\u00e9n kih\u00edv\u00e1st jelent folyamatos motiv\u00e1ci\u00f3t \u00e9s harmonikus \u00e1llapotot fenntartani az \u00e9rt\u00e9kes\u00edt\u0151inkkel.<\/strong><\/p><\/blockquote>\n\n\n\n<p> Nem egy hagyom\u00e1nyos alkalmazotti poz\u00edci\u00f3r\u00f3l van ugyanis sz\u00f3,\u00a0 \u00e9s bizony a v\u00e1llalkoz\u00f3i szeml\u00e9let er\u0151s\u00edt\u00e9se egy folyamatos fejleszt\u00e9si folyamatot jelent a vel\u00fck val\u00f3 egy\u00fcttm\u0171k\u00f6d\u00e9s ter\u00e9n.<\/p>\n\n\n\n<p>A mi er\u0151ss\u00e9g\u00fcnk pedig legink\u00e1bb a kreativit\u00e1s. K\u00fcls\u0151 szeml\u00e9l\u0151k\u00e9nt gyakran tudunk teljesen \u00faj \u00f6tleteket, eszk\u00f6z\u00f6ket \u00e9s megold\u00e1sokat kital\u00e1lni. Olyanokat, amelyek kor\u00e1bban nem mer\u00fcltek m\u00e9g fel.<\/p>\n\n\n\n<h2 class=\"wp-block-heading\"><strong>Ha pedig kikapcsol\u00f3d\u00e1sr\u00f3l \u00e9s felt\u00f6lt\u0151d\u00e9sr\u0151l van sz\u00f3, Kinga \u00e9s Bal\u00e1zs sz\u00edvesen t\u00f6lt el min\u0151s\u00e9gi id\u0151t j\u00f3 t\u00e1rsas\u00e1gban:<\/strong><\/h2>\n\n\n\n<p>Mindketten a gasztron\u00f3mia szerelmesei vagyunk, ami a l\u00e9leknek \u00e9s a kil\u00f3knak is j\u00f3t tesz. Nagyon szeret\u00fcnk csal\u00e1di k\u00f6rben mozogni \u00e9s k\u00e1rty\u00e1zni, a csal\u00e1di Kanaszta harcokat rendszerint \u00e9lm\u00e9nysz\u00e1mba mennek.\u00a0<\/p>\n\n\n\n<p>Emellett szeretj\u00fck az extr\u00e9m sportokat, p\u00e9ld\u00e1ul mindketten ugrottunk m\u00e1r ejt\u0151erny\u0151vel. T\u00e1rsas\u00e1gi emberek vagyunk, sz\u00f3val a program jellege majdhogynem mindegy, ahol j\u00f3 a t\u00e1rsas\u00e1g, oda sz\u00edvesen megy\u00fcnk.<\/p>\n\n\n\n<hr class=\"wp-block-separator is-style-wide\"\/>\n\n\n\n<h1 class=\"has-text-align-center wp-block-heading\">Szeretn\u00e9l megismerkedni klubtagjainkkal? K\u00e9rj egy megh\u00edv\u00f3t!<\/h1>\n\n\n\n<div class=\"wp-block-button aligncenter\"><a class=\"wp-block-button__link has-background\" href=\"https:\/\/bizalmikor.hu\/kapcsolat\/\" style=\"background-color:#14496b\" target=\"_blank\" rel=\"noreferrer noopener\"><strong>\u00c9rdekel a Bizalmi K\u00f6r klubtags\u00e1g<\/strong><\/a><\/div>\n\n\n\n<hr class=\"wp-block-separator is-style-wide\"\/>\n","protected":false},"excerpt":{"rendered":"<p>A Fortis Future Kft. k\u00e9pviselet\u00e9ben k\u00e9t \u00fajdons\u00fclt taggal is b\u0151v\u00fclt a Bizalmi K\u00f6r Mastermind csoport. Diczenty-Peti Kinga \u00e9s Bal\u00e1zs ugyanis nemcsak a c\u00e9gvezet\u00e9s l\u00e1tj\u00e1k el egy\u00fcttesen, hanem hozz\u00e1nk is egyszerre csatlakoztak.<\/p>\n","protected":false},"author":3,"featured_media":3785,"comment_status":"closed","ping_status":"open","sticky":false,"template":"","format":"standard","meta":{"footnotes":""},"categories":[23,24,16],"tags":[],"yoast_head":"<!-- This site is optimized with the Yoast SEO plugin v15.4 - https:\/\/yoast.com\/wordpress\/plugins\/seo\/ -->\n<title>A bizalmi index er\u0151s\u00edt\u00e9se az ingatlank\u00f6zvet\u00edt\u00e9s \u00e1gazat\u00e1n bel\u00fcl<\/title>\n<meta name=\"description\" content=\"A Fortis Future Kft. k\u00e9pviselet\u00e9ben k\u00e9t \u00fajdons\u00fclt taggal is b\u0151v\u00fclt a Bizalmi K\u00f6r Mastermind csoport. Diczenty-Peti Kinga \u00e9s Bal\u00e1zs ugyanis nemcsak a c\u00e9gvezet\u00e9s l\u00e1tj\u00e1k el egy\u00fcttesen, hanem hozz\u00e1nk is egyszerre csatlakoztak.\" \/>\n<meta name=\"robots\" content=\"index, follow, max-snippet:-1, max-image-preview:large, max-video-preview:-1\" \/>\n<link rel=\"canonical\" href=\"https:\/\/bizalmikor.hu\/blog\/2020\/09\/03\/a-bizalmi-index-erositese-az-ingatlankozvetites-agazatan-belul\/\" \/>\n<meta property=\"og:locale\" content=\"hu_HU\" \/>\n<meta property=\"og:type\" content=\"article\" \/>\n<meta property=\"og:title\" content=\"A bizalmi index er\u0151s\u00edt\u00e9se az ingatlank\u00f6zvet\u00edt\u00e9s \u00e1gazat\u00e1n bel\u00fcl\" \/>\n<meta property=\"og:description\" content=\"A Fortis Future Kft. k\u00e9pviselet\u00e9ben k\u00e9t \u00fajdons\u00fclt taggal is b\u0151v\u00fclt a Bizalmi K\u00f6r Mastermind csoport. Diczenty-Peti Kinga \u00e9s Bal\u00e1zs ugyanis nemcsak a c\u00e9gvezet\u00e9s l\u00e1tj\u00e1k el egy\u00fcttesen, hanem hozz\u00e1nk is egyszerre csatlakoztak.\" \/>\n<meta property=\"og:url\" content=\"https:\/\/bizalmikor.hu\/blog\/2020\/09\/03\/a-bizalmi-index-erositese-az-ingatlankozvetites-agazatan-belul\/\" \/>\n<meta property=\"og:site_name\" content=\"Bizalmi K\u00f6r blog\" \/>\n<meta property=\"article:publisher\" content=\"https:\/\/www.facebook.com\/bizalmikor\" \/>\n<meta property=\"article:published_time\" content=\"2020-09-03T07:00:00+00:00\" \/>\n<meta property=\"article:modified_time\" content=\"2020-09-02T08:33:39+00:00\" \/>\n<meta property=\"og:image\" content=\"https:\/\/bizalmikor.hu\/blog\/wp-content\/uploads\/2020\/09\/RemaxFortis_312.jpg\" \/>\n\t<meta property=\"og:image:width\" content=\"2447\" \/>\n\t<meta property=\"og:image:height\" content=\"1634\" \/>\n<meta name=\"twitter:card\" content=\"summary_large_image\" \/>\n<meta name=\"twitter:label1\" content=\"Szerz\u0151:\">\n\t<meta name=\"twitter:data1\" content=\"Gangel P\u00e9ter\">\n\t<meta name=\"twitter:label2\" content=\"Becs\u00fclt olvas\u00e1si id\u0151\">\n\t<meta name=\"twitter:data2\" content=\"4 perc\">\n<script type=\"application\/ld+json\" class=\"yoast-schema-graph\">{\"@context\":\"https:\/\/schema.org\",\"@graph\":[{\"@type\":\"Organization\",\"@id\":\"https:\/\/bizalmikor.hu\/blog\/#organization\",\"name\":\"Bizalmi K\\u00f6r Kft.\",\"url\":\"https:\/\/bizalmikor.hu\/blog\/\",\"sameAs\":[\"https:\/\/www.facebook.com\/bizalmikor\",\"https:\/\/www.instagram.com\/bizalmikor\/\",\"https:\/\/www.linkedin.com\/company\/19165894\",\"https:\/\/www.youtube.com\/channel\/UC7fAD3QCIWeSexU5t6F3YOw?view_as=subscriber\"],\"logo\":{\"@type\":\"ImageObject\",\"@id\":\"https:\/\/bizalmikor.hu\/blog\/#logo\",\"inLanguage\":\"hu\",\"url\":\"https:\/\/bizalmikor.hu\/blog\/wp-content\/uploads\/2019\/02\/Group-2.png\",\"width\":4033,\"height\":1192,\"caption\":\"Bizalmi K\\u00f6r Kft.\"},\"image\":{\"@id\":\"https:\/\/bizalmikor.hu\/blog\/#logo\"}},{\"@type\":\"WebSite\",\"@id\":\"https:\/\/bizalmikor.hu\/blog\/#website\",\"url\":\"https:\/\/bizalmikor.hu\/blog\/\",\"name\":\"Bizalmi K\\u00f6r blog\",\"description\":\"Egynek minden neh\\u00e9z, soknak semmi sem lehetetlen.\",\"publisher\":{\"@id\":\"https:\/\/bizalmikor.hu\/blog\/#organization\"},\"potentialAction\":[{\"@type\":\"SearchAction\",\"target\":\"https:\/\/bizalmikor.hu\/blog\/?s={search_term_string}\",\"query-input\":\"required name=search_term_string\"}],\"inLanguage\":\"hu\"},{\"@type\":\"ImageObject\",\"@id\":\"https:\/\/bizalmikor.hu\/blog\/2020\/09\/03\/a-bizalmi-index-erositese-az-ingatlankozvetites-agazatan-belul\/#primaryimage\",\"inLanguage\":\"hu\",\"url\":\"https:\/\/bizalmikor.hu\/blog\/wp-content\/uploads\/2020\/09\/RemaxFortis_312.jpg\",\"width\":2447,\"height\":1634},{\"@type\":\"WebPage\",\"@id\":\"https:\/\/bizalmikor.hu\/blog\/2020\/09\/03\/a-bizalmi-index-erositese-az-ingatlankozvetites-agazatan-belul\/#webpage\",\"url\":\"https:\/\/bizalmikor.hu\/blog\/2020\/09\/03\/a-bizalmi-index-erositese-az-ingatlankozvetites-agazatan-belul\/\",\"name\":\"A bizalmi index er\\u0151s\\u00edt\\u00e9se az ingatlank\\u00f6zvet\\u00edt\\u00e9s \\u00e1gazat\\u00e1n bel\\u00fcl\",\"isPartOf\":{\"@id\":\"https:\/\/bizalmikor.hu\/blog\/#website\"},\"primaryImageOfPage\":{\"@id\":\"https:\/\/bizalmikor.hu\/blog\/2020\/09\/03\/a-bizalmi-index-erositese-az-ingatlankozvetites-agazatan-belul\/#primaryimage\"},\"datePublished\":\"2020-09-03T07:00:00+00:00\",\"dateModified\":\"2020-09-02T08:33:39+00:00\",\"description\":\"A Fortis Future Kft. k\\u00e9pviselet\\u00e9ben k\\u00e9t \\u00fajdons\\u00fclt taggal is b\\u0151v\\u00fclt a Bizalmi K\\u00f6r Mastermind csoport. Diczenty-Peti Kinga \\u00e9s Bal\\u00e1zs ugyanis nemcsak a c\\u00e9gvezet\\u00e9s l\\u00e1tj\\u00e1k el egy\\u00fcttesen, hanem hozz\\u00e1nk is egyszerre csatlakoztak.\",\"inLanguage\":\"hu\",\"potentialAction\":[{\"@type\":\"ReadAction\",\"target\":[\"https:\/\/bizalmikor.hu\/blog\/2020\/09\/03\/a-bizalmi-index-erositese-az-ingatlankozvetites-agazatan-belul\/\"]}]},{\"@type\":\"Article\",\"@id\":\"https:\/\/bizalmikor.hu\/blog\/2020\/09\/03\/a-bizalmi-index-erositese-az-ingatlankozvetites-agazatan-belul\/#article\",\"isPartOf\":{\"@id\":\"https:\/\/bizalmikor.hu\/blog\/2020\/09\/03\/a-bizalmi-index-erositese-az-ingatlankozvetites-agazatan-belul\/#webpage\"},\"author\":{\"@id\":\"https:\/\/bizalmikor.hu\/blog\/#\/schema\/person\/a89936ed381c3afa4cd7a27040dbfb07\"},\"headline\":\"A bizalmi index er\\u0151s\\u00edt\\u00e9se az ingatlank\\u00f6zvet\\u00edt\\u00e9s \\u00e1gazat\\u00e1n bel\\u00fcl\",\"datePublished\":\"2020-09-03T07:00:00+00:00\",\"dateModified\":\"2020-09-02T08:33:39+00:00\",\"mainEntityOfPage\":{\"@id\":\"https:\/\/bizalmikor.hu\/blog\/2020\/09\/03\/a-bizalmi-index-erositese-az-ingatlankozvetites-agazatan-belul\/#webpage\"},\"publisher\":{\"@id\":\"https:\/\/bizalmikor.hu\/blog\/#organization\"},\"image\":{\"@id\":\"https:\/\/bizalmikor.hu\/blog\/2020\/09\/03\/a-bizalmi-index-erositese-az-ingatlankozvetites-agazatan-belul\/#primaryimage\"},\"articleSection\":\"Klubtagok bemutat\\u00e1sa,\\u00dczleti \\u00e9rdekess\\u00e9gek,V\\u00e1llalkoz\\u00e1s\",\"inLanguage\":\"hu\"},{\"@type\":\"Person\",\"@id\":\"https:\/\/bizalmikor.hu\/blog\/#\/schema\/person\/a89936ed381c3afa4cd7a27040dbfb07\",\"name\":\"Gangel P\\u00e9ter\",\"image\":{\"@type\":\"ImageObject\",\"@id\":\"https:\/\/bizalmikor.hu\/blog\/#personlogo\",\"inLanguage\":\"hu\",\"url\":\"https:\/\/secure.gravatar.com\/avatar\/ee1c6e901d6b9c50c9a2204252c914b4?s=96&d=mm&r=g\",\"caption\":\"Gangel P\\u00e9ter\"}}]}<\/script>\n<!-- \/ Yoast SEO plugin. -->","_links":{"self":[{"href":"https:\/\/bizalmikor.hu\/blog\/wp-json\/wp\/v2\/posts\/3784"}],"collection":[{"href":"https:\/\/bizalmikor.hu\/blog\/wp-json\/wp\/v2\/posts"}],"about":[{"href":"https:\/\/bizalmikor.hu\/blog\/wp-json\/wp\/v2\/types\/post"}],"author":[{"embeddable":true,"href":"https:\/\/bizalmikor.hu\/blog\/wp-json\/wp\/v2\/users\/3"}],"replies":[{"embeddable":true,"href":"https:\/\/bizalmikor.hu\/blog\/wp-json\/wp\/v2\/comments?post=3784"}],"version-history":[{"count":2,"href":"https:\/\/bizalmikor.hu\/blog\/wp-json\/wp\/v2\/posts\/3784\/revisions"}],"predecessor-version":[{"id":3787,"href":"https:\/\/bizalmikor.hu\/blog\/wp-json\/wp\/v2\/posts\/3784\/revisions\/3787"}],"wp:featuredmedia":[{"embeddable":true,"href":"https:\/\/bizalmikor.hu\/blog\/wp-json\/wp\/v2\/media\/3785"}],"wp:attachment":[{"href":"https:\/\/bizalmikor.hu\/blog\/wp-json\/wp\/v2\/media?parent=3784"}],"wp:term":[{"taxonomy":"category","embeddable":true,"href":"https:\/\/bizalmikor.hu\/blog\/wp-json\/wp\/v2\/categories?post=3784"},{"taxonomy":"post_tag","embeddable":true,"href":"https:\/\/bizalmikor.hu\/blog\/wp-json\/wp\/v2\/tags?post=3784"}],"curies":[{"name":"wp","href":"https:\/\/api.w.org\/{rel}","templated":true}]}}