{"id":5098,"date":"2021-04-09T10:08:28","date_gmt":"2021-04-09T10:08:28","guid":{"rendered":"https:\/\/bizalmikor.hu\/blog\/?p=5098"},"modified":"2021-04-12T07:06:59","modified_gmt":"2021-04-12T07:06:59","slug":"szakember-kereskedes-avagy-minden-amire-egy-ingatlan-beruhazas-kapcsan-szukseg-lehet","status":"publish","type":"post","link":"https:\/\/bizalmikor.hu\/blog\/2021\/04\/09\/szakember-kereskedes-avagy-minden-amire-egy-ingatlan-beruhazas-kapcsan-szukseg-lehet\/","title":{"rendered":"Hufbau Akker \u2013 avagy minden, amire egy ingatlan beruh\u00e1z\u00e1s kapcs\u00e1n sz\u00fcks\u00e9g lehet"},"content":{"rendered":"\n<p><strong>Tur\u00fa D\u00e1vid szem\u00e9ly\u00e9ben \u00fajfent egy izgalmas szem\u00e9ly csatlakozott a Bizalmi K\u00f6r MRD+ NextGen vezet\u0151i klubhoz. Az <a href=\"https:\/\/akker.hu\/\">Akker-Plus Kft.<\/a> vezet\u0151je is igent mondott az ilyenkor szok\u00e1sos bemutatkoz\u00f3 interj\u00fara vonatkoz\u00f3 k\u00e9r\u00e9s\u00fcnkre. Fogadj\u00e1tok teh\u00e1t szeretettel az interj\u00fa leirat\u00e1t:<\/strong><\/p>\n\n\n\n<p>&nbsp;\u201eA c\u00e9g\u00fcnk f\u0151 profilja az \u00e9p\u00edt\u0151anyag kereskedelem. Az \u00fagynevezett projekt piac mellett kis- \u00e9s nagy kereskedelmi partnereket szolg\u00e1ljuk ki. \u00dagy is fogalmazhatok, hogy igaz\u00e1b\u00f3l szakember keresked\u00e9s vagyunk.<\/p>\n\n\n\n<p>A portfoli\u00f3nk 100%-ban lefedi azt, amire sz\u00fcks\u00e9g lehet egy csal\u00e1di h\u00e1z \u00e9p\u00edt\u00e9s\u00e9hez vagy b\u00e1rmilyen ingatlan beruh\u00e1z\u00e1shoz. Vagyis az \u00e9p\u00edt\u0151anyagok, ny\u00edl\u00e1sz\u00e1r\u00f3k, burkol\u00f3anyagok, fest\u00e9kek, \u00e9p\u00fcletg\u00e9p\u00e9szet, parkett\u00e1k, kerti eszk\u00f6z\u00f6k, m\u0171szaki kell\u00e9kek, illetve villanyszerel\u00e9ssel kapcsolatos term\u00e9kek beszerz\u00e9s\u00e9ben egyar\u00e1nt seg\u00edt\u00fcnk.<\/p>\n\n\n\n<p>Teh\u00e1t m\u00e9g m\u0171szaki term\u00e9keket is \u00e1rus\u00edtunk, egyed\u00fcl a b\u00fatorzat ter\u00fclet\u00e9n nem k\u00e9pviseltetj\u00fck magunkat.\u201d<\/p>\n\n\n\n<div style=\"height:20px\" aria-hidden=\"true\" class=\"wp-block-spacer\"><\/div>\n\n\n\n<h2 class=\"wp-block-heading\"><strong>D\u00e1vid elmond\u00e1sa szerint eg\u00e9szen a gyerekkor\u00e1t\u00f3l kezdve nem is lehetett k\u00e9rd\u00e9s, hogy a k\u00e9s\u0151bbiekben a csal\u00e1di v\u00e1llalkoz\u00e1sban szeretne fontos szerepet v\u00e1llalni:<\/strong><\/h2>\n\n\n\n<div style=\"height:20px\" aria-hidden=\"true\" class=\"wp-block-spacer\"><\/div>\n\n\n\n<p>\u201e\u00c9desap\u00e1m az \u00fczlett\u00e1rsaival alap\u00edtotta annak idej\u00e9n Akaszt\u00f3n a t\u00fcz\u00e9pet, \u00e9n pedig m\u00e1r \u00e1ltal\u00e1nos iskol\u00e1s koromban is a c\u00e9gn\u00e9l t\u00f6lt\u00f6ttem a nyarak nagy r\u00e9sz\u00e9t. M\u00e1r ekkor tudtam, hogy a tanulm\u00e1nyaim v\u00e9gezt\u00e9vel is itt akarok dolgozni.<\/p>\n\n\n\n<blockquote class=\"wp-block-quote is-layout-flow wp-block-quote-is-layout-flow\"><p>Gazd\u00e1lkod\u00e1si menedzsment szakot v\u00e9geztem, de nem a p\u00e9nz\u00fcgyi szf\u00e9r\u00e1ban k\u00e9pzeltem el magam hosszabb t\u00e1von. Egy\u00e9rtelm\u0171en a v\u00e1llalkoz\u00f3i szf\u00e9r\u00e1ra f\u00f3kusz\u00e1ltam. Csakis az Akker-Plus Kft.-ben t\u00f6rt\u00e9n\u0151 szerepv\u00e1llal\u00e1s foglalkoztatott, hiszen kiskoromt\u00f3l fogva ebben n\u0151ttem fel.<\/p><\/blockquote>\n\n\n\n<p>El\u0151sz\u00f6r a bor\u00e1szati \u00fczlet\u00e1gunkat ismertem meg k\u00f6zelebbr\u0151l, majd az \u00e9p\u00edt\u0151anyag vonalon a kereskedelem \u00e9s marketing tartozott hozz\u00e1m. Azt\u00e1n megkaptam feladatk\u00e9nt az \u00e1ruh\u00e1zi kereskedelmi ir\u00e1ny\u00edt\u00e1st, mostanra pedig m\u00e1r teljes kiskereskedelem\u00e9rt felelek az \u00f6sszes telephelyre vonatkoz\u00f3an.\u201d<\/p>\n\n\n\n<div style=\"height:20px\" aria-hidden=\"true\" class=\"wp-block-spacer\"><\/div>\n\n\n\n<h2 class=\"wp-block-heading\"><strong>Term\u00e9szetesen r\u00e1k\u00e9rdezt\u00fcnk arra is, hogy a 2020-as \u00e9vben bek\u00f6vetkezett mark\u00e1ns v\u00e1ltoz\u00e1sok mik\u00e9nt \u00e9rintett\u00e9k az Akker-Plus Kft. c\u00e9ljait \u00e9s m\u0171k\u00f6d\u00e9s\u00e9t:<\/strong><\/h2>\n\n\n\n<div style=\"height:20px\" aria-hidden=\"true\" class=\"wp-block-spacer\"><\/div>\n\n\n\n<p>\u201eNyilv\u00e1n sz\u00e1munkra is nagyon sok \u00faj kih\u00edv\u00e1st teremtett a kialakult helyzet. Viszont ezeket ink\u00e1bb lehet\u0151s\u00e9gk\u00e9nt pr\u00f3b\u00e1ltunk felhaszn\u00e1lni. Az biztos, hogy rendk\u00edv\u00fcl gyorsan kellett reag\u00e1lnunk az esem\u00e9nyekre.<\/p>\n\n\n\n<p>Mivel siker\u00fclt gyors \u00e9s er\u0151teljes v\u00e1laszt adnunk a kialakult \u00faj helyzetre, \u00edgy n\u00f6veked\u00e9st tudtunk egy\u00e9bk\u00e9nt produk\u00e1lni. Persze ett\u0151l f\u00fcggetlen\u00fcl is folyamatosan kih\u00edv\u00e1s el\u00e9 \u00e1ll\u00edtjuk magunkat.&nbsp;<\/p>\n\n\n\n<blockquote class=\"wp-block-quote is-layout-flow wp-block-quote-is-layout-flow\"><p>Sz\u00fcks\u00e9g\u00fcnk is van a fejl\u0151d\u00e9sre, mert a fel\u00faj\u00edt\u00e1si program k\u00f6vetkezt\u00e9ben megn\u00f6vekedett \u00e9rdekl\u0151d\u00e9st min\u00e9l hat\u00e9konyabban szeretn\u00e9nk lekezelni. Tov\u00e1bb\u00e1 \u00faj szegmenseket is n\u00e9zeget\u00fcnk, folyamatosan b\u0151v\u00edtj\u00fck a csapatunk 180-190 f\u0151s l\u00e9tsz\u00e1m\u00e1t, mik\u00f6zben az telephelyek nyit\u00e1s\u00e1nak lehet\u0151s\u00e9ge is az asztalon van.\u201d<\/p><\/blockquote>\n\n\n\n<div style=\"height:20px\" aria-hidden=\"true\" class=\"wp-block-spacer\"><\/div>\n\n\n\n<h2 class=\"wp-block-heading\"><strong>A szok\u00e1sos \u201efelt\u00f6lt\u0151d\u00e9s \u2013 \u00f6nfejleszt\u00e9s \u2013 kikapcsol\u00f3d\u00e1s\u201d h\u00e1rmas sem maradhatott ki a feltett k\u00e9rd\u00e9sek k\u00f6z\u00f6tt:<\/strong><\/h2>\n\n\n\n<div style=\"height:20px\" aria-hidden=\"true\" class=\"wp-block-spacer\"><\/div>\n\n\n\n<p>\u201eRengeteget olvasok, igyekszem folyamatosan sz\u00e9les\u00edteni a tud\u00e1som. A min\u0151s\u00e9gi szakmai k\u00f6nyveken t\u00fal szeretek tanulni a n\u00e1lam tapasztaltabb szem\u00e9lyekt\u0151l, hogy amennyire csak lehet, magamba tudjam sz\u00edvni az \u00e9rt\u00e9kes tud\u00e1sukat.<\/p>\n\n\n\n<p>A szabadid\u0151met term\u00e9szetesen szeretem a csal\u00e1ddal k\u00f6z\u00f6sen meg\u00e9lni, a vel\u00fck k\u00f6z\u00f6sen t\u00f6lt\u00f6tt min\u0151s\u00e9gi id\u0151 egy\u00e9rtelm\u0171 felt\u00f6lt\u0151d\u00e9st jelent. A hobbim pedig a quadoz\u00e1s. Eg\u00e9sz pontosan t\u00fara quadozok, vagyis nagyobb t\u00e1vokra \u00e9s t\u00far\u00e1kra is szeretek elj\u00e1rni, egyfajta kih\u00edv\u00e1sk\u00e9nt tekintek erre.\u201d<\/p>\n\n\n\n<div style=\"height:20px\" aria-hidden=\"true\" class=\"wp-block-spacer\"><\/div>\n\n\n\n<hr class=\"wp-block-separator is-style-wide\"\/>\n\n\n\n<h1 class=\"has-text-align-center wp-block-heading\">Szeretn\u00e9l megismerkedni klubtagjainkkal? K\u00e9rj egy megh\u00edv\u00f3t!<\/h1>\n\n\n\n<div class=\"wp-block-buttons aligncenter is-layout-flex wp-block-buttons-is-layout-flex\">\n<div class=\"wp-block-button\"><a class=\"wp-block-button__link has-background\" href=\"https:\/\/bizalmikor.hu\/kapcsolat\/\" style=\"border-radius:1px;background-color:#8ec74c\" target=\"_blank\" rel=\"noreferrer noopener\">K\u00e9rek egy megh\u00edv\u00f3t!<\/a><\/div>\n<\/div>\n\n\n\n<hr class=\"wp-block-separator is-style-wide\"\/>\n","protected":false},"excerpt":{"rendered":"<p>Tur\u00fa D\u00e1vid, az Akker-Plus Kft. vezet\u0151je nemr\u00e9g csatlakozott a Bizalmi K\u00f6rh\u00f6z, aminek aprop\u00f3j\u00e1n a c\u00e9g profilja mellett sz\u00f3ba ker\u00fclt a j\u00e1rv\u00e1ny hat\u00e1sa a m\u0171k\u00f6d\u00e9s\u00fckre, \u00e9s az is, hogy mi jelent kikapcsol\u00f3d\u00e1st sz\u00e1m\u00e1ra.<\/p>\n","protected":false},"author":4,"featured_media":5099,"comment_status":"closed","ping_status":"open","sticky":false,"template":"","format":"standard","meta":{"footnotes":""},"categories":[23],"tags":[],"yoast_head":"<!-- This site is optimized with the Yoast SEO plugin v15.4 - https:\/\/yoast.com\/wordpress\/plugins\/seo\/ -->\n<title>Hufbau Akker \u2013 avagy minden, amire egy ingatlan beruh\u00e1z\u00e1s kapcs\u00e1n sz\u00fcks\u00e9g lehet<\/title>\n<meta name=\"robots\" content=\"index, follow, max-snippet:-1, max-image-preview:large, max-video-preview:-1\" \/>\n<link rel=\"canonical\" href=\"https:\/\/bizalmikor.hu\/blog\/2021\/04\/09\/szakember-kereskedes-avagy-minden-amire-egy-ingatlan-beruhazas-kapcsan-szukseg-lehet\/\" \/>\n<meta property=\"og:locale\" content=\"hu_HU\" \/>\n<meta property=\"og:type\" content=\"article\" \/>\n<meta property=\"og:title\" content=\"Hufbau Akker \u2013 avagy minden, amire egy ingatlan beruh\u00e1z\u00e1s kapcs\u00e1n sz\u00fcks\u00e9g lehet\" \/>\n<meta property=\"og:description\" content=\"Tur\u00fa D\u00e1vid, az Akker-Plus Kft. vezet\u0151je nemr\u00e9g csatlakozott a Bizalmi K\u00f6rh\u00f6z, aminek aprop\u00f3j\u00e1n a c\u00e9g profilja mellett sz\u00f3ba ker\u00fclt a j\u00e1rv\u00e1ny hat\u00e1sa a m\u0171k\u00f6d\u00e9s\u00fckre, \u00e9s az is, hogy mi jelent kikapcsol\u00f3d\u00e1st sz\u00e1m\u00e1ra.\" \/>\n<meta property=\"og:url\" content=\"https:\/\/bizalmikor.hu\/blog\/2021\/04\/09\/szakember-kereskedes-avagy-minden-amire-egy-ingatlan-beruhazas-kapcsan-szukseg-lehet\/\" \/>\n<meta property=\"og:site_name\" content=\"Bizalmi K\u00f6r blog\" \/>\n<meta property=\"article:publisher\" content=\"https:\/\/www.facebook.com\/bizalmikor\" \/>\n<meta property=\"article:published_time\" content=\"2021-04-09T10:08:28+00:00\" \/>\n<meta property=\"article:modified_time\" content=\"2021-04-12T07:06:59+00:00\" \/>\n<meta property=\"og:image\" content=\"https:\/\/bizalmikor.hu\/blog\/wp-content\/uploads\/2021\/04\/unnamed.jpg\" \/>\n\t<meta property=\"og:image:width\" content=\"1080\" \/>\n\t<meta property=\"og:image:height\" content=\"1086\" \/>\n<meta name=\"twitter:card\" content=\"summary_large_image\" \/>\n<meta name=\"twitter:label1\" content=\"Szerz\u0151:\">\n\t<meta name=\"twitter:data1\" content=\"Kov\u00e1cs Betti\">\n\t<meta name=\"twitter:label2\" content=\"Becs\u00fclt olvas\u00e1si id\u0151\">\n\t<meta name=\"twitter:data2\" content=\"3 perc\">\n<script type=\"application\/ld+json\" class=\"yoast-schema-graph\">{\"@context\":\"https:\/\/schema.org\",\"@graph\":[{\"@type\":\"Organization\",\"@id\":\"https:\/\/bizalmikor.hu\/blog\/#organization\",\"name\":\"Bizalmi K\\u00f6r Kft.\",\"url\":\"https:\/\/bizalmikor.hu\/blog\/\",\"sameAs\":[\"https:\/\/www.facebook.com\/bizalmikor\",\"https:\/\/www.instagram.com\/bizalmikor\/\",\"https:\/\/www.linkedin.com\/company\/19165894\",\"https:\/\/www.youtube.com\/channel\/UC7fAD3QCIWeSexU5t6F3YOw?view_as=subscriber\"],\"logo\":{\"@type\":\"ImageObject\",\"@id\":\"https:\/\/bizalmikor.hu\/blog\/#logo\",\"inLanguage\":\"hu\",\"url\":\"https:\/\/bizalmikor.hu\/blog\/wp-content\/uploads\/2019\/02\/Group-2.png\",\"width\":4033,\"height\":1192,\"caption\":\"Bizalmi K\\u00f6r Kft.\"},\"image\":{\"@id\":\"https:\/\/bizalmikor.hu\/blog\/#logo\"}},{\"@type\":\"WebSite\",\"@id\":\"https:\/\/bizalmikor.hu\/blog\/#website\",\"url\":\"https:\/\/bizalmikor.hu\/blog\/\",\"name\":\"Bizalmi K\\u00f6r blog\",\"description\":\"Egynek minden neh\\u00e9z, soknak semmi sem lehetetlen.\",\"publisher\":{\"@id\":\"https:\/\/bizalmikor.hu\/blog\/#organization\"},\"potentialAction\":[{\"@type\":\"SearchAction\",\"target\":\"https:\/\/bizalmikor.hu\/blog\/?s={search_term_string}\",\"query-input\":\"required name=search_term_string\"}],\"inLanguage\":\"hu\"},{\"@type\":\"ImageObject\",\"@id\":\"https:\/\/bizalmikor.hu\/blog\/2021\/04\/09\/szakember-kereskedes-avagy-minden-amire-egy-ingatlan-beruhazas-kapcsan-szukseg-lehet\/#primaryimage\",\"inLanguage\":\"hu\",\"url\":\"https:\/\/bizalmikor.hu\/blog\/wp-content\/uploads\/2021\/04\/unnamed.jpg\",\"width\":1080,\"height\":1086},{\"@type\":\"WebPage\",\"@id\":\"https:\/\/bizalmikor.hu\/blog\/2021\/04\/09\/szakember-kereskedes-avagy-minden-amire-egy-ingatlan-beruhazas-kapcsan-szukseg-lehet\/#webpage\",\"url\":\"https:\/\/bizalmikor.hu\/blog\/2021\/04\/09\/szakember-kereskedes-avagy-minden-amire-egy-ingatlan-beruhazas-kapcsan-szukseg-lehet\/\",\"name\":\"Hufbau Akker \\u2013 avagy minden, amire egy ingatlan beruh\\u00e1z\\u00e1s kapcs\\u00e1n sz\\u00fcks\\u00e9g lehet\",\"isPartOf\":{\"@id\":\"https:\/\/bizalmikor.hu\/blog\/#website\"},\"primaryImageOfPage\":{\"@id\":\"https:\/\/bizalmikor.hu\/blog\/2021\/04\/09\/szakember-kereskedes-avagy-minden-amire-egy-ingatlan-beruhazas-kapcsan-szukseg-lehet\/#primaryimage\"},\"datePublished\":\"2021-04-09T10:08:28+00:00\",\"dateModified\":\"2021-04-12T07:06:59+00:00\",\"inLanguage\":\"hu\",\"potentialAction\":[{\"@type\":\"ReadAction\",\"target\":[\"https:\/\/bizalmikor.hu\/blog\/2021\/04\/09\/szakember-kereskedes-avagy-minden-amire-egy-ingatlan-beruhazas-kapcsan-szukseg-lehet\/\"]}]},{\"@type\":\"Article\",\"@id\":\"https:\/\/bizalmikor.hu\/blog\/2021\/04\/09\/szakember-kereskedes-avagy-minden-amire-egy-ingatlan-beruhazas-kapcsan-szukseg-lehet\/#article\",\"isPartOf\":{\"@id\":\"https:\/\/bizalmikor.hu\/blog\/2021\/04\/09\/szakember-kereskedes-avagy-minden-amire-egy-ingatlan-beruhazas-kapcsan-szukseg-lehet\/#webpage\"},\"author\":{\"@id\":\"https:\/\/bizalmikor.hu\/blog\/#\/schema\/person\/00e7299231a853d1516a79accc72c9e5\"},\"headline\":\"Hufbau Akker \\u2013 avagy minden, amire egy ingatlan beruh\\u00e1z\\u00e1s kapcs\\u00e1n sz\\u00fcks\\u00e9g lehet\",\"datePublished\":\"2021-04-09T10:08:28+00:00\",\"dateModified\":\"2021-04-12T07:06:59+00:00\",\"mainEntityOfPage\":{\"@id\":\"https:\/\/bizalmikor.hu\/blog\/2021\/04\/09\/szakember-kereskedes-avagy-minden-amire-egy-ingatlan-beruhazas-kapcsan-szukseg-lehet\/#webpage\"},\"publisher\":{\"@id\":\"https:\/\/bizalmikor.hu\/blog\/#organization\"},\"image\":{\"@id\":\"https:\/\/bizalmikor.hu\/blog\/2021\/04\/09\/szakember-kereskedes-avagy-minden-amire-egy-ingatlan-beruhazas-kapcsan-szukseg-lehet\/#primaryimage\"},\"articleSection\":\"Klubtagok bemutat\\u00e1sa\",\"inLanguage\":\"hu\"},{\"@type\":\"Person\",\"@id\":\"https:\/\/bizalmikor.hu\/blog\/#\/schema\/person\/00e7299231a853d1516a79accc72c9e5\",\"name\":\"Kov\\u00e1cs Betti\",\"image\":{\"@type\":\"ImageObject\",\"@id\":\"https:\/\/bizalmikor.hu\/blog\/#personlogo\",\"inLanguage\":\"hu\",\"url\":\"https:\/\/secure.gravatar.com\/avatar\/fd71c9c38ea56f339b6854f07e38a15d?s=96&d=mm&r=g\",\"caption\":\"Kov\\u00e1cs Betti\"}}]}<\/script>\n<!-- \/ Yoast SEO plugin. -->","_links":{"self":[{"href":"https:\/\/bizalmikor.hu\/blog\/wp-json\/wp\/v2\/posts\/5098"}],"collection":[{"href":"https:\/\/bizalmikor.hu\/blog\/wp-json\/wp\/v2\/posts"}],"about":[{"href":"https:\/\/bizalmikor.hu\/blog\/wp-json\/wp\/v2\/types\/post"}],"author":[{"embeddable":true,"href":"https:\/\/bizalmikor.hu\/blog\/wp-json\/wp\/v2\/users\/4"}],"replies":[{"embeddable":true,"href":"https:\/\/bizalmikor.hu\/blog\/wp-json\/wp\/v2\/comments?post=5098"}],"version-history":[{"count":4,"href":"https:\/\/bizalmikor.hu\/blog\/wp-json\/wp\/v2\/posts\/5098\/revisions"}],"predecessor-version":[{"id":5103,"href":"https:\/\/bizalmikor.hu\/blog\/wp-json\/wp\/v2\/posts\/5098\/revisions\/5103"}],"wp:featuredmedia":[{"embeddable":true,"href":"https:\/\/bizalmikor.hu\/blog\/wp-json\/wp\/v2\/media\/5099"}],"wp:attachment":[{"href":"https:\/\/bizalmikor.hu\/blog\/wp-json\/wp\/v2\/media?parent=5098"}],"wp:term":[{"taxonomy":"category","embeddable":true,"href":"https:\/\/bizalmikor.hu\/blog\/wp-json\/wp\/v2\/categories?post=5098"},{"taxonomy":"post_tag","embeddable":true,"href":"https:\/\/bizalmikor.hu\/blog\/wp-json\/wp\/v2\/tags?post=5098"}],"curies":[{"name":"wp","href":"https:\/\/api.w.org\/{rel}","templated":true}]}}