{"id":5293,"date":"2021-06-08T19:23:18","date_gmt":"2021-06-08T19:23:18","guid":{"rendered":"https:\/\/bizalmikor.hu\/blog\/?p=5293"},"modified":"2021-06-09T14:24:31","modified_gmt":"2021-06-09T14:24:31","slug":"trust-summit-2021-junius-9-online-nap","status":"publish","type":"post","link":"https:\/\/bizalmikor.hu\/blog\/2021\/06\/08\/trust-summit-2021-junius-9-online-nap\/","title":{"rendered":"Trust Summit 2021 j\u00fanius 9. online nap"},"content":{"rendered":"\t\t<div data-elementor-type=\"wp-post\" data-elementor-id=\"5293\" class=\"elementor elementor-5293\" data-elementor-settings=\"[]\">\n\t\t\t\t\t\t<div class=\"elementor-inner\">\n\t\t\t\t\t\t\t<div class=\"elementor-section-wrap\">\n\t\t\t\t\t\t\t<section class=\"elementor-section elementor-top-section elementor-element elementor-element-a66a2d7 elementor-section-boxed elementor-section-height-default elementor-section-height-default\" data-id=\"a66a2d7\" data-element_type=\"section\">\n\t\t\t\t\t\t<div class=\"elementor-container elementor-column-gap-default\">\n\t\t\t\t\t\t\t<div class=\"elementor-row\">\n\t\t\t\t\t<div class=\"elementor-column elementor-col-100 elementor-top-column elementor-element elementor-element-d2923a0\" data-id=\"d2923a0\" data-element_type=\"column\">\n\t\t\t<div class=\"elementor-column-wrap elementor-element-populated\">\n\t\t\t\t\t\t\t<div class=\"elementor-widget-wrap\">\n\t\t\t\t\t\t<div class=\"elementor-element elementor-element-153e736 elementor-widget elementor-widget-heading\" data-id=\"153e736\" data-element_type=\"widget\" data-widget_type=\"heading.default\">\n\t\t\t\t<div class=\"elementor-widget-container\">\n\t\t\t<h2 class=\"elementor-heading-title elementor-size-default\">Gondolatok a konferenci\u00e1r\u00f3l<\/h2>\t\t<\/div>\n\t\t\t\t<\/div>\n\t\t\t\t\t\t<\/div>\n\t\t\t\t\t<\/div>\n\t\t<\/div>\n\t\t\t\t\t\t\t\t<\/div>\n\t\t\t\t\t<\/div>\n\t\t<\/section>\n\t\t\t\t<section class=\"elementor-section elementor-top-section elementor-element elementor-element-a27cca6 elementor-section-boxed elementor-section-height-default elementor-section-height-default\" data-id=\"a27cca6\" data-element_type=\"section\">\n\t\t\t\t\t\t<div class=\"elementor-container elementor-column-gap-default\">\n\t\t\t\t\t\t\t<div class=\"elementor-row\">\n\t\t\t\t\t<div class=\"elementor-column elementor-col-100 elementor-top-column elementor-element elementor-element-52cc3ea\" data-id=\"52cc3ea\" data-element_type=\"column\">\n\t\t\t<div class=\"elementor-column-wrap elementor-element-populated\">\n\t\t\t\t\t\t\t<div class=\"elementor-widget-wrap\">\n\t\t\t\t\t\t<div class=\"elementor-element elementor-element-027a05e elementor-widget elementor-widget-text-editor\" data-id=\"027a05e\" data-element_type=\"widget\" data-widget_type=\"text-editor.default\">\n\t\t\t\t<div class=\"elementor-widget-container\">\n\t\t\t\t\t<div class=\"elementor-text-editor elementor-clearfix\"><p>Regisztr\u00e1lj egy perc alatt \u00e9s gy\u0171jts inspir\u00e1ci\u00f3t ak\u00e1r eg\u00e9sz \u00e9vre!<\/p><\/div>\n\t\t\t\t<\/div>\n\t\t\t\t<\/div>\n\t\t\t\t\t\t<\/div>\n\t\t\t\t\t<\/div>\n\t\t<\/div>\n\t\t\t\t\t\t\t\t<\/div>\n\t\t\t\t\t<\/div>\n\t\t<\/section>\n\t\t\t\t<section class=\"elementor-section elementor-top-section elementor-element elementor-element-33932de elementor-section-boxed elementor-section-height-default elementor-section-height-default\" data-id=\"33932de\" data-element_type=\"section\">\n\t\t\t\t\t\t<div class=\"elementor-container elementor-column-gap-default\">\n\t\t\t\t\t\t\t<div class=\"elementor-row\">\n\t\t\t\t\t<div class=\"elementor-column elementor-col-100 elementor-top-column elementor-element elementor-element-ed9af5d\" data-id=\"ed9af5d\" data-element_type=\"column\">\n\t\t\t<div class=\"elementor-column-wrap elementor-element-populated\">\n\t\t\t\t\t\t\t<div class=\"elementor-widget-wrap\">\n\t\t\t\t\t\t<div class=\"elementor-element elementor-element-ce727a2 elementor-align-center elementor-widget elementor-widget-button\" data-id=\"ce727a2\" data-element_type=\"widget\" data-widget_type=\"button.default\">\n\t\t\t\t<div class=\"elementor-widget-container\">\n\t\t\t\t\t<div class=\"elementor-button-wrapper\">\n\t\t\t<a href=\"https:\/\/bizalmikor.hu\/trustsummit\/\" class=\"elementor-button-link elementor-button elementor-size-lg\" role=\"button\">\n\t\t\t\t\t\t<span class=\"elementor-button-content-wrapper\">\n\t\t\t\t\t\t<span class=\"elementor-button-text\">Vill\u00e1mregisztr\u00e1ci\u00f3<\/span>\n\t\t<\/span>\n\t\t\t\t\t<\/a>\n\t\t<\/div>\n\t\t\t\t<\/div>\n\t\t\t\t<\/div>\n\t\t\t\t\t\t<\/div>\n\t\t\t\t\t<\/div>\n\t\t<\/div>\n\t\t\t\t\t\t\t\t<\/div>\n\t\t\t\t\t<\/div>\n\t\t<\/section>\n\t\t\t\t<section class=\"elementor-section elementor-top-section elementor-element elementor-element-494f3a1 elementor-section-boxed elementor-section-height-default elementor-section-height-default\" data-id=\"494f3a1\" data-element_type=\"section\">\n\t\t\t\t\t\t<div class=\"elementor-container elementor-column-gap-default\">\n\t\t\t\t\t\t\t<div class=\"elementor-row\">\n\t\t\t\t\t<div class=\"elementor-column elementor-col-100 elementor-top-column elementor-element elementor-element-f65f90e\" data-id=\"f65f90e\" data-element_type=\"column\">\n\t\t\t<div class=\"elementor-column-wrap elementor-element-populated\">\n\t\t\t\t\t\t\t<div class=\"elementor-widget-wrap\">\n\t\t\t\t\t\t<div class=\"elementor-element elementor-element-2ff9682 elementor-widget elementor-widget-jet-timeline\" data-id=\"2ff9682\" data-element_type=\"widget\" data-widget_type=\"jet-timeline.default\">\n\t\t\t\t<div class=\"elementor-widget-container\">\n\t\t\t<div class=\"elementor-jet-timeline jet-elements\"><div class=\"jet-timeline jet-timeline--align-center jet-timeline--align-middle\">\n\t<div class=\"jet-timeline__line\"><div class=\"jet-timeline__line-progress\"><\/div><\/div>\n\t<div class=\"jet-timeline-list\"><div class=\"jet-timeline-item  elementor-repeater-item-32cc31d jet-timeline-item--image-inside\">\n\t<div class=\"timeline-item__card\">\n\t\t<div class=\"timeline-item__card-inner\">\n\t\t\t\t\t\t\t\t<div class=\"timeline-item__card-content\">\n\t\t\t\t\t<div class=\"timeline-item__meta\"><div class=\"timeline-item__meta-content\">9:10-9:30<\/div><\/div><h5 class=\"timeline-item__card-title\">Nyiri Bal\u00e1zs pszichol\u00f3gus<\/h5><div class=\"timeline-item__card-desc\">9:10-9:30 Nyiri Bal\u00e1zs: Slow Down to Speed Up - Lass\u00edtsunk, hogy felgyorsuljunk<br>\nA logikus gondolkod\u00e1sb\u00f3l soha nem lesz kreat\u00edv gondolkod\u00e1s. Tudunk valamit, tudjuk, hogy tudjuk de nem jut esz\u00fcnkbe, ez a \"nyelvem hegy\u00e9n van \u00e1llapot\". Az esetek d\u00f6nt\u0151 t\u00f6bbs\u00e9g\u00e9ben erre az inform\u00e1ci\u00f3ra nem j\u00f6v\u00fcnk r\u00e1, nem jut az esz\u00fcnkre. Kutat\u00f3k azt javasolj\u00e1k, ebben az \u00e1llapotban l\u00e9pj\u00fcnk tov\u00e1bb \u00e9s majd k\u00e9s\u0151bb esz\u00fcnkbe jut az inform\u00e1ci\u00f3. Teh\u00e1t az a logikus gondolkod\u00e1s, hogy keress\u00fck tov\u00e1bb az inform\u00e1ci\u00f3t, nem logikus \u00fat!<\/div>\t\t\t\t<\/div>\n\t\t\t\t\t\t<\/div>\n\t\t<div class=\"timeline-item__card-arrow\"><\/div>\n\t<\/div>\n\t<div class=\"timeline-item__point\"><div class=\"timeline-item__point-content timeline-item__point-content--icon\"><span class=\"jet-elements-icon\"><i aria-hidden=\"true\" class=\"fas fa-calendar-alt\"><\/i><\/span><\/div><\/div><div class=\"timeline-item__meta\"><div class=\"timeline-item__meta-content\">9:10-9:30<\/div><\/div><\/div><div class=\"jet-timeline-item  elementor-repeater-item-c759d7b jet-timeline-item--image-inside\">\n\t<div class=\"timeline-item__card\">\n\t\t<div class=\"timeline-item__card-inner\">\n\t\t\t\t\t\t\t\t<div class=\"timeline-item__card-content\">\n\t\t\t\t\t<div class=\"timeline-item__meta\"><div class=\"timeline-item__meta-content\">9:35-9:55<\/div><\/div><h5 class=\"timeline-item__card-title\">Markovich B\u00e9la (Mapei)<\/h5><div class=\"timeline-item__card-desc\"><span style=\"letter-spacing: -0.11px;\">9:35-9:55 Markovich B\u00e9la: A munkat\u00e1rsaid termel\u00e9si sz\u00e1nd\u00e9ka a legnagyobb kincsed<\/span><br><br>Kik a munkat\u00e1rsaid? Emberek! Az embereknek pedig van egy k\u00f6z\u00f6s tulajdons\u00e1guk, tele vannak \u00e9rz\u00e9sekkel \u00e9s \u00e9rzelmekkel. Az embereket az \u00e9rzelmek k\u00e9sztetik cselekv\u00e9sre, \u00e9ppen ez\u00e9rt fontos mik\u00e9nt b\u00e1nsz vel\u00fck, hogyan kezeled a munkat\u00e1rsaidat. Ha ezt j\u00f3l csin\u00e1lod \u00e9s odafigyelsz az \u00e9rz\u00e9seikre, n\u00f6velheted a cselekv\u00e9si, termel\u00e9si sz\u00e1nd\u00e9kukat!<\/div>\t\t\t\t<\/div>\n\t\t\t\t\t\t<\/div>\n\t\t<div class=\"timeline-item__card-arrow\"><\/div>\n\t<\/div>\n\t<div class=\"timeline-item__point\"><div class=\"timeline-item__point-content timeline-item__point-content--icon\"><span class=\"jet-elements-icon\"><i aria-hidden=\"true\" class=\"fas fa-calendar-alt\"><\/i><\/span><\/div><\/div><div class=\"timeline-item__meta\"><div class=\"timeline-item__meta-content\">9:35-9:55<\/div><\/div><\/div><div class=\"jet-timeline-item  elementor-repeater-item-7cd215a jet-timeline-item--image-inside\">\n\t<div class=\"timeline-item__card\">\n\t\t<div class=\"timeline-item__card-inner\">\n\t\t\t\t\t\t\t\t<div class=\"timeline-item__card-content\">\n\t\t\t\t\t<div class=\"timeline-item__meta\"><div class=\"timeline-item__meta-content\">10:00-10:20<\/div><\/div><h5 class=\"timeline-item__card-title\">Borb\u00e9ly Let\u00edcia (Medito)<\/h5><div class=\"timeline-item__card-desc\">10:00-10:20 Versenyfut\u00e1s az id\u0151vel<br><br>Az \u00fczleti vil\u00e1gban teljes\u00edtm\u00e9nyt szeretn\u00e9nk el\u00e9rni, olyan rekordokat d\u00f6nteni, amilyeneket az olimpiai sportol\u00f3k is el\u00e9rnek. Nem csak az \u00fczleti vil\u00e1gban fontos a helyes \u00e9s gyors d\u00f6nt\u00e9shozatal. Fiatalkorban is sz\u00e1mos d\u00f6nt\u00e9st sz\u00fcks\u00e9ges meghoznunk, melyekre t\u00e1rsadalmi nyom\u00e1s is helyez\u0151dik. P\u00e9ld\u00e1ul szinte m\u00e1r elv\u00e1rt, alapvet\u0151 t\u00e9nyez\u0151, hogy diplom\u00e1nk legyen, t\u00f6bb nyelven besz\u00e9lj\u00fcnk. <\/div>\t\t\t\t<\/div>\n\t\t\t\t\t\t<\/div>\n\t\t<div class=\"timeline-item__card-arrow\"><\/div>\n\t<\/div>\n\t<div class=\"timeline-item__point\"><div class=\"timeline-item__point-content timeline-item__point-content--icon\"><span class=\"jet-elements-icon\"><i aria-hidden=\"true\" class=\"fas fa-calendar-alt\"><\/i><\/span><\/div><\/div><div class=\"timeline-item__meta\"><div class=\"timeline-item__meta-content\">10:00-10:20<\/div><\/div><\/div><div class=\"jet-timeline-item  elementor-repeater-item-4731c8a jet-timeline-item--image-inside\">\n\t<div class=\"timeline-item__card\">\n\t\t<div class=\"timeline-item__card-inner\">\n\t\t\t\t\t\t\t\t<div class=\"timeline-item__card-content\">\n\t\t\t\t\t<div class=\"timeline-item__meta\"><div class=\"timeline-item__meta-content\">10:30-10:50<\/div><\/div><h5 class=\"timeline-item__card-title\">Egerszegi Kriszti\u00e1n (MiniCRM)<\/h5><div class=\"timeline-item__card-desc\"><span style=\"letter-spacing: -0.11px;\">10:30-10:50 Egerszegi Kriszti\u00e1n: Mennyit \u00e9r a c\u00e9ged?\n<\/span><br>Mindenkinek saj\u00e1t mag\u00e1nak kell eld\u00f6nteni, hogy melyik szintre pozicion\u00e1lja mag\u00e1t, hol \u00e9rzi j\u00f3l mag\u00e1t. Ez nem felt\u00e9tlen\u00fcl mindig a cs\u00facsot jelenti. Egy v\u00e1llalat \u00e9rt\u00e9keit alapvet\u0151en befoly\u00e1solja a piac, a szellemi tulajdon, az \u00fczleti modell \u00e9s a p\u00e9nz\u00fcgyi mutat\u00f3k, valamint maga a szervezet, hiszen nem vagyunk egyed\u00fcl!<\/div>\t\t\t\t<\/div>\n\t\t\t\t\t\t<\/div>\n\t\t<div class=\"timeline-item__card-arrow\"><\/div>\n\t<\/div>\n\t<div class=\"timeline-item__point\"><div class=\"timeline-item__point-content timeline-item__point-content--icon\"><span class=\"jet-elements-icon\"><i aria-hidden=\"true\" class=\"fas fa-calendar-alt\"><\/i><\/span><\/div><\/div><div class=\"timeline-item__meta\"><div class=\"timeline-item__meta-content\">10:30-10:50<\/div><\/div><\/div><div class=\"jet-timeline-item  elementor-repeater-item-b399c31 jet-timeline-item--image-inside\">\n\t<div class=\"timeline-item__card\">\n\t\t<div class=\"timeline-item__card-inner\">\n\t\t\t\t\t\t\t\t<div class=\"timeline-item__card-content\">\n\t\t\t\t\t<div class=\"timeline-item__meta\"><div class=\"timeline-item__meta-content\">11:05-11:25<\/div><\/div><h5 class=\"timeline-item__card-title\">Sebastian Tamas (RocketShepherd)<\/h5><div class=\"timeline-item__card-desc\">11:05-11:25 Sebastian Tamas: Hogyan gy\u0151zze le a dinamikus hal a nagy halakat?<br><br>A startup nem egy v\u00e1llalkoz\u00e1si forma, hanem egy szeml\u00e9let \u00e9s m\u00f3dszertan. M\u00f3dszertan a hat\u00e9konyabb marketingre \u00e9s terjeszked\u00e9sre. A hazai startupok 84%-a az elm\u00falt 10 \u00e9vben indult! A t\u0151kebefektet\u00e9s igen magas idehaza, az \u00e1rbev\u00e9telen azonban m\u00e9g van mit jav\u00edtani. Sok startup \u00fagy gondolja, csak p\u00e9nzre van sz\u00fcks\u00e9ge \u00e9s az \u00fczlet, az innovat\u00edv \u00f6tlet m\u00e1ris progressz\u00edv \u00fczletet biztos\u00edt. Fontos tudnunk azonban, hogy egy v\u00e1llalkoz\u00e1snak csak 1%-a az \u00f6tlet \u00e9s a marad\u00e9k 99% pedig a kivitelez\u00e9s!<\/div>\t\t\t\t<\/div>\n\t\t\t\t\t\t<\/div>\n\t\t<div class=\"timeline-item__card-arrow\"><\/div>\n\t<\/div>\n\t<div class=\"timeline-item__point\"><div class=\"timeline-item__point-content timeline-item__point-content--icon\"><span class=\"jet-elements-icon\"><i aria-hidden=\"true\" class=\"fas fa-calendar-alt\"><\/i><\/span><\/div><\/div><div class=\"timeline-item__meta\"><div class=\"timeline-item__meta-content\">11:05-11:25<\/div><\/div><\/div><div class=\"jet-timeline-item  elementor-repeater-item-0112cbe jet-timeline-item--image-inside\">\n\t<div class=\"timeline-item__card\">\n\t\t<div class=\"timeline-item__card-inner\">\n\t\t\t\t\t\t\t\t<div class=\"timeline-item__card-content\">\n\t\t\t\t\t<div class=\"timeline-item__meta\"><div class=\"timeline-item__meta-content\">11:35-11:55 <\/div><\/div><h5 class=\"timeline-item__card-title\">F\u00fcrj\u00e9sz Be\u00e1ta (Karrier Hung\u00e1ria)<\/h5><div class=\"timeline-item__card-desc\">11:35-11:55 F\u00fcrj\u00e9sz Be\u00e1ta: A gy\u0151ztes csapat<br><br>A csapat nem m\u00e1s, mint k\u00f6z\u00f6s c\u00e9llal rendelkez\u0151 csoport, amelynek tagjai a hat\u00e9kony egy\u00fcttm\u0171k\u00f6d\u00e9s \u00e9rdek\u00e9ben j\u00f3l ismerik ezt a c\u00e9lt, annak ir\u00e1ny\u00e1ba mutat egy\u00e9ni sz\u00e1nd\u00e9kuk  \u00e9s szoros egy\u00fcttm\u0171k\u00f6d\u00e9sben azon szorgoskodnak, hogy azt el\u00e9rj\u00e9k! Mit\u0151l lesz valaki gy\u0151ztes? Att\u00f3l, hogy az ellenfel\u00e9t\u0151l sikeresebbnek, \u00e9s felk\u00e9sz\u00fcltebbnek bizonyult! <\/div>\t\t\t\t<\/div>\n\t\t\t\t\t\t<\/div>\n\t\t<div class=\"timeline-item__card-arrow\"><\/div>\n\t<\/div>\n\t<div class=\"timeline-item__point\"><div class=\"timeline-item__point-content timeline-item__point-content--icon\"><span class=\"jet-elements-icon\"><i aria-hidden=\"true\" class=\"fas fa-calendar-alt\"><\/i><\/span><\/div><\/div><div class=\"timeline-item__meta\"><div class=\"timeline-item__meta-content\">11:35-11:55 <\/div><\/div><\/div><div class=\"jet-timeline-item  elementor-repeater-item-f0fb1e8 jet-timeline-item--image-inside\">\n\t<div class=\"timeline-item__card\">\n\t\t<div class=\"timeline-item__card-inner\">\n\t\t\t\t\t\t\t\t<div class=\"timeline-item__card-content\">\n\t\t\t\t\t<div class=\"timeline-item__meta\"><div class=\"timeline-item__meta-content\">12:00-12:30<\/div><\/div><h5 class=\"timeline-item__card-title\">Eb\u00e9dsz\u00fcnet<\/h5>\t\t\t\t<\/div>\n\t\t\t\t\t\t<\/div>\n\t\t<div class=\"timeline-item__card-arrow\"><\/div>\n\t<\/div>\n\t<div class=\"timeline-item__point\"><div class=\"timeline-item__point-content timeline-item__point-content--icon\"><span class=\"jet-elements-icon\"><i aria-hidden=\"true\" class=\"fas fa-calendar-alt\"><\/i><\/span><\/div><\/div><div class=\"timeline-item__meta\"><div class=\"timeline-item__meta-content\">12:00-12:30<\/div><\/div><\/div><div class=\"jet-timeline-item  elementor-repeater-item-aeb652b jet-timeline-item--image-inside\">\n\t<div class=\"timeline-item__card\">\n\t\t<div class=\"timeline-item__card-inner\">\n\t\t\t\t\t\t\t\t<div class=\"timeline-item__card-content\">\n\t\t\t\t\t<div class=\"timeline-item__meta\"><div class=\"timeline-item__meta-content\">12:30-12:50<\/div><\/div><h5 class=\"timeline-item__card-title\">Deli\u00e1ga \u00c1kos (Talk-a-Bot)<\/h5><div class=\"timeline-item__card-desc\">12:30-12:50 Deli\u00e1ga \u00c1kos: Szem\u00e9lyesebb kommunik\u00e1ci\u00f3 chatbottal? Nem paradoxon<br><br>A mesters\u00e9ges intelligencia ma m\u00e1r rengeteg helyen el\u00e9rhet\u0151, de a v\u00e1llalkoz\u00e1sok m\u00e9g nem felt\u00e9tlen\u00fcl tudj\u00e1k, hogyan \u00e9p\u00edts\u00e9k be folyamataikba. Az emberek nem szeretnek olyan dolgokkal foglalkozni, amik sz\u00e1mukra nem olyan fontosak, azonban a chatbotok nem v\u00e1logatnak! A chat pedig a priv\u00e1t kommunik\u00e1ci\u00f3ban egy rendk\u00edv\u00fcl hat\u00e9kony \u00e9s k\u00f6zkedvelt csatorna lett, \u00edgy pedig kiakn\u00e1z\u00e1sa egyre ink\u00e1bb sz\u00fcks\u00e9ges.<\/div>\t\t\t\t<\/div>\n\t\t\t\t\t\t<\/div>\n\t\t<div class=\"timeline-item__card-arrow\"><\/div>\n\t<\/div>\n\t<div class=\"timeline-item__point\"><div class=\"timeline-item__point-content timeline-item__point-content--icon\"><span class=\"jet-elements-icon\"><i aria-hidden=\"true\" class=\"fas fa-calendar-alt\"><\/i><\/span><\/div><\/div><div class=\"timeline-item__meta\"><div class=\"timeline-item__meta-content\">12:30-12:50<\/div><\/div><\/div><div class=\"jet-timeline-item  elementor-repeater-item-207443d jet-timeline-item--image-inside\">\n\t<div class=\"timeline-item__card\">\n\t\t<div class=\"timeline-item__card-inner\">\n\t\t\t\t\t\t\t\t<div class=\"timeline-item__card-content\">\n\t\t\t\t\t<div class=\"timeline-item__meta\"><div class=\"timeline-item__meta-content\">12:55-13:15<\/div><\/div><h5 class=\"timeline-item__card-title\">L\u00e9n\u00e1rt Viktor (Grow Csoport)<\/h5><div class=\"timeline-item__card-desc\">12:55-13:15 L\u00e9n\u00e1rt Viktor: Zs\u00e1kutc\u00e1k \u00e9s sztr\u00e1d\u00e1k a vezet\u0151fejleszt\u00e9sben<br><br>Vannak olyan koncepci\u00f3k, amelyek az \u00fczleti \u00e9letben nagyon fontosak, de nem f\u00e9rnek bele a hat\u00e1rokkal rendelkez\u0151 gondolkod\u00e1sunkba. Ilyen p\u00e9ld\u00e1ul az exponenci\u00e1lis fejl\u0151d\u00e9s, tegy\u00fck fel a technol\u00f3giai fejl\u0151d\u00e9s, amelynek igaz\u00e1n m\u00e9ly meg\u00e9rt\u00e9s\u00e9hez gondolkod\u00e1sunkat nem szabad hat\u00e1rok k\u00f6z\u00e9 szor\u00edtanunk. A siker \u00e9rdek\u00e9ben el kell kezden\u00fcnk azon gondolkozni, a j\u00f6v\u0151ben milyen v\u00e1ltoz\u00e1sok v\u00e1rhat\u00f3ak, miben v\u00e1ltozik meg az \u00fczleti k\u00f6rnyezet\u00fcnk. \n<\/div>\t\t\t\t<\/div>\n\t\t\t\t\t\t<\/div>\n\t\t<div class=\"timeline-item__card-arrow\"><\/div>\n\t<\/div>\n\t<div class=\"timeline-item__point\"><div class=\"timeline-item__point-content timeline-item__point-content--icon\"><span class=\"jet-elements-icon\"><i aria-hidden=\"true\" class=\"fas fa-calendar-alt\"><\/i><\/span><\/div><\/div><div class=\"timeline-item__meta\"><div class=\"timeline-item__meta-content\">12:55-13:15<\/div><\/div><\/div><div class=\"jet-timeline-item  elementor-repeater-item-6478980 jet-timeline-item--image-inside\">\n\t<div class=\"timeline-item__card\">\n\t\t<div class=\"timeline-item__card-inner\">\n\t\t\t\t\t\t\t\t<div class=\"timeline-item__card-content\">\n\t\t\t\t\t<div class=\"timeline-item__meta\"><div class=\"timeline-item__meta-content\">13:25-13:45<\/div><\/div><h5 class=\"timeline-item__card-title\">Juh\u00e1sz Attila (\u00fajH\u00c1Z Centrum)<\/h5><div class=\"timeline-item__card-desc\">13:25-13:45 Juh\u00e1sz Attila: Mi a n\u00f6veked\u00e9s h\u00e1rom alappill\u00e9re?<br><br>Mi lehet annak az oka, hogy egyes v\u00e1llalatok sokkal jobban tudnak n\u00f6vekedni a versenyt\u00e1rsaikhoz k\u00e9pest? Persze amellett, hogy ugyanazon a piacon dolgoznak, \u00e9s hasonl\u00f3 term\u00e9keket, szolg\u00e1ltat\u00e1sokat k\u00edn\u00e1lnak a fogyaszt\u00f3knak. Egy v\u00e1llalat tart\u00f3s n\u00f6veked\u00e9se j\u00f3l defini\u00e1lt v\u00edzi\u00f3 \u00e9s a v\u00e9grehajt\u00e1st szolg\u00e1l\u00f3, LE\u00cdRT strat\u00e9gia n\u00e9lk\u00fcl nem tarthat\u00f3 fent. <\/div>\t\t\t\t<\/div>\n\t\t\t\t\t\t<\/div>\n\t\t<div class=\"timeline-item__card-arrow\"><\/div>\n\t<\/div>\n\t<div class=\"timeline-item__point\"><div class=\"timeline-item__point-content timeline-item__point-content--icon\"><span class=\"jet-elements-icon\"><i aria-hidden=\"true\" class=\"fas fa-calendar-alt\"><\/i><\/span><\/div><\/div><div class=\"timeline-item__meta\"><div class=\"timeline-item__meta-content\">13:25-13:45<\/div><\/div><\/div><div class=\"jet-timeline-item  elementor-repeater-item-cb71071 jet-timeline-item--image-inside\">\n\t<div class=\"timeline-item__card\">\n\t\t<div class=\"timeline-item__card-inner\">\n\t\t\t\t\t\t\t\t<div class=\"timeline-item__card-content\">\n\t\t\t\t\t<div class=\"timeline-item__meta\"><div class=\"timeline-item__meta-content\">13:50-14:10<\/div><\/div><h5 class=\"timeline-item__card-title\">Semsei Rudolf (VakVarj\u00fa)<\/h5><div class=\"timeline-item__card-desc\">13:50-14:10 Semsei Rudolf: LOVE BRAND - Mik\u00e9nt v\u00e1lhat szerethet\u0151v\u00e9 egy varj\u00fa, aki vak\n<br>Egy m\u0171v\u00e9sz mag\u00e1nak szeret els\u0151sorban j\u00e1tszani. Azonban egy j\u00f3 v\u00e1llalkoz\u00e1s a partnereire hangolva j\u00e1tszik \u00e9s \"sz\u00f3laltatja meg hangszereit\"! Azzal kell foglalkoznunk, hogy mi a legfontosabb a mi vend\u00e9geinknek, partnereinknek, mire van sz\u00fcks\u00e9ge a c\u00e9lcsoportnak. Hiszen en\u00e9lk\u00fcl nem lehet sikeres \u00e9ttermet, v\u00e1llalkoz\u00e1st vezetni. <\/div>\t\t\t\t<\/div>\n\t\t\t\t\t\t<\/div>\n\t\t<div class=\"timeline-item__card-arrow\"><\/div>\n\t<\/div>\n\t<div class=\"timeline-item__point\"><div class=\"timeline-item__point-content timeline-item__point-content--icon\"><span class=\"jet-elements-icon\"><i aria-hidden=\"true\" class=\"fas fa-calendar-alt\"><\/i><\/span><\/div><\/div><div class=\"timeline-item__meta\"><div class=\"timeline-item__meta-content\">13:50-14:10<\/div><\/div><\/div><div class=\"jet-timeline-item  elementor-repeater-item-496eddc jet-timeline-item--image-inside\">\n\t<div class=\"timeline-item__card\">\n\t\t<div class=\"timeline-item__card-inner\">\n\t\t\t\t\t\t\t\t<div class=\"timeline-item__card-content\">\n\t\t\t\t\t<div class=\"timeline-item__meta\"><div class=\"timeline-item__meta-content\">14:20-14:40<\/div><\/div><h5 class=\"timeline-item__card-title\">Dr. Al Ghaoui Hesna \u00fajs\u00e1g\u00edr\u00f3<\/h5><div class=\"timeline-item__card-desc\">14:20-14:40 Dr. Al Ghaoui Hesna: F\u00e9lj b\u00e1tran\n<br>A f\u00e9lelmet a mai vil\u00e1gban a gy\u00e1vas\u00e1ggal \u00e9s azzal az \u00e9rz\u00e9ssel azonos\u00edtj\u00e1k, hogy nem vagyunk el\u00e9g j\u00f3k. Tegy\u00fcnk a f\u00e9lelem ellen\u00e9re \u00e9s ne a f\u00e9lelem miatt valamit, f\u00e9lj\u00fcnk b\u00e1tran! Fontos, hogy a f\u00e9lelmet olyan kontextusba helyezz\u00fck, amit elfogadunk, a f\u00e9lelem m\u00e1ris megv\u00e1ltozik. Gondoljunk csak bele, milyen egy verseny el\u0151tti, vizsga vagy el\u0151ad\u00e1si el\u0151tti drukk. F\u00e9lelem, m\u00e9gis m\u00e1s, amikor pedig megugorjuk, csak feljebb emel minket!<\/div>\t\t\t\t<\/div>\n\t\t\t\t\t\t<\/div>\n\t\t<div class=\"timeline-item__card-arrow\"><\/div>\n\t<\/div>\n\t<div class=\"timeline-item__point\"><div class=\"timeline-item__point-content timeline-item__point-content--icon\"><span class=\"jet-elements-icon\"><i aria-hidden=\"true\" class=\"fas fa-calendar-alt\"><\/i><\/span><\/div><\/div><div class=\"timeline-item__meta\"><div class=\"timeline-item__meta-content\">14:20-14:40<\/div><\/div><\/div><div class=\"jet-timeline-item  elementor-repeater-item-97e9182 jet-timeline-item--image-inside\">\n\t<div class=\"timeline-item__card\">\n\t\t<div class=\"timeline-item__card-inner\">\n\t\t\t\t\t\t\t\t<div class=\"timeline-item__card-content\">\n\t\t\t\t\t<div class=\"timeline-item__meta\"><div class=\"timeline-item__meta-content\">14:45-15:05<\/div><\/div><h5 class=\"timeline-item__card-title\">Dr. Kiss Gergely olimpiai bajnok<\/h5><div class=\"timeline-item__card-desc\">14:45-15:05 Dr. Kiss Gergely: A siker \u00fatja\n<br>\"Kisgyermek koromban eg\u00e9szen hamar olimpiai bajnok \u00e9s jog\u00e1sz szerettem volna lenni \u00e9s ebbe az ir\u00e1nyba is terelt a sors, hiszen a v\u00edzilabd\u00e1ban hamar megtal\u00e1ltam a vil\u00e1gom.\" Huszon \u00e9ves korom derek\u00e1n m\u00e1r el\u00e9rtem a diplom\u00e1t \u00e9s 3 olimpiai arany\u00e9rmet, szinte mindent el\u00e9rtem amit szerettem volna de m\u00e9g mindig itt vagyok \u00e9s dolgozok. Ezt a fajta elsz\u00e1nts\u00e1got \u00e9s c\u00e9ltudatoss\u00e1got nem lehet m\u00e1shogy csin\u00e1lni az \u00e9lsportban, illet\u0151leg \u00edgy a v\u00e1llalatvezet\u00e9s vil\u00e1g\u00e1ban a siker \u00e9s teljes\u00edtm\u00e9ny el\u00e9r\u00e9s\u00e9t. Mindig, mindenhol a legjobb form\u00e1nkat kell hoznunk \u00e9s egyenesen haladni a c\u00e9ljaink fel\u00e9, az akad\u00e1lyokat a lehet\u0151 legjobb m\u00f3don lek\u00fczdve! <br><br>\"Nem az\u00e9rt j\u00f3 valaki mert nyer, hanem az\u00e9rt mert ha vesz\u00edt, hamar fel\u00e1ll \u00e9s tov\u00e1bb tud menni!\"<\/div>\t\t\t\t<\/div>\n\t\t\t\t\t\t<\/div>\n\t\t<div class=\"timeline-item__card-arrow\"><\/div>\n\t<\/div>\n\t<div class=\"timeline-item__point\"><div class=\"timeline-item__point-content timeline-item__point-content--icon\"><span class=\"jet-elements-icon\"><i aria-hidden=\"true\" class=\"fas fa-calendar-alt\"><\/i><\/span><\/div><\/div><div class=\"timeline-item__meta\"><div class=\"timeline-item__meta-content\">14:45-15:05<\/div><\/div><\/div><div class=\"jet-timeline-item  elementor-repeater-item-78bc7f4 jet-timeline-item--image-inside\">\n\t<div class=\"timeline-item__card\">\n\t\t<div class=\"timeline-item__card-inner\">\n\t\t\t\t\t\t\t\t<div class=\"timeline-item__card-content\">\n\t\t\t\t\t<div class=\"timeline-item__meta\"><div class=\"timeline-item__meta-content\">15:10-15:30<\/div><\/div><h5 class=\"timeline-item__card-title\">Farkas Zsolt (Evolut Agency)<\/h5><div class=\"timeline-item__card-desc\">15:10-15:30 Farkas Zsolt: Kommunik\u00e1lj b\u00e1trabban\n<br><br>\nAz\u00e9rt fontos a tartalomgy\u00e1rt\u00e1s, mert rengeteg emberhez eljuthatsz. Az emberek megismerhetnek \u00e9s \u00edgy jav\u00edthatod a szakmai hiteless\u00e9gedet. Ennek k\u00f6sz\u00f6nhet\u0151en, p\u00e9ld\u00e1ul el\u0151ny\u00f6sebb helyzetbe ker\u00fclhetsz egy t\u00e1rgyal\u00e1son, hiszen m\u00e1r tudj\u00e1k ki vagy. <br><br>Alapvet\u0151en a Story \u00e1tvette a \"staf\u00e9t\u00e1t\" napjainkban az egyszer\u0171bb folyamokon megjelen\u0151 tartalmakt\u00f3l. <br><br>Fontos, hogy a tartalmak \u00e9rt\u00e9kesek legyenek az olvas\u00f3 sz\u00e1m\u00e1ra!<\/div>\t\t\t\t<\/div>\n\t\t\t\t\t\t<\/div>\n\t\t<div class=\"timeline-item__card-arrow\"><\/div>\n\t<\/div>\n\t<div class=\"timeline-item__point\"><div class=\"timeline-item__point-content timeline-item__point-content--icon\"><span class=\"jet-elements-icon\"><i aria-hidden=\"true\" class=\"fas fa-calendar-alt\"><\/i><\/span><\/div><\/div><div class=\"timeline-item__meta\"><div class=\"timeline-item__meta-content\">15:10-15:30<\/div><\/div><\/div><div class=\"jet-timeline-item  elementor-repeater-item-012d7dd jet-timeline-item--image-inside\">\n\t<div class=\"timeline-item__card\">\n\t\t<div class=\"timeline-item__card-inner\">\n\t\t\t\t\t\t\t\t<div class=\"timeline-item__card-content\">\n\t\t\t\t\t<div class=\"timeline-item__meta\"><div class=\"timeline-item__meta-content\">15:35-15:55<\/div><\/div><h5 class=\"timeline-item__card-title\">Dr. S\u00e1ri Erzs\u00e9bet belgy\u00f3gy\u00e1sz<\/h5><div class=\"timeline-item__card-desc\">15:35-15:55 Dr. S\u00e1ri Erzs\u00e9bet: Az \u00e9letelem\u00fcnk a b\u00e1tors\u00e1g<br><br>A b\u00e1tors\u00e1g olyan \u00e9rzelmi er\u0151forr\u00e1s, amely k\u00e9pess\u00e9 teszi az embert, hogy az akaratereje gyakorl\u00e1s\u00e1val bels\u0151 vagy k\u00fcls\u0151 akad\u00e1lyokkal szemben is el\u00e9rje kit\u0171z\u00f6tt c\u00e9ljait!<br><br>\"Legk\u00fcl\u00f6nb ember, aki b\u00e1tor s csak egy k\u00fcl\u00f6nb van, aki b\u00e1trabb!\"<\/div>\t\t\t\t<\/div>\n\t\t\t\t\t\t<\/div>\n\t\t<div class=\"timeline-item__card-arrow\"><\/div>\n\t<\/div>\n\t<div class=\"timeline-item__point\"><div class=\"timeline-item__point-content timeline-item__point-content--icon\"><span class=\"jet-elements-icon\"><i aria-hidden=\"true\" class=\"fas fa-calendar-alt\"><\/i><\/span><\/div><\/div><div class=\"timeline-item__meta\"><div class=\"timeline-item__meta-content\">15:35-15:55<\/div><\/div><\/div><div class=\"jet-timeline-item  elementor-repeater-item-e34cbf3 jet-timeline-item--image-inside\">\n\t<div class=\"timeline-item__card\">\n\t\t<div class=\"timeline-item__card-inner\">\n\t\t\t\t\t\t\t\t<div class=\"timeline-item__card-content\">\n\t\t\t\t\t<div class=\"timeline-item__meta\"><div class=\"timeline-item__meta-content\">16:00-16:15<\/div><\/div><h5 class=\"timeline-item__card-title\">L\u00e1ving Guszt\u00e1v (Hiventures)<\/h5><div class=\"timeline-item__card-desc\">16:00-16:15 L\u00e1ving Guszt\u00e1v: Csal\u00e1don k\u00edv\u00fcli gener\u00e1ci\u00f3v\u00e1lt\u00e1s t\u0151kebefektet\u00e9s seg\u00edts\u00e9g\u00e9vel - Az EKO konzervgy\u00e1r story<br><br>Magyarorsz\u00e1gon a tulajdonosok 80%-a szeretn\u00e9 csal\u00e1don bel\u00fcl \u00e1truh\u00e1zni v\u00e1llalat\u00e1t, azonban a kedvezm\u00e9nyezetteknek mind\u00f6ssze 20%-a szeretn\u00e9 \u00e1tvenni a csal\u00e1di v\u00e1llalkoz\u00e1st. <br><br>A banki hiteleknek mindig vannak korl\u00e1tai, p\u00e9ld\u00e1ul \u00e1rbev\u00e9tel alapj\u00e1n korl\u00e1tolt a k\u00f6lcs\u00f6n \u00f6sszege. A mi t\u0151kebefektet\u00e9s\u00fcnk seg\u00edts\u00e9g\u00e9vel azonban az adott v\u00e1llalat megl\u00e9pheti azt a szintet, hogy a bank hitelt adjon sz\u00e1mukra, \u00edgy olcs\u00f3bb k\u00f6lcs\u00f6nnel kiv\u00e1ltva t\u0151kebefektet\u00e9s\u00fcnket. <\/div>\t\t\t\t<\/div>\n\t\t\t\t\t\t<\/div>\n\t\t<div class=\"timeline-item__card-arrow\"><\/div>\n\t<\/div>\n\t<div class=\"timeline-item__point\"><div class=\"timeline-item__point-content timeline-item__point-content--icon\"><span class=\"jet-elements-icon\"><i aria-hidden=\"true\" class=\"fas fa-calendar-alt\"><\/i><\/span><\/div><\/div><div class=\"timeline-item__meta\"><div class=\"timeline-item__meta-content\">16:00-16:15<\/div><\/div><\/div><div class=\"jet-timeline-item  elementor-repeater-item-f8a8f03 jet-timeline-item--image-inside\">\n\t<div class=\"timeline-item__card\">\n\t\t<div class=\"timeline-item__card-inner\">\n\t\t\t\t\t\t\t\t<div class=\"timeline-item__card-content\">\n\t\t\t\t\t<div class=\"timeline-item__meta\"><div class=\"timeline-item__meta-content\">16:15-16:30<\/div><\/div><h5 class=\"timeline-item__card-title\">Gangel P\u00e9ter (Bizalmi K\u00f6r)<\/h5><div class=\"timeline-item__card-desc\">16:15-16:30 Gangel P\u00e9ter: A kult\u00fara megeszi reggelire a strat\u00e9gi\u00e1t<br><br>A kult\u00fara mindig gy\u0151z, mindig megeszi reggelire a strat\u00e9gi\u00e1t! Egyre t\u00f6bb c\u00e9g ismeri fel annak a lehet\u0151s\u00e9g\u00e9t \u00e9s \u00e9rt\u00e9k\u00e9t, hogy valamif\u00e9le \u00e9rt\u00e9krendszerrel k\u00fcl\u00f6nb\u00f6ztesse meg mag\u00e1t a piacon, hogy a v\u00e1s\u00e1rl\u00f3it megk\u00fcl\u00f6nb\u00f6ztesse \u00e9s egy k\u00f6z\u00f6ss\u00e9get form\u00e1ljon bel\u0151l\u00fck! <br><br>De mire \u00e9p\u00edts\u00fck a k\u00f6z\u00f6ss\u00e9get? \u00c9p\u00edthet\u00fcnk \u00e9rdekk\u00f6z\u00f6ss\u00e9geket, de ha nem tal\u00e1ljuk meg a megfelel\u0151 \u00e9rdekeket, r\u00f6vid \u00e9let\u0171 lesz. \u00c9rt\u00e9kk\u00f6z\u00f6ss\u00e9get kell \u00e9p\u00edteni, mely b\u00e1r lass\u00fa folyamat de a k\u00f6z\u00f6ss\u00e9g minden egyes tagja k\u00e9zzel foghat\u00f3 \u00e9rt\u00e9ket vihet haza mag\u00e1val... Ez egy teljesen m\u00e1s filoz\u00f3fia! <\/div>\t\t\t\t<\/div>\n\t\t\t\t\t\t<\/div>\n\t\t<div class=\"timeline-item__card-arrow\"><\/div>\n\t<\/div>\n\t<div class=\"timeline-item__point\"><div class=\"timeline-item__point-content timeline-item__point-content--icon\"><span class=\"jet-elements-icon\"><i aria-hidden=\"true\" class=\"fas fa-calendar-alt\"><\/i><\/span><\/div><\/div><div class=\"timeline-item__meta\"><div class=\"timeline-item__meta-content\">16:15-16:30<\/div><\/div><\/div><\/div><\/div><\/div>\t\t<\/div>\n\t\t\t\t<\/div>\n\t\t\t\t\t\t<\/div>\n\t\t\t\t\t<\/div>\n\t\t<\/div>\n\t\t\t\t\t\t\t\t<\/div>\n\t\t\t\t\t<\/div>\n\t\t<\/section>\n\t\t\t\t\t\t<\/div>\n\t\t\t\t\t\t<\/div>\n\t\t\t\t\t<\/div>\n\t\t","protected":false},"excerpt":{"rendered":"<p>Gondolatok a konferenci\u00e1r\u00f3l Regisztr\u00e1lj egy perc alatt \u00e9s gy\u0171jts inspir\u00e1ci\u00f3t ak\u00e1r eg\u00e9sz \u00e9vre! Vill\u00e1mregisztr\u00e1ci\u00f3 9:10-9:30 Nyiri Bal\u00e1zs pszichol\u00f3gus 9:10-9:30 Nyiri Bal\u00e1zs: Slow Down to Speed Up &#8211; Lass\u00edtsunk, hogy felgyorsuljunk A logikus gondolkod\u00e1sb\u00f3l soha nem lesz kreat\u00edv gondolkod\u00e1s. Tudunk valamit, tudjuk, hogy tudjuk de nem jut esz\u00fcnkbe, ez a &#8220;nyelvem hegy\u00e9n van \u00e1llapot&#8221;. Az esetek [&hellip;]<\/p>\n","protected":false},"author":1,"featured_media":5294,"comment_status":"closed","ping_status":"open","sticky":false,"template":"","format":"standard","meta":{"footnotes":""},"categories":[16],"tags":[],"yoast_head":"<!-- This site is optimized with the Yoast SEO plugin v15.4 - https:\/\/yoast.com\/wordpress\/plugins\/seo\/ -->\n<title>Trust Summit 2021 j\u00fanius 9. online nap<\/title>\n<meta name=\"robots\" content=\"index, follow, max-snippet:-1, max-image-preview:large, max-video-preview:-1\" \/>\n<link rel=\"canonical\" href=\"https:\/\/bizalmikor.hu\/blog\/2021\/06\/08\/trust-summit-2021-junius-9-online-nap\/\" \/>\n<meta property=\"og:locale\" content=\"hu_HU\" \/>\n<meta property=\"og:type\" content=\"article\" \/>\n<meta property=\"og:title\" content=\"Trust Summit 2021 j\u00fanius 9. online nap\" \/>\n<meta property=\"og:description\" content=\"Gondolatok a konferenci\u00e1r\u00f3l Regisztr\u00e1lj egy perc alatt \u00e9s gy\u0171jts inspir\u00e1ci\u00f3t ak\u00e1r eg\u00e9sz \u00e9vre! Vill\u00e1mregisztr\u00e1ci\u00f3 9:10-9:30 Nyiri Bal\u00e1zs pszichol\u00f3gus 9:10-9:30 Nyiri Bal\u00e1zs: Slow Down to Speed Up &#8211; Lass\u00edtsunk, hogy felgyorsuljunk A logikus gondolkod\u00e1sb\u00f3l soha nem lesz kreat\u00edv gondolkod\u00e1s. Tudunk valamit, tudjuk, hogy tudjuk de nem jut esz\u00fcnkbe, ez a &#8220;nyelvem hegy\u00e9n van \u00e1llapot&#8221;. Az esetek [&hellip;]\" \/>\n<meta property=\"og:url\" content=\"https:\/\/bizalmikor.hu\/blog\/2021\/06\/08\/trust-summit-2021-junius-9-online-nap\/\" \/>\n<meta property=\"og:site_name\" content=\"Bizalmi K\u00f6r blog\" \/>\n<meta property=\"article:publisher\" content=\"https:\/\/www.facebook.com\/bizalmikor\" \/>\n<meta property=\"article:published_time\" content=\"2021-06-08T19:23:18+00:00\" \/>\n<meta property=\"article:modified_time\" content=\"2021-06-09T14:24:31+00:00\" \/>\n<meta property=\"og:image\" content=\"https:\/\/bizalmikor.hu\/blog\/wp-content\/uploads\/2021\/06\/Post-eloadoink-cover.jpg\" \/>\n\t<meta property=\"og:image:width\" content=\"1920\" \/>\n\t<meta property=\"og:image:height\" content=\"1080\" \/>\n<meta name=\"twitter:card\" content=\"summary_large_image\" \/>\n<meta name=\"twitter:label1\" content=\"Szerz\u0151:\">\n\t<meta name=\"twitter:data1\" content=\"Syabolcs\">\n\t<meta name=\"twitter:label2\" content=\"Becs\u00fclt olvas\u00e1si id\u0151\">\n\t<meta name=\"twitter:data2\" content=\"7 perc\">\n<script type=\"application\/ld+json\" class=\"yoast-schema-graph\">{\"@context\":\"https:\/\/schema.org\",\"@graph\":[{\"@type\":\"Organization\",\"@id\":\"https:\/\/bizalmikor.hu\/blog\/#organization\",\"name\":\"Bizalmi K\\u00f6r Kft.\",\"url\":\"https:\/\/bizalmikor.hu\/blog\/\",\"sameAs\":[\"https:\/\/www.facebook.com\/bizalmikor\",\"https:\/\/www.instagram.com\/bizalmikor\/\",\"https:\/\/www.linkedin.com\/company\/19165894\",\"https:\/\/www.youtube.com\/channel\/UC7fAD3QCIWeSexU5t6F3YOw?view_as=subscriber\"],\"logo\":{\"@type\":\"ImageObject\",\"@id\":\"https:\/\/bizalmikor.hu\/blog\/#logo\",\"inLanguage\":\"hu\",\"url\":\"https:\/\/bizalmikor.hu\/blog\/wp-content\/uploads\/2019\/02\/Group-2.png\",\"width\":4033,\"height\":1192,\"caption\":\"Bizalmi K\\u00f6r Kft.\"},\"image\":{\"@id\":\"https:\/\/bizalmikor.hu\/blog\/#logo\"}},{\"@type\":\"WebSite\",\"@id\":\"https:\/\/bizalmikor.hu\/blog\/#website\",\"url\":\"https:\/\/bizalmikor.hu\/blog\/\",\"name\":\"Bizalmi K\\u00f6r blog\",\"description\":\"Egynek minden neh\\u00e9z, soknak semmi sem lehetetlen.\",\"publisher\":{\"@id\":\"https:\/\/bizalmikor.hu\/blog\/#organization\"},\"potentialAction\":[{\"@type\":\"SearchAction\",\"target\":\"https:\/\/bizalmikor.hu\/blog\/?s={search_term_string}\",\"query-input\":\"required name=search_term_string\"}],\"inLanguage\":\"hu\"},{\"@type\":\"ImageObject\",\"@id\":\"https:\/\/bizalmikor.hu\/blog\/2021\/06\/08\/trust-summit-2021-junius-9-online-nap\/#primaryimage\",\"inLanguage\":\"hu\",\"url\":\"https:\/\/bizalmikor.hu\/blog\/wp-content\/uploads\/2021\/06\/Post-eloadoink-cover.jpg\",\"width\":1920,\"height\":1080},{\"@type\":\"WebPage\",\"@id\":\"https:\/\/bizalmikor.hu\/blog\/2021\/06\/08\/trust-summit-2021-junius-9-online-nap\/#webpage\",\"url\":\"https:\/\/bizalmikor.hu\/blog\/2021\/06\/08\/trust-summit-2021-junius-9-online-nap\/\",\"name\":\"Trust Summit 2021 j\\u00fanius 9. online nap\",\"isPartOf\":{\"@id\":\"https:\/\/bizalmikor.hu\/blog\/#website\"},\"primaryImageOfPage\":{\"@id\":\"https:\/\/bizalmikor.hu\/blog\/2021\/06\/08\/trust-summit-2021-junius-9-online-nap\/#primaryimage\"},\"datePublished\":\"2021-06-08T19:23:18+00:00\",\"dateModified\":\"2021-06-09T14:24:31+00:00\",\"inLanguage\":\"hu\",\"potentialAction\":[{\"@type\":\"ReadAction\",\"target\":[\"https:\/\/bizalmikor.hu\/blog\/2021\/06\/08\/trust-summit-2021-junius-9-online-nap\/\"]}]},{\"@type\":\"Article\",\"@id\":\"https:\/\/bizalmikor.hu\/blog\/2021\/06\/08\/trust-summit-2021-junius-9-online-nap\/#article\",\"isPartOf\":{\"@id\":\"https:\/\/bizalmikor.hu\/blog\/2021\/06\/08\/trust-summit-2021-junius-9-online-nap\/#webpage\"},\"author\":{\"@id\":\"https:\/\/bizalmikor.hu\/blog\/#\/schema\/person\/859f22708daa3d571ea76934a3e7f8f0\"},\"headline\":\"Trust Summit 2021 j\\u00fanius 9. online nap\",\"datePublished\":\"2021-06-08T19:23:18+00:00\",\"dateModified\":\"2021-06-09T14:24:31+00:00\",\"mainEntityOfPage\":{\"@id\":\"https:\/\/bizalmikor.hu\/blog\/2021\/06\/08\/trust-summit-2021-junius-9-online-nap\/#webpage\"},\"publisher\":{\"@id\":\"https:\/\/bizalmikor.hu\/blog\/#organization\"},\"image\":{\"@id\":\"https:\/\/bizalmikor.hu\/blog\/2021\/06\/08\/trust-summit-2021-junius-9-online-nap\/#primaryimage\"},\"articleSection\":\"V\\u00e1llalkoz\\u00e1s\",\"inLanguage\":\"hu\"},{\"@type\":\"Person\",\"@id\":\"https:\/\/bizalmikor.hu\/blog\/#\/schema\/person\/859f22708daa3d571ea76934a3e7f8f0\",\"name\":\"Syabolcs\",\"image\":{\"@type\":\"ImageObject\",\"@id\":\"https:\/\/bizalmikor.hu\/blog\/#personlogo\",\"inLanguage\":\"hu\",\"url\":\"https:\/\/secure.gravatar.com\/avatar\/f4ca85b32c6aadd02a1bf459cf6a2cc7?s=96&d=mm&r=g\",\"caption\":\"Syabolcs\"}}]}<\/script>\n<!-- \/ Yoast SEO plugin. -->","_links":{"self":[{"href":"https:\/\/bizalmikor.hu\/blog\/wp-json\/wp\/v2\/posts\/5293"}],"collection":[{"href":"https:\/\/bizalmikor.hu\/blog\/wp-json\/wp\/v2\/posts"}],"about":[{"href":"https:\/\/bizalmikor.hu\/blog\/wp-json\/wp\/v2\/types\/post"}],"author":[{"embeddable":true,"href":"https:\/\/bizalmikor.hu\/blog\/wp-json\/wp\/v2\/users\/1"}],"replies":[{"embeddable":true,"href":"https:\/\/bizalmikor.hu\/blog\/wp-json\/wp\/v2\/comments?post=5293"}],"version-history":[{"count":65,"href":"https:\/\/bizalmikor.hu\/blog\/wp-json\/wp\/v2\/posts\/5293\/revisions"}],"predecessor-version":[{"id":5483,"href":"https:\/\/bizalmikor.hu\/blog\/wp-json\/wp\/v2\/posts\/5293\/revisions\/5483"}],"wp:featuredmedia":[{"embeddable":true,"href":"https:\/\/bizalmikor.hu\/blog\/wp-json\/wp\/v2\/media\/5294"}],"wp:attachment":[{"href":"https:\/\/bizalmikor.hu\/blog\/wp-json\/wp\/v2\/media?parent=5293"}],"wp:term":[{"taxonomy":"category","embeddable":true,"href":"https:\/\/bizalmikor.hu\/blog\/wp-json\/wp\/v2\/categories?post=5293"},{"taxonomy":"post_tag","embeddable":true,"href":"https:\/\/bizalmikor.hu\/blog\/wp-json\/wp\/v2\/tags?post=5293"}],"curies":[{"name":"wp","href":"https:\/\/api.w.org\/{rel}","templated":true}]}}