{"id":531,"date":"2019-04-03T10:22:29","date_gmt":"2019-04-03T10:22:29","guid":{"rendered":"https:\/\/bizalmikor.hu\/blog\/?p=474"},"modified":"2020-04-07T09:22:13","modified_gmt":"2020-04-07T09:22:13","slug":"aki-itt-klubtag-az-mindig-szamithat-a-masikra","status":"publish","type":"post","link":"https:\/\/bizalmikor.hu\/blog\/2019\/04\/03\/aki-itt-klubtag-az-mindig-szamithat-a-masikra\/","title":{"rendered":"Aki itt klubtag, az mindig sz\u00e1m\u00edthat a m\u00e1sikra"},"content":{"rendered":"\n<h2 class=\"wp-block-heading\">Bemutatkozik a Bizalmi K\u00f6r Kossuth TOP Vezet\u0151i Klub eln\u00f6ks\u00e9ge<\/h2>\n\n\n\n<div style=\"height:34px\" aria-hidden=\"true\" class=\"wp-block-spacer\"><\/div>\n\n\n\n<p> <strong>Bar\u00e1k P\u00e9terrel<\/strong>, az <strong><a rel=\"noreferrer noopener\" aria-label=\"Activium Kommunik\u00e1ci\u00f3s Tervez\u0151iroda (\u00faj f\u00fcl\u00f6n nyitja meg)\" href=\"http:\/\/www.activium.hu\/\" target=\"_blank\">Activium Kommunik\u00e1ci\u00f3s Tervez\u0151iroda<\/a><\/strong> \u00fcgyvezet\u0151j\u00e9vel \u00e9s kreat\u00edv vezet\u0151j\u00e9vel besz\u00e9lgett\u00fcnk annak aprop\u00f3j\u00e1n, hogy szem\u00e9ly\u00e9ben a <strong>Bizalmi K\u00f6r Kossuth TOP Vezet\u0151i Klub<\/strong>j\u00e1nak nemr\u00e9giben megv\u00e1lasztott eln\u00f6k\u00e9t k\u00f6sz\u00f6nthetj\u00fck. Az interj\u00fa sor\u00e1n sz\u00f3 esett szakmai \u00e9s vezet\u0151i tapasztalatokr\u00f3l, a Bizalmi K\u00f6r k\u00f6z\u00f6ss\u00e9g\u00e9r\u0151l, illetve az eln\u00f6ki tiszts\u00e9ggel \u00e9s a klubtags\u00e1ggal j\u00e1r\u00f3 legfontosabb el\u0151ny\u00f6kr\u0151l is.<\/p>\n\n\n\n<p> Imm\u00e1ron 19 \u00e9ve vezeti a 2000-ben alap\u00edtott, arculattervez\u00e9ssel, nyomtatott \u00e9s online kommunik\u00e1ci\u00f3val, tan\u00e1csad\u00e1ssal \u00e9s kivitelez\u00e9ssel foglalkoz\u00f3 c\u00e9g\u00e9t.  A c\u00e9gen bel\u00fcl els\u0151sorban az \u00faj lehet\u0151s\u00e9geket keresi, a megb\u00edz\u00e1sokat, feladatokat szervezi, m\u00e1sodsorban munkat\u00e1rsaival k\u00f6z\u00f6sen r\u00e9szt vesz a tervez\u00e9si folyamatokban \u00e9s a legv\u00e9g\u00e9n fel\u00fcgyeli a megval\u00f3s\u00edt\u00e1st.<\/p>\n\n\n\n<figure class=\"wp-block-image\"><img decoding=\"async\" src=\"https:\/\/bizalmikor.hu\/blog\/wp-content\/uploads\/2019\/04\/barakpeter_01-1024x536.jpg\" alt=\"\" class=\"wp-image-469\"\/><figcaption>Bar\u00e1k P\u00e9ter, eln\u00f6k<\/figcaption><\/figure>\n\n\n\n<p> A munk\u00e1ja egyben a szenved\u00e9lye is, a saj\u00e1t szavaival ezt \u00edgy fogalmazta meg: <em>\u201eNagyon \u00e9lvezem a munk\u00e1mat. Akkor \u00e9rzem magam a legenergikusabbnak, amikor egy \u00faj terven gondolkozhatok \u00e9s dolgozhatok. Szabadid\u0151mben sportolok, azon bel\u00fcl is az ultrafut\u00e1s, amit a legjobban szeretek. Amikor futok, akkor is gondolkodom egy \u00faj terven, egy \u00faj feladaton.\u201d<\/em><\/p>\n\n\n\n<p> <em>\u201eIgaz\u00e1b\u00f3l n\u00e9h\u00e1ny \u00e9ve m\u00e1r kerestem egy olyan k\u00f6z\u00f6ss\u00e9get, ahol hozz\u00e1m hasonl\u00f3 v\u00e1llalkoz\u00f3k vannak, \u00e9s akiknek a mindennapok sor\u00e1n hasonl\u00f3 kih\u00edv\u00e1sokkal kell szemben\u00e9zni\u00fck, mint nekem is.\u201d<\/em> \u2013 osztotta meg vel\u00fcnk a klubhoz val\u00f3 csatlakoz\u00e1s\u00e1nak f\u0151 motiv\u00e1ci\u00f3j\u00e1t <strong>Bar\u00e1k P\u00e9ter<\/strong>, a Bizalmi K\u00f6r Kossuth klubj\u00e1nak eln\u00f6ke.<\/p>\n\n\n\n<p> <em>\u201eKipr\u00f3b\u00e1ltam n\u00e9h\u00e1ny helyet, de egyik sem nyerte el a tetsz\u00e9semet. Egy kor\u00e1bban csatlakozott c\u00e9gvezet\u0151 mes\u00e9lt nekem a Bizalmi K\u00f6rr\u0151l. <\/em><\/p>\n\n\n\n<blockquote class=\"wp-block-quote is-layout-flow wp-block-quote-is-layout-flow\"><p><em><strong>M\u00e1r az els\u0151 alkalommal szimpatikusnak tal\u00e1ltam a klub tagjait \u00e9s felt\u0171nt, mennyire j\u00f3l ismerik egym\u00e1st, illetve a m\u00e1sik f\u00e9l v\u00e1llalkoz\u00e1s\u00e1t. <\/strong><\/em><\/p><\/blockquote>\n\n\n\n<p><em>P\u00e9ld\u00e1ul besz\u00e9ltem egy klubtaggal, aki mindenkir\u0151l tudott mondani p\u00e1r dolgot, hogy mivel foglalkozik a c\u00e9ge \u00e9s mit lehet r\u00f3la tudni. Ez kifejezetten pozit\u00edv volt a sz\u00e1momra, mint ahogy a vezet\u0151k hozz\u00e1\u00e1ll\u00e1sa is, sz\u00f3val \u00edgy d\u00f6nt\u00f6ttem el, hogy csatlakozom.\u201d<\/em><\/p>\n\n\n\n<p> Nagy megtiszteltet\u00e9s a sz\u00e1m\u00e1ra, hogy imm\u00e1ron eln\u00f6kk\u00e9nt er\u0151s\u00edtheti tov\u00e1bb a Bizalmi K\u00f6r Kossuth klubj\u00e1nak k\u00f6z\u00f6ss\u00e9g\u00e9t: <em>\u201eSzeretek csapatokat vezetni \u00e9s kihozni a lehet\u0151 legjobbat a k\u00f6r\u00fcl\u00f6ttem l\u00e9v\u0151kb\u0151l. Azt gondolom, hogy olyan szem\u00e9ly vagyok, aki szereti motiv\u00e1lni a t\u00e1rsait \u00e9s elismeri a j\u00f3 eredm\u00e9nyeket.\u201d<\/em><\/p>\n\n\n\n<p> <em>\u201eMindenk\u00e9pp szeretn\u00e9m az \u00faj tagokat \u00e9s vend\u00e9geket jobban megismerni, meghallgatni \u0151ket arr\u00f3l, hogy mit keresnek v\u00e1llalkoz\u00f3k\u00e9nt ebben a k\u00f6z\u00f6ss\u00e9gben. <\/em><\/p>\n\n\n\n<blockquote class=\"wp-block-quote is-layout-flow wp-block-quote-is-layout-flow\"><p><em><strong>Jobban foglalkoztat, hogy \u00e9n mit adhatok. A tapasztalataimmal seg\u00edteni szeretn\u00e9k abban, hogy mi is lehet az \u0151 k\u00e9rd\u00e9seikre a megold\u00e1s.\u201d<\/strong><\/em><\/p><\/blockquote>\n\n\n\n<p> \u2013 fogalmazta meg a klubeln\u00f6ki tiszts\u00e9ggel kapcsolatos v\u00e1rakoz\u00e1sait.<\/p>\n\n\n\n<p> V\u00e9lem\u00e9nye szerint a Bizalmi K\u00f6rh\u00f6z val\u00f3 csatlakoz\u00e1s remek lehet\u0151s\u00e9g: <em>\u201eAzt gondolom, hogy ez alapvet\u0151en egy j\u00f3 bar\u00e1ti \u00e9s \u00fczleti k\u00f6zeg, rengeteg kapcsol\u00f3d\u00e1ssal. <strong>Aki itt klubtag, az mindig sz\u00e1m\u00edthat a m\u00e1sikra. Nemcsak probl\u00e9ma eset\u00e9n, hanem \u00f6tletekkel is. Nagyon sokat tudunk egym\u00e1st\u00f3l tanulni<\/strong>.\u201d<\/em><\/p>\n\n\n\n<p><em> \u201eItt m\u00e1s a hangulat, oldottabb \u00e9s k\u00e9nyelmesebb. Mindig \u00faj \u00e9lm\u00e9nyeket lehet innen hazavinni. <strong>Minden este kicsit m\u00e1s, hiszen mindig vannak vend\u00e9g el\u0151ad\u00f3k \u00e9s \u0151k is mindig m\u00e1s energi\u00e1kat, gondolatokat adnak nek\u00fcnk. <\/strong>Mes\u00e9lnek a v\u00e1llalkoz\u00e1sukr\u00f3l, arr\u00f3l, ahogyan \u0151k megoldottak k\u00fcl\u00f6nb\u00f6z\u0151 feladatokat. Szerintem nagyon inspir\u00e1l\u00f3k, illetve a vacsora ut\u00e1ni k\u00f6z\u00f6s besz\u00e9lget\u00e9sek is rendk\u00edv\u00fcl \u00e9rdekesek.\u201d<\/em> \u2013 fogalmazta meg gondolatait arr\u00f3l, hogy miben m\u00e1s a Bizalmi K\u00f6r egy\u00e9b hasonl\u00f3 k\u00f6z\u00f6ss\u00e9gekhez k\u00e9pest, illetve milyen atmoszf\u00e9ra jellemez egy-egy klubvacsor\u00e1t.<\/p>\n\n\n\n<p> A klub eln\u00f6ke term\u00e9szetesen v\u00e1rja a csatlakoz\u00e1s ir\u00e1nt \u00e9rdekl\u0151d\u0151ket: <em>\u201eLegf\u0151k\u00e9pp olyan profil\u00fa c\u00e9gek vezet\u0151it v\u00e1rom, akik m\u00e9g nem k\u00e9pviseltetik magukat bent a klubban. \u00c1lljanak nyitottan egym\u00e1s fel\u00e9, bar\u00e1tkozzanak, legyenek energi\u00e1val tel\u00edtettek \u00e9s keress\u00e9k mindig az \u00faj lehet\u0151s\u00e9geket.\u201d<\/em><\/p>\n\n\n\n<p> A vend\u00e9gk\u00e9nt el\u0151sz\u00f6r \u00e9rkez\u0151k sz\u00e1m\u00e1ra pedig \u00edgy sz\u00f3l az \u00fczenete: <em>\u201e<strong>Biztosak lehetnek benne, hogy j\u00f3 helyre fognak j\u00f6nni.<\/strong> Ahogy bel\u00e9pnek az ajt\u00f3n, \u00e9rdekl\u0151d\u0151 t\u00e1rsakra fognak tal\u00e1lni, akik seg\u00edteni fognak nekik. Ha van benn\u00fck k\u00e9rd\u00e9s a v\u00e1llalkoz\u00e1suk kapcs\u00e1n, itt meg fogj\u00e1k kapni a sz\u00fcks\u00e9ges v\u00e1laszokat.\u201d<\/em><\/p>\n\n\n\n<div style=\"height:40px\" aria-hidden=\"true\" class=\"wp-block-spacer\"><\/div>\n\n\n\n<p><strong>Tarnai T\u00edmea<\/strong>, a <strong><a rel=\"noreferrer noopener\" aria-label=\"K\u00f3dguru Kft. (\u00faj f\u00fcl\u00f6n nyitja meg)\" href=\"https:\/\/kodguru.hu\/\" target=\"_blank\">K\u00f3dguru Kft.<\/a><\/strong> tulajdonosa, mint k\u00fcls\u0151 kapcsolatok\u00e9rt felel\u0151s eln\u00f6ks\u00e9gi tag igyekszik seg\u00edteni \u00e9s mindenben t\u00e1mogatni a Bizalmi K\u00f6r Kossuth klub eln\u00f6ks\u00e9g\u00e9nek munk\u00e1j\u00e1t.<\/p>\n\n\n\n<figure class=\"wp-block-image\"><img decoding=\"async\" src=\"https:\/\/bizalmikor.hu\/blog\/wp-content\/uploads\/2019\/04\/IMG_1445web-1024x683.jpg\" alt=\"\" class=\"wp-image-478\"\/><figcaption>Tarnai T\u00edmea, k\u00fcls\u0151 kapcsolatok\u00e9rt felel\u0151s eln\u00f6ks\u00e9gi tag<\/figcaption><\/figure>\n\n\n\n<p><em>\u201eAzt gondolom, hogy a bizalom az egyik legfontosabb \u00e9rt\u00e9k az \u00fczleti vil\u00e1gban. <\/em><\/p>\n\n\n\n<blockquote class=\"wp-block-quote is-layout-flow wp-block-quote-is-layout-flow\"><p><strong><em>A klubtagok k\u00f6zt kialakult bizalom adja ennek a remek k\u00f6z\u00f6ss\u00e9gnek is az erej\u00e9t.\u201d <\/em><\/strong><\/p><\/blockquote>\n\n\n\n<p>\u2013 fogalmazta meg a Bizalmi K\u00f6r legfontosabb \u00e9rt\u00e9k\u00e9t Tarnai T\u00edmea, a Kossuth Klub k\u00fcls\u0151 kapcsolatok\u00e9rt felel\u0151s eln\u00f6ks\u00e9gi tagja.<\/p>\n\n\n\n<p><strong><em>\u201eAbszol\u00fat kiemelend\u0151 az a fajta k\u00f6z\u00f6ss\u00e9gi er\u0151, az a szinergia, ami ebben a t\u00e1rsas\u00e1gban m\u0171k\u00f6dik. <\/em><\/strong><em>Ez\u00e9rt t\u00e1mogatom is minden fronton ennek a k\u00f6z\u00f6ss\u00e9gnek az \u00e9p\u00fcl\u00e9s\u00e9t. T\u00f6bb networking szervezetnek is a tagja voltam, illetve vagyok is, de az im\u00e9nt felsoroltak miatt ez a klub k\u00fcl\u00f6nb\u00f6zik a t\u00f6bbit\u0151l.\u201d<\/em><\/p>\n\n\n\n<p><em>\u201eKifejezetten kedvelem a <\/em><a rel=\"noreferrer noopener\" aria-label=\"Bizalmi Indexet (\u00faj f\u00fcl\u00f6n nyitja meg)\" href=\"https:\/\/bixindex.hu\/\" target=\"_blank\"><em>Bizalmi Indexet<\/em><\/a><em> is, ami val\u00f3s visszajelz\u00e9st ad arra vonatkoz\u00f3an, hogy a v\u00e1s\u00e1rl\u00f3k k\u00f6r\u00e9ben milyen bizalmi indexet birtokol a c\u00e9g. P\u00e1rtolom ezt a fajta ny\u00edlt, \u00e1tl\u00e1that\u00f3 \u00e9s bizalmon alapul\u00f3 m\u0171k\u00f6d\u00e9st, ami teljes m\u00e9rt\u00e9kben r\u00e1mutat arra, hogy \u00fczletfel\u00fcnknek mennyire tudunk \u00e9rt\u00e9ket adni.\u201d<\/em><\/p>\n\n\n\n<blockquote class=\"wp-block-quote is-layout-flow wp-block-quote-is-layout-flow\"><p><em><strong>\u201eEgy klubvacsora sz\u00e1momra mindig inspir\u00e1ci\u00f3t jelent. <\/strong><\/em><\/p><\/blockquote>\n\n\n\n<p><em>Ebben a k\u00f6zegben remek\u00fcl gyakorolhat\u00f3 \u00e9s fejleszthet\u0151 a tudatos vezet\u0151i magatart\u00e1s. Minden olyan vezet\u0151nek, aki keresi azt a fajta l\u00e9gk\u00f6rt, ahol <strong>kikapcsol\u00f3d\u00e1s mellett hat\u00e9konyan lehet fejl\u0151dni \u00e9s fejleszteni<\/strong>, annak itt a helye ebben az innovat\u00edv k\u00f6z\u00f6ss\u00e9gben.\u201d<\/em> \u2013 aj\u00e1nlotta a Bizalmi K\u00f6rt az \u00e9rdekl\u0151d\u0151k sz\u00e1m\u00e1ra Tarnai T\u00edmea, a Kossuth Klub k\u00fcls\u0151 kapcsolatok\u00e9rt felel\u0151s eln\u00f6ks\u00e9gi tagja.<\/p>\n\n\n\n<div style=\"height:40px\" aria-hidden=\"true\" class=\"wp-block-spacer\"><\/div>\n\n\n\n<p>A Bizalmi K\u00f6r Kossuth TOP Vezet\u0151i Klub eln\u00f6ks\u00e9g\u00e9n bel\u00fcl <strong>Bal\u00e1zs A. D\u00e1vid<\/strong>, a <strong><a rel=\"noreferrer noopener\" aria-label=\"Bizalmi K\u00f6r klubmenedzsere (\u00faj f\u00fcl\u00f6n nyitja meg)\" href=\"https:\/\/bizalmikor.hu\/\" target=\"_blank\">Bizalmi K\u00f6r klubmenedzsere<\/a><\/strong> felel a bels\u0151 kapcsolatok\u00e9rt.<\/p>\n\n\n\n<div class=\"wp-block-image\"><figure class=\"alignleft is-resized\"><img loading=\"lazy\" decoding=\"async\" src=\"https:\/\/bizalmikor.hu\/blog\/wp-content\/uploads\/2019\/04\/D\u00e1vid.jpg\" alt=\"\" class=\"wp-image-466\" width=\"311\" height=\"311\"\/><figcaption>Bal\u00e1zs A. D\u00e1vid, bels\u0151 kapcsolatok\u00e9rt felel\u0151s eln\u00f6ks\u00e9gi tag<\/figcaption><\/figure><\/div>\n\n\n\n<p><em>\u201eMindig is vezet\u0151k k\u00f6zt nevelkedtem, illetve tapasztalt vezet\u0151k mentor\u00e1ltak k\u00fcl\u00f6nf\u00e9le networking klubokon bel\u00fcl. Folyamatosan kerestem azokat a helyeket, ahol tanulhatok \u00e9s inspri\u00e1l\u00f3dhatok m\u00e1s vezet\u0151 beoszt\u00e1sban l\u00e9v\u0151 szem\u00e9lyekt\u0151l. Ez\u00e9rt volt sz\u00e1momra szimpatikus a Bizalmi K\u00f6r, \u00e9s ennek volt k\u00f6sz\u00f6nhet\u0151 a motiv\u00e1ci\u00f3m is a csatlakoz\u00e1sra.\u201d <\/em>\u2013 mes\u00e9lt a kezdeti l\u00e9p\u00e9sekr\u0151l Bal\u00e1zs A. D\u00e1vid, a Kossuth Klub bels\u0151 kapcsolatok\u00e9rt felel\u0151s eln\u00f6ks\u00e9gi tagja.<\/p>\n\n\n\n<p><em>\u201eRelev\u00e1ns k\u00fcl\u00f6nbs\u00e9g m\u00e1s networking jelleg\u0171 szervezetekhez k\u00e9pest, hogy <\/em><\/p>\n\n\n\n<blockquote class=\"wp-block-quote is-layout-flow wp-block-quote-is-layout-flow\"><p><em><strong>ez a k\u00f6zeg egy\u00e1ltal\u00e1n nem sales f\u00f3kusz\u00fa<\/strong>. <\/em><\/p><\/blockquote>\n\n\n\n<p><em><strong>Sokkal ink\u00e1bb defini\u00e1lhat\u00f3 egy vezet\u0151i klubk\u00e9nt, vagy tud\u00e1st megoszt\u00f3 platformk\u00e9nt.<\/strong> A c\u00e9gvezet\u0151k gyakran mag\u00e1nyosak, mert nincs lehet\u0151s\u00e9g\u00fck megosztani a probl\u00e9m\u00e1ikat sem a beosztottakkal, sem a csal\u00e1dtagokkal. \u00c9ppen ez\u00e9rt el\u0151szeretettel keresik egym\u00e1s t\u00e1rsas\u00e1g\u00e1t.\u201d<\/em><\/p>\n\n\n\n<p><em>\u201eA Bizalmi K\u00f6r\u00f6n bel\u00fcl egy olyan k\u00f6z\u00f6ss\u00e9g alakult ki, ahol a tagok szomjaznak a vezet\u0151k\u00e9nt val\u00f3 fejl\u0151d\u00e9sre \u00e9s megfelel\u0151 al\u00e1zattal viseltetnek egym\u00e1s ir\u00e1nt. <strong>Mindezt siker\u00fcl egy olyan bar\u00e1ti hangulattal megf\u0171szerezni, ami nagyon gyorsan hozz\u00e1j\u00e1rul a bizalom ki\u00e9p\u00fcl\u00e9s\u00e9hez, ez pedig mag\u00e1val hozza a hossz\u00fa t\u00e1v\u00fa \u00fczleti lehet\u0151s\u00e9gek kialakul\u00e1s\u00e1nak lehet\u0151s\u00e9g\u00e9t is.\u201d<\/strong><\/em><\/p>\n\n\n\n<p><em>\u201eV\u00e9lem\u00e9nyem szerint a csatlakoz\u00e1s ir\u00e1nt \u00e9rdekl\u0151d\u0151knek \u00e9rdemes venni\u00fck a b\u00e1tors\u00e1got \u00e9s elj\u00f6nni egy pr\u00f3bavacsor\u00e1ra. Itt nyitott emberek k\u00f6z\u00e9 j\u00f6nnek, ahol tanulhatnak \u00e9s inspir\u00e1l\u00f3dhatnak. Nagyon nehezen tudom elk\u00e9pzelni, hogy ez a k\u00f6zeg ne var\u00e1zsolja el \u0151ket, r\u00e1ad\u00e1sul az itt \u00f6sszegy\u0171lt tud\u00e1s \u00e9s kapcsolati t\u0151ke fantasztikus lehet\u0151s\u00e9geket rejt mag\u00e1ban.\u201d<\/em> \u2013 foglalta \u00f6ssze egy klubvacsora hangulat\u00e1t Bal\u00e1zs A. D\u00e1vid, a Kossuth klub bels\u0151 kapcsolatok\u00e9rt felel\u0151s eln\u00f6ks\u00e9gi tagja.<\/p>\n\n\n\n<hr class=\"wp-block-separator\"\/>\n\n\n\n<h1 class=\"has-text-align-center wp-block-heading\">Szeretn\u00e9l megismerkedni klubtagjainkkal? K\u00e9rj egy megh\u00edv\u00f3t!<\/h1>\n\n\n\n<div class=\"wp-block-button aligncenter\"><a class=\"wp-block-button__link has-background\" href=\"https:\/\/bizalmikor.hu\/kapcsolat\/\" style=\"background-color:#14496b\" target=\"_blank\" rel=\"noreferrer noopener\"><strong>\u00c9rdekel a Bizalmi K\u00f6r klubtags\u00e1g<\/strong><\/a><\/div>\n\n\n\n<hr class=\"wp-block-separator\"\/>\n","protected":false},"excerpt":{"rendered":"<p>Bemutatkozik a Bizalmi K\u00f6r Kossuth TOP Vezet\u0151i Klub eln\u00f6ks\u00e9ge<\/p>\n","protected":false},"author":1,"featured_media":458,"comment_status":"open","ping_status":"open","sticky":false,"template":"","format":"standard","meta":{"footnotes":""},"categories":[16,21],"tags":[13,17,18,19,20,22],"yoast_head":"<!-- This site is optimized with the Yoast SEO plugin v15.4 - https:\/\/yoast.com\/wordpress\/plugins\/seo\/ -->\n<title>Aki itt klubtag, az mindig sz\u00e1m\u00edthat a m\u00e1sikra<\/title>\n<meta name=\"robots\" content=\"index, follow, max-snippet:-1, max-image-preview:large, max-video-preview:-1\" \/>\n<link rel=\"canonical\" href=\"https:\/\/bizalmikor.hu\/blog\/2019\/04\/03\/aki-itt-klubtag-az-mindig-szamithat-a-masikra\/\" \/>\n<meta property=\"og:locale\" content=\"hu_HU\" \/>\n<meta property=\"og:type\" content=\"article\" \/>\n<meta property=\"og:title\" content=\"Aki itt klubtag, az mindig sz\u00e1m\u00edthat a m\u00e1sikra\" \/>\n<meta property=\"og:description\" content=\"Bemutatkozik a Bizalmi K\u00f6r Kossuth TOP Vezet\u0151i Klub eln\u00f6ks\u00e9ge\" \/>\n<meta property=\"og:url\" content=\"https:\/\/bizalmikor.hu\/blog\/2019\/04\/03\/aki-itt-klubtag-az-mindig-szamithat-a-masikra\/\" \/>\n<meta property=\"og:site_name\" content=\"Bizalmi K\u00f6r blog\" \/>\n<meta property=\"article:publisher\" content=\"https:\/\/www.facebook.com\/bizalmikor\" \/>\n<meta property=\"article:published_time\" content=\"2019-04-03T10:22:29+00:00\" \/>\n<meta property=\"article:modified_time\" content=\"2020-04-07T09:22:13+00:00\" \/>\n<meta property=\"og:image\" content=\"https:\/\/bizalmikor.hu\/blog\/wp-content\/uploads\/2019\/03\/challenge-connected-connecting-1268480-scaled.jpg\" \/>\n\t<meta property=\"og:image:width\" content=\"2560\" \/>\n\t<meta property=\"og:image:height\" content=\"1706\" \/>\n<meta name=\"twitter:card\" content=\"summary_large_image\" \/>\n<meta name=\"twitter:label1\" content=\"Szerz\u0151:\">\n\t<meta name=\"twitter:data1\" content=\"Syabolcs\">\n\t<meta name=\"twitter:label2\" content=\"Becs\u00fclt olvas\u00e1si id\u0151\">\n\t<meta name=\"twitter:data2\" content=\"6 perc\">\n<script type=\"application\/ld+json\" class=\"yoast-schema-graph\">{\"@context\":\"https:\/\/schema.org\",\"@graph\":[{\"@type\":\"Organization\",\"@id\":\"https:\/\/bizalmikor.hu\/blog\/#organization\",\"name\":\"Bizalmi K\\u00f6r Kft.\",\"url\":\"https:\/\/bizalmikor.hu\/blog\/\",\"sameAs\":[\"https:\/\/www.facebook.com\/bizalmikor\",\"https:\/\/www.instagram.com\/bizalmikor\/\",\"https:\/\/www.linkedin.com\/company\/19165894\",\"https:\/\/www.youtube.com\/channel\/UC7fAD3QCIWeSexU5t6F3YOw?view_as=subscriber\"],\"logo\":{\"@type\":\"ImageObject\",\"@id\":\"https:\/\/bizalmikor.hu\/blog\/#logo\",\"inLanguage\":\"hu\",\"url\":\"https:\/\/bizalmikor.hu\/blog\/wp-content\/uploads\/2019\/02\/Group-2.png\",\"width\":4033,\"height\":1192,\"caption\":\"Bizalmi K\\u00f6r Kft.\"},\"image\":{\"@id\":\"https:\/\/bizalmikor.hu\/blog\/#logo\"}},{\"@type\":\"WebSite\",\"@id\":\"https:\/\/bizalmikor.hu\/blog\/#website\",\"url\":\"https:\/\/bizalmikor.hu\/blog\/\",\"name\":\"Bizalmi K\\u00f6r blog\",\"description\":\"Egynek minden neh\\u00e9z, soknak semmi sem lehetetlen.\",\"publisher\":{\"@id\":\"https:\/\/bizalmikor.hu\/blog\/#organization\"},\"potentialAction\":[{\"@type\":\"SearchAction\",\"target\":\"https:\/\/bizalmikor.hu\/blog\/?s={search_term_string}\",\"query-input\":\"required name=search_term_string\"}],\"inLanguage\":\"hu\"},{\"@type\":\"ImageObject\",\"@id\":\"https:\/\/bizalmikor.hu\/blog\/2019\/04\/03\/aki-itt-klubtag-az-mindig-szamithat-a-masikra\/#primaryimage\",\"inLanguage\":\"hu\",\"url\":\"https:\/\/bizalmikor.hu\/blog\/wp-content\/uploads\/2019\/03\/challenge-connected-connecting-1268480-scaled.jpg\",\"width\":2560,\"height\":1706,\"caption\":\"\"},{\"@type\":\"WebPage\",\"@id\":\"https:\/\/bizalmikor.hu\/blog\/2019\/04\/03\/aki-itt-klubtag-az-mindig-szamithat-a-masikra\/#webpage\",\"url\":\"https:\/\/bizalmikor.hu\/blog\/2019\/04\/03\/aki-itt-klubtag-az-mindig-szamithat-a-masikra\/\",\"name\":\"Aki itt klubtag, az mindig sz\\u00e1m\\u00edthat a m\\u00e1sikra\",\"isPartOf\":{\"@id\":\"https:\/\/bizalmikor.hu\/blog\/#website\"},\"primaryImageOfPage\":{\"@id\":\"https:\/\/bizalmikor.hu\/blog\/2019\/04\/03\/aki-itt-klubtag-az-mindig-szamithat-a-masikra\/#primaryimage\"},\"datePublished\":\"2019-04-03T10:22:29+00:00\",\"dateModified\":\"2020-04-07T09:22:13+00:00\",\"inLanguage\":\"hu\",\"potentialAction\":[{\"@type\":\"ReadAction\",\"target\":[\"https:\/\/bizalmikor.hu\/blog\/2019\/04\/03\/aki-itt-klubtag-az-mindig-szamithat-a-masikra\/\"]}]},{\"@type\":\"Article\",\"@id\":\"https:\/\/bizalmikor.hu\/blog\/2019\/04\/03\/aki-itt-klubtag-az-mindig-szamithat-a-masikra\/#article\",\"isPartOf\":{\"@id\":\"https:\/\/bizalmikor.hu\/blog\/2019\/04\/03\/aki-itt-klubtag-az-mindig-szamithat-a-masikra\/#webpage\"},\"author\":{\"@id\":\"https:\/\/bizalmikor.hu\/blog\/#\/schema\/person\/859f22708daa3d571ea76934a3e7f8f0\"},\"headline\":\"Aki itt klubtag, az mindig sz\\u00e1m\\u00edthat a m\\u00e1sikra\",\"datePublished\":\"2019-04-03T10:22:29+00:00\",\"dateModified\":\"2020-04-07T09:22:13+00:00\",\"mainEntityOfPage\":{\"@id\":\"https:\/\/bizalmikor.hu\/blog\/2019\/04\/03\/aki-itt-klubtag-az-mindig-szamithat-a-masikra\/#webpage\"},\"commentCount\":0,\"publisher\":{\"@id\":\"https:\/\/bizalmikor.hu\/blog\/#organization\"},\"image\":{\"@id\":\"https:\/\/bizalmikor.hu\/blog\/2019\/04\/03\/aki-itt-klubtag-az-mindig-szamithat-a-masikra\/#primaryimage\"},\"keywords\":\"c\\u00e9gvezet\\u00e9s,networking,\\u00fczleti kapcsolat,\\u00fczleti klub,v\\u00e1llalkoz\\u00e1s,vezet\\u0151i klub\",\"articleSection\":\"V\\u00e1llalkoz\\u00e1s,Vezet\\u0151i klub\",\"inLanguage\":\"hu\",\"potentialAction\":[{\"@type\":\"CommentAction\",\"name\":\"Comment\",\"target\":[\"https:\/\/bizalmikor.hu\/blog\/2019\/04\/03\/aki-itt-klubtag-az-mindig-szamithat-a-masikra\/#respond\"]}]},{\"@type\":\"Person\",\"@id\":\"https:\/\/bizalmikor.hu\/blog\/#\/schema\/person\/859f22708daa3d571ea76934a3e7f8f0\",\"name\":\"Syabolcs\",\"image\":{\"@type\":\"ImageObject\",\"@id\":\"https:\/\/bizalmikor.hu\/blog\/#personlogo\",\"inLanguage\":\"hu\",\"url\":\"https:\/\/secure.gravatar.com\/avatar\/f4ca85b32c6aadd02a1bf459cf6a2cc7?s=96&d=mm&r=g\",\"caption\":\"Syabolcs\"}}]}<\/script>\n<!-- \/ Yoast SEO plugin. -->","_links":{"self":[{"href":"https:\/\/bizalmikor.hu\/blog\/wp-json\/wp\/v2\/posts\/531"}],"collection":[{"href":"https:\/\/bizalmikor.hu\/blog\/wp-json\/wp\/v2\/posts"}],"about":[{"href":"https:\/\/bizalmikor.hu\/blog\/wp-json\/wp\/v2\/types\/post"}],"author":[{"embeddable":true,"href":"https:\/\/bizalmikor.hu\/blog\/wp-json\/wp\/v2\/users\/1"}],"replies":[{"embeddable":true,"href":"https:\/\/bizalmikor.hu\/blog\/wp-json\/wp\/v2\/comments?post=531"}],"version-history":[{"count":2,"href":"https:\/\/bizalmikor.hu\/blog\/wp-json\/wp\/v2\/posts\/531\/revisions"}],"predecessor-version":[{"id":2085,"href":"https:\/\/bizalmikor.hu\/blog\/wp-json\/wp\/v2\/posts\/531\/revisions\/2085"}],"wp:featuredmedia":[{"embeddable":true,"href":"https:\/\/bizalmikor.hu\/blog\/wp-json\/wp\/v2\/media\/458"}],"wp:attachment":[{"href":"https:\/\/bizalmikor.hu\/blog\/wp-json\/wp\/v2\/media?parent=531"}],"wp:term":[{"taxonomy":"category","embeddable":true,"href":"https:\/\/bizalmikor.hu\/blog\/wp-json\/wp\/v2\/categories?post=531"},{"taxonomy":"post_tag","embeddable":true,"href":"https:\/\/bizalmikor.hu\/blog\/wp-json\/wp\/v2\/tags?post=531"}],"curies":[{"name":"wp","href":"https:\/\/api.w.org\/{rel}","templated":true}]}}