{"id":5523,"date":"2021-06-21T11:08:43","date_gmt":"2021-06-21T11:08:43","guid":{"rendered":"https:\/\/bizalmikor.hu\/blog\/?p=5523"},"modified":"2021-06-21T11:08:44","modified_gmt":"2021-06-21T11:08:44","slug":"lemezmegmunkalo-gepkereskedelem-komplex-szolgaltatascsomagban-tobb-evtizednyi-szakmai-multtal","status":"publish","type":"post","link":"https:\/\/bizalmikor.hu\/blog\/2021\/06\/21\/lemezmegmunkalo-gepkereskedelem-komplex-szolgaltatascsomagban-tobb-evtizednyi-szakmai-multtal\/","title":{"rendered":"Lemezmegmunk\u00e1l\u00f3 g\u00e9pkereskedelem komplex szolg\u00e1ltat\u00e1scsomagban, t\u00f6bb \u00e9vtizednyi szakmai m\u00falttal"},"content":{"rendered":"\n<p><strong>Pek\u00e1rik J\u00e1nos<\/strong>, a <strong><a href=\"https:\/\/pmtgep.hu\/\">PMT Szersz\u00e1mg\u00e9p Kft.<\/a><\/strong> tulajdonos\u00e1nak a szem\u00e9ly\u00e9ben nemr\u00e9giben \u00fajabb taggal b\u0151v\u00fclt a <strong>Bizalmi K\u00f6r<\/strong> vezet\u0151i k\u00f6z\u00f6ss\u00e9ge. A csatlakoz\u00e1s aprop\u00f3j\u00e1n J\u00e1nost\u00f3l is k\u00e9rt\u00fcnk egy instant bemutatkoz\u00e1st, hogy kicsit k\u00f6zelebbr\u0151l is megismerhess\u00e9tek \u0151t \u00e9s a v\u00e1llalkoz\u00e1s\u00e1t:<\/p>\n\n\n\n<p>\u201eLemezmegmunk\u00e1l\u00f3 \u00e9s alak\u00edt\u00f3 g\u00e9pek kereskedelm\u00e9vel, valamint a hozz\u00e1juk sz\u00fcks\u00e9ges szersz\u00e1mok \u00e9s alkatr\u00e9szek sz\u00e1ll\u00edt\u00e1s\u00e1val foglalkozunk. A szimpla kereskedelmen t\u00fal szint\u00e9n az \u00e1ltalunk ny\u00fajtott szolg\u00e1ltat\u00e1s r\u00e9sz\u00e9t k\u00e9pezi a szoftvercsomagok \u00e9rt\u00e9kes\u00edt\u00e9se, illetve a kapcsol\u00f3d\u00f3 szerviz tev\u00e9kenys\u00e9g.<\/p>\n\n\n\n<p>A lemezmegmunk\u00e1l\u00f3 \u00e9s f\u00e9mszerkezetgy\u00e1rt\u00f3 szakm\u00e1n bel\u00fcl eg\u00e9szen sz\u00e9les v\u00e1laszt\u00e9kban k\u00edn\u00e1lunk g\u00e9peket. M\u00e9ghozz\u00e1 a megrendel\u0151 \u00e1ltal k\u00e9rt lok\u00e1ci\u00f3ra lesz\u00e1ll\u00edtva, bemozgatva, telep\u00edtve, olajjal felt\u00f6ltve, \u00e9s \u00fczembe helyezve. Bemutatva, magyar nyelv\u0171 dokument\u00e1ci\u00f3val \u00e9s garanci\u00e1val adunk \u00e1t minden g\u00e9pet.<\/p>\n\n\n\n<p>Olyan vil\u00e1gszerte ismert \u00e9s piacvezet\u0151 m\u00e1rk\u00e1kat k\u00e9pvisel\u00fcnk, mint p\u00e9ld\u00e1ul a Mitsubishi, Adira, Vartek, Bendmak, Hidroliksan, Loyalmak, Cidan, Fresan, Great Dragon Machine, Mavijet, AMOB, Sigmatek, Wila, Gimec, Givi, Apollo, Kesmak.\u201d<\/p>\n\n\n\n<h2 class=\"wp-block-heading\"><strong>J\u00e1nos\u00e9k hazai viszonylatban egyed\u00fcl\u00e1ll\u00f3 szerv\u00edzcsapattal menedzselik a projekteket:<\/strong><\/h2>\n\n\n\n<p>\u201eHazai viszonylatban a lemezes ipar ter\u00fclet\u00e9n az egyik legnagyobb szervizg\u00e1rd\u00e1val rendelkez\u00fcnk. Tizenhat f\u0151s csapattal dolgozunk egy\u00e9bk\u00e9nt, ennek a fel\u00e9t teszi ki a szervizcsapatunk. Egy szervizvezet\u0151vel, egy szervizm\u00e9rn\u00f6kkel \u00e9s hat szerviztechnikussal.<\/p>\n\n\n\n<p>Fontos egy\u00e9bk\u00e9nt hozz\u00e1tenni a fentiekhez, hogy a felsoroltakon t\u00fal az \u00e1ltalunk forgalmazott szersz\u00e1mg\u00e9pekhez folyamatos alkatr\u00e9szell\u00e1t\u00e1st is biztos\u00edtunk.\u201d<\/p>\n\n\n\n<h2 class=\"wp-block-heading\"><strong>Elmond\u00e1sa szerint a szakma ir\u00e1nti elk\u00f6telezetts\u00e9ge \u00e9s motiv\u00e1ci\u00f3ja m\u00e9g az eg\u00e9szen extr\u00e9m helyzetek megold\u00e1s\u00e1ban is seg\u00edts\u00e9get jelentett:<\/strong><\/h2>\n\n\n\n<p>\u201eM\u00e9g 2000-ben kezdtem szersz\u00e1mg\u00e9p kereskedelemmel foglalkozni. El\u0151tte 1987 janu\u00e1rj\u00e1t\u00f3l gy\u00e1rt\u00f3 v\u00e1llalkoz\u00e1som volt, melynek keretei k\u00f6z\u00f6tt mez\u0151gazdas\u00e1gi g\u00e9peket gy\u00e1rtottunk \u00e9s lemezmegmunk\u00e1l\u00e1sban voltunk besz\u00e1ll\u00edt\u00f3k nyugat-eur\u00f3pai c\u00e9geknek.<\/p>\n\n\n\n<p>2000-ben viszont egy n\u00e9met c\u00e9g t\u00f6nkretett, ez\u00e9rt a null\u00e1r\u00f3l kellett \u00fajrakezdeni. Mivel a lemezmegmunk\u00e1l\u00e1sban volt nagy tapasztalatom, a gy\u00e1rt\u00e1s \u00fajra ind\u00edt\u00e1s\u00e1hoz viszont nem volt p\u00e9nzem, \u00edgy a kereskedelem t\u0171nt gyorsan beind\u00edthat\u00f3nak.<\/p>\n\n\n\n<p>A harmadik gyerek\u00fcnk akkor ment \u00f3vod\u00e1ba, \u00edgy a feles\u00e9gemnek is kellett munkahely. K\u00f6z\u00f6sen kezdt\u00fck el a szersz\u00e1mg\u00e9p kereskedelmet, mert \u0151 m\u00e1sutt a h\u00e1rom gyerek miatt nem kapott \u00e1ll\u00e1st. \u0150 a beszerz\u00e9st bonyol\u00edtotta, \u00e9n az \u00e9rt\u00e9kes\u00edt\u00e9st l\u00e1ttam el. Innen fejl\u0151dt\u00fcnk 15 \u00e9v alatt a mai szintre.<\/p>\n\n\n\n<p>A rendk\u00edv\u00fcli helyzeten t\u00fal az jelentett m\u00e9g motiv\u00e1ci\u00f3t, hogy nagyon elk\u00f6telezett vagyok a szakm\u00e1m ir\u00e1nt. Szeretek \u00fcgyfelekhez j\u00e1rni, szakmai k\u00e9rd\u00e9seket megoldani, \u00e9rt\u00e9kes\u00edteni.<\/p>\n\n\n\n<p>Ma m\u00e1r f\u0151 tulajdonos vagyok a c\u00e9gn\u00e9l, a vezet\u00e9st kett\u0151 \u00e9ve &#8211; amikor nyugd\u00edjas lettem &#8211;&nbsp; \u00e1tadtam egy fiatal koll\u00e9g\u00e1nak.\u201d<\/p>\n\n\n\n<h2 class=\"wp-block-heading\"><strong>J\u00e1nos mes\u00e9lt arr\u00f3l is, hogy a pand\u00e9mi\u00e1s helyzetnek betudhat\u00f3an mostans\u00e1g is kijut a szakmai kih\u00edv\u00e1sokb\u00f3l:<\/strong><\/h2>\n\n\n\n<p>\u201eA Covid-19 helyzet \u00e1ltal kiv\u00e1ltott gazdas\u00e1gi visszaes\u00e9s hat\u00e1sai a mi \u00e1gazatunkban egy\u00e9rtelm\u0171en \u00e9rz\u00e9kelhet\u0151k. Kevesebb a nagy beruh\u00e1z\u00e1s, ez\u00e9rt a g\u00e9pek ir\u00e1nti kereslet is visszaesett.<\/p>\n\n\n\n<p>Ezen fel\u00fcl nincsenek nagy ki\u00e1ll\u00edt\u00e1sok \u00e9s expok. \u00c9ppen ez\u00e9rt kicsit most mindenki a s\u00f6t\u00e9tben tapogat\u00f3zik az aktu\u00e1lis fejleszt\u00e9sekkel \u00e9s innovat\u00edv megold\u00e1sokkal kapcsolatban.\u201d<\/p>\n\n\n\n<h2 class=\"wp-block-heading\"><strong>J\u00e1nos szem\u00e9ly\u00e9ben ism\u00e9t egy szenved\u00e9lyes vitorl\u00e1z\u00f3t k\u00f6sz\u00f6nthet\u00fcnk, persze a szabadid\u0151 elt\u00f6lt\u00e9s\u00e9re m\u00e1s izgalmas praktik\u00e1k is vannak a tarsoly\u00e1ban:<\/strong><\/h2>\n\n\n\n<p>\u201eA felt\u00f6lt\u0151d\u00e9s egyik legfontosabb forr\u00e1sa a vitorl\u00e1z\u00e1s, rendk\u00edv\u00fcli m\u00f3don szeret\u00fcnk a v\u00edzen lenni, \u00e9s a lehet\u0151s\u00e9geimhez m\u00e9rten viszonylag sok id\u0151t is t\u00f6lt\u00f6k el \u00edgy az Adri\u00e1n, a F\u00f6ldk\u00f6zi tengeren. A vitorl\u00e1z\u00e1s mellett t\u00e9len s\u00edelek, ny\u00e1ron pedig motorozok.<\/p>\n\n\n\n<p>Ezen fel\u00fcl nagyon szeretek utazni, ez is egy f\u0151 hobbi. A feles\u00e9gemmel rengeteget megy\u00fcnk k\u00fclf\u00f6ldre. \u00c9ves viszonylatban nagyj\u00e1b\u00f3l t\u00edz alkalommal minimum elutazunk, ak\u00e1r szakmai utakra, ak\u00e1r mag\u00e1n utakra is.<\/p>\n\n\n\n<p>Eur\u00f3pa 25 orsz\u00e1g\u00e1ban j\u00e1rtunk m\u00e1r, k\u00f6zt\u00fck van olyan lok\u00e1ci\u00f3, ahol h\u00fasszor is. De sok hely\u00fctt fordultunk m\u00e1r meg a vil\u00e1gban, Indi\u00e1ban, Vietn\u00e1mban, Jap\u00e1nban, K\u00edn\u00e1ban, Egyiptomban \u00e9s T\u00f6r\u00f6korsz\u00e1gban is igen sokszor.\u201d<\/p>\n\n\n\n<hr class=\"wp-block-separator is-style-wide\"\/>\n\n\n\n<h1 class=\"has-text-align-center wp-block-heading\">Szeretn\u00e9l megismerkedni klubtagjainkkal? K\u00e9rj egy megh\u00edv\u00f3t!<\/h1>\n\n\n\n<div class=\"wp-block-buttons aligncenter is-layout-flex wp-block-buttons-is-layout-flex\">\n<div class=\"wp-block-button\"><a class=\"wp-block-button__link has-background\" href=\"https:\/\/bizalmikor.hu\/kapcsolat\/\" style=\"border-radius:1px;background-color:#8ec74c\" target=\"_blank\" rel=\"noreferrer noopener\">K\u00e9rek egy megh\u00edv\u00f3t!<\/a><\/div>\n<\/div>\n\n\n\n<hr class=\"wp-block-separator is-style-wide\"\/>\n\n\n\n<p><\/p>\n","protected":false},"excerpt":{"rendered":"<p>Pek\u00e1rik J\u00e1nos, a PMT Szersz\u00e1mg\u00e9p Kft. tulajdonos\u00e1nak a szem\u00e9ly\u00e9ben nemr\u00e9giben \u00fajabb taggal b\u0151v\u00fclt a Bizalmi K\u00f6r vezet\u0151i k\u00f6z\u00f6ss\u00e9ge. A csatlakoz\u00e1s aprop\u00f3j\u00e1n J\u00e1nost\u00f3l is k\u00e9rt\u00fcnk egy instant bemutatkoz\u00e1st, hogy kicsit k\u00f6zelebbr\u0151l is megismerhess\u00e9tek \u0151t \u00e9s a v\u00e1llalkoz\u00e1s\u00e1t: \u201eLemezmegmunk\u00e1l\u00f3 \u00e9s alak\u00edt\u00f3 g\u00e9pek kereskedelm\u00e9vel, valamint a hozz\u00e1juk sz\u00fcks\u00e9ges szersz\u00e1mok \u00e9s alkatr\u00e9szek sz\u00e1ll\u00edt\u00e1s\u00e1val foglalkozunk. A szimpla kereskedelmen t\u00fal szint\u00e9n [&hellip;]<\/p>\n","protected":false},"author":6,"featured_media":5527,"comment_status":"closed","ping_status":"open","sticky":false,"template":"","format":"standard","meta":{"footnotes":""},"categories":[23],"tags":[],"yoast_head":"<!-- This site is optimized with the Yoast SEO plugin v15.4 - https:\/\/yoast.com\/wordpress\/plugins\/seo\/ -->\n<title>Lemezmegmunk\u00e1l\u00f3 g\u00e9pkereskedelem, t\u00f6bb \u00e9vtizednyi szakmai m\u00falttal<\/title>\n<meta name=\"description\" content=\"\u201eA Covid-19 helyzet \u00e1ltal kiv\u00e1ltott gazdas\u00e1gi visszaes\u00e9s hat\u00e1sai a mi \u00e1gazatunkban egy\u00e9rtelm\u0171en \u00e9rz\u00e9kelhet\u0151k.&quot;\" \/>\n<meta name=\"robots\" content=\"index, follow, max-snippet:-1, max-image-preview:large, max-video-preview:-1\" \/>\n<link rel=\"canonical\" href=\"https:\/\/bizalmikor.hu\/blog\/2021\/06\/21\/lemezmegmunkalo-gepkereskedelem-komplex-szolgaltatascsomagban-tobb-evtizednyi-szakmai-multtal\/\" \/>\n<meta property=\"og:locale\" content=\"hu_HU\" \/>\n<meta property=\"og:type\" content=\"article\" \/>\n<meta property=\"og:title\" content=\"Lemezmegmunk\u00e1l\u00f3 g\u00e9pkereskedelem, t\u00f6bb \u00e9vtizednyi szakmai m\u00falttal\" \/>\n<meta property=\"og:description\" content=\"\u201eA Covid-19 helyzet \u00e1ltal kiv\u00e1ltott gazdas\u00e1gi visszaes\u00e9s hat\u00e1sai a mi \u00e1gazatunkban egy\u00e9rtelm\u0171en \u00e9rz\u00e9kelhet\u0151k.&quot;\" \/>\n<meta property=\"og:url\" content=\"https:\/\/bizalmikor.hu\/blog\/2021\/06\/21\/lemezmegmunkalo-gepkereskedelem-komplex-szolgaltatascsomagban-tobb-evtizednyi-szakmai-multtal\/\" \/>\n<meta property=\"og:site_name\" content=\"Bizalmi K\u00f6r blog\" \/>\n<meta property=\"article:publisher\" content=\"https:\/\/www.facebook.com\/bizalmikor\" \/>\n<meta property=\"article:published_time\" content=\"2021-06-21T11:08:43+00:00\" \/>\n<meta property=\"article:modified_time\" content=\"2021-06-21T11:08:44+00:00\" \/>\n<meta property=\"og:image\" content=\"https:\/\/bizalmikor.hu\/blog\/wp-content\/uploads\/2021\/06\/Pekarik_Janos-1024x959.jpg\" \/>\n\t<meta property=\"og:image:width\" content=\"1024\" \/>\n\t<meta property=\"og:image:height\" content=\"959\" \/>\n<meta name=\"twitter:card\" content=\"summary_large_image\" \/>\n<meta name=\"twitter:label1\" content=\"Szerz\u0151:\">\n\t<meta name=\"twitter:data1\" content=\"Kov\u00e1cs D\u00e1niel\">\n\t<meta name=\"twitter:label2\" content=\"Becs\u00fclt olvas\u00e1si id\u0151\">\n\t<meta name=\"twitter:data2\" content=\"3 perc\">\n<script type=\"application\/ld+json\" class=\"yoast-schema-graph\">{\"@context\":\"https:\/\/schema.org\",\"@graph\":[{\"@type\":\"Organization\",\"@id\":\"https:\/\/bizalmikor.hu\/blog\/#organization\",\"name\":\"Bizalmi K\\u00f6r Kft.\",\"url\":\"https:\/\/bizalmikor.hu\/blog\/\",\"sameAs\":[\"https:\/\/www.facebook.com\/bizalmikor\",\"https:\/\/www.instagram.com\/bizalmikor\/\",\"https:\/\/www.linkedin.com\/company\/19165894\",\"https:\/\/www.youtube.com\/channel\/UC7fAD3QCIWeSexU5t6F3YOw?view_as=subscriber\"],\"logo\":{\"@type\":\"ImageObject\",\"@id\":\"https:\/\/bizalmikor.hu\/blog\/#logo\",\"inLanguage\":\"hu\",\"url\":\"https:\/\/bizalmikor.hu\/blog\/wp-content\/uploads\/2019\/02\/Group-2.png\",\"width\":4033,\"height\":1192,\"caption\":\"Bizalmi K\\u00f6r Kft.\"},\"image\":{\"@id\":\"https:\/\/bizalmikor.hu\/blog\/#logo\"}},{\"@type\":\"WebSite\",\"@id\":\"https:\/\/bizalmikor.hu\/blog\/#website\",\"url\":\"https:\/\/bizalmikor.hu\/blog\/\",\"name\":\"Bizalmi K\\u00f6r blog\",\"description\":\"Egynek minden neh\\u00e9z, soknak semmi sem lehetetlen.\",\"publisher\":{\"@id\":\"https:\/\/bizalmikor.hu\/blog\/#organization\"},\"potentialAction\":[{\"@type\":\"SearchAction\",\"target\":\"https:\/\/bizalmikor.hu\/blog\/?s={search_term_string}\",\"query-input\":\"required name=search_term_string\"}],\"inLanguage\":\"hu\"},{\"@type\":\"ImageObject\",\"@id\":\"https:\/\/bizalmikor.hu\/blog\/2021\/06\/21\/lemezmegmunkalo-gepkereskedelem-komplex-szolgaltatascsomagban-tobb-evtizednyi-szakmai-multtal\/#primaryimage\",\"inLanguage\":\"hu\",\"url\":\"https:\/\/bizalmikor.hu\/blog\/wp-content\/uploads\/2021\/06\/Pekarik_Janos.jpg\",\"width\":1602,\"height\":1500},{\"@type\":\"WebPage\",\"@id\":\"https:\/\/bizalmikor.hu\/blog\/2021\/06\/21\/lemezmegmunkalo-gepkereskedelem-komplex-szolgaltatascsomagban-tobb-evtizednyi-szakmai-multtal\/#webpage\",\"url\":\"https:\/\/bizalmikor.hu\/blog\/2021\/06\/21\/lemezmegmunkalo-gepkereskedelem-komplex-szolgaltatascsomagban-tobb-evtizednyi-szakmai-multtal\/\",\"name\":\"Lemezmegmunk\\u00e1l\\u00f3 g\\u00e9pkereskedelem, t\\u00f6bb \\u00e9vtizednyi szakmai m\\u00falttal\",\"isPartOf\":{\"@id\":\"https:\/\/bizalmikor.hu\/blog\/#website\"},\"primaryImageOfPage\":{\"@id\":\"https:\/\/bizalmikor.hu\/blog\/2021\/06\/21\/lemezmegmunkalo-gepkereskedelem-komplex-szolgaltatascsomagban-tobb-evtizednyi-szakmai-multtal\/#primaryimage\"},\"datePublished\":\"2021-06-21T11:08:43+00:00\",\"dateModified\":\"2021-06-21T11:08:44+00:00\",\"description\":\"\\u201eA Covid-19 helyzet \\u00e1ltal kiv\\u00e1ltott gazdas\\u00e1gi visszaes\\u00e9s hat\\u00e1sai a mi \\u00e1gazatunkban egy\\u00e9rtelm\\u0171en \\u00e9rz\\u00e9kelhet\\u0151k.\\\"\",\"inLanguage\":\"hu\",\"potentialAction\":[{\"@type\":\"ReadAction\",\"target\":[\"https:\/\/bizalmikor.hu\/blog\/2021\/06\/21\/lemezmegmunkalo-gepkereskedelem-komplex-szolgaltatascsomagban-tobb-evtizednyi-szakmai-multtal\/\"]}]},{\"@type\":\"Article\",\"@id\":\"https:\/\/bizalmikor.hu\/blog\/2021\/06\/21\/lemezmegmunkalo-gepkereskedelem-komplex-szolgaltatascsomagban-tobb-evtizednyi-szakmai-multtal\/#article\",\"isPartOf\":{\"@id\":\"https:\/\/bizalmikor.hu\/blog\/2021\/06\/21\/lemezmegmunkalo-gepkereskedelem-komplex-szolgaltatascsomagban-tobb-evtizednyi-szakmai-multtal\/#webpage\"},\"author\":{\"@id\":\"https:\/\/bizalmikor.hu\/blog\/#\/schema\/person\/d48fd5a86cd7b719ff423ad6a892c47c\"},\"headline\":\"Lemezmegmunk\\u00e1l\\u00f3 g\\u00e9pkereskedelem komplex szolg\\u00e1ltat\\u00e1scsomagban, t\\u00f6bb \\u00e9vtizednyi szakmai m\\u00falttal\",\"datePublished\":\"2021-06-21T11:08:43+00:00\",\"dateModified\":\"2021-06-21T11:08:44+00:00\",\"mainEntityOfPage\":{\"@id\":\"https:\/\/bizalmikor.hu\/blog\/2021\/06\/21\/lemezmegmunkalo-gepkereskedelem-komplex-szolgaltatascsomagban-tobb-evtizednyi-szakmai-multtal\/#webpage\"},\"publisher\":{\"@id\":\"https:\/\/bizalmikor.hu\/blog\/#organization\"},\"image\":{\"@id\":\"https:\/\/bizalmikor.hu\/blog\/2021\/06\/21\/lemezmegmunkalo-gepkereskedelem-komplex-szolgaltatascsomagban-tobb-evtizednyi-szakmai-multtal\/#primaryimage\"},\"articleSection\":\"Klubtagok bemutat\\u00e1sa\",\"inLanguage\":\"hu\"},{\"@type\":\"Person\",\"@id\":\"https:\/\/bizalmikor.hu\/blog\/#\/schema\/person\/d48fd5a86cd7b719ff423ad6a892c47c\",\"name\":\"Kov\\u00e1cs D\\u00e1niel\",\"image\":{\"@type\":\"ImageObject\",\"@id\":\"https:\/\/bizalmikor.hu\/blog\/#personlogo\",\"inLanguage\":\"hu\",\"url\":\"https:\/\/secure.gravatar.com\/avatar\/47d716fe03040c0eeabaaae8b662c6b9?s=96&d=mm&r=g\",\"caption\":\"Kov\\u00e1cs D\\u00e1niel\"}}]}<\/script>\n<!-- \/ Yoast SEO plugin. -->","_links":{"self":[{"href":"https:\/\/bizalmikor.hu\/blog\/wp-json\/wp\/v2\/posts\/5523"}],"collection":[{"href":"https:\/\/bizalmikor.hu\/blog\/wp-json\/wp\/v2\/posts"}],"about":[{"href":"https:\/\/bizalmikor.hu\/blog\/wp-json\/wp\/v2\/types\/post"}],"author":[{"embeddable":true,"href":"https:\/\/bizalmikor.hu\/blog\/wp-json\/wp\/v2\/users\/6"}],"replies":[{"embeddable":true,"href":"https:\/\/bizalmikor.hu\/blog\/wp-json\/wp\/v2\/comments?post=5523"}],"version-history":[{"count":1,"href":"https:\/\/bizalmikor.hu\/blog\/wp-json\/wp\/v2\/posts\/5523\/revisions"}],"predecessor-version":[{"id":5524,"href":"https:\/\/bizalmikor.hu\/blog\/wp-json\/wp\/v2\/posts\/5523\/revisions\/5524"}],"wp:featuredmedia":[{"embeddable":true,"href":"https:\/\/bizalmikor.hu\/blog\/wp-json\/wp\/v2\/media\/5527"}],"wp:attachment":[{"href":"https:\/\/bizalmikor.hu\/blog\/wp-json\/wp\/v2\/media?parent=5523"}],"wp:term":[{"taxonomy":"category","embeddable":true,"href":"https:\/\/bizalmikor.hu\/blog\/wp-json\/wp\/v2\/categories?post=5523"},{"taxonomy":"post_tag","embeddable":true,"href":"https:\/\/bizalmikor.hu\/blog\/wp-json\/wp\/v2\/tags?post=5523"}],"curies":[{"name":"wp","href":"https:\/\/api.w.org\/{rel}","templated":true}]}}