{"id":5534,"date":"2021-06-22T09:11:22","date_gmt":"2021-06-22T09:11:22","guid":{"rendered":"https:\/\/bizalmikor.hu\/blog\/?p=5534"},"modified":"2021-06-22T09:11:22","modified_gmt":"2021-06-22T09:11:22","slug":"okos-adatokkal-a-megalapozott-vallalati-dontesekhez","status":"publish","type":"post","link":"https:\/\/bizalmikor.hu\/blog\/2021\/06\/22\/okos-adatokkal-a-megalapozott-vallalati-dontesekhez\/","title":{"rendered":"Okos adatokkal a megalapozott v\u00e1llalati d\u00f6nt\u00e9sekhez"},"content":{"rendered":"\n<p><strong>Boros Gy\u00f6rgy<\/strong> szem\u00e9ly\u00e9ben a <strong><a href=\"https:\/\/www.bisnode.hu\/\">Bisnode Magyarorsz\u00e1g Kft.<\/a><\/strong> magyarorsz\u00e1gi menedzsmentj\u00e9nek az egyik tagj\u00e1t, illetve a c\u00e9g \u00e9rt\u00e9kes\u00edt\u00e9si vezet\u0151j\u00e9t k\u00f6sz\u00f6nthetj\u00fck ez\u00fattal a <strong>Bizalmi K\u00f6r <\/strong>vezet\u0151i klubj\u00e1nak \u00faj csatlakoz\u00f3k\u00e9nt.<\/p>\n\n\n\n<p>A Bisnode neve sokatok sz\u00e1m\u00e1ra ismer\u0151sen csenghet, ett\u0151l f\u00fcggetlen\u00fcl a Gy\u00f6rggyel folytatott bemutatkoz\u00f3 interj\u00fa keretei k\u00f6z\u00f6tt ennek a kit\u00e1rgyal\u00e1s\u00e1t sem hagytuk ki a napirendb\u0151l:<\/p>\n\n\n\n<p>\u201eAlapvet\u0151en c\u00e9ginform\u00e1ci\u00f3s szolg\u00e1ltat\u00f3k\u00e9nt seg\u00edtj\u00fck a hazai v\u00e1llalkoz\u00e1sokat. A p\u00e9nz\u00fcgyi kock\u00e1zatoptimaliz\u00e1l\u00e1s, valamint az \u00faj \u00fcgyfelek \u00e9s c\u00e9lpiacok felt\u00e1r\u00e1sa els\u0151dleges c\u00e9l partnereink sz\u00e1m\u00e1ra.&nbsp;<\/p>\n\n\n\n<p>Az \u00e1ltalunk biztos\u00edtott inform\u00e1ci\u00f3k a megfelel\u0151 \u00fczleti d\u00f6nt\u00e9sek meghoz\u00e1s\u00e1hoz seg\u00edtenek hozz\u00e1. K\u00f6zponti \u00e9rt\u00e9k\u00fcnk az okos adat biztos\u00edt\u00e1sa, illetve az ezen alapul\u00f3 d\u00f6nt\u00e9shozatal t\u00e1mogat\u00e1sa.&nbsp;<\/p>\n\n\n\n<p>Ebben a form\u00e1ban igyeksz\u00fcnk seg\u00edteni a magyar v\u00e1llalkoz\u00e1sokat az el\u0151re l\u00e9p\u00e9sben, hiszen a megfelel\u0151 inform\u00e1ci\u00f3 rendelkez\u00e9sre \u00e1ll\u00e1sa, t\u00f6bbek k\u00f6z\u00f6tt a besz\u00e1ll\u00edt\u00f3k \u00e9s partnerek kiv\u00e1laszt\u00e1s\u00e1ban is esszenci\u00e1lis t\u00e9nyez\u0151 lehet.\u201d<\/p>\n\n\n\n<h2 class=\"wp-block-heading\"><strong>Gy\u00f6rgy r\u00f6viden mes\u00e9lt a csapatr\u00f3l, illetve az \u00fcgyfelek kiszolg\u00e1l\u00e1s\u00e1nak a m\u00f3dj\u00e1r\u00f3l is:<\/strong><\/h2>\n\n\n\n<p>\u201eA hazai \u00e9s a k\u00fclf\u00f6ldi piacot c\u00e9lz\u00f3 v\u00e1llalkoz\u00e1soknak egyar\u00e1nt tudunk seg\u00edteni abban, hogy val\u00f3ban min\u0151s\u00e9gi adatokra t\u00e1maszkodva hozzanak d\u00f6nt\u00e9seket. T\u00f6bbek k\u00f6z\u00f6tt rendelkez\u00e9s\u00fcnkre \u00e1ll egy fejlett min\u0151s\u00edt\u00e9si rendszer, amely a bed\u0151l\u00e9si val\u00f3sz\u00edn\u0171s\u00e9g, valamint a fizet\u00e9si hajland\u00f3s\u00e1g tekintet\u00e9ben is hasznos inform\u00e1ci\u00f3kkal szolg\u00e1l.<\/p>\n\n\n\n<p>Egy 75 f\u0151s, magyarorsz\u00e1gi csapattal szolg\u00e1ljuk ki a partnereinket a budapesti irod\u00e1nkb\u00f3l.<\/p>\n\n\n\n<h2 class=\"wp-block-heading\"><strong>A Bisnode ut\u00e1n Gy\u00f6rgyre \u00e9s az \u0151 szakmai m\u00faltj\u00e1ra terel\u0151d\u00f6tt a besz\u00e9lget\u00e9s\u00fcnk:<\/strong><\/h2>\n\n\n\n<p>\u201e\u00c9rt\u00e9kes\u00edt\u00e9ssel foglalkozom ami\u00f3ta kiestem az iskolapadb\u00f3l. A v\u00e9gzetts\u00e9gemet tekintve informatikus m\u00e9rn\u00f6k vagyok \u00e9s ehhez kapcsol\u00f3d\u00f3an m\u0171szaki \u00e9rt\u00e9kes\u00edt\u0151k\u00e9nt kezdtem a p\u00e1lyafut\u00e1somat. F\u0151k\u00e9nt IT \u00e9s Telko szektorban dolgoztam kor\u00e1bban.&nbsp;&nbsp;<\/p>\n\n\n\n<p>A szakmai tapasztalat kialakul\u00e1s\u00e1val elkezdtem \u00e9lvezni az \u00e9rt\u00e9kes\u00edt\u00e9si ter\u00fcletet, mely jelent\u0151sen felgyors\u00edtotta a fejl\u0151d\u00e9semet. Az ut\u00f3bbi h\u00e9t \u00e9vben azonban vezet\u0151k\u00e9nt ir\u00e1ny\u00edtok csapatokat \u00e9s vagyok hat\u00e1ssal a piacra.\u201d&nbsp;<\/p>\n\n\n\n<h2 class=\"wp-block-heading\"><strong>A Bisnode \u00e9let\u00e9ben komoly v\u00e1ltoz\u00e1s t\u00f6rt\u00e9nt 2021-ben, a vele j\u00e1r\u00f3 kih\u00edv\u00e1sokat Gy\u00f6rgy a k\u00f6vetkez\u0151k\u00e9pp ecsetelte a sz\u00e1munkra:<\/strong><\/h2>\n\n\n\n<p>\u201eAz idei \u00e9v egyik fontos m\u00e9rf\u00f6ldk\u00f6ve, hogy az igen nagy m\u00faltra visszatekint\u0151 amerikai Dun &amp; Bradstreet v\u00e1llalatcsoport r\u00e9sz\u00e9v\u00e9 v\u00e1ltunk. A v\u00e1lt\u00e1s nem csak brand-ben \u00e9s arculatban, hanem a glob\u00e1lis lefedetts\u00e9gben is er\u0151s szerepet j\u00e1tszik, melyet az \u00fcgyf\u00e9lel\u00e9gedetts\u00e9g jav\u00e1ra tudunk ford\u00edtani. Ez az, ami \u00faj \u00e9s komplex projekt most az \u00e9let\u00fcnkben.<\/p>\n\n\n\n<p>Folyamatosan dolgozunk azon, hogy kell\u0151k\u00e9ppen t\u00e1j\u00e9koztassuk ennek a r\u00e9szleteir\u0151l az \u00fcgyfeleinket, valamint megismertess\u00fck meg\u00fajult m\u00e1rk\u00e1nkat a piacon.\u201d<\/p>\n\n\n\n<h2 class=\"wp-block-heading\"><strong>A Bisnode, illetve a vezet\u0151i teend\u0151k mellett persze id\u0151r\u0151l id\u0151re jut kapacit\u00e1s egyr\u00e9szt az \u00f6nfejleszt\u00e9sre, m\u00e1sr\u00e9szt a felt\u00f6lt\u0151d\u00e9sre is:<\/strong><\/h2>\n\n\n\n<p>\u201eA fejl\u0151d\u00e9st k\u00e9t ir\u00e1nyb\u00f3l k\u00f6zel\u00edtem meg. Fejlesztek m\u00e1sokat \u00e9s fejlesztem \u00f6nmagam, hiszem, hogy ez a sikeres kombin\u00e1ci\u00f3. Kor\u00e1bban oktattam konzultat\u00edv \u00e9rt\u00e9kes\u00edt\u00e9st \u00e9s szerveztem t\u00e1rgyal\u00e1stechnikai k\u00f6z\u00f6ss\u00e9gi csoportokat. Term\u00e9szetesen \u00e9n is ig\u00e9nybe veszek t\u00e1mogat\u00e1st. Ennek jegy\u00e9ben hosszabb ideig management coach seg\u00edtette fejl\u0151d\u00e9semet.&nbsp;<\/p>\n\n\n\n<p>A felt\u00f6lt\u0151d\u00e9s jegy\u00e9ben pedig olvasok \u00e9s teniszezek, tov\u00e1bb\u00e1 focizn\u00e9k is sz\u00edvesen, ha a k\u00f6r\u00fclm\u00e9nyek megengedn\u00e9k. B\u00edzom benne, hogy az ut\u00f3bbi nemsok\u00e1ra pozit\u00edv ir\u00e1nyban v\u00e1ltozik.\u201d<\/p>\n\n\n\n<hr class=\"wp-block-separator is-style-wide\"\/>\n\n\n\n<h1 class=\"has-text-align-center wp-block-heading\">Szeretn\u00e9l megismerkedni klubtagjainkkal? K\u00e9rj egy megh\u00edv\u00f3t!<\/h1>\n\n\n\n<div class=\"wp-block-button aligncenter\"><a class=\"wp-block-button__link has-background\" href=\"https:\/\/bizalmikor.hu\/kapcsolat\/\" style=\"background-color:#14496b\" target=\"_blank\" rel=\"noreferrer noopener\"><strong>\u00c9rdekel a Bizalmi K\u00f6r klubtags\u00e1g<\/strong><\/a><\/div>\n\n\n\n<hr class=\"wp-block-separator is-style-wide\"\/>\n","protected":false},"excerpt":{"rendered":"<p>Boros Gy\u00f6rgy szem\u00e9ly\u00e9ben a Bisnode Magyarorsz\u00e1g Kft. magyarorsz\u00e1gi menedzsmentj\u00e9nek az egyik tagj\u00e1t, illetve a c\u00e9g \u00e9rt\u00e9kes\u00edt\u00e9si vezet\u0151j\u00e9t k\u00f6sz\u00f6nthetj\u00fck ez\u00fattal a Bizalmi K\u00f6r vezet\u0151i klubj\u00e1nak \u00faj csatlakoz\u00f3k\u00e9nt. A Bisnode neve sokatok sz\u00e1m\u00e1ra ismer\u0151sen csenghet, ett\u0151l f\u00fcggetlen\u00fcl a Gy\u00f6rggyel folytatott bemutatkoz\u00f3 interj\u00fa keretei k\u00f6z\u00f6tt ennek a kit\u00e1rgyal\u00e1s\u00e1t sem hagytuk ki a napirendb\u0151l: \u201eAlapvet\u0151en c\u00e9ginform\u00e1ci\u00f3s szolg\u00e1ltat\u00f3k\u00e9nt seg\u00edtj\u00fck a [&hellip;]<\/p>\n","protected":false},"author":6,"featured_media":5536,"comment_status":"closed","ping_status":"open","sticky":false,"template":"","format":"standard","meta":{"footnotes":""},"categories":[23],"tags":[],"yoast_head":"<!-- This site is optimized with the Yoast SEO plugin v15.4 - https:\/\/yoast.com\/wordpress\/plugins\/seo\/ -->\n<title>Okos adatokkal a megalapozott v\u00e1llalati d\u00f6nt\u00e9sekhez<\/title>\n<meta name=\"description\" content=\"Az \u00e1ltalunk biztos\u00edtott inform\u00e1ci\u00f3k a megfelel\u0151 \u00fczleti d\u00f6nt\u00e9sek meghoz\u00e1s\u00e1hoz seg\u00edtenek hozz\u00e1. K\u00f6zponti \u00e9rt\u00e9k\u00fcnk az...\" \/>\n<meta name=\"robots\" content=\"index, follow, max-snippet:-1, max-image-preview:large, max-video-preview:-1\" \/>\n<link rel=\"canonical\" href=\"https:\/\/bizalmikor.hu\/blog\/2021\/06\/22\/okos-adatokkal-a-megalapozott-vallalati-dontesekhez\/\" \/>\n<meta property=\"og:locale\" content=\"hu_HU\" \/>\n<meta property=\"og:type\" content=\"article\" \/>\n<meta property=\"og:title\" content=\"Okos adatokkal a megalapozott v\u00e1llalati d\u00f6nt\u00e9sekhez\" \/>\n<meta property=\"og:description\" content=\"Az \u00e1ltalunk biztos\u00edtott inform\u00e1ci\u00f3k a megfelel\u0151 \u00fczleti d\u00f6nt\u00e9sek meghoz\u00e1s\u00e1hoz seg\u00edtenek hozz\u00e1. K\u00f6zponti \u00e9rt\u00e9k\u00fcnk az...\" \/>\n<meta property=\"og:url\" content=\"https:\/\/bizalmikor.hu\/blog\/2021\/06\/22\/okos-adatokkal-a-megalapozott-vallalati-dontesekhez\/\" \/>\n<meta property=\"og:site_name\" content=\"Bizalmi K\u00f6r blog\" \/>\n<meta property=\"article:publisher\" content=\"https:\/\/www.facebook.com\/bizalmikor\" \/>\n<meta property=\"article:published_time\" content=\"2021-06-22T09:11:22+00:00\" \/>\n<meta property=\"og:image\" content=\"https:\/\/bizalmikor.hu\/blog\/wp-content\/uploads\/2021\/06\/Bisnode.jpg\" \/>\n\t<meta property=\"og:image:width\" content=\"1918\" \/>\n\t<meta property=\"og:image:height\" content=\"1436\" \/>\n<meta name=\"twitter:card\" content=\"summary_large_image\" \/>\n<meta name=\"twitter:label1\" content=\"Szerz\u0151:\">\n\t<meta name=\"twitter:data1\" content=\"Kov\u00e1cs D\u00e1niel\">\n\t<meta name=\"twitter:label2\" content=\"Becs\u00fclt olvas\u00e1si id\u0151\">\n\t<meta name=\"twitter:data2\" content=\"3 perc\">\n<script type=\"application\/ld+json\" class=\"yoast-schema-graph\">{\"@context\":\"https:\/\/schema.org\",\"@graph\":[{\"@type\":\"Organization\",\"@id\":\"https:\/\/bizalmikor.hu\/blog\/#organization\",\"name\":\"Bizalmi K\\u00f6r Kft.\",\"url\":\"https:\/\/bizalmikor.hu\/blog\/\",\"sameAs\":[\"https:\/\/www.facebook.com\/bizalmikor\",\"https:\/\/www.instagram.com\/bizalmikor\/\",\"https:\/\/www.linkedin.com\/company\/19165894\",\"https:\/\/www.youtube.com\/channel\/UC7fAD3QCIWeSexU5t6F3YOw?view_as=subscriber\"],\"logo\":{\"@type\":\"ImageObject\",\"@id\":\"https:\/\/bizalmikor.hu\/blog\/#logo\",\"inLanguage\":\"hu\",\"url\":\"https:\/\/bizalmikor.hu\/blog\/wp-content\/uploads\/2019\/02\/Group-2.png\",\"width\":4033,\"height\":1192,\"caption\":\"Bizalmi K\\u00f6r Kft.\"},\"image\":{\"@id\":\"https:\/\/bizalmikor.hu\/blog\/#logo\"}},{\"@type\":\"WebSite\",\"@id\":\"https:\/\/bizalmikor.hu\/blog\/#website\",\"url\":\"https:\/\/bizalmikor.hu\/blog\/\",\"name\":\"Bizalmi K\\u00f6r blog\",\"description\":\"Egynek minden neh\\u00e9z, soknak semmi sem lehetetlen.\",\"publisher\":{\"@id\":\"https:\/\/bizalmikor.hu\/blog\/#organization\"},\"potentialAction\":[{\"@type\":\"SearchAction\",\"target\":\"https:\/\/bizalmikor.hu\/blog\/?s={search_term_string}\",\"query-input\":\"required name=search_term_string\"}],\"inLanguage\":\"hu\"},{\"@type\":\"ImageObject\",\"@id\":\"https:\/\/bizalmikor.hu\/blog\/2021\/06\/22\/okos-adatokkal-a-megalapozott-vallalati-dontesekhez\/#primaryimage\",\"inLanguage\":\"hu\",\"url\":\"https:\/\/bizalmikor.hu\/blog\/wp-content\/uploads\/2021\/06\/Bisnode.jpg\",\"width\":1918,\"height\":1436},{\"@type\":\"WebPage\",\"@id\":\"https:\/\/bizalmikor.hu\/blog\/2021\/06\/22\/okos-adatokkal-a-megalapozott-vallalati-dontesekhez\/#webpage\",\"url\":\"https:\/\/bizalmikor.hu\/blog\/2021\/06\/22\/okos-adatokkal-a-megalapozott-vallalati-dontesekhez\/\",\"name\":\"Okos adatokkal a megalapozott v\\u00e1llalati d\\u00f6nt\\u00e9sekhez\",\"isPartOf\":{\"@id\":\"https:\/\/bizalmikor.hu\/blog\/#website\"},\"primaryImageOfPage\":{\"@id\":\"https:\/\/bizalmikor.hu\/blog\/2021\/06\/22\/okos-adatokkal-a-megalapozott-vallalati-dontesekhez\/#primaryimage\"},\"datePublished\":\"2021-06-22T09:11:22+00:00\",\"dateModified\":\"2021-06-22T09:11:22+00:00\",\"description\":\"Az \\u00e1ltalunk biztos\\u00edtott inform\\u00e1ci\\u00f3k a megfelel\\u0151 \\u00fczleti d\\u00f6nt\\u00e9sek meghoz\\u00e1s\\u00e1hoz seg\\u00edtenek hozz\\u00e1. K\\u00f6zponti \\u00e9rt\\u00e9k\\u00fcnk az...\",\"inLanguage\":\"hu\",\"potentialAction\":[{\"@type\":\"ReadAction\",\"target\":[\"https:\/\/bizalmikor.hu\/blog\/2021\/06\/22\/okos-adatokkal-a-megalapozott-vallalati-dontesekhez\/\"]}]},{\"@type\":\"Article\",\"@id\":\"https:\/\/bizalmikor.hu\/blog\/2021\/06\/22\/okos-adatokkal-a-megalapozott-vallalati-dontesekhez\/#article\",\"isPartOf\":{\"@id\":\"https:\/\/bizalmikor.hu\/blog\/2021\/06\/22\/okos-adatokkal-a-megalapozott-vallalati-dontesekhez\/#webpage\"},\"author\":{\"@id\":\"https:\/\/bizalmikor.hu\/blog\/#\/schema\/person\/d48fd5a86cd7b719ff423ad6a892c47c\"},\"headline\":\"Okos adatokkal a megalapozott v\\u00e1llalati d\\u00f6nt\\u00e9sekhez\",\"datePublished\":\"2021-06-22T09:11:22+00:00\",\"dateModified\":\"2021-06-22T09:11:22+00:00\",\"mainEntityOfPage\":{\"@id\":\"https:\/\/bizalmikor.hu\/blog\/2021\/06\/22\/okos-adatokkal-a-megalapozott-vallalati-dontesekhez\/#webpage\"},\"publisher\":{\"@id\":\"https:\/\/bizalmikor.hu\/blog\/#organization\"},\"image\":{\"@id\":\"https:\/\/bizalmikor.hu\/blog\/2021\/06\/22\/okos-adatokkal-a-megalapozott-vallalati-dontesekhez\/#primaryimage\"},\"articleSection\":\"Klubtagok bemutat\\u00e1sa\",\"inLanguage\":\"hu\"},{\"@type\":\"Person\",\"@id\":\"https:\/\/bizalmikor.hu\/blog\/#\/schema\/person\/d48fd5a86cd7b719ff423ad6a892c47c\",\"name\":\"Kov\\u00e1cs D\\u00e1niel\",\"image\":{\"@type\":\"ImageObject\",\"@id\":\"https:\/\/bizalmikor.hu\/blog\/#personlogo\",\"inLanguage\":\"hu\",\"url\":\"https:\/\/secure.gravatar.com\/avatar\/47d716fe03040c0eeabaaae8b662c6b9?s=96&d=mm&r=g\",\"caption\":\"Kov\\u00e1cs D\\u00e1niel\"}}]}<\/script>\n<!-- \/ Yoast SEO plugin. -->","_links":{"self":[{"href":"https:\/\/bizalmikor.hu\/blog\/wp-json\/wp\/v2\/posts\/5534"}],"collection":[{"href":"https:\/\/bizalmikor.hu\/blog\/wp-json\/wp\/v2\/posts"}],"about":[{"href":"https:\/\/bizalmikor.hu\/blog\/wp-json\/wp\/v2\/types\/post"}],"author":[{"embeddable":true,"href":"https:\/\/bizalmikor.hu\/blog\/wp-json\/wp\/v2\/users\/6"}],"replies":[{"embeddable":true,"href":"https:\/\/bizalmikor.hu\/blog\/wp-json\/wp\/v2\/comments?post=5534"}],"version-history":[{"count":1,"href":"https:\/\/bizalmikor.hu\/blog\/wp-json\/wp\/v2\/posts\/5534\/revisions"}],"predecessor-version":[{"id":5537,"href":"https:\/\/bizalmikor.hu\/blog\/wp-json\/wp\/v2\/posts\/5534\/revisions\/5537"}],"wp:featuredmedia":[{"embeddable":true,"href":"https:\/\/bizalmikor.hu\/blog\/wp-json\/wp\/v2\/media\/5536"}],"wp:attachment":[{"href":"https:\/\/bizalmikor.hu\/blog\/wp-json\/wp\/v2\/media?parent=5534"}],"wp:term":[{"taxonomy":"category","embeddable":true,"href":"https:\/\/bizalmikor.hu\/blog\/wp-json\/wp\/v2\/categories?post=5534"},{"taxonomy":"post_tag","embeddable":true,"href":"https:\/\/bizalmikor.hu\/blog\/wp-json\/wp\/v2\/tags?post=5534"}],"curies":[{"name":"wp","href":"https:\/\/api.w.org\/{rel}","templated":true}]}}