{"id":5555,"date":"2021-06-27T17:00:34","date_gmt":"2021-06-27T17:00:34","guid":{"rendered":"https:\/\/bizalmikor.hu\/blog\/?p=5555"},"modified":"2021-06-22T12:42:00","modified_gmt":"2021-06-22T12:42:00","slug":"be-first-be-unique-be-different","status":"publish","type":"post","link":"https:\/\/bizalmikor.hu\/blog\/2021\/06\/27\/be-first-be-unique-be-different\/","title":{"rendered":"\u201eBe first! Be unique! Be different!\u201d"},"content":{"rendered":"\n<p><strong>M\u00e1trahegyi P\u00e9ter<\/strong>r\u0151l, a <strong><a href=\"https:\/\/hatasreklam.hu\/\">HAT\u00c1S REKL\u00c1MST\u00daDI\u00d3 Kft.<\/a> tulajdonos<\/strong>\u00e1r\u00f3l olvashattok ebben a bejegyz\u00e9sben. P\u00e9ter szem\u00e9ly\u00e9ben ugyanis \u00fajabb taggal b\u0151v\u00fclt a <strong>Bizalmi K\u00f6r vezet\u0151i csapata<\/strong>, a cikkben pedig nemcsak r\u00f3la, hanem a v\u00e1llalkoz\u00e1s\u00e1r\u00f3l is \u00e9rdekess\u00e9geket tal\u00e1ltok:<\/p>\n\n\n\n<p>\u201eN\u00e9vjegyk\u00e1rty\u00e1kat, c\u00e9gt\u00e1bl\u00e1kat, z\u00e1szl\u00f3kat \u00e9s dekor\u00e1ci\u00f3kat is k\u00e9sz\u00edt\u00fcnk a megb\u00edz\u00f3inknak.&nbsp; Legink\u00e1bb abban k\u00fcl\u00f6nb\u00f6z\u00fcnk m\u00e1s piaci szerepl\u0151kt\u0151l, hogy elej\u00e9t\u0151l a v\u00e9g\u00e9ig jelen vagyunk a folyamatban.&nbsp;<\/p>\n\n\n\n<p>Vagyis \u201eend to end\u201d szolg\u00e1ltat\u00e1st ny\u00fajtva takar\u00edtunk meg nem kev\u00e9s id\u0151t, energi\u00e1t \u00e9s p\u00e9nzt a minket v\u00e1laszt\u00f3 partnereknek. Merthogy vel\u00fcnk dolgozva nem sz\u00fcks\u00e9ges k\u00fcl\u00f6n marketing tan\u00e1csad\u00f3val, grafikussal, nyomd\u00e1val \u00e9s webfejleszt\u0151vel tartani a kapcsolatot.<\/p>\n\n\n\n<p>Komplexen menedzselj\u00fck az \u00fcgyfeleink online megjelen\u00e9s\u00e9t, ig\u00e9ny szerint az offline arculati elemekkel egy\u00fctt.\u201d<\/p>\n\n\n\n<h2 class=\"wp-block-heading\"><strong>P\u00e9ter\u00e9k nem ak\u00e1rmilyen projekteket vittek v\u00e9gig sikerrel az \u00e9vek alatt, m\u00e1r csak olvasni is rendk\u00edv\u00fcl izgalmas r\u00f3luk:<\/strong><\/h2>\n\n\n\n<p>\u201eOrsz\u00e1gos szinten szolg\u00e1ljuk ki az \u00fcgyfeleinket, t\u00f6bbek k\u00f6z\u00f6tt olyan megb\u00edz\u00f3kat magunk mellett tudva, mint p\u00e9ld\u00e1ul a COOP Szolnok Zrt., Z\u00f6ld Ker Kft., a Hajd\u00fa Coop Zrt., a Heineken vagy a M\u00c1V.<\/p>\n\n\n\n<p>A kis \u00e9s k\u00f6z\u00e9pv\u00e1llalati szektorb\u00f3l is sz\u00e1mos partnerrel dolgozunk egy\u00fctt, k\u00f6zt\u00fck \u00e9ttermekkel, hotelekkel, keresked\u0151 \u00e9s gy\u00e1rt\u00f3 feladatokat v\u00e9gz\u0151 v\u00e1llalkoz\u00e1sokkal. Mindezen fel\u00fcl b\u00fcszk\u00e9k vagyunk r\u00e1, hogy a K\u00f6z\u00e9p Eur\u00f3pai t\u00e9rs\u00e9g els\u0151 Aston Martin szalonj\u00e1t is az \u00fcgyfeleink k\u00f6z\u00f6tt tudhatjuk.<\/p>\n\n\n\n<p>Dekor\u00e1ltunk m\u00e1r haj\u00f3t, rep\u00fcl\u0151t, szem\u00e9lyg\u00e9pkocsit, motorbiciklit \u00e9s ker\u00e9kp\u00e1rt is. A Penny Market megb\u00edz\u00e1s\u00e1b\u00f3l m\u00e1sf\u00e9l h\u00f3nap alatt hatvan kamiont dekor\u00e1ltunk fel n\u00e9h\u00e1ny \u00e9vvel ezel\u0151tt, de t\u00f6bbek k\u00f6z\u00f6tt egy \u00f3ri\u00e1si szurkol\u00f3i z\u00e1szl\u00f3t is k\u00e9sz\u00edtett\u00fcnk m\u00e1r a pekingi olimpi\u00e1ra.\u201d<\/p>\n\n\n\n<h2 class=\"wp-block-heading\"><strong>Term\u00e9szetesen a kezdetekr\u0151l, illetve az organikus fejl\u0151d\u00e9sr\u0151l is \u00e9rdekl\u0151dt\u00fcnk P\u00e9tern\u00e9l:<\/strong><\/h2>\n\n\n\n<p>\u201eImm\u00e1ron huszonhat \u00e9ve annak, hogy egy k\u00f6nyvel\u0151iroda t\u00e1rs c\u00e9gek\u00e9nt elkezdt\u00fck a tev\u00e9kenys\u00e9g\u00fcnket. Sz\u00e9p sorban \u00e9rkeztek az \u00fajabb \u00e9s \u00fajabb megkeres\u00e9sek, term\u00e9szetesen a kih\u00edv\u00e1sokkal egy\u00fctt.<\/p>\n\n\n\n<p>Min\u00e9l t\u00f6bb g\u00e9pre \u00e9s munkat\u00e1rsra volt sz\u00fcks\u00e9g\u00fcnk, \u00edgy sz\u00e9p sorban n\u0151tt\u00fck ki a sz\u00e9khelyeinket. Egy 2007-es \u00e9s 2016-os k\u00f6lt\u00f6z\u00e9st k\u00f6vet\u0151en tavaly v\u00e9gre be tudott \u00e9rni a megfesz\u00edtett er\u0151fesz\u00edt\u00e9seink gy\u00fcm\u00f6lcse.<\/p>\n\n\n\n<p>Vagyis a komplex v\u00e1llalkoz\u00e1s, a gy\u00e1rt\u00e1ssal egyetemben egyazon helyre k\u00f6lt\u00f6zhetett, m\u00e9ghozz\u00e1 Szolnokon az E\u00f6tv\u00f6s t\u00e9r 2. sz\u00e1m al\u00e1. Ez nem ak\u00e1rmilyen m\u00e9rf\u00f6ldk\u0151nek sz\u00e1m\u00edt a c\u00e9g \u00e9let\u00e9ben.\u201d<\/p>\n\n\n\n<h2 class=\"wp-block-heading\"><strong>Szok\u00e1s szerint az aktu\u00e1lis kih\u00edv\u00e1sok, illetve a nagyobb m\u00e9rf\u00f6ldk\u00f6vek \u00e9s v\u00e1ltoz\u00e1sok is sz\u00f3ba ker\u00fcltek a besz\u00e9lget\u00e9s sor\u00e1n:<\/strong><\/h2>\n\n\n\n<p>\u201eA k\u00f6lt\u00f6z\u00e9s term\u00e9szetesen nagy pozit\u00edvum, ugyanakkor a Covid-19 helyzet okozott n\u00e9mi visszaes\u00e9st az \u00fczletmenet\u00fcnkben. Persze igyekezt\u00fcnk reag\u00e1lni a kialakult szitu\u00e1ci\u00f3ra, kidolgozva egy term\u00e9kcsoportot maszkkal, plexi elv\u00e1laszt\u00f3fallal, padl\u00f3matric\u00e1kkal.<\/p>\n\n\n\n<p>Szerencs\u00e9snek mondhatom magam, hiszen motiv\u00e1lt, lelkes \u00e9s felk\u00e9sz\u00fclt csapattal dolgozhatok egy\u00fctt. Meggy\u0151z\u0151d\u00e9sem, hogy a k\u00f6z\u00f6s c\u00e9lok hat\u00e1s\u00e1ra \u00e9p\u00fclhet ak\u00e1r egy c\u00e9g, ak\u00e1r egy csapat.<\/p>\n\n\n\n<p>\u201eBe first! Be unique! Be different!\u201d \u2013 ezt a jelmondatot fogalmaztuk meg k\u00f6z\u00f6sen magunknak.\u201d<\/p>\n\n\n\n<h2 class=\"wp-block-heading\"><strong>P\u00e9ternek az interj\u00fa v\u00e9g\u00e9re is maradt \u00e9rdekes gondolata, m\u00e9gpedig a szabadid\u0151 \u00e9s felt\u00f6lt\u0151d\u00e9s t\u00e9mak\u00f6r kapcs\u00e1n:<\/strong><\/h2>\n\n\n\n<p>\u201eEgyr\u00e9szt ker\u00e9kp\u00e1roz\u00e1ssal, a m\u00e1sik nagy szerelmem pedig a veter\u00e1n aut\u00f3k. Mindezen fel\u00fcl a szakmai fejl\u0151d\u00e9s, illetve az idegennyelvek is fontos szerepet t\u00f6ltenek be az \u00e9letemben. \u00dagy gondolom, hogy sokkal ink\u00e1bb \u00e9lm\u00e9nyeket kellene v\u00e1s\u00e1rolnunk a t\u00e1rgyak helyett.\u201d<\/p>\n\n\n\n<hr class=\"wp-block-separator is-style-wide\"\/>\n\n\n\n<h1 class=\"has-text-align-center wp-block-heading\">Szeretn\u00e9l megismerkedni klubtagjainkkal? K\u00e9rj egy megh\u00edv\u00f3t!<\/h1>\n\n\n\n<div class=\"wp-block-button aligncenter\"><a class=\"wp-block-button__link has-background\" href=\"https:\/\/bizalmikor.hu\/kapcsolat\/\" style=\"background-color:#14496b\" target=\"_blank\" rel=\"noreferrer noopener\"><strong>\u00c9rdekel a Bizalmi K\u00f6r klubtags\u00e1g<\/strong><\/a><\/div>\n\n\n\n<hr class=\"wp-block-separator is-style-wide\"\/>\n","protected":false},"excerpt":{"rendered":"<p>M\u00e1trahegyi P\u00e9terr\u0151l, a HAT\u00c1S REKL\u00c1MST\u00daDI\u00d3 Kft. tulajdonos\u00e1r\u00f3l olvashattok ebben a bejegyz\u00e9sben. P\u00e9ter szem\u00e9ly\u00e9ben ugyanis \u00fajabb taggal b\u0151v\u00fclt a Bizalmi K\u00f6r vezet\u0151i csapata, a cikkben pedig nemcsak r\u00f3la, hanem a v\u00e1llalkoz\u00e1s\u00e1r\u00f3l is \u00e9rdekess\u00e9geket tal\u00e1ltok: \u201eN\u00e9vjegyk\u00e1rty\u00e1kat, c\u00e9gt\u00e1bl\u00e1kat, z\u00e1szl\u00f3kat \u00e9s dekor\u00e1ci\u00f3kat is k\u00e9sz\u00edt\u00fcnk a megb\u00edz\u00f3inknak.&nbsp; Legink\u00e1bb abban k\u00fcl\u00f6nb\u00f6z\u00fcnk m\u00e1s piaci szerepl\u0151kt\u0151l, hogy elej\u00e9t\u0151l a v\u00e9g\u00e9ig jelen vagyunk a [&hellip;]<\/p>\n","protected":false},"author":6,"featured_media":5556,"comment_status":"closed","ping_status":"open","sticky":false,"template":"","format":"standard","meta":{"footnotes":""},"categories":[23],"tags":[],"yoast_head":"<!-- This site is optimized with the Yoast SEO plugin v15.4 - https:\/\/yoast.com\/wordpress\/plugins\/seo\/ -->\n<title>Be first! Be unique! Be different!<\/title>\n<meta name=\"description\" content=\"Szerencs\u00e9snek mondhatom magam, hiszen motiv\u00e1lt, lelkes \u00e9s felk\u00e9sz\u00fclt csapattal dolgozhatok egy\u00fctt. Meggy\u0151z\u0151d\u00e9sem, hogy a...\" \/>\n<meta name=\"robots\" content=\"index, follow, max-snippet:-1, max-image-preview:large, max-video-preview:-1\" \/>\n<link rel=\"canonical\" href=\"https:\/\/bizalmikor.hu\/blog\/2021\/06\/27\/be-first-be-unique-be-different\/\" \/>\n<meta property=\"og:locale\" content=\"hu_HU\" \/>\n<meta property=\"og:type\" content=\"article\" \/>\n<meta property=\"og:title\" content=\"Be first! Be unique! Be different!\" \/>\n<meta property=\"og:description\" content=\"Szerencs\u00e9snek mondhatom magam, hiszen motiv\u00e1lt, lelkes \u00e9s felk\u00e9sz\u00fclt csapattal dolgozhatok egy\u00fctt. Meggy\u0151z\u0151d\u00e9sem, hogy a...\" \/>\n<meta property=\"og:url\" content=\"https:\/\/bizalmikor.hu\/blog\/2021\/06\/27\/be-first-be-unique-be-different\/\" \/>\n<meta property=\"og:site_name\" content=\"Bizalmi K\u00f6r blog\" \/>\n<meta property=\"article:publisher\" content=\"https:\/\/www.facebook.com\/bizalmikor\" \/>\n<meta property=\"article:published_time\" content=\"2021-06-27T17:00:34+00:00\" \/>\n<meta property=\"article:modified_time\" content=\"2021-06-22T12:42:00+00:00\" \/>\n<meta property=\"og:image\" content=\"https:\/\/bizalmikor.hu\/blog\/wp-content\/uploads\/2021\/06\/Matrahegyi_peter-scaled.jpg\" \/>\n\t<meta property=\"og:image:width\" content=\"2560\" \/>\n\t<meta property=\"og:image:height\" content=\"1707\" \/>\n<meta name=\"twitter:card\" content=\"summary_large_image\" \/>\n<meta name=\"twitter:label1\" content=\"Szerz\u0151:\">\n\t<meta name=\"twitter:data1\" content=\"Kov\u00e1cs D\u00e1niel\">\n\t<meta name=\"twitter:label2\" content=\"Becs\u00fclt olvas\u00e1si id\u0151\">\n\t<meta name=\"twitter:data2\" content=\"3 perc\">\n<script type=\"application\/ld+json\" class=\"yoast-schema-graph\">{\"@context\":\"https:\/\/schema.org\",\"@graph\":[{\"@type\":\"Organization\",\"@id\":\"https:\/\/bizalmikor.hu\/blog\/#organization\",\"name\":\"Bizalmi K\\u00f6r Kft.\",\"url\":\"https:\/\/bizalmikor.hu\/blog\/\",\"sameAs\":[\"https:\/\/www.facebook.com\/bizalmikor\",\"https:\/\/www.instagram.com\/bizalmikor\/\",\"https:\/\/www.linkedin.com\/company\/19165894\",\"https:\/\/www.youtube.com\/channel\/UC7fAD3QCIWeSexU5t6F3YOw?view_as=subscriber\"],\"logo\":{\"@type\":\"ImageObject\",\"@id\":\"https:\/\/bizalmikor.hu\/blog\/#logo\",\"inLanguage\":\"hu\",\"url\":\"https:\/\/bizalmikor.hu\/blog\/wp-content\/uploads\/2019\/02\/Group-2.png\",\"width\":4033,\"height\":1192,\"caption\":\"Bizalmi K\\u00f6r Kft.\"},\"image\":{\"@id\":\"https:\/\/bizalmikor.hu\/blog\/#logo\"}},{\"@type\":\"WebSite\",\"@id\":\"https:\/\/bizalmikor.hu\/blog\/#website\",\"url\":\"https:\/\/bizalmikor.hu\/blog\/\",\"name\":\"Bizalmi K\\u00f6r blog\",\"description\":\"Egynek minden neh\\u00e9z, soknak semmi sem lehetetlen.\",\"publisher\":{\"@id\":\"https:\/\/bizalmikor.hu\/blog\/#organization\"},\"potentialAction\":[{\"@type\":\"SearchAction\",\"target\":\"https:\/\/bizalmikor.hu\/blog\/?s={search_term_string}\",\"query-input\":\"required name=search_term_string\"}],\"inLanguage\":\"hu\"},{\"@type\":\"ImageObject\",\"@id\":\"https:\/\/bizalmikor.hu\/blog\/2021\/06\/27\/be-first-be-unique-be-different\/#primaryimage\",\"inLanguage\":\"hu\",\"url\":\"https:\/\/bizalmikor.hu\/blog\/wp-content\/uploads\/2021\/06\/Matrahegyi_peter-scaled.jpg\",\"width\":2560,\"height\":1707},{\"@type\":\"WebPage\",\"@id\":\"https:\/\/bizalmikor.hu\/blog\/2021\/06\/27\/be-first-be-unique-be-different\/#webpage\",\"url\":\"https:\/\/bizalmikor.hu\/blog\/2021\/06\/27\/be-first-be-unique-be-different\/\",\"name\":\"Be first! Be unique! Be different!\",\"isPartOf\":{\"@id\":\"https:\/\/bizalmikor.hu\/blog\/#website\"},\"primaryImageOfPage\":{\"@id\":\"https:\/\/bizalmikor.hu\/blog\/2021\/06\/27\/be-first-be-unique-be-different\/#primaryimage\"},\"datePublished\":\"2021-06-27T17:00:34+00:00\",\"dateModified\":\"2021-06-22T12:42:00+00:00\",\"description\":\"Szerencs\\u00e9snek mondhatom magam, hiszen motiv\\u00e1lt, lelkes \\u00e9s felk\\u00e9sz\\u00fclt csapattal dolgozhatok egy\\u00fctt. Meggy\\u0151z\\u0151d\\u00e9sem, hogy a...\",\"inLanguage\":\"hu\",\"potentialAction\":[{\"@type\":\"ReadAction\",\"target\":[\"https:\/\/bizalmikor.hu\/blog\/2021\/06\/27\/be-first-be-unique-be-different\/\"]}]},{\"@type\":\"Article\",\"@id\":\"https:\/\/bizalmikor.hu\/blog\/2021\/06\/27\/be-first-be-unique-be-different\/#article\",\"isPartOf\":{\"@id\":\"https:\/\/bizalmikor.hu\/blog\/2021\/06\/27\/be-first-be-unique-be-different\/#webpage\"},\"author\":{\"@id\":\"https:\/\/bizalmikor.hu\/blog\/#\/schema\/person\/d48fd5a86cd7b719ff423ad6a892c47c\"},\"headline\":\"\\u201eBe first! Be unique! Be different!\\u201d\",\"datePublished\":\"2021-06-27T17:00:34+00:00\",\"dateModified\":\"2021-06-22T12:42:00+00:00\",\"mainEntityOfPage\":{\"@id\":\"https:\/\/bizalmikor.hu\/blog\/2021\/06\/27\/be-first-be-unique-be-different\/#webpage\"},\"publisher\":{\"@id\":\"https:\/\/bizalmikor.hu\/blog\/#organization\"},\"image\":{\"@id\":\"https:\/\/bizalmikor.hu\/blog\/2021\/06\/27\/be-first-be-unique-be-different\/#primaryimage\"},\"articleSection\":\"Klubtagok bemutat\\u00e1sa\",\"inLanguage\":\"hu\"},{\"@type\":\"Person\",\"@id\":\"https:\/\/bizalmikor.hu\/blog\/#\/schema\/person\/d48fd5a86cd7b719ff423ad6a892c47c\",\"name\":\"Kov\\u00e1cs D\\u00e1niel\",\"image\":{\"@type\":\"ImageObject\",\"@id\":\"https:\/\/bizalmikor.hu\/blog\/#personlogo\",\"inLanguage\":\"hu\",\"url\":\"https:\/\/secure.gravatar.com\/avatar\/47d716fe03040c0eeabaaae8b662c6b9?s=96&d=mm&r=g\",\"caption\":\"Kov\\u00e1cs D\\u00e1niel\"}}]}<\/script>\n<!-- \/ Yoast SEO plugin. -->","_links":{"self":[{"href":"https:\/\/bizalmikor.hu\/blog\/wp-json\/wp\/v2\/posts\/5555"}],"collection":[{"href":"https:\/\/bizalmikor.hu\/blog\/wp-json\/wp\/v2\/posts"}],"about":[{"href":"https:\/\/bizalmikor.hu\/blog\/wp-json\/wp\/v2\/types\/post"}],"author":[{"embeddable":true,"href":"https:\/\/bizalmikor.hu\/blog\/wp-json\/wp\/v2\/users\/6"}],"replies":[{"embeddable":true,"href":"https:\/\/bizalmikor.hu\/blog\/wp-json\/wp\/v2\/comments?post=5555"}],"version-history":[{"count":2,"href":"https:\/\/bizalmikor.hu\/blog\/wp-json\/wp\/v2\/posts\/5555\/revisions"}],"predecessor-version":[{"id":5558,"href":"https:\/\/bizalmikor.hu\/blog\/wp-json\/wp\/v2\/posts\/5555\/revisions\/5558"}],"wp:featuredmedia":[{"embeddable":true,"href":"https:\/\/bizalmikor.hu\/blog\/wp-json\/wp\/v2\/media\/5556"}],"wp:attachment":[{"href":"https:\/\/bizalmikor.hu\/blog\/wp-json\/wp\/v2\/media?parent=5555"}],"wp:term":[{"taxonomy":"category","embeddable":true,"href":"https:\/\/bizalmikor.hu\/blog\/wp-json\/wp\/v2\/categories?post=5555"},{"taxonomy":"post_tag","embeddable":true,"href":"https:\/\/bizalmikor.hu\/blog\/wp-json\/wp\/v2\/tags?post=5555"}],"curies":[{"name":"wp","href":"https:\/\/api.w.org\/{rel}","templated":true}]}}